{"id":1356,"date":"2026-04-23T14:23:44","date_gmt":"2026-04-23T11:23:44","guid":{"rendered":"https:\/\/izglitiba.valmierasnovads.lv\/buratino\/?p=1356"},"modified":"2026-04-27T13:41:27","modified_gmt":"2026-04-27T10:41:27","slug":"kad-melodija-satiekas-ar-soli-zem-zilam-debesim-aicinam-uz-sadziedasanos-dziesma-deja-ierakstita","status":"publish","type":"post","link":"https:\/\/izglitiba.valmierasnovads.lv\/buratino\/2026\/04\/23\/kad-melodija-satiekas-ar-soli-zem-zilam-debesim-aicinam-uz-sadziedasanos-dziesma-deja-ierakstita\/","title":{"rendered":"Aicin\u0101m uz sadzied\u0101\u0161anos &#8220;Dziesma dej\u0101 ierakst\u012bta&#8221;!"},"content":{"rendered":"\n<p>M\u012b\u013cie vec\u0101ki, vecvec\u0101ki, draugi un atbalst\u012bt\u0101ji! Kad melodija satiekas ar soli zem zil\u0101m debes\u012bm!<\/p>\n\n\n\n<p>M\u0113dz teikt, ka tad, kad v\u0101rdu k\u013c\u016bst par maz, m\u0113s s\u0101kam dzied\u0101t, bet, kad ar dziesmu nepietiek \u2013 m\u0113s s\u0101kam dejot. \u0160opavasar esam nol\u0113mu\u0161i apvienot \u0161\u012bs abas br\u012bni\u0161\u0137\u012bg\u0101s pasaules vien\u0101 sirsn\u012bg\u0101 kop\u0101 b\u016b\u0161anas notikum\u0101 <strong>turpat pie mums \u2013 iest\u0101des \u0101ra sporta laukum\u0101<\/strong>, kur melodija satiekas ar soli zem zil\u0101m debes\u012bm!<\/p>\n\n\n\n<p>Ar lielu prieku aicin\u0101m J\u016bs uz sadzied\u0101\u0161an\u0101s pas\u0101kumu <strong>&#8220;Dziesma dej\u0101 ierakst\u012bta&#8221;<\/strong>, kas norisin\u0101sies <strong>8. maij\u0101 plkst. 16.30<\/strong>.<\/p>\n\n\n\n<h3 class=\"wp-block-heading\">Kas m\u016bs sagaida?<\/h3>\n\n\n\n<p>\u0160is neb\u016bs parasts koncerts. T\u0101 b\u016bs ma\u0123iska p\u0113cpusdiena br\u012bv\u0101 dab\u0101, kur\u0101 uz vienas skatuves un vien\u0101 ritm\u0101 satiksies vair\u0101kas paaudzes un m\u016bsu kopienas sirdssp\u0113ki:<\/p>\n\n\n\n<ul class=\"wp-block-list\">\n<li><strong>M\u016bsu mazie m\u0101kslinieki<\/strong> \u2013 b\u0113rni, kuru neviltotais prieks un skan\u012bg\u0101s balsis pieskandin\u0101s visu apkaimi;<\/li>\n\n\n\n<li><strong>Drosm\u012bgie un talant\u012bgie vec\u0101ki<\/strong>, kuri r\u0101d\u012bs piem\u0113ru, ka dziesmai nav vecuma ierobe\u017eojumu;<\/li>\n\n\n\n<li><strong>Rado\u0161ie darbinieki<\/strong>, kuri ikdienas r\u016bpes nomain\u012bs pret sv\u0113tku ska\u0146\u0101m.<\/li>\n<\/ul>\n\n\n\n<h3 class=\"wp-block-heading\">K\u0101p\u0113c atn\u0101kt?<\/h3>\n\n\n\n<p>M\u0113s ticam, ka kop\u012bga dzied\u0101\u0161ana un b\u016b\u0161ana kop\u0101 stiprina m\u016bsu saites. Programm\u0101 esam sar\u016bp\u0113ju\u0161i gan labi zin\u0101mas melodijas, kur\u0101m grib\u0113sies dzied\u0101t l\u012bdzi, gan p\u0101rsteigumus, kuros &#8220;ierakst\u012btais&#8221; dejas solis liks sirdij pukst\u0113t strauj\u0101k. Svaigs gaiss, pavasara saule un kop\u012bbas saj\u016bta \u2013 tas ir lab\u0101kais veids, k\u0101 pavad\u012bt \u0161o p\u0113cpusdienu!<\/p>\n\n\n\n<blockquote class=\"wp-block-quote is-layout-flow wp-block-quote-is-layout-flow\">\n<p><strong>&#8220;Dziesma ir k\u0101 tilts, kas savieno sirdis, bet deja \u2013 k\u0101 v\u0113j\u0161, kas \u013cauj t\u0101m lidot.&#8221;<\/strong><\/p>\n<\/blockquote>\n\n\n\n<hr class=\"wp-block-separator has-alpha-channel-opacity\" \/>\n\n\n\n<p><strong>\ud83d\udcc5 Kad?<\/strong> 8. maij\u0101 <strong>\ud83d\udd5f Cikos?<\/strong> Plkst. 16.30 <strong>\ud83d\udccd Kur?<\/strong> \u0100ra sporta laukum\u0101<\/p>\n\n\n\n<p>N\u0101ciet pa\u0161i, \u0146emiet l\u012bdzi labu noska\u0146ojumu un \u013caujiet mums kop\u0101 rad\u012bt pavasara skaist\u0101ko ska\u0146u rakstu zem atkl\u0101t\u0101m debes\u012bm!<\/p>\n\n\n\n<p><strong>Uz tik\u0161anos dziesm\u0101 un dej\u0101!<\/strong><\/p>\n","protected":false},"excerpt":{"rendered":"<p>M\u012b\u013cie vec\u0101ki, vecvec\u0101ki, draugi un atbalst\u012bt\u0101ji! Kad melodija satiekas ar soli zem zil\u0101m debes\u012bm! M\u0113dz teikt, ka tad, kad v\u0101rdu [&hellip;]<\/p>\n","protected":false},"author":24,"featured_media":1355,"comment_status":"closed","ping_status":"closed","sticky":false,"template":"","format":"standard","meta":{"_acf_changed":false,"site-sidebar-layout":"default","site-content-layout":"","ast-site-content-layout":"default","site-content-style":"default","site-sidebar-style":"default","ast-global-header-display":"","ast-banner-title-visibility":"","ast-main-header-display":"","ast-hfb-above-header-display":"","ast-hfb-below-header-display":"","ast-hfb-mobile-header-display":"","site-post-title":"","ast-breadcrumbs-content":"","ast-featured-img":"","footer-sml-layout":"","ast-disable-related-posts":"","theme-transparent-header-meta":"","adv-header-id-meta":"","stick-header-meta":"","header-above-stick-meta":"","header-main-stick-meta":"","header-below-stick-meta":"","astra-migrate-meta-layouts":"default","ast-page-background-enabled":"default","ast-page-background-meta":{"desktop":{"background-color":"var(--ast-global-color-5)","background-image":"","background-repeat":"repeat","background-position":"center center","background-size":"auto","background-attachment":"scroll","background-type":"","background-media":"","overlay-type":"","overlay-color":"","overlay-opacity":"","overlay-gradient":""},"tablet":{"background-color":"","background-image":"","background-repeat":"repeat","background-position":"center center","background-size":"auto","background-attachment":"scroll","background-type":"","background-media":"","overlay-type":"","overlay-color":"","overlay-opacity":"","overlay-gradient":""},"mobile":{"background-color":"","background-image":"","background-repeat":"repeat","background-position":"center center","background-size":"auto","background-attachment":"scroll","background-type":"","background-media":"","overlay-type":"","overlay-color":"","overlay-opacity":"","overlay-gradient":""}},"ast-content-background-meta":{"desktop":{"background-color":"var(--ast-global-color-4)","background-image":"","background-repeat":"repeat","background-position":"center center","background-size":"auto","background-attachment":"scroll","background-type":"","background-media":"","overlay-type":"","overlay-color":"","overlay-opacity":"","overlay-gradient":""},"tablet":{"background-color":"var(--ast-global-color-4)","background-image":"","background-repeat":"repeat","background-position":"center center","background-size":"auto","background-attachment":"scroll","background-type":"","background-media":"","overlay-type":"","overlay-color":"","overlay-opacity":"","overlay-gradient":""},"mobile":{"background-color":"var(--ast-global-color-4)","background-image":"","background-repeat":"repeat","background-position":"center center","background-size":"auto","background-attachment":"scroll","background-type":"","background-media":"","overlay-type":"","overlay-color":"","overlay-opacity":"","overlay-gradient":""}},"footnotes":""},"categories":[1],"tags":[],"class_list":["post-1356","post","type-post","status-publish","format-standard","has-post-thumbnail","hentry","category-nekategorizets"],"acf":[],"yoast_head":"<!-- This site is optimized with the Yoast SEO plugin v27.0 - https:\/\/yoast.com\/product\/yoast-seo-wordpress\/ -->\n<title>Aicin\u0101m uz sadzied\u0101\u0161anos &quot;Dziesma dej\u0101 ierakst\u012bta&quot;! - Valmieras pirmsskolas izgl\u012bt\u012bbas iest\u0101de \u201cBuratino\u201d<\/title>\n<meta name=\"robots\" content=\"index, follow, max-snippet:-1, max-image-preview:large, max-video-preview:-1\" \/>\n<link rel=\"canonical\" href=\"https:\/\/izglitiba.valmierasnovads.lv\/buratino\/2026\/04\/23\/kad-melodija-satiekas-ar-soli-zem-zilam-debesim-aicinam-uz-sadziedasanos-dziesma-deja-ierakstita\/\" \/>\n<meta property=\"og:locale\" content=\"lv_LV\" \/>\n<meta property=\"og:type\" content=\"article\" \/>\n<meta property=\"og:title\" content=\"Aicin\u0101m uz sadzied\u0101\u0161anos &quot;Dziesma dej\u0101 ierakst\u012bta&quot;! - Valmieras pirmsskolas izgl\u012bt\u012bbas iest\u0101de \u201cBuratino\u201d\" \/>\n<meta property=\"og:description\" content=\"M\u012b\u013cie vec\u0101ki, vecvec\u0101ki, draugi un atbalst\u012bt\u0101ji! Kad melodija satiekas ar soli zem zil\u0101m debes\u012bm! M\u0113dz teikt, ka tad, kad v\u0101rdu [&hellip;]\" \/>\n<meta property=\"og:url\" content=\"https:\/\/izglitiba.valmierasnovads.lv\/buratino\/2026\/04\/23\/kad-melodija-satiekas-ar-soli-zem-zilam-debesim-aicinam-uz-sadziedasanos-dziesma-deja-ierakstita\/\" \/>\n<meta property=\"og:site_name\" content=\"Valmieras pirmsskolas izgl\u012bt\u012bbas iest\u0101de \u201cBuratino\u201d\" \/>\n<meta property=\"article:published_time\" content=\"2026-04-23T11:23:44+00:00\" \/>\n<meta property=\"article:modified_time\" content=\"2026-04-27T10:41:27+00:00\" \/>\n<meta property=\"og:image\" content=\"https:\/\/izglitiba.valmierasnovads.lv\/buratino\/wp-content\/uploads\/sites\/20\/2026\/04\/Gemini_Generated_Image_3w0l0f3w0l0f3w0l.png\" \/>\n\t<meta property=\"og:image:width\" content=\"864\" \/>\n\t<meta property=\"og:image:height\" content=\"1229\" \/>\n\t<meta property=\"og:image:type\" content=\"image\/png\" \/>\n<meta name=\"author\" content=\"ilonaberga\" \/>\n<meta name=\"twitter:card\" content=\"summary_large_image\" \/>\n<meta name=\"twitter:label1\" content=\"Written by\" \/>\n\t<meta name=\"twitter:data1\" content=\"ilonaberga\" \/>\n\t<meta name=\"twitter:label2\" content=\"Est. reading time\" \/>\n\t<meta name=\"twitter:data2\" content=\"2 min\u016btes\" \/>\n<script type=\"application\/ld+json\" class=\"yoast-schema-graph\">{\"@context\":\"https:\/\/schema.org\",\"@graph\":[{\"@type\":\"Article\",\"@id\":\"https:\/\/izglitiba.valmierasnovads.lv\/buratino\/2026\/04\/23\/kad-melodija-satiekas-ar-soli-zem-zilam-debesim-aicinam-uz-sadziedasanos-dziesma-deja-ierakstita\/#article\",\"isPartOf\":{\"@id\":\"https:\/\/izglitiba.valmierasnovads.lv\/buratino\/2026\/04\/23\/kad-melodija-satiekas-ar-soli-zem-zilam-debesim-aicinam-uz-sadziedasanos-dziesma-deja-ierakstita\/\"},\"author\":{\"name\":\"ilonaberga\",\"@id\":\"https:\/\/izglitiba.valmierasnovads.lv\/buratino\/#\/schema\/person\/333388ba78f12d254eb631432575a4a6\"},\"headline\":\"Aicin\u0101m uz sadzied\u0101\u0161anos &#8220;Dziesma dej\u0101 ierakst\u012bta&#8221;!\",\"datePublished\":\"2026-04-23T11:23:44+00:00\",\"dateModified\":\"2026-04-27T10:41:27+00:00\",\"mainEntityOfPage\":{\"@id\":\"https:\/\/izglitiba.valmierasnovads.lv\/buratino\/2026\/04\/23\/kad-melodija-satiekas-ar-soli-zem-zilam-debesim-aicinam-uz-sadziedasanos-dziesma-deja-ierakstita\/\"},\"wordCount\":339,\"publisher\":{\"@id\":\"https:\/\/izglitiba.valmierasnovads.lv\/buratino\/#organization\"},\"image\":{\"@id\":\"https:\/\/izglitiba.valmierasnovads.lv\/buratino\/2026\/04\/23\/kad-melodija-satiekas-ar-soli-zem-zilam-debesim-aicinam-uz-sadziedasanos-dziesma-deja-ierakstita\/#primaryimage\"},\"thumbnailUrl\":\"https:\/\/izglitiba.valmierasnovads.lv\/buratino\/wp-content\/uploads\/sites\/20\/2026\/04\/Gemini_Generated_Image_3w0l0f3w0l0f3w0l.png\",\"inLanguage\":\"lv-LV\"},{\"@type\":\"WebPage\",\"@id\":\"https:\/\/izglitiba.valmierasnovads.lv\/buratino\/2026\/04\/23\/kad-melodija-satiekas-ar-soli-zem-zilam-debesim-aicinam-uz-sadziedasanos-dziesma-deja-ierakstita\/\",\"url\":\"https:\/\/izglitiba.valmierasnovads.lv\/buratino\/2026\/04\/23\/kad-melodija-satiekas-ar-soli-zem-zilam-debesim-aicinam-uz-sadziedasanos-dziesma-deja-ierakstita\/\",\"name\":\"Aicin\u0101m uz sadzied\u0101\u0161anos \\\"Dziesma dej\u0101 ierakst\u012bta\\\"! - Valmieras pirmsskolas izgl\u012bt\u012bbas iest\u0101de \u201cBuratino\u201d\",\"isPartOf\":{\"@id\":\"https:\/\/izglitiba.valmierasnovads.lv\/buratino\/#website\"},\"primaryImageOfPage\":{\"@id\":\"https:\/\/izglitiba.valmierasnovads.lv\/buratino\/2026\/04\/23\/kad-melodija-satiekas-ar-soli-zem-zilam-debesim-aicinam-uz-sadziedasanos-dziesma-deja-ierakstita\/#primaryimage\"},\"image\":{\"@id\":\"https:\/\/izglitiba.valmierasnovads.lv\/buratino\/2026\/04\/23\/kad-melodija-satiekas-ar-soli-zem-zilam-debesim-aicinam-uz-sadziedasanos-dziesma-deja-ierakstita\/#primaryimage\"},\"thumbnailUrl\":\"https:\/\/izglitiba.valmierasnovads.lv\/buratino\/wp-content\/uploads\/sites\/20\/2026\/04\/Gemini_Generated_Image_3w0l0f3w0l0f3w0l.png\",\"datePublished\":\"2026-04-23T11:23:44+00:00\",\"dateModified\":\"2026-04-27T10:41:27+00:00\",\"breadcrumb\":{\"@id\":\"https:\/\/izglitiba.valmierasnovads.lv\/buratino\/2026\/04\/23\/kad-melodija-satiekas-ar-soli-zem-zilam-debesim-aicinam-uz-sadziedasanos-dziesma-deja-ierakstita\/#breadcrumb\"},\"inLanguage\":\"lv-LV\",\"potentialAction\":[{\"@type\":\"ReadAction\",\"target\":[\"https:\/\/izglitiba.valmierasnovads.lv\/buratino\/2026\/04\/23\/kad-melodija-satiekas-ar-soli-zem-zilam-debesim-aicinam-uz-sadziedasanos-dziesma-deja-ierakstita\/\"]}]},{\"@type\":\"ImageObject\",\"inLanguage\":\"lv-LV\",\"@id\":\"https:\/\/izglitiba.valmierasnovads.lv\/buratino\/2026\/04\/23\/kad-melodija-satiekas-ar-soli-zem-zilam-debesim-aicinam-uz-sadziedasanos-dziesma-deja-ierakstita\/#primaryimage\",\"url\":\"https:\/\/izglitiba.valmierasnovads.lv\/buratino\/wp-content\/uploads\/sites\/20\/2026\/04\/Gemini_Generated_Image_3w0l0f3w0l0f3w0l.png\",\"contentUrl\":\"https:\/\/izglitiba.valmierasnovads.lv\/buratino\/wp-content\/uploads\/sites\/20\/2026\/04\/Gemini_Generated_Image_3w0l0f3w0l0f3w0l.png\",\"width\":864,\"height\":1229},{\"@type\":\"BreadcrumbList\",\"@id\":\"https:\/\/izglitiba.valmierasnovads.lv\/buratino\/2026\/04\/23\/kad-melodija-satiekas-ar-soli-zem-zilam-debesim-aicinam-uz-sadziedasanos-dziesma-deja-ierakstita\/#breadcrumb\",\"itemListElement\":[{\"@type\":\"ListItem\",\"position\":1,\"name\":\"Home\",\"item\":\"https:\/\/izglitiba.valmierasnovads.lv\/buratino\/\"},{\"@type\":\"ListItem\",\"position\":2,\"name\":\"Aicin\u0101m uz sadzied\u0101\u0161anos &#8220;Dziesma dej\u0101 ierakst\u012bta&#8221;!\"}]},{\"@type\":\"WebSite\",\"@id\":\"https:\/\/izglitiba.valmierasnovads.lv\/buratino\/#website\",\"url\":\"https:\/\/izglitiba.valmierasnovads.lv\/buratino\/\",\"name\":\"Valmieras pirmsskolas izgl\u012bt\u012bbas iest\u0101de \u201cBuratino\u201d\",\"description\":\"Buratino Valmiera\",\"publisher\":{\"@id\":\"https:\/\/izglitiba.valmierasnovads.lv\/buratino\/#organization\"},\"potentialAction\":[{\"@type\":\"SearchAction\",\"target\":{\"@type\":\"EntryPoint\",\"urlTemplate\":\"https:\/\/izglitiba.valmierasnovads.lv\/buratino\/?s={search_term_string}\"},\"query-input\":{\"@type\":\"PropertyValueSpecification\",\"valueRequired\":true,\"valueName\":\"search_term_string\"}}],\"inLanguage\":\"lv-LV\"},{\"@type\":\"Organization\",\"@id\":\"https:\/\/izglitiba.valmierasnovads.lv\/buratino\/#organization\",\"name\":\"Valmieras pirmsskolas izgl\u012bt\u012bbas iest\u0101de \u201cBuratino\u201d\",\"url\":\"https:\/\/izglitiba.valmierasnovads.lv\/buratino\/\",\"logo\":{\"@type\":\"ImageObject\",\"inLanguage\":\"lv-LV\",\"@id\":\"https:\/\/izglitiba.valmierasnovads.lv\/buratino\/#\/schema\/logo\/image\/\",\"url\":\"https:\/\/izglitiba.valmierasnovads.lv\/buratino\/wp-content\/uploads\/sites\/20\/2026\/02\/cropped-Buratino-nosaukums-web-scaled-1.png\",\"contentUrl\":\"https:\/\/izglitiba.valmierasnovads.lv\/buratino\/wp-content\/uploads\/sites\/20\/2026\/02\/cropped-Buratino-nosaukums-web-scaled-1.png\",\"width\":2268,\"height\":715,\"caption\":\"Valmieras pirmsskolas izgl\u012bt\u012bbas iest\u0101de \u201cBuratino\u201d\"},\"image\":{\"@id\":\"https:\/\/izglitiba.valmierasnovads.lv\/buratino\/#\/schema\/logo\/image\/\"}},{\"@type\":\"Person\",\"@id\":\"https:\/\/izglitiba.valmierasnovads.lv\/buratino\/#\/schema\/person\/333388ba78f12d254eb631432575a4a6\",\"name\":\"ilonaberga\",\"image\":{\"@type\":\"ImageObject\",\"inLanguage\":\"lv-LV\",\"@id\":\"https:\/\/izglitiba.valmierasnovads.lv\/buratino\/#\/schema\/person\/image\/\",\"url\":\"https:\/\/secure.gravatar.com\/avatar\/bc3bd018c92610917a0d0c395045f53357aa5c14f3fca7c100b174c5831e7dd5?s=96&d=mm&r=g\",\"contentUrl\":\"https:\/\/secure.gravatar.com\/avatar\/bc3bd018c92610917a0d0c395045f53357aa5c14f3fca7c100b174c5831e7dd5?s=96&d=mm&r=g\",\"caption\":\"ilonaberga\"},\"url\":\"https:\/\/izglitiba.valmierasnovads.lv\/buratino\/author\/ilonaberga\/\"}]}<\/script>\n<!-- \/ Yoast SEO plugin. -->","yoast_head_json":{"title":"Aicin\u0101m uz sadzied\u0101\u0161anos \"Dziesma dej\u0101 ierakst\u012bta\"! - Valmieras pirmsskolas izgl\u012bt\u012bbas iest\u0101de \u201cBuratino\u201d","robots":{"index":"index","follow":"follow","max-snippet":"max-snippet:-1","max-image-preview":"max-image-preview:large","max-video-preview":"max-video-preview:-1"},"canonical":"https:\/\/izglitiba.valmierasnovads.lv\/buratino\/2026\/04\/23\/kad-melodija-satiekas-ar-soli-zem-zilam-debesim-aicinam-uz-sadziedasanos-dziesma-deja-ierakstita\/","og_locale":"lv_LV","og_type":"article","og_title":"Aicin\u0101m uz sadzied\u0101\u0161anos \"Dziesma dej\u0101 ierakst\u012bta\"! - Valmieras pirmsskolas izgl\u012bt\u012bbas iest\u0101de \u201cBuratino\u201d","og_description":"M\u012b\u013cie vec\u0101ki, vecvec\u0101ki, draugi un atbalst\u012bt\u0101ji! Kad melodija satiekas ar soli zem zil\u0101m debes\u012bm! M\u0113dz teikt, ka tad, kad v\u0101rdu [&hellip;]","og_url":"https:\/\/izglitiba.valmierasnovads.lv\/buratino\/2026\/04\/23\/kad-melodija-satiekas-ar-soli-zem-zilam-debesim-aicinam-uz-sadziedasanos-dziesma-deja-ierakstita\/","og_site_name":"Valmieras pirmsskolas izgl\u012bt\u012bbas iest\u0101de \u201cBuratino\u201d","article_published_time":"2026-04-23T11:23:44+00:00","article_modified_time":"2026-04-27T10:41:27+00:00","og_image":[{"width":864,"height":1229,"url":"https:\/\/izglitiba.valmierasnovads.lv\/buratino\/wp-content\/uploads\/sites\/20\/2026\/04\/Gemini_Generated_Image_3w0l0f3w0l0f3w0l.png","type":"image\/png"}],"author":"ilonaberga","twitter_card":"summary_large_image","twitter_misc":{"Written by":"ilonaberga","Est. reading time":"2 min\u016btes"},"schema":{"@context":"https:\/\/schema.org","@graph":[{"@type":"Article","@id":"https:\/\/izglitiba.valmierasnovads.lv\/buratino\/2026\/04\/23\/kad-melodija-satiekas-ar-soli-zem-zilam-debesim-aicinam-uz-sadziedasanos-dziesma-deja-ierakstita\/#article","isPartOf":{"@id":"https:\/\/izglitiba.valmierasnovads.lv\/buratino\/2026\/04\/23\/kad-melodija-satiekas-ar-soli-zem-zilam-debesim-aicinam-uz-sadziedasanos-dziesma-deja-ierakstita\/"},"author":{"name":"ilonaberga","@id":"https:\/\/izglitiba.valmierasnovads.lv\/buratino\/#\/schema\/person\/333388ba78f12d254eb631432575a4a6"},"headline":"Aicin\u0101m uz sadzied\u0101\u0161anos &#8220;Dziesma dej\u0101 ierakst\u012bta&#8221;!","datePublished":"2026-04-23T11:23:44+00:00","dateModified":"2026-04-27T10:41:27+00:00","mainEntityOfPage":{"@id":"https:\/\/izglitiba.valmierasnovads.lv\/buratino\/2026\/04\/23\/kad-melodija-satiekas-ar-soli-zem-zilam-debesim-aicinam-uz-sadziedasanos-dziesma-deja-ierakstita\/"},"wordCount":339,"publisher":{"@id":"https:\/\/izglitiba.valmierasnovads.lv\/buratino\/#organization"},"image":{"@id":"https:\/\/izglitiba.valmierasnovads.lv\/buratino\/2026\/04\/23\/kad-melodija-satiekas-ar-soli-zem-zilam-debesim-aicinam-uz-sadziedasanos-dziesma-deja-ierakstita\/#primaryimage"},"thumbnailUrl":"https:\/\/izglitiba.valmierasnovads.lv\/buratino\/wp-content\/uploads\/sites\/20\/2026\/04\/Gemini_Generated_Image_3w0l0f3w0l0f3w0l.png","inLanguage":"lv-LV"},{"@type":"WebPage","@id":"https:\/\/izglitiba.valmierasnovads.lv\/buratino\/2026\/04\/23\/kad-melodija-satiekas-ar-soli-zem-zilam-debesim-aicinam-uz-sadziedasanos-dziesma-deja-ierakstita\/","url":"https:\/\/izglitiba.valmierasnovads.lv\/buratino\/2026\/04\/23\/kad-melodija-satiekas-ar-soli-zem-zilam-debesim-aicinam-uz-sadziedasanos-dziesma-deja-ierakstita\/","name":"Aicin\u0101m uz sadzied\u0101\u0161anos \"Dziesma dej\u0101 ierakst\u012bta\"! - Valmieras pirmsskolas izgl\u012bt\u012bbas iest\u0101de \u201cBuratino\u201d","isPartOf":{"@id":"https:\/\/izglitiba.valmierasnovads.lv\/buratino\/#website"},"primaryImageOfPage":{"@id":"https:\/\/izglitiba.valmierasnovads.lv\/buratino\/2026\/04\/23\/kad-melodija-satiekas-ar-soli-zem-zilam-debesim-aicinam-uz-sadziedasanos-dziesma-deja-ierakstita\/#primaryimage"},"image":{"@id":"https:\/\/izglitiba.valmierasnovads.lv\/buratino\/2026\/04\/23\/kad-melodija-satiekas-ar-soli-zem-zilam-debesim-aicinam-uz-sadziedasanos-dziesma-deja-ierakstita\/#primaryimage"},"thumbnailUrl":"https:\/\/izglitiba.valmierasnovads.lv\/buratino\/wp-content\/uploads\/sites\/20\/2026\/04\/Gemini_Generated_Image_3w0l0f3w0l0f3w0l.png","datePublished":"2026-04-23T11:23:44+00:00","dateModified":"2026-04-27T10:41:27+00:00","breadcrumb":{"@id":"https:\/\/izglitiba.valmierasnovads.lv\/buratino\/2026\/04\/23\/kad-melodija-satiekas-ar-soli-zem-zilam-debesim-aicinam-uz-sadziedasanos-dziesma-deja-ierakstita\/#breadcrumb"},"inLanguage":"lv-LV","potentialAction":[{"@type":"ReadAction","target":["https:\/\/izglitiba.valmierasnovads.lv\/buratino\/2026\/04\/23\/kad-melodija-satiekas-ar-soli-zem-zilam-debesim-aicinam-uz-sadziedasanos-dziesma-deja-ierakstita\/"]}]},{"@type":"ImageObject","inLanguage":"lv-LV","@id":"https:\/\/izglitiba.valmierasnovads.lv\/buratino\/2026\/04\/23\/kad-melodija-satiekas-ar-soli-zem-zilam-debesim-aicinam-uz-sadziedasanos-dziesma-deja-ierakstita\/#primaryimage","url":"https:\/\/izglitiba.valmierasnovads.lv\/buratino\/wp-content\/uploads\/sites\/20\/2026\/04\/Gemini_Generated_Image_3w0l0f3w0l0f3w0l.png","contentUrl":"https:\/\/izglitiba.valmierasnovads.lv\/buratino\/wp-content\/uploads\/sites\/20\/2026\/04\/Gemini_Generated_Image_3w0l0f3w0l0f3w0l.png","width":864,"height":1229},{"@type":"BreadcrumbList","@id":"https:\/\/izglitiba.valmierasnovads.lv\/buratino\/2026\/04\/23\/kad-melodija-satiekas-ar-soli-zem-zilam-debesim-aicinam-uz-sadziedasanos-dziesma-deja-ierakstita\/#breadcrumb","itemListElement":[{"@type":"ListItem","position":1,"name":"Home","item":"https:\/\/izglitiba.valmierasnovads.lv\/buratino\/"},{"@type":"ListItem","position":2,"name":"Aicin\u0101m uz sadzied\u0101\u0161anos &#8220;Dziesma dej\u0101 ierakst\u012bta&#8221;!"}]},{"@type":"WebSite","@id":"https:\/\/izglitiba.valmierasnovads.lv\/buratino\/#website","url":"https:\/\/izglitiba.valmierasnovads.lv\/buratino\/","name":"Valmieras pirmsskolas izgl\u012bt\u012bbas iest\u0101de \u201cBuratino\u201d","description":"Buratino Valmiera","publisher":{"@id":"https:\/\/izglitiba.valmierasnovads.lv\/buratino\/#organization"},"potentialAction":[{"@type":"SearchAction","target":{"@type":"EntryPoint","urlTemplate":"https:\/\/izglitiba.valmierasnovads.lv\/buratino\/?s={search_term_string}"},"query-input":{"@type":"PropertyValueSpecification","valueRequired":true,"valueName":"search_term_string"}}],"inLanguage":"lv-LV"},{"@type":"Organization","@id":"https:\/\/izglitiba.valmierasnovads.lv\/buratino\/#organization","name":"Valmieras pirmsskolas izgl\u012bt\u012bbas iest\u0101de \u201cBuratino\u201d","url":"https:\/\/izglitiba.valmierasnovads.lv\/buratino\/","logo":{"@type":"ImageObject","inLanguage":"lv-LV","@id":"https:\/\/izglitiba.valmierasnovads.lv\/buratino\/#\/schema\/logo\/image\/","url":"https:\/\/izglitiba.valmierasnovads.lv\/buratino\/wp-content\/uploads\/sites\/20\/2026\/02\/cropped-Buratino-nosaukums-web-scaled-1.png","contentUrl":"https:\/\/izglitiba.valmierasnovads.lv\/buratino\/wp-content\/uploads\/sites\/20\/2026\/02\/cropped-Buratino-nosaukums-web-scaled-1.png","width":2268,"height":715,"caption":"Valmieras pirmsskolas izgl\u012bt\u012bbas iest\u0101de \u201cBuratino\u201d"},"image":{"@id":"https:\/\/izglitiba.valmierasnovads.lv\/buratino\/#\/schema\/logo\/image\/"}},{"@type":"Person","@id":"https:\/\/izglitiba.valmierasnovads.lv\/buratino\/#\/schema\/person\/333388ba78f12d254eb631432575a4a6","name":"ilonaberga","image":{"@type":"ImageObject","inLanguage":"lv-LV","@id":"https:\/\/izglitiba.valmierasnovads.lv\/buratino\/#\/schema\/person\/image\/","url":"https:\/\/secure.gravatar.com\/avatar\/bc3bd018c92610917a0d0c395045f53357aa5c14f3fca7c100b174c5831e7dd5?s=96&d=mm&r=g","contentUrl":"https:\/\/secure.gravatar.com\/avatar\/bc3bd018c92610917a0d0c395045f53357aa5c14f3fca7c100b174c5831e7dd5?s=96&d=mm&r=g","caption":"ilonaberga"},"url":"https:\/\/izglitiba.valmierasnovads.lv\/buratino\/author\/ilonaberga\/"}]}},"_links":{"self":[{"href":"https:\/\/izglitiba.valmierasnovads.lv\/buratino\/wp-json\/wp\/v2\/posts\/1356","targetHints":{"allow":["GET"]}}],"collection":[{"href":"https:\/\/izglitiba.valmierasnovads.lv\/buratino\/wp-json\/wp\/v2\/posts"}],"about":[{"href":"https:\/\/izglitiba.valmierasnovads.lv\/buratino\/wp-json\/wp\/v2\/types\/post"}],"author":[{"embeddable":true,"href":"https:\/\/izglitiba.valmierasnovads.lv\/buratino\/wp-json\/wp\/v2\/users\/24"}],"replies":[{"embeddable":true,"href":"https:\/\/izglitiba.valmierasnovads.lv\/buratino\/wp-json\/wp\/v2\/comments?post=1356"}],"version-history":[{"count":2,"href":"https:\/\/izglitiba.valmierasnovads.lv\/buratino\/wp-json\/wp\/v2\/posts\/1356\/revisions"}],"predecessor-version":[{"id":1359,"href":"https:\/\/izglitiba.valmierasnovads.lv\/buratino\/wp-json\/wp\/v2\/posts\/1356\/revisions\/1359"}],"wp:featuredmedia":[{"embeddable":true,"href":"https:\/\/izglitiba.valmierasnovads.lv\/buratino\/wp-json\/wp\/v2\/media\/1355"}],"wp:attachment":[{"href":"https:\/\/izglitiba.valmierasnovads.lv\/buratino\/wp-json\/wp\/v2\/media?parent=1356"}],"wp:term":[{"taxonomy":"category","embeddable":true,"href":"https:\/\/izglitiba.valmierasnovads.lv\/buratino\/wp-json\/wp\/v2\/categories?post=1356"},{"taxonomy":"post_tag","embeddable":true,"href":"https:\/\/izglitiba.valmierasnovads.lv\/buratino\/wp-json\/wp\/v2\/tags?post=1356"}],"curies":[{"name":"wp","href":"https:\/\/api.w.org\/{rel}","templated":true}]}}