{"id":1360,"date":"2026-04-25T13:54:22","date_gmt":"2026-04-25T10:54:22","guid":{"rendered":"https:\/\/izglitiba.valmierasnovads.lv\/buratino\/?p=1360"},"modified":"2026-04-25T14:05:06","modified_gmt":"2026-04-25T11:05:06","slug":"pii-buratino-komanda-gust-uzvaru-nominacija-par-noformejumu-valmieras-novada-pedagogu-saieta","status":"publish","type":"post","link":"https:\/\/izglitiba.valmierasnovads.lv\/buratino\/2026\/04\/25\/pii-buratino-komanda-gust-uzvaru-nominacija-par-noformejumu-valmieras-novada-pedagogu-saieta\/","title":{"rendered":"PII &#8220;Buratino&#8221; komanda g\u016bst uzvaru nomin\u0101cij\u0101 &#8220;Par noform\u0113jumu&#8221; Valmieras novada pedagogu saiet\u0101!"},"content":{"rendered":"\n<p><strong>Esam gandar\u012bti par m\u016bsu iest\u0101des pan\u0101kumiem \u2013 2026. gada 24. apr\u012bl\u012b PII &#8220;Buratino&#8221; kolekt\u012bvs ieguva 1. vietu nomin\u0101cij\u0101 &#8220;Par noform\u0113jumu&#8221; LIZDA Valmieras novada arodorganiz\u0101cijas r\u012bkotaj\u0101 muzik\u0101li rado\u0161o pedagogu saiet\u0101!<\/strong><\/p>\n\n\n\n<p>\u0160\u012b gada saiets norit\u0113ja \u012bpa\u0161\u0101, nostal\u0123isk\u0101 un iedvesmojo\u0161\u0101 gaisotn\u0113, godinot Maestro 90. jubileju. Pas\u0101kuma t\u0113ma&nbsp;<strong>&#8220;MAESTRO 90! &#8216;DZ\u012aVE K\u0100 KINO UN TE\u0100TRIS&#8217; &#8230;VEC\u0100S PLATES V\u0112L GRIE\u017dAS&#8221;<\/strong>&nbsp;pulc\u0113ja kop\u0101 rado\u0161us un azartiskus pedagogus no visa novada, lai caur m\u016bziku, t\u0113lu un noform\u0113jumu atdz\u012bvin\u0101tu skatuves un kino klasiku.<\/p>\n\n\n\n<p>M\u016bsu iest\u0101des pedagogu komanda pas\u0101kuma laik\u0101 demonstr\u0113ja ne tikai izcilu rado\u0161umu, bet ar\u012b lielisku komandas garu. \u0160is diploms ir apliecin\u0101jums tam, ka &#8220;Buratino&#8221; kolekt\u012bvs prot ne tikai ikdien\u0101 str\u0101d\u0101t ar b\u0113rniem, bet ar\u012b pa\u0161iem rad\u012bt sv\u0113tkus, ieguld\u012bt sirdi un dv\u0113seli rado\u0161ajos projektos. Paldies visiem dal\u012bbniekiem, kuri ar savu ener\u0123iju un rado\u0161o pieeju pal\u012bdz\u0113ja sasniegt \u0161o lielisko rezult\u0101tu!<\/p>\n\n\n\n<p>Lepojamies ar m\u016bsu pedagogiem un turpin\u0101m &#8220;griezt vec\u0101s plates&#8221;, sme\u013coties iedvesmu no lab\u0101kaj\u0101m trad\u012bcij\u0101m un radot arvien jaunus, kr\u0101sainus notikumus ar\u012b turpm\u0101k!<\/p>\n\n\n\n<p><\/p>\n","protected":false},"excerpt":{"rendered":"<p>Esam gandar\u012bti par m\u016bsu iest\u0101des pan\u0101kumiem \u2013 2026. gada 24. apr\u012bl\u012b PII &#8220;Buratino&#8221; kolekt\u012bvs ieguva 1. vietu nomin\u0101cij\u0101 &#8220;Par noform\u0113jumu&#8221; [&hellip;]<\/p>\n","protected":false},"author":24,"featured_media":1363,"comment_status":"closed","ping_status":"closed","sticky":false,"template":"","format":"standard","meta":{"_acf_changed":false,"site-sidebar-layout":"default","site-content-layout":"","ast-site-content-layout":"default","site-content-style":"default","site-sidebar-style":"default","ast-global-header-display":"","ast-banner-title-visibility":"","ast-main-header-display":"","ast-hfb-above-header-display":"","ast-hfb-below-header-display":"","ast-hfb-mobile-header-display":"","site-post-title":"","ast-breadcrumbs-content":"","ast-featured-img":"","footer-sml-layout":"","ast-disable-related-posts":"","theme-transparent-header-meta":"","adv-header-id-meta":"","stick-header-meta":"","header-above-stick-meta":"","header-main-stick-meta":"","header-below-stick-meta":"","astra-migrate-meta-layouts":"default","ast-page-background-enabled":"default","ast-page-background-meta":{"desktop":{"background-color":"var(--ast-global-color-5)","background-image":"","background-repeat":"repeat","background-position":"center center","background-size":"auto","background-attachment":"scroll","background-type":"","background-media":"","overlay-type":"","overlay-color":"","overlay-opacity":"","overlay-gradient":""},"tablet":{"background-color":"","background-image":"","background-repeat":"repeat","background-position":"center center","background-size":"auto","background-attachment":"scroll","background-type":"","background-media":"","overlay-type":"","overlay-color":"","overlay-opacity":"","overlay-gradient":""},"mobile":{"background-color":"","background-image":"","background-repeat":"repeat","background-position":"center center","background-size":"auto","background-attachment":"scroll","background-type":"","background-media":"","overlay-type":"","overlay-color":"","overlay-opacity":"","overlay-gradient":""}},"ast-content-background-meta":{"desktop":{"background-color":"var(--ast-global-color-4)","background-image":"","background-repeat":"repeat","background-position":"center center","background-size":"auto","background-attachment":"scroll","background-type":"","background-media":"","overlay-type":"","overlay-color":"","overlay-opacity":"","overlay-gradient":""},"tablet":{"background-color":"var(--ast-global-color-4)","background-image":"","background-repeat":"repeat","background-position":"center center","background-size":"auto","background-attachment":"scroll","background-type":"","background-media":"","overlay-type":"","overlay-color":"","overlay-opacity":"","overlay-gradient":""},"mobile":{"background-color":"var(--ast-global-color-4)","background-image":"","background-repeat":"repeat","background-position":"center center","background-size":"auto","background-attachment":"scroll","background-type":"","background-media":"","overlay-type":"","overlay-color":"","overlay-opacity":"","overlay-gradient":""}},"footnotes":""},"categories":[1],"tags":[],"class_list":["post-1360","post","type-post","status-publish","format-standard","has-post-thumbnail","hentry","category-nekategorizets"],"acf":[],"yoast_head":"<!-- This site is optimized with the Yoast SEO plugin v27.0 - https:\/\/yoast.com\/product\/yoast-seo-wordpress\/ -->\n<title>PII &quot;Buratino&quot; komanda g\u016bst uzvaru nomin\u0101cij\u0101 &quot;Par noform\u0113jumu&quot; Valmieras novada pedagogu saiet\u0101! - Valmieras pirmsskolas izgl\u012bt\u012bbas iest\u0101de \u201cBuratino\u201d<\/title>\n<meta name=\"robots\" content=\"index, follow, max-snippet:-1, max-image-preview:large, max-video-preview:-1\" \/>\n<link rel=\"canonical\" href=\"https:\/\/izglitiba.valmierasnovads.lv\/buratino\/2026\/04\/25\/pii-buratino-komanda-gust-uzvaru-nominacija-par-noformejumu-valmieras-novada-pedagogu-saieta\/\" \/>\n<meta property=\"og:locale\" content=\"lv_LV\" \/>\n<meta property=\"og:type\" content=\"article\" \/>\n<meta property=\"og:title\" content=\"PII &quot;Buratino&quot; komanda g\u016bst uzvaru nomin\u0101cij\u0101 &quot;Par noform\u0113jumu&quot; Valmieras novada pedagogu saiet\u0101! - Valmieras pirmsskolas izgl\u012bt\u012bbas iest\u0101de \u201cBuratino\u201d\" \/>\n<meta property=\"og:description\" content=\"Esam gandar\u012bti par m\u016bsu iest\u0101des pan\u0101kumiem \u2013 2026. gada 24. apr\u012bl\u012b PII &#8220;Buratino&#8221; kolekt\u012bvs ieguva 1. vietu nomin\u0101cij\u0101 &#8220;Par noform\u0113jumu&#8221; [&hellip;]\" \/>\n<meta property=\"og:url\" content=\"https:\/\/izglitiba.valmierasnovads.lv\/buratino\/2026\/04\/25\/pii-buratino-komanda-gust-uzvaru-nominacija-par-noformejumu-valmieras-novada-pedagogu-saieta\/\" \/>\n<meta property=\"og:site_name\" content=\"Valmieras pirmsskolas izgl\u012bt\u012bbas iest\u0101de \u201cBuratino\u201d\" \/>\n<meta property=\"article:published_time\" content=\"2026-04-25T10:54:22+00:00\" \/>\n<meta property=\"article:modified_time\" content=\"2026-04-25T11:05:06+00:00\" \/>\n<meta property=\"og:image\" content=\"https:\/\/izglitiba.valmierasnovads.lv\/buratino\/wp-content\/uploads\/sites\/20\/2026\/04\/IMG_20260425_140403.jpg\" \/>\n\t<meta property=\"og:image:width\" content=\"1477\" \/>\n\t<meta property=\"og:image:height\" content=\"1186\" \/>\n\t<meta property=\"og:image:type\" content=\"image\/jpeg\" \/>\n<meta name=\"author\" content=\"ilonaberga\" \/>\n<meta name=\"twitter:card\" content=\"summary_large_image\" \/>\n<meta name=\"twitter:label1\" content=\"Written by\" \/>\n\t<meta name=\"twitter:data1\" content=\"ilonaberga\" \/>\n\t<meta name=\"twitter:label2\" content=\"Est. reading time\" \/>\n\t<meta name=\"twitter:data2\" content=\"2 min\u016btes\" \/>\n<script type=\"application\/ld+json\" class=\"yoast-schema-graph\">{\"@context\":\"https:\/\/schema.org\",\"@graph\":[{\"@type\":\"Article\",\"@id\":\"https:\/\/izglitiba.valmierasnovads.lv\/buratino\/2026\/04\/25\/pii-buratino-komanda-gust-uzvaru-nominacija-par-noformejumu-valmieras-novada-pedagogu-saieta\/#article\",\"isPartOf\":{\"@id\":\"https:\/\/izglitiba.valmierasnovads.lv\/buratino\/2026\/04\/25\/pii-buratino-komanda-gust-uzvaru-nominacija-par-noformejumu-valmieras-novada-pedagogu-saieta\/\"},\"author\":{\"name\":\"ilonaberga\",\"@id\":\"https:\/\/izglitiba.valmierasnovads.lv\/buratino\/#\/schema\/person\/333388ba78f12d254eb631432575a4a6\"},\"headline\":\"PII &#8220;Buratino&#8221; komanda g\u016bst uzvaru nomin\u0101cij\u0101 &#8220;Par noform\u0113jumu&#8221; Valmieras novada pedagogu saiet\u0101!\",\"datePublished\":\"2026-04-25T10:54:22+00:00\",\"dateModified\":\"2026-04-25T11:05:06+00:00\",\"mainEntityOfPage\":{\"@id\":\"https:\/\/izglitiba.valmierasnovads.lv\/buratino\/2026\/04\/25\/pii-buratino-komanda-gust-uzvaru-nominacija-par-noformejumu-valmieras-novada-pedagogu-saieta\/\"},\"wordCount\":224,\"publisher\":{\"@id\":\"https:\/\/izglitiba.valmierasnovads.lv\/buratino\/#organization\"},\"image\":{\"@id\":\"https:\/\/izglitiba.valmierasnovads.lv\/buratino\/2026\/04\/25\/pii-buratino-komanda-gust-uzvaru-nominacija-par-noformejumu-valmieras-novada-pedagogu-saieta\/#primaryimage\"},\"thumbnailUrl\":\"https:\/\/izglitiba.valmierasnovads.lv\/buratino\/wp-content\/uploads\/sites\/20\/2026\/04\/IMG_20260425_140403.jpg\",\"inLanguage\":\"lv-LV\"},{\"@type\":\"WebPage\",\"@id\":\"https:\/\/izglitiba.valmierasnovads.lv\/buratino\/2026\/04\/25\/pii-buratino-komanda-gust-uzvaru-nominacija-par-noformejumu-valmieras-novada-pedagogu-saieta\/\",\"url\":\"https:\/\/izglitiba.valmierasnovads.lv\/buratino\/2026\/04\/25\/pii-buratino-komanda-gust-uzvaru-nominacija-par-noformejumu-valmieras-novada-pedagogu-saieta\/\",\"name\":\"PII \\\"Buratino\\\" komanda g\u016bst uzvaru nomin\u0101cij\u0101 \\\"Par noform\u0113jumu\\\" Valmieras novada pedagogu saiet\u0101! - Valmieras pirmsskolas izgl\u012bt\u012bbas iest\u0101de \u201cBuratino\u201d\",\"isPartOf\":{\"@id\":\"https:\/\/izglitiba.valmierasnovads.lv\/buratino\/#website\"},\"primaryImageOfPage\":{\"@id\":\"https:\/\/izglitiba.valmierasnovads.lv\/buratino\/2026\/04\/25\/pii-buratino-komanda-gust-uzvaru-nominacija-par-noformejumu-valmieras-novada-pedagogu-saieta\/#primaryimage\"},\"image\":{\"@id\":\"https:\/\/izglitiba.valmierasnovads.lv\/buratino\/2026\/04\/25\/pii-buratino-komanda-gust-uzvaru-nominacija-par-noformejumu-valmieras-novada-pedagogu-saieta\/#primaryimage\"},\"thumbnailUrl\":\"https:\/\/izglitiba.valmierasnovads.lv\/buratino\/wp-content\/uploads\/sites\/20\/2026\/04\/IMG_20260425_140403.jpg\",\"datePublished\":\"2026-04-25T10:54:22+00:00\",\"dateModified\":\"2026-04-25T11:05:06+00:00\",\"breadcrumb\":{\"@id\":\"https:\/\/izglitiba.valmierasnovads.lv\/buratino\/2026\/04\/25\/pii-buratino-komanda-gust-uzvaru-nominacija-par-noformejumu-valmieras-novada-pedagogu-saieta\/#breadcrumb\"},\"inLanguage\":\"lv-LV\",\"potentialAction\":[{\"@type\":\"ReadAction\",\"target\":[\"https:\/\/izglitiba.valmierasnovads.lv\/buratino\/2026\/04\/25\/pii-buratino-komanda-gust-uzvaru-nominacija-par-noformejumu-valmieras-novada-pedagogu-saieta\/\"]}]},{\"@type\":\"ImageObject\",\"inLanguage\":\"lv-LV\",\"@id\":\"https:\/\/izglitiba.valmierasnovads.lv\/buratino\/2026\/04\/25\/pii-buratino-komanda-gust-uzvaru-nominacija-par-noformejumu-valmieras-novada-pedagogu-saieta\/#primaryimage\",\"url\":\"https:\/\/izglitiba.valmierasnovads.lv\/buratino\/wp-content\/uploads\/sites\/20\/2026\/04\/IMG_20260425_140403.jpg\",\"contentUrl\":\"https:\/\/izglitiba.valmierasnovads.lv\/buratino\/wp-content\/uploads\/sites\/20\/2026\/04\/IMG_20260425_140403.jpg\",\"width\":1477,\"height\":1186},{\"@type\":\"BreadcrumbList\",\"@id\":\"https:\/\/izglitiba.valmierasnovads.lv\/buratino\/2026\/04\/25\/pii-buratino-komanda-gust-uzvaru-nominacija-par-noformejumu-valmieras-novada-pedagogu-saieta\/#breadcrumb\",\"itemListElement\":[{\"@type\":\"ListItem\",\"position\":1,\"name\":\"Home\",\"item\":\"https:\/\/izglitiba.valmierasnovads.lv\/buratino\/\"},{\"@type\":\"ListItem\",\"position\":2,\"name\":\"PII &#8220;Buratino&#8221; komanda g\u016bst uzvaru nomin\u0101cij\u0101 &#8220;Par noform\u0113jumu&#8221; Valmieras novada pedagogu saiet\u0101!\"}]},{\"@type\":\"WebSite\",\"@id\":\"https:\/\/izglitiba.valmierasnovads.lv\/buratino\/#website\",\"url\":\"https:\/\/izglitiba.valmierasnovads.lv\/buratino\/\",\"name\":\"Valmieras pirmsskolas izgl\u012bt\u012bbas iest\u0101de \u201cBuratino\u201d\",\"description\":\"Buratino Valmiera\",\"publisher\":{\"@id\":\"https:\/\/izglitiba.valmierasnovads.lv\/buratino\/#organization\"},\"potentialAction\":[{\"@type\":\"SearchAction\",\"target\":{\"@type\":\"EntryPoint\",\"urlTemplate\":\"https:\/\/izglitiba.valmierasnovads.lv\/buratino\/?s={search_term_string}\"},\"query-input\":{\"@type\":\"PropertyValueSpecification\",\"valueRequired\":true,\"valueName\":\"search_term_string\"}}],\"inLanguage\":\"lv-LV\"},{\"@type\":\"Organization\",\"@id\":\"https:\/\/izglitiba.valmierasnovads.lv\/buratino\/#organization\",\"name\":\"Valmieras pirmsskolas izgl\u012bt\u012bbas iest\u0101de \u201cBuratino\u201d\",\"url\":\"https:\/\/izglitiba.valmierasnovads.lv\/buratino\/\",\"logo\":{\"@type\":\"ImageObject\",\"inLanguage\":\"lv-LV\",\"@id\":\"https:\/\/izglitiba.valmierasnovads.lv\/buratino\/#\/schema\/logo\/image\/\",\"url\":\"https:\/\/izglitiba.valmierasnovads.lv\/buratino\/wp-content\/uploads\/sites\/20\/2026\/02\/cropped-Buratino-nosaukums-web-scaled-1.png\",\"contentUrl\":\"https:\/\/izglitiba.valmierasnovads.lv\/buratino\/wp-content\/uploads\/sites\/20\/2026\/02\/cropped-Buratino-nosaukums-web-scaled-1.png\",\"width\":2268,\"height\":715,\"caption\":\"Valmieras pirmsskolas izgl\u012bt\u012bbas iest\u0101de \u201cBuratino\u201d\"},\"image\":{\"@id\":\"https:\/\/izglitiba.valmierasnovads.lv\/buratino\/#\/schema\/logo\/image\/\"}},{\"@type\":\"Person\",\"@id\":\"https:\/\/izglitiba.valmierasnovads.lv\/buratino\/#\/schema\/person\/333388ba78f12d254eb631432575a4a6\",\"name\":\"ilonaberga\",\"image\":{\"@type\":\"ImageObject\",\"inLanguage\":\"lv-LV\",\"@id\":\"https:\/\/izglitiba.valmierasnovads.lv\/buratino\/#\/schema\/person\/image\/\",\"url\":\"https:\/\/secure.gravatar.com\/avatar\/bc3bd018c92610917a0d0c395045f53357aa5c14f3fca7c100b174c5831e7dd5?s=96&d=mm&r=g\",\"contentUrl\":\"https:\/\/secure.gravatar.com\/avatar\/bc3bd018c92610917a0d0c395045f53357aa5c14f3fca7c100b174c5831e7dd5?s=96&d=mm&r=g\",\"caption\":\"ilonaberga\"},\"url\":\"https:\/\/izglitiba.valmierasnovads.lv\/buratino\/author\/ilonaberga\/\"}]}<\/script>\n<!-- \/ Yoast SEO plugin. -->","yoast_head_json":{"title":"PII \"Buratino\" komanda g\u016bst uzvaru nomin\u0101cij\u0101 \"Par noform\u0113jumu\" Valmieras novada pedagogu saiet\u0101! - Valmieras pirmsskolas izgl\u012bt\u012bbas iest\u0101de \u201cBuratino\u201d","robots":{"index":"index","follow":"follow","max-snippet":"max-snippet:-1","max-image-preview":"max-image-preview:large","max-video-preview":"max-video-preview:-1"},"canonical":"https:\/\/izglitiba.valmierasnovads.lv\/buratino\/2026\/04\/25\/pii-buratino-komanda-gust-uzvaru-nominacija-par-noformejumu-valmieras-novada-pedagogu-saieta\/","og_locale":"lv_LV","og_type":"article","og_title":"PII \"Buratino\" komanda g\u016bst uzvaru nomin\u0101cij\u0101 \"Par noform\u0113jumu\" Valmieras novada pedagogu saiet\u0101! - Valmieras pirmsskolas izgl\u012bt\u012bbas iest\u0101de \u201cBuratino\u201d","og_description":"Esam gandar\u012bti par m\u016bsu iest\u0101des pan\u0101kumiem \u2013 2026. gada 24. apr\u012bl\u012b PII &#8220;Buratino&#8221; kolekt\u012bvs ieguva 1. vietu nomin\u0101cij\u0101 &#8220;Par noform\u0113jumu&#8221; [&hellip;]","og_url":"https:\/\/izglitiba.valmierasnovads.lv\/buratino\/2026\/04\/25\/pii-buratino-komanda-gust-uzvaru-nominacija-par-noformejumu-valmieras-novada-pedagogu-saieta\/","og_site_name":"Valmieras pirmsskolas izgl\u012bt\u012bbas iest\u0101de \u201cBuratino\u201d","article_published_time":"2026-04-25T10:54:22+00:00","article_modified_time":"2026-04-25T11:05:06+00:00","og_image":[{"width":1477,"height":1186,"url":"https:\/\/izglitiba.valmierasnovads.lv\/buratino\/wp-content\/uploads\/sites\/20\/2026\/04\/IMG_20260425_140403.jpg","type":"image\/jpeg"}],"author":"ilonaberga","twitter_card":"summary_large_image","twitter_misc":{"Written by":"ilonaberga","Est. reading time":"2 min\u016btes"},"schema":{"@context":"https:\/\/schema.org","@graph":[{"@type":"Article","@id":"https:\/\/izglitiba.valmierasnovads.lv\/buratino\/2026\/04\/25\/pii-buratino-komanda-gust-uzvaru-nominacija-par-noformejumu-valmieras-novada-pedagogu-saieta\/#article","isPartOf":{"@id":"https:\/\/izglitiba.valmierasnovads.lv\/buratino\/2026\/04\/25\/pii-buratino-komanda-gust-uzvaru-nominacija-par-noformejumu-valmieras-novada-pedagogu-saieta\/"},"author":{"name":"ilonaberga","@id":"https:\/\/izglitiba.valmierasnovads.lv\/buratino\/#\/schema\/person\/333388ba78f12d254eb631432575a4a6"},"headline":"PII &#8220;Buratino&#8221; komanda g\u016bst uzvaru nomin\u0101cij\u0101 &#8220;Par noform\u0113jumu&#8221; Valmieras novada pedagogu saiet\u0101!","datePublished":"2026-04-25T10:54:22+00:00","dateModified":"2026-04-25T11:05:06+00:00","mainEntityOfPage":{"@id":"https:\/\/izglitiba.valmierasnovads.lv\/buratino\/2026\/04\/25\/pii-buratino-komanda-gust-uzvaru-nominacija-par-noformejumu-valmieras-novada-pedagogu-saieta\/"},"wordCount":224,"publisher":{"@id":"https:\/\/izglitiba.valmierasnovads.lv\/buratino\/#organization"},"image":{"@id":"https:\/\/izglitiba.valmierasnovads.lv\/buratino\/2026\/04\/25\/pii-buratino-komanda-gust-uzvaru-nominacija-par-noformejumu-valmieras-novada-pedagogu-saieta\/#primaryimage"},"thumbnailUrl":"https:\/\/izglitiba.valmierasnovads.lv\/buratino\/wp-content\/uploads\/sites\/20\/2026\/04\/IMG_20260425_140403.jpg","inLanguage":"lv-LV"},{"@type":"WebPage","@id":"https:\/\/izglitiba.valmierasnovads.lv\/buratino\/2026\/04\/25\/pii-buratino-komanda-gust-uzvaru-nominacija-par-noformejumu-valmieras-novada-pedagogu-saieta\/","url":"https:\/\/izglitiba.valmierasnovads.lv\/buratino\/2026\/04\/25\/pii-buratino-komanda-gust-uzvaru-nominacija-par-noformejumu-valmieras-novada-pedagogu-saieta\/","name":"PII \"Buratino\" komanda g\u016bst uzvaru nomin\u0101cij\u0101 \"Par noform\u0113jumu\" Valmieras novada pedagogu saiet\u0101! - Valmieras pirmsskolas izgl\u012bt\u012bbas iest\u0101de \u201cBuratino\u201d","isPartOf":{"@id":"https:\/\/izglitiba.valmierasnovads.lv\/buratino\/#website"},"primaryImageOfPage":{"@id":"https:\/\/izglitiba.valmierasnovads.lv\/buratino\/2026\/04\/25\/pii-buratino-komanda-gust-uzvaru-nominacija-par-noformejumu-valmieras-novada-pedagogu-saieta\/#primaryimage"},"image":{"@id":"https:\/\/izglitiba.valmierasnovads.lv\/buratino\/2026\/04\/25\/pii-buratino-komanda-gust-uzvaru-nominacija-par-noformejumu-valmieras-novada-pedagogu-saieta\/#primaryimage"},"thumbnailUrl":"https:\/\/izglitiba.valmierasnovads.lv\/buratino\/wp-content\/uploads\/sites\/20\/2026\/04\/IMG_20260425_140403.jpg","datePublished":"2026-04-25T10:54:22+00:00","dateModified":"2026-04-25T11:05:06+00:00","breadcrumb":{"@id":"https:\/\/izglitiba.valmierasnovads.lv\/buratino\/2026\/04\/25\/pii-buratino-komanda-gust-uzvaru-nominacija-par-noformejumu-valmieras-novada-pedagogu-saieta\/#breadcrumb"},"inLanguage":"lv-LV","potentialAction":[{"@type":"ReadAction","target":["https:\/\/izglitiba.valmierasnovads.lv\/buratino\/2026\/04\/25\/pii-buratino-komanda-gust-uzvaru-nominacija-par-noformejumu-valmieras-novada-pedagogu-saieta\/"]}]},{"@type":"ImageObject","inLanguage":"lv-LV","@id":"https:\/\/izglitiba.valmierasnovads.lv\/buratino\/2026\/04\/25\/pii-buratino-komanda-gust-uzvaru-nominacija-par-noformejumu-valmieras-novada-pedagogu-saieta\/#primaryimage","url":"https:\/\/izglitiba.valmierasnovads.lv\/buratino\/wp-content\/uploads\/sites\/20\/2026\/04\/IMG_20260425_140403.jpg","contentUrl":"https:\/\/izglitiba.valmierasnovads.lv\/buratino\/wp-content\/uploads\/sites\/20\/2026\/04\/IMG_20260425_140403.jpg","width":1477,"height":1186},{"@type":"BreadcrumbList","@id":"https:\/\/izglitiba.valmierasnovads.lv\/buratino\/2026\/04\/25\/pii-buratino-komanda-gust-uzvaru-nominacija-par-noformejumu-valmieras-novada-pedagogu-saieta\/#breadcrumb","itemListElement":[{"@type":"ListItem","position":1,"name":"Home","item":"https:\/\/izglitiba.valmierasnovads.lv\/buratino\/"},{"@type":"ListItem","position":2,"name":"PII &#8220;Buratino&#8221; komanda g\u016bst uzvaru nomin\u0101cij\u0101 &#8220;Par noform\u0113jumu&#8221; Valmieras novada pedagogu saiet\u0101!"}]},{"@type":"WebSite","@id":"https:\/\/izglitiba.valmierasnovads.lv\/buratino\/#website","url":"https:\/\/izglitiba.valmierasnovads.lv\/buratino\/","name":"Valmieras pirmsskolas izgl\u012bt\u012bbas iest\u0101de \u201cBuratino\u201d","description":"Buratino Valmiera","publisher":{"@id":"https:\/\/izglitiba.valmierasnovads.lv\/buratino\/#organization"},"potentialAction":[{"@type":"SearchAction","target":{"@type":"EntryPoint","urlTemplate":"https:\/\/izglitiba.valmierasnovads.lv\/buratino\/?s={search_term_string}"},"query-input":{"@type":"PropertyValueSpecification","valueRequired":true,"valueName":"search_term_string"}}],"inLanguage":"lv-LV"},{"@type":"Organization","@id":"https:\/\/izglitiba.valmierasnovads.lv\/buratino\/#organization","name":"Valmieras pirmsskolas izgl\u012bt\u012bbas iest\u0101de \u201cBuratino\u201d","url":"https:\/\/izglitiba.valmierasnovads.lv\/buratino\/","logo":{"@type":"ImageObject","inLanguage":"lv-LV","@id":"https:\/\/izglitiba.valmierasnovads.lv\/buratino\/#\/schema\/logo\/image\/","url":"https:\/\/izglitiba.valmierasnovads.lv\/buratino\/wp-content\/uploads\/sites\/20\/2026\/02\/cropped-Buratino-nosaukums-web-scaled-1.png","contentUrl":"https:\/\/izglitiba.valmierasnovads.lv\/buratino\/wp-content\/uploads\/sites\/20\/2026\/02\/cropped-Buratino-nosaukums-web-scaled-1.png","width":2268,"height":715,"caption":"Valmieras pirmsskolas izgl\u012bt\u012bbas iest\u0101de \u201cBuratino\u201d"},"image":{"@id":"https:\/\/izglitiba.valmierasnovads.lv\/buratino\/#\/schema\/logo\/image\/"}},{"@type":"Person","@id":"https:\/\/izglitiba.valmierasnovads.lv\/buratino\/#\/schema\/person\/333388ba78f12d254eb631432575a4a6","name":"ilonaberga","image":{"@type":"ImageObject","inLanguage":"lv-LV","@id":"https:\/\/izglitiba.valmierasnovads.lv\/buratino\/#\/schema\/person\/image\/","url":"https:\/\/secure.gravatar.com\/avatar\/bc3bd018c92610917a0d0c395045f53357aa5c14f3fca7c100b174c5831e7dd5?s=96&d=mm&r=g","contentUrl":"https:\/\/secure.gravatar.com\/avatar\/bc3bd018c92610917a0d0c395045f53357aa5c14f3fca7c100b174c5831e7dd5?s=96&d=mm&r=g","caption":"ilonaberga"},"url":"https:\/\/izglitiba.valmierasnovads.lv\/buratino\/author\/ilonaberga\/"}]}},"_links":{"self":[{"href":"https:\/\/izglitiba.valmierasnovads.lv\/buratino\/wp-json\/wp\/v2\/posts\/1360","targetHints":{"allow":["GET"]}}],"collection":[{"href":"https:\/\/izglitiba.valmierasnovads.lv\/buratino\/wp-json\/wp\/v2\/posts"}],"about":[{"href":"https:\/\/izglitiba.valmierasnovads.lv\/buratino\/wp-json\/wp\/v2\/types\/post"}],"author":[{"embeddable":true,"href":"https:\/\/izglitiba.valmierasnovads.lv\/buratino\/wp-json\/wp\/v2\/users\/24"}],"replies":[{"embeddable":true,"href":"https:\/\/izglitiba.valmierasnovads.lv\/buratino\/wp-json\/wp\/v2\/comments?post=1360"}],"version-history":[{"count":1,"href":"https:\/\/izglitiba.valmierasnovads.lv\/buratino\/wp-json\/wp\/v2\/posts\/1360\/revisions"}],"predecessor-version":[{"id":1361,"href":"https:\/\/izglitiba.valmierasnovads.lv\/buratino\/wp-json\/wp\/v2\/posts\/1360\/revisions\/1361"}],"wp:featuredmedia":[{"embeddable":true,"href":"https:\/\/izglitiba.valmierasnovads.lv\/buratino\/wp-json\/wp\/v2\/media\/1363"}],"wp:attachment":[{"href":"https:\/\/izglitiba.valmierasnovads.lv\/buratino\/wp-json\/wp\/v2\/media?parent=1360"}],"wp:term":[{"taxonomy":"category","embeddable":true,"href":"https:\/\/izglitiba.valmierasnovads.lv\/buratino\/wp-json\/wp\/v2\/categories?post=1360"},{"taxonomy":"post_tag","embeddable":true,"href":"https:\/\/izglitiba.valmierasnovads.lv\/buratino\/wp-json\/wp\/v2\/tags?post=1360"}],"curies":[{"name":"wp","href":"https:\/\/api.w.org\/{rel}","templated":true}]}}