{"id":1364,"date":"2026-04-27T13:38:56","date_gmt":"2026-04-27T10:38:56","guid":{"rendered":"https:\/\/izglitiba.valmierasnovads.lv\/buratino\/?p=1364"},"modified":"2026-04-27T13:38:56","modified_gmt":"2026-04-27T10:38:56","slug":"lepojamies-ar-albertu","status":"publish","type":"post","link":"https:\/\/izglitiba.valmierasnovads.lv\/buratino\/2026\/04\/27\/lepojamies-ar-albertu\/","title":{"rendered":"Lepojamies ar Albertu!"},"content":{"rendered":"\n<p>2026.gada 26. apr\u012bl\u012b Alberts Pais no grupas &#8220;P\u016bc\u012btes&#8221; piedal\u012bj\u0101s Vidzemes Karate Kluba Iek\u0161\u0113j\u0101 Turn\u012br\u0101 2026, notika Saulkrastos. Sav\u0101 kategorij\u0101 ieguva 2 meda\u013cas: discipl\u012bn\u0101 \u201c\u0100trie un veiklie\u201d 2.vieta (sudrabs), Discipl\u012bn\u0101 \u201cSumo\u201d 1.vieta (zelts).<\/p>\n\n\n\n<p>Lepojamies un nov\u0113lam pan\u0101kumus ar\u012b turpm\u0101k!<\/p>\n","protected":false},"excerpt":{"rendered":"<p>2026.gada 26. apr\u012bl\u012b Alberts Pais no grupas &#8220;P\u016bc\u012btes&#8221; piedal\u012bj\u0101s Vidzemes Karate Kluba Iek\u0161\u0113j\u0101 Turn\u012br\u0101 2026, notika Saulkrastos. Sav\u0101 kategorij\u0101 ieguva [&hellip;]<\/p>\n","protected":false},"author":24,"featured_media":1365,"comment_status":"closed","ping_status":"closed","sticky":false,"template":"","format":"standard","meta":{"_acf_changed":false,"site-sidebar-layout":"default","site-content-layout":"","ast-site-content-layout":"default","site-content-style":"default","site-sidebar-style":"default","ast-global-header-display":"","ast-banner-title-visibility":"","ast-main-header-display":"","ast-hfb-above-header-display":"","ast-hfb-below-header-display":"","ast-hfb-mobile-header-display":"","site-post-title":"","ast-breadcrumbs-content":"","ast-featured-img":"","footer-sml-layout":"","ast-disable-related-posts":"","theme-transparent-header-meta":"","adv-header-id-meta":"","stick-header-meta":"","header-above-stick-meta":"","header-main-stick-meta":"","header-below-stick-meta":"","astra-migrate-meta-layouts":"default","ast-page-background-enabled":"default","ast-page-background-meta":{"desktop":{"background-color":"var(--ast-global-color-5)","background-image":"","background-repeat":"repeat","background-position":"center center","background-size":"auto","background-attachment":"scroll","background-type":"","background-media":"","overlay-type":"","overlay-color":"","overlay-opacity":"","overlay-gradient":""},"tablet":{"background-color":"","background-image":"","background-repeat":"repeat","background-position":"center center","background-size":"auto","background-attachment":"scroll","background-type":"","background-media":"","overlay-type":"","overlay-color":"","overlay-opacity":"","overlay-gradient":""},"mobile":{"background-color":"","background-image":"","background-repeat":"repeat","background-position":"center center","background-size":"auto","background-attachment":"scroll","background-type":"","background-media":"","overlay-type":"","overlay-color":"","overlay-opacity":"","overlay-gradient":""}},"ast-content-background-meta":{"desktop":{"background-color":"var(--ast-global-color-4)","background-image":"","background-repeat":"repeat","background-position":"center center","background-size":"auto","background-attachment":"scroll","background-type":"","background-media":"","overlay-type":"","overlay-color":"","overlay-opacity":"","overlay-gradient":""},"tablet":{"background-color":"var(--ast-global-color-4)","background-image":"","background-repeat":"repeat","background-position":"center center","background-size":"auto","background-attachment":"scroll","background-type":"","background-media":"","overlay-type":"","overlay-color":"","overlay-opacity":"","overlay-gradient":""},"mobile":{"background-color":"var(--ast-global-color-4)","background-image":"","background-repeat":"repeat","background-position":"center center","background-size":"auto","background-attachment":"scroll","background-type":"","background-media":"","overlay-type":"","overlay-color":"","overlay-opacity":"","overlay-gradient":""}},"footnotes":""},"categories":[1],"tags":[],"class_list":["post-1364","post","type-post","status-publish","format-standard","has-post-thumbnail","hentry","category-nekategorizets"],"acf":[],"yoast_head":"<!-- This site is optimized with the Yoast SEO plugin v27.0 - https:\/\/yoast.com\/product\/yoast-seo-wordpress\/ -->\n<title>Lepojamies ar Albertu! - Valmieras pirmsskolas izgl\u012bt\u012bbas iest\u0101de \u201cBuratino\u201d<\/title>\n<meta name=\"robots\" content=\"index, follow, max-snippet:-1, max-image-preview:large, max-video-preview:-1\" \/>\n<link rel=\"canonical\" href=\"https:\/\/izglitiba.valmierasnovads.lv\/buratino\/2026\/04\/27\/lepojamies-ar-albertu\/\" \/>\n<meta property=\"og:locale\" content=\"lv_LV\" \/>\n<meta property=\"og:type\" content=\"article\" \/>\n<meta property=\"og:title\" content=\"Lepojamies ar Albertu! - Valmieras pirmsskolas izgl\u012bt\u012bbas iest\u0101de \u201cBuratino\u201d\" \/>\n<meta property=\"og:description\" content=\"2026.gada 26. apr\u012bl\u012b Alberts Pais no grupas &#8220;P\u016bc\u012btes&#8221; piedal\u012bj\u0101s Vidzemes Karate Kluba Iek\u0161\u0113j\u0101 Turn\u012br\u0101 2026, notika Saulkrastos. Sav\u0101 kategorij\u0101 ieguva [&hellip;]\" \/>\n<meta property=\"og:url\" content=\"https:\/\/izglitiba.valmierasnovads.lv\/buratino\/2026\/04\/27\/lepojamies-ar-albertu\/\" \/>\n<meta property=\"og:site_name\" content=\"Valmieras pirmsskolas izgl\u012bt\u012bbas iest\u0101de \u201cBuratino\u201d\" \/>\n<meta property=\"article:published_time\" content=\"2026-04-27T10:38:56+00:00\" \/>\n<meta property=\"og:image\" content=\"https:\/\/izglitiba.valmierasnovads.lv\/buratino\/wp-content\/uploads\/sites\/20\/2026\/04\/Alberts.jpeg\" \/>\n\t<meta property=\"og:image:width\" content=\"1200\" \/>\n\t<meta property=\"og:image:height\" content=\"1600\" \/>\n\t<meta property=\"og:image:type\" content=\"image\/jpeg\" \/>\n<meta name=\"author\" content=\"ilonaberga\" \/>\n<meta name=\"twitter:card\" content=\"summary_large_image\" \/>\n<meta name=\"twitter:label1\" content=\"Written by\" \/>\n\t<meta name=\"twitter:data1\" content=\"ilonaberga\" \/>\n\t<meta name=\"twitter:label2\" content=\"Est. reading time\" \/>\n\t<meta name=\"twitter:data2\" content=\"1 min\u016bte\" \/>\n<script type=\"application\/ld+json\" class=\"yoast-schema-graph\">{\"@context\":\"https:\/\/schema.org\",\"@graph\":[{\"@type\":\"Article\",\"@id\":\"https:\/\/izglitiba.valmierasnovads.lv\/buratino\/2026\/04\/27\/lepojamies-ar-albertu\/#article\",\"isPartOf\":{\"@id\":\"https:\/\/izglitiba.valmierasnovads.lv\/buratino\/2026\/04\/27\/lepojamies-ar-albertu\/\"},\"author\":{\"name\":\"ilonaberga\",\"@id\":\"https:\/\/izglitiba.valmierasnovads.lv\/buratino\/#\/schema\/person\/333388ba78f12d254eb631432575a4a6\"},\"headline\":\"Lepojamies ar Albertu!\",\"datePublished\":\"2026-04-27T10:38:56+00:00\",\"mainEntityOfPage\":{\"@id\":\"https:\/\/izglitiba.valmierasnovads.lv\/buratino\/2026\/04\/27\/lepojamies-ar-albertu\/\"},\"wordCount\":51,\"publisher\":{\"@id\":\"https:\/\/izglitiba.valmierasnovads.lv\/buratino\/#organization\"},\"image\":{\"@id\":\"https:\/\/izglitiba.valmierasnovads.lv\/buratino\/2026\/04\/27\/lepojamies-ar-albertu\/#primaryimage\"},\"thumbnailUrl\":\"https:\/\/izglitiba.valmierasnovads.lv\/buratino\/wp-content\/uploads\/sites\/20\/2026\/04\/Alberts.jpeg\",\"inLanguage\":\"lv-LV\"},{\"@type\":\"WebPage\",\"@id\":\"https:\/\/izglitiba.valmierasnovads.lv\/buratino\/2026\/04\/27\/lepojamies-ar-albertu\/\",\"url\":\"https:\/\/izglitiba.valmierasnovads.lv\/buratino\/2026\/04\/27\/lepojamies-ar-albertu\/\",\"name\":\"Lepojamies ar Albertu! - Valmieras pirmsskolas izgl\u012bt\u012bbas iest\u0101de \u201cBuratino\u201d\",\"isPartOf\":{\"@id\":\"https:\/\/izglitiba.valmierasnovads.lv\/buratino\/#website\"},\"primaryImageOfPage\":{\"@id\":\"https:\/\/izglitiba.valmierasnovads.lv\/buratino\/2026\/04\/27\/lepojamies-ar-albertu\/#primaryimage\"},\"image\":{\"@id\":\"https:\/\/izglitiba.valmierasnovads.lv\/buratino\/2026\/04\/27\/lepojamies-ar-albertu\/#primaryimage\"},\"thumbnailUrl\":\"https:\/\/izglitiba.valmierasnovads.lv\/buratino\/wp-content\/uploads\/sites\/20\/2026\/04\/Alberts.jpeg\",\"datePublished\":\"2026-04-27T10:38:56+00:00\",\"breadcrumb\":{\"@id\":\"https:\/\/izglitiba.valmierasnovads.lv\/buratino\/2026\/04\/27\/lepojamies-ar-albertu\/#breadcrumb\"},\"inLanguage\":\"lv-LV\",\"potentialAction\":[{\"@type\":\"ReadAction\",\"target\":[\"https:\/\/izglitiba.valmierasnovads.lv\/buratino\/2026\/04\/27\/lepojamies-ar-albertu\/\"]}]},{\"@type\":\"ImageObject\",\"inLanguage\":\"lv-LV\",\"@id\":\"https:\/\/izglitiba.valmierasnovads.lv\/buratino\/2026\/04\/27\/lepojamies-ar-albertu\/#primaryimage\",\"url\":\"https:\/\/izglitiba.valmierasnovads.lv\/buratino\/wp-content\/uploads\/sites\/20\/2026\/04\/Alberts.jpeg\",\"contentUrl\":\"https:\/\/izglitiba.valmierasnovads.lv\/buratino\/wp-content\/uploads\/sites\/20\/2026\/04\/Alberts.jpeg\",\"width\":1200,\"height\":1600},{\"@type\":\"BreadcrumbList\",\"@id\":\"https:\/\/izglitiba.valmierasnovads.lv\/buratino\/2026\/04\/27\/lepojamies-ar-albertu\/#breadcrumb\",\"itemListElement\":[{\"@type\":\"ListItem\",\"position\":1,\"name\":\"Home\",\"item\":\"https:\/\/izglitiba.valmierasnovads.lv\/buratino\/\"},{\"@type\":\"ListItem\",\"position\":2,\"name\":\"Lepojamies ar Albertu!\"}]},{\"@type\":\"WebSite\",\"@id\":\"https:\/\/izglitiba.valmierasnovads.lv\/buratino\/#website\",\"url\":\"https:\/\/izglitiba.valmierasnovads.lv\/buratino\/\",\"name\":\"Valmieras pirmsskolas izgl\u012bt\u012bbas iest\u0101de \u201cBuratino\u201d\",\"description\":\"Buratino Valmiera\",\"publisher\":{\"@id\":\"https:\/\/izglitiba.valmierasnovads.lv\/buratino\/#organization\"},\"potentialAction\":[{\"@type\":\"SearchAction\",\"target\":{\"@type\":\"EntryPoint\",\"urlTemplate\":\"https:\/\/izglitiba.valmierasnovads.lv\/buratino\/?s={search_term_string}\"},\"query-input\":{\"@type\":\"PropertyValueSpecification\",\"valueRequired\":true,\"valueName\":\"search_term_string\"}}],\"inLanguage\":\"lv-LV\"},{\"@type\":\"Organization\",\"@id\":\"https:\/\/izglitiba.valmierasnovads.lv\/buratino\/#organization\",\"name\":\"Valmieras pirmsskolas izgl\u012bt\u012bbas iest\u0101de \u201cBuratino\u201d\",\"url\":\"https:\/\/izglitiba.valmierasnovads.lv\/buratino\/\",\"logo\":{\"@type\":\"ImageObject\",\"inLanguage\":\"lv-LV\",\"@id\":\"https:\/\/izglitiba.valmierasnovads.lv\/buratino\/#\/schema\/logo\/image\/\",\"url\":\"https:\/\/izglitiba.valmierasnovads.lv\/buratino\/wp-content\/uploads\/sites\/20\/2026\/02\/cropped-Buratino-nosaukums-web-scaled-1.png\",\"contentUrl\":\"https:\/\/izglitiba.valmierasnovads.lv\/buratino\/wp-content\/uploads\/sites\/20\/2026\/02\/cropped-Buratino-nosaukums-web-scaled-1.png\",\"width\":2268,\"height\":715,\"caption\":\"Valmieras pirmsskolas izgl\u012bt\u012bbas iest\u0101de \u201cBuratino\u201d\"},\"image\":{\"@id\":\"https:\/\/izglitiba.valmierasnovads.lv\/buratino\/#\/schema\/logo\/image\/\"}},{\"@type\":\"Person\",\"@id\":\"https:\/\/izglitiba.valmierasnovads.lv\/buratino\/#\/schema\/person\/333388ba78f12d254eb631432575a4a6\",\"name\":\"ilonaberga\",\"image\":{\"@type\":\"ImageObject\",\"inLanguage\":\"lv-LV\",\"@id\":\"https:\/\/izglitiba.valmierasnovads.lv\/buratino\/#\/schema\/person\/image\/\",\"url\":\"https:\/\/secure.gravatar.com\/avatar\/bc3bd018c92610917a0d0c395045f53357aa5c14f3fca7c100b174c5831e7dd5?s=96&d=mm&r=g\",\"contentUrl\":\"https:\/\/secure.gravatar.com\/avatar\/bc3bd018c92610917a0d0c395045f53357aa5c14f3fca7c100b174c5831e7dd5?s=96&d=mm&r=g\",\"caption\":\"ilonaberga\"},\"url\":\"https:\/\/izglitiba.valmierasnovads.lv\/buratino\/author\/ilonaberga\/\"}]}<\/script>\n<!-- \/ Yoast SEO plugin. -->","yoast_head_json":{"title":"Lepojamies ar Albertu! - Valmieras pirmsskolas izgl\u012bt\u012bbas iest\u0101de \u201cBuratino\u201d","robots":{"index":"index","follow":"follow","max-snippet":"max-snippet:-1","max-image-preview":"max-image-preview:large","max-video-preview":"max-video-preview:-1"},"canonical":"https:\/\/izglitiba.valmierasnovads.lv\/buratino\/2026\/04\/27\/lepojamies-ar-albertu\/","og_locale":"lv_LV","og_type":"article","og_title":"Lepojamies ar Albertu! - Valmieras pirmsskolas izgl\u012bt\u012bbas iest\u0101de \u201cBuratino\u201d","og_description":"2026.gada 26. apr\u012bl\u012b Alberts Pais no grupas &#8220;P\u016bc\u012btes&#8221; piedal\u012bj\u0101s Vidzemes Karate Kluba Iek\u0161\u0113j\u0101 Turn\u012br\u0101 2026, notika Saulkrastos. Sav\u0101 kategorij\u0101 ieguva [&hellip;]","og_url":"https:\/\/izglitiba.valmierasnovads.lv\/buratino\/2026\/04\/27\/lepojamies-ar-albertu\/","og_site_name":"Valmieras pirmsskolas izgl\u012bt\u012bbas iest\u0101de \u201cBuratino\u201d","article_published_time":"2026-04-27T10:38:56+00:00","og_image":[{"width":1200,"height":1600,"url":"https:\/\/izglitiba.valmierasnovads.lv\/buratino\/wp-content\/uploads\/sites\/20\/2026\/04\/Alberts.jpeg","type":"image\/jpeg"}],"author":"ilonaberga","twitter_card":"summary_large_image","twitter_misc":{"Written by":"ilonaberga","Est. reading time":"1 min\u016bte"},"schema":{"@context":"https:\/\/schema.org","@graph":[{"@type":"Article","@id":"https:\/\/izglitiba.valmierasnovads.lv\/buratino\/2026\/04\/27\/lepojamies-ar-albertu\/#article","isPartOf":{"@id":"https:\/\/izglitiba.valmierasnovads.lv\/buratino\/2026\/04\/27\/lepojamies-ar-albertu\/"},"author":{"name":"ilonaberga","@id":"https:\/\/izglitiba.valmierasnovads.lv\/buratino\/#\/schema\/person\/333388ba78f12d254eb631432575a4a6"},"headline":"Lepojamies ar Albertu!","datePublished":"2026-04-27T10:38:56+00:00","mainEntityOfPage":{"@id":"https:\/\/izglitiba.valmierasnovads.lv\/buratino\/2026\/04\/27\/lepojamies-ar-albertu\/"},"wordCount":51,"publisher":{"@id":"https:\/\/izglitiba.valmierasnovads.lv\/buratino\/#organization"},"image":{"@id":"https:\/\/izglitiba.valmierasnovads.lv\/buratino\/2026\/04\/27\/lepojamies-ar-albertu\/#primaryimage"},"thumbnailUrl":"https:\/\/izglitiba.valmierasnovads.lv\/buratino\/wp-content\/uploads\/sites\/20\/2026\/04\/Alberts.jpeg","inLanguage":"lv-LV"},{"@type":"WebPage","@id":"https:\/\/izglitiba.valmierasnovads.lv\/buratino\/2026\/04\/27\/lepojamies-ar-albertu\/","url":"https:\/\/izglitiba.valmierasnovads.lv\/buratino\/2026\/04\/27\/lepojamies-ar-albertu\/","name":"Lepojamies ar Albertu! - Valmieras pirmsskolas izgl\u012bt\u012bbas iest\u0101de \u201cBuratino\u201d","isPartOf":{"@id":"https:\/\/izglitiba.valmierasnovads.lv\/buratino\/#website"},"primaryImageOfPage":{"@id":"https:\/\/izglitiba.valmierasnovads.lv\/buratino\/2026\/04\/27\/lepojamies-ar-albertu\/#primaryimage"},"image":{"@id":"https:\/\/izglitiba.valmierasnovads.lv\/buratino\/2026\/04\/27\/lepojamies-ar-albertu\/#primaryimage"},"thumbnailUrl":"https:\/\/izglitiba.valmierasnovads.lv\/buratino\/wp-content\/uploads\/sites\/20\/2026\/04\/Alberts.jpeg","datePublished":"2026-04-27T10:38:56+00:00","breadcrumb":{"@id":"https:\/\/izglitiba.valmierasnovads.lv\/buratino\/2026\/04\/27\/lepojamies-ar-albertu\/#breadcrumb"},"inLanguage":"lv-LV","potentialAction":[{"@type":"ReadAction","target":["https:\/\/izglitiba.valmierasnovads.lv\/buratino\/2026\/04\/27\/lepojamies-ar-albertu\/"]}]},{"@type":"ImageObject","inLanguage":"lv-LV","@id":"https:\/\/izglitiba.valmierasnovads.lv\/buratino\/2026\/04\/27\/lepojamies-ar-albertu\/#primaryimage","url":"https:\/\/izglitiba.valmierasnovads.lv\/buratino\/wp-content\/uploads\/sites\/20\/2026\/04\/Alberts.jpeg","contentUrl":"https:\/\/izglitiba.valmierasnovads.lv\/buratino\/wp-content\/uploads\/sites\/20\/2026\/04\/Alberts.jpeg","width":1200,"height":1600},{"@type":"BreadcrumbList","@id":"https:\/\/izglitiba.valmierasnovads.lv\/buratino\/2026\/04\/27\/lepojamies-ar-albertu\/#breadcrumb","itemListElement":[{"@type":"ListItem","position":1,"name":"Home","item":"https:\/\/izglitiba.valmierasnovads.lv\/buratino\/"},{"@type":"ListItem","position":2,"name":"Lepojamies ar Albertu!"}]},{"@type":"WebSite","@id":"https:\/\/izglitiba.valmierasnovads.lv\/buratino\/#website","url":"https:\/\/izglitiba.valmierasnovads.lv\/buratino\/","name":"Valmieras pirmsskolas izgl\u012bt\u012bbas iest\u0101de \u201cBuratino\u201d","description":"Buratino Valmiera","publisher":{"@id":"https:\/\/izglitiba.valmierasnovads.lv\/buratino\/#organization"},"potentialAction":[{"@type":"SearchAction","target":{"@type":"EntryPoint","urlTemplate":"https:\/\/izglitiba.valmierasnovads.lv\/buratino\/?s={search_term_string}"},"query-input":{"@type":"PropertyValueSpecification","valueRequired":true,"valueName":"search_term_string"}}],"inLanguage":"lv-LV"},{"@type":"Organization","@id":"https:\/\/izglitiba.valmierasnovads.lv\/buratino\/#organization","name":"Valmieras pirmsskolas izgl\u012bt\u012bbas iest\u0101de \u201cBuratino\u201d","url":"https:\/\/izglitiba.valmierasnovads.lv\/buratino\/","logo":{"@type":"ImageObject","inLanguage":"lv-LV","@id":"https:\/\/izglitiba.valmierasnovads.lv\/buratino\/#\/schema\/logo\/image\/","url":"https:\/\/izglitiba.valmierasnovads.lv\/buratino\/wp-content\/uploads\/sites\/20\/2026\/02\/cropped-Buratino-nosaukums-web-scaled-1.png","contentUrl":"https:\/\/izglitiba.valmierasnovads.lv\/buratino\/wp-content\/uploads\/sites\/20\/2026\/02\/cropped-Buratino-nosaukums-web-scaled-1.png","width":2268,"height":715,"caption":"Valmieras pirmsskolas izgl\u012bt\u012bbas iest\u0101de \u201cBuratino\u201d"},"image":{"@id":"https:\/\/izglitiba.valmierasnovads.lv\/buratino\/#\/schema\/logo\/image\/"}},{"@type":"Person","@id":"https:\/\/izglitiba.valmierasnovads.lv\/buratino\/#\/schema\/person\/333388ba78f12d254eb631432575a4a6","name":"ilonaberga","image":{"@type":"ImageObject","inLanguage":"lv-LV","@id":"https:\/\/izglitiba.valmierasnovads.lv\/buratino\/#\/schema\/person\/image\/","url":"https:\/\/secure.gravatar.com\/avatar\/bc3bd018c92610917a0d0c395045f53357aa5c14f3fca7c100b174c5831e7dd5?s=96&d=mm&r=g","contentUrl":"https:\/\/secure.gravatar.com\/avatar\/bc3bd018c92610917a0d0c395045f53357aa5c14f3fca7c100b174c5831e7dd5?s=96&d=mm&r=g","caption":"ilonaberga"},"url":"https:\/\/izglitiba.valmierasnovads.lv\/buratino\/author\/ilonaberga\/"}]}},"_links":{"self":[{"href":"https:\/\/izglitiba.valmierasnovads.lv\/buratino\/wp-json\/wp\/v2\/posts\/1364","targetHints":{"allow":["GET"]}}],"collection":[{"href":"https:\/\/izglitiba.valmierasnovads.lv\/buratino\/wp-json\/wp\/v2\/posts"}],"about":[{"href":"https:\/\/izglitiba.valmierasnovads.lv\/buratino\/wp-json\/wp\/v2\/types\/post"}],"author":[{"embeddable":true,"href":"https:\/\/izglitiba.valmierasnovads.lv\/buratino\/wp-json\/wp\/v2\/users\/24"}],"replies":[{"embeddable":true,"href":"https:\/\/izglitiba.valmierasnovads.lv\/buratino\/wp-json\/wp\/v2\/comments?post=1364"}],"version-history":[{"count":1,"href":"https:\/\/izglitiba.valmierasnovads.lv\/buratino\/wp-json\/wp\/v2\/posts\/1364\/revisions"}],"predecessor-version":[{"id":1366,"href":"https:\/\/izglitiba.valmierasnovads.lv\/buratino\/wp-json\/wp\/v2\/posts\/1364\/revisions\/1366"}],"wp:featuredmedia":[{"embeddable":true,"href":"https:\/\/izglitiba.valmierasnovads.lv\/buratino\/wp-json\/wp\/v2\/media\/1365"}],"wp:attachment":[{"href":"https:\/\/izglitiba.valmierasnovads.lv\/buratino\/wp-json\/wp\/v2\/media?parent=1364"}],"wp:term":[{"taxonomy":"category","embeddable":true,"href":"https:\/\/izglitiba.valmierasnovads.lv\/buratino\/wp-json\/wp\/v2\/categories?post=1364"},{"taxonomy":"post_tag","embeddable":true,"href":"https:\/\/izglitiba.valmierasnovads.lv\/buratino\/wp-json\/wp\/v2\/tags?post=1364"}],"curies":[{"name":"wp","href":"https:\/\/api.w.org\/{rel}","templated":true}]}}