{"id":49,"date":"2025-04-23T16:28:46","date_gmt":"2025-04-23T13:28:46","guid":{"rendered":"https:\/\/izglitiba.valmierasnovads.lv\/buratino\/?p=49"},"modified":"2026-02-20T10:46:32","modified_gmt":"2026-02-20T08:46:32","slug":"jauna-majas-lapa","status":"publish","type":"post","link":"https:\/\/izglitiba.valmierasnovads.lv\/buratino\/2025\/04\/23\/jauna-majas-lapa\/","title":{"rendered":"Laipni l\u016bdzam pirmsskolas izgl\u012bt\u012bbas iest\u0101des &#8220;Buratino&#8221; m\u0101jaslap\u0101!"},"content":{"rendered":"\n<p class=\"has-text-align-center has-pale-cyan-blue-background-color has-background has-medium-font-size\"><strong>PII &#8220;Buratino&#8221; \u012bsteno izgl\u012bt\u012bbas programmas: <\/strong><\/p>\n\n\n\n<ul class=\"wp-block-list\">\n<li class=\"has-black-color has-ast-global-color-7-background-color has-text-color has-background has-link-color has-medium-font-size wp-elements-73d9c019c73c513716f7e2fcf31f55cb\">01011111 \u2013 Pirmsskolas izgl\u012bt\u012bbas visp\u0101rizgl\u012btojo\u0161\u0101s pirmsskolas izgl\u012bt\u012bbas programmas \u2013 programmas latvie\u0161u m\u0101c\u012bbvalod\u0101;<\/li>\n\n\n\n<li class=\"has-black-color has-ast-global-color-7-background-color has-text-color has-background has-link-color has-medium-font-size wp-elements-44ae2901fab0895f105ba6fcd10ab505\">01015511 \u2013\u00a0Pirmsskolas izgl\u012bt\u012bbas speci\u0101l\u0101s pirmsskolas izgl\u012bt\u012bbas programmas programmas izgl\u012btojamiem ar valodas att\u012bst\u012bbas trauc\u0113jumiem \u2013 programmas latvie\u0161u m\u0101c\u012bbvalod\u0101;<\/li>\n\n\n\n<li class=\"has-black-color has-ast-global-color-7-background-color has-text-color has-background has-link-color has-medium-font-size wp-elements-5aab2eb568a463274efe74f067b0328a\">01015311 \u2013\u00a0Pirmsskolas izgl\u012bt\u012bbas speci\u0101l\u0101s pirmsskolas izgl\u012bt\u012bbas programmas programmas izgl\u012btojamiem ar fizisk\u0101s att\u012bst\u012bbas trauc\u0113jumiem \u2013 programmas latvie\u0161u m\u0101c\u012bbvalod\u0101;<\/li>\n\n\n\n<li class=\"has-black-color has-ast-global-color-7-background-color has-text-color has-background has-link-color has-medium-font-size wp-elements-41b5455e27acead486a3f50b61569bbb\">01015411 \u2013\u00a0Pirmsskolas izgl\u012bt\u012bbas speci\u0101l\u0101s pirmsskolas izgl\u012bt\u012bbas programmas programmas izgl\u012btojamiem ar somatisk\u0101m saslim\u0161an\u0101m \u2013 programmas latvie\u0161u m\u0101c\u012bbvalod\u0101.<\/li>\n<\/ul>\n\n\n\n<p class=\"has-text-align-center has-pale-cyan-blue-background-color has-background has-medium-font-size\"><strong>Darba laiks:<\/strong><\/p>\n\n\n\n<p class=\"has-text-align-center has-ast-global-color-5-background-color has-background has-medium-font-size\">Pirmdiena &#8211; piektdiena 7.30 &#8211; 19.00 <\/p>\n\n\n\n<p class=\"has-text-align-center has-ast-global-color-5-background-color has-background has-medium-font-size\">Pirmdiena &#8211; piektdiena 7.30 &#8211; 18.30 fili\u0101l\u0113 grup\u0101 &#8220;P\u016bc\u012btes&#8221;<\/p>\n\n\n\n<p class=\"has-text-align-center has-ast-global-color-5-background-color has-background has-medium-font-size\">Sestdiena, sv\u0113tdiena &#8211; br\u012bvs<\/p>\n\n\n\n<p class=\"has-text-align-center has-pale-cyan-blue-background-color has-background has-medium-font-size\"><strong>M\u016bsu adrese:<\/strong><\/p>\n\n\n\n<p class=\"has-text-align-center has-ast-global-color-5-background-color has-background has-medium-font-size\">Be\u0101tes iela 42, Valmiera, LV &#8211; 4201<\/p>\n\n\n\n<p class=\"has-text-align-center has-ast-global-color-5-background-color has-background has-medium-font-size\">(fili\u0101le) P\u0101vila Roz\u012b\u0161a iela 40A, Valmiera, LV &#8211; 4201<\/p>\n\n\n\n<p class=\"has-ast-global-color-7-background-color has-background\"><strong>Pirmsskolas izgl\u012bt\u012bbas iest\u0101des &#8220;Buratino&#8221; vad\u012bt\u0101ja Sarm\u012bte Bukava<\/strong><\/p>\n\n\n\n<p><\/p>\n","protected":false},"excerpt":{"rendered":"<p>PII &#8220;Buratino&#8221; \u012bsteno izgl\u012bt\u012bbas programmas: Darba laiks: Pirmdiena &#8211; piektdiena 7.30 &#8211; 19.00 Pirmdiena &#8211; piektdiena 7.30 &#8211; 18.30 fili\u0101l\u0113 [&hellip;]<\/p>\n","protected":false},"author":1,"featured_media":864,"comment_status":"closed","ping_status":"closed","sticky":false,"template":"","format":"standard","meta":{"_acf_changed":false,"site-sidebar-layout":"default","site-content-layout":"","ast-site-content-layout":"default","site-content-style":"default","site-sidebar-style":"default","ast-global-header-display":"","ast-banner-title-visibility":"","ast-main-header-display":"","ast-hfb-above-header-display":"","ast-hfb-below-header-display":"","ast-hfb-mobile-header-display":"","site-post-title":"","ast-breadcrumbs-content":"","ast-featured-img":"","footer-sml-layout":"","ast-disable-related-posts":"","theme-transparent-header-meta":"","adv-header-id-meta":"","stick-header-meta":"","header-above-stick-meta":"","header-main-stick-meta":"","header-below-stick-meta":"","astra-migrate-meta-layouts":"default","ast-page-background-enabled":"default","ast-page-background-meta":{"desktop":{"background-color":"var(--ast-global-color-5)","background-image":"","background-repeat":"repeat","background-position":"center center","background-size":"auto","background-attachment":"scroll","background-type":"","background-media":"","overlay-type":"","overlay-color":"","overlay-opacity":"","overlay-gradient":""},"tablet":{"background-color":"","background-image":"","background-repeat":"repeat","background-position":"center center","background-size":"auto","background-attachment":"scroll","background-type":"","background-media":"","overlay-type":"","overlay-color":"","overlay-opacity":"","overlay-gradient":""},"mobile":{"background-color":"","background-image":"","background-repeat":"repeat","background-position":"center center","background-size":"auto","background-attachment":"scroll","background-type":"","background-media":"","overlay-type":"","overlay-color":"","overlay-opacity":"","overlay-gradient":""}},"ast-content-background-meta":{"desktop":{"background-color":"var(--ast-global-color-4)","background-image":"","background-repeat":"repeat","background-position":"center center","background-size":"auto","background-attachment":"scroll","background-type":"","background-media":"","overlay-type":"","overlay-color":"","overlay-opacity":"","overlay-gradient":""},"tablet":{"background-color":"var(--ast-global-color-4)","background-image":"","background-repeat":"repeat","background-position":"center center","background-size":"auto","background-attachment":"scroll","background-type":"","background-media":"","overlay-type":"","overlay-color":"","overlay-opacity":"","overlay-gradient":""},"mobile":{"background-color":"var(--ast-global-color-4)","background-image":"","background-repeat":"repeat","background-position":"center center","background-size":"auto","background-attachment":"scroll","background-type":"","background-media":"","overlay-type":"","overlay-color":"","overlay-opacity":"","overlay-gradient":""}},"footnotes":""},"categories":[5],"tags":[],"class_list":["post-49","post","type-post","status-publish","format-standard","has-post-thumbnail","hentry","category-par-mums"],"acf":[],"yoast_head":"<!-- This site is optimized with the Yoast SEO plugin v27.0 - https:\/\/yoast.com\/product\/yoast-seo-wordpress\/ -->\n<title>Laipni l\u016bdzam pirmsskolas izgl\u012bt\u012bbas iest\u0101des &quot;Buratino&quot; m\u0101jaslap\u0101! - Valmieras pirmsskolas izgl\u012bt\u012bbas iest\u0101de \u201cBuratino\u201d<\/title>\n<meta name=\"robots\" content=\"index, follow, max-snippet:-1, max-image-preview:large, max-video-preview:-1\" \/>\n<link rel=\"canonical\" href=\"https:\/\/izglitiba.valmierasnovads.lv\/buratino\/2025\/04\/23\/jauna-majas-lapa\/\" \/>\n<meta property=\"og:locale\" content=\"lv_LV\" \/>\n<meta property=\"og:type\" content=\"article\" \/>\n<meta property=\"og:title\" content=\"Laipni l\u016bdzam pirmsskolas izgl\u012bt\u012bbas iest\u0101des &quot;Buratino&quot; m\u0101jaslap\u0101! - Valmieras pirmsskolas izgl\u012bt\u012bbas iest\u0101de \u201cBuratino\u201d\" \/>\n<meta property=\"og:description\" content=\"PII &#8220;Buratino&#8221; \u012bsteno izgl\u012bt\u012bbas programmas: Darba laiks: Pirmdiena &#8211; piektdiena 7.30 &#8211; 19.00 Pirmdiena &#8211; piektdiena 7.30 &#8211; 18.30 fili\u0101l\u0113 [&hellip;]\" \/>\n<meta property=\"og:url\" content=\"https:\/\/izglitiba.valmierasnovads.lv\/buratino\/2025\/04\/23\/jauna-majas-lapa\/\" \/>\n<meta property=\"og:site_name\" content=\"Valmieras pirmsskolas izgl\u012bt\u012bbas iest\u0101de \u201cBuratino\u201d\" \/>\n<meta property=\"article:published_time\" content=\"2025-04-23T13:28:46+00:00\" \/>\n<meta property=\"article:modified_time\" content=\"2026-02-20T08:46:32+00:00\" \/>\n<meta property=\"og:image\" content=\"https:\/\/izglitiba.valmierasnovads.lv\/buratino\/wp-content\/uploads\/sites\/20\/2025\/04\/20250823_135911-1-scaled.jpg\" \/>\n\t<meta property=\"og:image:width\" content=\"2560\" \/>\n\t<meta property=\"og:image:height\" content=\"1182\" \/>\n\t<meta property=\"og:image:type\" content=\"image\/jpeg\" \/>\n<meta name=\"author\" content=\"admin_wp\" \/>\n<meta name=\"twitter:card\" content=\"summary_large_image\" \/>\n<meta name=\"twitter:label1\" content=\"Written by\" \/>\n\t<meta name=\"twitter:data1\" content=\"admin_wp\" \/>\n\t<meta name=\"twitter:label2\" content=\"Est. reading time\" \/>\n\t<meta name=\"twitter:data2\" content=\"1 min\u016bte\" \/>\n<script type=\"application\/ld+json\" class=\"yoast-schema-graph\">{\"@context\":\"https:\/\/schema.org\",\"@graph\":[{\"@type\":\"Article\",\"@id\":\"https:\/\/izglitiba.valmierasnovads.lv\/buratino\/2025\/04\/23\/jauna-majas-lapa\/#article\",\"isPartOf\":{\"@id\":\"https:\/\/izglitiba.valmierasnovads.lv\/buratino\/2025\/04\/23\/jauna-majas-lapa\/\"},\"author\":{\"name\":\"admin_wp\",\"@id\":\"https:\/\/izglitiba.valmierasnovads.lv\/buratino\/#\/schema\/person\/79e8fd5e546004b2d0d2061492f46015\"},\"headline\":\"Laipni l\u016bdzam pirmsskolas izgl\u012bt\u012bbas iest\u0101des &#8220;Buratino&#8221; m\u0101jaslap\u0101!\",\"datePublished\":\"2025-04-23T13:28:46+00:00\",\"dateModified\":\"2026-02-20T08:46:32+00:00\",\"mainEntityOfPage\":{\"@id\":\"https:\/\/izglitiba.valmierasnovads.lv\/buratino\/2025\/04\/23\/jauna-majas-lapa\/\"},\"wordCount\":177,\"publisher\":{\"@id\":\"https:\/\/izglitiba.valmierasnovads.lv\/buratino\/#organization\"},\"image\":{\"@id\":\"https:\/\/izglitiba.valmierasnovads.lv\/buratino\/2025\/04\/23\/jauna-majas-lapa\/#primaryimage\"},\"thumbnailUrl\":\"https:\/\/izglitiba.valmierasnovads.lv\/buratino\/wp-content\/uploads\/sites\/20\/2025\/04\/20250823_135911-1-scaled.jpg\",\"articleSection\":[\"Par mums\"],\"inLanguage\":\"lv-LV\"},{\"@type\":\"WebPage\",\"@id\":\"https:\/\/izglitiba.valmierasnovads.lv\/buratino\/2025\/04\/23\/jauna-majas-lapa\/\",\"url\":\"https:\/\/izglitiba.valmierasnovads.lv\/buratino\/2025\/04\/23\/jauna-majas-lapa\/\",\"name\":\"Laipni l\u016bdzam pirmsskolas izgl\u012bt\u012bbas iest\u0101des \\\"Buratino\\\" m\u0101jaslap\u0101! - Valmieras pirmsskolas izgl\u012bt\u012bbas iest\u0101de \u201cBuratino\u201d\",\"isPartOf\":{\"@id\":\"https:\/\/izglitiba.valmierasnovads.lv\/buratino\/#website\"},\"primaryImageOfPage\":{\"@id\":\"https:\/\/izglitiba.valmierasnovads.lv\/buratino\/2025\/04\/23\/jauna-majas-lapa\/#primaryimage\"},\"image\":{\"@id\":\"https:\/\/izglitiba.valmierasnovads.lv\/buratino\/2025\/04\/23\/jauna-majas-lapa\/#primaryimage\"},\"thumbnailUrl\":\"https:\/\/izglitiba.valmierasnovads.lv\/buratino\/wp-content\/uploads\/sites\/20\/2025\/04\/20250823_135911-1-scaled.jpg\",\"datePublished\":\"2025-04-23T13:28:46+00:00\",\"dateModified\":\"2026-02-20T08:46:32+00:00\",\"breadcrumb\":{\"@id\":\"https:\/\/izglitiba.valmierasnovads.lv\/buratino\/2025\/04\/23\/jauna-majas-lapa\/#breadcrumb\"},\"inLanguage\":\"lv-LV\",\"potentialAction\":[{\"@type\":\"ReadAction\",\"target\":[\"https:\/\/izglitiba.valmierasnovads.lv\/buratino\/2025\/04\/23\/jauna-majas-lapa\/\"]}]},{\"@type\":\"ImageObject\",\"inLanguage\":\"lv-LV\",\"@id\":\"https:\/\/izglitiba.valmierasnovads.lv\/buratino\/2025\/04\/23\/jauna-majas-lapa\/#primaryimage\",\"url\":\"https:\/\/izglitiba.valmierasnovads.lv\/buratino\/wp-content\/uploads\/sites\/20\/2025\/04\/20250823_135911-1-scaled.jpg\",\"contentUrl\":\"https:\/\/izglitiba.valmierasnovads.lv\/buratino\/wp-content\/uploads\/sites\/20\/2025\/04\/20250823_135911-1-scaled.jpg\",\"width\":2560,\"height\":1182},{\"@type\":\"BreadcrumbList\",\"@id\":\"https:\/\/izglitiba.valmierasnovads.lv\/buratino\/2025\/04\/23\/jauna-majas-lapa\/#breadcrumb\",\"itemListElement\":[{\"@type\":\"ListItem\",\"position\":1,\"name\":\"Home\",\"item\":\"https:\/\/izglitiba.valmierasnovads.lv\/buratino\/\"},{\"@type\":\"ListItem\",\"position\":2,\"name\":\"Laipni l\u016bdzam pirmsskolas izgl\u012bt\u012bbas iest\u0101des &#8220;Buratino&#8221; m\u0101jaslap\u0101!\"}]},{\"@type\":\"WebSite\",\"@id\":\"https:\/\/izglitiba.valmierasnovads.lv\/buratino\/#website\",\"url\":\"https:\/\/izglitiba.valmierasnovads.lv\/buratino\/\",\"name\":\"Valmieras pirmsskolas izgl\u012bt\u012bbas iest\u0101de \u201cBuratino\u201d\",\"description\":\"Buratino Valmiera\",\"publisher\":{\"@id\":\"https:\/\/izglitiba.valmierasnovads.lv\/buratino\/#organization\"},\"potentialAction\":[{\"@type\":\"SearchAction\",\"target\":{\"@type\":\"EntryPoint\",\"urlTemplate\":\"https:\/\/izglitiba.valmierasnovads.lv\/buratino\/?s={search_term_string}\"},\"query-input\":{\"@type\":\"PropertyValueSpecification\",\"valueRequired\":true,\"valueName\":\"search_term_string\"}}],\"inLanguage\":\"lv-LV\"},{\"@type\":\"Organization\",\"@id\":\"https:\/\/izglitiba.valmierasnovads.lv\/buratino\/#organization\",\"name\":\"Valmieras pirmsskolas izgl\u012bt\u012bbas iest\u0101de \u201cBuratino\u201d\",\"url\":\"https:\/\/izglitiba.valmierasnovads.lv\/buratino\/\",\"logo\":{\"@type\":\"ImageObject\",\"inLanguage\":\"lv-LV\",\"@id\":\"https:\/\/izglitiba.valmierasnovads.lv\/buratino\/#\/schema\/logo\/image\/\",\"url\":\"https:\/\/izglitiba.valmierasnovads.lv\/buratino\/wp-content\/uploads\/sites\/20\/2026\/02\/cropped-Buratino-nosaukums-web-scaled-1.png\",\"contentUrl\":\"https:\/\/izglitiba.valmierasnovads.lv\/buratino\/wp-content\/uploads\/sites\/20\/2026\/02\/cropped-Buratino-nosaukums-web-scaled-1.png\",\"width\":2268,\"height\":715,\"caption\":\"Valmieras pirmsskolas izgl\u012bt\u012bbas iest\u0101de \u201cBuratino\u201d\"},\"image\":{\"@id\":\"https:\/\/izglitiba.valmierasnovads.lv\/buratino\/#\/schema\/logo\/image\/\"}},{\"@type\":\"Person\",\"@id\":\"https:\/\/izglitiba.valmierasnovads.lv\/buratino\/#\/schema\/person\/79e8fd5e546004b2d0d2061492f46015\",\"name\":\"admin_wp\",\"image\":{\"@type\":\"ImageObject\",\"inLanguage\":\"lv-LV\",\"@id\":\"https:\/\/izglitiba.valmierasnovads.lv\/buratino\/#\/schema\/person\/image\/\",\"url\":\"https:\/\/secure.gravatar.com\/avatar\/f619e85d328ffeaf8b718c0da34896a53a9dac1a171b94dd3dc7783cf0617cbe?s=96&d=mm&r=g\",\"contentUrl\":\"https:\/\/secure.gravatar.com\/avatar\/f619e85d328ffeaf8b718c0da34896a53a9dac1a171b94dd3dc7783cf0617cbe?s=96&d=mm&r=g\",\"caption\":\"admin_wp\"},\"sameAs\":[\"https:\/\/izglitiba.valmierasnovads.lv\"],\"url\":\"https:\/\/izglitiba.valmierasnovads.lv\/buratino\/author\/admin_wp\/\"}]}<\/script>\n<!-- \/ Yoast SEO plugin. -->","yoast_head_json":{"title":"Laipni l\u016bdzam pirmsskolas izgl\u012bt\u012bbas iest\u0101des \"Buratino\" m\u0101jaslap\u0101! - Valmieras pirmsskolas izgl\u012bt\u012bbas iest\u0101de \u201cBuratino\u201d","robots":{"index":"index","follow":"follow","max-snippet":"max-snippet:-1","max-image-preview":"max-image-preview:large","max-video-preview":"max-video-preview:-1"},"canonical":"https:\/\/izglitiba.valmierasnovads.lv\/buratino\/2025\/04\/23\/jauna-majas-lapa\/","og_locale":"lv_LV","og_type":"article","og_title":"Laipni l\u016bdzam pirmsskolas izgl\u012bt\u012bbas iest\u0101des \"Buratino\" m\u0101jaslap\u0101! - Valmieras pirmsskolas izgl\u012bt\u012bbas iest\u0101de \u201cBuratino\u201d","og_description":"PII &#8220;Buratino&#8221; \u012bsteno izgl\u012bt\u012bbas programmas: Darba laiks: Pirmdiena &#8211; piektdiena 7.30 &#8211; 19.00 Pirmdiena &#8211; piektdiena 7.30 &#8211; 18.30 fili\u0101l\u0113 [&hellip;]","og_url":"https:\/\/izglitiba.valmierasnovads.lv\/buratino\/2025\/04\/23\/jauna-majas-lapa\/","og_site_name":"Valmieras pirmsskolas izgl\u012bt\u012bbas iest\u0101de \u201cBuratino\u201d","article_published_time":"2025-04-23T13:28:46+00:00","article_modified_time":"2026-02-20T08:46:32+00:00","og_image":[{"width":2560,"height":1182,"url":"https:\/\/izglitiba.valmierasnovads.lv\/buratino\/wp-content\/uploads\/sites\/20\/2025\/04\/20250823_135911-1-scaled.jpg","type":"image\/jpeg"}],"author":"admin_wp","twitter_card":"summary_large_image","twitter_misc":{"Written by":"admin_wp","Est. reading time":"1 min\u016bte"},"schema":{"@context":"https:\/\/schema.org","@graph":[{"@type":"Article","@id":"https:\/\/izglitiba.valmierasnovads.lv\/buratino\/2025\/04\/23\/jauna-majas-lapa\/#article","isPartOf":{"@id":"https:\/\/izglitiba.valmierasnovads.lv\/buratino\/2025\/04\/23\/jauna-majas-lapa\/"},"author":{"name":"admin_wp","@id":"https:\/\/izglitiba.valmierasnovads.lv\/buratino\/#\/schema\/person\/79e8fd5e546004b2d0d2061492f46015"},"headline":"Laipni l\u016bdzam pirmsskolas izgl\u012bt\u012bbas iest\u0101des &#8220;Buratino&#8221; m\u0101jaslap\u0101!","datePublished":"2025-04-23T13:28:46+00:00","dateModified":"2026-02-20T08:46:32+00:00","mainEntityOfPage":{"@id":"https:\/\/izglitiba.valmierasnovads.lv\/buratino\/2025\/04\/23\/jauna-majas-lapa\/"},"wordCount":177,"publisher":{"@id":"https:\/\/izglitiba.valmierasnovads.lv\/buratino\/#organization"},"image":{"@id":"https:\/\/izglitiba.valmierasnovads.lv\/buratino\/2025\/04\/23\/jauna-majas-lapa\/#primaryimage"},"thumbnailUrl":"https:\/\/izglitiba.valmierasnovads.lv\/buratino\/wp-content\/uploads\/sites\/20\/2025\/04\/20250823_135911-1-scaled.jpg","articleSection":["Par mums"],"inLanguage":"lv-LV"},{"@type":"WebPage","@id":"https:\/\/izglitiba.valmierasnovads.lv\/buratino\/2025\/04\/23\/jauna-majas-lapa\/","url":"https:\/\/izglitiba.valmierasnovads.lv\/buratino\/2025\/04\/23\/jauna-majas-lapa\/","name":"Laipni l\u016bdzam pirmsskolas izgl\u012bt\u012bbas iest\u0101des \"Buratino\" m\u0101jaslap\u0101! - Valmieras pirmsskolas izgl\u012bt\u012bbas iest\u0101de \u201cBuratino\u201d","isPartOf":{"@id":"https:\/\/izglitiba.valmierasnovads.lv\/buratino\/#website"},"primaryImageOfPage":{"@id":"https:\/\/izglitiba.valmierasnovads.lv\/buratino\/2025\/04\/23\/jauna-majas-lapa\/#primaryimage"},"image":{"@id":"https:\/\/izglitiba.valmierasnovads.lv\/buratino\/2025\/04\/23\/jauna-majas-lapa\/#primaryimage"},"thumbnailUrl":"https:\/\/izglitiba.valmierasnovads.lv\/buratino\/wp-content\/uploads\/sites\/20\/2025\/04\/20250823_135911-1-scaled.jpg","datePublished":"2025-04-23T13:28:46+00:00","dateModified":"2026-02-20T08:46:32+00:00","breadcrumb":{"@id":"https:\/\/izglitiba.valmierasnovads.lv\/buratino\/2025\/04\/23\/jauna-majas-lapa\/#breadcrumb"},"inLanguage":"lv-LV","potentialAction":[{"@type":"ReadAction","target":["https:\/\/izglitiba.valmierasnovads.lv\/buratino\/2025\/04\/23\/jauna-majas-lapa\/"]}]},{"@type":"ImageObject","inLanguage":"lv-LV","@id":"https:\/\/izglitiba.valmierasnovads.lv\/buratino\/2025\/04\/23\/jauna-majas-lapa\/#primaryimage","url":"https:\/\/izglitiba.valmierasnovads.lv\/buratino\/wp-content\/uploads\/sites\/20\/2025\/04\/20250823_135911-1-scaled.jpg","contentUrl":"https:\/\/izglitiba.valmierasnovads.lv\/buratino\/wp-content\/uploads\/sites\/20\/2025\/04\/20250823_135911-1-scaled.jpg","width":2560,"height":1182},{"@type":"BreadcrumbList","@id":"https:\/\/izglitiba.valmierasnovads.lv\/buratino\/2025\/04\/23\/jauna-majas-lapa\/#breadcrumb","itemListElement":[{"@type":"ListItem","position":1,"name":"Home","item":"https:\/\/izglitiba.valmierasnovads.lv\/buratino\/"},{"@type":"ListItem","position":2,"name":"Laipni l\u016bdzam pirmsskolas izgl\u012bt\u012bbas iest\u0101des &#8220;Buratino&#8221; m\u0101jaslap\u0101!"}]},{"@type":"WebSite","@id":"https:\/\/izglitiba.valmierasnovads.lv\/buratino\/#website","url":"https:\/\/izglitiba.valmierasnovads.lv\/buratino\/","name":"Valmieras pirmsskolas izgl\u012bt\u012bbas iest\u0101de \u201cBuratino\u201d","description":"Buratino Valmiera","publisher":{"@id":"https:\/\/izglitiba.valmierasnovads.lv\/buratino\/#organization"},"potentialAction":[{"@type":"SearchAction","target":{"@type":"EntryPoint","urlTemplate":"https:\/\/izglitiba.valmierasnovads.lv\/buratino\/?s={search_term_string}"},"query-input":{"@type":"PropertyValueSpecification","valueRequired":true,"valueName":"search_term_string"}}],"inLanguage":"lv-LV"},{"@type":"Organization","@id":"https:\/\/izglitiba.valmierasnovads.lv\/buratino\/#organization","name":"Valmieras pirmsskolas izgl\u012bt\u012bbas iest\u0101de \u201cBuratino\u201d","url":"https:\/\/izglitiba.valmierasnovads.lv\/buratino\/","logo":{"@type":"ImageObject","inLanguage":"lv-LV","@id":"https:\/\/izglitiba.valmierasnovads.lv\/buratino\/#\/schema\/logo\/image\/","url":"https:\/\/izglitiba.valmierasnovads.lv\/buratino\/wp-content\/uploads\/sites\/20\/2026\/02\/cropped-Buratino-nosaukums-web-scaled-1.png","contentUrl":"https:\/\/izglitiba.valmierasnovads.lv\/buratino\/wp-content\/uploads\/sites\/20\/2026\/02\/cropped-Buratino-nosaukums-web-scaled-1.png","width":2268,"height":715,"caption":"Valmieras pirmsskolas izgl\u012bt\u012bbas iest\u0101de \u201cBuratino\u201d"},"image":{"@id":"https:\/\/izglitiba.valmierasnovads.lv\/buratino\/#\/schema\/logo\/image\/"}},{"@type":"Person","@id":"https:\/\/izglitiba.valmierasnovads.lv\/buratino\/#\/schema\/person\/79e8fd5e546004b2d0d2061492f46015","name":"admin_wp","image":{"@type":"ImageObject","inLanguage":"lv-LV","@id":"https:\/\/izglitiba.valmierasnovads.lv\/buratino\/#\/schema\/person\/image\/","url":"https:\/\/secure.gravatar.com\/avatar\/f619e85d328ffeaf8b718c0da34896a53a9dac1a171b94dd3dc7783cf0617cbe?s=96&d=mm&r=g","contentUrl":"https:\/\/secure.gravatar.com\/avatar\/f619e85d328ffeaf8b718c0da34896a53a9dac1a171b94dd3dc7783cf0617cbe?s=96&d=mm&r=g","caption":"admin_wp"},"sameAs":["https:\/\/izglitiba.valmierasnovads.lv"],"url":"https:\/\/izglitiba.valmierasnovads.lv\/buratino\/author\/admin_wp\/"}]}},"_links":{"self":[{"href":"https:\/\/izglitiba.valmierasnovads.lv\/buratino\/wp-json\/wp\/v2\/posts\/49","targetHints":{"allow":["GET"]}}],"collection":[{"href":"https:\/\/izglitiba.valmierasnovads.lv\/buratino\/wp-json\/wp\/v2\/posts"}],"about":[{"href":"https:\/\/izglitiba.valmierasnovads.lv\/buratino\/wp-json\/wp\/v2\/types\/post"}],"author":[{"embeddable":true,"href":"https:\/\/izglitiba.valmierasnovads.lv\/buratino\/wp-json\/wp\/v2\/users\/1"}],"replies":[{"embeddable":true,"href":"https:\/\/izglitiba.valmierasnovads.lv\/buratino\/wp-json\/wp\/v2\/comments?post=49"}],"version-history":[{"count":24,"href":"https:\/\/izglitiba.valmierasnovads.lv\/buratino\/wp-json\/wp\/v2\/posts\/49\/revisions"}],"predecessor-version":[{"id":1221,"href":"https:\/\/izglitiba.valmierasnovads.lv\/buratino\/wp-json\/wp\/v2\/posts\/49\/revisions\/1221"}],"wp:featuredmedia":[{"embeddable":true,"href":"https:\/\/izglitiba.valmierasnovads.lv\/buratino\/wp-json\/wp\/v2\/media\/864"}],"wp:attachment":[{"href":"https:\/\/izglitiba.valmierasnovads.lv\/buratino\/wp-json\/wp\/v2\/media?parent=49"}],"wp:term":[{"taxonomy":"category","embeddable":true,"href":"https:\/\/izglitiba.valmierasnovads.lv\/buratino\/wp-json\/wp\/v2\/categories?post=49"},{"taxonomy":"post_tag","embeddable":true,"href":"https:\/\/izglitiba.valmierasnovads.lv\/buratino\/wp-json\/wp\/v2\/tags?post=49"}],"curies":[{"name":"wp","href":"https:\/\/api.w.org\/{rel}","templated":true}]}}