{"id":814,"date":"2025-10-05T18:54:39","date_gmt":"2025-10-05T15:54:39","guid":{"rendered":"https:\/\/izglitiba.valmierasnovads.lv\/buratino\/?p=814"},"modified":"2025-10-21T12:55:18","modified_gmt":"2025-10-21T09:55:18","slug":"balva-izglitiba-2025","status":"publish","type":"post","link":"https:\/\/izglitiba.valmierasnovads.lv\/buratino\/2025\/10\/05\/balva-izglitiba-2025\/","title":{"rendered":"Valmieras novada pa\u0161vald\u012bbas &#8220;Balva izgl\u012bt\u012bb\u0101 2025&#8221;"},"content":{"rendered":"\n<p class=\"has-medium-font-size\">\u0160ogad Valmieras novada pa\u0161vald\u012bba sveica m\u016bsu iest\u0101des pirmsskolas izgl\u012bt\u012bbas skolot\u0101ju Egitu Bu\u0161u par noz\u012bm\u012bgu personisko ieguld\u012bjumu pedago\u0123iskaj\u0101 darb\u012bb\u0101 un sasniegumiem izgl\u012bt\u012bb\u0101. &#8220;Gaisa balona &#8220;Bezgal\u012bga m\u012blest\u012bba&#8221; \u013coti zin\u0101tk\u0101r\u0101 pilote nesp\u0113j apst\u0101ties pie sasniegt\u0101, t\u0101d\u0113\u013c regul\u0101ri tiek veikti lidojumi savu profesion\u0101lo zin\u0101\u0161anu papildin\u0101\u0161anas iesp\u0113j\u0101s. Rezult\u0101t\u0101 top interesanti, kr\u0101saini, daudzpus\u012bgi m\u0101c\u012bbu materi\u0101li mazajiem b\u0113rniem, kas padara m\u0101c\u012bbu procesu aizraujo\u0161u. Dal\u012b\u0161abn\u0101s ar materi\u0101liem padara kr\u0101sain\u0101ku ar\u012b kol\u0113\u0123u darbu. Domin\u0113jo\u0161ie laika apst\u0101k\u013ci ir liel\u0101 m\u012blest\u012bba pret b\u0113rniem, bet lidojuma neat\u0146emama da\u013ca ir kol\u0113\u0123i, \u012bpa\u0161i tie, kam tuva Montessori pedago\u0123ija. Lidojuma galam\u0113r\u0137is ir katra b\u0113rna tic\u012bba saviem sp\u0113kiem. Es to varu! Es to sp\u0113ju!&#8221; t\u0101 par Egitu piebilst iest\u0101des vad\u012bt\u0101ja Sarm\u012bte Bukava. Sveicam kol\u0113\u0123i un lepojamies! Lai rado\u0161ais gars nekad neaps\u012bkst!<\/p>\n\n\n\n<p><a href=\"http:\/\/Vair\u0101k par Balva izgl\u012bt\u012bb\u0101 te: https:\/\/www.valmierasnovads.lv\/valmieras-novada-pasvaldiba-sveic-balva-izglitiba-2025-laureatus\/\">Vair\u0101k par Balva izgl\u012bt\u012bb\u0101 te: https:\/\/www.valmierasnovads.lv\/valmieras-novada-pasvaldiba-sveic-balva-izglitiba-2025-laureatus\/<\/a><\/p>\n","protected":false},"excerpt":{"rendered":"<p>\u0160ogad Valmieras novada pa\u0161vald\u012bba sveica m\u016bsu iest\u0101des pirmsskolas izgl\u012bt\u012bbas skolot\u0101ju Egitu Bu\u0161u par noz\u012bm\u012bgu personisko ieguld\u012bjumu pedago\u0123iskaj\u0101 darb\u012bb\u0101 un sasniegumiem [&hellip;]<\/p>\n","protected":false},"author":24,"featured_media":811,"comment_status":"closed","ping_status":"closed","sticky":false,"template":"","format":"standard","meta":{"_acf_changed":false,"site-sidebar-layout":"default","site-content-layout":"","ast-site-content-layout":"default","site-content-style":"default","site-sidebar-style":"default","ast-global-header-display":"","ast-banner-title-visibility":"","ast-main-header-display":"","ast-hfb-above-header-display":"","ast-hfb-below-header-display":"","ast-hfb-mobile-header-display":"","site-post-title":"","ast-breadcrumbs-content":"","ast-featured-img":"","footer-sml-layout":"","ast-disable-related-posts":"","theme-transparent-header-meta":"","adv-header-id-meta":"","stick-header-meta":"","header-above-stick-meta":"","header-main-stick-meta":"","header-below-stick-meta":"","astra-migrate-meta-layouts":"default","ast-page-background-enabled":"default","ast-page-background-meta":{"desktop":{"background-color":"var(--ast-global-color-5)","background-image":"","background-repeat":"repeat","background-position":"center center","background-size":"auto","background-attachment":"scroll","background-type":"","background-media":"","overlay-type":"","overlay-color":"","overlay-opacity":"","overlay-gradient":""},"tablet":{"background-color":"","background-image":"","background-repeat":"repeat","background-position":"center center","background-size":"auto","background-attachment":"scroll","background-type":"","background-media":"","overlay-type":"","overlay-color":"","overlay-opacity":"","overlay-gradient":""},"mobile":{"background-color":"","background-image":"","background-repeat":"repeat","background-position":"center center","background-size":"auto","background-attachment":"scroll","background-type":"","background-media":"","overlay-type":"","overlay-color":"","overlay-opacity":"","overlay-gradient":""}},"ast-content-background-meta":{"desktop":{"background-color":"var(--ast-global-color-4)","background-image":"","background-repeat":"repeat","background-position":"center center","background-size":"auto","background-attachment":"scroll","background-type":"","background-media":"","overlay-type":"","overlay-color":"","overlay-opacity":"","overlay-gradient":""},"tablet":{"background-color":"var(--ast-global-color-4)","background-image":"","background-repeat":"repeat","background-position":"center center","background-size":"auto","background-attachment":"scroll","background-type":"","background-media":"","overlay-type":"","overlay-color":"","overlay-opacity":"","overlay-gradient":""},"mobile":{"background-color":"var(--ast-global-color-4)","background-image":"","background-repeat":"repeat","background-position":"center center","background-size":"auto","background-attachment":"scroll","background-type":"","background-media":"","overlay-type":"","overlay-color":"","overlay-opacity":"","overlay-gradient":""}},"footnotes":""},"categories":[1],"tags":[],"class_list":["post-814","post","type-post","status-publish","format-standard","has-post-thumbnail","hentry","category-nekategorizets"],"acf":[],"yoast_head":"<!-- This site is optimized with the Yoast SEO plugin v27.0 - https:\/\/yoast.com\/product\/yoast-seo-wordpress\/ -->\n<title>Valmieras novada pa\u0161vald\u012bbas &quot;Balva izgl\u012bt\u012bb\u0101 2025&quot; - Valmieras pirmsskolas izgl\u012bt\u012bbas iest\u0101de \u201cBuratino\u201d<\/title>\n<meta name=\"robots\" content=\"index, follow, max-snippet:-1, max-image-preview:large, max-video-preview:-1\" \/>\n<link rel=\"canonical\" href=\"https:\/\/izglitiba.valmierasnovads.lv\/buratino\/2025\/10\/05\/balva-izglitiba-2025\/\" \/>\n<meta property=\"og:locale\" content=\"lv_LV\" \/>\n<meta property=\"og:type\" content=\"article\" \/>\n<meta property=\"og:title\" content=\"Valmieras novada pa\u0161vald\u012bbas &quot;Balva izgl\u012bt\u012bb\u0101 2025&quot; - Valmieras pirmsskolas izgl\u012bt\u012bbas iest\u0101de \u201cBuratino\u201d\" \/>\n<meta property=\"og:description\" content=\"\u0160ogad Valmieras novada pa\u0161vald\u012bba sveica m\u016bsu iest\u0101des pirmsskolas izgl\u012bt\u012bbas skolot\u0101ju Egitu Bu\u0161u par noz\u012bm\u012bgu personisko ieguld\u012bjumu pedago\u0123iskaj\u0101 darb\u012bb\u0101 un sasniegumiem [&hellip;]\" \/>\n<meta property=\"og:url\" content=\"https:\/\/izglitiba.valmierasnovads.lv\/buratino\/2025\/10\/05\/balva-izglitiba-2025\/\" \/>\n<meta property=\"og:site_name\" content=\"Valmieras pirmsskolas izgl\u012bt\u012bbas iest\u0101de \u201cBuratino\u201d\" \/>\n<meta property=\"article:published_time\" content=\"2025-10-05T15:54:39+00:00\" \/>\n<meta property=\"article:modified_time\" content=\"2025-10-21T09:55:18+00:00\" \/>\n<meta property=\"og:image\" content=\"https:\/\/izglitiba.valmierasnovads.lv\/buratino\/wp-content\/uploads\/sites\/20\/2025\/10\/IMG-20251004-WA0006.jpg\" \/>\n\t<meta property=\"og:image:width\" content=\"603\" \/>\n\t<meta property=\"og:image:height\" content=\"936\" \/>\n\t<meta property=\"og:image:type\" content=\"image\/jpeg\" \/>\n<meta name=\"author\" content=\"ilonaberga\" \/>\n<meta name=\"twitter:card\" content=\"summary_large_image\" \/>\n<meta name=\"twitter:label1\" content=\"Written by\" \/>\n\t<meta name=\"twitter:data1\" content=\"ilonaberga\" \/>\n\t<meta name=\"twitter:label2\" content=\"Est. reading time\" \/>\n\t<meta name=\"twitter:data2\" content=\"2 min\u016btes\" \/>\n<script type=\"application\/ld+json\" class=\"yoast-schema-graph\">{\"@context\":\"https:\/\/schema.org\",\"@graph\":[{\"@type\":\"Article\",\"@id\":\"https:\/\/izglitiba.valmierasnovads.lv\/buratino\/2025\/10\/05\/balva-izglitiba-2025\/#article\",\"isPartOf\":{\"@id\":\"https:\/\/izglitiba.valmierasnovads.lv\/buratino\/2025\/10\/05\/balva-izglitiba-2025\/\"},\"author\":{\"name\":\"ilonaberga\",\"@id\":\"https:\/\/izglitiba.valmierasnovads.lv\/buratino\/#\/schema\/person\/333388ba78f12d254eb631432575a4a6\"},\"headline\":\"Valmieras novada pa\u0161vald\u012bbas &#8220;Balva izgl\u012bt\u012bb\u0101 2025&#8221;\",\"datePublished\":\"2025-10-05T15:54:39+00:00\",\"dateModified\":\"2025-10-21T09:55:18+00:00\",\"mainEntityOfPage\":{\"@id\":\"https:\/\/izglitiba.valmierasnovads.lv\/buratino\/2025\/10\/05\/balva-izglitiba-2025\/\"},\"wordCount\":208,\"publisher\":{\"@id\":\"https:\/\/izglitiba.valmierasnovads.lv\/buratino\/#organization\"},\"image\":{\"@id\":\"https:\/\/izglitiba.valmierasnovads.lv\/buratino\/2025\/10\/05\/balva-izglitiba-2025\/#primaryimage\"},\"thumbnailUrl\":\"https:\/\/izglitiba.valmierasnovads.lv\/buratino\/wp-content\/uploads\/sites\/20\/2025\/10\/IMG-20251004-WA0006.jpg\",\"inLanguage\":\"lv-LV\"},{\"@type\":\"WebPage\",\"@id\":\"https:\/\/izglitiba.valmierasnovads.lv\/buratino\/2025\/10\/05\/balva-izglitiba-2025\/\",\"url\":\"https:\/\/izglitiba.valmierasnovads.lv\/buratino\/2025\/10\/05\/balva-izglitiba-2025\/\",\"name\":\"Valmieras novada pa\u0161vald\u012bbas \\\"Balva izgl\u012bt\u012bb\u0101 2025\\\" - Valmieras pirmsskolas izgl\u012bt\u012bbas iest\u0101de \u201cBuratino\u201d\",\"isPartOf\":{\"@id\":\"https:\/\/izglitiba.valmierasnovads.lv\/buratino\/#website\"},\"primaryImageOfPage\":{\"@id\":\"https:\/\/izglitiba.valmierasnovads.lv\/buratino\/2025\/10\/05\/balva-izglitiba-2025\/#primaryimage\"},\"image\":{\"@id\":\"https:\/\/izglitiba.valmierasnovads.lv\/buratino\/2025\/10\/05\/balva-izglitiba-2025\/#primaryimage\"},\"thumbnailUrl\":\"https:\/\/izglitiba.valmierasnovads.lv\/buratino\/wp-content\/uploads\/sites\/20\/2025\/10\/IMG-20251004-WA0006.jpg\",\"datePublished\":\"2025-10-05T15:54:39+00:00\",\"dateModified\":\"2025-10-21T09:55:18+00:00\",\"breadcrumb\":{\"@id\":\"https:\/\/izglitiba.valmierasnovads.lv\/buratino\/2025\/10\/05\/balva-izglitiba-2025\/#breadcrumb\"},\"inLanguage\":\"lv-LV\",\"potentialAction\":[{\"@type\":\"ReadAction\",\"target\":[\"https:\/\/izglitiba.valmierasnovads.lv\/buratino\/2025\/10\/05\/balva-izglitiba-2025\/\"]}]},{\"@type\":\"ImageObject\",\"inLanguage\":\"lv-LV\",\"@id\":\"https:\/\/izglitiba.valmierasnovads.lv\/buratino\/2025\/10\/05\/balva-izglitiba-2025\/#primaryimage\",\"url\":\"https:\/\/izglitiba.valmierasnovads.lv\/buratino\/wp-content\/uploads\/sites\/20\/2025\/10\/IMG-20251004-WA0006.jpg\",\"contentUrl\":\"https:\/\/izglitiba.valmierasnovads.lv\/buratino\/wp-content\/uploads\/sites\/20\/2025\/10\/IMG-20251004-WA0006.jpg\",\"width\":603,\"height\":936},{\"@type\":\"BreadcrumbList\",\"@id\":\"https:\/\/izglitiba.valmierasnovads.lv\/buratino\/2025\/10\/05\/balva-izglitiba-2025\/#breadcrumb\",\"itemListElement\":[{\"@type\":\"ListItem\",\"position\":1,\"name\":\"Home\",\"item\":\"https:\/\/izglitiba.valmierasnovads.lv\/buratino\/\"},{\"@type\":\"ListItem\",\"position\":2,\"name\":\"Valmieras novada pa\u0161vald\u012bbas &#8220;Balva izgl\u012bt\u012bb\u0101 2025&#8221;\"}]},{\"@type\":\"WebSite\",\"@id\":\"https:\/\/izglitiba.valmierasnovads.lv\/buratino\/#website\",\"url\":\"https:\/\/izglitiba.valmierasnovads.lv\/buratino\/\",\"name\":\"Valmieras pirmsskolas izgl\u012bt\u012bbas iest\u0101de \u201cBuratino\u201d\",\"description\":\"Buratino Valmiera\",\"publisher\":{\"@id\":\"https:\/\/izglitiba.valmierasnovads.lv\/buratino\/#organization\"},\"potentialAction\":[{\"@type\":\"SearchAction\",\"target\":{\"@type\":\"EntryPoint\",\"urlTemplate\":\"https:\/\/izglitiba.valmierasnovads.lv\/buratino\/?s={search_term_string}\"},\"query-input\":{\"@type\":\"PropertyValueSpecification\",\"valueRequired\":true,\"valueName\":\"search_term_string\"}}],\"inLanguage\":\"lv-LV\"},{\"@type\":\"Organization\",\"@id\":\"https:\/\/izglitiba.valmierasnovads.lv\/buratino\/#organization\",\"name\":\"Valmieras pirmsskolas izgl\u012bt\u012bbas iest\u0101de \u201cBuratino\u201d\",\"url\":\"https:\/\/izglitiba.valmierasnovads.lv\/buratino\/\",\"logo\":{\"@type\":\"ImageObject\",\"inLanguage\":\"lv-LV\",\"@id\":\"https:\/\/izglitiba.valmierasnovads.lv\/buratino\/#\/schema\/logo\/image\/\",\"url\":\"https:\/\/izglitiba.valmierasnovads.lv\/buratino\/wp-content\/uploads\/sites\/20\/2026\/02\/cropped-Buratino-nosaukums-web-scaled-1.png\",\"contentUrl\":\"https:\/\/izglitiba.valmierasnovads.lv\/buratino\/wp-content\/uploads\/sites\/20\/2026\/02\/cropped-Buratino-nosaukums-web-scaled-1.png\",\"width\":2268,\"height\":715,\"caption\":\"Valmieras pirmsskolas izgl\u012bt\u012bbas iest\u0101de \u201cBuratino\u201d\"},\"image\":{\"@id\":\"https:\/\/izglitiba.valmierasnovads.lv\/buratino\/#\/schema\/logo\/image\/\"}},{\"@type\":\"Person\",\"@id\":\"https:\/\/izglitiba.valmierasnovads.lv\/buratino\/#\/schema\/person\/333388ba78f12d254eb631432575a4a6\",\"name\":\"ilonaberga\",\"image\":{\"@type\":\"ImageObject\",\"inLanguage\":\"lv-LV\",\"@id\":\"https:\/\/izglitiba.valmierasnovads.lv\/buratino\/#\/schema\/person\/image\/\",\"url\":\"https:\/\/secure.gravatar.com\/avatar\/bc3bd018c92610917a0d0c395045f53357aa5c14f3fca7c100b174c5831e7dd5?s=96&d=mm&r=g\",\"contentUrl\":\"https:\/\/secure.gravatar.com\/avatar\/bc3bd018c92610917a0d0c395045f53357aa5c14f3fca7c100b174c5831e7dd5?s=96&d=mm&r=g\",\"caption\":\"ilonaberga\"},\"url\":\"https:\/\/izglitiba.valmierasnovads.lv\/buratino\/author\/ilonaberga\/\"}]}<\/script>\n<!-- \/ Yoast SEO plugin. -->","yoast_head_json":{"title":"Valmieras novada pa\u0161vald\u012bbas \"Balva izgl\u012bt\u012bb\u0101 2025\" - Valmieras pirmsskolas izgl\u012bt\u012bbas iest\u0101de \u201cBuratino\u201d","robots":{"index":"index","follow":"follow","max-snippet":"max-snippet:-1","max-image-preview":"max-image-preview:large","max-video-preview":"max-video-preview:-1"},"canonical":"https:\/\/izglitiba.valmierasnovads.lv\/buratino\/2025\/10\/05\/balva-izglitiba-2025\/","og_locale":"lv_LV","og_type":"article","og_title":"Valmieras novada pa\u0161vald\u012bbas \"Balva izgl\u012bt\u012bb\u0101 2025\" - Valmieras pirmsskolas izgl\u012bt\u012bbas iest\u0101de \u201cBuratino\u201d","og_description":"\u0160ogad Valmieras novada pa\u0161vald\u012bba sveica m\u016bsu iest\u0101des pirmsskolas izgl\u012bt\u012bbas skolot\u0101ju Egitu Bu\u0161u par noz\u012bm\u012bgu personisko ieguld\u012bjumu pedago\u0123iskaj\u0101 darb\u012bb\u0101 un sasniegumiem [&hellip;]","og_url":"https:\/\/izglitiba.valmierasnovads.lv\/buratino\/2025\/10\/05\/balva-izglitiba-2025\/","og_site_name":"Valmieras pirmsskolas izgl\u012bt\u012bbas iest\u0101de \u201cBuratino\u201d","article_published_time":"2025-10-05T15:54:39+00:00","article_modified_time":"2025-10-21T09:55:18+00:00","og_image":[{"width":603,"height":936,"url":"https:\/\/izglitiba.valmierasnovads.lv\/buratino\/wp-content\/uploads\/sites\/20\/2025\/10\/IMG-20251004-WA0006.jpg","type":"image\/jpeg"}],"author":"ilonaberga","twitter_card":"summary_large_image","twitter_misc":{"Written by":"ilonaberga","Est. reading time":"2 min\u016btes"},"schema":{"@context":"https:\/\/schema.org","@graph":[{"@type":"Article","@id":"https:\/\/izglitiba.valmierasnovads.lv\/buratino\/2025\/10\/05\/balva-izglitiba-2025\/#article","isPartOf":{"@id":"https:\/\/izglitiba.valmierasnovads.lv\/buratino\/2025\/10\/05\/balva-izglitiba-2025\/"},"author":{"name":"ilonaberga","@id":"https:\/\/izglitiba.valmierasnovads.lv\/buratino\/#\/schema\/person\/333388ba78f12d254eb631432575a4a6"},"headline":"Valmieras novada pa\u0161vald\u012bbas &#8220;Balva izgl\u012bt\u012bb\u0101 2025&#8221;","datePublished":"2025-10-05T15:54:39+00:00","dateModified":"2025-10-21T09:55:18+00:00","mainEntityOfPage":{"@id":"https:\/\/izglitiba.valmierasnovads.lv\/buratino\/2025\/10\/05\/balva-izglitiba-2025\/"},"wordCount":208,"publisher":{"@id":"https:\/\/izglitiba.valmierasnovads.lv\/buratino\/#organization"},"image":{"@id":"https:\/\/izglitiba.valmierasnovads.lv\/buratino\/2025\/10\/05\/balva-izglitiba-2025\/#primaryimage"},"thumbnailUrl":"https:\/\/izglitiba.valmierasnovads.lv\/buratino\/wp-content\/uploads\/sites\/20\/2025\/10\/IMG-20251004-WA0006.jpg","inLanguage":"lv-LV"},{"@type":"WebPage","@id":"https:\/\/izglitiba.valmierasnovads.lv\/buratino\/2025\/10\/05\/balva-izglitiba-2025\/","url":"https:\/\/izglitiba.valmierasnovads.lv\/buratino\/2025\/10\/05\/balva-izglitiba-2025\/","name":"Valmieras novada pa\u0161vald\u012bbas \"Balva izgl\u012bt\u012bb\u0101 2025\" - Valmieras pirmsskolas izgl\u012bt\u012bbas iest\u0101de \u201cBuratino\u201d","isPartOf":{"@id":"https:\/\/izglitiba.valmierasnovads.lv\/buratino\/#website"},"primaryImageOfPage":{"@id":"https:\/\/izglitiba.valmierasnovads.lv\/buratino\/2025\/10\/05\/balva-izglitiba-2025\/#primaryimage"},"image":{"@id":"https:\/\/izglitiba.valmierasnovads.lv\/buratino\/2025\/10\/05\/balva-izglitiba-2025\/#primaryimage"},"thumbnailUrl":"https:\/\/izglitiba.valmierasnovads.lv\/buratino\/wp-content\/uploads\/sites\/20\/2025\/10\/IMG-20251004-WA0006.jpg","datePublished":"2025-10-05T15:54:39+00:00","dateModified":"2025-10-21T09:55:18+00:00","breadcrumb":{"@id":"https:\/\/izglitiba.valmierasnovads.lv\/buratino\/2025\/10\/05\/balva-izglitiba-2025\/#breadcrumb"},"inLanguage":"lv-LV","potentialAction":[{"@type":"ReadAction","target":["https:\/\/izglitiba.valmierasnovads.lv\/buratino\/2025\/10\/05\/balva-izglitiba-2025\/"]}]},{"@type":"ImageObject","inLanguage":"lv-LV","@id":"https:\/\/izglitiba.valmierasnovads.lv\/buratino\/2025\/10\/05\/balva-izglitiba-2025\/#primaryimage","url":"https:\/\/izglitiba.valmierasnovads.lv\/buratino\/wp-content\/uploads\/sites\/20\/2025\/10\/IMG-20251004-WA0006.jpg","contentUrl":"https:\/\/izglitiba.valmierasnovads.lv\/buratino\/wp-content\/uploads\/sites\/20\/2025\/10\/IMG-20251004-WA0006.jpg","width":603,"height":936},{"@type":"BreadcrumbList","@id":"https:\/\/izglitiba.valmierasnovads.lv\/buratino\/2025\/10\/05\/balva-izglitiba-2025\/#breadcrumb","itemListElement":[{"@type":"ListItem","position":1,"name":"Home","item":"https:\/\/izglitiba.valmierasnovads.lv\/buratino\/"},{"@type":"ListItem","position":2,"name":"Valmieras novada pa\u0161vald\u012bbas &#8220;Balva izgl\u012bt\u012bb\u0101 2025&#8221;"}]},{"@type":"WebSite","@id":"https:\/\/izglitiba.valmierasnovads.lv\/buratino\/#website","url":"https:\/\/izglitiba.valmierasnovads.lv\/buratino\/","name":"Valmieras pirmsskolas izgl\u012bt\u012bbas iest\u0101de \u201cBuratino\u201d","description":"Buratino Valmiera","publisher":{"@id":"https:\/\/izglitiba.valmierasnovads.lv\/buratino\/#organization"},"potentialAction":[{"@type":"SearchAction","target":{"@type":"EntryPoint","urlTemplate":"https:\/\/izglitiba.valmierasnovads.lv\/buratino\/?s={search_term_string}"},"query-input":{"@type":"PropertyValueSpecification","valueRequired":true,"valueName":"search_term_string"}}],"inLanguage":"lv-LV"},{"@type":"Organization","@id":"https:\/\/izglitiba.valmierasnovads.lv\/buratino\/#organization","name":"Valmieras pirmsskolas izgl\u012bt\u012bbas iest\u0101de \u201cBuratino\u201d","url":"https:\/\/izglitiba.valmierasnovads.lv\/buratino\/","logo":{"@type":"ImageObject","inLanguage":"lv-LV","@id":"https:\/\/izglitiba.valmierasnovads.lv\/buratino\/#\/schema\/logo\/image\/","url":"https:\/\/izglitiba.valmierasnovads.lv\/buratino\/wp-content\/uploads\/sites\/20\/2026\/02\/cropped-Buratino-nosaukums-web-scaled-1.png","contentUrl":"https:\/\/izglitiba.valmierasnovads.lv\/buratino\/wp-content\/uploads\/sites\/20\/2026\/02\/cropped-Buratino-nosaukums-web-scaled-1.png","width":2268,"height":715,"caption":"Valmieras pirmsskolas izgl\u012bt\u012bbas iest\u0101de \u201cBuratino\u201d"},"image":{"@id":"https:\/\/izglitiba.valmierasnovads.lv\/buratino\/#\/schema\/logo\/image\/"}},{"@type":"Person","@id":"https:\/\/izglitiba.valmierasnovads.lv\/buratino\/#\/schema\/person\/333388ba78f12d254eb631432575a4a6","name":"ilonaberga","image":{"@type":"ImageObject","inLanguage":"lv-LV","@id":"https:\/\/izglitiba.valmierasnovads.lv\/buratino\/#\/schema\/person\/image\/","url":"https:\/\/secure.gravatar.com\/avatar\/bc3bd018c92610917a0d0c395045f53357aa5c14f3fca7c100b174c5831e7dd5?s=96&d=mm&r=g","contentUrl":"https:\/\/secure.gravatar.com\/avatar\/bc3bd018c92610917a0d0c395045f53357aa5c14f3fca7c100b174c5831e7dd5?s=96&d=mm&r=g","caption":"ilonaberga"},"url":"https:\/\/izglitiba.valmierasnovads.lv\/buratino\/author\/ilonaberga\/"}]}},"_links":{"self":[{"href":"https:\/\/izglitiba.valmierasnovads.lv\/buratino\/wp-json\/wp\/v2\/posts\/814","targetHints":{"allow":["GET"]}}],"collection":[{"href":"https:\/\/izglitiba.valmierasnovads.lv\/buratino\/wp-json\/wp\/v2\/posts"}],"about":[{"href":"https:\/\/izglitiba.valmierasnovads.lv\/buratino\/wp-json\/wp\/v2\/types\/post"}],"author":[{"embeddable":true,"href":"https:\/\/izglitiba.valmierasnovads.lv\/buratino\/wp-json\/wp\/v2\/users\/24"}],"replies":[{"embeddable":true,"href":"https:\/\/izglitiba.valmierasnovads.lv\/buratino\/wp-json\/wp\/v2\/comments?post=814"}],"version-history":[{"count":13,"href":"https:\/\/izglitiba.valmierasnovads.lv\/buratino\/wp-json\/wp\/v2\/posts\/814\/revisions"}],"predecessor-version":[{"id":881,"href":"https:\/\/izglitiba.valmierasnovads.lv\/buratino\/wp-json\/wp\/v2\/posts\/814\/revisions\/881"}],"wp:featuredmedia":[{"embeddable":true,"href":"https:\/\/izglitiba.valmierasnovads.lv\/buratino\/wp-json\/wp\/v2\/media\/811"}],"wp:attachment":[{"href":"https:\/\/izglitiba.valmierasnovads.lv\/buratino\/wp-json\/wp\/v2\/media?parent=814"}],"wp:term":[{"taxonomy":"category","embeddable":true,"href":"https:\/\/izglitiba.valmierasnovads.lv\/buratino\/wp-json\/wp\/v2\/categories?post=814"},{"taxonomy":"post_tag","embeddable":true,"href":"https:\/\/izglitiba.valmierasnovads.lv\/buratino\/wp-json\/wp\/v2\/tags?post=814"}],"curies":[{"name":"wp","href":"https:\/\/api.w.org\/{rel}","templated":true}]}}