{"id":974,"date":"2025-11-10T19:04:50","date_gmt":"2025-11-10T17:04:50","guid":{"rendered":"https:\/\/izglitiba.valmierasnovads.lv\/buratino\/?p=974"},"modified":"2025-11-10T19:04:51","modified_gmt":"2025-11-10T17:04:51","slug":"martindiena-ir-jau-klat","status":"publish","type":"post","link":"https:\/\/izglitiba.valmierasnovads.lv\/buratino\/2025\/11\/10\/martindiena-ir-jau-klat\/","title":{"rendered":"M\u0101rti\u0146diena ir jau kl\u0101t!"},"content":{"rendered":"\n<p>M\u016bsu iest\u0101d\u0113 \u0161odien tiek atz\u012bm\u0113ta M\u0101rti\u0146diena, kas simboliz\u0113 p\u0101reju no rudens uz ziemu, p\u0101rmai\u0146\u0101m dab\u0101 un cilv\u0113ku dz\u012bv\u0113s.&nbsp;<\/p>\n\n\n\n<p>B\u0113rni baud\u012bja masko\u0161an\u0101s priekus, iepazina M\u0101rti\u0146dienas para\u017eas, trad\u012bcijas un tic\u0113jumus.<\/p>\n\n\n\n<p>Katra grupi\u0146a sagaid\u012bja \u0137ekatniekus, g\u0101ja rota\u013c\u0101s,\u00a0 dzied\u0101ja, dejoja un mieloj\u0101s ar sv\u0113tku cienastu.<\/p>\n\n\n\n<p>Lai katr\u0101 m\u0101j\u0101 m\u0101jo miers, prieks un siltums!<\/p>\n","protected":false},"excerpt":{"rendered":"<p>M\u016bsu iest\u0101d\u0113 \u0161odien tiek atz\u012bm\u0113ta M\u0101rti\u0146diena, kas simboliz\u0113 p\u0101reju no rudens uz ziemu, p\u0101rmai\u0146\u0101m dab\u0101 un cilv\u0113ku dz\u012bv\u0113s.&nbsp; B\u0113rni baud\u012bja [&hellip;]<\/p>\n","protected":false},"author":24,"featured_media":975,"comment_status":"closed","ping_status":"closed","sticky":false,"template":"","format":"standard","meta":{"_acf_changed":false,"site-sidebar-layout":"default","site-content-layout":"","ast-site-content-layout":"default","site-content-style":"default","site-sidebar-style":"default","ast-global-header-display":"","ast-banner-title-visibility":"","ast-main-header-display":"","ast-hfb-above-header-display":"","ast-hfb-below-header-display":"","ast-hfb-mobile-header-display":"","site-post-title":"","ast-breadcrumbs-content":"","ast-featured-img":"","footer-sml-layout":"","ast-disable-related-posts":"","theme-transparent-header-meta":"","adv-header-id-meta":"","stick-header-meta":"","header-above-stick-meta":"","header-main-stick-meta":"","header-below-stick-meta":"","astra-migrate-meta-layouts":"default","ast-page-background-enabled":"default","ast-page-background-meta":{"desktop":{"background-color":"var(--ast-global-color-5)","background-image":"","background-repeat":"repeat","background-position":"center center","background-size":"auto","background-attachment":"scroll","background-type":"","background-media":"","overlay-type":"","overlay-color":"","overlay-opacity":"","overlay-gradient":""},"tablet":{"background-color":"","background-image":"","background-repeat":"repeat","background-position":"center center","background-size":"auto","background-attachment":"scroll","background-type":"","background-media":"","overlay-type":"","overlay-color":"","overlay-opacity":"","overlay-gradient":""},"mobile":{"background-color":"","background-image":"","background-repeat":"repeat","background-position":"center center","background-size":"auto","background-attachment":"scroll","background-type":"","background-media":"","overlay-type":"","overlay-color":"","overlay-opacity":"","overlay-gradient":""}},"ast-content-background-meta":{"desktop":{"background-color":"var(--ast-global-color-4)","background-image":"","background-repeat":"repeat","background-position":"center center","background-size":"auto","background-attachment":"scroll","background-type":"","background-media":"","overlay-type":"","overlay-color":"","overlay-opacity":"","overlay-gradient":""},"tablet":{"background-color":"var(--ast-global-color-4)","background-image":"","background-repeat":"repeat","background-position":"center center","background-size":"auto","background-attachment":"scroll","background-type":"","background-media":"","overlay-type":"","overlay-color":"","overlay-opacity":"","overlay-gradient":""},"mobile":{"background-color":"var(--ast-global-color-4)","background-image":"","background-repeat":"repeat","background-position":"center center","background-size":"auto","background-attachment":"scroll","background-type":"","background-media":"","overlay-type":"","overlay-color":"","overlay-opacity":"","overlay-gradient":""}},"footnotes":""},"categories":[1],"tags":[],"class_list":["post-974","post","type-post","status-publish","format-standard","has-post-thumbnail","hentry","category-nekategorizets"],"acf":[],"yoast_head":"<!-- This site is optimized with the Yoast SEO plugin v27.0 - https:\/\/yoast.com\/product\/yoast-seo-wordpress\/ -->\n<title>M\u0101rti\u0146diena ir jau kl\u0101t! - Valmieras pirmsskolas izgl\u012bt\u012bbas iest\u0101de \u201cBuratino\u201d<\/title>\n<meta name=\"robots\" content=\"index, follow, max-snippet:-1, max-image-preview:large, max-video-preview:-1\" \/>\n<link rel=\"canonical\" href=\"https:\/\/izglitiba.valmierasnovads.lv\/buratino\/2025\/11\/10\/martindiena-ir-jau-klat\/\" \/>\n<meta property=\"og:locale\" content=\"lv_LV\" \/>\n<meta property=\"og:type\" content=\"article\" \/>\n<meta property=\"og:title\" content=\"M\u0101rti\u0146diena ir jau kl\u0101t! - Valmieras pirmsskolas izgl\u012bt\u012bbas iest\u0101de \u201cBuratino\u201d\" \/>\n<meta property=\"og:description\" content=\"M\u016bsu iest\u0101d\u0113 \u0161odien tiek atz\u012bm\u0113ta M\u0101rti\u0146diena, kas simboliz\u0113 p\u0101reju no rudens uz ziemu, p\u0101rmai\u0146\u0101m dab\u0101 un cilv\u0113ku dz\u012bv\u0113s.&nbsp; B\u0113rni baud\u012bja [&hellip;]\" \/>\n<meta property=\"og:url\" content=\"https:\/\/izglitiba.valmierasnovads.lv\/buratino\/2025\/11\/10\/martindiena-ir-jau-klat\/\" \/>\n<meta property=\"og:site_name\" content=\"Valmieras pirmsskolas izgl\u012bt\u012bbas iest\u0101de \u201cBuratino\u201d\" \/>\n<meta property=\"article:published_time\" content=\"2025-11-10T17:04:50+00:00\" \/>\n<meta property=\"article:modified_time\" content=\"2025-11-10T17:04:51+00:00\" \/>\n<meta property=\"og:image\" content=\"https:\/\/izglitiba.valmierasnovads.lv\/buratino\/wp-content\/uploads\/sites\/20\/2025\/11\/IMG-20251110-WA0023.jpg\" \/>\n\t<meta property=\"og:image:width\" content=\"2000\" \/>\n\t<meta property=\"og:image:height\" content=\"1500\" \/>\n\t<meta property=\"og:image:type\" content=\"image\/jpeg\" \/>\n<meta name=\"author\" content=\"ilonaberga\" \/>\n<meta name=\"twitter:card\" content=\"summary_large_image\" \/>\n<meta name=\"twitter:label1\" content=\"Written by\" \/>\n\t<meta name=\"twitter:data1\" content=\"ilonaberga\" \/>\n\t<meta name=\"twitter:label2\" content=\"Est. reading time\" \/>\n\t<meta name=\"twitter:data2\" content=\"1 min\u016bte\" \/>\n<script type=\"application\/ld+json\" class=\"yoast-schema-graph\">{\"@context\":\"https:\/\/schema.org\",\"@graph\":[{\"@type\":\"Article\",\"@id\":\"https:\/\/izglitiba.valmierasnovads.lv\/buratino\/2025\/11\/10\/martindiena-ir-jau-klat\/#article\",\"isPartOf\":{\"@id\":\"https:\/\/izglitiba.valmierasnovads.lv\/buratino\/2025\/11\/10\/martindiena-ir-jau-klat\/\"},\"author\":{\"name\":\"ilonaberga\",\"@id\":\"https:\/\/izglitiba.valmierasnovads.lv\/buratino\/#\/schema\/person\/333388ba78f12d254eb631432575a4a6\"},\"headline\":\"M\u0101rti\u0146diena ir jau kl\u0101t!\",\"datePublished\":\"2025-11-10T17:04:50+00:00\",\"dateModified\":\"2025-11-10T17:04:51+00:00\",\"mainEntityOfPage\":{\"@id\":\"https:\/\/izglitiba.valmierasnovads.lv\/buratino\/2025\/11\/10\/martindiena-ir-jau-klat\/\"},\"wordCount\":87,\"publisher\":{\"@id\":\"https:\/\/izglitiba.valmierasnovads.lv\/buratino\/#organization\"},\"image\":{\"@id\":\"https:\/\/izglitiba.valmierasnovads.lv\/buratino\/2025\/11\/10\/martindiena-ir-jau-klat\/#primaryimage\"},\"thumbnailUrl\":\"https:\/\/izglitiba.valmierasnovads.lv\/buratino\/wp-content\/uploads\/sites\/20\/2025\/11\/IMG-20251110-WA0023.jpg\",\"inLanguage\":\"lv-LV\"},{\"@type\":\"WebPage\",\"@id\":\"https:\/\/izglitiba.valmierasnovads.lv\/buratino\/2025\/11\/10\/martindiena-ir-jau-klat\/\",\"url\":\"https:\/\/izglitiba.valmierasnovads.lv\/buratino\/2025\/11\/10\/martindiena-ir-jau-klat\/\",\"name\":\"M\u0101rti\u0146diena ir jau kl\u0101t! - Valmieras pirmsskolas izgl\u012bt\u012bbas iest\u0101de \u201cBuratino\u201d\",\"isPartOf\":{\"@id\":\"https:\/\/izglitiba.valmierasnovads.lv\/buratino\/#website\"},\"primaryImageOfPage\":{\"@id\":\"https:\/\/izglitiba.valmierasnovads.lv\/buratino\/2025\/11\/10\/martindiena-ir-jau-klat\/#primaryimage\"},\"image\":{\"@id\":\"https:\/\/izglitiba.valmierasnovads.lv\/buratino\/2025\/11\/10\/martindiena-ir-jau-klat\/#primaryimage\"},\"thumbnailUrl\":\"https:\/\/izglitiba.valmierasnovads.lv\/buratino\/wp-content\/uploads\/sites\/20\/2025\/11\/IMG-20251110-WA0023.jpg\",\"datePublished\":\"2025-11-10T17:04:50+00:00\",\"dateModified\":\"2025-11-10T17:04:51+00:00\",\"breadcrumb\":{\"@id\":\"https:\/\/izglitiba.valmierasnovads.lv\/buratino\/2025\/11\/10\/martindiena-ir-jau-klat\/#breadcrumb\"},\"inLanguage\":\"lv-LV\",\"potentialAction\":[{\"@type\":\"ReadAction\",\"target\":[\"https:\/\/izglitiba.valmierasnovads.lv\/buratino\/2025\/11\/10\/martindiena-ir-jau-klat\/\"]}]},{\"@type\":\"ImageObject\",\"inLanguage\":\"lv-LV\",\"@id\":\"https:\/\/izglitiba.valmierasnovads.lv\/buratino\/2025\/11\/10\/martindiena-ir-jau-klat\/#primaryimage\",\"url\":\"https:\/\/izglitiba.valmierasnovads.lv\/buratino\/wp-content\/uploads\/sites\/20\/2025\/11\/IMG-20251110-WA0023.jpg\",\"contentUrl\":\"https:\/\/izglitiba.valmierasnovads.lv\/buratino\/wp-content\/uploads\/sites\/20\/2025\/11\/IMG-20251110-WA0023.jpg\",\"width\":2000,\"height\":1500},{\"@type\":\"BreadcrumbList\",\"@id\":\"https:\/\/izglitiba.valmierasnovads.lv\/buratino\/2025\/11\/10\/martindiena-ir-jau-klat\/#breadcrumb\",\"itemListElement\":[{\"@type\":\"ListItem\",\"position\":1,\"name\":\"Home\",\"item\":\"https:\/\/izglitiba.valmierasnovads.lv\/buratino\/\"},{\"@type\":\"ListItem\",\"position\":2,\"name\":\"M\u0101rti\u0146diena ir jau kl\u0101t!\"}]},{\"@type\":\"WebSite\",\"@id\":\"https:\/\/izglitiba.valmierasnovads.lv\/buratino\/#website\",\"url\":\"https:\/\/izglitiba.valmierasnovads.lv\/buratino\/\",\"name\":\"Valmieras pirmsskolas izgl\u012bt\u012bbas iest\u0101de \u201cBuratino\u201d\",\"description\":\"Buratino Valmiera\",\"publisher\":{\"@id\":\"https:\/\/izglitiba.valmierasnovads.lv\/buratino\/#organization\"},\"potentialAction\":[{\"@type\":\"SearchAction\",\"target\":{\"@type\":\"EntryPoint\",\"urlTemplate\":\"https:\/\/izglitiba.valmierasnovads.lv\/buratino\/?s={search_term_string}\"},\"query-input\":{\"@type\":\"PropertyValueSpecification\",\"valueRequired\":true,\"valueName\":\"search_term_string\"}}],\"inLanguage\":\"lv-LV\"},{\"@type\":\"Organization\",\"@id\":\"https:\/\/izglitiba.valmierasnovads.lv\/buratino\/#organization\",\"name\":\"Valmieras pirmsskolas izgl\u012bt\u012bbas iest\u0101de \u201cBuratino\u201d\",\"url\":\"https:\/\/izglitiba.valmierasnovads.lv\/buratino\/\",\"logo\":{\"@type\":\"ImageObject\",\"inLanguage\":\"lv-LV\",\"@id\":\"https:\/\/izglitiba.valmierasnovads.lv\/buratino\/#\/schema\/logo\/image\/\",\"url\":\"https:\/\/izglitiba.valmierasnovads.lv\/buratino\/wp-content\/uploads\/sites\/20\/2026\/02\/cropped-Buratino-nosaukums-web-scaled-1.png\",\"contentUrl\":\"https:\/\/izglitiba.valmierasnovads.lv\/buratino\/wp-content\/uploads\/sites\/20\/2026\/02\/cropped-Buratino-nosaukums-web-scaled-1.png\",\"width\":2268,\"height\":715,\"caption\":\"Valmieras pirmsskolas izgl\u012bt\u012bbas iest\u0101de \u201cBuratino\u201d\"},\"image\":{\"@id\":\"https:\/\/izglitiba.valmierasnovads.lv\/buratino\/#\/schema\/logo\/image\/\"}},{\"@type\":\"Person\",\"@id\":\"https:\/\/izglitiba.valmierasnovads.lv\/buratino\/#\/schema\/person\/333388ba78f12d254eb631432575a4a6\",\"name\":\"ilonaberga\",\"image\":{\"@type\":\"ImageObject\",\"inLanguage\":\"lv-LV\",\"@id\":\"https:\/\/izglitiba.valmierasnovads.lv\/buratino\/#\/schema\/person\/image\/\",\"url\":\"https:\/\/secure.gravatar.com\/avatar\/bc3bd018c92610917a0d0c395045f53357aa5c14f3fca7c100b174c5831e7dd5?s=96&d=mm&r=g\",\"contentUrl\":\"https:\/\/secure.gravatar.com\/avatar\/bc3bd018c92610917a0d0c395045f53357aa5c14f3fca7c100b174c5831e7dd5?s=96&d=mm&r=g\",\"caption\":\"ilonaberga\"},\"url\":\"https:\/\/izglitiba.valmierasnovads.lv\/buratino\/author\/ilonaberga\/\"}]}<\/script>\n<!-- \/ Yoast SEO plugin. -->","yoast_head_json":{"title":"M\u0101rti\u0146diena ir jau kl\u0101t! - Valmieras pirmsskolas izgl\u012bt\u012bbas iest\u0101de \u201cBuratino\u201d","robots":{"index":"index","follow":"follow","max-snippet":"max-snippet:-1","max-image-preview":"max-image-preview:large","max-video-preview":"max-video-preview:-1"},"canonical":"https:\/\/izglitiba.valmierasnovads.lv\/buratino\/2025\/11\/10\/martindiena-ir-jau-klat\/","og_locale":"lv_LV","og_type":"article","og_title":"M\u0101rti\u0146diena ir jau kl\u0101t! - Valmieras pirmsskolas izgl\u012bt\u012bbas iest\u0101de \u201cBuratino\u201d","og_description":"M\u016bsu iest\u0101d\u0113 \u0161odien tiek atz\u012bm\u0113ta M\u0101rti\u0146diena, kas simboliz\u0113 p\u0101reju no rudens uz ziemu, p\u0101rmai\u0146\u0101m dab\u0101 un cilv\u0113ku dz\u012bv\u0113s.&nbsp; B\u0113rni baud\u012bja [&hellip;]","og_url":"https:\/\/izglitiba.valmierasnovads.lv\/buratino\/2025\/11\/10\/martindiena-ir-jau-klat\/","og_site_name":"Valmieras pirmsskolas izgl\u012bt\u012bbas iest\u0101de \u201cBuratino\u201d","article_published_time":"2025-11-10T17:04:50+00:00","article_modified_time":"2025-11-10T17:04:51+00:00","og_image":[{"width":2000,"height":1500,"url":"https:\/\/izglitiba.valmierasnovads.lv\/buratino\/wp-content\/uploads\/sites\/20\/2025\/11\/IMG-20251110-WA0023.jpg","type":"image\/jpeg"}],"author":"ilonaberga","twitter_card":"summary_large_image","twitter_misc":{"Written by":"ilonaberga","Est. reading time":"1 min\u016bte"},"schema":{"@context":"https:\/\/schema.org","@graph":[{"@type":"Article","@id":"https:\/\/izglitiba.valmierasnovads.lv\/buratino\/2025\/11\/10\/martindiena-ir-jau-klat\/#article","isPartOf":{"@id":"https:\/\/izglitiba.valmierasnovads.lv\/buratino\/2025\/11\/10\/martindiena-ir-jau-klat\/"},"author":{"name":"ilonaberga","@id":"https:\/\/izglitiba.valmierasnovads.lv\/buratino\/#\/schema\/person\/333388ba78f12d254eb631432575a4a6"},"headline":"M\u0101rti\u0146diena ir jau kl\u0101t!","datePublished":"2025-11-10T17:04:50+00:00","dateModified":"2025-11-10T17:04:51+00:00","mainEntityOfPage":{"@id":"https:\/\/izglitiba.valmierasnovads.lv\/buratino\/2025\/11\/10\/martindiena-ir-jau-klat\/"},"wordCount":87,"publisher":{"@id":"https:\/\/izglitiba.valmierasnovads.lv\/buratino\/#organization"},"image":{"@id":"https:\/\/izglitiba.valmierasnovads.lv\/buratino\/2025\/11\/10\/martindiena-ir-jau-klat\/#primaryimage"},"thumbnailUrl":"https:\/\/izglitiba.valmierasnovads.lv\/buratino\/wp-content\/uploads\/sites\/20\/2025\/11\/IMG-20251110-WA0023.jpg","inLanguage":"lv-LV"},{"@type":"WebPage","@id":"https:\/\/izglitiba.valmierasnovads.lv\/buratino\/2025\/11\/10\/martindiena-ir-jau-klat\/","url":"https:\/\/izglitiba.valmierasnovads.lv\/buratino\/2025\/11\/10\/martindiena-ir-jau-klat\/","name":"M\u0101rti\u0146diena ir jau kl\u0101t! - Valmieras pirmsskolas izgl\u012bt\u012bbas iest\u0101de \u201cBuratino\u201d","isPartOf":{"@id":"https:\/\/izglitiba.valmierasnovads.lv\/buratino\/#website"},"primaryImageOfPage":{"@id":"https:\/\/izglitiba.valmierasnovads.lv\/buratino\/2025\/11\/10\/martindiena-ir-jau-klat\/#primaryimage"},"image":{"@id":"https:\/\/izglitiba.valmierasnovads.lv\/buratino\/2025\/11\/10\/martindiena-ir-jau-klat\/#primaryimage"},"thumbnailUrl":"https:\/\/izglitiba.valmierasnovads.lv\/buratino\/wp-content\/uploads\/sites\/20\/2025\/11\/IMG-20251110-WA0023.jpg","datePublished":"2025-11-10T17:04:50+00:00","dateModified":"2025-11-10T17:04:51+00:00","breadcrumb":{"@id":"https:\/\/izglitiba.valmierasnovads.lv\/buratino\/2025\/11\/10\/martindiena-ir-jau-klat\/#breadcrumb"},"inLanguage":"lv-LV","potentialAction":[{"@type":"ReadAction","target":["https:\/\/izglitiba.valmierasnovads.lv\/buratino\/2025\/11\/10\/martindiena-ir-jau-klat\/"]}]},{"@type":"ImageObject","inLanguage":"lv-LV","@id":"https:\/\/izglitiba.valmierasnovads.lv\/buratino\/2025\/11\/10\/martindiena-ir-jau-klat\/#primaryimage","url":"https:\/\/izglitiba.valmierasnovads.lv\/buratino\/wp-content\/uploads\/sites\/20\/2025\/11\/IMG-20251110-WA0023.jpg","contentUrl":"https:\/\/izglitiba.valmierasnovads.lv\/buratino\/wp-content\/uploads\/sites\/20\/2025\/11\/IMG-20251110-WA0023.jpg","width":2000,"height":1500},{"@type":"BreadcrumbList","@id":"https:\/\/izglitiba.valmierasnovads.lv\/buratino\/2025\/11\/10\/martindiena-ir-jau-klat\/#breadcrumb","itemListElement":[{"@type":"ListItem","position":1,"name":"Home","item":"https:\/\/izglitiba.valmierasnovads.lv\/buratino\/"},{"@type":"ListItem","position":2,"name":"M\u0101rti\u0146diena ir jau kl\u0101t!"}]},{"@type":"WebSite","@id":"https:\/\/izglitiba.valmierasnovads.lv\/buratino\/#website","url":"https:\/\/izglitiba.valmierasnovads.lv\/buratino\/","name":"Valmieras pirmsskolas izgl\u012bt\u012bbas iest\u0101de \u201cBuratino\u201d","description":"Buratino Valmiera","publisher":{"@id":"https:\/\/izglitiba.valmierasnovads.lv\/buratino\/#organization"},"potentialAction":[{"@type":"SearchAction","target":{"@type":"EntryPoint","urlTemplate":"https:\/\/izglitiba.valmierasnovads.lv\/buratino\/?s={search_term_string}"},"query-input":{"@type":"PropertyValueSpecification","valueRequired":true,"valueName":"search_term_string"}}],"inLanguage":"lv-LV"},{"@type":"Organization","@id":"https:\/\/izglitiba.valmierasnovads.lv\/buratino\/#organization","name":"Valmieras pirmsskolas izgl\u012bt\u012bbas iest\u0101de \u201cBuratino\u201d","url":"https:\/\/izglitiba.valmierasnovads.lv\/buratino\/","logo":{"@type":"ImageObject","inLanguage":"lv-LV","@id":"https:\/\/izglitiba.valmierasnovads.lv\/buratino\/#\/schema\/logo\/image\/","url":"https:\/\/izglitiba.valmierasnovads.lv\/buratino\/wp-content\/uploads\/sites\/20\/2026\/02\/cropped-Buratino-nosaukums-web-scaled-1.png","contentUrl":"https:\/\/izglitiba.valmierasnovads.lv\/buratino\/wp-content\/uploads\/sites\/20\/2026\/02\/cropped-Buratino-nosaukums-web-scaled-1.png","width":2268,"height":715,"caption":"Valmieras pirmsskolas izgl\u012bt\u012bbas iest\u0101de \u201cBuratino\u201d"},"image":{"@id":"https:\/\/izglitiba.valmierasnovads.lv\/buratino\/#\/schema\/logo\/image\/"}},{"@type":"Person","@id":"https:\/\/izglitiba.valmierasnovads.lv\/buratino\/#\/schema\/person\/333388ba78f12d254eb631432575a4a6","name":"ilonaberga","image":{"@type":"ImageObject","inLanguage":"lv-LV","@id":"https:\/\/izglitiba.valmierasnovads.lv\/buratino\/#\/schema\/person\/image\/","url":"https:\/\/secure.gravatar.com\/avatar\/bc3bd018c92610917a0d0c395045f53357aa5c14f3fca7c100b174c5831e7dd5?s=96&d=mm&r=g","contentUrl":"https:\/\/secure.gravatar.com\/avatar\/bc3bd018c92610917a0d0c395045f53357aa5c14f3fca7c100b174c5831e7dd5?s=96&d=mm&r=g","caption":"ilonaberga"},"url":"https:\/\/izglitiba.valmierasnovads.lv\/buratino\/author\/ilonaberga\/"}]}},"_links":{"self":[{"href":"https:\/\/izglitiba.valmierasnovads.lv\/buratino\/wp-json\/wp\/v2\/posts\/974","targetHints":{"allow":["GET"]}}],"collection":[{"href":"https:\/\/izglitiba.valmierasnovads.lv\/buratino\/wp-json\/wp\/v2\/posts"}],"about":[{"href":"https:\/\/izglitiba.valmierasnovads.lv\/buratino\/wp-json\/wp\/v2\/types\/post"}],"author":[{"embeddable":true,"href":"https:\/\/izglitiba.valmierasnovads.lv\/buratino\/wp-json\/wp\/v2\/users\/24"}],"replies":[{"embeddable":true,"href":"https:\/\/izglitiba.valmierasnovads.lv\/buratino\/wp-json\/wp\/v2\/comments?post=974"}],"version-history":[{"count":1,"href":"https:\/\/izglitiba.valmierasnovads.lv\/buratino\/wp-json\/wp\/v2\/posts\/974\/revisions"}],"predecessor-version":[{"id":976,"href":"https:\/\/izglitiba.valmierasnovads.lv\/buratino\/wp-json\/wp\/v2\/posts\/974\/revisions\/976"}],"wp:featuredmedia":[{"embeddable":true,"href":"https:\/\/izglitiba.valmierasnovads.lv\/buratino\/wp-json\/wp\/v2\/media\/975"}],"wp:attachment":[{"href":"https:\/\/izglitiba.valmierasnovads.lv\/buratino\/wp-json\/wp\/v2\/media?parent=974"}],"wp:term":[{"taxonomy":"category","embeddable":true,"href":"https:\/\/izglitiba.valmierasnovads.lv\/buratino\/wp-json\/wp\/v2\/categories?post=974"},{"taxonomy":"post_tag","embeddable":true,"href":"https:\/\/izglitiba.valmierasnovads.lv\/buratino\/wp-json\/wp\/v2\/tags?post=974"}],"curies":[{"name":"wp","href":"https:\/\/api.w.org\/{rel}","templated":true}]}}