{"id":262,"date":"2026-01-16T13:26:12","date_gmt":"2026-01-16T11:26:12","guid":{"rendered":"https:\/\/izglitiba.valmierasnovads.lv\/burtins\/?p=262"},"modified":"2026-01-17T09:25:53","modified_gmt":"2026-01-17T07:25:53","slug":"paldies-par-kopa-busanu-ziemas-koncerta","status":"publish","type":"post","link":"https:\/\/izglitiba.valmierasnovads.lv\/burtins\/2026\/01\/16\/paldies-par-kopa-busanu-ziemas-koncerta\/","title":{"rendered":"Paldies par kop\u0101 b\u016b\u0161anu Ziemas koncert\u0101!"},"content":{"rendered":"\n<p>Jauna gada s\u0101kum\u0101 Valmiermui\u017eas PII \u201cBurti\u0146\u0161\u201d turpin\u0101m ikgad\u0113jo iest\u0101des trad\u012bciju pie sevis ciemos gaid\u012bt Valmieras pagasta seniorus un iest\u0101des audz\u0113k\u0146u vecvec\u0101kus uz sirsn\u012bgu sv\u0113tku koncertu \u201cZIEMA IR KL\u0100T\u201d!<\/p>\n\n\n\n<p>M\u012b\u013cie seniori! No sirds v\u0113lamies pateikties par j\u016bsu dal\u012bbu m\u016bsu iest\u0101des 11. Ziemas koncert\u0101 15.janv\u0101r\u012b. J\u016bsu kl\u0101tb\u016btne un atmi\u0146u st\u0101sti piepild\u012bja pas\u0101kumu ar siltumu, mieru un prieku, radot neaizmirstamas atmi\u0146as gan m\u016bsu mazajiem, gan pa\u0161iem darbiniekiem. Paldies par pozit\u012bvo ener\u0123iju, kas sniedza siltumu ikvienam. Esam priec\u012bgi un ceram uz sirsn\u012bg\u0101m sarun\u0101m ar\u012b n\u0101kotn\u0113, jo \u0161is pas\u0101kums ik gadu padara m\u016bs tuv\u0101kus. Paldies par kop\u0101 pavad\u012bto skaisto, skan\u012bgo un sirsn\u012bgo ziemas r\u012btu!<\/p>\n\n\n\n<p>Lai jaun\u0101 gada katrai dienai ziemas baltuma miers, pavasara \u016bde\u0146u skan\u012bgums, vasaras saules siltums un rudens ziedu kr\u0101sain\u012bba!<\/p>\n\n\n\n<p><\/p>\n\n\n\n<p><\/p>\n\n\n\n<p><\/p>\n\n\n\n<p><\/p>\n","protected":false},"excerpt":{"rendered":"<p>Jauna gada s\u0101kum\u0101 Valmiermui\u017eas PII \u201cBurti\u0146\u0161\u201d turpin\u0101m ikgad\u0113jo iest\u0101des trad\u012bciju pie sevis ciemos gaid\u012bt Valmieras pagasta seniorus un iest\u0101des audz\u0113k\u0146u [&hellip;]<\/p>\n","protected":false},"author":18,"featured_media":270,"comment_status":"closed","ping_status":"closed","sticky":false,"template":"","format":"standard","meta":{"_acf_changed":false,"site-sidebar-layout":"default","site-content-layout":"","ast-site-content-layout":"default","site-content-style":"default","site-sidebar-style":"default","ast-global-header-display":"","ast-banner-title-visibility":"","ast-main-header-display":"","ast-hfb-above-header-display":"","ast-hfb-below-header-display":"","ast-hfb-mobile-header-display":"","site-post-title":"","ast-breadcrumbs-content":"","ast-featured-img":"","footer-sml-layout":"","ast-disable-related-posts":"","theme-transparent-header-meta":"","adv-header-id-meta":"","stick-header-meta":"","header-above-stick-meta":"","header-main-stick-meta":"","header-below-stick-meta":"","astra-migrate-meta-layouts":"default","ast-page-background-enabled":"default","ast-page-background-meta":{"desktop":{"background-color":"var(--ast-global-color-5)","background-image":"","background-repeat":"repeat","background-position":"center center","background-size":"auto","background-attachment":"scroll","background-type":"","background-media":"","overlay-type":"","overlay-color":"","overlay-opacity":"","overlay-gradient":""},"tablet":{"background-color":"","background-image":"","background-repeat":"repeat","background-position":"center center","background-size":"auto","background-attachment":"scroll","background-type":"","background-media":"","overlay-type":"","overlay-color":"","overlay-opacity":"","overlay-gradient":""},"mobile":{"background-color":"","background-image":"","background-repeat":"repeat","background-position":"center center","background-size":"auto","background-attachment":"scroll","background-type":"","background-media":"","overlay-type":"","overlay-color":"","overlay-opacity":"","overlay-gradient":""}},"ast-content-background-meta":{"desktop":{"background-color":"var(--ast-global-color-4)","background-image":"","background-repeat":"repeat","background-position":"center center","background-size":"auto","background-attachment":"scroll","background-type":"","background-media":"","overlay-type":"","overlay-color":"","overlay-opacity":"","overlay-gradient":""},"tablet":{"background-color":"var(--ast-global-color-4)","background-image":"","background-repeat":"repeat","background-position":"center center","background-size":"auto","background-attachment":"scroll","background-type":"","background-media":"","overlay-type":"","overlay-color":"","overlay-opacity":"","overlay-gradient":""},"mobile":{"background-color":"var(--ast-global-color-4)","background-image":"","background-repeat":"repeat","background-position":"center center","background-size":"auto","background-attachment":"scroll","background-type":"","background-media":"","overlay-type":"","overlay-color":"","overlay-opacity":"","overlay-gradient":""}},"footnotes":""},"categories":[12],"tags":[],"class_list":["post-262","post","type-post","status-publish","format-standard","has-post-thumbnail","hentry","category-pasakumi"],"acf":[],"yoast_head":"<!-- This site is optimized with the Yoast SEO plugin v27.0 - https:\/\/yoast.com\/product\/yoast-seo-wordpress\/ -->\n<title>Paldies par kop\u0101 b\u016b\u0161anu Ziemas koncert\u0101! - Valmiermui\u017eas pirmsskolas izgl\u012bt\u012bbas iest\u0101de \u201cBurti\u0146\u0161\u201d<\/title>\n<meta name=\"robots\" content=\"index, follow, max-snippet:-1, max-image-preview:large, max-video-preview:-1\" \/>\n<link rel=\"canonical\" href=\"https:\/\/izglitiba.valmierasnovads.lv\/burtins\/2026\/01\/16\/paldies-par-kopa-busanu-ziemas-koncerta\/\" \/>\n<meta property=\"og:locale\" content=\"lv_LV\" \/>\n<meta property=\"og:type\" content=\"article\" \/>\n<meta property=\"og:title\" content=\"Paldies par kop\u0101 b\u016b\u0161anu Ziemas koncert\u0101! - Valmiermui\u017eas pirmsskolas izgl\u012bt\u012bbas iest\u0101de \u201cBurti\u0146\u0161\u201d\" \/>\n<meta property=\"og:description\" content=\"Jauna gada s\u0101kum\u0101 Valmiermui\u017eas PII \u201cBurti\u0146\u0161\u201d turpin\u0101m ikgad\u0113jo iest\u0101des trad\u012bciju pie sevis ciemos gaid\u012bt Valmieras pagasta seniorus un iest\u0101des audz\u0113k\u0146u [&hellip;]\" \/>\n<meta property=\"og:url\" content=\"https:\/\/izglitiba.valmierasnovads.lv\/burtins\/2026\/01\/16\/paldies-par-kopa-busanu-ziemas-koncerta\/\" \/>\n<meta property=\"og:site_name\" content=\"Valmiermui\u017eas pirmsskolas izgl\u012bt\u012bbas iest\u0101de \u201cBurti\u0146\u0161\u201d\" \/>\n<meta property=\"article:published_time\" content=\"2026-01-16T11:26:12+00:00\" \/>\n<meta property=\"article:modified_time\" content=\"2026-01-17T07:25:53+00:00\" \/>\n<meta property=\"og:image\" content=\"https:\/\/izglitiba.valmierasnovads.lv\/burtins\/wp-content\/uploads\/sites\/17\/2026\/01\/IMG_3071-scaled.jpg\" \/>\n\t<meta property=\"og:image:width\" content=\"2560\" \/>\n\t<meta property=\"og:image:height\" content=\"1920\" \/>\n\t<meta property=\"og:image:type\" content=\"image\/jpeg\" \/>\n<meta name=\"author\" content=\"sandabrennere\" \/>\n<meta name=\"twitter:card\" content=\"summary_large_image\" \/>\n<meta name=\"twitter:label1\" content=\"Written by\" \/>\n\t<meta name=\"twitter:data1\" content=\"sandabrennere\" \/>\n\t<meta name=\"twitter:label2\" content=\"Est. reading time\" \/>\n\t<meta name=\"twitter:data2\" content=\"1 min\u016bte\" \/>\n<script type=\"application\/ld+json\" class=\"yoast-schema-graph\">{\"@context\":\"https:\/\/schema.org\",\"@graph\":[{\"@type\":\"Article\",\"@id\":\"https:\/\/izglitiba.valmierasnovads.lv\/burtins\/2026\/01\/16\/paldies-par-kopa-busanu-ziemas-koncerta\/#article\",\"isPartOf\":{\"@id\":\"https:\/\/izglitiba.valmierasnovads.lv\/burtins\/2026\/01\/16\/paldies-par-kopa-busanu-ziemas-koncerta\/\"},\"author\":{\"name\":\"sandabrennere\",\"@id\":\"https:\/\/izglitiba.valmierasnovads.lv\/burtins\/#\/schema\/person\/80599d29cd2df916ea943e88bc355a36\"},\"headline\":\"Paldies par kop\u0101 b\u016b\u0161anu Ziemas koncert\u0101!\",\"datePublished\":\"2026-01-16T11:26:12+00:00\",\"dateModified\":\"2026-01-17T07:25:53+00:00\",\"mainEntityOfPage\":{\"@id\":\"https:\/\/izglitiba.valmierasnovads.lv\/burtins\/2026\/01\/16\/paldies-par-kopa-busanu-ziemas-koncerta\/\"},\"wordCount\":172,\"publisher\":{\"@id\":\"https:\/\/izglitiba.valmierasnovads.lv\/burtins\/#organization\"},\"image\":{\"@id\":\"https:\/\/izglitiba.valmierasnovads.lv\/burtins\/2026\/01\/16\/paldies-par-kopa-busanu-ziemas-koncerta\/#primaryimage\"},\"thumbnailUrl\":\"https:\/\/izglitiba.valmierasnovads.lv\/burtins\/wp-content\/uploads\/sites\/17\/2026\/01\/IMG_3071-scaled.jpg\",\"articleSection\":[\"Pas\u0101kumi\"],\"inLanguage\":\"lv-LV\"},{\"@type\":\"WebPage\",\"@id\":\"https:\/\/izglitiba.valmierasnovads.lv\/burtins\/2026\/01\/16\/paldies-par-kopa-busanu-ziemas-koncerta\/\",\"url\":\"https:\/\/izglitiba.valmierasnovads.lv\/burtins\/2026\/01\/16\/paldies-par-kopa-busanu-ziemas-koncerta\/\",\"name\":\"Paldies par kop\u0101 b\u016b\u0161anu Ziemas koncert\u0101! - Valmiermui\u017eas pirmsskolas izgl\u012bt\u012bbas iest\u0101de \u201cBurti\u0146\u0161\u201d\",\"isPartOf\":{\"@id\":\"https:\/\/izglitiba.valmierasnovads.lv\/burtins\/#website\"},\"primaryImageOfPage\":{\"@id\":\"https:\/\/izglitiba.valmierasnovads.lv\/burtins\/2026\/01\/16\/paldies-par-kopa-busanu-ziemas-koncerta\/#primaryimage\"},\"image\":{\"@id\":\"https:\/\/izglitiba.valmierasnovads.lv\/burtins\/2026\/01\/16\/paldies-par-kopa-busanu-ziemas-koncerta\/#primaryimage\"},\"thumbnailUrl\":\"https:\/\/izglitiba.valmierasnovads.lv\/burtins\/wp-content\/uploads\/sites\/17\/2026\/01\/IMG_3071-scaled.jpg\",\"datePublished\":\"2026-01-16T11:26:12+00:00\",\"dateModified\":\"2026-01-17T07:25:53+00:00\",\"breadcrumb\":{\"@id\":\"https:\/\/izglitiba.valmierasnovads.lv\/burtins\/2026\/01\/16\/paldies-par-kopa-busanu-ziemas-koncerta\/#breadcrumb\"},\"inLanguage\":\"lv-LV\",\"potentialAction\":[{\"@type\":\"ReadAction\",\"target\":[\"https:\/\/izglitiba.valmierasnovads.lv\/burtins\/2026\/01\/16\/paldies-par-kopa-busanu-ziemas-koncerta\/\"]}]},{\"@type\":\"ImageObject\",\"inLanguage\":\"lv-LV\",\"@id\":\"https:\/\/izglitiba.valmierasnovads.lv\/burtins\/2026\/01\/16\/paldies-par-kopa-busanu-ziemas-koncerta\/#primaryimage\",\"url\":\"https:\/\/izglitiba.valmierasnovads.lv\/burtins\/wp-content\/uploads\/sites\/17\/2026\/01\/IMG_3071-scaled.jpg\",\"contentUrl\":\"https:\/\/izglitiba.valmierasnovads.lv\/burtins\/wp-content\/uploads\/sites\/17\/2026\/01\/IMG_3071-scaled.jpg\",\"width\":2560,\"height\":1920},{\"@type\":\"BreadcrumbList\",\"@id\":\"https:\/\/izglitiba.valmierasnovads.lv\/burtins\/2026\/01\/16\/paldies-par-kopa-busanu-ziemas-koncerta\/#breadcrumb\",\"itemListElement\":[{\"@type\":\"ListItem\",\"position\":1,\"name\":\"Home\",\"item\":\"https:\/\/izglitiba.valmierasnovads.lv\/burtins\/\"},{\"@type\":\"ListItem\",\"position\":2,\"name\":\"Paldies par kop\u0101 b\u016b\u0161anu Ziemas koncert\u0101!\"}]},{\"@type\":\"WebSite\",\"@id\":\"https:\/\/izglitiba.valmierasnovads.lv\/burtins\/#website\",\"url\":\"https:\/\/izglitiba.valmierasnovads.lv\/burtins\/\",\"name\":\"Valmiermui\u017eas pirmsskolas izgl\u012bt\u012bbas iest\u0101de \u201cBurti\u0146\u0161\u201d\",\"description\":\"\",\"publisher\":{\"@id\":\"https:\/\/izglitiba.valmierasnovads.lv\/burtins\/#organization\"},\"potentialAction\":[{\"@type\":\"SearchAction\",\"target\":{\"@type\":\"EntryPoint\",\"urlTemplate\":\"https:\/\/izglitiba.valmierasnovads.lv\/burtins\/?s={search_term_string}\"},\"query-input\":{\"@type\":\"PropertyValueSpecification\",\"valueRequired\":true,\"valueName\":\"search_term_string\"}}],\"inLanguage\":\"lv-LV\"},{\"@type\":\"Organization\",\"@id\":\"https:\/\/izglitiba.valmierasnovads.lv\/burtins\/#organization\",\"name\":\"Valmiermui\u017eas pirmsskolas izgl\u012bt\u012bbas iest\u0101de \u201cBurti\u0146\u0161\u201d\",\"url\":\"https:\/\/izglitiba.valmierasnovads.lv\/burtins\/\",\"logo\":{\"@type\":\"ImageObject\",\"inLanguage\":\"lv-LV\",\"@id\":\"https:\/\/izglitiba.valmierasnovads.lv\/burtins\/#\/schema\/logo\/image\/\",\"url\":\"https:\/\/izglitiba.valmierasnovads.lv\/burtins\/wp-content\/uploads\/sites\/17\/2026\/03\/cropped-Pirmsskolas-izglitibas-iestades-ar-pasu-logo-1-scaled-1.png\",\"contentUrl\":\"https:\/\/izglitiba.valmierasnovads.lv\/burtins\/wp-content\/uploads\/sites\/17\/2026\/03\/cropped-Pirmsskolas-izglitibas-iestades-ar-pasu-logo-1-scaled-1.png\",\"width\":1542,\"height\":404,\"caption\":\"Valmiermui\u017eas pirmsskolas izgl\u012bt\u012bbas iest\u0101de \u201cBurti\u0146\u0161\u201d\"},\"image\":{\"@id\":\"https:\/\/izglitiba.valmierasnovads.lv\/burtins\/#\/schema\/logo\/image\/\"}},{\"@type\":\"Person\",\"@id\":\"https:\/\/izglitiba.valmierasnovads.lv\/burtins\/#\/schema\/person\/80599d29cd2df916ea943e88bc355a36\",\"name\":\"sandabrennere\",\"image\":{\"@type\":\"ImageObject\",\"inLanguage\":\"lv-LV\",\"@id\":\"https:\/\/izglitiba.valmierasnovads.lv\/burtins\/#\/schema\/person\/image\/\",\"url\":\"https:\/\/secure.gravatar.com\/avatar\/8ee32c8a73403aad8625d6a472c1da0e913072bdf1f4a97448ddbf8c5eb5bb88?s=96&d=mm&r=g\",\"contentUrl\":\"https:\/\/secure.gravatar.com\/avatar\/8ee32c8a73403aad8625d6a472c1da0e913072bdf1f4a97448ddbf8c5eb5bb88?s=96&d=mm&r=g\",\"caption\":\"sandabrennere\"},\"url\":\"https:\/\/izglitiba.valmierasnovads.lv\/burtins\/author\/sandabrennere\/\"}]}<\/script>\n<!-- \/ Yoast SEO plugin. -->","yoast_head_json":{"title":"Paldies par kop\u0101 b\u016b\u0161anu Ziemas koncert\u0101! - Valmiermui\u017eas pirmsskolas izgl\u012bt\u012bbas iest\u0101de \u201cBurti\u0146\u0161\u201d","robots":{"index":"index","follow":"follow","max-snippet":"max-snippet:-1","max-image-preview":"max-image-preview:large","max-video-preview":"max-video-preview:-1"},"canonical":"https:\/\/izglitiba.valmierasnovads.lv\/burtins\/2026\/01\/16\/paldies-par-kopa-busanu-ziemas-koncerta\/","og_locale":"lv_LV","og_type":"article","og_title":"Paldies par kop\u0101 b\u016b\u0161anu Ziemas koncert\u0101! - Valmiermui\u017eas pirmsskolas izgl\u012bt\u012bbas iest\u0101de \u201cBurti\u0146\u0161\u201d","og_description":"Jauna gada s\u0101kum\u0101 Valmiermui\u017eas PII \u201cBurti\u0146\u0161\u201d turpin\u0101m ikgad\u0113jo iest\u0101des trad\u012bciju pie sevis ciemos gaid\u012bt Valmieras pagasta seniorus un iest\u0101des audz\u0113k\u0146u [&hellip;]","og_url":"https:\/\/izglitiba.valmierasnovads.lv\/burtins\/2026\/01\/16\/paldies-par-kopa-busanu-ziemas-koncerta\/","og_site_name":"Valmiermui\u017eas pirmsskolas izgl\u012bt\u012bbas iest\u0101de \u201cBurti\u0146\u0161\u201d","article_published_time":"2026-01-16T11:26:12+00:00","article_modified_time":"2026-01-17T07:25:53+00:00","og_image":[{"width":2560,"height":1920,"url":"https:\/\/izglitiba.valmierasnovads.lv\/burtins\/wp-content\/uploads\/sites\/17\/2026\/01\/IMG_3071-scaled.jpg","type":"image\/jpeg"}],"author":"sandabrennere","twitter_card":"summary_large_image","twitter_misc":{"Written by":"sandabrennere","Est. reading time":"1 min\u016bte"},"schema":{"@context":"https:\/\/schema.org","@graph":[{"@type":"Article","@id":"https:\/\/izglitiba.valmierasnovads.lv\/burtins\/2026\/01\/16\/paldies-par-kopa-busanu-ziemas-koncerta\/#article","isPartOf":{"@id":"https:\/\/izglitiba.valmierasnovads.lv\/burtins\/2026\/01\/16\/paldies-par-kopa-busanu-ziemas-koncerta\/"},"author":{"name":"sandabrennere","@id":"https:\/\/izglitiba.valmierasnovads.lv\/burtins\/#\/schema\/person\/80599d29cd2df916ea943e88bc355a36"},"headline":"Paldies par kop\u0101 b\u016b\u0161anu Ziemas koncert\u0101!","datePublished":"2026-01-16T11:26:12+00:00","dateModified":"2026-01-17T07:25:53+00:00","mainEntityOfPage":{"@id":"https:\/\/izglitiba.valmierasnovads.lv\/burtins\/2026\/01\/16\/paldies-par-kopa-busanu-ziemas-koncerta\/"},"wordCount":172,"publisher":{"@id":"https:\/\/izglitiba.valmierasnovads.lv\/burtins\/#organization"},"image":{"@id":"https:\/\/izglitiba.valmierasnovads.lv\/burtins\/2026\/01\/16\/paldies-par-kopa-busanu-ziemas-koncerta\/#primaryimage"},"thumbnailUrl":"https:\/\/izglitiba.valmierasnovads.lv\/burtins\/wp-content\/uploads\/sites\/17\/2026\/01\/IMG_3071-scaled.jpg","articleSection":["Pas\u0101kumi"],"inLanguage":"lv-LV"},{"@type":"WebPage","@id":"https:\/\/izglitiba.valmierasnovads.lv\/burtins\/2026\/01\/16\/paldies-par-kopa-busanu-ziemas-koncerta\/","url":"https:\/\/izglitiba.valmierasnovads.lv\/burtins\/2026\/01\/16\/paldies-par-kopa-busanu-ziemas-koncerta\/","name":"Paldies par kop\u0101 b\u016b\u0161anu Ziemas koncert\u0101! - Valmiermui\u017eas pirmsskolas izgl\u012bt\u012bbas iest\u0101de \u201cBurti\u0146\u0161\u201d","isPartOf":{"@id":"https:\/\/izglitiba.valmierasnovads.lv\/burtins\/#website"},"primaryImageOfPage":{"@id":"https:\/\/izglitiba.valmierasnovads.lv\/burtins\/2026\/01\/16\/paldies-par-kopa-busanu-ziemas-koncerta\/#primaryimage"},"image":{"@id":"https:\/\/izglitiba.valmierasnovads.lv\/burtins\/2026\/01\/16\/paldies-par-kopa-busanu-ziemas-koncerta\/#primaryimage"},"thumbnailUrl":"https:\/\/izglitiba.valmierasnovads.lv\/burtins\/wp-content\/uploads\/sites\/17\/2026\/01\/IMG_3071-scaled.jpg","datePublished":"2026-01-16T11:26:12+00:00","dateModified":"2026-01-17T07:25:53+00:00","breadcrumb":{"@id":"https:\/\/izglitiba.valmierasnovads.lv\/burtins\/2026\/01\/16\/paldies-par-kopa-busanu-ziemas-koncerta\/#breadcrumb"},"inLanguage":"lv-LV","potentialAction":[{"@type":"ReadAction","target":["https:\/\/izglitiba.valmierasnovads.lv\/burtins\/2026\/01\/16\/paldies-par-kopa-busanu-ziemas-koncerta\/"]}]},{"@type":"ImageObject","inLanguage":"lv-LV","@id":"https:\/\/izglitiba.valmierasnovads.lv\/burtins\/2026\/01\/16\/paldies-par-kopa-busanu-ziemas-koncerta\/#primaryimage","url":"https:\/\/izglitiba.valmierasnovads.lv\/burtins\/wp-content\/uploads\/sites\/17\/2026\/01\/IMG_3071-scaled.jpg","contentUrl":"https:\/\/izglitiba.valmierasnovads.lv\/burtins\/wp-content\/uploads\/sites\/17\/2026\/01\/IMG_3071-scaled.jpg","width":2560,"height":1920},{"@type":"BreadcrumbList","@id":"https:\/\/izglitiba.valmierasnovads.lv\/burtins\/2026\/01\/16\/paldies-par-kopa-busanu-ziemas-koncerta\/#breadcrumb","itemListElement":[{"@type":"ListItem","position":1,"name":"Home","item":"https:\/\/izglitiba.valmierasnovads.lv\/burtins\/"},{"@type":"ListItem","position":2,"name":"Paldies par kop\u0101 b\u016b\u0161anu Ziemas koncert\u0101!"}]},{"@type":"WebSite","@id":"https:\/\/izglitiba.valmierasnovads.lv\/burtins\/#website","url":"https:\/\/izglitiba.valmierasnovads.lv\/burtins\/","name":"Valmiermui\u017eas pirmsskolas izgl\u012bt\u012bbas iest\u0101de \u201cBurti\u0146\u0161\u201d","description":"","publisher":{"@id":"https:\/\/izglitiba.valmierasnovads.lv\/burtins\/#organization"},"potentialAction":[{"@type":"SearchAction","target":{"@type":"EntryPoint","urlTemplate":"https:\/\/izglitiba.valmierasnovads.lv\/burtins\/?s={search_term_string}"},"query-input":{"@type":"PropertyValueSpecification","valueRequired":true,"valueName":"search_term_string"}}],"inLanguage":"lv-LV"},{"@type":"Organization","@id":"https:\/\/izglitiba.valmierasnovads.lv\/burtins\/#organization","name":"Valmiermui\u017eas pirmsskolas izgl\u012bt\u012bbas iest\u0101de \u201cBurti\u0146\u0161\u201d","url":"https:\/\/izglitiba.valmierasnovads.lv\/burtins\/","logo":{"@type":"ImageObject","inLanguage":"lv-LV","@id":"https:\/\/izglitiba.valmierasnovads.lv\/burtins\/#\/schema\/logo\/image\/","url":"https:\/\/izglitiba.valmierasnovads.lv\/burtins\/wp-content\/uploads\/sites\/17\/2026\/03\/cropped-Pirmsskolas-izglitibas-iestades-ar-pasu-logo-1-scaled-1.png","contentUrl":"https:\/\/izglitiba.valmierasnovads.lv\/burtins\/wp-content\/uploads\/sites\/17\/2026\/03\/cropped-Pirmsskolas-izglitibas-iestades-ar-pasu-logo-1-scaled-1.png","width":1542,"height":404,"caption":"Valmiermui\u017eas pirmsskolas izgl\u012bt\u012bbas iest\u0101de \u201cBurti\u0146\u0161\u201d"},"image":{"@id":"https:\/\/izglitiba.valmierasnovads.lv\/burtins\/#\/schema\/logo\/image\/"}},{"@type":"Person","@id":"https:\/\/izglitiba.valmierasnovads.lv\/burtins\/#\/schema\/person\/80599d29cd2df916ea943e88bc355a36","name":"sandabrennere","image":{"@type":"ImageObject","inLanguage":"lv-LV","@id":"https:\/\/izglitiba.valmierasnovads.lv\/burtins\/#\/schema\/person\/image\/","url":"https:\/\/secure.gravatar.com\/avatar\/8ee32c8a73403aad8625d6a472c1da0e913072bdf1f4a97448ddbf8c5eb5bb88?s=96&d=mm&r=g","contentUrl":"https:\/\/secure.gravatar.com\/avatar\/8ee32c8a73403aad8625d6a472c1da0e913072bdf1f4a97448ddbf8c5eb5bb88?s=96&d=mm&r=g","caption":"sandabrennere"},"url":"https:\/\/izglitiba.valmierasnovads.lv\/burtins\/author\/sandabrennere\/"}]}},"_links":{"self":[{"href":"https:\/\/izglitiba.valmierasnovads.lv\/burtins\/wp-json\/wp\/v2\/posts\/262","targetHints":{"allow":["GET"]}}],"collection":[{"href":"https:\/\/izglitiba.valmierasnovads.lv\/burtins\/wp-json\/wp\/v2\/posts"}],"about":[{"href":"https:\/\/izglitiba.valmierasnovads.lv\/burtins\/wp-json\/wp\/v2\/types\/post"}],"author":[{"embeddable":true,"href":"https:\/\/izglitiba.valmierasnovads.lv\/burtins\/wp-json\/wp\/v2\/users\/18"}],"replies":[{"embeddable":true,"href":"https:\/\/izglitiba.valmierasnovads.lv\/burtins\/wp-json\/wp\/v2\/comments?post=262"}],"version-history":[{"count":6,"href":"https:\/\/izglitiba.valmierasnovads.lv\/burtins\/wp-json\/wp\/v2\/posts\/262\/revisions"}],"predecessor-version":[{"id":278,"href":"https:\/\/izglitiba.valmierasnovads.lv\/burtins\/wp-json\/wp\/v2\/posts\/262\/revisions\/278"}],"wp:featuredmedia":[{"embeddable":true,"href":"https:\/\/izglitiba.valmierasnovads.lv\/burtins\/wp-json\/wp\/v2\/media\/270"}],"wp:attachment":[{"href":"https:\/\/izglitiba.valmierasnovads.lv\/burtins\/wp-json\/wp\/v2\/media?parent=262"}],"wp:term":[{"taxonomy":"category","embeddable":true,"href":"https:\/\/izglitiba.valmierasnovads.lv\/burtins\/wp-json\/wp\/v2\/categories?post=262"},{"taxonomy":"post_tag","embeddable":true,"href":"https:\/\/izglitiba.valmierasnovads.lv\/burtins\/wp-json\/wp\/v2\/tags?post=262"}],"curies":[{"name":"wp","href":"https:\/\/api.w.org\/{rel}","templated":true}]}}