{"id":1214,"date":"2026-01-26T13:04:14","date_gmt":"2026-01-26T11:04:14","guid":{"rendered":"https:\/\/izglitiba.valmierasnovads.lv\/karliena\/?p=1214"},"modified":"2026-02-26T20:12:36","modified_gmt":"2026-02-26T18:12:36","slug":"izglitojosa-kanisterapijas-nodarbiba-zakenu-grupas-berniem","status":"publish","type":"post","link":"https:\/\/izglitiba.valmierasnovads.lv\/karliena\/2026\/01\/26\/izglitojosa-kanisterapijas-nodarbiba-zakenu-grupas-berniem\/","title":{"rendered":"Izgl\u012btojo\u0161a kanisterapijas nodarb\u012bba &#8221;Za\u0137\u0113nu&#8221; grupas b\u0113rniem"},"content":{"rendered":"\n<p class=\"has-medium-font-size\">2026. gada 23. janv\u0101r\u012b, &#8221;Za\u0137\u0113nu&#8221; grupas b\u0113rniem sporta z\u0101l\u0113 notika \u012bpa\u0161a un izgl\u012btojo\u0161a nodarb\u012bba &#8211; tik\u0161an\u0101s ar suni kanisterapijas nodarb\u012bb\u0101. Pie b\u0113rniem viesoj\u0101s kanisterapeite M\u0101r\u012bte Klapenkova (Gaujas krasta vidusskolas sporta skolot\u0101ja) kop\u0101 ar suni Meisiju. Nodarb\u012bbas s\u0101kum\u0101 b\u0113rni iepazin\u0101s ar suni, sasveicin\u0101j\u0101s un ar prieku to paglaud\u012bja. Kop\u0101 ar Meisiju b\u0113rni noskat\u012bj\u0101s izzino\u0161u video filmu par Valmieru. P\u0113c filmas noskat\u012b\u0161an\u0101s b\u0113rni p\u0101ros veica sagatavotos uzdevumus &#8211; att\u0113los atpazina Valmierai rakstur\u012bgas vietas un vienoj\u0101s, pie kura att\u0113la nost\u0101ties (att\u0113li bija izvietoti da\u017e\u0101d\u0101s viet\u0101s pie sporta z\u0101les sien\u0101m). Nodarb\u012bbu \u012bpa\u0161i aizraujo\u0161u padar\u012bja kust\u012bbu rota\u013ca \u201cSasalsti!\u201d, kur\u0101 akt\u012bvi piedal\u012bj\u0101s ar\u012b suns Meisija, k\u0101 ar\u012b sp\u0113le \u201cMetamkauli\u0146u\u201d, kuras laik\u0101 b\u0113rni kop\u0101 ar suni izpild\u012bja da\u017e\u0101das kust\u012bbas. P\u0113c nodarb\u012bbas b\u0113rni cien\u0101j\u0101s pa\u0161i un pacien\u0101ja ar\u012b suni ar aug\u013ciem. Ikviens b\u0113rns sa\u0146\u0113ma p\u0101rsteiguma suven\u012bru k\u0101 piemi\u0146u no \u0161\u012bs jauk\u0101s tik\u0161an\u0101s.<\/p>\n\n\n\n<p class=\"has-medium-font-size\">&#8221;Za\u0137\u0113nu&#8221; grupas b\u0113rni nodarb\u012bbas laik\u0101 izr\u0101d\u012bja lielu interesi, drosmi, aktivit\u0101ti un prieku par kop\u0101 b\u016b\u0161anu. Sirsn\u012bgs paldies M\u0101r\u012btei Klapenkovai un sunim Meisijai par sniegto iesp\u0113ju piedz\u012bvot \u0161o \u012bpa\u0161o tik\u0161anos, k\u0101 ar\u012b Lauras mammai Lienei par l\u012bdzdal\u012bbu pas\u0101kuma organiz\u0113\u0161an\u0101!<\/p>\n","protected":false},"excerpt":{"rendered":"<p>2026. gada 23. janv\u0101r\u012b, &#8221;Za\u0137\u0113nu&#8221; grupas b\u0113rniem sporta z\u0101l\u0113 notika \u012bpa\u0161a un izgl\u012btojo\u0161a nodarb\u012bba &#8211; tik\u0161an\u0101s ar suni kanisterapijas nodarb\u012bb\u0101. [&hellip;]<\/p>\n","protected":false},"author":13,"featured_media":1217,"comment_status":"closed","ping_status":"closed","sticky":false,"template":"","format":"standard","meta":{"_acf_changed":false,"site-sidebar-layout":"default","site-content-layout":"","ast-site-content-layout":"default","site-content-style":"default","site-sidebar-style":"default","ast-global-header-display":"","ast-banner-title-visibility":"","ast-main-header-display":"","ast-hfb-above-header-display":"","ast-hfb-below-header-display":"","ast-hfb-mobile-header-display":"","site-post-title":"","ast-breadcrumbs-content":"","ast-featured-img":"","footer-sml-layout":"","ast-disable-related-posts":"","theme-transparent-header-meta":"","adv-header-id-meta":"","stick-header-meta":"","header-above-stick-meta":"","header-main-stick-meta":"","header-below-stick-meta":"","astra-migrate-meta-layouts":"default","ast-page-background-enabled":"default","ast-page-background-meta":{"desktop":{"background-color":"var(--ast-global-color-5)","background-image":"","background-repeat":"repeat","background-position":"center center","background-size":"auto","background-attachment":"scroll","background-type":"","background-media":"","overlay-type":"","overlay-color":"","overlay-opacity":"","overlay-gradient":""},"tablet":{"background-color":"","background-image":"","background-repeat":"repeat","background-position":"center center","background-size":"auto","background-attachment":"scroll","background-type":"","background-media":"","overlay-type":"","overlay-color":"","overlay-opacity":"","overlay-gradient":""},"mobile":{"background-color":"","background-image":"","background-repeat":"repeat","background-position":"center center","background-size":"auto","background-attachment":"scroll","background-type":"","background-media":"","overlay-type":"","overlay-color":"","overlay-opacity":"","overlay-gradient":""}},"ast-content-background-meta":{"desktop":{"background-color":"var(--ast-global-color-4)","background-image":"","background-repeat":"repeat","background-position":"center center","background-size":"auto","background-attachment":"scroll","background-type":"","background-media":"","overlay-type":"","overlay-color":"","overlay-opacity":"","overlay-gradient":""},"tablet":{"background-color":"var(--ast-global-color-4)","background-image":"","background-repeat":"repeat","background-position":"center center","background-size":"auto","background-attachment":"scroll","background-type":"","background-media":"","overlay-type":"","overlay-color":"","overlay-opacity":"","overlay-gradient":""},"mobile":{"background-color":"var(--ast-global-color-4)","background-image":"","background-repeat":"repeat","background-position":"center center","background-size":"auto","background-attachment":"scroll","background-type":"","background-media":"","overlay-type":"","overlay-color":"","overlay-opacity":"","overlay-gradient":""}},"footnotes":""},"categories":[19],"tags":[],"class_list":["post-1214","post","type-post","status-publish","format-standard","has-post-thumbnail","hentry","category-aktivitates"],"acf":[],"yoast_head":"<!-- This site is optimized with the Yoast SEO plugin v27.0 - https:\/\/yoast.com\/product\/yoast-seo-wordpress\/ -->\n<title>Izgl\u012btojo\u0161a kanisterapijas nodarb\u012bba &#039;&#039;Za\u0137\u0113nu&#039;&#039; grupas b\u0113rniem - Valmieras pirmsskolas izgl\u012bt\u012bbas iest\u0101de \u201cK\u0101rliena\u201d<\/title>\n<meta name=\"robots\" content=\"index, follow, max-snippet:-1, max-image-preview:large, max-video-preview:-1\" \/>\n<link rel=\"canonical\" href=\"https:\/\/izglitiba.valmierasnovads.lv\/karliena\/2026\/01\/26\/izglitojosa-kanisterapijas-nodarbiba-zakenu-grupas-berniem\/\" \/>\n<meta property=\"og:locale\" content=\"lv_LV\" \/>\n<meta property=\"og:type\" content=\"article\" \/>\n<meta property=\"og:title\" content=\"Izgl\u012btojo\u0161a kanisterapijas nodarb\u012bba &#039;&#039;Za\u0137\u0113nu&#039;&#039; grupas b\u0113rniem - Valmieras pirmsskolas izgl\u012bt\u012bbas iest\u0101de \u201cK\u0101rliena\u201d\" \/>\n<meta property=\"og:description\" content=\"2026. gada 23. janv\u0101r\u012b, &#8221;Za\u0137\u0113nu&#8221; grupas b\u0113rniem sporta z\u0101l\u0113 notika \u012bpa\u0161a un izgl\u012btojo\u0161a nodarb\u012bba &#8211; tik\u0161an\u0101s ar suni kanisterapijas nodarb\u012bb\u0101. [&hellip;]\" \/>\n<meta property=\"og:url\" content=\"https:\/\/izglitiba.valmierasnovads.lv\/karliena\/2026\/01\/26\/izglitojosa-kanisterapijas-nodarbiba-zakenu-grupas-berniem\/\" \/>\n<meta property=\"og:site_name\" content=\"Valmieras pirmsskolas izgl\u012bt\u012bbas iest\u0101de \u201cK\u0101rliena\u201d\" \/>\n<meta property=\"article:published_time\" content=\"2026-01-26T11:04:14+00:00\" \/>\n<meta property=\"article:modified_time\" content=\"2026-02-26T18:12:36+00:00\" \/>\n<meta property=\"og:image\" content=\"https:\/\/izglitiba.valmierasnovads.lv\/karliena\/wp-content\/uploads\/sites\/8\/2026\/01\/17.jpg\" \/>\n\t<meta property=\"og:image:width\" content=\"2245\" \/>\n\t<meta property=\"og:image:height\" content=\"1587\" \/>\n\t<meta property=\"og:image:type\" content=\"image\/jpeg\" \/>\n<meta name=\"author\" content=\"sigitatama\" \/>\n<meta name=\"twitter:card\" content=\"summary_large_image\" \/>\n<meta name=\"twitter:label1\" content=\"Written by\" \/>\n\t<meta name=\"twitter:data1\" content=\"sigitatama\" \/>\n\t<meta name=\"twitter:label2\" content=\"Est. reading time\" \/>\n\t<meta name=\"twitter:data2\" content=\"2 min\u016btes\" \/>\n<script type=\"application\/ld+json\" class=\"yoast-schema-graph\">{\"@context\":\"https:\/\/schema.org\",\"@graph\":[{\"@type\":\"Article\",\"@id\":\"https:\/\/izglitiba.valmierasnovads.lv\/karliena\/2026\/01\/26\/izglitojosa-kanisterapijas-nodarbiba-zakenu-grupas-berniem\/#article\",\"isPartOf\":{\"@id\":\"https:\/\/izglitiba.valmierasnovads.lv\/karliena\/2026\/01\/26\/izglitojosa-kanisterapijas-nodarbiba-zakenu-grupas-berniem\/\"},\"author\":{\"name\":\"sigitatama\",\"@id\":\"https:\/\/izglitiba.valmierasnovads.lv\/karliena\/#\/schema\/person\/5a4dd824bc0b9f39219bc18d3ca784ad\"},\"headline\":\"Izgl\u012btojo\u0161a kanisterapijas nodarb\u012bba &#8221;Za\u0137\u0113nu&#8221; grupas b\u0113rniem\",\"datePublished\":\"2026-01-26T11:04:14+00:00\",\"dateModified\":\"2026-02-26T18:12:36+00:00\",\"mainEntityOfPage\":{\"@id\":\"https:\/\/izglitiba.valmierasnovads.lv\/karliena\/2026\/01\/26\/izglitojosa-kanisterapijas-nodarbiba-zakenu-grupas-berniem\/\"},\"wordCount\":273,\"publisher\":{\"@id\":\"https:\/\/izglitiba.valmierasnovads.lv\/karliena\/#organization\"},\"image\":{\"@id\":\"https:\/\/izglitiba.valmierasnovads.lv\/karliena\/2026\/01\/26\/izglitojosa-kanisterapijas-nodarbiba-zakenu-grupas-berniem\/#primaryimage\"},\"thumbnailUrl\":\"https:\/\/izglitiba.valmierasnovads.lv\/karliena\/wp-content\/uploads\/sites\/8\/2026\/01\/17.jpg\",\"articleSection\":[\"Aktivit\u0101tes\"],\"inLanguage\":\"lv-LV\"},{\"@type\":\"WebPage\",\"@id\":\"https:\/\/izglitiba.valmierasnovads.lv\/karliena\/2026\/01\/26\/izglitojosa-kanisterapijas-nodarbiba-zakenu-grupas-berniem\/\",\"url\":\"https:\/\/izglitiba.valmierasnovads.lv\/karliena\/2026\/01\/26\/izglitojosa-kanisterapijas-nodarbiba-zakenu-grupas-berniem\/\",\"name\":\"Izgl\u012btojo\u0161a kanisterapijas nodarb\u012bba ''Za\u0137\u0113nu'' grupas b\u0113rniem - Valmieras pirmsskolas izgl\u012bt\u012bbas iest\u0101de \u201cK\u0101rliena\u201d\",\"isPartOf\":{\"@id\":\"https:\/\/izglitiba.valmierasnovads.lv\/karliena\/#website\"},\"primaryImageOfPage\":{\"@id\":\"https:\/\/izglitiba.valmierasnovads.lv\/karliena\/2026\/01\/26\/izglitojosa-kanisterapijas-nodarbiba-zakenu-grupas-berniem\/#primaryimage\"},\"image\":{\"@id\":\"https:\/\/izglitiba.valmierasnovads.lv\/karliena\/2026\/01\/26\/izglitojosa-kanisterapijas-nodarbiba-zakenu-grupas-berniem\/#primaryimage\"},\"thumbnailUrl\":\"https:\/\/izglitiba.valmierasnovads.lv\/karliena\/wp-content\/uploads\/sites\/8\/2026\/01\/17.jpg\",\"datePublished\":\"2026-01-26T11:04:14+00:00\",\"dateModified\":\"2026-02-26T18:12:36+00:00\",\"breadcrumb\":{\"@id\":\"https:\/\/izglitiba.valmierasnovads.lv\/karliena\/2026\/01\/26\/izglitojosa-kanisterapijas-nodarbiba-zakenu-grupas-berniem\/#breadcrumb\"},\"inLanguage\":\"lv-LV\",\"potentialAction\":[{\"@type\":\"ReadAction\",\"target\":[\"https:\/\/izglitiba.valmierasnovads.lv\/karliena\/2026\/01\/26\/izglitojosa-kanisterapijas-nodarbiba-zakenu-grupas-berniem\/\"]}]},{\"@type\":\"ImageObject\",\"inLanguage\":\"lv-LV\",\"@id\":\"https:\/\/izglitiba.valmierasnovads.lv\/karliena\/2026\/01\/26\/izglitojosa-kanisterapijas-nodarbiba-zakenu-grupas-berniem\/#primaryimage\",\"url\":\"https:\/\/izglitiba.valmierasnovads.lv\/karliena\/wp-content\/uploads\/sites\/8\/2026\/01\/17.jpg\",\"contentUrl\":\"https:\/\/izglitiba.valmierasnovads.lv\/karliena\/wp-content\/uploads\/sites\/8\/2026\/01\/17.jpg\",\"width\":2245,\"height\":1587},{\"@type\":\"BreadcrumbList\",\"@id\":\"https:\/\/izglitiba.valmierasnovads.lv\/karliena\/2026\/01\/26\/izglitojosa-kanisterapijas-nodarbiba-zakenu-grupas-berniem\/#breadcrumb\",\"itemListElement\":[{\"@type\":\"ListItem\",\"position\":1,\"name\":\"Home\",\"item\":\"https:\/\/izglitiba.valmierasnovads.lv\/karliena\/\"},{\"@type\":\"ListItem\",\"position\":2,\"name\":\"Izgl\u012btojo\u0161a kanisterapijas nodarb\u012bba &#8221;Za\u0137\u0113nu&#8221; grupas b\u0113rniem\"}]},{\"@type\":\"WebSite\",\"@id\":\"https:\/\/izglitiba.valmierasnovads.lv\/karliena\/#website\",\"url\":\"https:\/\/izglitiba.valmierasnovads.lv\/karliena\/\",\"name\":\"Valmieras pirmsskolas izgl\u012bt\u012bbas iest\u0101de \u201cK\u0101rliena\u201d\",\"description\":\"\",\"publisher\":{\"@id\":\"https:\/\/izglitiba.valmierasnovads.lv\/karliena\/#organization\"},\"potentialAction\":[{\"@type\":\"SearchAction\",\"target\":{\"@type\":\"EntryPoint\",\"urlTemplate\":\"https:\/\/izglitiba.valmierasnovads.lv\/karliena\/?s={search_term_string}\"},\"query-input\":{\"@type\":\"PropertyValueSpecification\",\"valueRequired\":true,\"valueName\":\"search_term_string\"}}],\"inLanguage\":\"lv-LV\"},{\"@type\":\"Organization\",\"@id\":\"https:\/\/izglitiba.valmierasnovads.lv\/karliena\/#organization\",\"name\":\"Valmieras pirmsskolas izgl\u012bt\u012bbas iest\u0101de \u201cK\u0101rliena\u201d\",\"url\":\"https:\/\/izglitiba.valmierasnovads.lv\/karliena\/\",\"logo\":{\"@type\":\"ImageObject\",\"inLanguage\":\"lv-LV\",\"@id\":\"https:\/\/izglitiba.valmierasnovads.lv\/karliena\/#\/schema\/logo\/image\/\",\"url\":\"https:\/\/izglitiba.valmierasnovads.lv\/karliena\/wp-content\/uploads\/sites\/8\/2025\/04\/cropped-karliena_logo-removebg-preview-1.png\",\"contentUrl\":\"https:\/\/izglitiba.valmierasnovads.lv\/karliena\/wp-content\/uploads\/sites\/8\/2025\/04\/cropped-karliena_logo-removebg-preview-1.png\",\"width\":680,\"height\":339,\"caption\":\"Valmieras pirmsskolas izgl\u012bt\u012bbas iest\u0101de \u201cK\u0101rliena\u201d\"},\"image\":{\"@id\":\"https:\/\/izglitiba.valmierasnovads.lv\/karliena\/#\/schema\/logo\/image\/\"}},{\"@type\":\"Person\",\"@id\":\"https:\/\/izglitiba.valmierasnovads.lv\/karliena\/#\/schema\/person\/5a4dd824bc0b9f39219bc18d3ca784ad\",\"name\":\"sigitatama\",\"image\":{\"@type\":\"ImageObject\",\"inLanguage\":\"lv-LV\",\"@id\":\"https:\/\/izglitiba.valmierasnovads.lv\/karliena\/#\/schema\/person\/image\/\",\"url\":\"https:\/\/secure.gravatar.com\/avatar\/edcda2febac8dc2871e72734b55dc0a1bb246f0350c7039df13fe9c79b3e6c18?s=96&d=mm&r=g\",\"contentUrl\":\"https:\/\/secure.gravatar.com\/avatar\/edcda2febac8dc2871e72734b55dc0a1bb246f0350c7039df13fe9c79b3e6c18?s=96&d=mm&r=g\",\"caption\":\"sigitatama\"},\"url\":\"https:\/\/izglitiba.valmierasnovads.lv\/karliena\/author\/sigitatama\/\"}]}<\/script>\n<!-- \/ Yoast SEO plugin. -->","yoast_head_json":{"title":"Izgl\u012btojo\u0161a kanisterapijas nodarb\u012bba ''Za\u0137\u0113nu'' grupas b\u0113rniem - Valmieras pirmsskolas izgl\u012bt\u012bbas iest\u0101de \u201cK\u0101rliena\u201d","robots":{"index":"index","follow":"follow","max-snippet":"max-snippet:-1","max-image-preview":"max-image-preview:large","max-video-preview":"max-video-preview:-1"},"canonical":"https:\/\/izglitiba.valmierasnovads.lv\/karliena\/2026\/01\/26\/izglitojosa-kanisterapijas-nodarbiba-zakenu-grupas-berniem\/","og_locale":"lv_LV","og_type":"article","og_title":"Izgl\u012btojo\u0161a kanisterapijas nodarb\u012bba ''Za\u0137\u0113nu'' grupas b\u0113rniem - Valmieras pirmsskolas izgl\u012bt\u012bbas iest\u0101de \u201cK\u0101rliena\u201d","og_description":"2026. gada 23. janv\u0101r\u012b, &#8221;Za\u0137\u0113nu&#8221; grupas b\u0113rniem sporta z\u0101l\u0113 notika \u012bpa\u0161a un izgl\u012btojo\u0161a nodarb\u012bba &#8211; tik\u0161an\u0101s ar suni kanisterapijas nodarb\u012bb\u0101. [&hellip;]","og_url":"https:\/\/izglitiba.valmierasnovads.lv\/karliena\/2026\/01\/26\/izglitojosa-kanisterapijas-nodarbiba-zakenu-grupas-berniem\/","og_site_name":"Valmieras pirmsskolas izgl\u012bt\u012bbas iest\u0101de \u201cK\u0101rliena\u201d","article_published_time":"2026-01-26T11:04:14+00:00","article_modified_time":"2026-02-26T18:12:36+00:00","og_image":[{"width":2245,"height":1587,"url":"https:\/\/izglitiba.valmierasnovads.lv\/karliena\/wp-content\/uploads\/sites\/8\/2026\/01\/17.jpg","type":"image\/jpeg"}],"author":"sigitatama","twitter_card":"summary_large_image","twitter_misc":{"Written by":"sigitatama","Est. reading time":"2 min\u016btes"},"schema":{"@context":"https:\/\/schema.org","@graph":[{"@type":"Article","@id":"https:\/\/izglitiba.valmierasnovads.lv\/karliena\/2026\/01\/26\/izglitojosa-kanisterapijas-nodarbiba-zakenu-grupas-berniem\/#article","isPartOf":{"@id":"https:\/\/izglitiba.valmierasnovads.lv\/karliena\/2026\/01\/26\/izglitojosa-kanisterapijas-nodarbiba-zakenu-grupas-berniem\/"},"author":{"name":"sigitatama","@id":"https:\/\/izglitiba.valmierasnovads.lv\/karliena\/#\/schema\/person\/5a4dd824bc0b9f39219bc18d3ca784ad"},"headline":"Izgl\u012btojo\u0161a kanisterapijas nodarb\u012bba &#8221;Za\u0137\u0113nu&#8221; grupas b\u0113rniem","datePublished":"2026-01-26T11:04:14+00:00","dateModified":"2026-02-26T18:12:36+00:00","mainEntityOfPage":{"@id":"https:\/\/izglitiba.valmierasnovads.lv\/karliena\/2026\/01\/26\/izglitojosa-kanisterapijas-nodarbiba-zakenu-grupas-berniem\/"},"wordCount":273,"publisher":{"@id":"https:\/\/izglitiba.valmierasnovads.lv\/karliena\/#organization"},"image":{"@id":"https:\/\/izglitiba.valmierasnovads.lv\/karliena\/2026\/01\/26\/izglitojosa-kanisterapijas-nodarbiba-zakenu-grupas-berniem\/#primaryimage"},"thumbnailUrl":"https:\/\/izglitiba.valmierasnovads.lv\/karliena\/wp-content\/uploads\/sites\/8\/2026\/01\/17.jpg","articleSection":["Aktivit\u0101tes"],"inLanguage":"lv-LV"},{"@type":"WebPage","@id":"https:\/\/izglitiba.valmierasnovads.lv\/karliena\/2026\/01\/26\/izglitojosa-kanisterapijas-nodarbiba-zakenu-grupas-berniem\/","url":"https:\/\/izglitiba.valmierasnovads.lv\/karliena\/2026\/01\/26\/izglitojosa-kanisterapijas-nodarbiba-zakenu-grupas-berniem\/","name":"Izgl\u012btojo\u0161a kanisterapijas nodarb\u012bba ''Za\u0137\u0113nu'' grupas b\u0113rniem - Valmieras pirmsskolas izgl\u012bt\u012bbas iest\u0101de \u201cK\u0101rliena\u201d","isPartOf":{"@id":"https:\/\/izglitiba.valmierasnovads.lv\/karliena\/#website"},"primaryImageOfPage":{"@id":"https:\/\/izglitiba.valmierasnovads.lv\/karliena\/2026\/01\/26\/izglitojosa-kanisterapijas-nodarbiba-zakenu-grupas-berniem\/#primaryimage"},"image":{"@id":"https:\/\/izglitiba.valmierasnovads.lv\/karliena\/2026\/01\/26\/izglitojosa-kanisterapijas-nodarbiba-zakenu-grupas-berniem\/#primaryimage"},"thumbnailUrl":"https:\/\/izglitiba.valmierasnovads.lv\/karliena\/wp-content\/uploads\/sites\/8\/2026\/01\/17.jpg","datePublished":"2026-01-26T11:04:14+00:00","dateModified":"2026-02-26T18:12:36+00:00","breadcrumb":{"@id":"https:\/\/izglitiba.valmierasnovads.lv\/karliena\/2026\/01\/26\/izglitojosa-kanisterapijas-nodarbiba-zakenu-grupas-berniem\/#breadcrumb"},"inLanguage":"lv-LV","potentialAction":[{"@type":"ReadAction","target":["https:\/\/izglitiba.valmierasnovads.lv\/karliena\/2026\/01\/26\/izglitojosa-kanisterapijas-nodarbiba-zakenu-grupas-berniem\/"]}]},{"@type":"ImageObject","inLanguage":"lv-LV","@id":"https:\/\/izglitiba.valmierasnovads.lv\/karliena\/2026\/01\/26\/izglitojosa-kanisterapijas-nodarbiba-zakenu-grupas-berniem\/#primaryimage","url":"https:\/\/izglitiba.valmierasnovads.lv\/karliena\/wp-content\/uploads\/sites\/8\/2026\/01\/17.jpg","contentUrl":"https:\/\/izglitiba.valmierasnovads.lv\/karliena\/wp-content\/uploads\/sites\/8\/2026\/01\/17.jpg","width":2245,"height":1587},{"@type":"BreadcrumbList","@id":"https:\/\/izglitiba.valmierasnovads.lv\/karliena\/2026\/01\/26\/izglitojosa-kanisterapijas-nodarbiba-zakenu-grupas-berniem\/#breadcrumb","itemListElement":[{"@type":"ListItem","position":1,"name":"Home","item":"https:\/\/izglitiba.valmierasnovads.lv\/karliena\/"},{"@type":"ListItem","position":2,"name":"Izgl\u012btojo\u0161a kanisterapijas nodarb\u012bba &#8221;Za\u0137\u0113nu&#8221; grupas b\u0113rniem"}]},{"@type":"WebSite","@id":"https:\/\/izglitiba.valmierasnovads.lv\/karliena\/#website","url":"https:\/\/izglitiba.valmierasnovads.lv\/karliena\/","name":"Valmieras pirmsskolas izgl\u012bt\u012bbas iest\u0101de \u201cK\u0101rliena\u201d","description":"","publisher":{"@id":"https:\/\/izglitiba.valmierasnovads.lv\/karliena\/#organization"},"potentialAction":[{"@type":"SearchAction","target":{"@type":"EntryPoint","urlTemplate":"https:\/\/izglitiba.valmierasnovads.lv\/karliena\/?s={search_term_string}"},"query-input":{"@type":"PropertyValueSpecification","valueRequired":true,"valueName":"search_term_string"}}],"inLanguage":"lv-LV"},{"@type":"Organization","@id":"https:\/\/izglitiba.valmierasnovads.lv\/karliena\/#organization","name":"Valmieras pirmsskolas izgl\u012bt\u012bbas iest\u0101de \u201cK\u0101rliena\u201d","url":"https:\/\/izglitiba.valmierasnovads.lv\/karliena\/","logo":{"@type":"ImageObject","inLanguage":"lv-LV","@id":"https:\/\/izglitiba.valmierasnovads.lv\/karliena\/#\/schema\/logo\/image\/","url":"https:\/\/izglitiba.valmierasnovads.lv\/karliena\/wp-content\/uploads\/sites\/8\/2025\/04\/cropped-karliena_logo-removebg-preview-1.png","contentUrl":"https:\/\/izglitiba.valmierasnovads.lv\/karliena\/wp-content\/uploads\/sites\/8\/2025\/04\/cropped-karliena_logo-removebg-preview-1.png","width":680,"height":339,"caption":"Valmieras pirmsskolas izgl\u012bt\u012bbas iest\u0101de \u201cK\u0101rliena\u201d"},"image":{"@id":"https:\/\/izglitiba.valmierasnovads.lv\/karliena\/#\/schema\/logo\/image\/"}},{"@type":"Person","@id":"https:\/\/izglitiba.valmierasnovads.lv\/karliena\/#\/schema\/person\/5a4dd824bc0b9f39219bc18d3ca784ad","name":"sigitatama","image":{"@type":"ImageObject","inLanguage":"lv-LV","@id":"https:\/\/izglitiba.valmierasnovads.lv\/karliena\/#\/schema\/person\/image\/","url":"https:\/\/secure.gravatar.com\/avatar\/edcda2febac8dc2871e72734b55dc0a1bb246f0350c7039df13fe9c79b3e6c18?s=96&d=mm&r=g","contentUrl":"https:\/\/secure.gravatar.com\/avatar\/edcda2febac8dc2871e72734b55dc0a1bb246f0350c7039df13fe9c79b3e6c18?s=96&d=mm&r=g","caption":"sigitatama"},"url":"https:\/\/izglitiba.valmierasnovads.lv\/karliena\/author\/sigitatama\/"}]}},"_links":{"self":[{"href":"https:\/\/izglitiba.valmierasnovads.lv\/karliena\/wp-json\/wp\/v2\/posts\/1214","targetHints":{"allow":["GET"]}}],"collection":[{"href":"https:\/\/izglitiba.valmierasnovads.lv\/karliena\/wp-json\/wp\/v2\/posts"}],"about":[{"href":"https:\/\/izglitiba.valmierasnovads.lv\/karliena\/wp-json\/wp\/v2\/types\/post"}],"author":[{"embeddable":true,"href":"https:\/\/izglitiba.valmierasnovads.lv\/karliena\/wp-json\/wp\/v2\/users\/13"}],"replies":[{"embeddable":true,"href":"https:\/\/izglitiba.valmierasnovads.lv\/karliena\/wp-json\/wp\/v2\/comments?post=1214"}],"version-history":[{"count":3,"href":"https:\/\/izglitiba.valmierasnovads.lv\/karliena\/wp-json\/wp\/v2\/posts\/1214\/revisions"}],"predecessor-version":[{"id":1385,"href":"https:\/\/izglitiba.valmierasnovads.lv\/karliena\/wp-json\/wp\/v2\/posts\/1214\/revisions\/1385"}],"wp:featuredmedia":[{"embeddable":true,"href":"https:\/\/izglitiba.valmierasnovads.lv\/karliena\/wp-json\/wp\/v2\/media\/1217"}],"wp:attachment":[{"href":"https:\/\/izglitiba.valmierasnovads.lv\/karliena\/wp-json\/wp\/v2\/media?parent=1214"}],"wp:term":[{"taxonomy":"category","embeddable":true,"href":"https:\/\/izglitiba.valmierasnovads.lv\/karliena\/wp-json\/wp\/v2\/categories?post=1214"},{"taxonomy":"post_tag","embeddable":true,"href":"https:\/\/izglitiba.valmierasnovads.lv\/karliena\/wp-json\/wp\/v2\/tags?post=1214"}],"curies":[{"name":"wp","href":"https:\/\/api.w.org\/{rel}","templated":true}]}}