{"id":1401,"date":"2026-03-04T14:25:21","date_gmt":"2026-03-04T12:25:21","guid":{"rendered":"https:\/\/izglitiba.valmierasnovads.lv\/karliena\/?p=1401"},"modified":"2026-03-04T14:27:33","modified_gmt":"2026-03-04T12:27:33","slug":"marites-un-taurinu-grupa-uzsak-peldetapmacibu","status":"publish","type":"post","link":"https:\/\/izglitiba.valmierasnovads.lv\/karliena\/2026\/03\/04\/marites-un-taurinu-grupa-uzsak-peldetapmacibu\/","title":{"rendered":"\u201cM\u0101r\u012btes\u201d un \u201cTauri\u0146u\u201d grupa uzs\u0101k peld\u0113tapm\u0101c\u012bbu"},"content":{"rendered":"\n<p class=\"has-medium-font-size\">2026. gada 25.febru\u0101r\u012b \u201cM\u0101r\u012btes\u201d un \u201cTauri\u0146u\u201d grupas b\u0113rni ar lielu prieku un aizraut\u012bbu uzs\u0101ka peld\u0113tapm\u0101c\u012bbas nodarb\u012bbas Valmieras Olimpiskaj\u0101 centr\u0101. Priek\u0161\u0101 ir 12 aizraujo\u0161as un izgl\u012btojo\u0161as nodarb\u012bbas, kuru laik\u0101 b\u0113rni soli pa solim apg\u016bs dro\u0161as uzved\u012bbas pamatus \u016bden\u012b un att\u012bst\u012bs savas peld\u0113\u0161anas prasmes. Nodarb\u012bbu laik\u0101 b\u0113rni iepaz\u012bsies ar \u016bdeni, m\u0101c\u012bsies pareizu elpo\u0161anu, peld\u0113\u0161anu ar pal\u012bgl\u012bdzek\u013ciem, k\u0101 ar\u012b pak\u0101peniski apg\u016bs pirm\u0101s patst\u0101v\u012bg\u0101s kust\u012bbas \u016bden\u012b. Liela uzman\u012bba tiks piev\u0113rsta dro\u0161\u012bbai, koordin\u0101cijai un p\u0101rliec\u012bbas veido\u0161anai. Peld\u0113tapm\u0101c\u012bba ir lieliska iesp\u0113ja ne tikai stiprin\u0101t vesel\u012bbu un fizisko att\u012bst\u012bbu, bet ar\u012b att\u012bst\u012bt drosmi, patst\u0101v\u012bbu un prieku par kust\u012bbu. B\u0113rniem t\u0101 ir jauna pieredze, kas sniedz daudz pozit\u012bvu emociju un lepnumu par saviem sasniegumiem.<\/p>\n\n\n\n<p class=\"has-medium-font-size\">Nov\u0113lam \u201cM\u0101r\u012btes\u201d un \u201cTauri\u0146u\u201d grupai veiksm\u012bgu, dro\u0161u un prieka pilnu<br>peld\u0113tapm\u0101c\u012bbas ciklu!<br>Peld\u0113tapm\u0101c\u012bba tiek finans\u0113ta projekta \u201cVesel\u012bbas veicin\u0101\u0161anas un slim\u012bbu<br>profilakses pas\u0101kumi Valmieras novad\u0101\u201d ietvaros.<\/p>\n\n\n\n<figure class=\"wp-block-gallery has-nested-images columns-default is-cropped wp-block-gallery-1 is-layout-flex wp-block-gallery-is-layout-flex\">\n<figure class=\"wp-block-image size-large\"><img loading=\"lazy\" decoding=\"async\" width=\"1024\" height=\"1024\" data-id=\"1404\" src=\"https:\/\/izglitiba.valmierasnovads.lv\/karliena\/wp-content\/uploads\/sites\/8\/2026\/03\/Peldetapmaciba-2-1024x1024.jpg\" alt=\"\" class=\"wp-image-1404\" srcset=\"https:\/\/izglitiba.valmierasnovads.lv\/karliena\/wp-content\/uploads\/sites\/8\/2026\/03\/Peldetapmaciba-2-1024x1024.jpg 1024w, https:\/\/izglitiba.valmierasnovads.lv\/karliena\/wp-content\/uploads\/sites\/8\/2026\/03\/Peldetapmaciba-2-300x300.jpg 300w, https:\/\/izglitiba.valmierasnovads.lv\/karliena\/wp-content\/uploads\/sites\/8\/2026\/03\/Peldetapmaciba-2-150x150.jpg 150w, https:\/\/izglitiba.valmierasnovads.lv\/karliena\/wp-content\/uploads\/sites\/8\/2026\/03\/Peldetapmaciba-2-768x768.jpg 768w, https:\/\/izglitiba.valmierasnovads.lv\/karliena\/wp-content\/uploads\/sites\/8\/2026\/03\/Peldetapmaciba-2.jpg 1500w\" sizes=\"auto, (max-width: 1024px) 100vw, 1024px\" \/><\/figure>\n\n\n\n<figure class=\"wp-block-image size-large\"><img loading=\"lazy\" decoding=\"async\" width=\"1024\" height=\"1024\" data-id=\"1405\" src=\"https:\/\/izglitiba.valmierasnovads.lv\/karliena\/wp-content\/uploads\/sites\/8\/2026\/03\/Peldetapmaciba-1-1024x1024.jpg\" alt=\"\" class=\"wp-image-1405\" srcset=\"https:\/\/izglitiba.valmierasnovads.lv\/karliena\/wp-content\/uploads\/sites\/8\/2026\/03\/Peldetapmaciba-1-1024x1024.jpg 1024w, https:\/\/izglitiba.valmierasnovads.lv\/karliena\/wp-content\/uploads\/sites\/8\/2026\/03\/Peldetapmaciba-1-300x300.jpg 300w, https:\/\/izglitiba.valmierasnovads.lv\/karliena\/wp-content\/uploads\/sites\/8\/2026\/03\/Peldetapmaciba-1-150x150.jpg 150w, https:\/\/izglitiba.valmierasnovads.lv\/karliena\/wp-content\/uploads\/sites\/8\/2026\/03\/Peldetapmaciba-1-768x768.jpg 768w, https:\/\/izglitiba.valmierasnovads.lv\/karliena\/wp-content\/uploads\/sites\/8\/2026\/03\/Peldetapmaciba-1.jpg 1500w\" sizes=\"auto, (max-width: 1024px) 100vw, 1024px\" \/><\/figure>\n<\/figure>\n","protected":false},"excerpt":{"rendered":"<p>2026. gada 25.febru\u0101r\u012b \u201cM\u0101r\u012btes\u201d un \u201cTauri\u0146u\u201d grupas b\u0113rni ar lielu prieku un aizraut\u012bbu uzs\u0101ka peld\u0113tapm\u0101c\u012bbas nodarb\u012bbas Valmieras Olimpiskaj\u0101 centr\u0101. Priek\u0161\u0101 [&hellip;]<\/p>\n","protected":false},"author":13,"featured_media":1403,"comment_status":"closed","ping_status":"closed","sticky":false,"template":"","format":"standard","meta":{"_acf_changed":false,"site-sidebar-layout":"default","site-content-layout":"","ast-site-content-layout":"default","site-content-style":"default","site-sidebar-style":"default","ast-global-header-display":"","ast-banner-title-visibility":"","ast-main-header-display":"","ast-hfb-above-header-display":"","ast-hfb-below-header-display":"","ast-hfb-mobile-header-display":"","site-post-title":"","ast-breadcrumbs-content":"","ast-featured-img":"","footer-sml-layout":"","ast-disable-related-posts":"","theme-transparent-header-meta":"","adv-header-id-meta":"","stick-header-meta":"","header-above-stick-meta":"","header-main-stick-meta":"","header-below-stick-meta":"","astra-migrate-meta-layouts":"default","ast-page-background-enabled":"default","ast-page-background-meta":{"desktop":{"background-color":"var(--ast-global-color-5)","background-image":"","background-repeat":"repeat","background-position":"center center","background-size":"auto","background-attachment":"scroll","background-type":"","background-media":"","overlay-type":"","overlay-color":"","overlay-opacity":"","overlay-gradient":""},"tablet":{"background-color":"","background-image":"","background-repeat":"repeat","background-position":"center center","background-size":"auto","background-attachment":"scroll","background-type":"","background-media":"","overlay-type":"","overlay-color":"","overlay-opacity":"","overlay-gradient":""},"mobile":{"background-color":"","background-image":"","background-repeat":"repeat","background-position":"center center","background-size":"auto","background-attachment":"scroll","background-type":"","background-media":"","overlay-type":"","overlay-color":"","overlay-opacity":"","overlay-gradient":""}},"ast-content-background-meta":{"desktop":{"background-color":"var(--ast-global-color-4)","background-image":"","background-repeat":"repeat","background-position":"center center","background-size":"auto","background-attachment":"scroll","background-type":"","background-media":"","overlay-type":"","overlay-color":"","overlay-opacity":"","overlay-gradient":""},"tablet":{"background-color":"var(--ast-global-color-4)","background-image":"","background-repeat":"repeat","background-position":"center center","background-size":"auto","background-attachment":"scroll","background-type":"","background-media":"","overlay-type":"","overlay-color":"","overlay-opacity":"","overlay-gradient":""},"mobile":{"background-color":"var(--ast-global-color-4)","background-image":"","background-repeat":"repeat","background-position":"center center","background-size":"auto","background-attachment":"scroll","background-type":"","background-media":"","overlay-type":"","overlay-color":"","overlay-opacity":"","overlay-gradient":""}},"footnotes":""},"categories":[26],"tags":[],"class_list":["post-1401","post","type-post","status-publish","format-standard","has-post-thumbnail","hentry","category-apmacibas"],"acf":[],"yoast_head":"<!-- This site is optimized with the Yoast SEO plugin v27.0 - https:\/\/yoast.com\/product\/yoast-seo-wordpress\/ -->\n<title>\u201cM\u0101r\u012btes\u201d un \u201cTauri\u0146u\u201d grupa uzs\u0101k peld\u0113tapm\u0101c\u012bbu - Valmieras pirmsskolas izgl\u012bt\u012bbas iest\u0101de \u201cK\u0101rliena\u201d<\/title>\n<meta name=\"robots\" content=\"index, follow, max-snippet:-1, max-image-preview:large, max-video-preview:-1\" \/>\n<link rel=\"canonical\" href=\"https:\/\/izglitiba.valmierasnovads.lv\/karliena\/2026\/03\/04\/marites-un-taurinu-grupa-uzsak-peldetapmacibu\/\" \/>\n<meta property=\"og:locale\" content=\"lv_LV\" \/>\n<meta property=\"og:type\" content=\"article\" \/>\n<meta property=\"og:title\" content=\"\u201cM\u0101r\u012btes\u201d un \u201cTauri\u0146u\u201d grupa uzs\u0101k peld\u0113tapm\u0101c\u012bbu - Valmieras pirmsskolas izgl\u012bt\u012bbas iest\u0101de \u201cK\u0101rliena\u201d\" \/>\n<meta property=\"og:description\" content=\"2026. gada 25.febru\u0101r\u012b \u201cM\u0101r\u012btes\u201d un \u201cTauri\u0146u\u201d grupas b\u0113rni ar lielu prieku un aizraut\u012bbu uzs\u0101ka peld\u0113tapm\u0101c\u012bbas nodarb\u012bbas Valmieras Olimpiskaj\u0101 centr\u0101. Priek\u0161\u0101 [&hellip;]\" \/>\n<meta property=\"og:url\" content=\"https:\/\/izglitiba.valmierasnovads.lv\/karliena\/2026\/03\/04\/marites-un-taurinu-grupa-uzsak-peldetapmacibu\/\" \/>\n<meta property=\"og:site_name\" content=\"Valmieras pirmsskolas izgl\u012bt\u012bbas iest\u0101de \u201cK\u0101rliena\u201d\" \/>\n<meta property=\"article:published_time\" content=\"2026-03-04T12:25:21+00:00\" \/>\n<meta property=\"article:modified_time\" content=\"2026-03-04T12:27:33+00:00\" \/>\n<meta property=\"og:image\" content=\"https:\/\/izglitiba.valmierasnovads.lv\/karliena\/wp-content\/uploads\/sites\/8\/2026\/03\/Peldetapmaciba.jpg\" \/>\n\t<meta property=\"og:image:width\" content=\"2245\" \/>\n\t<meta property=\"og:image:height\" content=\"1587\" \/>\n\t<meta property=\"og:image:type\" content=\"image\/jpeg\" \/>\n<meta name=\"author\" content=\"sigitatama\" \/>\n<meta name=\"twitter:card\" content=\"summary_large_image\" \/>\n<meta name=\"twitter:label1\" content=\"Written by\" \/>\n\t<meta name=\"twitter:data1\" content=\"sigitatama\" \/>\n\t<meta name=\"twitter:label2\" content=\"Est. reading time\" \/>\n\t<meta name=\"twitter:data2\" content=\"2 min\u016btes\" \/>\n<script type=\"application\/ld+json\" class=\"yoast-schema-graph\">{\"@context\":\"https:\/\/schema.org\",\"@graph\":[{\"@type\":\"Article\",\"@id\":\"https:\/\/izglitiba.valmierasnovads.lv\/karliena\/2026\/03\/04\/marites-un-taurinu-grupa-uzsak-peldetapmacibu\/#article\",\"isPartOf\":{\"@id\":\"https:\/\/izglitiba.valmierasnovads.lv\/karliena\/2026\/03\/04\/marites-un-taurinu-grupa-uzsak-peldetapmacibu\/\"},\"author\":{\"name\":\"sigitatama\",\"@id\":\"https:\/\/izglitiba.valmierasnovads.lv\/karliena\/#\/schema\/person\/5a4dd824bc0b9f39219bc18d3ca784ad\"},\"headline\":\"\u201cM\u0101r\u012btes\u201d un \u201cTauri\u0146u\u201d grupa uzs\u0101k peld\u0113tapm\u0101c\u012bbu\",\"datePublished\":\"2026-03-04T12:25:21+00:00\",\"dateModified\":\"2026-03-04T12:27:33+00:00\",\"mainEntityOfPage\":{\"@id\":\"https:\/\/izglitiba.valmierasnovads.lv\/karliena\/2026\/03\/04\/marites-un-taurinu-grupa-uzsak-peldetapmacibu\/\"},\"wordCount\":218,\"publisher\":{\"@id\":\"https:\/\/izglitiba.valmierasnovads.lv\/karliena\/#organization\"},\"image\":{\"@id\":\"https:\/\/izglitiba.valmierasnovads.lv\/karliena\/2026\/03\/04\/marites-un-taurinu-grupa-uzsak-peldetapmacibu\/#primaryimage\"},\"thumbnailUrl\":\"https:\/\/izglitiba.valmierasnovads.lv\/karliena\/wp-content\/uploads\/sites\/8\/2026\/03\/Peldetapmaciba.jpg\",\"articleSection\":[\"Apm\u0101c\u012bbas\"],\"inLanguage\":\"lv-LV\"},{\"@type\":\"WebPage\",\"@id\":\"https:\/\/izglitiba.valmierasnovads.lv\/karliena\/2026\/03\/04\/marites-un-taurinu-grupa-uzsak-peldetapmacibu\/\",\"url\":\"https:\/\/izglitiba.valmierasnovads.lv\/karliena\/2026\/03\/04\/marites-un-taurinu-grupa-uzsak-peldetapmacibu\/\",\"name\":\"\u201cM\u0101r\u012btes\u201d un \u201cTauri\u0146u\u201d grupa uzs\u0101k peld\u0113tapm\u0101c\u012bbu - Valmieras pirmsskolas izgl\u012bt\u012bbas iest\u0101de \u201cK\u0101rliena\u201d\",\"isPartOf\":{\"@id\":\"https:\/\/izglitiba.valmierasnovads.lv\/karliena\/#website\"},\"primaryImageOfPage\":{\"@id\":\"https:\/\/izglitiba.valmierasnovads.lv\/karliena\/2026\/03\/04\/marites-un-taurinu-grupa-uzsak-peldetapmacibu\/#primaryimage\"},\"image\":{\"@id\":\"https:\/\/izglitiba.valmierasnovads.lv\/karliena\/2026\/03\/04\/marites-un-taurinu-grupa-uzsak-peldetapmacibu\/#primaryimage\"},\"thumbnailUrl\":\"https:\/\/izglitiba.valmierasnovads.lv\/karliena\/wp-content\/uploads\/sites\/8\/2026\/03\/Peldetapmaciba.jpg\",\"datePublished\":\"2026-03-04T12:25:21+00:00\",\"dateModified\":\"2026-03-04T12:27:33+00:00\",\"breadcrumb\":{\"@id\":\"https:\/\/izglitiba.valmierasnovads.lv\/karliena\/2026\/03\/04\/marites-un-taurinu-grupa-uzsak-peldetapmacibu\/#breadcrumb\"},\"inLanguage\":\"lv-LV\",\"potentialAction\":[{\"@type\":\"ReadAction\",\"target\":[\"https:\/\/izglitiba.valmierasnovads.lv\/karliena\/2026\/03\/04\/marites-un-taurinu-grupa-uzsak-peldetapmacibu\/\"]}]},{\"@type\":\"ImageObject\",\"inLanguage\":\"lv-LV\",\"@id\":\"https:\/\/izglitiba.valmierasnovads.lv\/karliena\/2026\/03\/04\/marites-un-taurinu-grupa-uzsak-peldetapmacibu\/#primaryimage\",\"url\":\"https:\/\/izglitiba.valmierasnovads.lv\/karliena\/wp-content\/uploads\/sites\/8\/2026\/03\/Peldetapmaciba.jpg\",\"contentUrl\":\"https:\/\/izglitiba.valmierasnovads.lv\/karliena\/wp-content\/uploads\/sites\/8\/2026\/03\/Peldetapmaciba.jpg\",\"width\":2245,\"height\":1587},{\"@type\":\"BreadcrumbList\",\"@id\":\"https:\/\/izglitiba.valmierasnovads.lv\/karliena\/2026\/03\/04\/marites-un-taurinu-grupa-uzsak-peldetapmacibu\/#breadcrumb\",\"itemListElement\":[{\"@type\":\"ListItem\",\"position\":1,\"name\":\"Home\",\"item\":\"https:\/\/izglitiba.valmierasnovads.lv\/karliena\/\"},{\"@type\":\"ListItem\",\"position\":2,\"name\":\"\u201cM\u0101r\u012btes\u201d un \u201cTauri\u0146u\u201d grupa uzs\u0101k peld\u0113tapm\u0101c\u012bbu\"}]},{\"@type\":\"WebSite\",\"@id\":\"https:\/\/izglitiba.valmierasnovads.lv\/karliena\/#website\",\"url\":\"https:\/\/izglitiba.valmierasnovads.lv\/karliena\/\",\"name\":\"Valmieras pirmsskolas izgl\u012bt\u012bbas iest\u0101de \u201cK\u0101rliena\u201d\",\"description\":\"\",\"publisher\":{\"@id\":\"https:\/\/izglitiba.valmierasnovads.lv\/karliena\/#organization\"},\"potentialAction\":[{\"@type\":\"SearchAction\",\"target\":{\"@type\":\"EntryPoint\",\"urlTemplate\":\"https:\/\/izglitiba.valmierasnovads.lv\/karliena\/?s={search_term_string}\"},\"query-input\":{\"@type\":\"PropertyValueSpecification\",\"valueRequired\":true,\"valueName\":\"search_term_string\"}}],\"inLanguage\":\"lv-LV\"},{\"@type\":\"Organization\",\"@id\":\"https:\/\/izglitiba.valmierasnovads.lv\/karliena\/#organization\",\"name\":\"Valmieras pirmsskolas izgl\u012bt\u012bbas iest\u0101de \u201cK\u0101rliena\u201d\",\"url\":\"https:\/\/izglitiba.valmierasnovads.lv\/karliena\/\",\"logo\":{\"@type\":\"ImageObject\",\"inLanguage\":\"lv-LV\",\"@id\":\"https:\/\/izglitiba.valmierasnovads.lv\/karliena\/#\/schema\/logo\/image\/\",\"url\":\"https:\/\/izglitiba.valmierasnovads.lv\/karliena\/wp-content\/uploads\/sites\/8\/2025\/04\/cropped-karliena_logo-removebg-preview-1.png\",\"contentUrl\":\"https:\/\/izglitiba.valmierasnovads.lv\/karliena\/wp-content\/uploads\/sites\/8\/2025\/04\/cropped-karliena_logo-removebg-preview-1.png\",\"width\":680,\"height\":339,\"caption\":\"Valmieras pirmsskolas izgl\u012bt\u012bbas iest\u0101de \u201cK\u0101rliena\u201d\"},\"image\":{\"@id\":\"https:\/\/izglitiba.valmierasnovads.lv\/karliena\/#\/schema\/logo\/image\/\"}},{\"@type\":\"Person\",\"@id\":\"https:\/\/izglitiba.valmierasnovads.lv\/karliena\/#\/schema\/person\/5a4dd824bc0b9f39219bc18d3ca784ad\",\"name\":\"sigitatama\",\"image\":{\"@type\":\"ImageObject\",\"inLanguage\":\"lv-LV\",\"@id\":\"https:\/\/izglitiba.valmierasnovads.lv\/karliena\/#\/schema\/person\/image\/\",\"url\":\"https:\/\/secure.gravatar.com\/avatar\/edcda2febac8dc2871e72734b55dc0a1bb246f0350c7039df13fe9c79b3e6c18?s=96&d=mm&r=g\",\"contentUrl\":\"https:\/\/secure.gravatar.com\/avatar\/edcda2febac8dc2871e72734b55dc0a1bb246f0350c7039df13fe9c79b3e6c18?s=96&d=mm&r=g\",\"caption\":\"sigitatama\"},\"url\":\"https:\/\/izglitiba.valmierasnovads.lv\/karliena\/author\/sigitatama\/\"}]}<\/script>\n<!-- \/ Yoast SEO plugin. -->","yoast_head_json":{"title":"\u201cM\u0101r\u012btes\u201d un \u201cTauri\u0146u\u201d grupa uzs\u0101k peld\u0113tapm\u0101c\u012bbu - Valmieras pirmsskolas izgl\u012bt\u012bbas iest\u0101de \u201cK\u0101rliena\u201d","robots":{"index":"index","follow":"follow","max-snippet":"max-snippet:-1","max-image-preview":"max-image-preview:large","max-video-preview":"max-video-preview:-1"},"canonical":"https:\/\/izglitiba.valmierasnovads.lv\/karliena\/2026\/03\/04\/marites-un-taurinu-grupa-uzsak-peldetapmacibu\/","og_locale":"lv_LV","og_type":"article","og_title":"\u201cM\u0101r\u012btes\u201d un \u201cTauri\u0146u\u201d grupa uzs\u0101k peld\u0113tapm\u0101c\u012bbu - Valmieras pirmsskolas izgl\u012bt\u012bbas iest\u0101de \u201cK\u0101rliena\u201d","og_description":"2026. gada 25.febru\u0101r\u012b \u201cM\u0101r\u012btes\u201d un \u201cTauri\u0146u\u201d grupas b\u0113rni ar lielu prieku un aizraut\u012bbu uzs\u0101ka peld\u0113tapm\u0101c\u012bbas nodarb\u012bbas Valmieras Olimpiskaj\u0101 centr\u0101. Priek\u0161\u0101 [&hellip;]","og_url":"https:\/\/izglitiba.valmierasnovads.lv\/karliena\/2026\/03\/04\/marites-un-taurinu-grupa-uzsak-peldetapmacibu\/","og_site_name":"Valmieras pirmsskolas izgl\u012bt\u012bbas iest\u0101de \u201cK\u0101rliena\u201d","article_published_time":"2026-03-04T12:25:21+00:00","article_modified_time":"2026-03-04T12:27:33+00:00","og_image":[{"width":2245,"height":1587,"url":"https:\/\/izglitiba.valmierasnovads.lv\/karliena\/wp-content\/uploads\/sites\/8\/2026\/03\/Peldetapmaciba.jpg","type":"image\/jpeg"}],"author":"sigitatama","twitter_card":"summary_large_image","twitter_misc":{"Written by":"sigitatama","Est. reading time":"2 min\u016btes"},"schema":{"@context":"https:\/\/schema.org","@graph":[{"@type":"Article","@id":"https:\/\/izglitiba.valmierasnovads.lv\/karliena\/2026\/03\/04\/marites-un-taurinu-grupa-uzsak-peldetapmacibu\/#article","isPartOf":{"@id":"https:\/\/izglitiba.valmierasnovads.lv\/karliena\/2026\/03\/04\/marites-un-taurinu-grupa-uzsak-peldetapmacibu\/"},"author":{"name":"sigitatama","@id":"https:\/\/izglitiba.valmierasnovads.lv\/karliena\/#\/schema\/person\/5a4dd824bc0b9f39219bc18d3ca784ad"},"headline":"\u201cM\u0101r\u012btes\u201d un \u201cTauri\u0146u\u201d grupa uzs\u0101k peld\u0113tapm\u0101c\u012bbu","datePublished":"2026-03-04T12:25:21+00:00","dateModified":"2026-03-04T12:27:33+00:00","mainEntityOfPage":{"@id":"https:\/\/izglitiba.valmierasnovads.lv\/karliena\/2026\/03\/04\/marites-un-taurinu-grupa-uzsak-peldetapmacibu\/"},"wordCount":218,"publisher":{"@id":"https:\/\/izglitiba.valmierasnovads.lv\/karliena\/#organization"},"image":{"@id":"https:\/\/izglitiba.valmierasnovads.lv\/karliena\/2026\/03\/04\/marites-un-taurinu-grupa-uzsak-peldetapmacibu\/#primaryimage"},"thumbnailUrl":"https:\/\/izglitiba.valmierasnovads.lv\/karliena\/wp-content\/uploads\/sites\/8\/2026\/03\/Peldetapmaciba.jpg","articleSection":["Apm\u0101c\u012bbas"],"inLanguage":"lv-LV"},{"@type":"WebPage","@id":"https:\/\/izglitiba.valmierasnovads.lv\/karliena\/2026\/03\/04\/marites-un-taurinu-grupa-uzsak-peldetapmacibu\/","url":"https:\/\/izglitiba.valmierasnovads.lv\/karliena\/2026\/03\/04\/marites-un-taurinu-grupa-uzsak-peldetapmacibu\/","name":"\u201cM\u0101r\u012btes\u201d un \u201cTauri\u0146u\u201d grupa uzs\u0101k peld\u0113tapm\u0101c\u012bbu - Valmieras pirmsskolas izgl\u012bt\u012bbas iest\u0101de \u201cK\u0101rliena\u201d","isPartOf":{"@id":"https:\/\/izglitiba.valmierasnovads.lv\/karliena\/#website"},"primaryImageOfPage":{"@id":"https:\/\/izglitiba.valmierasnovads.lv\/karliena\/2026\/03\/04\/marites-un-taurinu-grupa-uzsak-peldetapmacibu\/#primaryimage"},"image":{"@id":"https:\/\/izglitiba.valmierasnovads.lv\/karliena\/2026\/03\/04\/marites-un-taurinu-grupa-uzsak-peldetapmacibu\/#primaryimage"},"thumbnailUrl":"https:\/\/izglitiba.valmierasnovads.lv\/karliena\/wp-content\/uploads\/sites\/8\/2026\/03\/Peldetapmaciba.jpg","datePublished":"2026-03-04T12:25:21+00:00","dateModified":"2026-03-04T12:27:33+00:00","breadcrumb":{"@id":"https:\/\/izglitiba.valmierasnovads.lv\/karliena\/2026\/03\/04\/marites-un-taurinu-grupa-uzsak-peldetapmacibu\/#breadcrumb"},"inLanguage":"lv-LV","potentialAction":[{"@type":"ReadAction","target":["https:\/\/izglitiba.valmierasnovads.lv\/karliena\/2026\/03\/04\/marites-un-taurinu-grupa-uzsak-peldetapmacibu\/"]}]},{"@type":"ImageObject","inLanguage":"lv-LV","@id":"https:\/\/izglitiba.valmierasnovads.lv\/karliena\/2026\/03\/04\/marites-un-taurinu-grupa-uzsak-peldetapmacibu\/#primaryimage","url":"https:\/\/izglitiba.valmierasnovads.lv\/karliena\/wp-content\/uploads\/sites\/8\/2026\/03\/Peldetapmaciba.jpg","contentUrl":"https:\/\/izglitiba.valmierasnovads.lv\/karliena\/wp-content\/uploads\/sites\/8\/2026\/03\/Peldetapmaciba.jpg","width":2245,"height":1587},{"@type":"BreadcrumbList","@id":"https:\/\/izglitiba.valmierasnovads.lv\/karliena\/2026\/03\/04\/marites-un-taurinu-grupa-uzsak-peldetapmacibu\/#breadcrumb","itemListElement":[{"@type":"ListItem","position":1,"name":"Home","item":"https:\/\/izglitiba.valmierasnovads.lv\/karliena\/"},{"@type":"ListItem","position":2,"name":"\u201cM\u0101r\u012btes\u201d un \u201cTauri\u0146u\u201d grupa uzs\u0101k peld\u0113tapm\u0101c\u012bbu"}]},{"@type":"WebSite","@id":"https:\/\/izglitiba.valmierasnovads.lv\/karliena\/#website","url":"https:\/\/izglitiba.valmierasnovads.lv\/karliena\/","name":"Valmieras pirmsskolas izgl\u012bt\u012bbas iest\u0101de \u201cK\u0101rliena\u201d","description":"","publisher":{"@id":"https:\/\/izglitiba.valmierasnovads.lv\/karliena\/#organization"},"potentialAction":[{"@type":"SearchAction","target":{"@type":"EntryPoint","urlTemplate":"https:\/\/izglitiba.valmierasnovads.lv\/karliena\/?s={search_term_string}"},"query-input":{"@type":"PropertyValueSpecification","valueRequired":true,"valueName":"search_term_string"}}],"inLanguage":"lv-LV"},{"@type":"Organization","@id":"https:\/\/izglitiba.valmierasnovads.lv\/karliena\/#organization","name":"Valmieras pirmsskolas izgl\u012bt\u012bbas iest\u0101de \u201cK\u0101rliena\u201d","url":"https:\/\/izglitiba.valmierasnovads.lv\/karliena\/","logo":{"@type":"ImageObject","inLanguage":"lv-LV","@id":"https:\/\/izglitiba.valmierasnovads.lv\/karliena\/#\/schema\/logo\/image\/","url":"https:\/\/izglitiba.valmierasnovads.lv\/karliena\/wp-content\/uploads\/sites\/8\/2025\/04\/cropped-karliena_logo-removebg-preview-1.png","contentUrl":"https:\/\/izglitiba.valmierasnovads.lv\/karliena\/wp-content\/uploads\/sites\/8\/2025\/04\/cropped-karliena_logo-removebg-preview-1.png","width":680,"height":339,"caption":"Valmieras pirmsskolas izgl\u012bt\u012bbas iest\u0101de \u201cK\u0101rliena\u201d"},"image":{"@id":"https:\/\/izglitiba.valmierasnovads.lv\/karliena\/#\/schema\/logo\/image\/"}},{"@type":"Person","@id":"https:\/\/izglitiba.valmierasnovads.lv\/karliena\/#\/schema\/person\/5a4dd824bc0b9f39219bc18d3ca784ad","name":"sigitatama","image":{"@type":"ImageObject","inLanguage":"lv-LV","@id":"https:\/\/izglitiba.valmierasnovads.lv\/karliena\/#\/schema\/person\/image\/","url":"https:\/\/secure.gravatar.com\/avatar\/edcda2febac8dc2871e72734b55dc0a1bb246f0350c7039df13fe9c79b3e6c18?s=96&d=mm&r=g","contentUrl":"https:\/\/secure.gravatar.com\/avatar\/edcda2febac8dc2871e72734b55dc0a1bb246f0350c7039df13fe9c79b3e6c18?s=96&d=mm&r=g","caption":"sigitatama"},"url":"https:\/\/izglitiba.valmierasnovads.lv\/karliena\/author\/sigitatama\/"}]}},"_links":{"self":[{"href":"https:\/\/izglitiba.valmierasnovads.lv\/karliena\/wp-json\/wp\/v2\/posts\/1401","targetHints":{"allow":["GET"]}}],"collection":[{"href":"https:\/\/izglitiba.valmierasnovads.lv\/karliena\/wp-json\/wp\/v2\/posts"}],"about":[{"href":"https:\/\/izglitiba.valmierasnovads.lv\/karliena\/wp-json\/wp\/v2\/types\/post"}],"author":[{"embeddable":true,"href":"https:\/\/izglitiba.valmierasnovads.lv\/karliena\/wp-json\/wp\/v2\/users\/13"}],"replies":[{"embeddable":true,"href":"https:\/\/izglitiba.valmierasnovads.lv\/karliena\/wp-json\/wp\/v2\/comments?post=1401"}],"version-history":[{"count":1,"href":"https:\/\/izglitiba.valmierasnovads.lv\/karliena\/wp-json\/wp\/v2\/posts\/1401\/revisions"}],"predecessor-version":[{"id":1406,"href":"https:\/\/izglitiba.valmierasnovads.lv\/karliena\/wp-json\/wp\/v2\/posts\/1401\/revisions\/1406"}],"wp:featuredmedia":[{"embeddable":true,"href":"https:\/\/izglitiba.valmierasnovads.lv\/karliena\/wp-json\/wp\/v2\/media\/1403"}],"wp:attachment":[{"href":"https:\/\/izglitiba.valmierasnovads.lv\/karliena\/wp-json\/wp\/v2\/media?parent=1401"}],"wp:term":[{"taxonomy":"category","embeddable":true,"href":"https:\/\/izglitiba.valmierasnovads.lv\/karliena\/wp-json\/wp\/v2\/categories?post=1401"},{"taxonomy":"post_tag","embeddable":true,"href":"https:\/\/izglitiba.valmierasnovads.lv\/karliena\/wp-json\/wp\/v2\/tags?post=1401"}],"curies":[{"name":"wp","href":"https:\/\/api.w.org\/{rel}","templated":true}]}}