{"id":1408,"date":"2026-03-04T14:31:43","date_gmt":"2026-03-04T12:31:43","guid":{"rendered":"https:\/\/izglitiba.valmierasnovads.lv\/karliena\/?p=1408"},"modified":"2026-03-04T14:53:25","modified_gmt":"2026-03-04T12:53:25","slug":"sniega-diena-karliena-jautri-nosledzam-ziemu","status":"publish","type":"post","link":"https:\/\/izglitiba.valmierasnovads.lv\/karliena\/2026\/03\/04\/sniega-diena-karliena-jautri-nosledzam-ziemu\/","title":{"rendered":"Sniega diena K\u0101rlien\u0101 &#8211; jautri nosl\u0113dzam ziemu!"},"content":{"rendered":"\n<p class=\"has-medium-font-size\">2026. gada 28.febru\u0101r\u012b m\u016bsu b\u0113rnud\u0101rz\u0101 vald\u012bja \u012bsta ziemas jautr\u012bba &#8211; balts sniegs,<br>smiekli un sportisks gars! Sniega diena pulc\u0113ja visus, lai kop\u0101 baud\u012btu ziemas<br>priekus un ar smaidu atvad\u012btos no ziemas un sveiktu pavasari.<br>\u012apa\u0161u p\u0101rsteigumu sag\u0101d\u0101ja divi atrakt\u012bvi viesi &#8211; draisk\u0101 Lapsa un jautrais<br>Sniegav\u012brs. Abi bija ieradu\u0161ies, lai kop\u0101 ar b\u0113rniem dejotu un priec\u0101tos.<\/p>\n\n\n\n<p class=\"has-medium-font-size\">Sniega diena apliecin\u0101ja, cik svar\u012bgi ir b\u016bt kop\u0101, kust\u0113ties un priec\u0101ties par<br>katru gadalaiku. Paldies visiem dal\u012bbniekiem un \u201cM\u0101r\u012btes\u201d grupas darbiniekiem<br>par sirsn\u012bgo atmosf\u0113ru un neaizmirstamo dienu!<\/p>\n","protected":false},"excerpt":{"rendered":"<p>2026. gada 28.febru\u0101r\u012b m\u016bsu b\u0113rnud\u0101rz\u0101 vald\u012bja \u012bsta ziemas jautr\u012bba &#8211; balts sniegs,smiekli un sportisks gars! Sniega diena pulc\u0113ja visus, lai [&hellip;]<\/p>\n","protected":false},"author":13,"featured_media":1412,"comment_status":"closed","ping_status":"closed","sticky":false,"template":"","format":"standard","meta":{"_acf_changed":false,"site-sidebar-layout":"default","site-content-layout":"","ast-site-content-layout":"default","site-content-style":"default","site-sidebar-style":"default","ast-global-header-display":"","ast-banner-title-visibility":"","ast-main-header-display":"","ast-hfb-above-header-display":"","ast-hfb-below-header-display":"","ast-hfb-mobile-header-display":"","site-post-title":"","ast-breadcrumbs-content":"","ast-featured-img":"","footer-sml-layout":"","ast-disable-related-posts":"","theme-transparent-header-meta":"","adv-header-id-meta":"","stick-header-meta":"","header-above-stick-meta":"","header-main-stick-meta":"","header-below-stick-meta":"","astra-migrate-meta-layouts":"default","ast-page-background-enabled":"default","ast-page-background-meta":{"desktop":{"background-color":"var(--ast-global-color-5)","background-image":"","background-repeat":"repeat","background-position":"center center","background-size":"auto","background-attachment":"scroll","background-type":"","background-media":"","overlay-type":"","overlay-color":"","overlay-opacity":"","overlay-gradient":""},"tablet":{"background-color":"","background-image":"","background-repeat":"repeat","background-position":"center center","background-size":"auto","background-attachment":"scroll","background-type":"","background-media":"","overlay-type":"","overlay-color":"","overlay-opacity":"","overlay-gradient":""},"mobile":{"background-color":"","background-image":"","background-repeat":"repeat","background-position":"center center","background-size":"auto","background-attachment":"scroll","background-type":"","background-media":"","overlay-type":"","overlay-color":"","overlay-opacity":"","overlay-gradient":""}},"ast-content-background-meta":{"desktop":{"background-color":"var(--ast-global-color-4)","background-image":"","background-repeat":"repeat","background-position":"center center","background-size":"auto","background-attachment":"scroll","background-type":"","background-media":"","overlay-type":"","overlay-color":"","overlay-opacity":"","overlay-gradient":""},"tablet":{"background-color":"var(--ast-global-color-4)","background-image":"","background-repeat":"repeat","background-position":"center center","background-size":"auto","background-attachment":"scroll","background-type":"","background-media":"","overlay-type":"","overlay-color":"","overlay-opacity":"","overlay-gradient":""},"mobile":{"background-color":"var(--ast-global-color-4)","background-image":"","background-repeat":"repeat","background-position":"center center","background-size":"auto","background-attachment":"scroll","background-type":"","background-media":"","overlay-type":"","overlay-color":"","overlay-opacity":"","overlay-gradient":""}},"footnotes":""},"categories":[6],"tags":[],"class_list":["post-1408","post","type-post","status-publish","format-standard","has-post-thumbnail","hentry","category-pasakumi"],"acf":[],"yoast_head":"<!-- This site is optimized with the Yoast SEO plugin v27.0 - https:\/\/yoast.com\/product\/yoast-seo-wordpress\/ -->\n<title>Sniega diena K\u0101rlien\u0101 - jautri nosl\u0113dzam ziemu! - Valmieras pirmsskolas izgl\u012bt\u012bbas iest\u0101de \u201cK\u0101rliena\u201d<\/title>\n<meta name=\"robots\" content=\"index, follow, max-snippet:-1, max-image-preview:large, max-video-preview:-1\" \/>\n<link rel=\"canonical\" href=\"https:\/\/izglitiba.valmierasnovads.lv\/karliena\/2026\/03\/04\/sniega-diena-karliena-jautri-nosledzam-ziemu\/\" \/>\n<meta property=\"og:locale\" content=\"lv_LV\" \/>\n<meta property=\"og:type\" content=\"article\" \/>\n<meta property=\"og:title\" content=\"Sniega diena K\u0101rlien\u0101 - jautri nosl\u0113dzam ziemu! - Valmieras pirmsskolas izgl\u012bt\u012bbas iest\u0101de \u201cK\u0101rliena\u201d\" \/>\n<meta property=\"og:description\" content=\"2026. gada 28.febru\u0101r\u012b m\u016bsu b\u0113rnud\u0101rz\u0101 vald\u012bja \u012bsta ziemas jautr\u012bba &#8211; balts sniegs,smiekli un sportisks gars! Sniega diena pulc\u0113ja visus, lai [&hellip;]\" \/>\n<meta property=\"og:url\" content=\"https:\/\/izglitiba.valmierasnovads.lv\/karliena\/2026\/03\/04\/sniega-diena-karliena-jautri-nosledzam-ziemu\/\" \/>\n<meta property=\"og:site_name\" content=\"Valmieras pirmsskolas izgl\u012bt\u012bbas iest\u0101de \u201cK\u0101rliena\u201d\" \/>\n<meta property=\"article:published_time\" content=\"2026-03-04T12:31:43+00:00\" \/>\n<meta property=\"article:modified_time\" content=\"2026-03-04T12:53:25+00:00\" \/>\n<meta property=\"og:image\" content=\"https:\/\/izglitiba.valmierasnovads.lv\/karliena\/wp-content\/uploads\/sites\/8\/2026\/03\/Sniega-diena-1.jpg\" \/>\n\t<meta property=\"og:image:width\" content=\"2245\" \/>\n\t<meta property=\"og:image:height\" content=\"1587\" \/>\n\t<meta property=\"og:image:type\" content=\"image\/jpeg\" \/>\n<meta name=\"author\" content=\"sigitatama\" \/>\n<meta name=\"twitter:card\" content=\"summary_large_image\" \/>\n<meta name=\"twitter:label1\" content=\"Written by\" \/>\n\t<meta name=\"twitter:data1\" content=\"sigitatama\" \/>\n\t<meta name=\"twitter:label2\" content=\"Est. reading time\" \/>\n\t<meta name=\"twitter:data2\" content=\"1 min\u016bte\" \/>\n<script type=\"application\/ld+json\" class=\"yoast-schema-graph\">{\"@context\":\"https:\/\/schema.org\",\"@graph\":[{\"@type\":\"Article\",\"@id\":\"https:\/\/izglitiba.valmierasnovads.lv\/karliena\/2026\/03\/04\/sniega-diena-karliena-jautri-nosledzam-ziemu\/#article\",\"isPartOf\":{\"@id\":\"https:\/\/izglitiba.valmierasnovads.lv\/karliena\/2026\/03\/04\/sniega-diena-karliena-jautri-nosledzam-ziemu\/\"},\"author\":{\"name\":\"sigitatama\",\"@id\":\"https:\/\/izglitiba.valmierasnovads.lv\/karliena\/#\/schema\/person\/5a4dd824bc0b9f39219bc18d3ca784ad\"},\"headline\":\"Sniega diena K\u0101rlien\u0101 &#8211; jautri nosl\u0113dzam ziemu!\",\"datePublished\":\"2026-03-04T12:31:43+00:00\",\"dateModified\":\"2026-03-04T12:53:25+00:00\",\"mainEntityOfPage\":{\"@id\":\"https:\/\/izglitiba.valmierasnovads.lv\/karliena\/2026\/03\/04\/sniega-diena-karliena-jautri-nosledzam-ziemu\/\"},\"wordCount\":115,\"publisher\":{\"@id\":\"https:\/\/izglitiba.valmierasnovads.lv\/karliena\/#organization\"},\"image\":{\"@id\":\"https:\/\/izglitiba.valmierasnovads.lv\/karliena\/2026\/03\/04\/sniega-diena-karliena-jautri-nosledzam-ziemu\/#primaryimage\"},\"thumbnailUrl\":\"https:\/\/izglitiba.valmierasnovads.lv\/karliena\/wp-content\/uploads\/sites\/8\/2026\/03\/Sniega-diena-1.jpg\",\"articleSection\":[\"Pas\u0101kumi\"],\"inLanguage\":\"lv-LV\"},{\"@type\":\"WebPage\",\"@id\":\"https:\/\/izglitiba.valmierasnovads.lv\/karliena\/2026\/03\/04\/sniega-diena-karliena-jautri-nosledzam-ziemu\/\",\"url\":\"https:\/\/izglitiba.valmierasnovads.lv\/karliena\/2026\/03\/04\/sniega-diena-karliena-jautri-nosledzam-ziemu\/\",\"name\":\"Sniega diena K\u0101rlien\u0101 - jautri nosl\u0113dzam ziemu! - Valmieras pirmsskolas izgl\u012bt\u012bbas iest\u0101de \u201cK\u0101rliena\u201d\",\"isPartOf\":{\"@id\":\"https:\/\/izglitiba.valmierasnovads.lv\/karliena\/#website\"},\"primaryImageOfPage\":{\"@id\":\"https:\/\/izglitiba.valmierasnovads.lv\/karliena\/2026\/03\/04\/sniega-diena-karliena-jautri-nosledzam-ziemu\/#primaryimage\"},\"image\":{\"@id\":\"https:\/\/izglitiba.valmierasnovads.lv\/karliena\/2026\/03\/04\/sniega-diena-karliena-jautri-nosledzam-ziemu\/#primaryimage\"},\"thumbnailUrl\":\"https:\/\/izglitiba.valmierasnovads.lv\/karliena\/wp-content\/uploads\/sites\/8\/2026\/03\/Sniega-diena-1.jpg\",\"datePublished\":\"2026-03-04T12:31:43+00:00\",\"dateModified\":\"2026-03-04T12:53:25+00:00\",\"breadcrumb\":{\"@id\":\"https:\/\/izglitiba.valmierasnovads.lv\/karliena\/2026\/03\/04\/sniega-diena-karliena-jautri-nosledzam-ziemu\/#breadcrumb\"},\"inLanguage\":\"lv-LV\",\"potentialAction\":[{\"@type\":\"ReadAction\",\"target\":[\"https:\/\/izglitiba.valmierasnovads.lv\/karliena\/2026\/03\/04\/sniega-diena-karliena-jautri-nosledzam-ziemu\/\"]}]},{\"@type\":\"ImageObject\",\"inLanguage\":\"lv-LV\",\"@id\":\"https:\/\/izglitiba.valmierasnovads.lv\/karliena\/2026\/03\/04\/sniega-diena-karliena-jautri-nosledzam-ziemu\/#primaryimage\",\"url\":\"https:\/\/izglitiba.valmierasnovads.lv\/karliena\/wp-content\/uploads\/sites\/8\/2026\/03\/Sniega-diena-1.jpg\",\"contentUrl\":\"https:\/\/izglitiba.valmierasnovads.lv\/karliena\/wp-content\/uploads\/sites\/8\/2026\/03\/Sniega-diena-1.jpg\",\"width\":2245,\"height\":1587},{\"@type\":\"BreadcrumbList\",\"@id\":\"https:\/\/izglitiba.valmierasnovads.lv\/karliena\/2026\/03\/04\/sniega-diena-karliena-jautri-nosledzam-ziemu\/#breadcrumb\",\"itemListElement\":[{\"@type\":\"ListItem\",\"position\":1,\"name\":\"Home\",\"item\":\"https:\/\/izglitiba.valmierasnovads.lv\/karliena\/\"},{\"@type\":\"ListItem\",\"position\":2,\"name\":\"Sniega diena K\u0101rlien\u0101 &#8211; jautri nosl\u0113dzam ziemu!\"}]},{\"@type\":\"WebSite\",\"@id\":\"https:\/\/izglitiba.valmierasnovads.lv\/karliena\/#website\",\"url\":\"https:\/\/izglitiba.valmierasnovads.lv\/karliena\/\",\"name\":\"Valmieras pirmsskolas izgl\u012bt\u012bbas iest\u0101de \u201cK\u0101rliena\u201d\",\"description\":\"\",\"publisher\":{\"@id\":\"https:\/\/izglitiba.valmierasnovads.lv\/karliena\/#organization\"},\"potentialAction\":[{\"@type\":\"SearchAction\",\"target\":{\"@type\":\"EntryPoint\",\"urlTemplate\":\"https:\/\/izglitiba.valmierasnovads.lv\/karliena\/?s={search_term_string}\"},\"query-input\":{\"@type\":\"PropertyValueSpecification\",\"valueRequired\":true,\"valueName\":\"search_term_string\"}}],\"inLanguage\":\"lv-LV\"},{\"@type\":\"Organization\",\"@id\":\"https:\/\/izglitiba.valmierasnovads.lv\/karliena\/#organization\",\"name\":\"Valmieras pirmsskolas izgl\u012bt\u012bbas iest\u0101de \u201cK\u0101rliena\u201d\",\"url\":\"https:\/\/izglitiba.valmierasnovads.lv\/karliena\/\",\"logo\":{\"@type\":\"ImageObject\",\"inLanguage\":\"lv-LV\",\"@id\":\"https:\/\/izglitiba.valmierasnovads.lv\/karliena\/#\/schema\/logo\/image\/\",\"url\":\"https:\/\/izglitiba.valmierasnovads.lv\/karliena\/wp-content\/uploads\/sites\/8\/2025\/04\/cropped-karliena_logo-removebg-preview-1.png\",\"contentUrl\":\"https:\/\/izglitiba.valmierasnovads.lv\/karliena\/wp-content\/uploads\/sites\/8\/2025\/04\/cropped-karliena_logo-removebg-preview-1.png\",\"width\":680,\"height\":339,\"caption\":\"Valmieras pirmsskolas izgl\u012bt\u012bbas iest\u0101de \u201cK\u0101rliena\u201d\"},\"image\":{\"@id\":\"https:\/\/izglitiba.valmierasnovads.lv\/karliena\/#\/schema\/logo\/image\/\"}},{\"@type\":\"Person\",\"@id\":\"https:\/\/izglitiba.valmierasnovads.lv\/karliena\/#\/schema\/person\/5a4dd824bc0b9f39219bc18d3ca784ad\",\"name\":\"sigitatama\",\"image\":{\"@type\":\"ImageObject\",\"inLanguage\":\"lv-LV\",\"@id\":\"https:\/\/izglitiba.valmierasnovads.lv\/karliena\/#\/schema\/person\/image\/\",\"url\":\"https:\/\/secure.gravatar.com\/avatar\/edcda2febac8dc2871e72734b55dc0a1bb246f0350c7039df13fe9c79b3e6c18?s=96&d=mm&r=g\",\"contentUrl\":\"https:\/\/secure.gravatar.com\/avatar\/edcda2febac8dc2871e72734b55dc0a1bb246f0350c7039df13fe9c79b3e6c18?s=96&d=mm&r=g\",\"caption\":\"sigitatama\"},\"url\":\"https:\/\/izglitiba.valmierasnovads.lv\/karliena\/author\/sigitatama\/\"}]}<\/script>\n<!-- \/ Yoast SEO plugin. -->","yoast_head_json":{"title":"Sniega diena K\u0101rlien\u0101 - jautri nosl\u0113dzam ziemu! - Valmieras pirmsskolas izgl\u012bt\u012bbas iest\u0101de \u201cK\u0101rliena\u201d","robots":{"index":"index","follow":"follow","max-snippet":"max-snippet:-1","max-image-preview":"max-image-preview:large","max-video-preview":"max-video-preview:-1"},"canonical":"https:\/\/izglitiba.valmierasnovads.lv\/karliena\/2026\/03\/04\/sniega-diena-karliena-jautri-nosledzam-ziemu\/","og_locale":"lv_LV","og_type":"article","og_title":"Sniega diena K\u0101rlien\u0101 - jautri nosl\u0113dzam ziemu! - Valmieras pirmsskolas izgl\u012bt\u012bbas iest\u0101de \u201cK\u0101rliena\u201d","og_description":"2026. gada 28.febru\u0101r\u012b m\u016bsu b\u0113rnud\u0101rz\u0101 vald\u012bja \u012bsta ziemas jautr\u012bba &#8211; balts sniegs,smiekli un sportisks gars! Sniega diena pulc\u0113ja visus, lai [&hellip;]","og_url":"https:\/\/izglitiba.valmierasnovads.lv\/karliena\/2026\/03\/04\/sniega-diena-karliena-jautri-nosledzam-ziemu\/","og_site_name":"Valmieras pirmsskolas izgl\u012bt\u012bbas iest\u0101de \u201cK\u0101rliena\u201d","article_published_time":"2026-03-04T12:31:43+00:00","article_modified_time":"2026-03-04T12:53:25+00:00","og_image":[{"width":2245,"height":1587,"url":"https:\/\/izglitiba.valmierasnovads.lv\/karliena\/wp-content\/uploads\/sites\/8\/2026\/03\/Sniega-diena-1.jpg","type":"image\/jpeg"}],"author":"sigitatama","twitter_card":"summary_large_image","twitter_misc":{"Written by":"sigitatama","Est. reading time":"1 min\u016bte"},"schema":{"@context":"https:\/\/schema.org","@graph":[{"@type":"Article","@id":"https:\/\/izglitiba.valmierasnovads.lv\/karliena\/2026\/03\/04\/sniega-diena-karliena-jautri-nosledzam-ziemu\/#article","isPartOf":{"@id":"https:\/\/izglitiba.valmierasnovads.lv\/karliena\/2026\/03\/04\/sniega-diena-karliena-jautri-nosledzam-ziemu\/"},"author":{"name":"sigitatama","@id":"https:\/\/izglitiba.valmierasnovads.lv\/karliena\/#\/schema\/person\/5a4dd824bc0b9f39219bc18d3ca784ad"},"headline":"Sniega diena K\u0101rlien\u0101 &#8211; jautri nosl\u0113dzam ziemu!","datePublished":"2026-03-04T12:31:43+00:00","dateModified":"2026-03-04T12:53:25+00:00","mainEntityOfPage":{"@id":"https:\/\/izglitiba.valmierasnovads.lv\/karliena\/2026\/03\/04\/sniega-diena-karliena-jautri-nosledzam-ziemu\/"},"wordCount":115,"publisher":{"@id":"https:\/\/izglitiba.valmierasnovads.lv\/karliena\/#organization"},"image":{"@id":"https:\/\/izglitiba.valmierasnovads.lv\/karliena\/2026\/03\/04\/sniega-diena-karliena-jautri-nosledzam-ziemu\/#primaryimage"},"thumbnailUrl":"https:\/\/izglitiba.valmierasnovads.lv\/karliena\/wp-content\/uploads\/sites\/8\/2026\/03\/Sniega-diena-1.jpg","articleSection":["Pas\u0101kumi"],"inLanguage":"lv-LV"},{"@type":"WebPage","@id":"https:\/\/izglitiba.valmierasnovads.lv\/karliena\/2026\/03\/04\/sniega-diena-karliena-jautri-nosledzam-ziemu\/","url":"https:\/\/izglitiba.valmierasnovads.lv\/karliena\/2026\/03\/04\/sniega-diena-karliena-jautri-nosledzam-ziemu\/","name":"Sniega diena K\u0101rlien\u0101 - jautri nosl\u0113dzam ziemu! - Valmieras pirmsskolas izgl\u012bt\u012bbas iest\u0101de \u201cK\u0101rliena\u201d","isPartOf":{"@id":"https:\/\/izglitiba.valmierasnovads.lv\/karliena\/#website"},"primaryImageOfPage":{"@id":"https:\/\/izglitiba.valmierasnovads.lv\/karliena\/2026\/03\/04\/sniega-diena-karliena-jautri-nosledzam-ziemu\/#primaryimage"},"image":{"@id":"https:\/\/izglitiba.valmierasnovads.lv\/karliena\/2026\/03\/04\/sniega-diena-karliena-jautri-nosledzam-ziemu\/#primaryimage"},"thumbnailUrl":"https:\/\/izglitiba.valmierasnovads.lv\/karliena\/wp-content\/uploads\/sites\/8\/2026\/03\/Sniega-diena-1.jpg","datePublished":"2026-03-04T12:31:43+00:00","dateModified":"2026-03-04T12:53:25+00:00","breadcrumb":{"@id":"https:\/\/izglitiba.valmierasnovads.lv\/karliena\/2026\/03\/04\/sniega-diena-karliena-jautri-nosledzam-ziemu\/#breadcrumb"},"inLanguage":"lv-LV","potentialAction":[{"@type":"ReadAction","target":["https:\/\/izglitiba.valmierasnovads.lv\/karliena\/2026\/03\/04\/sniega-diena-karliena-jautri-nosledzam-ziemu\/"]}]},{"@type":"ImageObject","inLanguage":"lv-LV","@id":"https:\/\/izglitiba.valmierasnovads.lv\/karliena\/2026\/03\/04\/sniega-diena-karliena-jautri-nosledzam-ziemu\/#primaryimage","url":"https:\/\/izglitiba.valmierasnovads.lv\/karliena\/wp-content\/uploads\/sites\/8\/2026\/03\/Sniega-diena-1.jpg","contentUrl":"https:\/\/izglitiba.valmierasnovads.lv\/karliena\/wp-content\/uploads\/sites\/8\/2026\/03\/Sniega-diena-1.jpg","width":2245,"height":1587},{"@type":"BreadcrumbList","@id":"https:\/\/izglitiba.valmierasnovads.lv\/karliena\/2026\/03\/04\/sniega-diena-karliena-jautri-nosledzam-ziemu\/#breadcrumb","itemListElement":[{"@type":"ListItem","position":1,"name":"Home","item":"https:\/\/izglitiba.valmierasnovads.lv\/karliena\/"},{"@type":"ListItem","position":2,"name":"Sniega diena K\u0101rlien\u0101 &#8211; jautri nosl\u0113dzam ziemu!"}]},{"@type":"WebSite","@id":"https:\/\/izglitiba.valmierasnovads.lv\/karliena\/#website","url":"https:\/\/izglitiba.valmierasnovads.lv\/karliena\/","name":"Valmieras pirmsskolas izgl\u012bt\u012bbas iest\u0101de \u201cK\u0101rliena\u201d","description":"","publisher":{"@id":"https:\/\/izglitiba.valmierasnovads.lv\/karliena\/#organization"},"potentialAction":[{"@type":"SearchAction","target":{"@type":"EntryPoint","urlTemplate":"https:\/\/izglitiba.valmierasnovads.lv\/karliena\/?s={search_term_string}"},"query-input":{"@type":"PropertyValueSpecification","valueRequired":true,"valueName":"search_term_string"}}],"inLanguage":"lv-LV"},{"@type":"Organization","@id":"https:\/\/izglitiba.valmierasnovads.lv\/karliena\/#organization","name":"Valmieras pirmsskolas izgl\u012bt\u012bbas iest\u0101de \u201cK\u0101rliena\u201d","url":"https:\/\/izglitiba.valmierasnovads.lv\/karliena\/","logo":{"@type":"ImageObject","inLanguage":"lv-LV","@id":"https:\/\/izglitiba.valmierasnovads.lv\/karliena\/#\/schema\/logo\/image\/","url":"https:\/\/izglitiba.valmierasnovads.lv\/karliena\/wp-content\/uploads\/sites\/8\/2025\/04\/cropped-karliena_logo-removebg-preview-1.png","contentUrl":"https:\/\/izglitiba.valmierasnovads.lv\/karliena\/wp-content\/uploads\/sites\/8\/2025\/04\/cropped-karliena_logo-removebg-preview-1.png","width":680,"height":339,"caption":"Valmieras pirmsskolas izgl\u012bt\u012bbas iest\u0101de \u201cK\u0101rliena\u201d"},"image":{"@id":"https:\/\/izglitiba.valmierasnovads.lv\/karliena\/#\/schema\/logo\/image\/"}},{"@type":"Person","@id":"https:\/\/izglitiba.valmierasnovads.lv\/karliena\/#\/schema\/person\/5a4dd824bc0b9f39219bc18d3ca784ad","name":"sigitatama","image":{"@type":"ImageObject","inLanguage":"lv-LV","@id":"https:\/\/izglitiba.valmierasnovads.lv\/karliena\/#\/schema\/person\/image\/","url":"https:\/\/secure.gravatar.com\/avatar\/edcda2febac8dc2871e72734b55dc0a1bb246f0350c7039df13fe9c79b3e6c18?s=96&d=mm&r=g","contentUrl":"https:\/\/secure.gravatar.com\/avatar\/edcda2febac8dc2871e72734b55dc0a1bb246f0350c7039df13fe9c79b3e6c18?s=96&d=mm&r=g","caption":"sigitatama"},"url":"https:\/\/izglitiba.valmierasnovads.lv\/karliena\/author\/sigitatama\/"}]}},"_links":{"self":[{"href":"https:\/\/izglitiba.valmierasnovads.lv\/karliena\/wp-json\/wp\/v2\/posts\/1408","targetHints":{"allow":["GET"]}}],"collection":[{"href":"https:\/\/izglitiba.valmierasnovads.lv\/karliena\/wp-json\/wp\/v2\/posts"}],"about":[{"href":"https:\/\/izglitiba.valmierasnovads.lv\/karliena\/wp-json\/wp\/v2\/types\/post"}],"author":[{"embeddable":true,"href":"https:\/\/izglitiba.valmierasnovads.lv\/karliena\/wp-json\/wp\/v2\/users\/13"}],"replies":[{"embeddable":true,"href":"https:\/\/izglitiba.valmierasnovads.lv\/karliena\/wp-json\/wp\/v2\/comments?post=1408"}],"version-history":[{"count":2,"href":"https:\/\/izglitiba.valmierasnovads.lv\/karliena\/wp-json\/wp\/v2\/posts\/1408\/revisions"}],"predecessor-version":[{"id":1411,"href":"https:\/\/izglitiba.valmierasnovads.lv\/karliena\/wp-json\/wp\/v2\/posts\/1408\/revisions\/1411"}],"wp:featuredmedia":[{"embeddable":true,"href":"https:\/\/izglitiba.valmierasnovads.lv\/karliena\/wp-json\/wp\/v2\/media\/1412"}],"wp:attachment":[{"href":"https:\/\/izglitiba.valmierasnovads.lv\/karliena\/wp-json\/wp\/v2\/media?parent=1408"}],"wp:term":[{"taxonomy":"category","embeddable":true,"href":"https:\/\/izglitiba.valmierasnovads.lv\/karliena\/wp-json\/wp\/v2\/categories?post=1408"},{"taxonomy":"post_tag","embeddable":true,"href":"https:\/\/izglitiba.valmierasnovads.lv\/karliena\/wp-json\/wp\/v2\/tags?post=1408"}],"curies":[{"name":"wp","href":"https:\/\/api.w.org\/{rel}","templated":true}]}}