{"id":1503,"date":"2026-04-17T14:03:44","date_gmt":"2026-04-17T11:03:44","guid":{"rendered":"https:\/\/izglitiba.valmierasnovads.lv\/karliena\/?p=1503"},"modified":"2026-04-20T22:35:19","modified_gmt":"2026-04-20T19:35:19","slug":"marites-grupa-ciemojas-valmieras-biblioteka-un-iepazist-emociju-pasauli","status":"publish","type":"post","link":"https:\/\/izglitiba.valmierasnovads.lv\/karliena\/2026\/04\/17\/marites-grupa-ciemojas-valmieras-biblioteka-un-iepazist-emociju-pasauli\/","title":{"rendered":"\u201cM\u0101r\u012btes\u201d grupa ciemoj\u0101s Valmieras bibliot\u0113k\u0101 un iepazina emociju pasauli"},"content":{"rendered":"\n<p class=\"has-medium-font-size\">2026. gada 16. apr\u012bl\u012b grupa \u201cM\u0101r\u012btes\u201d piedal\u012bj\u0101s tematiskaj\u0101 r\u012bt\u0101 \u201cJ\u016btu un saj\u016btu kofer\u012btis\u201d Valmieras bibliot\u0113k\u0101.<\/p>\n\n\n\n<p class=\"has-medium-font-size\">Grupa dev\u0101s izzino\u0161\u0101 un emocion\u0101li bag\u0101t\u0101 piedz\u012bvojum\u0101, kur b\u0113rni piedal\u012bj\u0101s tematiskaj\u0101 r\u012bt\u0101 par saj\u016bt\u0101m. \u0160\u012b nodarb\u012bba bija velt\u012bta tam, lai pal\u012bdz\u0113tu<br>b\u0113rniem lab\u0101k izprast savas emocijas, t\u0101s atpaz\u012bt un izteikt. Tematisk\u0101 r\u012bta laik\u0101 b\u0113rni klaus\u012bj\u0101s interesantu st\u0101stu par emocij\u0101m, piedal\u012bj\u0101s sarun\u0101s un da\u017e\u0101d\u0101s aktivit\u0101t\u0113s, kas rosin\u0101ja dom\u0101t par to, k\u0101 m\u0113s j\u016btamies da\u017e\u0101d\u0101s situ\u0101cij\u0101s. B\u0113rni m\u0101c\u012bj\u0101s ne tikai nosaukt savas saj\u016btas, bet ar\u012b saprast, ka visas emocijas ir svar\u012bgas un pie\u0146emamas. \u012apa\u0161u interesi rais\u012bja praktisk\u0101s aktivit\u0101tes, kur\u0101s b\u0113rni var\u0113ja izpaust savas saj\u016btas<br>rado\u0161i &#8211; z\u012bm\u0113jot, kustoties un sadarbojoties ar grupas biedriem. Tas pal\u012bdz\u0113ja veidot<br>dro\u0161u vidi, kur\u0101 katrs var\u0113ja justies uzklaus\u012bts un saprasts.<\/p>\n\n\n\n<p class=\"has-medium-font-size\">Pateicamies Valmieras bibliot\u0113kas darbiniekiem par silto uz\u0146em\u0161anu un interesanto<br>nodarb\u012bbu!<\/p>\n\n\n\n<figure class=\"wp-block-gallery has-nested-images columns-default is-cropped wp-block-gallery-1 is-layout-flex wp-block-gallery-is-layout-flex\">\n<figure class=\"wp-block-image size-large\"><img loading=\"lazy\" decoding=\"async\" width=\"1024\" height=\"1024\" data-id=\"1504\" src=\"https:\/\/izglitiba.valmierasnovads.lv\/karliena\/wp-content\/uploads\/sites\/8\/2026\/04\/Marites-grupas-ciemosanas-Valmieras-biblioteka-2-1024x1024.jpg\" alt=\"\" class=\"wp-image-1504\" srcset=\"https:\/\/izglitiba.valmierasnovads.lv\/karliena\/wp-content\/uploads\/sites\/8\/2026\/04\/Marites-grupas-ciemosanas-Valmieras-biblioteka-2-1024x1024.jpg 1024w, https:\/\/izglitiba.valmierasnovads.lv\/karliena\/wp-content\/uploads\/sites\/8\/2026\/04\/Marites-grupas-ciemosanas-Valmieras-biblioteka-2-300x300.jpg 300w, https:\/\/izglitiba.valmierasnovads.lv\/karliena\/wp-content\/uploads\/sites\/8\/2026\/04\/Marites-grupas-ciemosanas-Valmieras-biblioteka-2-150x150.jpg 150w, https:\/\/izglitiba.valmierasnovads.lv\/karliena\/wp-content\/uploads\/sites\/8\/2026\/04\/Marites-grupas-ciemosanas-Valmieras-biblioteka-2-768x768.jpg 768w, https:\/\/izglitiba.valmierasnovads.lv\/karliena\/wp-content\/uploads\/sites\/8\/2026\/04\/Marites-grupas-ciemosanas-Valmieras-biblioteka-2.jpg 1500w\" sizes=\"auto, (max-width: 1024px) 100vw, 1024px\" \/><\/figure>\n\n\n\n<figure class=\"wp-block-image size-large\"><img loading=\"lazy\" decoding=\"async\" width=\"1024\" height=\"1024\" data-id=\"1506\" src=\"https:\/\/izglitiba.valmierasnovads.lv\/karliena\/wp-content\/uploads\/sites\/8\/2026\/04\/Marites-grupas-ciemosanas-Valmieras-biblioteka-3-1024x1024.jpg\" alt=\"\" class=\"wp-image-1506\" srcset=\"https:\/\/izglitiba.valmierasnovads.lv\/karliena\/wp-content\/uploads\/sites\/8\/2026\/04\/Marites-grupas-ciemosanas-Valmieras-biblioteka-3-1024x1024.jpg 1024w, https:\/\/izglitiba.valmierasnovads.lv\/karliena\/wp-content\/uploads\/sites\/8\/2026\/04\/Marites-grupas-ciemosanas-Valmieras-biblioteka-3-300x300.jpg 300w, https:\/\/izglitiba.valmierasnovads.lv\/karliena\/wp-content\/uploads\/sites\/8\/2026\/04\/Marites-grupas-ciemosanas-Valmieras-biblioteka-3-150x150.jpg 150w, https:\/\/izglitiba.valmierasnovads.lv\/karliena\/wp-content\/uploads\/sites\/8\/2026\/04\/Marites-grupas-ciemosanas-Valmieras-biblioteka-3-768x768.jpg 768w, https:\/\/izglitiba.valmierasnovads.lv\/karliena\/wp-content\/uploads\/sites\/8\/2026\/04\/Marites-grupas-ciemosanas-Valmieras-biblioteka-3.jpg 1500w\" sizes=\"auto, (max-width: 1024px) 100vw, 1024px\" \/><\/figure>\n\n\n\n<figure class=\"wp-block-image size-large\"><img loading=\"lazy\" decoding=\"async\" width=\"1024\" height=\"1024\" data-id=\"1505\" src=\"https:\/\/izglitiba.valmierasnovads.lv\/karliena\/wp-content\/uploads\/sites\/8\/2026\/04\/Marites-grupas-ciemosanas-Valmieras-biblioteka-1024x1024.jpg\" alt=\"\" class=\"wp-image-1505\" srcset=\"https:\/\/izglitiba.valmierasnovads.lv\/karliena\/wp-content\/uploads\/sites\/8\/2026\/04\/Marites-grupas-ciemosanas-Valmieras-biblioteka-1024x1024.jpg 1024w, https:\/\/izglitiba.valmierasnovads.lv\/karliena\/wp-content\/uploads\/sites\/8\/2026\/04\/Marites-grupas-ciemosanas-Valmieras-biblioteka-300x300.jpg 300w, https:\/\/izglitiba.valmierasnovads.lv\/karliena\/wp-content\/uploads\/sites\/8\/2026\/04\/Marites-grupas-ciemosanas-Valmieras-biblioteka-150x150.jpg 150w, https:\/\/izglitiba.valmierasnovads.lv\/karliena\/wp-content\/uploads\/sites\/8\/2026\/04\/Marites-grupas-ciemosanas-Valmieras-biblioteka-768x768.jpg 768w, https:\/\/izglitiba.valmierasnovads.lv\/karliena\/wp-content\/uploads\/sites\/8\/2026\/04\/Marites-grupas-ciemosanas-Valmieras-biblioteka.jpg 1500w\" sizes=\"auto, (max-width: 1024px) 100vw, 1024px\" \/><\/figure>\n<\/figure>\n","protected":false},"excerpt":{"rendered":"<p>2026. gada 16. apr\u012bl\u012b grupa \u201cM\u0101r\u012btes\u201d piedal\u012bj\u0101s tematiskaj\u0101 r\u012bt\u0101 \u201cJ\u016btu un saj\u016btu kofer\u012btis\u201d Valmieras bibliot\u0113k\u0101. Grupa dev\u0101s izzino\u0161\u0101 un emocion\u0101li [&hellip;]<\/p>\n","protected":false},"author":13,"featured_media":1508,"comment_status":"closed","ping_status":"closed","sticky":false,"template":"","format":"standard","meta":{"_acf_changed":false,"site-sidebar-layout":"default","site-content-layout":"","ast-site-content-layout":"default","site-content-style":"default","site-sidebar-style":"default","ast-global-header-display":"","ast-banner-title-visibility":"","ast-main-header-display":"","ast-hfb-above-header-display":"","ast-hfb-below-header-display":"","ast-hfb-mobile-header-display":"","site-post-title":"","ast-breadcrumbs-content":"","ast-featured-img":"","footer-sml-layout":"","ast-disable-related-posts":"","theme-transparent-header-meta":"","adv-header-id-meta":"","stick-header-meta":"","header-above-stick-meta":"","header-main-stick-meta":"","header-below-stick-meta":"","astra-migrate-meta-layouts":"default","ast-page-background-enabled":"default","ast-page-background-meta":{"desktop":{"background-color":"var(--ast-global-color-5)","background-image":"","background-repeat":"repeat","background-position":"center center","background-size":"auto","background-attachment":"scroll","background-type":"","background-media":"","overlay-type":"","overlay-color":"","overlay-opacity":"","overlay-gradient":""},"tablet":{"background-color":"","background-image":"","background-repeat":"repeat","background-position":"center center","background-size":"auto","background-attachment":"scroll","background-type":"","background-media":"","overlay-type":"","overlay-color":"","overlay-opacity":"","overlay-gradient":""},"mobile":{"background-color":"","background-image":"","background-repeat":"repeat","background-position":"center center","background-size":"auto","background-attachment":"scroll","background-type":"","background-media":"","overlay-type":"","overlay-color":"","overlay-opacity":"","overlay-gradient":""}},"ast-content-background-meta":{"desktop":{"background-color":"var(--ast-global-color-4)","background-image":"","background-repeat":"repeat","background-position":"center center","background-size":"auto","background-attachment":"scroll","background-type":"","background-media":"","overlay-type":"","overlay-color":"","overlay-opacity":"","overlay-gradient":""},"tablet":{"background-color":"var(--ast-global-color-4)","background-image":"","background-repeat":"repeat","background-position":"center center","background-size":"auto","background-attachment":"scroll","background-type":"","background-media":"","overlay-type":"","overlay-color":"","overlay-opacity":"","overlay-gradient":""},"mobile":{"background-color":"var(--ast-global-color-4)","background-image":"","background-repeat":"repeat","background-position":"center center","background-size":"auto","background-attachment":"scroll","background-type":"","background-media":"","overlay-type":"","overlay-color":"","overlay-opacity":"","overlay-gradient":""}},"footnotes":""},"categories":[19],"tags":[],"class_list":["post-1503","post","type-post","status-publish","format-standard","has-post-thumbnail","hentry","category-aktivitates"],"acf":[],"yoast_head":"<!-- This site is optimized with the Yoast SEO plugin v27.0 - https:\/\/yoast.com\/product\/yoast-seo-wordpress\/ -->\n<title>\u201cM\u0101r\u012btes\u201d grupa ciemoj\u0101s Valmieras bibliot\u0113k\u0101 un iepazina emociju pasauli - Valmieras pirmsskolas izgl\u012bt\u012bbas iest\u0101de \u201cK\u0101rliena\u201d<\/title>\n<meta name=\"robots\" content=\"index, follow, max-snippet:-1, max-image-preview:large, max-video-preview:-1\" \/>\n<link rel=\"canonical\" href=\"https:\/\/izglitiba.valmierasnovads.lv\/karliena\/2026\/04\/17\/marites-grupa-ciemojas-valmieras-biblioteka-un-iepazist-emociju-pasauli\/\" \/>\n<meta property=\"og:locale\" content=\"lv_LV\" \/>\n<meta property=\"og:type\" content=\"article\" \/>\n<meta property=\"og:title\" content=\"\u201cM\u0101r\u012btes\u201d grupa ciemoj\u0101s Valmieras bibliot\u0113k\u0101 un iepazina emociju pasauli - Valmieras pirmsskolas izgl\u012bt\u012bbas iest\u0101de \u201cK\u0101rliena\u201d\" \/>\n<meta property=\"og:description\" content=\"2026. gada 16. apr\u012bl\u012b grupa \u201cM\u0101r\u012btes\u201d piedal\u012bj\u0101s tematiskaj\u0101 r\u012bt\u0101 \u201cJ\u016btu un saj\u016btu kofer\u012btis\u201d Valmieras bibliot\u0113k\u0101. Grupa dev\u0101s izzino\u0161\u0101 un emocion\u0101li [&hellip;]\" \/>\n<meta property=\"og:url\" content=\"https:\/\/izglitiba.valmierasnovads.lv\/karliena\/2026\/04\/17\/marites-grupa-ciemojas-valmieras-biblioteka-un-iepazist-emociju-pasauli\/\" \/>\n<meta property=\"og:site_name\" content=\"Valmieras pirmsskolas izgl\u012bt\u012bbas iest\u0101de \u201cK\u0101rliena\u201d\" \/>\n<meta property=\"article:published_time\" content=\"2026-04-17T11:03:44+00:00\" \/>\n<meta property=\"article:modified_time\" content=\"2026-04-20T19:35:19+00:00\" \/>\n<meta property=\"og:image\" content=\"https:\/\/izglitiba.valmierasnovads.lv\/karliena\/wp-content\/uploads\/sites\/8\/2026\/04\/Marites-grupas-ciemosanas-Valmieras-biblioteka-JAUNUMI.jpg\" \/>\n\t<meta property=\"og:image:width\" content=\"2245\" \/>\n\t<meta property=\"og:image:height\" content=\"1587\" \/>\n\t<meta property=\"og:image:type\" content=\"image\/jpeg\" \/>\n<meta name=\"author\" content=\"sigitatama\" \/>\n<meta name=\"twitter:card\" content=\"summary_large_image\" \/>\n<meta name=\"twitter:label1\" content=\"Written by\" \/>\n\t<meta name=\"twitter:data1\" content=\"sigitatama\" \/>\n\t<meta name=\"twitter:label2\" content=\"Est. reading time\" \/>\n\t<meta name=\"twitter:data2\" content=\"2 min\u016btes\" \/>\n<script type=\"application\/ld+json\" class=\"yoast-schema-graph\">{\"@context\":\"https:\/\/schema.org\",\"@graph\":[{\"@type\":\"Article\",\"@id\":\"https:\/\/izglitiba.valmierasnovads.lv\/karliena\/2026\/04\/17\/marites-grupa-ciemojas-valmieras-biblioteka-un-iepazist-emociju-pasauli\/#article\",\"isPartOf\":{\"@id\":\"https:\/\/izglitiba.valmierasnovads.lv\/karliena\/2026\/04\/17\/marites-grupa-ciemojas-valmieras-biblioteka-un-iepazist-emociju-pasauli\/\"},\"author\":{\"name\":\"sigitatama\",\"@id\":\"https:\/\/izglitiba.valmierasnovads.lv\/karliena\/#\/schema\/person\/5a4dd824bc0b9f39219bc18d3ca784ad\"},\"headline\":\"\u201cM\u0101r\u012btes\u201d grupa ciemoj\u0101s Valmieras bibliot\u0113k\u0101 un iepazina emociju pasauli\",\"datePublished\":\"2026-04-17T11:03:44+00:00\",\"dateModified\":\"2026-04-20T19:35:19+00:00\",\"mainEntityOfPage\":{\"@id\":\"https:\/\/izglitiba.valmierasnovads.lv\/karliena\/2026\/04\/17\/marites-grupa-ciemojas-valmieras-biblioteka-un-iepazist-emociju-pasauli\/\"},\"wordCount\":210,\"publisher\":{\"@id\":\"https:\/\/izglitiba.valmierasnovads.lv\/karliena\/#organization\"},\"image\":{\"@id\":\"https:\/\/izglitiba.valmierasnovads.lv\/karliena\/2026\/04\/17\/marites-grupa-ciemojas-valmieras-biblioteka-un-iepazist-emociju-pasauli\/#primaryimage\"},\"thumbnailUrl\":\"https:\/\/izglitiba.valmierasnovads.lv\/karliena\/wp-content\/uploads\/sites\/8\/2026\/04\/Marites-grupas-ciemosanas-Valmieras-biblioteka-JAUNUMI.jpg\",\"articleSection\":[\"Aktivit\u0101tes\"],\"inLanguage\":\"lv-LV\"},{\"@type\":\"WebPage\",\"@id\":\"https:\/\/izglitiba.valmierasnovads.lv\/karliena\/2026\/04\/17\/marites-grupa-ciemojas-valmieras-biblioteka-un-iepazist-emociju-pasauli\/\",\"url\":\"https:\/\/izglitiba.valmierasnovads.lv\/karliena\/2026\/04\/17\/marites-grupa-ciemojas-valmieras-biblioteka-un-iepazist-emociju-pasauli\/\",\"name\":\"\u201cM\u0101r\u012btes\u201d grupa ciemoj\u0101s Valmieras bibliot\u0113k\u0101 un iepazina emociju pasauli - Valmieras pirmsskolas izgl\u012bt\u012bbas iest\u0101de \u201cK\u0101rliena\u201d\",\"isPartOf\":{\"@id\":\"https:\/\/izglitiba.valmierasnovads.lv\/karliena\/#website\"},\"primaryImageOfPage\":{\"@id\":\"https:\/\/izglitiba.valmierasnovads.lv\/karliena\/2026\/04\/17\/marites-grupa-ciemojas-valmieras-biblioteka-un-iepazist-emociju-pasauli\/#primaryimage\"},\"image\":{\"@id\":\"https:\/\/izglitiba.valmierasnovads.lv\/karliena\/2026\/04\/17\/marites-grupa-ciemojas-valmieras-biblioteka-un-iepazist-emociju-pasauli\/#primaryimage\"},\"thumbnailUrl\":\"https:\/\/izglitiba.valmierasnovads.lv\/karliena\/wp-content\/uploads\/sites\/8\/2026\/04\/Marites-grupas-ciemosanas-Valmieras-biblioteka-JAUNUMI.jpg\",\"datePublished\":\"2026-04-17T11:03:44+00:00\",\"dateModified\":\"2026-04-20T19:35:19+00:00\",\"breadcrumb\":{\"@id\":\"https:\/\/izglitiba.valmierasnovads.lv\/karliena\/2026\/04\/17\/marites-grupa-ciemojas-valmieras-biblioteka-un-iepazist-emociju-pasauli\/#breadcrumb\"},\"inLanguage\":\"lv-LV\",\"potentialAction\":[{\"@type\":\"ReadAction\",\"target\":[\"https:\/\/izglitiba.valmierasnovads.lv\/karliena\/2026\/04\/17\/marites-grupa-ciemojas-valmieras-biblioteka-un-iepazist-emociju-pasauli\/\"]}]},{\"@type\":\"ImageObject\",\"inLanguage\":\"lv-LV\",\"@id\":\"https:\/\/izglitiba.valmierasnovads.lv\/karliena\/2026\/04\/17\/marites-grupa-ciemojas-valmieras-biblioteka-un-iepazist-emociju-pasauli\/#primaryimage\",\"url\":\"https:\/\/izglitiba.valmierasnovads.lv\/karliena\/wp-content\/uploads\/sites\/8\/2026\/04\/Marites-grupas-ciemosanas-Valmieras-biblioteka-JAUNUMI.jpg\",\"contentUrl\":\"https:\/\/izglitiba.valmierasnovads.lv\/karliena\/wp-content\/uploads\/sites\/8\/2026\/04\/Marites-grupas-ciemosanas-Valmieras-biblioteka-JAUNUMI.jpg\",\"width\":2245,\"height\":1587},{\"@type\":\"BreadcrumbList\",\"@id\":\"https:\/\/izglitiba.valmierasnovads.lv\/karliena\/2026\/04\/17\/marites-grupa-ciemojas-valmieras-biblioteka-un-iepazist-emociju-pasauli\/#breadcrumb\",\"itemListElement\":[{\"@type\":\"ListItem\",\"position\":1,\"name\":\"Home\",\"item\":\"https:\/\/izglitiba.valmierasnovads.lv\/karliena\/\"},{\"@type\":\"ListItem\",\"position\":2,\"name\":\"\u201cM\u0101r\u012btes\u201d grupa ciemoj\u0101s Valmieras bibliot\u0113k\u0101 un iepazina emociju pasauli\"}]},{\"@type\":\"WebSite\",\"@id\":\"https:\/\/izglitiba.valmierasnovads.lv\/karliena\/#website\",\"url\":\"https:\/\/izglitiba.valmierasnovads.lv\/karliena\/\",\"name\":\"Valmieras pirmsskolas izgl\u012bt\u012bbas iest\u0101de \u201cK\u0101rliena\u201d\",\"description\":\"\",\"publisher\":{\"@id\":\"https:\/\/izglitiba.valmierasnovads.lv\/karliena\/#organization\"},\"potentialAction\":[{\"@type\":\"SearchAction\",\"target\":{\"@type\":\"EntryPoint\",\"urlTemplate\":\"https:\/\/izglitiba.valmierasnovads.lv\/karliena\/?s={search_term_string}\"},\"query-input\":{\"@type\":\"PropertyValueSpecification\",\"valueRequired\":true,\"valueName\":\"search_term_string\"}}],\"inLanguage\":\"lv-LV\"},{\"@type\":\"Organization\",\"@id\":\"https:\/\/izglitiba.valmierasnovads.lv\/karliena\/#organization\",\"name\":\"Valmieras pirmsskolas izgl\u012bt\u012bbas iest\u0101de \u201cK\u0101rliena\u201d\",\"url\":\"https:\/\/izglitiba.valmierasnovads.lv\/karliena\/\",\"logo\":{\"@type\":\"ImageObject\",\"inLanguage\":\"lv-LV\",\"@id\":\"https:\/\/izglitiba.valmierasnovads.lv\/karliena\/#\/schema\/logo\/image\/\",\"url\":\"https:\/\/izglitiba.valmierasnovads.lv\/karliena\/wp-content\/uploads\/sites\/8\/2025\/04\/cropped-karliena_logo-removebg-preview-1.png\",\"contentUrl\":\"https:\/\/izglitiba.valmierasnovads.lv\/karliena\/wp-content\/uploads\/sites\/8\/2025\/04\/cropped-karliena_logo-removebg-preview-1.png\",\"width\":680,\"height\":339,\"caption\":\"Valmieras pirmsskolas izgl\u012bt\u012bbas iest\u0101de \u201cK\u0101rliena\u201d\"},\"image\":{\"@id\":\"https:\/\/izglitiba.valmierasnovads.lv\/karliena\/#\/schema\/logo\/image\/\"}},{\"@type\":\"Person\",\"@id\":\"https:\/\/izglitiba.valmierasnovads.lv\/karliena\/#\/schema\/person\/5a4dd824bc0b9f39219bc18d3ca784ad\",\"name\":\"sigitatama\",\"image\":{\"@type\":\"ImageObject\",\"inLanguage\":\"lv-LV\",\"@id\":\"https:\/\/izglitiba.valmierasnovads.lv\/karliena\/#\/schema\/person\/image\/\",\"url\":\"https:\/\/secure.gravatar.com\/avatar\/edcda2febac8dc2871e72734b55dc0a1bb246f0350c7039df13fe9c79b3e6c18?s=96&d=mm&r=g\",\"contentUrl\":\"https:\/\/secure.gravatar.com\/avatar\/edcda2febac8dc2871e72734b55dc0a1bb246f0350c7039df13fe9c79b3e6c18?s=96&d=mm&r=g\",\"caption\":\"sigitatama\"},\"url\":\"https:\/\/izglitiba.valmierasnovads.lv\/karliena\/author\/sigitatama\/\"}]}<\/script>\n<!-- \/ Yoast SEO plugin. -->","yoast_head_json":{"title":"\u201cM\u0101r\u012btes\u201d grupa ciemoj\u0101s Valmieras bibliot\u0113k\u0101 un iepazina emociju pasauli - Valmieras pirmsskolas izgl\u012bt\u012bbas iest\u0101de \u201cK\u0101rliena\u201d","robots":{"index":"index","follow":"follow","max-snippet":"max-snippet:-1","max-image-preview":"max-image-preview:large","max-video-preview":"max-video-preview:-1"},"canonical":"https:\/\/izglitiba.valmierasnovads.lv\/karliena\/2026\/04\/17\/marites-grupa-ciemojas-valmieras-biblioteka-un-iepazist-emociju-pasauli\/","og_locale":"lv_LV","og_type":"article","og_title":"\u201cM\u0101r\u012btes\u201d grupa ciemoj\u0101s Valmieras bibliot\u0113k\u0101 un iepazina emociju pasauli - Valmieras pirmsskolas izgl\u012bt\u012bbas iest\u0101de \u201cK\u0101rliena\u201d","og_description":"2026. gada 16. apr\u012bl\u012b grupa \u201cM\u0101r\u012btes\u201d piedal\u012bj\u0101s tematiskaj\u0101 r\u012bt\u0101 \u201cJ\u016btu un saj\u016btu kofer\u012btis\u201d Valmieras bibliot\u0113k\u0101. Grupa dev\u0101s izzino\u0161\u0101 un emocion\u0101li [&hellip;]","og_url":"https:\/\/izglitiba.valmierasnovads.lv\/karliena\/2026\/04\/17\/marites-grupa-ciemojas-valmieras-biblioteka-un-iepazist-emociju-pasauli\/","og_site_name":"Valmieras pirmsskolas izgl\u012bt\u012bbas iest\u0101de \u201cK\u0101rliena\u201d","article_published_time":"2026-04-17T11:03:44+00:00","article_modified_time":"2026-04-20T19:35:19+00:00","og_image":[{"width":2245,"height":1587,"url":"https:\/\/izglitiba.valmierasnovads.lv\/karliena\/wp-content\/uploads\/sites\/8\/2026\/04\/Marites-grupas-ciemosanas-Valmieras-biblioteka-JAUNUMI.jpg","type":"image\/jpeg"}],"author":"sigitatama","twitter_card":"summary_large_image","twitter_misc":{"Written by":"sigitatama","Est. reading time":"2 min\u016btes"},"schema":{"@context":"https:\/\/schema.org","@graph":[{"@type":"Article","@id":"https:\/\/izglitiba.valmierasnovads.lv\/karliena\/2026\/04\/17\/marites-grupa-ciemojas-valmieras-biblioteka-un-iepazist-emociju-pasauli\/#article","isPartOf":{"@id":"https:\/\/izglitiba.valmierasnovads.lv\/karliena\/2026\/04\/17\/marites-grupa-ciemojas-valmieras-biblioteka-un-iepazist-emociju-pasauli\/"},"author":{"name":"sigitatama","@id":"https:\/\/izglitiba.valmierasnovads.lv\/karliena\/#\/schema\/person\/5a4dd824bc0b9f39219bc18d3ca784ad"},"headline":"\u201cM\u0101r\u012btes\u201d grupa ciemoj\u0101s Valmieras bibliot\u0113k\u0101 un iepazina emociju pasauli","datePublished":"2026-04-17T11:03:44+00:00","dateModified":"2026-04-20T19:35:19+00:00","mainEntityOfPage":{"@id":"https:\/\/izglitiba.valmierasnovads.lv\/karliena\/2026\/04\/17\/marites-grupa-ciemojas-valmieras-biblioteka-un-iepazist-emociju-pasauli\/"},"wordCount":210,"publisher":{"@id":"https:\/\/izglitiba.valmierasnovads.lv\/karliena\/#organization"},"image":{"@id":"https:\/\/izglitiba.valmierasnovads.lv\/karliena\/2026\/04\/17\/marites-grupa-ciemojas-valmieras-biblioteka-un-iepazist-emociju-pasauli\/#primaryimage"},"thumbnailUrl":"https:\/\/izglitiba.valmierasnovads.lv\/karliena\/wp-content\/uploads\/sites\/8\/2026\/04\/Marites-grupas-ciemosanas-Valmieras-biblioteka-JAUNUMI.jpg","articleSection":["Aktivit\u0101tes"],"inLanguage":"lv-LV"},{"@type":"WebPage","@id":"https:\/\/izglitiba.valmierasnovads.lv\/karliena\/2026\/04\/17\/marites-grupa-ciemojas-valmieras-biblioteka-un-iepazist-emociju-pasauli\/","url":"https:\/\/izglitiba.valmierasnovads.lv\/karliena\/2026\/04\/17\/marites-grupa-ciemojas-valmieras-biblioteka-un-iepazist-emociju-pasauli\/","name":"\u201cM\u0101r\u012btes\u201d grupa ciemoj\u0101s Valmieras bibliot\u0113k\u0101 un iepazina emociju pasauli - Valmieras pirmsskolas izgl\u012bt\u012bbas iest\u0101de \u201cK\u0101rliena\u201d","isPartOf":{"@id":"https:\/\/izglitiba.valmierasnovads.lv\/karliena\/#website"},"primaryImageOfPage":{"@id":"https:\/\/izglitiba.valmierasnovads.lv\/karliena\/2026\/04\/17\/marites-grupa-ciemojas-valmieras-biblioteka-un-iepazist-emociju-pasauli\/#primaryimage"},"image":{"@id":"https:\/\/izglitiba.valmierasnovads.lv\/karliena\/2026\/04\/17\/marites-grupa-ciemojas-valmieras-biblioteka-un-iepazist-emociju-pasauli\/#primaryimage"},"thumbnailUrl":"https:\/\/izglitiba.valmierasnovads.lv\/karliena\/wp-content\/uploads\/sites\/8\/2026\/04\/Marites-grupas-ciemosanas-Valmieras-biblioteka-JAUNUMI.jpg","datePublished":"2026-04-17T11:03:44+00:00","dateModified":"2026-04-20T19:35:19+00:00","breadcrumb":{"@id":"https:\/\/izglitiba.valmierasnovads.lv\/karliena\/2026\/04\/17\/marites-grupa-ciemojas-valmieras-biblioteka-un-iepazist-emociju-pasauli\/#breadcrumb"},"inLanguage":"lv-LV","potentialAction":[{"@type":"ReadAction","target":["https:\/\/izglitiba.valmierasnovads.lv\/karliena\/2026\/04\/17\/marites-grupa-ciemojas-valmieras-biblioteka-un-iepazist-emociju-pasauli\/"]}]},{"@type":"ImageObject","inLanguage":"lv-LV","@id":"https:\/\/izglitiba.valmierasnovads.lv\/karliena\/2026\/04\/17\/marites-grupa-ciemojas-valmieras-biblioteka-un-iepazist-emociju-pasauli\/#primaryimage","url":"https:\/\/izglitiba.valmierasnovads.lv\/karliena\/wp-content\/uploads\/sites\/8\/2026\/04\/Marites-grupas-ciemosanas-Valmieras-biblioteka-JAUNUMI.jpg","contentUrl":"https:\/\/izglitiba.valmierasnovads.lv\/karliena\/wp-content\/uploads\/sites\/8\/2026\/04\/Marites-grupas-ciemosanas-Valmieras-biblioteka-JAUNUMI.jpg","width":2245,"height":1587},{"@type":"BreadcrumbList","@id":"https:\/\/izglitiba.valmierasnovads.lv\/karliena\/2026\/04\/17\/marites-grupa-ciemojas-valmieras-biblioteka-un-iepazist-emociju-pasauli\/#breadcrumb","itemListElement":[{"@type":"ListItem","position":1,"name":"Home","item":"https:\/\/izglitiba.valmierasnovads.lv\/karliena\/"},{"@type":"ListItem","position":2,"name":"\u201cM\u0101r\u012btes\u201d grupa ciemoj\u0101s Valmieras bibliot\u0113k\u0101 un iepazina emociju pasauli"}]},{"@type":"WebSite","@id":"https:\/\/izglitiba.valmierasnovads.lv\/karliena\/#website","url":"https:\/\/izglitiba.valmierasnovads.lv\/karliena\/","name":"Valmieras pirmsskolas izgl\u012bt\u012bbas iest\u0101de \u201cK\u0101rliena\u201d","description":"","publisher":{"@id":"https:\/\/izglitiba.valmierasnovads.lv\/karliena\/#organization"},"potentialAction":[{"@type":"SearchAction","target":{"@type":"EntryPoint","urlTemplate":"https:\/\/izglitiba.valmierasnovads.lv\/karliena\/?s={search_term_string}"},"query-input":{"@type":"PropertyValueSpecification","valueRequired":true,"valueName":"search_term_string"}}],"inLanguage":"lv-LV"},{"@type":"Organization","@id":"https:\/\/izglitiba.valmierasnovads.lv\/karliena\/#organization","name":"Valmieras pirmsskolas izgl\u012bt\u012bbas iest\u0101de \u201cK\u0101rliena\u201d","url":"https:\/\/izglitiba.valmierasnovads.lv\/karliena\/","logo":{"@type":"ImageObject","inLanguage":"lv-LV","@id":"https:\/\/izglitiba.valmierasnovads.lv\/karliena\/#\/schema\/logo\/image\/","url":"https:\/\/izglitiba.valmierasnovads.lv\/karliena\/wp-content\/uploads\/sites\/8\/2025\/04\/cropped-karliena_logo-removebg-preview-1.png","contentUrl":"https:\/\/izglitiba.valmierasnovads.lv\/karliena\/wp-content\/uploads\/sites\/8\/2025\/04\/cropped-karliena_logo-removebg-preview-1.png","width":680,"height":339,"caption":"Valmieras pirmsskolas izgl\u012bt\u012bbas iest\u0101de \u201cK\u0101rliena\u201d"},"image":{"@id":"https:\/\/izglitiba.valmierasnovads.lv\/karliena\/#\/schema\/logo\/image\/"}},{"@type":"Person","@id":"https:\/\/izglitiba.valmierasnovads.lv\/karliena\/#\/schema\/person\/5a4dd824bc0b9f39219bc18d3ca784ad","name":"sigitatama","image":{"@type":"ImageObject","inLanguage":"lv-LV","@id":"https:\/\/izglitiba.valmierasnovads.lv\/karliena\/#\/schema\/person\/image\/","url":"https:\/\/secure.gravatar.com\/avatar\/edcda2febac8dc2871e72734b55dc0a1bb246f0350c7039df13fe9c79b3e6c18?s=96&d=mm&r=g","contentUrl":"https:\/\/secure.gravatar.com\/avatar\/edcda2febac8dc2871e72734b55dc0a1bb246f0350c7039df13fe9c79b3e6c18?s=96&d=mm&r=g","caption":"sigitatama"},"url":"https:\/\/izglitiba.valmierasnovads.lv\/karliena\/author\/sigitatama\/"}]}},"_links":{"self":[{"href":"https:\/\/izglitiba.valmierasnovads.lv\/karliena\/wp-json\/wp\/v2\/posts\/1503","targetHints":{"allow":["GET"]}}],"collection":[{"href":"https:\/\/izglitiba.valmierasnovads.lv\/karliena\/wp-json\/wp\/v2\/posts"}],"about":[{"href":"https:\/\/izglitiba.valmierasnovads.lv\/karliena\/wp-json\/wp\/v2\/types\/post"}],"author":[{"embeddable":true,"href":"https:\/\/izglitiba.valmierasnovads.lv\/karliena\/wp-json\/wp\/v2\/users\/13"}],"replies":[{"embeddable":true,"href":"https:\/\/izglitiba.valmierasnovads.lv\/karliena\/wp-json\/wp\/v2\/comments?post=1503"}],"version-history":[{"count":4,"href":"https:\/\/izglitiba.valmierasnovads.lv\/karliena\/wp-json\/wp\/v2\/posts\/1503\/revisions"}],"predecessor-version":[{"id":1523,"href":"https:\/\/izglitiba.valmierasnovads.lv\/karliena\/wp-json\/wp\/v2\/posts\/1503\/revisions\/1523"}],"wp:featuredmedia":[{"embeddable":true,"href":"https:\/\/izglitiba.valmierasnovads.lv\/karliena\/wp-json\/wp\/v2\/media\/1508"}],"wp:attachment":[{"href":"https:\/\/izglitiba.valmierasnovads.lv\/karliena\/wp-json\/wp\/v2\/media?parent=1503"}],"wp:term":[{"taxonomy":"category","embeddable":true,"href":"https:\/\/izglitiba.valmierasnovads.lv\/karliena\/wp-json\/wp\/v2\/categories?post=1503"},{"taxonomy":"post_tag","embeddable":true,"href":"https:\/\/izglitiba.valmierasnovads.lv\/karliena\/wp-json\/wp\/v2\/tags?post=1503"}],"curies":[{"name":"wp","href":"https:\/\/api.w.org\/{rel}","templated":true}]}}