{"id":566,"date":"2025-10-20T12:58:19","date_gmt":"2025-10-20T09:58:19","guid":{"rendered":"https:\/\/izglitiba.valmierasnovads.lv\/karliena\/?p=566"},"modified":"2026-02-26T20:14:08","modified_gmt":"2026-02-26T18:14:08","slug":"izglitojosais-pasakums-tiras-rokas-tirs-ir-viss-prom-ir-mikrobs-aizbedzis","status":"publish","type":"post","link":"https:\/\/izglitiba.valmierasnovads.lv\/karliena\/2025\/10\/20\/izglitojosais-pasakums-tiras-rokas-tirs-ir-viss-prom-ir-mikrobs-aizbedzis\/","title":{"rendered":"Izgl\u012btojo\u0161ais pas\u0101kums \u201cT\u012bras rokas, t\u012brs ir viss &#8211; prom ir mikrobs aizb\u0113dzis!"},"content":{"rendered":"\n<p class=\"has-medium-font-size\">2025. gada 23. septembr\u012b m\u016bsu pirmsskolas vec\u0101ko b\u0113rnu grupas \u201cM\u0101r\u012btes\u201d, \u201cZa\u0137\u0113ni\u201d un \u201cTauri\u0146i&#8221; apmekl\u0113ja viesi no Nacion\u0101l\u0101 vesel\u012bbas veicin\u0101\u0161anas skolu t\u012bkla \u2013 Spodr\u012bte un Profesors Burbulis. Atrakt\u012bv\u0101 un izgl\u012btojo\u0161\u0101 veid\u0101 b\u0113rni m\u0101c\u012bj\u0101s, k\u0101 pareizi nomazg\u0101t rokas, kad tas ir j\u0101dara un k\u0101 izv\u0113l\u0113ties labus higi\u0113nas l\u012bdzek\u013cus. Nodarb\u012bbas laik\u0101 tika min\u0113tas m\u012bklas, risin\u0101ti da\u017e\u0101di uzdevumi un sniegtas atbildes uz jaut\u0101jumiem. Pas\u0101kums sniedza b\u0113rniem jaunas zin\u0101\u0161anas un prasmes, k\u0101 ar\u012b prieku par<br>paveikto &#8211; katrs sa\u0146\u0113ma kr\u0101sojamo gr\u0101matu, izzi\u0146as bukletus un zobu t\u012br\u012b\u0161anas kalend\u0101ru veselam m\u0113nesim.<br>\u0160\u0101di pas\u0101kumi pal\u012bdz b\u0113rniem saprast, cik svar\u012bgi ir r\u016bp\u0113ties par savu vesel\u012bbu.<\/p>\n","protected":false},"excerpt":{"rendered":"<p>2025. gada 23. septembr\u012b m\u016bsu pirmsskolas vec\u0101ko b\u0113rnu grupas \u201cM\u0101r\u012btes\u201d, \u201cZa\u0137\u0113ni\u201d un \u201cTauri\u0146i&#8221; apmekl\u0113ja viesi no Nacion\u0101l\u0101 vesel\u012bbas veicin\u0101\u0161anas skolu [&hellip;]<\/p>\n","protected":false},"author":13,"featured_media":938,"comment_status":"closed","ping_status":"closed","sticky":false,"template":"","format":"standard","meta":{"_acf_changed":false,"site-sidebar-layout":"default","site-content-layout":"","ast-site-content-layout":"default","site-content-style":"default","site-sidebar-style":"default","ast-global-header-display":"","ast-banner-title-visibility":"","ast-main-header-display":"","ast-hfb-above-header-display":"","ast-hfb-below-header-display":"","ast-hfb-mobile-header-display":"","site-post-title":"","ast-breadcrumbs-content":"","ast-featured-img":"","footer-sml-layout":"","ast-disable-related-posts":"","theme-transparent-header-meta":"","adv-header-id-meta":"","stick-header-meta":"","header-above-stick-meta":"","header-main-stick-meta":"","header-below-stick-meta":"","astra-migrate-meta-layouts":"default","ast-page-background-enabled":"default","ast-page-background-meta":{"desktop":{"background-color":"var(--ast-global-color-5)","background-image":"","background-repeat":"repeat","background-position":"center center","background-size":"auto","background-attachment":"scroll","background-type":"","background-media":"","overlay-type":"","overlay-color":"","overlay-opacity":"","overlay-gradient":""},"tablet":{"background-color":"","background-image":"","background-repeat":"repeat","background-position":"center center","background-size":"auto","background-attachment":"scroll","background-type":"","background-media":"","overlay-type":"","overlay-color":"","overlay-opacity":"","overlay-gradient":""},"mobile":{"background-color":"","background-image":"","background-repeat":"repeat","background-position":"center center","background-size":"auto","background-attachment":"scroll","background-type":"","background-media":"","overlay-type":"","overlay-color":"","overlay-opacity":"","overlay-gradient":""}},"ast-content-background-meta":{"desktop":{"background-color":"var(--ast-global-color-4)","background-image":"","background-repeat":"repeat","background-position":"center center","background-size":"auto","background-attachment":"scroll","background-type":"","background-media":"","overlay-type":"","overlay-color":"","overlay-opacity":"","overlay-gradient":""},"tablet":{"background-color":"var(--ast-global-color-4)","background-image":"","background-repeat":"repeat","background-position":"center center","background-size":"auto","background-attachment":"scroll","background-type":"","background-media":"","overlay-type":"","overlay-color":"","overlay-opacity":"","overlay-gradient":""},"mobile":{"background-color":"var(--ast-global-color-4)","background-image":"","background-repeat":"repeat","background-position":"center center","background-size":"auto","background-attachment":"scroll","background-type":"","background-media":"","overlay-type":"","overlay-color":"","overlay-opacity":"","overlay-gradient":""}},"footnotes":""},"categories":[19],"tags":[],"class_list":["post-566","post","type-post","status-publish","format-standard","has-post-thumbnail","hentry","category-aktivitates"],"acf":[],"yoast_head":"<!-- This site is optimized with the Yoast SEO plugin v27.0 - https:\/\/yoast.com\/product\/yoast-seo-wordpress\/ -->\n<title>Izgl\u012btojo\u0161ais pas\u0101kums \u201cT\u012bras rokas, t\u012brs ir viss - prom ir mikrobs aizb\u0113dzis! - Valmieras pirmsskolas izgl\u012bt\u012bbas iest\u0101de \u201cK\u0101rliena\u201d<\/title>\n<meta name=\"robots\" content=\"index, follow, max-snippet:-1, max-image-preview:large, max-video-preview:-1\" \/>\n<link rel=\"canonical\" href=\"https:\/\/izglitiba.valmierasnovads.lv\/karliena\/2025\/10\/20\/izglitojosais-pasakums-tiras-rokas-tirs-ir-viss-prom-ir-mikrobs-aizbedzis\/\" \/>\n<meta property=\"og:locale\" content=\"lv_LV\" \/>\n<meta property=\"og:type\" content=\"article\" \/>\n<meta property=\"og:title\" content=\"Izgl\u012btojo\u0161ais pas\u0101kums \u201cT\u012bras rokas, t\u012brs ir viss - prom ir mikrobs aizb\u0113dzis! - Valmieras pirmsskolas izgl\u012bt\u012bbas iest\u0101de \u201cK\u0101rliena\u201d\" \/>\n<meta property=\"og:description\" content=\"2025. gada 23. septembr\u012b m\u016bsu pirmsskolas vec\u0101ko b\u0113rnu grupas \u201cM\u0101r\u012btes\u201d, \u201cZa\u0137\u0113ni\u201d un \u201cTauri\u0146i&#8221; apmekl\u0113ja viesi no Nacion\u0101l\u0101 vesel\u012bbas veicin\u0101\u0161anas skolu [&hellip;]\" \/>\n<meta property=\"og:url\" content=\"https:\/\/izglitiba.valmierasnovads.lv\/karliena\/2025\/10\/20\/izglitojosais-pasakums-tiras-rokas-tirs-ir-viss-prom-ir-mikrobs-aizbedzis\/\" \/>\n<meta property=\"og:site_name\" content=\"Valmieras pirmsskolas izgl\u012bt\u012bbas iest\u0101de \u201cK\u0101rliena\u201d\" \/>\n<meta property=\"article:published_time\" content=\"2025-10-20T09:58:19+00:00\" \/>\n<meta property=\"article:modified_time\" content=\"2026-02-26T18:14:08+00:00\" \/>\n<meta property=\"og:image\" content=\"https:\/\/izglitiba.valmierasnovads.lv\/karliena\/wp-content\/uploads\/sites\/8\/2025\/10\/Noformejums-bez-nosaukuma-e1764693132732.png\" \/>\n\t<meta property=\"og:image:width\" content=\"2000\" \/>\n\t<meta property=\"og:image:height\" content=\"1414\" \/>\n\t<meta property=\"og:image:type\" content=\"image\/png\" \/>\n<meta name=\"author\" content=\"sigitatama\" \/>\n<meta name=\"twitter:card\" content=\"summary_large_image\" \/>\n<meta name=\"twitter:label1\" content=\"Written by\" \/>\n\t<meta name=\"twitter:data1\" content=\"sigitatama\" \/>\n\t<meta name=\"twitter:label2\" content=\"Est. reading time\" \/>\n\t<meta name=\"twitter:data2\" content=\"1 min\u016bte\" \/>\n<script type=\"application\/ld+json\" class=\"yoast-schema-graph\">{\"@context\":\"https:\/\/schema.org\",\"@graph\":[{\"@type\":\"Article\",\"@id\":\"https:\/\/izglitiba.valmierasnovads.lv\/karliena\/2025\/10\/20\/izglitojosais-pasakums-tiras-rokas-tirs-ir-viss-prom-ir-mikrobs-aizbedzis\/#article\",\"isPartOf\":{\"@id\":\"https:\/\/izglitiba.valmierasnovads.lv\/karliena\/2025\/10\/20\/izglitojosais-pasakums-tiras-rokas-tirs-ir-viss-prom-ir-mikrobs-aizbedzis\/\"},\"author\":{\"name\":\"sigitatama\",\"@id\":\"https:\/\/izglitiba.valmierasnovads.lv\/karliena\/#\/schema\/person\/5a4dd824bc0b9f39219bc18d3ca784ad\"},\"headline\":\"Izgl\u012btojo\u0161ais pas\u0101kums \u201cT\u012bras rokas, t\u012brs ir viss &#8211; prom ir mikrobs aizb\u0113dzis!\",\"datePublished\":\"2025-10-20T09:58:19+00:00\",\"dateModified\":\"2026-02-26T18:14:08+00:00\",\"mainEntityOfPage\":{\"@id\":\"https:\/\/izglitiba.valmierasnovads.lv\/karliena\/2025\/10\/20\/izglitojosais-pasakums-tiras-rokas-tirs-ir-viss-prom-ir-mikrobs-aizbedzis\/\"},\"wordCount\":160,\"publisher\":{\"@id\":\"https:\/\/izglitiba.valmierasnovads.lv\/karliena\/#organization\"},\"image\":{\"@id\":\"https:\/\/izglitiba.valmierasnovads.lv\/karliena\/2025\/10\/20\/izglitojosais-pasakums-tiras-rokas-tirs-ir-viss-prom-ir-mikrobs-aizbedzis\/#primaryimage\"},\"thumbnailUrl\":\"https:\/\/izglitiba.valmierasnovads.lv\/karliena\/wp-content\/uploads\/sites\/8\/2025\/10\/Noformejums-bez-nosaukuma-e1764693132732.png\",\"articleSection\":[\"Aktivit\u0101tes\"],\"inLanguage\":\"lv-LV\"},{\"@type\":\"WebPage\",\"@id\":\"https:\/\/izglitiba.valmierasnovads.lv\/karliena\/2025\/10\/20\/izglitojosais-pasakums-tiras-rokas-tirs-ir-viss-prom-ir-mikrobs-aizbedzis\/\",\"url\":\"https:\/\/izglitiba.valmierasnovads.lv\/karliena\/2025\/10\/20\/izglitojosais-pasakums-tiras-rokas-tirs-ir-viss-prom-ir-mikrobs-aizbedzis\/\",\"name\":\"Izgl\u012btojo\u0161ais pas\u0101kums \u201cT\u012bras rokas, t\u012brs ir viss - prom ir mikrobs aizb\u0113dzis! - Valmieras pirmsskolas izgl\u012bt\u012bbas iest\u0101de \u201cK\u0101rliena\u201d\",\"isPartOf\":{\"@id\":\"https:\/\/izglitiba.valmierasnovads.lv\/karliena\/#website\"},\"primaryImageOfPage\":{\"@id\":\"https:\/\/izglitiba.valmierasnovads.lv\/karliena\/2025\/10\/20\/izglitojosais-pasakums-tiras-rokas-tirs-ir-viss-prom-ir-mikrobs-aizbedzis\/#primaryimage\"},\"image\":{\"@id\":\"https:\/\/izglitiba.valmierasnovads.lv\/karliena\/2025\/10\/20\/izglitojosais-pasakums-tiras-rokas-tirs-ir-viss-prom-ir-mikrobs-aizbedzis\/#primaryimage\"},\"thumbnailUrl\":\"https:\/\/izglitiba.valmierasnovads.lv\/karliena\/wp-content\/uploads\/sites\/8\/2025\/10\/Noformejums-bez-nosaukuma-e1764693132732.png\",\"datePublished\":\"2025-10-20T09:58:19+00:00\",\"dateModified\":\"2026-02-26T18:14:08+00:00\",\"breadcrumb\":{\"@id\":\"https:\/\/izglitiba.valmierasnovads.lv\/karliena\/2025\/10\/20\/izglitojosais-pasakums-tiras-rokas-tirs-ir-viss-prom-ir-mikrobs-aizbedzis\/#breadcrumb\"},\"inLanguage\":\"lv-LV\",\"potentialAction\":[{\"@type\":\"ReadAction\",\"target\":[\"https:\/\/izglitiba.valmierasnovads.lv\/karliena\/2025\/10\/20\/izglitojosais-pasakums-tiras-rokas-tirs-ir-viss-prom-ir-mikrobs-aizbedzis\/\"]}]},{\"@type\":\"ImageObject\",\"inLanguage\":\"lv-LV\",\"@id\":\"https:\/\/izglitiba.valmierasnovads.lv\/karliena\/2025\/10\/20\/izglitojosais-pasakums-tiras-rokas-tirs-ir-viss-prom-ir-mikrobs-aizbedzis\/#primaryimage\",\"url\":\"https:\/\/izglitiba.valmierasnovads.lv\/karliena\/wp-content\/uploads\/sites\/8\/2025\/10\/Noformejums-bez-nosaukuma-e1764693132732.png\",\"contentUrl\":\"https:\/\/izglitiba.valmierasnovads.lv\/karliena\/wp-content\/uploads\/sites\/8\/2025\/10\/Noformejums-bez-nosaukuma-e1764693132732.png\",\"width\":2000,\"height\":1414},{\"@type\":\"BreadcrumbList\",\"@id\":\"https:\/\/izglitiba.valmierasnovads.lv\/karliena\/2025\/10\/20\/izglitojosais-pasakums-tiras-rokas-tirs-ir-viss-prom-ir-mikrobs-aizbedzis\/#breadcrumb\",\"itemListElement\":[{\"@type\":\"ListItem\",\"position\":1,\"name\":\"Home\",\"item\":\"https:\/\/izglitiba.valmierasnovads.lv\/karliena\/\"},{\"@type\":\"ListItem\",\"position\":2,\"name\":\"Izgl\u012btojo\u0161ais pas\u0101kums \u201cT\u012bras rokas, t\u012brs ir viss &#8211; prom ir mikrobs aizb\u0113dzis!\"}]},{\"@type\":\"WebSite\",\"@id\":\"https:\/\/izglitiba.valmierasnovads.lv\/karliena\/#website\",\"url\":\"https:\/\/izglitiba.valmierasnovads.lv\/karliena\/\",\"name\":\"Valmieras pirmsskolas izgl\u012bt\u012bbas iest\u0101de \u201cK\u0101rliena\u201d\",\"description\":\"\",\"publisher\":{\"@id\":\"https:\/\/izglitiba.valmierasnovads.lv\/karliena\/#organization\"},\"potentialAction\":[{\"@type\":\"SearchAction\",\"target\":{\"@type\":\"EntryPoint\",\"urlTemplate\":\"https:\/\/izglitiba.valmierasnovads.lv\/karliena\/?s={search_term_string}\"},\"query-input\":{\"@type\":\"PropertyValueSpecification\",\"valueRequired\":true,\"valueName\":\"search_term_string\"}}],\"inLanguage\":\"lv-LV\"},{\"@type\":\"Organization\",\"@id\":\"https:\/\/izglitiba.valmierasnovads.lv\/karliena\/#organization\",\"name\":\"Valmieras pirmsskolas izgl\u012bt\u012bbas iest\u0101de \u201cK\u0101rliena\u201d\",\"url\":\"https:\/\/izglitiba.valmierasnovads.lv\/karliena\/\",\"logo\":{\"@type\":\"ImageObject\",\"inLanguage\":\"lv-LV\",\"@id\":\"https:\/\/izglitiba.valmierasnovads.lv\/karliena\/#\/schema\/logo\/image\/\",\"url\":\"https:\/\/izglitiba.valmierasnovads.lv\/karliena\/wp-content\/uploads\/sites\/8\/2025\/04\/cropped-karliena_logo-removebg-preview-1.png\",\"contentUrl\":\"https:\/\/izglitiba.valmierasnovads.lv\/karliena\/wp-content\/uploads\/sites\/8\/2025\/04\/cropped-karliena_logo-removebg-preview-1.png\",\"width\":680,\"height\":339,\"caption\":\"Valmieras pirmsskolas izgl\u012bt\u012bbas iest\u0101de \u201cK\u0101rliena\u201d\"},\"image\":{\"@id\":\"https:\/\/izglitiba.valmierasnovads.lv\/karliena\/#\/schema\/logo\/image\/\"}},{\"@type\":\"Person\",\"@id\":\"https:\/\/izglitiba.valmierasnovads.lv\/karliena\/#\/schema\/person\/5a4dd824bc0b9f39219bc18d3ca784ad\",\"name\":\"sigitatama\",\"image\":{\"@type\":\"ImageObject\",\"inLanguage\":\"lv-LV\",\"@id\":\"https:\/\/izglitiba.valmierasnovads.lv\/karliena\/#\/schema\/person\/image\/\",\"url\":\"https:\/\/secure.gravatar.com\/avatar\/edcda2febac8dc2871e72734b55dc0a1bb246f0350c7039df13fe9c79b3e6c18?s=96&d=mm&r=g\",\"contentUrl\":\"https:\/\/secure.gravatar.com\/avatar\/edcda2febac8dc2871e72734b55dc0a1bb246f0350c7039df13fe9c79b3e6c18?s=96&d=mm&r=g\",\"caption\":\"sigitatama\"},\"url\":\"https:\/\/izglitiba.valmierasnovads.lv\/karliena\/author\/sigitatama\/\"}]}<\/script>\n<!-- \/ Yoast SEO plugin. -->","yoast_head_json":{"title":"Izgl\u012btojo\u0161ais pas\u0101kums \u201cT\u012bras rokas, t\u012brs ir viss - prom ir mikrobs aizb\u0113dzis! - Valmieras pirmsskolas izgl\u012bt\u012bbas iest\u0101de \u201cK\u0101rliena\u201d","robots":{"index":"index","follow":"follow","max-snippet":"max-snippet:-1","max-image-preview":"max-image-preview:large","max-video-preview":"max-video-preview:-1"},"canonical":"https:\/\/izglitiba.valmierasnovads.lv\/karliena\/2025\/10\/20\/izglitojosais-pasakums-tiras-rokas-tirs-ir-viss-prom-ir-mikrobs-aizbedzis\/","og_locale":"lv_LV","og_type":"article","og_title":"Izgl\u012btojo\u0161ais pas\u0101kums \u201cT\u012bras rokas, t\u012brs ir viss - prom ir mikrobs aizb\u0113dzis! - Valmieras pirmsskolas izgl\u012bt\u012bbas iest\u0101de \u201cK\u0101rliena\u201d","og_description":"2025. gada 23. septembr\u012b m\u016bsu pirmsskolas vec\u0101ko b\u0113rnu grupas \u201cM\u0101r\u012btes\u201d, \u201cZa\u0137\u0113ni\u201d un \u201cTauri\u0146i&#8221; apmekl\u0113ja viesi no Nacion\u0101l\u0101 vesel\u012bbas veicin\u0101\u0161anas skolu [&hellip;]","og_url":"https:\/\/izglitiba.valmierasnovads.lv\/karliena\/2025\/10\/20\/izglitojosais-pasakums-tiras-rokas-tirs-ir-viss-prom-ir-mikrobs-aizbedzis\/","og_site_name":"Valmieras pirmsskolas izgl\u012bt\u012bbas iest\u0101de \u201cK\u0101rliena\u201d","article_published_time":"2025-10-20T09:58:19+00:00","article_modified_time":"2026-02-26T18:14:08+00:00","og_image":[{"width":2000,"height":1414,"url":"https:\/\/izglitiba.valmierasnovads.lv\/karliena\/wp-content\/uploads\/sites\/8\/2025\/10\/Noformejums-bez-nosaukuma-e1764693132732.png","type":"image\/png"}],"author":"sigitatama","twitter_card":"summary_large_image","twitter_misc":{"Written by":"sigitatama","Est. reading time":"1 min\u016bte"},"schema":{"@context":"https:\/\/schema.org","@graph":[{"@type":"Article","@id":"https:\/\/izglitiba.valmierasnovads.lv\/karliena\/2025\/10\/20\/izglitojosais-pasakums-tiras-rokas-tirs-ir-viss-prom-ir-mikrobs-aizbedzis\/#article","isPartOf":{"@id":"https:\/\/izglitiba.valmierasnovads.lv\/karliena\/2025\/10\/20\/izglitojosais-pasakums-tiras-rokas-tirs-ir-viss-prom-ir-mikrobs-aizbedzis\/"},"author":{"name":"sigitatama","@id":"https:\/\/izglitiba.valmierasnovads.lv\/karliena\/#\/schema\/person\/5a4dd824bc0b9f39219bc18d3ca784ad"},"headline":"Izgl\u012btojo\u0161ais pas\u0101kums \u201cT\u012bras rokas, t\u012brs ir viss &#8211; prom ir mikrobs aizb\u0113dzis!","datePublished":"2025-10-20T09:58:19+00:00","dateModified":"2026-02-26T18:14:08+00:00","mainEntityOfPage":{"@id":"https:\/\/izglitiba.valmierasnovads.lv\/karliena\/2025\/10\/20\/izglitojosais-pasakums-tiras-rokas-tirs-ir-viss-prom-ir-mikrobs-aizbedzis\/"},"wordCount":160,"publisher":{"@id":"https:\/\/izglitiba.valmierasnovads.lv\/karliena\/#organization"},"image":{"@id":"https:\/\/izglitiba.valmierasnovads.lv\/karliena\/2025\/10\/20\/izglitojosais-pasakums-tiras-rokas-tirs-ir-viss-prom-ir-mikrobs-aizbedzis\/#primaryimage"},"thumbnailUrl":"https:\/\/izglitiba.valmierasnovads.lv\/karliena\/wp-content\/uploads\/sites\/8\/2025\/10\/Noformejums-bez-nosaukuma-e1764693132732.png","articleSection":["Aktivit\u0101tes"],"inLanguage":"lv-LV"},{"@type":"WebPage","@id":"https:\/\/izglitiba.valmierasnovads.lv\/karliena\/2025\/10\/20\/izglitojosais-pasakums-tiras-rokas-tirs-ir-viss-prom-ir-mikrobs-aizbedzis\/","url":"https:\/\/izglitiba.valmierasnovads.lv\/karliena\/2025\/10\/20\/izglitojosais-pasakums-tiras-rokas-tirs-ir-viss-prom-ir-mikrobs-aizbedzis\/","name":"Izgl\u012btojo\u0161ais pas\u0101kums \u201cT\u012bras rokas, t\u012brs ir viss - prom ir mikrobs aizb\u0113dzis! - Valmieras pirmsskolas izgl\u012bt\u012bbas iest\u0101de \u201cK\u0101rliena\u201d","isPartOf":{"@id":"https:\/\/izglitiba.valmierasnovads.lv\/karliena\/#website"},"primaryImageOfPage":{"@id":"https:\/\/izglitiba.valmierasnovads.lv\/karliena\/2025\/10\/20\/izglitojosais-pasakums-tiras-rokas-tirs-ir-viss-prom-ir-mikrobs-aizbedzis\/#primaryimage"},"image":{"@id":"https:\/\/izglitiba.valmierasnovads.lv\/karliena\/2025\/10\/20\/izglitojosais-pasakums-tiras-rokas-tirs-ir-viss-prom-ir-mikrobs-aizbedzis\/#primaryimage"},"thumbnailUrl":"https:\/\/izglitiba.valmierasnovads.lv\/karliena\/wp-content\/uploads\/sites\/8\/2025\/10\/Noformejums-bez-nosaukuma-e1764693132732.png","datePublished":"2025-10-20T09:58:19+00:00","dateModified":"2026-02-26T18:14:08+00:00","breadcrumb":{"@id":"https:\/\/izglitiba.valmierasnovads.lv\/karliena\/2025\/10\/20\/izglitojosais-pasakums-tiras-rokas-tirs-ir-viss-prom-ir-mikrobs-aizbedzis\/#breadcrumb"},"inLanguage":"lv-LV","potentialAction":[{"@type":"ReadAction","target":["https:\/\/izglitiba.valmierasnovads.lv\/karliena\/2025\/10\/20\/izglitojosais-pasakums-tiras-rokas-tirs-ir-viss-prom-ir-mikrobs-aizbedzis\/"]}]},{"@type":"ImageObject","inLanguage":"lv-LV","@id":"https:\/\/izglitiba.valmierasnovads.lv\/karliena\/2025\/10\/20\/izglitojosais-pasakums-tiras-rokas-tirs-ir-viss-prom-ir-mikrobs-aizbedzis\/#primaryimage","url":"https:\/\/izglitiba.valmierasnovads.lv\/karliena\/wp-content\/uploads\/sites\/8\/2025\/10\/Noformejums-bez-nosaukuma-e1764693132732.png","contentUrl":"https:\/\/izglitiba.valmierasnovads.lv\/karliena\/wp-content\/uploads\/sites\/8\/2025\/10\/Noformejums-bez-nosaukuma-e1764693132732.png","width":2000,"height":1414},{"@type":"BreadcrumbList","@id":"https:\/\/izglitiba.valmierasnovads.lv\/karliena\/2025\/10\/20\/izglitojosais-pasakums-tiras-rokas-tirs-ir-viss-prom-ir-mikrobs-aizbedzis\/#breadcrumb","itemListElement":[{"@type":"ListItem","position":1,"name":"Home","item":"https:\/\/izglitiba.valmierasnovads.lv\/karliena\/"},{"@type":"ListItem","position":2,"name":"Izgl\u012btojo\u0161ais pas\u0101kums \u201cT\u012bras rokas, t\u012brs ir viss &#8211; prom ir mikrobs aizb\u0113dzis!"}]},{"@type":"WebSite","@id":"https:\/\/izglitiba.valmierasnovads.lv\/karliena\/#website","url":"https:\/\/izglitiba.valmierasnovads.lv\/karliena\/","name":"Valmieras pirmsskolas izgl\u012bt\u012bbas iest\u0101de \u201cK\u0101rliena\u201d","description":"","publisher":{"@id":"https:\/\/izglitiba.valmierasnovads.lv\/karliena\/#organization"},"potentialAction":[{"@type":"SearchAction","target":{"@type":"EntryPoint","urlTemplate":"https:\/\/izglitiba.valmierasnovads.lv\/karliena\/?s={search_term_string}"},"query-input":{"@type":"PropertyValueSpecification","valueRequired":true,"valueName":"search_term_string"}}],"inLanguage":"lv-LV"},{"@type":"Organization","@id":"https:\/\/izglitiba.valmierasnovads.lv\/karliena\/#organization","name":"Valmieras pirmsskolas izgl\u012bt\u012bbas iest\u0101de \u201cK\u0101rliena\u201d","url":"https:\/\/izglitiba.valmierasnovads.lv\/karliena\/","logo":{"@type":"ImageObject","inLanguage":"lv-LV","@id":"https:\/\/izglitiba.valmierasnovads.lv\/karliena\/#\/schema\/logo\/image\/","url":"https:\/\/izglitiba.valmierasnovads.lv\/karliena\/wp-content\/uploads\/sites\/8\/2025\/04\/cropped-karliena_logo-removebg-preview-1.png","contentUrl":"https:\/\/izglitiba.valmierasnovads.lv\/karliena\/wp-content\/uploads\/sites\/8\/2025\/04\/cropped-karliena_logo-removebg-preview-1.png","width":680,"height":339,"caption":"Valmieras pirmsskolas izgl\u012bt\u012bbas iest\u0101de \u201cK\u0101rliena\u201d"},"image":{"@id":"https:\/\/izglitiba.valmierasnovads.lv\/karliena\/#\/schema\/logo\/image\/"}},{"@type":"Person","@id":"https:\/\/izglitiba.valmierasnovads.lv\/karliena\/#\/schema\/person\/5a4dd824bc0b9f39219bc18d3ca784ad","name":"sigitatama","image":{"@type":"ImageObject","inLanguage":"lv-LV","@id":"https:\/\/izglitiba.valmierasnovads.lv\/karliena\/#\/schema\/person\/image\/","url":"https:\/\/secure.gravatar.com\/avatar\/edcda2febac8dc2871e72734b55dc0a1bb246f0350c7039df13fe9c79b3e6c18?s=96&d=mm&r=g","contentUrl":"https:\/\/secure.gravatar.com\/avatar\/edcda2febac8dc2871e72734b55dc0a1bb246f0350c7039df13fe9c79b3e6c18?s=96&d=mm&r=g","caption":"sigitatama"},"url":"https:\/\/izglitiba.valmierasnovads.lv\/karliena\/author\/sigitatama\/"}]}},"_links":{"self":[{"href":"https:\/\/izglitiba.valmierasnovads.lv\/karliena\/wp-json\/wp\/v2\/posts\/566","targetHints":{"allow":["GET"]}}],"collection":[{"href":"https:\/\/izglitiba.valmierasnovads.lv\/karliena\/wp-json\/wp\/v2\/posts"}],"about":[{"href":"https:\/\/izglitiba.valmierasnovads.lv\/karliena\/wp-json\/wp\/v2\/types\/post"}],"author":[{"embeddable":true,"href":"https:\/\/izglitiba.valmierasnovads.lv\/karliena\/wp-json\/wp\/v2\/users\/13"}],"replies":[{"embeddable":true,"href":"https:\/\/izglitiba.valmierasnovads.lv\/karliena\/wp-json\/wp\/v2\/comments?post=566"}],"version-history":[{"count":11,"href":"https:\/\/izglitiba.valmierasnovads.lv\/karliena\/wp-json\/wp\/v2\/posts\/566\/revisions"}],"predecessor-version":[{"id":1386,"href":"https:\/\/izglitiba.valmierasnovads.lv\/karliena\/wp-json\/wp\/v2\/posts\/566\/revisions\/1386"}],"wp:featuredmedia":[{"embeddable":true,"href":"https:\/\/izglitiba.valmierasnovads.lv\/karliena\/wp-json\/wp\/v2\/media\/938"}],"wp:attachment":[{"href":"https:\/\/izglitiba.valmierasnovads.lv\/karliena\/wp-json\/wp\/v2\/media?parent=566"}],"wp:term":[{"taxonomy":"category","embeddable":true,"href":"https:\/\/izglitiba.valmierasnovads.lv\/karliena\/wp-json\/wp\/v2\/categories?post=566"},{"taxonomy":"post_tag","embeddable":true,"href":"https:\/\/izglitiba.valmierasnovads.lv\/karliena\/wp-json\/wp\/v2\/tags?post=566"}],"curies":[{"name":"wp","href":"https:\/\/api.w.org\/{rel}","templated":true}]}}