{"id":598,"date":"2025-10-20T19:44:34","date_gmt":"2025-10-20T16:44:34","guid":{"rendered":"https:\/\/izglitiba.valmierasnovads.lv\/karliena\/?p=598"},"modified":"2026-02-26T20:14:57","modified_gmt":"2026-02-26T18:14:57","slug":"mikeldiena-karliena-2025","status":"publish","type":"post","link":"https:\/\/izglitiba.valmierasnovads.lv\/karliena\/2025\/10\/20\/mikeldiena-karliena-2025\/","title":{"rendered":"Rudens ra\u017eas sv\u0113tki"},"content":{"rendered":"\n<p class=\"has-medium-font-size\">2025. gada 29. septembr\u012b K\u0101rlienas saime bija sapulc\u0113jusies, lai svin\u0113tu rudens saulgrie\u017eus Mi\u0137e\u013cdienu ar jautr\u0101m dziesm\u0101m, rota\u013c\u0101m un, protams, ar aktivit\u0101t\u0113m da\u017e\u0101diem vecumposmiem. Mi\u0137e\u013cdienas sv\u0113tku nosl\u0113gum\u0101 visiem bija iesp\u0113ja izm\u0113\u0123in\u0101t savas prasmes k\u0101postu \u0113vel\u0113\u0161an\u0101. Neizpalika ar\u012b cien\u0101\u0161an\u0101s, jo kas gan tie par sv\u0113tkiem, bez v\u0113dera priekiem. Ja var tic\u0113t tic\u0113jumiem, tad n\u0101kamais gads b\u016bs \u013coti ra\u017e\u012bgs, jo m\u016bsu izst\u0101di bag\u0101tin\u0101ja ne tikai Mi\u0137e\u013cu t\u0113li un rado\u0161i darbi\u0146i, bet ar\u012b daudz atrasti jum\u012b\u0161i, kas liecina, ka saimniec\u012bbas n\u0101kamaj\u0101 gad\u0101 zels un plauks.<\/p>\n","protected":false},"excerpt":{"rendered":"<p>2025. gada 29. septembr\u012b K\u0101rlienas saime bija sapulc\u0113jusies, lai svin\u0113tu rudens saulgrie\u017eus Mi\u0137e\u013cdienu ar jautr\u0101m dziesm\u0101m, rota\u013c\u0101m un, protams, ar [&hellip;]<\/p>\n","protected":false},"author":13,"featured_media":924,"comment_status":"closed","ping_status":"closed","sticky":false,"template":"","format":"standard","meta":{"_acf_changed":false,"site-sidebar-layout":"default","site-content-layout":"","ast-site-content-layout":"default","site-content-style":"default","site-sidebar-style":"default","ast-global-header-display":"","ast-banner-title-visibility":"","ast-main-header-display":"","ast-hfb-above-header-display":"","ast-hfb-below-header-display":"","ast-hfb-mobile-header-display":"","site-post-title":"","ast-breadcrumbs-content":"","ast-featured-img":"","footer-sml-layout":"","ast-disable-related-posts":"","theme-transparent-header-meta":"","adv-header-id-meta":"","stick-header-meta":"","header-above-stick-meta":"","header-main-stick-meta":"","header-below-stick-meta":"","astra-migrate-meta-layouts":"default","ast-page-background-enabled":"default","ast-page-background-meta":{"desktop":{"background-color":"var(--ast-global-color-5)","background-image":"","background-repeat":"repeat","background-position":"center center","background-size":"auto","background-attachment":"scroll","background-type":"","background-media":"","overlay-type":"","overlay-color":"","overlay-opacity":"","overlay-gradient":""},"tablet":{"background-color":"","background-image":"","background-repeat":"repeat","background-position":"center center","background-size":"auto","background-attachment":"scroll","background-type":"","background-media":"","overlay-type":"","overlay-color":"","overlay-opacity":"","overlay-gradient":""},"mobile":{"background-color":"","background-image":"","background-repeat":"repeat","background-position":"center center","background-size":"auto","background-attachment":"scroll","background-type":"","background-media":"","overlay-type":"","overlay-color":"","overlay-opacity":"","overlay-gradient":""}},"ast-content-background-meta":{"desktop":{"background-color":"var(--ast-global-color-4)","background-image":"","background-repeat":"repeat","background-position":"center center","background-size":"auto","background-attachment":"scroll","background-type":"","background-media":"","overlay-type":"","overlay-color":"","overlay-opacity":"","overlay-gradient":""},"tablet":{"background-color":"var(--ast-global-color-4)","background-image":"","background-repeat":"repeat","background-position":"center center","background-size":"auto","background-attachment":"scroll","background-type":"","background-media":"","overlay-type":"","overlay-color":"","overlay-opacity":"","overlay-gradient":""},"mobile":{"background-color":"var(--ast-global-color-4)","background-image":"","background-repeat":"repeat","background-position":"center center","background-size":"auto","background-attachment":"scroll","background-type":"","background-media":"","overlay-type":"","overlay-color":"","overlay-opacity":"","overlay-gradient":""}},"footnotes":""},"categories":[6],"tags":[],"class_list":["post-598","post","type-post","status-publish","format-standard","has-post-thumbnail","hentry","category-pasakumi"],"acf":[],"yoast_head":"<!-- This site is optimized with the Yoast SEO plugin v27.0 - https:\/\/yoast.com\/product\/yoast-seo-wordpress\/ -->\n<title>Rudens ra\u017eas sv\u0113tki - Valmieras pirmsskolas izgl\u012bt\u012bbas iest\u0101de \u201cK\u0101rliena\u201d<\/title>\n<meta name=\"robots\" content=\"index, follow, max-snippet:-1, max-image-preview:large, max-video-preview:-1\" \/>\n<link rel=\"canonical\" href=\"https:\/\/izglitiba.valmierasnovads.lv\/karliena\/2025\/10\/20\/mikeldiena-karliena-2025\/\" \/>\n<meta property=\"og:locale\" content=\"lv_LV\" \/>\n<meta property=\"og:type\" content=\"article\" \/>\n<meta property=\"og:title\" content=\"Rudens ra\u017eas sv\u0113tki - Valmieras pirmsskolas izgl\u012bt\u012bbas iest\u0101de \u201cK\u0101rliena\u201d\" \/>\n<meta property=\"og:description\" content=\"2025. gada 29. septembr\u012b K\u0101rlienas saime bija sapulc\u0113jusies, lai svin\u0113tu rudens saulgrie\u017eus Mi\u0137e\u013cdienu ar jautr\u0101m dziesm\u0101m, rota\u013c\u0101m un, protams, ar [&hellip;]\" \/>\n<meta property=\"og:url\" content=\"https:\/\/izglitiba.valmierasnovads.lv\/karliena\/2025\/10\/20\/mikeldiena-karliena-2025\/\" \/>\n<meta property=\"og:site_name\" content=\"Valmieras pirmsskolas izgl\u012bt\u012bbas iest\u0101de \u201cK\u0101rliena\u201d\" \/>\n<meta property=\"article:published_time\" content=\"2025-10-20T16:44:34+00:00\" \/>\n<meta property=\"article:modified_time\" content=\"2026-02-26T18:14:57+00:00\" \/>\n<meta property=\"og:image\" content=\"https:\/\/izglitiba.valmierasnovads.lv\/karliena\/wp-content\/uploads\/sites\/8\/2025\/10\/2-e1764689953237.jpg\" \/>\n\t<meta property=\"og:image:width\" content=\"2000\" \/>\n\t<meta property=\"og:image:height\" content=\"1414\" \/>\n\t<meta property=\"og:image:type\" content=\"image\/jpeg\" \/>\n<meta name=\"author\" content=\"sigitatama\" \/>\n<meta name=\"twitter:card\" content=\"summary_large_image\" \/>\n<meta name=\"twitter:label1\" content=\"Written by\" \/>\n\t<meta name=\"twitter:data1\" content=\"sigitatama\" \/>\n\t<meta name=\"twitter:label2\" content=\"Est. reading time\" \/>\n\t<meta name=\"twitter:data2\" content=\"1 min\u016bte\" \/>\n<script type=\"application\/ld+json\" class=\"yoast-schema-graph\">{\"@context\":\"https:\/\/schema.org\",\"@graph\":[{\"@type\":\"Article\",\"@id\":\"https:\/\/izglitiba.valmierasnovads.lv\/karliena\/2025\/10\/20\/mikeldiena-karliena-2025\/#article\",\"isPartOf\":{\"@id\":\"https:\/\/izglitiba.valmierasnovads.lv\/karliena\/2025\/10\/20\/mikeldiena-karliena-2025\/\"},\"author\":{\"name\":\"sigitatama\",\"@id\":\"https:\/\/izglitiba.valmierasnovads.lv\/karliena\/#\/schema\/person\/5a4dd824bc0b9f39219bc18d3ca784ad\"},\"headline\":\"Rudens ra\u017eas sv\u0113tki\",\"datePublished\":\"2025-10-20T16:44:34+00:00\",\"dateModified\":\"2026-02-26T18:14:57+00:00\",\"mainEntityOfPage\":{\"@id\":\"https:\/\/izglitiba.valmierasnovads.lv\/karliena\/2025\/10\/20\/mikeldiena-karliena-2025\/\"},\"wordCount\":126,\"publisher\":{\"@id\":\"https:\/\/izglitiba.valmierasnovads.lv\/karliena\/#organization\"},\"image\":{\"@id\":\"https:\/\/izglitiba.valmierasnovads.lv\/karliena\/2025\/10\/20\/mikeldiena-karliena-2025\/#primaryimage\"},\"thumbnailUrl\":\"https:\/\/izglitiba.valmierasnovads.lv\/karliena\/wp-content\/uploads\/sites\/8\/2025\/10\/2-e1764689953237.jpg\",\"articleSection\":[\"Pas\u0101kumi\"],\"inLanguage\":\"lv-LV\"},{\"@type\":\"WebPage\",\"@id\":\"https:\/\/izglitiba.valmierasnovads.lv\/karliena\/2025\/10\/20\/mikeldiena-karliena-2025\/\",\"url\":\"https:\/\/izglitiba.valmierasnovads.lv\/karliena\/2025\/10\/20\/mikeldiena-karliena-2025\/\",\"name\":\"Rudens ra\u017eas sv\u0113tki - Valmieras pirmsskolas izgl\u012bt\u012bbas iest\u0101de \u201cK\u0101rliena\u201d\",\"isPartOf\":{\"@id\":\"https:\/\/izglitiba.valmierasnovads.lv\/karliena\/#website\"},\"primaryImageOfPage\":{\"@id\":\"https:\/\/izglitiba.valmierasnovads.lv\/karliena\/2025\/10\/20\/mikeldiena-karliena-2025\/#primaryimage\"},\"image\":{\"@id\":\"https:\/\/izglitiba.valmierasnovads.lv\/karliena\/2025\/10\/20\/mikeldiena-karliena-2025\/#primaryimage\"},\"thumbnailUrl\":\"https:\/\/izglitiba.valmierasnovads.lv\/karliena\/wp-content\/uploads\/sites\/8\/2025\/10\/2-e1764689953237.jpg\",\"datePublished\":\"2025-10-20T16:44:34+00:00\",\"dateModified\":\"2026-02-26T18:14:57+00:00\",\"breadcrumb\":{\"@id\":\"https:\/\/izglitiba.valmierasnovads.lv\/karliena\/2025\/10\/20\/mikeldiena-karliena-2025\/#breadcrumb\"},\"inLanguage\":\"lv-LV\",\"potentialAction\":[{\"@type\":\"ReadAction\",\"target\":[\"https:\/\/izglitiba.valmierasnovads.lv\/karliena\/2025\/10\/20\/mikeldiena-karliena-2025\/\"]}]},{\"@type\":\"ImageObject\",\"inLanguage\":\"lv-LV\",\"@id\":\"https:\/\/izglitiba.valmierasnovads.lv\/karliena\/2025\/10\/20\/mikeldiena-karliena-2025\/#primaryimage\",\"url\":\"https:\/\/izglitiba.valmierasnovads.lv\/karliena\/wp-content\/uploads\/sites\/8\/2025\/10\/2-e1764689953237.jpg\",\"contentUrl\":\"https:\/\/izglitiba.valmierasnovads.lv\/karliena\/wp-content\/uploads\/sites\/8\/2025\/10\/2-e1764689953237.jpg\",\"width\":2000,\"height\":1414},{\"@type\":\"BreadcrumbList\",\"@id\":\"https:\/\/izglitiba.valmierasnovads.lv\/karliena\/2025\/10\/20\/mikeldiena-karliena-2025\/#breadcrumb\",\"itemListElement\":[{\"@type\":\"ListItem\",\"position\":1,\"name\":\"Home\",\"item\":\"https:\/\/izglitiba.valmierasnovads.lv\/karliena\/\"},{\"@type\":\"ListItem\",\"position\":2,\"name\":\"Rudens ra\u017eas sv\u0113tki\"}]},{\"@type\":\"WebSite\",\"@id\":\"https:\/\/izglitiba.valmierasnovads.lv\/karliena\/#website\",\"url\":\"https:\/\/izglitiba.valmierasnovads.lv\/karliena\/\",\"name\":\"Valmieras pirmsskolas izgl\u012bt\u012bbas iest\u0101de \u201cK\u0101rliena\u201d\",\"description\":\"\",\"publisher\":{\"@id\":\"https:\/\/izglitiba.valmierasnovads.lv\/karliena\/#organization\"},\"potentialAction\":[{\"@type\":\"SearchAction\",\"target\":{\"@type\":\"EntryPoint\",\"urlTemplate\":\"https:\/\/izglitiba.valmierasnovads.lv\/karliena\/?s={search_term_string}\"},\"query-input\":{\"@type\":\"PropertyValueSpecification\",\"valueRequired\":true,\"valueName\":\"search_term_string\"}}],\"inLanguage\":\"lv-LV\"},{\"@type\":\"Organization\",\"@id\":\"https:\/\/izglitiba.valmierasnovads.lv\/karliena\/#organization\",\"name\":\"Valmieras pirmsskolas izgl\u012bt\u012bbas iest\u0101de \u201cK\u0101rliena\u201d\",\"url\":\"https:\/\/izglitiba.valmierasnovads.lv\/karliena\/\",\"logo\":{\"@type\":\"ImageObject\",\"inLanguage\":\"lv-LV\",\"@id\":\"https:\/\/izglitiba.valmierasnovads.lv\/karliena\/#\/schema\/logo\/image\/\",\"url\":\"https:\/\/izglitiba.valmierasnovads.lv\/karliena\/wp-content\/uploads\/sites\/8\/2025\/04\/cropped-karliena_logo-removebg-preview-1.png\",\"contentUrl\":\"https:\/\/izglitiba.valmierasnovads.lv\/karliena\/wp-content\/uploads\/sites\/8\/2025\/04\/cropped-karliena_logo-removebg-preview-1.png\",\"width\":680,\"height\":339,\"caption\":\"Valmieras pirmsskolas izgl\u012bt\u012bbas iest\u0101de \u201cK\u0101rliena\u201d\"},\"image\":{\"@id\":\"https:\/\/izglitiba.valmierasnovads.lv\/karliena\/#\/schema\/logo\/image\/\"}},{\"@type\":\"Person\",\"@id\":\"https:\/\/izglitiba.valmierasnovads.lv\/karliena\/#\/schema\/person\/5a4dd824bc0b9f39219bc18d3ca784ad\",\"name\":\"sigitatama\",\"image\":{\"@type\":\"ImageObject\",\"inLanguage\":\"lv-LV\",\"@id\":\"https:\/\/izglitiba.valmierasnovads.lv\/karliena\/#\/schema\/person\/image\/\",\"url\":\"https:\/\/secure.gravatar.com\/avatar\/edcda2febac8dc2871e72734b55dc0a1bb246f0350c7039df13fe9c79b3e6c18?s=96&d=mm&r=g\",\"contentUrl\":\"https:\/\/secure.gravatar.com\/avatar\/edcda2febac8dc2871e72734b55dc0a1bb246f0350c7039df13fe9c79b3e6c18?s=96&d=mm&r=g\",\"caption\":\"sigitatama\"},\"url\":\"https:\/\/izglitiba.valmierasnovads.lv\/karliena\/author\/sigitatama\/\"}]}<\/script>\n<!-- \/ Yoast SEO plugin. -->","yoast_head_json":{"title":"Rudens ra\u017eas sv\u0113tki - Valmieras pirmsskolas izgl\u012bt\u012bbas iest\u0101de \u201cK\u0101rliena\u201d","robots":{"index":"index","follow":"follow","max-snippet":"max-snippet:-1","max-image-preview":"max-image-preview:large","max-video-preview":"max-video-preview:-1"},"canonical":"https:\/\/izglitiba.valmierasnovads.lv\/karliena\/2025\/10\/20\/mikeldiena-karliena-2025\/","og_locale":"lv_LV","og_type":"article","og_title":"Rudens ra\u017eas sv\u0113tki - Valmieras pirmsskolas izgl\u012bt\u012bbas iest\u0101de \u201cK\u0101rliena\u201d","og_description":"2025. gada 29. septembr\u012b K\u0101rlienas saime bija sapulc\u0113jusies, lai svin\u0113tu rudens saulgrie\u017eus Mi\u0137e\u013cdienu ar jautr\u0101m dziesm\u0101m, rota\u013c\u0101m un, protams, ar [&hellip;]","og_url":"https:\/\/izglitiba.valmierasnovads.lv\/karliena\/2025\/10\/20\/mikeldiena-karliena-2025\/","og_site_name":"Valmieras pirmsskolas izgl\u012bt\u012bbas iest\u0101de \u201cK\u0101rliena\u201d","article_published_time":"2025-10-20T16:44:34+00:00","article_modified_time":"2026-02-26T18:14:57+00:00","og_image":[{"width":2000,"height":1414,"url":"https:\/\/izglitiba.valmierasnovads.lv\/karliena\/wp-content\/uploads\/sites\/8\/2025\/10\/2-e1764689953237.jpg","type":"image\/jpeg"}],"author":"sigitatama","twitter_card":"summary_large_image","twitter_misc":{"Written by":"sigitatama","Est. reading time":"1 min\u016bte"},"schema":{"@context":"https:\/\/schema.org","@graph":[{"@type":"Article","@id":"https:\/\/izglitiba.valmierasnovads.lv\/karliena\/2025\/10\/20\/mikeldiena-karliena-2025\/#article","isPartOf":{"@id":"https:\/\/izglitiba.valmierasnovads.lv\/karliena\/2025\/10\/20\/mikeldiena-karliena-2025\/"},"author":{"name":"sigitatama","@id":"https:\/\/izglitiba.valmierasnovads.lv\/karliena\/#\/schema\/person\/5a4dd824bc0b9f39219bc18d3ca784ad"},"headline":"Rudens ra\u017eas sv\u0113tki","datePublished":"2025-10-20T16:44:34+00:00","dateModified":"2026-02-26T18:14:57+00:00","mainEntityOfPage":{"@id":"https:\/\/izglitiba.valmierasnovads.lv\/karliena\/2025\/10\/20\/mikeldiena-karliena-2025\/"},"wordCount":126,"publisher":{"@id":"https:\/\/izglitiba.valmierasnovads.lv\/karliena\/#organization"},"image":{"@id":"https:\/\/izglitiba.valmierasnovads.lv\/karliena\/2025\/10\/20\/mikeldiena-karliena-2025\/#primaryimage"},"thumbnailUrl":"https:\/\/izglitiba.valmierasnovads.lv\/karliena\/wp-content\/uploads\/sites\/8\/2025\/10\/2-e1764689953237.jpg","articleSection":["Pas\u0101kumi"],"inLanguage":"lv-LV"},{"@type":"WebPage","@id":"https:\/\/izglitiba.valmierasnovads.lv\/karliena\/2025\/10\/20\/mikeldiena-karliena-2025\/","url":"https:\/\/izglitiba.valmierasnovads.lv\/karliena\/2025\/10\/20\/mikeldiena-karliena-2025\/","name":"Rudens ra\u017eas sv\u0113tki - Valmieras pirmsskolas izgl\u012bt\u012bbas iest\u0101de \u201cK\u0101rliena\u201d","isPartOf":{"@id":"https:\/\/izglitiba.valmierasnovads.lv\/karliena\/#website"},"primaryImageOfPage":{"@id":"https:\/\/izglitiba.valmierasnovads.lv\/karliena\/2025\/10\/20\/mikeldiena-karliena-2025\/#primaryimage"},"image":{"@id":"https:\/\/izglitiba.valmierasnovads.lv\/karliena\/2025\/10\/20\/mikeldiena-karliena-2025\/#primaryimage"},"thumbnailUrl":"https:\/\/izglitiba.valmierasnovads.lv\/karliena\/wp-content\/uploads\/sites\/8\/2025\/10\/2-e1764689953237.jpg","datePublished":"2025-10-20T16:44:34+00:00","dateModified":"2026-02-26T18:14:57+00:00","breadcrumb":{"@id":"https:\/\/izglitiba.valmierasnovads.lv\/karliena\/2025\/10\/20\/mikeldiena-karliena-2025\/#breadcrumb"},"inLanguage":"lv-LV","potentialAction":[{"@type":"ReadAction","target":["https:\/\/izglitiba.valmierasnovads.lv\/karliena\/2025\/10\/20\/mikeldiena-karliena-2025\/"]}]},{"@type":"ImageObject","inLanguage":"lv-LV","@id":"https:\/\/izglitiba.valmierasnovads.lv\/karliena\/2025\/10\/20\/mikeldiena-karliena-2025\/#primaryimage","url":"https:\/\/izglitiba.valmierasnovads.lv\/karliena\/wp-content\/uploads\/sites\/8\/2025\/10\/2-e1764689953237.jpg","contentUrl":"https:\/\/izglitiba.valmierasnovads.lv\/karliena\/wp-content\/uploads\/sites\/8\/2025\/10\/2-e1764689953237.jpg","width":2000,"height":1414},{"@type":"BreadcrumbList","@id":"https:\/\/izglitiba.valmierasnovads.lv\/karliena\/2025\/10\/20\/mikeldiena-karliena-2025\/#breadcrumb","itemListElement":[{"@type":"ListItem","position":1,"name":"Home","item":"https:\/\/izglitiba.valmierasnovads.lv\/karliena\/"},{"@type":"ListItem","position":2,"name":"Rudens ra\u017eas sv\u0113tki"}]},{"@type":"WebSite","@id":"https:\/\/izglitiba.valmierasnovads.lv\/karliena\/#website","url":"https:\/\/izglitiba.valmierasnovads.lv\/karliena\/","name":"Valmieras pirmsskolas izgl\u012bt\u012bbas iest\u0101de \u201cK\u0101rliena\u201d","description":"","publisher":{"@id":"https:\/\/izglitiba.valmierasnovads.lv\/karliena\/#organization"},"potentialAction":[{"@type":"SearchAction","target":{"@type":"EntryPoint","urlTemplate":"https:\/\/izglitiba.valmierasnovads.lv\/karliena\/?s={search_term_string}"},"query-input":{"@type":"PropertyValueSpecification","valueRequired":true,"valueName":"search_term_string"}}],"inLanguage":"lv-LV"},{"@type":"Organization","@id":"https:\/\/izglitiba.valmierasnovads.lv\/karliena\/#organization","name":"Valmieras pirmsskolas izgl\u012bt\u012bbas iest\u0101de \u201cK\u0101rliena\u201d","url":"https:\/\/izglitiba.valmierasnovads.lv\/karliena\/","logo":{"@type":"ImageObject","inLanguage":"lv-LV","@id":"https:\/\/izglitiba.valmierasnovads.lv\/karliena\/#\/schema\/logo\/image\/","url":"https:\/\/izglitiba.valmierasnovads.lv\/karliena\/wp-content\/uploads\/sites\/8\/2025\/04\/cropped-karliena_logo-removebg-preview-1.png","contentUrl":"https:\/\/izglitiba.valmierasnovads.lv\/karliena\/wp-content\/uploads\/sites\/8\/2025\/04\/cropped-karliena_logo-removebg-preview-1.png","width":680,"height":339,"caption":"Valmieras pirmsskolas izgl\u012bt\u012bbas iest\u0101de \u201cK\u0101rliena\u201d"},"image":{"@id":"https:\/\/izglitiba.valmierasnovads.lv\/karliena\/#\/schema\/logo\/image\/"}},{"@type":"Person","@id":"https:\/\/izglitiba.valmierasnovads.lv\/karliena\/#\/schema\/person\/5a4dd824bc0b9f39219bc18d3ca784ad","name":"sigitatama","image":{"@type":"ImageObject","inLanguage":"lv-LV","@id":"https:\/\/izglitiba.valmierasnovads.lv\/karliena\/#\/schema\/person\/image\/","url":"https:\/\/secure.gravatar.com\/avatar\/edcda2febac8dc2871e72734b55dc0a1bb246f0350c7039df13fe9c79b3e6c18?s=96&d=mm&r=g","contentUrl":"https:\/\/secure.gravatar.com\/avatar\/edcda2febac8dc2871e72734b55dc0a1bb246f0350c7039df13fe9c79b3e6c18?s=96&d=mm&r=g","caption":"sigitatama"},"url":"https:\/\/izglitiba.valmierasnovads.lv\/karliena\/author\/sigitatama\/"}]}},"_links":{"self":[{"href":"https:\/\/izglitiba.valmierasnovads.lv\/karliena\/wp-json\/wp\/v2\/posts\/598","targetHints":{"allow":["GET"]}}],"collection":[{"href":"https:\/\/izglitiba.valmierasnovads.lv\/karliena\/wp-json\/wp\/v2\/posts"}],"about":[{"href":"https:\/\/izglitiba.valmierasnovads.lv\/karliena\/wp-json\/wp\/v2\/types\/post"}],"author":[{"embeddable":true,"href":"https:\/\/izglitiba.valmierasnovads.lv\/karliena\/wp-json\/wp\/v2\/users\/13"}],"replies":[{"embeddable":true,"href":"https:\/\/izglitiba.valmierasnovads.lv\/karliena\/wp-json\/wp\/v2\/comments?post=598"}],"version-history":[{"count":11,"href":"https:\/\/izglitiba.valmierasnovads.lv\/karliena\/wp-json\/wp\/v2\/posts\/598\/revisions"}],"predecessor-version":[{"id":1389,"href":"https:\/\/izglitiba.valmierasnovads.lv\/karliena\/wp-json\/wp\/v2\/posts\/598\/revisions\/1389"}],"wp:featuredmedia":[{"embeddable":true,"href":"https:\/\/izglitiba.valmierasnovads.lv\/karliena\/wp-json\/wp\/v2\/media\/924"}],"wp:attachment":[{"href":"https:\/\/izglitiba.valmierasnovads.lv\/karliena\/wp-json\/wp\/v2\/media?parent=598"}],"wp:term":[{"taxonomy":"category","embeddable":true,"href":"https:\/\/izglitiba.valmierasnovads.lv\/karliena\/wp-json\/wp\/v2\/categories?post=598"},{"taxonomy":"post_tag","embeddable":true,"href":"https:\/\/izglitiba.valmierasnovads.lv\/karliena\/wp-json\/wp\/v2\/tags?post=598"}],"curies":[{"name":"wp","href":"https:\/\/api.w.org\/{rel}","templated":true}]}}