{"id":604,"date":"2025-10-20T20:12:46","date_gmt":"2025-10-20T17:12:46","guid":{"rendered":"https:\/\/izglitiba.valmierasnovads.lv\/karliena\/?p=604"},"modified":"2026-02-26T20:17:06","modified_gmt":"2026-02-26T18:17:06","slug":"putras-dienas-svinibas","status":"publish","type":"post","link":"https:\/\/izglitiba.valmierasnovads.lv\/karliena\/2025\/10\/20\/putras-dienas-svinibas\/","title":{"rendered":"Putras sv\u0113tku ned\u0113\u013ca"},"content":{"rendered":"\n<p class=\"has-medium-font-size\">No 2025. gada 13. l\u012bdz 15. oktobrim b\u0113rni piedal\u012bj\u0101s putru degust\u0101cij\u0101, lai noskaidrotu gard\u0101ko putru.\u00a0Brokast\u012bs tika gatavota mannas biezputra, auzu p\u0101rslu biezputra un kukur\u016bzas biezputra. P\u0113c gar\u0161u balsojuma rezult\u0101tu apkopo\u0161anas gard\u0101k\u0101s putras titulu ieguva mannas putra. Grupi\u0146\u0101s b\u0113rni uzzin\u0101ja, k\u0101 no izaudz\u0113tiem graudiem top garda putra, m\u0101c\u012bj\u0101s tautasdziesmas un dzejo\u013cus, min\u0113ja m\u012bklas, k\u0101 ar\u012b veidoja rado\u0161os darbus par putras t\u0113mu.<\/p>\n\n\n\n<p class=\"has-medium-font-size\">P\u0113c labi padar\u012bta darba b\u0113rnus gaid\u012bja&nbsp;pel\u00adn\u012bta atp\u016bta un prieks sporta z\u0101l\u0113&nbsp;&#8211; tur vi\u0146i var\u0113ja&nbsp;iet pa bask\u0101ju taku,&nbsp;att\u012bst\u012bt l\u012bdzsvaru un saj\u016btas, k\u0101 ar\u012b&nbsp;izkust\u0113ties kop\u0101 ar draugiem.<\/p>\n","protected":false},"excerpt":{"rendered":"<p>No 2025. gada 13. l\u012bdz 15. oktobrim b\u0113rni piedal\u012bj\u0101s putru degust\u0101cij\u0101, lai noskaidrotu gard\u0101ko putru.\u00a0Brokast\u012bs tika gatavota mannas biezputra, auzu [&hellip;]<\/p>\n","protected":false},"author":13,"featured_media":925,"comment_status":"closed","ping_status":"closed","sticky":false,"template":"","format":"standard","meta":{"_acf_changed":false,"site-sidebar-layout":"default","site-content-layout":"","ast-site-content-layout":"default","site-content-style":"default","site-sidebar-style":"default","ast-global-header-display":"","ast-banner-title-visibility":"","ast-main-header-display":"","ast-hfb-above-header-display":"","ast-hfb-below-header-display":"","ast-hfb-mobile-header-display":"","site-post-title":"","ast-breadcrumbs-content":"","ast-featured-img":"","footer-sml-layout":"","ast-disable-related-posts":"","theme-transparent-header-meta":"","adv-header-id-meta":"","stick-header-meta":"","header-above-stick-meta":"","header-main-stick-meta":"","header-below-stick-meta":"","astra-migrate-meta-layouts":"default","ast-page-background-enabled":"default","ast-page-background-meta":{"desktop":{"background-color":"var(--ast-global-color-5)","background-image":"","background-repeat":"repeat","background-position":"center center","background-size":"auto","background-attachment":"scroll","background-type":"","background-media":"","overlay-type":"","overlay-color":"","overlay-opacity":"","overlay-gradient":""},"tablet":{"background-color":"","background-image":"","background-repeat":"repeat","background-position":"center center","background-size":"auto","background-attachment":"scroll","background-type":"","background-media":"","overlay-type":"","overlay-color":"","overlay-opacity":"","overlay-gradient":""},"mobile":{"background-color":"","background-image":"","background-repeat":"repeat","background-position":"center center","background-size":"auto","background-attachment":"scroll","background-type":"","background-media":"","overlay-type":"","overlay-color":"","overlay-opacity":"","overlay-gradient":""}},"ast-content-background-meta":{"desktop":{"background-color":"var(--ast-global-color-4)","background-image":"","background-repeat":"repeat","background-position":"center center","background-size":"auto","background-attachment":"scroll","background-type":"","background-media":"","overlay-type":"","overlay-color":"","overlay-opacity":"","overlay-gradient":""},"tablet":{"background-color":"var(--ast-global-color-4)","background-image":"","background-repeat":"repeat","background-position":"center center","background-size":"auto","background-attachment":"scroll","background-type":"","background-media":"","overlay-type":"","overlay-color":"","overlay-opacity":"","overlay-gradient":""},"mobile":{"background-color":"var(--ast-global-color-4)","background-image":"","background-repeat":"repeat","background-position":"center center","background-size":"auto","background-attachment":"scroll","background-type":"","background-media":"","overlay-type":"","overlay-color":"","overlay-opacity":"","overlay-gradient":""}},"footnotes":""},"categories":[6],"tags":[],"class_list":["post-604","post","type-post","status-publish","format-standard","has-post-thumbnail","hentry","category-pasakumi"],"acf":[],"yoast_head":"<!-- This site is optimized with the Yoast SEO plugin v27.0 - https:\/\/yoast.com\/product\/yoast-seo-wordpress\/ -->\n<title>Putras sv\u0113tku ned\u0113\u013ca - Valmieras pirmsskolas izgl\u012bt\u012bbas iest\u0101de \u201cK\u0101rliena\u201d<\/title>\n<meta name=\"robots\" content=\"index, follow, max-snippet:-1, max-image-preview:large, max-video-preview:-1\" \/>\n<link rel=\"canonical\" href=\"https:\/\/izglitiba.valmierasnovads.lv\/karliena\/2025\/10\/20\/putras-dienas-svinibas\/\" \/>\n<meta property=\"og:locale\" content=\"lv_LV\" \/>\n<meta property=\"og:type\" content=\"article\" \/>\n<meta property=\"og:title\" content=\"Putras sv\u0113tku ned\u0113\u013ca - Valmieras pirmsskolas izgl\u012bt\u012bbas iest\u0101de \u201cK\u0101rliena\u201d\" \/>\n<meta property=\"og:description\" content=\"No 2025. gada 13. l\u012bdz 15. oktobrim b\u0113rni piedal\u012bj\u0101s putru degust\u0101cij\u0101, lai noskaidrotu gard\u0101ko putru.\u00a0Brokast\u012bs tika gatavota mannas biezputra, auzu [&hellip;]\" \/>\n<meta property=\"og:url\" content=\"https:\/\/izglitiba.valmierasnovads.lv\/karliena\/2025\/10\/20\/putras-dienas-svinibas\/\" \/>\n<meta property=\"og:site_name\" content=\"Valmieras pirmsskolas izgl\u012bt\u012bbas iest\u0101de \u201cK\u0101rliena\u201d\" \/>\n<meta property=\"article:published_time\" content=\"2025-10-20T17:12:46+00:00\" \/>\n<meta property=\"article:modified_time\" content=\"2026-02-26T18:17:06+00:00\" \/>\n<meta property=\"og:image\" content=\"https:\/\/izglitiba.valmierasnovads.lv\/karliena\/wp-content\/uploads\/sites\/8\/2025\/10\/4-e1764690019462.jpg\" \/>\n\t<meta property=\"og:image:width\" content=\"2000\" \/>\n\t<meta property=\"og:image:height\" content=\"1414\" \/>\n\t<meta property=\"og:image:type\" content=\"image\/jpeg\" \/>\n<meta name=\"author\" content=\"sigitatama\" \/>\n<meta name=\"twitter:card\" content=\"summary_large_image\" \/>\n<meta name=\"twitter:label1\" content=\"Written by\" \/>\n\t<meta name=\"twitter:data1\" content=\"sigitatama\" \/>\n\t<meta name=\"twitter:label2\" content=\"Est. reading time\" \/>\n\t<meta name=\"twitter:data2\" content=\"1 min\u016bte\" \/>\n<script type=\"application\/ld+json\" class=\"yoast-schema-graph\">{\"@context\":\"https:\/\/schema.org\",\"@graph\":[{\"@type\":\"Article\",\"@id\":\"https:\/\/izglitiba.valmierasnovads.lv\/karliena\/2025\/10\/20\/putras-dienas-svinibas\/#article\",\"isPartOf\":{\"@id\":\"https:\/\/izglitiba.valmierasnovads.lv\/karliena\/2025\/10\/20\/putras-dienas-svinibas\/\"},\"author\":{\"name\":\"sigitatama\",\"@id\":\"https:\/\/izglitiba.valmierasnovads.lv\/karliena\/#\/schema\/person\/5a4dd824bc0b9f39219bc18d3ca784ad\"},\"headline\":\"Putras sv\u0113tku ned\u0113\u013ca\",\"datePublished\":\"2025-10-20T17:12:46+00:00\",\"dateModified\":\"2026-02-26T18:17:06+00:00\",\"mainEntityOfPage\":{\"@id\":\"https:\/\/izglitiba.valmierasnovads.lv\/karliena\/2025\/10\/20\/putras-dienas-svinibas\/\"},\"wordCount\":141,\"publisher\":{\"@id\":\"https:\/\/izglitiba.valmierasnovads.lv\/karliena\/#organization\"},\"image\":{\"@id\":\"https:\/\/izglitiba.valmierasnovads.lv\/karliena\/2025\/10\/20\/putras-dienas-svinibas\/#primaryimage\"},\"thumbnailUrl\":\"https:\/\/izglitiba.valmierasnovads.lv\/karliena\/wp-content\/uploads\/sites\/8\/2025\/10\/4-e1764690019462.jpg\",\"articleSection\":[\"Pas\u0101kumi\"],\"inLanguage\":\"lv-LV\"},{\"@type\":\"WebPage\",\"@id\":\"https:\/\/izglitiba.valmierasnovads.lv\/karliena\/2025\/10\/20\/putras-dienas-svinibas\/\",\"url\":\"https:\/\/izglitiba.valmierasnovads.lv\/karliena\/2025\/10\/20\/putras-dienas-svinibas\/\",\"name\":\"Putras sv\u0113tku ned\u0113\u013ca - Valmieras pirmsskolas izgl\u012bt\u012bbas iest\u0101de \u201cK\u0101rliena\u201d\",\"isPartOf\":{\"@id\":\"https:\/\/izglitiba.valmierasnovads.lv\/karliena\/#website\"},\"primaryImageOfPage\":{\"@id\":\"https:\/\/izglitiba.valmierasnovads.lv\/karliena\/2025\/10\/20\/putras-dienas-svinibas\/#primaryimage\"},\"image\":{\"@id\":\"https:\/\/izglitiba.valmierasnovads.lv\/karliena\/2025\/10\/20\/putras-dienas-svinibas\/#primaryimage\"},\"thumbnailUrl\":\"https:\/\/izglitiba.valmierasnovads.lv\/karliena\/wp-content\/uploads\/sites\/8\/2025\/10\/4-e1764690019462.jpg\",\"datePublished\":\"2025-10-20T17:12:46+00:00\",\"dateModified\":\"2026-02-26T18:17:06+00:00\",\"breadcrumb\":{\"@id\":\"https:\/\/izglitiba.valmierasnovads.lv\/karliena\/2025\/10\/20\/putras-dienas-svinibas\/#breadcrumb\"},\"inLanguage\":\"lv-LV\",\"potentialAction\":[{\"@type\":\"ReadAction\",\"target\":[\"https:\/\/izglitiba.valmierasnovads.lv\/karliena\/2025\/10\/20\/putras-dienas-svinibas\/\"]}]},{\"@type\":\"ImageObject\",\"inLanguage\":\"lv-LV\",\"@id\":\"https:\/\/izglitiba.valmierasnovads.lv\/karliena\/2025\/10\/20\/putras-dienas-svinibas\/#primaryimage\",\"url\":\"https:\/\/izglitiba.valmierasnovads.lv\/karliena\/wp-content\/uploads\/sites\/8\/2025\/10\/4-e1764690019462.jpg\",\"contentUrl\":\"https:\/\/izglitiba.valmierasnovads.lv\/karliena\/wp-content\/uploads\/sites\/8\/2025\/10\/4-e1764690019462.jpg\",\"width\":2000,\"height\":1414},{\"@type\":\"BreadcrumbList\",\"@id\":\"https:\/\/izglitiba.valmierasnovads.lv\/karliena\/2025\/10\/20\/putras-dienas-svinibas\/#breadcrumb\",\"itemListElement\":[{\"@type\":\"ListItem\",\"position\":1,\"name\":\"Home\",\"item\":\"https:\/\/izglitiba.valmierasnovads.lv\/karliena\/\"},{\"@type\":\"ListItem\",\"position\":2,\"name\":\"Putras sv\u0113tku ned\u0113\u013ca\"}]},{\"@type\":\"WebSite\",\"@id\":\"https:\/\/izglitiba.valmierasnovads.lv\/karliena\/#website\",\"url\":\"https:\/\/izglitiba.valmierasnovads.lv\/karliena\/\",\"name\":\"Valmieras pirmsskolas izgl\u012bt\u012bbas iest\u0101de \u201cK\u0101rliena\u201d\",\"description\":\"\",\"publisher\":{\"@id\":\"https:\/\/izglitiba.valmierasnovads.lv\/karliena\/#organization\"},\"potentialAction\":[{\"@type\":\"SearchAction\",\"target\":{\"@type\":\"EntryPoint\",\"urlTemplate\":\"https:\/\/izglitiba.valmierasnovads.lv\/karliena\/?s={search_term_string}\"},\"query-input\":{\"@type\":\"PropertyValueSpecification\",\"valueRequired\":true,\"valueName\":\"search_term_string\"}}],\"inLanguage\":\"lv-LV\"},{\"@type\":\"Organization\",\"@id\":\"https:\/\/izglitiba.valmierasnovads.lv\/karliena\/#organization\",\"name\":\"Valmieras pirmsskolas izgl\u012bt\u012bbas iest\u0101de \u201cK\u0101rliena\u201d\",\"url\":\"https:\/\/izglitiba.valmierasnovads.lv\/karliena\/\",\"logo\":{\"@type\":\"ImageObject\",\"inLanguage\":\"lv-LV\",\"@id\":\"https:\/\/izglitiba.valmierasnovads.lv\/karliena\/#\/schema\/logo\/image\/\",\"url\":\"https:\/\/izglitiba.valmierasnovads.lv\/karliena\/wp-content\/uploads\/sites\/8\/2025\/04\/cropped-karliena_logo-removebg-preview-1.png\",\"contentUrl\":\"https:\/\/izglitiba.valmierasnovads.lv\/karliena\/wp-content\/uploads\/sites\/8\/2025\/04\/cropped-karliena_logo-removebg-preview-1.png\",\"width\":680,\"height\":339,\"caption\":\"Valmieras pirmsskolas izgl\u012bt\u012bbas iest\u0101de \u201cK\u0101rliena\u201d\"},\"image\":{\"@id\":\"https:\/\/izglitiba.valmierasnovads.lv\/karliena\/#\/schema\/logo\/image\/\"}},{\"@type\":\"Person\",\"@id\":\"https:\/\/izglitiba.valmierasnovads.lv\/karliena\/#\/schema\/person\/5a4dd824bc0b9f39219bc18d3ca784ad\",\"name\":\"sigitatama\",\"image\":{\"@type\":\"ImageObject\",\"inLanguage\":\"lv-LV\",\"@id\":\"https:\/\/izglitiba.valmierasnovads.lv\/karliena\/#\/schema\/person\/image\/\",\"url\":\"https:\/\/secure.gravatar.com\/avatar\/edcda2febac8dc2871e72734b55dc0a1bb246f0350c7039df13fe9c79b3e6c18?s=96&d=mm&r=g\",\"contentUrl\":\"https:\/\/secure.gravatar.com\/avatar\/edcda2febac8dc2871e72734b55dc0a1bb246f0350c7039df13fe9c79b3e6c18?s=96&d=mm&r=g\",\"caption\":\"sigitatama\"},\"url\":\"https:\/\/izglitiba.valmierasnovads.lv\/karliena\/author\/sigitatama\/\"}]}<\/script>\n<!-- \/ Yoast SEO plugin. -->","yoast_head_json":{"title":"Putras sv\u0113tku ned\u0113\u013ca - Valmieras pirmsskolas izgl\u012bt\u012bbas iest\u0101de \u201cK\u0101rliena\u201d","robots":{"index":"index","follow":"follow","max-snippet":"max-snippet:-1","max-image-preview":"max-image-preview:large","max-video-preview":"max-video-preview:-1"},"canonical":"https:\/\/izglitiba.valmierasnovads.lv\/karliena\/2025\/10\/20\/putras-dienas-svinibas\/","og_locale":"lv_LV","og_type":"article","og_title":"Putras sv\u0113tku ned\u0113\u013ca - Valmieras pirmsskolas izgl\u012bt\u012bbas iest\u0101de \u201cK\u0101rliena\u201d","og_description":"No 2025. gada 13. l\u012bdz 15. oktobrim b\u0113rni piedal\u012bj\u0101s putru degust\u0101cij\u0101, lai noskaidrotu gard\u0101ko putru.\u00a0Brokast\u012bs tika gatavota mannas biezputra, auzu [&hellip;]","og_url":"https:\/\/izglitiba.valmierasnovads.lv\/karliena\/2025\/10\/20\/putras-dienas-svinibas\/","og_site_name":"Valmieras pirmsskolas izgl\u012bt\u012bbas iest\u0101de \u201cK\u0101rliena\u201d","article_published_time":"2025-10-20T17:12:46+00:00","article_modified_time":"2026-02-26T18:17:06+00:00","og_image":[{"width":2000,"height":1414,"url":"https:\/\/izglitiba.valmierasnovads.lv\/karliena\/wp-content\/uploads\/sites\/8\/2025\/10\/4-e1764690019462.jpg","type":"image\/jpeg"}],"author":"sigitatama","twitter_card":"summary_large_image","twitter_misc":{"Written by":"sigitatama","Est. reading time":"1 min\u016bte"},"schema":{"@context":"https:\/\/schema.org","@graph":[{"@type":"Article","@id":"https:\/\/izglitiba.valmierasnovads.lv\/karliena\/2025\/10\/20\/putras-dienas-svinibas\/#article","isPartOf":{"@id":"https:\/\/izglitiba.valmierasnovads.lv\/karliena\/2025\/10\/20\/putras-dienas-svinibas\/"},"author":{"name":"sigitatama","@id":"https:\/\/izglitiba.valmierasnovads.lv\/karliena\/#\/schema\/person\/5a4dd824bc0b9f39219bc18d3ca784ad"},"headline":"Putras sv\u0113tku ned\u0113\u013ca","datePublished":"2025-10-20T17:12:46+00:00","dateModified":"2026-02-26T18:17:06+00:00","mainEntityOfPage":{"@id":"https:\/\/izglitiba.valmierasnovads.lv\/karliena\/2025\/10\/20\/putras-dienas-svinibas\/"},"wordCount":141,"publisher":{"@id":"https:\/\/izglitiba.valmierasnovads.lv\/karliena\/#organization"},"image":{"@id":"https:\/\/izglitiba.valmierasnovads.lv\/karliena\/2025\/10\/20\/putras-dienas-svinibas\/#primaryimage"},"thumbnailUrl":"https:\/\/izglitiba.valmierasnovads.lv\/karliena\/wp-content\/uploads\/sites\/8\/2025\/10\/4-e1764690019462.jpg","articleSection":["Pas\u0101kumi"],"inLanguage":"lv-LV"},{"@type":"WebPage","@id":"https:\/\/izglitiba.valmierasnovads.lv\/karliena\/2025\/10\/20\/putras-dienas-svinibas\/","url":"https:\/\/izglitiba.valmierasnovads.lv\/karliena\/2025\/10\/20\/putras-dienas-svinibas\/","name":"Putras sv\u0113tku ned\u0113\u013ca - Valmieras pirmsskolas izgl\u012bt\u012bbas iest\u0101de \u201cK\u0101rliena\u201d","isPartOf":{"@id":"https:\/\/izglitiba.valmierasnovads.lv\/karliena\/#website"},"primaryImageOfPage":{"@id":"https:\/\/izglitiba.valmierasnovads.lv\/karliena\/2025\/10\/20\/putras-dienas-svinibas\/#primaryimage"},"image":{"@id":"https:\/\/izglitiba.valmierasnovads.lv\/karliena\/2025\/10\/20\/putras-dienas-svinibas\/#primaryimage"},"thumbnailUrl":"https:\/\/izglitiba.valmierasnovads.lv\/karliena\/wp-content\/uploads\/sites\/8\/2025\/10\/4-e1764690019462.jpg","datePublished":"2025-10-20T17:12:46+00:00","dateModified":"2026-02-26T18:17:06+00:00","breadcrumb":{"@id":"https:\/\/izglitiba.valmierasnovads.lv\/karliena\/2025\/10\/20\/putras-dienas-svinibas\/#breadcrumb"},"inLanguage":"lv-LV","potentialAction":[{"@type":"ReadAction","target":["https:\/\/izglitiba.valmierasnovads.lv\/karliena\/2025\/10\/20\/putras-dienas-svinibas\/"]}]},{"@type":"ImageObject","inLanguage":"lv-LV","@id":"https:\/\/izglitiba.valmierasnovads.lv\/karliena\/2025\/10\/20\/putras-dienas-svinibas\/#primaryimage","url":"https:\/\/izglitiba.valmierasnovads.lv\/karliena\/wp-content\/uploads\/sites\/8\/2025\/10\/4-e1764690019462.jpg","contentUrl":"https:\/\/izglitiba.valmierasnovads.lv\/karliena\/wp-content\/uploads\/sites\/8\/2025\/10\/4-e1764690019462.jpg","width":2000,"height":1414},{"@type":"BreadcrumbList","@id":"https:\/\/izglitiba.valmierasnovads.lv\/karliena\/2025\/10\/20\/putras-dienas-svinibas\/#breadcrumb","itemListElement":[{"@type":"ListItem","position":1,"name":"Home","item":"https:\/\/izglitiba.valmierasnovads.lv\/karliena\/"},{"@type":"ListItem","position":2,"name":"Putras sv\u0113tku ned\u0113\u013ca"}]},{"@type":"WebSite","@id":"https:\/\/izglitiba.valmierasnovads.lv\/karliena\/#website","url":"https:\/\/izglitiba.valmierasnovads.lv\/karliena\/","name":"Valmieras pirmsskolas izgl\u012bt\u012bbas iest\u0101de \u201cK\u0101rliena\u201d","description":"","publisher":{"@id":"https:\/\/izglitiba.valmierasnovads.lv\/karliena\/#organization"},"potentialAction":[{"@type":"SearchAction","target":{"@type":"EntryPoint","urlTemplate":"https:\/\/izglitiba.valmierasnovads.lv\/karliena\/?s={search_term_string}"},"query-input":{"@type":"PropertyValueSpecification","valueRequired":true,"valueName":"search_term_string"}}],"inLanguage":"lv-LV"},{"@type":"Organization","@id":"https:\/\/izglitiba.valmierasnovads.lv\/karliena\/#organization","name":"Valmieras pirmsskolas izgl\u012bt\u012bbas iest\u0101de \u201cK\u0101rliena\u201d","url":"https:\/\/izglitiba.valmierasnovads.lv\/karliena\/","logo":{"@type":"ImageObject","inLanguage":"lv-LV","@id":"https:\/\/izglitiba.valmierasnovads.lv\/karliena\/#\/schema\/logo\/image\/","url":"https:\/\/izglitiba.valmierasnovads.lv\/karliena\/wp-content\/uploads\/sites\/8\/2025\/04\/cropped-karliena_logo-removebg-preview-1.png","contentUrl":"https:\/\/izglitiba.valmierasnovads.lv\/karliena\/wp-content\/uploads\/sites\/8\/2025\/04\/cropped-karliena_logo-removebg-preview-1.png","width":680,"height":339,"caption":"Valmieras pirmsskolas izgl\u012bt\u012bbas iest\u0101de \u201cK\u0101rliena\u201d"},"image":{"@id":"https:\/\/izglitiba.valmierasnovads.lv\/karliena\/#\/schema\/logo\/image\/"}},{"@type":"Person","@id":"https:\/\/izglitiba.valmierasnovads.lv\/karliena\/#\/schema\/person\/5a4dd824bc0b9f39219bc18d3ca784ad","name":"sigitatama","image":{"@type":"ImageObject","inLanguage":"lv-LV","@id":"https:\/\/izglitiba.valmierasnovads.lv\/karliena\/#\/schema\/person\/image\/","url":"https:\/\/secure.gravatar.com\/avatar\/edcda2febac8dc2871e72734b55dc0a1bb246f0350c7039df13fe9c79b3e6c18?s=96&d=mm&r=g","contentUrl":"https:\/\/secure.gravatar.com\/avatar\/edcda2febac8dc2871e72734b55dc0a1bb246f0350c7039df13fe9c79b3e6c18?s=96&d=mm&r=g","caption":"sigitatama"},"url":"https:\/\/izglitiba.valmierasnovads.lv\/karliena\/author\/sigitatama\/"}]}},"_links":{"self":[{"href":"https:\/\/izglitiba.valmierasnovads.lv\/karliena\/wp-json\/wp\/v2\/posts\/604","targetHints":{"allow":["GET"]}}],"collection":[{"href":"https:\/\/izglitiba.valmierasnovads.lv\/karliena\/wp-json\/wp\/v2\/posts"}],"about":[{"href":"https:\/\/izglitiba.valmierasnovads.lv\/karliena\/wp-json\/wp\/v2\/types\/post"}],"author":[{"embeddable":true,"href":"https:\/\/izglitiba.valmierasnovads.lv\/karliena\/wp-json\/wp\/v2\/users\/13"}],"replies":[{"embeddable":true,"href":"https:\/\/izglitiba.valmierasnovads.lv\/karliena\/wp-json\/wp\/v2\/comments?post=604"}],"version-history":[{"count":10,"href":"https:\/\/izglitiba.valmierasnovads.lv\/karliena\/wp-json\/wp\/v2\/posts\/604\/revisions"}],"predecessor-version":[{"id":1391,"href":"https:\/\/izglitiba.valmierasnovads.lv\/karliena\/wp-json\/wp\/v2\/posts\/604\/revisions\/1391"}],"wp:featuredmedia":[{"embeddable":true,"href":"https:\/\/izglitiba.valmierasnovads.lv\/karliena\/wp-json\/wp\/v2\/media\/925"}],"wp:attachment":[{"href":"https:\/\/izglitiba.valmierasnovads.lv\/karliena\/wp-json\/wp\/v2\/media?parent=604"}],"wp:term":[{"taxonomy":"category","embeddable":true,"href":"https:\/\/izglitiba.valmierasnovads.lv\/karliena\/wp-json\/wp\/v2\/categories?post=604"},{"taxonomy":"post_tag","embeddable":true,"href":"https:\/\/izglitiba.valmierasnovads.lv\/karliena\/wp-json\/wp\/v2\/tags?post=604"}],"curies":[{"name":"wp","href":"https:\/\/api.w.org\/{rel}","templated":true}]}}