{"id":707,"date":"2025-10-23T22:22:41","date_gmt":"2025-10-23T19:22:41","guid":{"rendered":"https:\/\/izglitiba.valmierasnovads.lv\/karliena\/?p=707"},"modified":"2026-02-26T20:17:44","modified_gmt":"2026-02-26T18:17:44","slug":"marisu-un-zakenu-grupas-berni-viesojas-dabas-un-tehnologiju-parka-urda-2","status":"publish","type":"post","link":"https:\/\/izglitiba.valmierasnovads.lv\/karliena\/2025\/10\/23\/marisu-un-zakenu-grupas-berni-viesojas-dabas-un-tehnologiju-parka-urda-2\/","title":{"rendered":"\u201dM\u0101r\u012b\u0161u\u201d un \u201dZa\u0137\u0113nu\u201d grupas b\u0113rni viesoj\u0101s Dabas un tehnolo\u0123iju park\u0101 \u201cURDA\u201d"},"content":{"rendered":"\n<p class=\"has-medium-font-size\">2025. gada 22. oktobr\u012b ESF+ projekta\u00a0\u201cSTEM un pilsonisk\u0101s l\u012bdzdal\u012bbas norises pla\u0161\u0101kai izgl\u012bt\u012bbas pieredzei un karjeras izv\u0113lei\u201d\u00a0ietvaros\u00a0b\u0113rniem tika organiz\u0113ts\u00a0bezmaksas m\u0101c\u012bbu brauciens\u00a0uz\u00a0Dabas un tehnolo\u0123iju parku \u201cURDA\u201d, \u201cSt\u016bri\u201d, Daibe, ko \u012bstenoja\u00a0SIA \u201cZAAO\u201d. \u0160aj\u0101 piedz\u012bvojum\u0101 piedal\u012bj\u0101s\u00a0\u201cM\u0101r\u012btes\u201d\u00a0un &#8221;Za\u0137\u0113nu&#8221; grupu b\u0113rni.<\/p>\n\n\n\n<p class=\"has-medium-font-size\">Pas\u0101kuma laik\u0101 b\u0113rni iepazin\u0101s ar nodarb\u012bbu&nbsp;\u201cVannas istabas briesmon\u012b\u0161i. Skudras Urdas gudr\u0101 m\u0101ja.\u201d, kas veidota, lai izgl\u012btotu par vidi, resursu taup\u012b\u0161anu un dro\u0161\u012bbu.<\/p>\n\n\n\n<p class=\"has-medium-font-size\"><strong>Dienas programma bija bag\u0101ta ar aizraujo\u0161\u0101m aktivit\u0101t\u0113m:<br><\/strong>\u2022 Notika izzino\u0161s izp\u0113tes brauciens pa poligonu &#8211; Aprites ekonomikas centru Daibe, kur b\u0113rni nov\u0113roja, k\u0101 notiek atkritumu \u0161\u0137iro\u0161ana, p\u0101rstr\u0101de un resursu atk\u0101rtota izmanto\u0161ana.<br>\u2022 Laboratorij\u0101 norit\u0113ja grupu darbs &#8211; b\u0113rni m\u0101c\u012bj\u0101s atpaz\u012bt \u0137\u012bmisko vielu dro\u0161\u012bbas apz\u012bm\u0113jumus uz iepakojumiem un noteica da\u017e\u0101du materi\u0101lu veidus.<br>\u2022 Praktiskaj\u0101 da\u013c\u0101 b\u0113rni no dabai draudz\u012bgiem materi\u0101liem gatavoja&nbsp;vannas bumbas un to iepakojumu, apg\u016bstot ilgtsp\u0113j\u012bgus risin\u0101jumus ikdienas liet\u0101m.<br>\u2022 M\u0101c\u012bbu klas\u0113 b\u0113rni izm\u0113\u0123in\u0101ja ar\u012b darbu ar robotiem, att\u012bstot gan digit\u0101l\u0101s prasmes, gan lo\u0123isko dom\u0101\u0161anu.<\/p>\n\n\n\n<p class=\"has-text-align-left has-medium-font-size\">\u0160\u012b diena b\u0113rniem sniedza&nbsp;v\u0113rt\u012bgu, praktisku un izgl\u012btojo\u0161u pieredzi&nbsp;&#8211; vi\u0146i uzzin\u0101ja, k\u0101 r\u016bp\u0113ties par vidi, r\u012bkoties dro\u0161i un atbild\u012bgi, k\u0101 ar\u012b iepazina tehnolo\u0123iju un zin\u0101tnes pasauli caur aizraujo\u0161iem un vecumam piem\u0113rotiem uzdevumiem. <\/p>\n","protected":false},"excerpt":{"rendered":"<p>2025. gada 22. oktobr\u012b ESF+ projekta\u00a0\u201cSTEM un pilsonisk\u0101s l\u012bdzdal\u012bbas norises pla\u0161\u0101kai izgl\u012bt\u012bbas pieredzei un karjeras izv\u0113lei\u201d\u00a0ietvaros\u00a0b\u0113rniem tika organiz\u0113ts\u00a0bezmaksas m\u0101c\u012bbu brauciens\u00a0uz\u00a0Dabas [&hellip;]<\/p>\n","protected":false},"author":13,"featured_media":939,"comment_status":"closed","ping_status":"closed","sticky":false,"template":"","format":"standard","meta":{"_acf_changed":false,"site-sidebar-layout":"default","site-content-layout":"","ast-site-content-layout":"default","site-content-style":"default","site-sidebar-style":"default","ast-global-header-display":"","ast-banner-title-visibility":"","ast-main-header-display":"","ast-hfb-above-header-display":"","ast-hfb-below-header-display":"","ast-hfb-mobile-header-display":"","site-post-title":"","ast-breadcrumbs-content":"","ast-featured-img":"","footer-sml-layout":"","ast-disable-related-posts":"","theme-transparent-header-meta":"","adv-header-id-meta":"","stick-header-meta":"","header-above-stick-meta":"","header-main-stick-meta":"","header-below-stick-meta":"","astra-migrate-meta-layouts":"default","ast-page-background-enabled":"default","ast-page-background-meta":{"desktop":{"background-color":"var(--ast-global-color-5)","background-image":"","background-repeat":"repeat","background-position":"center center","background-size":"auto","background-attachment":"scroll","background-type":"","background-media":"","overlay-type":"","overlay-color":"","overlay-opacity":"","overlay-gradient":""},"tablet":{"background-color":"","background-image":"","background-repeat":"repeat","background-position":"center center","background-size":"auto","background-attachment":"scroll","background-type":"","background-media":"","overlay-type":"","overlay-color":"","overlay-opacity":"","overlay-gradient":""},"mobile":{"background-color":"","background-image":"","background-repeat":"repeat","background-position":"center center","background-size":"auto","background-attachment":"scroll","background-type":"","background-media":"","overlay-type":"","overlay-color":"","overlay-opacity":"","overlay-gradient":""}},"ast-content-background-meta":{"desktop":{"background-color":"var(--ast-global-color-4)","background-image":"","background-repeat":"repeat","background-position":"center center","background-size":"auto","background-attachment":"scroll","background-type":"","background-media":"","overlay-type":"","overlay-color":"","overlay-opacity":"","overlay-gradient":""},"tablet":{"background-color":"var(--ast-global-color-4)","background-image":"","background-repeat":"repeat","background-position":"center center","background-size":"auto","background-attachment":"scroll","background-type":"","background-media":"","overlay-type":"","overlay-color":"","overlay-opacity":"","overlay-gradient":""},"mobile":{"background-color":"var(--ast-global-color-4)","background-image":"","background-repeat":"repeat","background-position":"center center","background-size":"auto","background-attachment":"scroll","background-type":"","background-media":"","overlay-type":"","overlay-color":"","overlay-opacity":"","overlay-gradient":""}},"footnotes":""},"categories":[19],"tags":[],"class_list":["post-707","post","type-post","status-publish","format-standard","has-post-thumbnail","hentry","category-aktivitates"],"acf":[],"yoast_head":"<!-- This site is optimized with the Yoast SEO plugin v27.0 - https:\/\/yoast.com\/product\/yoast-seo-wordpress\/ -->\n<title>\u201dM\u0101r\u012b\u0161u\u201d un \u201dZa\u0137\u0113nu\u201d grupas b\u0113rni viesoj\u0101s Dabas un tehnolo\u0123iju park\u0101 \u201cURDA\u201d - Valmieras pirmsskolas izgl\u012bt\u012bbas iest\u0101de \u201cK\u0101rliena\u201d<\/title>\n<meta name=\"robots\" content=\"index, follow, max-snippet:-1, max-image-preview:large, max-video-preview:-1\" \/>\n<link rel=\"canonical\" href=\"https:\/\/izglitiba.valmierasnovads.lv\/karliena\/2025\/10\/23\/marisu-un-zakenu-grupas-berni-viesojas-dabas-un-tehnologiju-parka-urda-2\/\" \/>\n<meta property=\"og:locale\" content=\"lv_LV\" \/>\n<meta property=\"og:type\" content=\"article\" \/>\n<meta property=\"og:title\" content=\"\u201dM\u0101r\u012b\u0161u\u201d un \u201dZa\u0137\u0113nu\u201d grupas b\u0113rni viesoj\u0101s Dabas un tehnolo\u0123iju park\u0101 \u201cURDA\u201d - Valmieras pirmsskolas izgl\u012bt\u012bbas iest\u0101de \u201cK\u0101rliena\u201d\" \/>\n<meta property=\"og:description\" content=\"2025. gada 22. oktobr\u012b ESF+ projekta\u00a0\u201cSTEM un pilsonisk\u0101s l\u012bdzdal\u012bbas norises pla\u0161\u0101kai izgl\u012bt\u012bbas pieredzei un karjeras izv\u0113lei\u201d\u00a0ietvaros\u00a0b\u0113rniem tika organiz\u0113ts\u00a0bezmaksas m\u0101c\u012bbu brauciens\u00a0uz\u00a0Dabas [&hellip;]\" \/>\n<meta property=\"og:url\" content=\"https:\/\/izglitiba.valmierasnovads.lv\/karliena\/2025\/10\/23\/marisu-un-zakenu-grupas-berni-viesojas-dabas-un-tehnologiju-parka-urda-2\/\" \/>\n<meta property=\"og:site_name\" content=\"Valmieras pirmsskolas izgl\u012bt\u012bbas iest\u0101de \u201cK\u0101rliena\u201d\" \/>\n<meta property=\"article:published_time\" content=\"2025-10-23T19:22:41+00:00\" \/>\n<meta property=\"article:modified_time\" content=\"2026-02-26T18:17:44+00:00\" \/>\n<meta property=\"og:image\" content=\"https:\/\/izglitiba.valmierasnovads.lv\/karliena\/wp-content\/uploads\/sites\/8\/2025\/10\/Noformejums-bez-nosaukuma-2-e1764694777367.jpg\" \/>\n\t<meta property=\"og:image:width\" content=\"2000\" \/>\n\t<meta property=\"og:image:height\" content=\"1414\" \/>\n\t<meta property=\"og:image:type\" content=\"image\/jpeg\" \/>\n<meta name=\"author\" content=\"sigitatama\" \/>\n<meta name=\"twitter:card\" content=\"summary_large_image\" \/>\n<meta name=\"twitter:label1\" content=\"Written by\" \/>\n\t<meta name=\"twitter:data1\" content=\"sigitatama\" \/>\n\t<meta name=\"twitter:label2\" content=\"Est. reading time\" \/>\n\t<meta name=\"twitter:data2\" content=\"2 min\u016btes\" \/>\n<script type=\"application\/ld+json\" class=\"yoast-schema-graph\">{\"@context\":\"https:\/\/schema.org\",\"@graph\":[{\"@type\":\"Article\",\"@id\":\"https:\/\/izglitiba.valmierasnovads.lv\/karliena\/2025\/10\/23\/marisu-un-zakenu-grupas-berni-viesojas-dabas-un-tehnologiju-parka-urda-2\/#article\",\"isPartOf\":{\"@id\":\"https:\/\/izglitiba.valmierasnovads.lv\/karliena\/2025\/10\/23\/marisu-un-zakenu-grupas-berni-viesojas-dabas-un-tehnologiju-parka-urda-2\/\"},\"author\":{\"name\":\"sigitatama\",\"@id\":\"https:\/\/izglitiba.valmierasnovads.lv\/karliena\/#\/schema\/person\/5a4dd824bc0b9f39219bc18d3ca784ad\"},\"headline\":\"\u201dM\u0101r\u012b\u0161u\u201d un \u201dZa\u0137\u0113nu\u201d grupas b\u0113rni viesoj\u0101s Dabas un tehnolo\u0123iju park\u0101 \u201cURDA\u201d\",\"datePublished\":\"2025-10-23T19:22:41+00:00\",\"dateModified\":\"2026-02-26T18:17:44+00:00\",\"mainEntityOfPage\":{\"@id\":\"https:\/\/izglitiba.valmierasnovads.lv\/karliena\/2025\/10\/23\/marisu-un-zakenu-grupas-berni-viesojas-dabas-un-tehnologiju-parka-urda-2\/\"},\"wordCount\":287,\"publisher\":{\"@id\":\"https:\/\/izglitiba.valmierasnovads.lv\/karliena\/#organization\"},\"image\":{\"@id\":\"https:\/\/izglitiba.valmierasnovads.lv\/karliena\/2025\/10\/23\/marisu-un-zakenu-grupas-berni-viesojas-dabas-un-tehnologiju-parka-urda-2\/#primaryimage\"},\"thumbnailUrl\":\"https:\/\/izglitiba.valmierasnovads.lv\/karliena\/wp-content\/uploads\/sites\/8\/2025\/10\/Noformejums-bez-nosaukuma-2-e1764694777367.jpg\",\"articleSection\":[\"Aktivit\u0101tes\"],\"inLanguage\":\"lv-LV\"},{\"@type\":\"WebPage\",\"@id\":\"https:\/\/izglitiba.valmierasnovads.lv\/karliena\/2025\/10\/23\/marisu-un-zakenu-grupas-berni-viesojas-dabas-un-tehnologiju-parka-urda-2\/\",\"url\":\"https:\/\/izglitiba.valmierasnovads.lv\/karliena\/2025\/10\/23\/marisu-un-zakenu-grupas-berni-viesojas-dabas-un-tehnologiju-parka-urda-2\/\",\"name\":\"\u201dM\u0101r\u012b\u0161u\u201d un \u201dZa\u0137\u0113nu\u201d grupas b\u0113rni viesoj\u0101s Dabas un tehnolo\u0123iju park\u0101 \u201cURDA\u201d - Valmieras pirmsskolas izgl\u012bt\u012bbas iest\u0101de \u201cK\u0101rliena\u201d\",\"isPartOf\":{\"@id\":\"https:\/\/izglitiba.valmierasnovads.lv\/karliena\/#website\"},\"primaryImageOfPage\":{\"@id\":\"https:\/\/izglitiba.valmierasnovads.lv\/karliena\/2025\/10\/23\/marisu-un-zakenu-grupas-berni-viesojas-dabas-un-tehnologiju-parka-urda-2\/#primaryimage\"},\"image\":{\"@id\":\"https:\/\/izglitiba.valmierasnovads.lv\/karliena\/2025\/10\/23\/marisu-un-zakenu-grupas-berni-viesojas-dabas-un-tehnologiju-parka-urda-2\/#primaryimage\"},\"thumbnailUrl\":\"https:\/\/izglitiba.valmierasnovads.lv\/karliena\/wp-content\/uploads\/sites\/8\/2025\/10\/Noformejums-bez-nosaukuma-2-e1764694777367.jpg\",\"datePublished\":\"2025-10-23T19:22:41+00:00\",\"dateModified\":\"2026-02-26T18:17:44+00:00\",\"breadcrumb\":{\"@id\":\"https:\/\/izglitiba.valmierasnovads.lv\/karliena\/2025\/10\/23\/marisu-un-zakenu-grupas-berni-viesojas-dabas-un-tehnologiju-parka-urda-2\/#breadcrumb\"},\"inLanguage\":\"lv-LV\",\"potentialAction\":[{\"@type\":\"ReadAction\",\"target\":[\"https:\/\/izglitiba.valmierasnovads.lv\/karliena\/2025\/10\/23\/marisu-un-zakenu-grupas-berni-viesojas-dabas-un-tehnologiju-parka-urda-2\/\"]}]},{\"@type\":\"ImageObject\",\"inLanguage\":\"lv-LV\",\"@id\":\"https:\/\/izglitiba.valmierasnovads.lv\/karliena\/2025\/10\/23\/marisu-un-zakenu-grupas-berni-viesojas-dabas-un-tehnologiju-parka-urda-2\/#primaryimage\",\"url\":\"https:\/\/izglitiba.valmierasnovads.lv\/karliena\/wp-content\/uploads\/sites\/8\/2025\/10\/Noformejums-bez-nosaukuma-2-e1764694777367.jpg\",\"contentUrl\":\"https:\/\/izglitiba.valmierasnovads.lv\/karliena\/wp-content\/uploads\/sites\/8\/2025\/10\/Noformejums-bez-nosaukuma-2-e1764694777367.jpg\",\"width\":2000,\"height\":1414},{\"@type\":\"BreadcrumbList\",\"@id\":\"https:\/\/izglitiba.valmierasnovads.lv\/karliena\/2025\/10\/23\/marisu-un-zakenu-grupas-berni-viesojas-dabas-un-tehnologiju-parka-urda-2\/#breadcrumb\",\"itemListElement\":[{\"@type\":\"ListItem\",\"position\":1,\"name\":\"Home\",\"item\":\"https:\/\/izglitiba.valmierasnovads.lv\/karliena\/\"},{\"@type\":\"ListItem\",\"position\":2,\"name\":\"\u201dM\u0101r\u012b\u0161u\u201d un \u201dZa\u0137\u0113nu\u201d grupas b\u0113rni viesoj\u0101s Dabas un tehnolo\u0123iju park\u0101 \u201cURDA\u201d\"}]},{\"@type\":\"WebSite\",\"@id\":\"https:\/\/izglitiba.valmierasnovads.lv\/karliena\/#website\",\"url\":\"https:\/\/izglitiba.valmierasnovads.lv\/karliena\/\",\"name\":\"Valmieras pirmsskolas izgl\u012bt\u012bbas iest\u0101de \u201cK\u0101rliena\u201d\",\"description\":\"\",\"publisher\":{\"@id\":\"https:\/\/izglitiba.valmierasnovads.lv\/karliena\/#organization\"},\"potentialAction\":[{\"@type\":\"SearchAction\",\"target\":{\"@type\":\"EntryPoint\",\"urlTemplate\":\"https:\/\/izglitiba.valmierasnovads.lv\/karliena\/?s={search_term_string}\"},\"query-input\":{\"@type\":\"PropertyValueSpecification\",\"valueRequired\":true,\"valueName\":\"search_term_string\"}}],\"inLanguage\":\"lv-LV\"},{\"@type\":\"Organization\",\"@id\":\"https:\/\/izglitiba.valmierasnovads.lv\/karliena\/#organization\",\"name\":\"Valmieras pirmsskolas izgl\u012bt\u012bbas iest\u0101de \u201cK\u0101rliena\u201d\",\"url\":\"https:\/\/izglitiba.valmierasnovads.lv\/karliena\/\",\"logo\":{\"@type\":\"ImageObject\",\"inLanguage\":\"lv-LV\",\"@id\":\"https:\/\/izglitiba.valmierasnovads.lv\/karliena\/#\/schema\/logo\/image\/\",\"url\":\"https:\/\/izglitiba.valmierasnovads.lv\/karliena\/wp-content\/uploads\/sites\/8\/2025\/04\/cropped-karliena_logo-removebg-preview-1.png\",\"contentUrl\":\"https:\/\/izglitiba.valmierasnovads.lv\/karliena\/wp-content\/uploads\/sites\/8\/2025\/04\/cropped-karliena_logo-removebg-preview-1.png\",\"width\":680,\"height\":339,\"caption\":\"Valmieras pirmsskolas izgl\u012bt\u012bbas iest\u0101de \u201cK\u0101rliena\u201d\"},\"image\":{\"@id\":\"https:\/\/izglitiba.valmierasnovads.lv\/karliena\/#\/schema\/logo\/image\/\"}},{\"@type\":\"Person\",\"@id\":\"https:\/\/izglitiba.valmierasnovads.lv\/karliena\/#\/schema\/person\/5a4dd824bc0b9f39219bc18d3ca784ad\",\"name\":\"sigitatama\",\"image\":{\"@type\":\"ImageObject\",\"inLanguage\":\"lv-LV\",\"@id\":\"https:\/\/izglitiba.valmierasnovads.lv\/karliena\/#\/schema\/person\/image\/\",\"url\":\"https:\/\/secure.gravatar.com\/avatar\/edcda2febac8dc2871e72734b55dc0a1bb246f0350c7039df13fe9c79b3e6c18?s=96&d=mm&r=g\",\"contentUrl\":\"https:\/\/secure.gravatar.com\/avatar\/edcda2febac8dc2871e72734b55dc0a1bb246f0350c7039df13fe9c79b3e6c18?s=96&d=mm&r=g\",\"caption\":\"sigitatama\"},\"url\":\"https:\/\/izglitiba.valmierasnovads.lv\/karliena\/author\/sigitatama\/\"}]}<\/script>\n<!-- \/ Yoast SEO plugin. -->","yoast_head_json":{"title":"\u201dM\u0101r\u012b\u0161u\u201d un \u201dZa\u0137\u0113nu\u201d grupas b\u0113rni viesoj\u0101s Dabas un tehnolo\u0123iju park\u0101 \u201cURDA\u201d - Valmieras pirmsskolas izgl\u012bt\u012bbas iest\u0101de \u201cK\u0101rliena\u201d","robots":{"index":"index","follow":"follow","max-snippet":"max-snippet:-1","max-image-preview":"max-image-preview:large","max-video-preview":"max-video-preview:-1"},"canonical":"https:\/\/izglitiba.valmierasnovads.lv\/karliena\/2025\/10\/23\/marisu-un-zakenu-grupas-berni-viesojas-dabas-un-tehnologiju-parka-urda-2\/","og_locale":"lv_LV","og_type":"article","og_title":"\u201dM\u0101r\u012b\u0161u\u201d un \u201dZa\u0137\u0113nu\u201d grupas b\u0113rni viesoj\u0101s Dabas un tehnolo\u0123iju park\u0101 \u201cURDA\u201d - Valmieras pirmsskolas izgl\u012bt\u012bbas iest\u0101de \u201cK\u0101rliena\u201d","og_description":"2025. gada 22. oktobr\u012b ESF+ projekta\u00a0\u201cSTEM un pilsonisk\u0101s l\u012bdzdal\u012bbas norises pla\u0161\u0101kai izgl\u012bt\u012bbas pieredzei un karjeras izv\u0113lei\u201d\u00a0ietvaros\u00a0b\u0113rniem tika organiz\u0113ts\u00a0bezmaksas m\u0101c\u012bbu brauciens\u00a0uz\u00a0Dabas [&hellip;]","og_url":"https:\/\/izglitiba.valmierasnovads.lv\/karliena\/2025\/10\/23\/marisu-un-zakenu-grupas-berni-viesojas-dabas-un-tehnologiju-parka-urda-2\/","og_site_name":"Valmieras pirmsskolas izgl\u012bt\u012bbas iest\u0101de \u201cK\u0101rliena\u201d","article_published_time":"2025-10-23T19:22:41+00:00","article_modified_time":"2026-02-26T18:17:44+00:00","og_image":[{"width":2000,"height":1414,"url":"https:\/\/izglitiba.valmierasnovads.lv\/karliena\/wp-content\/uploads\/sites\/8\/2025\/10\/Noformejums-bez-nosaukuma-2-e1764694777367.jpg","type":"image\/jpeg"}],"author":"sigitatama","twitter_card":"summary_large_image","twitter_misc":{"Written by":"sigitatama","Est. reading time":"2 min\u016btes"},"schema":{"@context":"https:\/\/schema.org","@graph":[{"@type":"Article","@id":"https:\/\/izglitiba.valmierasnovads.lv\/karliena\/2025\/10\/23\/marisu-un-zakenu-grupas-berni-viesojas-dabas-un-tehnologiju-parka-urda-2\/#article","isPartOf":{"@id":"https:\/\/izglitiba.valmierasnovads.lv\/karliena\/2025\/10\/23\/marisu-un-zakenu-grupas-berni-viesojas-dabas-un-tehnologiju-parka-urda-2\/"},"author":{"name":"sigitatama","@id":"https:\/\/izglitiba.valmierasnovads.lv\/karliena\/#\/schema\/person\/5a4dd824bc0b9f39219bc18d3ca784ad"},"headline":"\u201dM\u0101r\u012b\u0161u\u201d un \u201dZa\u0137\u0113nu\u201d grupas b\u0113rni viesoj\u0101s Dabas un tehnolo\u0123iju park\u0101 \u201cURDA\u201d","datePublished":"2025-10-23T19:22:41+00:00","dateModified":"2026-02-26T18:17:44+00:00","mainEntityOfPage":{"@id":"https:\/\/izglitiba.valmierasnovads.lv\/karliena\/2025\/10\/23\/marisu-un-zakenu-grupas-berni-viesojas-dabas-un-tehnologiju-parka-urda-2\/"},"wordCount":287,"publisher":{"@id":"https:\/\/izglitiba.valmierasnovads.lv\/karliena\/#organization"},"image":{"@id":"https:\/\/izglitiba.valmierasnovads.lv\/karliena\/2025\/10\/23\/marisu-un-zakenu-grupas-berni-viesojas-dabas-un-tehnologiju-parka-urda-2\/#primaryimage"},"thumbnailUrl":"https:\/\/izglitiba.valmierasnovads.lv\/karliena\/wp-content\/uploads\/sites\/8\/2025\/10\/Noformejums-bez-nosaukuma-2-e1764694777367.jpg","articleSection":["Aktivit\u0101tes"],"inLanguage":"lv-LV"},{"@type":"WebPage","@id":"https:\/\/izglitiba.valmierasnovads.lv\/karliena\/2025\/10\/23\/marisu-un-zakenu-grupas-berni-viesojas-dabas-un-tehnologiju-parka-urda-2\/","url":"https:\/\/izglitiba.valmierasnovads.lv\/karliena\/2025\/10\/23\/marisu-un-zakenu-grupas-berni-viesojas-dabas-un-tehnologiju-parka-urda-2\/","name":"\u201dM\u0101r\u012b\u0161u\u201d un \u201dZa\u0137\u0113nu\u201d grupas b\u0113rni viesoj\u0101s Dabas un tehnolo\u0123iju park\u0101 \u201cURDA\u201d - Valmieras pirmsskolas izgl\u012bt\u012bbas iest\u0101de \u201cK\u0101rliena\u201d","isPartOf":{"@id":"https:\/\/izglitiba.valmierasnovads.lv\/karliena\/#website"},"primaryImageOfPage":{"@id":"https:\/\/izglitiba.valmierasnovads.lv\/karliena\/2025\/10\/23\/marisu-un-zakenu-grupas-berni-viesojas-dabas-un-tehnologiju-parka-urda-2\/#primaryimage"},"image":{"@id":"https:\/\/izglitiba.valmierasnovads.lv\/karliena\/2025\/10\/23\/marisu-un-zakenu-grupas-berni-viesojas-dabas-un-tehnologiju-parka-urda-2\/#primaryimage"},"thumbnailUrl":"https:\/\/izglitiba.valmierasnovads.lv\/karliena\/wp-content\/uploads\/sites\/8\/2025\/10\/Noformejums-bez-nosaukuma-2-e1764694777367.jpg","datePublished":"2025-10-23T19:22:41+00:00","dateModified":"2026-02-26T18:17:44+00:00","breadcrumb":{"@id":"https:\/\/izglitiba.valmierasnovads.lv\/karliena\/2025\/10\/23\/marisu-un-zakenu-grupas-berni-viesojas-dabas-un-tehnologiju-parka-urda-2\/#breadcrumb"},"inLanguage":"lv-LV","potentialAction":[{"@type":"ReadAction","target":["https:\/\/izglitiba.valmierasnovads.lv\/karliena\/2025\/10\/23\/marisu-un-zakenu-grupas-berni-viesojas-dabas-un-tehnologiju-parka-urda-2\/"]}]},{"@type":"ImageObject","inLanguage":"lv-LV","@id":"https:\/\/izglitiba.valmierasnovads.lv\/karliena\/2025\/10\/23\/marisu-un-zakenu-grupas-berni-viesojas-dabas-un-tehnologiju-parka-urda-2\/#primaryimage","url":"https:\/\/izglitiba.valmierasnovads.lv\/karliena\/wp-content\/uploads\/sites\/8\/2025\/10\/Noformejums-bez-nosaukuma-2-e1764694777367.jpg","contentUrl":"https:\/\/izglitiba.valmierasnovads.lv\/karliena\/wp-content\/uploads\/sites\/8\/2025\/10\/Noformejums-bez-nosaukuma-2-e1764694777367.jpg","width":2000,"height":1414},{"@type":"BreadcrumbList","@id":"https:\/\/izglitiba.valmierasnovads.lv\/karliena\/2025\/10\/23\/marisu-un-zakenu-grupas-berni-viesojas-dabas-un-tehnologiju-parka-urda-2\/#breadcrumb","itemListElement":[{"@type":"ListItem","position":1,"name":"Home","item":"https:\/\/izglitiba.valmierasnovads.lv\/karliena\/"},{"@type":"ListItem","position":2,"name":"\u201dM\u0101r\u012b\u0161u\u201d un \u201dZa\u0137\u0113nu\u201d grupas b\u0113rni viesoj\u0101s Dabas un tehnolo\u0123iju park\u0101 \u201cURDA\u201d"}]},{"@type":"WebSite","@id":"https:\/\/izglitiba.valmierasnovads.lv\/karliena\/#website","url":"https:\/\/izglitiba.valmierasnovads.lv\/karliena\/","name":"Valmieras pirmsskolas izgl\u012bt\u012bbas iest\u0101de \u201cK\u0101rliena\u201d","description":"","publisher":{"@id":"https:\/\/izglitiba.valmierasnovads.lv\/karliena\/#organization"},"potentialAction":[{"@type":"SearchAction","target":{"@type":"EntryPoint","urlTemplate":"https:\/\/izglitiba.valmierasnovads.lv\/karliena\/?s={search_term_string}"},"query-input":{"@type":"PropertyValueSpecification","valueRequired":true,"valueName":"search_term_string"}}],"inLanguage":"lv-LV"},{"@type":"Organization","@id":"https:\/\/izglitiba.valmierasnovads.lv\/karliena\/#organization","name":"Valmieras pirmsskolas izgl\u012bt\u012bbas iest\u0101de \u201cK\u0101rliena\u201d","url":"https:\/\/izglitiba.valmierasnovads.lv\/karliena\/","logo":{"@type":"ImageObject","inLanguage":"lv-LV","@id":"https:\/\/izglitiba.valmierasnovads.lv\/karliena\/#\/schema\/logo\/image\/","url":"https:\/\/izglitiba.valmierasnovads.lv\/karliena\/wp-content\/uploads\/sites\/8\/2025\/04\/cropped-karliena_logo-removebg-preview-1.png","contentUrl":"https:\/\/izglitiba.valmierasnovads.lv\/karliena\/wp-content\/uploads\/sites\/8\/2025\/04\/cropped-karliena_logo-removebg-preview-1.png","width":680,"height":339,"caption":"Valmieras pirmsskolas izgl\u012bt\u012bbas iest\u0101de \u201cK\u0101rliena\u201d"},"image":{"@id":"https:\/\/izglitiba.valmierasnovads.lv\/karliena\/#\/schema\/logo\/image\/"}},{"@type":"Person","@id":"https:\/\/izglitiba.valmierasnovads.lv\/karliena\/#\/schema\/person\/5a4dd824bc0b9f39219bc18d3ca784ad","name":"sigitatama","image":{"@type":"ImageObject","inLanguage":"lv-LV","@id":"https:\/\/izglitiba.valmierasnovads.lv\/karliena\/#\/schema\/person\/image\/","url":"https:\/\/secure.gravatar.com\/avatar\/edcda2febac8dc2871e72734b55dc0a1bb246f0350c7039df13fe9c79b3e6c18?s=96&d=mm&r=g","contentUrl":"https:\/\/secure.gravatar.com\/avatar\/edcda2febac8dc2871e72734b55dc0a1bb246f0350c7039df13fe9c79b3e6c18?s=96&d=mm&r=g","caption":"sigitatama"},"url":"https:\/\/izglitiba.valmierasnovads.lv\/karliena\/author\/sigitatama\/"}]}},"_links":{"self":[{"href":"https:\/\/izglitiba.valmierasnovads.lv\/karliena\/wp-json\/wp\/v2\/posts\/707","targetHints":{"allow":["GET"]}}],"collection":[{"href":"https:\/\/izglitiba.valmierasnovads.lv\/karliena\/wp-json\/wp\/v2\/posts"}],"about":[{"href":"https:\/\/izglitiba.valmierasnovads.lv\/karliena\/wp-json\/wp\/v2\/types\/post"}],"author":[{"embeddable":true,"href":"https:\/\/izglitiba.valmierasnovads.lv\/karliena\/wp-json\/wp\/v2\/users\/13"}],"replies":[{"embeddable":true,"href":"https:\/\/izglitiba.valmierasnovads.lv\/karliena\/wp-json\/wp\/v2\/comments?post=707"}],"version-history":[{"count":13,"href":"https:\/\/izglitiba.valmierasnovads.lv\/karliena\/wp-json\/wp\/v2\/posts\/707\/revisions"}],"predecessor-version":[{"id":1393,"href":"https:\/\/izglitiba.valmierasnovads.lv\/karliena\/wp-json\/wp\/v2\/posts\/707\/revisions\/1393"}],"wp:featuredmedia":[{"embeddable":true,"href":"https:\/\/izglitiba.valmierasnovads.lv\/karliena\/wp-json\/wp\/v2\/media\/939"}],"wp:attachment":[{"href":"https:\/\/izglitiba.valmierasnovads.lv\/karliena\/wp-json\/wp\/v2\/media?parent=707"}],"wp:term":[{"taxonomy":"category","embeddable":true,"href":"https:\/\/izglitiba.valmierasnovads.lv\/karliena\/wp-json\/wp\/v2\/categories?post=707"},{"taxonomy":"post_tag","embeddable":true,"href":"https:\/\/izglitiba.valmierasnovads.lv\/karliena\/wp-json\/wp\/v2\/tags?post=707"}],"curies":[{"name":"wp","href":"https:\/\/api.w.org\/{rel}","templated":true}]}}