{"id":962,"date":"2025-12-08T22:18:24","date_gmt":"2025-12-08T20:18:24","guid":{"rendered":"https:\/\/izglitiba.valmierasnovads.lv\/karliena\/?p=962"},"modified":"2025-12-08T23:29:07","modified_gmt":"2025-12-08T21:29:07","slug":"vinnija-puka-grupas-ciemos-dosanas-uz-valmieras-biblioteku","status":"publish","type":"post","link":"https:\/\/izglitiba.valmierasnovads.lv\/karliena\/2025\/12\/08\/vinnija-puka-grupas-ciemos-dosanas-uz-valmieras-biblioteku\/","title":{"rendered":"Vinnija P\u016bka grupas ciemos do\u0161an\u0101s uz Valmieras bibliot\u0113ku"},"content":{"rendered":"\n<p class=\"has-medium-font-size\">2025. gada 8.decembr\u012b\u00a0Vinnija P\u016bka grupas b\u0113rni dev\u0101s izzino\u0161\u0101 un aizraujo\u0161\u0101 ekskursij\u0101 uz Valmieras bibliot\u0113ku. Viz\u012btes laik\u0101 b\u0113rni iepazin\u0101s ar bibliot\u0113kas noteikumiem un uzzin\u0101ja, k\u0101 pareizi uzvesties gr\u0101matu pasaul\u0113. Apmekl\u0113ja ar\u012b bibliot\u0113kas pagrabst\u0101vu, kur b\u0113rni var\u0113ja apl\u016bkot da\u017e\u0101da izm\u0113ra un svara gr\u0101matas gan lielas, gan \u013coti mazas, pat pavisam smagas. Ekskursijas laik\u0101 vi\u0146i ar lielu interesi izm\u0113\u0123in\u0101ja braucienu ar bibliot\u0113kas liftu, kas sag\u0101d\u0101ja \u012bpa\u0161u prieku.<\/p>\n\n\n\n<p class=\"has-medium-font-size\">\u012apa\u0161i pozit\u012bvas emocijas b\u0113rniem sag\u0101d\u0101ja brauciens ar pils\u0113tas autobusu, un daudziem t\u0101&nbsp;bija pirm\u0101 pieredze, kas vi\u0146us patiesi iepriecin\u0101ja.<\/p>\n\n\n\n<figure class=\"wp-block-image size-large\"><img loading=\"lazy\" decoding=\"async\" width=\"1024\" height=\"768\" src=\"https:\/\/izglitiba.valmierasnovads.lv\/karliena\/wp-content\/uploads\/sites\/8\/2025\/12\/WhatsApp-Image-2025-12-08-at-17.49.23-1-1024x768.jpeg\" alt=\"\" class=\"wp-image-967\" srcset=\"https:\/\/izglitiba.valmierasnovads.lv\/karliena\/wp-content\/uploads\/sites\/8\/2025\/12\/WhatsApp-Image-2025-12-08-at-17.49.23-1-1024x768.jpeg 1024w, https:\/\/izglitiba.valmierasnovads.lv\/karliena\/wp-content\/uploads\/sites\/8\/2025\/12\/WhatsApp-Image-2025-12-08-at-17.49.23-1-300x225.jpeg 300w, https:\/\/izglitiba.valmierasnovads.lv\/karliena\/wp-content\/uploads\/sites\/8\/2025\/12\/WhatsApp-Image-2025-12-08-at-17.49.23-1-768x576.jpeg 768w, https:\/\/izglitiba.valmierasnovads.lv\/karliena\/wp-content\/uploads\/sites\/8\/2025\/12\/WhatsApp-Image-2025-12-08-at-17.49.23-1-1536x1152.jpeg 1536w, https:\/\/izglitiba.valmierasnovads.lv\/karliena\/wp-content\/uploads\/sites\/8\/2025\/12\/WhatsApp-Image-2025-12-08-at-17.49.23-1.jpeg 2048w\" sizes=\"auto, (max-width: 1024px) 100vw, 1024px\" \/><\/figure>\n","protected":false},"excerpt":{"rendered":"<p>2025. gada 8.decembr\u012b\u00a0Vinnija P\u016bka grupas b\u0113rni dev\u0101s izzino\u0161\u0101 un aizraujo\u0161\u0101 ekskursij\u0101 uz Valmieras bibliot\u0113ku. Viz\u012btes laik\u0101 b\u0113rni iepazin\u0101s ar bibliot\u0113kas [&hellip;]<\/p>\n","protected":false},"author":13,"featured_media":963,"comment_status":"closed","ping_status":"closed","sticky":false,"template":"","format":"standard","meta":{"_acf_changed":false,"site-sidebar-layout":"default","site-content-layout":"","ast-site-content-layout":"default","site-content-style":"default","site-sidebar-style":"default","ast-global-header-display":"","ast-banner-title-visibility":"","ast-main-header-display":"","ast-hfb-above-header-display":"","ast-hfb-below-header-display":"","ast-hfb-mobile-header-display":"","site-post-title":"","ast-breadcrumbs-content":"","ast-featured-img":"","footer-sml-layout":"","ast-disable-related-posts":"","theme-transparent-header-meta":"","adv-header-id-meta":"","stick-header-meta":"","header-above-stick-meta":"","header-main-stick-meta":"","header-below-stick-meta":"","astra-migrate-meta-layouts":"default","ast-page-background-enabled":"default","ast-page-background-meta":{"desktop":{"background-color":"var(--ast-global-color-5)","background-image":"","background-repeat":"repeat","background-position":"center center","background-size":"auto","background-attachment":"scroll","background-type":"","background-media":"","overlay-type":"","overlay-color":"","overlay-opacity":"","overlay-gradient":""},"tablet":{"background-color":"","background-image":"","background-repeat":"repeat","background-position":"center center","background-size":"auto","background-attachment":"scroll","background-type":"","background-media":"","overlay-type":"","overlay-color":"","overlay-opacity":"","overlay-gradient":""},"mobile":{"background-color":"","background-image":"","background-repeat":"repeat","background-position":"center center","background-size":"auto","background-attachment":"scroll","background-type":"","background-media":"","overlay-type":"","overlay-color":"","overlay-opacity":"","overlay-gradient":""}},"ast-content-background-meta":{"desktop":{"background-color":"var(--ast-global-color-4)","background-image":"","background-repeat":"repeat","background-position":"center center","background-size":"auto","background-attachment":"scroll","background-type":"","background-media":"","overlay-type":"","overlay-color":"","overlay-opacity":"","overlay-gradient":""},"tablet":{"background-color":"var(--ast-global-color-4)","background-image":"","background-repeat":"repeat","background-position":"center center","background-size":"auto","background-attachment":"scroll","background-type":"","background-media":"","overlay-type":"","overlay-color":"","overlay-opacity":"","overlay-gradient":""},"mobile":{"background-color":"var(--ast-global-color-4)","background-image":"","background-repeat":"repeat","background-position":"center center","background-size":"auto","background-attachment":"scroll","background-type":"","background-media":"","overlay-type":"","overlay-color":"","overlay-opacity":"","overlay-gradient":""}},"footnotes":""},"categories":[19],"tags":[],"class_list":["post-962","post","type-post","status-publish","format-standard","has-post-thumbnail","hentry","category-aktivitates"],"acf":[],"yoast_head":"<!-- This site is optimized with the Yoast SEO plugin v27.0 - https:\/\/yoast.com\/product\/yoast-seo-wordpress\/ -->\n<title>Vinnija P\u016bka grupas ciemos do\u0161an\u0101s uz Valmieras bibliot\u0113ku - Valmieras pirmsskolas izgl\u012bt\u012bbas iest\u0101de \u201cK\u0101rliena\u201d<\/title>\n<meta name=\"robots\" content=\"index, follow, max-snippet:-1, max-image-preview:large, max-video-preview:-1\" \/>\n<link rel=\"canonical\" href=\"https:\/\/izglitiba.valmierasnovads.lv\/karliena\/2025\/12\/08\/vinnija-puka-grupas-ciemos-dosanas-uz-valmieras-biblioteku\/\" \/>\n<meta property=\"og:locale\" content=\"lv_LV\" \/>\n<meta property=\"og:type\" content=\"article\" \/>\n<meta property=\"og:title\" content=\"Vinnija P\u016bka grupas ciemos do\u0161an\u0101s uz Valmieras bibliot\u0113ku - Valmieras pirmsskolas izgl\u012bt\u012bbas iest\u0101de \u201cK\u0101rliena\u201d\" \/>\n<meta property=\"og:description\" content=\"2025. gada 8.decembr\u012b\u00a0Vinnija P\u016bka grupas b\u0113rni dev\u0101s izzino\u0161\u0101 un aizraujo\u0161\u0101 ekskursij\u0101 uz Valmieras bibliot\u0113ku. Viz\u012btes laik\u0101 b\u0113rni iepazin\u0101s ar bibliot\u0113kas [&hellip;]\" \/>\n<meta property=\"og:url\" content=\"https:\/\/izglitiba.valmierasnovads.lv\/karliena\/2025\/12\/08\/vinnija-puka-grupas-ciemos-dosanas-uz-valmieras-biblioteku\/\" \/>\n<meta property=\"og:site_name\" content=\"Valmieras pirmsskolas izgl\u012bt\u012bbas iest\u0101de \u201cK\u0101rliena\u201d\" \/>\n<meta property=\"article:published_time\" content=\"2025-12-08T20:18:24+00:00\" \/>\n<meta property=\"article:modified_time\" content=\"2025-12-08T21:29:07+00:00\" \/>\n<meta property=\"og:image\" content=\"https:\/\/izglitiba.valmierasnovads.lv\/karliena\/wp-content\/uploads\/sites\/8\/2025\/12\/Bildes-Karlienas-majaslapai-sadalai-JAUNUMI-1-e1765225098418.jpg\" \/>\n\t<meta property=\"og:image:width\" content=\"2000\" \/>\n\t<meta property=\"og:image:height\" content=\"1414\" \/>\n\t<meta property=\"og:image:type\" content=\"image\/jpeg\" \/>\n<meta name=\"author\" content=\"sigitatama\" \/>\n<meta name=\"twitter:card\" content=\"summary_large_image\" \/>\n<meta name=\"twitter:label1\" content=\"Written by\" \/>\n\t<meta name=\"twitter:data1\" content=\"sigitatama\" \/>\n\t<meta name=\"twitter:label2\" content=\"Est. reading time\" \/>\n\t<meta name=\"twitter:data2\" content=\"1 min\u016bte\" \/>\n<script type=\"application\/ld+json\" class=\"yoast-schema-graph\">{\"@context\":\"https:\/\/schema.org\",\"@graph\":[{\"@type\":\"Article\",\"@id\":\"https:\/\/izglitiba.valmierasnovads.lv\/karliena\/2025\/12\/08\/vinnija-puka-grupas-ciemos-dosanas-uz-valmieras-biblioteku\/#article\",\"isPartOf\":{\"@id\":\"https:\/\/izglitiba.valmierasnovads.lv\/karliena\/2025\/12\/08\/vinnija-puka-grupas-ciemos-dosanas-uz-valmieras-biblioteku\/\"},\"author\":{\"name\":\"sigitatama\",\"@id\":\"https:\/\/izglitiba.valmierasnovads.lv\/karliena\/#\/schema\/person\/5a4dd824bc0b9f39219bc18d3ca784ad\"},\"headline\":\"Vinnija P\u016bka grupas ciemos do\u0161an\u0101s uz Valmieras bibliot\u0113ku\",\"datePublished\":\"2025-12-08T20:18:24+00:00\",\"dateModified\":\"2025-12-08T21:29:07+00:00\",\"mainEntityOfPage\":{\"@id\":\"https:\/\/izglitiba.valmierasnovads.lv\/karliena\/2025\/12\/08\/vinnija-puka-grupas-ciemos-dosanas-uz-valmieras-biblioteku\/\"},\"wordCount\":130,\"publisher\":{\"@id\":\"https:\/\/izglitiba.valmierasnovads.lv\/karliena\/#organization\"},\"image\":{\"@id\":\"https:\/\/izglitiba.valmierasnovads.lv\/karliena\/2025\/12\/08\/vinnija-puka-grupas-ciemos-dosanas-uz-valmieras-biblioteku\/#primaryimage\"},\"thumbnailUrl\":\"https:\/\/izglitiba.valmierasnovads.lv\/karliena\/wp-content\/uploads\/sites\/8\/2025\/12\/Bildes-Karlienas-majaslapai-sadalai-JAUNUMI-1-e1765225098418.jpg\",\"articleSection\":[\"Aktivit\u0101tes\"],\"inLanguage\":\"lv-LV\"},{\"@type\":\"WebPage\",\"@id\":\"https:\/\/izglitiba.valmierasnovads.lv\/karliena\/2025\/12\/08\/vinnija-puka-grupas-ciemos-dosanas-uz-valmieras-biblioteku\/\",\"url\":\"https:\/\/izglitiba.valmierasnovads.lv\/karliena\/2025\/12\/08\/vinnija-puka-grupas-ciemos-dosanas-uz-valmieras-biblioteku\/\",\"name\":\"Vinnija P\u016bka grupas ciemos do\u0161an\u0101s uz Valmieras bibliot\u0113ku - Valmieras pirmsskolas izgl\u012bt\u012bbas iest\u0101de \u201cK\u0101rliena\u201d\",\"isPartOf\":{\"@id\":\"https:\/\/izglitiba.valmierasnovads.lv\/karliena\/#website\"},\"primaryImageOfPage\":{\"@id\":\"https:\/\/izglitiba.valmierasnovads.lv\/karliena\/2025\/12\/08\/vinnija-puka-grupas-ciemos-dosanas-uz-valmieras-biblioteku\/#primaryimage\"},\"image\":{\"@id\":\"https:\/\/izglitiba.valmierasnovads.lv\/karliena\/2025\/12\/08\/vinnija-puka-grupas-ciemos-dosanas-uz-valmieras-biblioteku\/#primaryimage\"},\"thumbnailUrl\":\"https:\/\/izglitiba.valmierasnovads.lv\/karliena\/wp-content\/uploads\/sites\/8\/2025\/12\/Bildes-Karlienas-majaslapai-sadalai-JAUNUMI-1-e1765225098418.jpg\",\"datePublished\":\"2025-12-08T20:18:24+00:00\",\"dateModified\":\"2025-12-08T21:29:07+00:00\",\"breadcrumb\":{\"@id\":\"https:\/\/izglitiba.valmierasnovads.lv\/karliena\/2025\/12\/08\/vinnija-puka-grupas-ciemos-dosanas-uz-valmieras-biblioteku\/#breadcrumb\"},\"inLanguage\":\"lv-LV\",\"potentialAction\":[{\"@type\":\"ReadAction\",\"target\":[\"https:\/\/izglitiba.valmierasnovads.lv\/karliena\/2025\/12\/08\/vinnija-puka-grupas-ciemos-dosanas-uz-valmieras-biblioteku\/\"]}]},{\"@type\":\"ImageObject\",\"inLanguage\":\"lv-LV\",\"@id\":\"https:\/\/izglitiba.valmierasnovads.lv\/karliena\/2025\/12\/08\/vinnija-puka-grupas-ciemos-dosanas-uz-valmieras-biblioteku\/#primaryimage\",\"url\":\"https:\/\/izglitiba.valmierasnovads.lv\/karliena\/wp-content\/uploads\/sites\/8\/2025\/12\/Bildes-Karlienas-majaslapai-sadalai-JAUNUMI-1-e1765225098418.jpg\",\"contentUrl\":\"https:\/\/izglitiba.valmierasnovads.lv\/karliena\/wp-content\/uploads\/sites\/8\/2025\/12\/Bildes-Karlienas-majaslapai-sadalai-JAUNUMI-1-e1765225098418.jpg\",\"width\":2000,\"height\":1414},{\"@type\":\"BreadcrumbList\",\"@id\":\"https:\/\/izglitiba.valmierasnovads.lv\/karliena\/2025\/12\/08\/vinnija-puka-grupas-ciemos-dosanas-uz-valmieras-biblioteku\/#breadcrumb\",\"itemListElement\":[{\"@type\":\"ListItem\",\"position\":1,\"name\":\"Home\",\"item\":\"https:\/\/izglitiba.valmierasnovads.lv\/karliena\/\"},{\"@type\":\"ListItem\",\"position\":2,\"name\":\"Vinnija P\u016bka grupas ciemos do\u0161an\u0101s uz Valmieras bibliot\u0113ku\"}]},{\"@type\":\"WebSite\",\"@id\":\"https:\/\/izglitiba.valmierasnovads.lv\/karliena\/#website\",\"url\":\"https:\/\/izglitiba.valmierasnovads.lv\/karliena\/\",\"name\":\"Valmieras pirmsskolas izgl\u012bt\u012bbas iest\u0101de \u201cK\u0101rliena\u201d\",\"description\":\"\",\"publisher\":{\"@id\":\"https:\/\/izglitiba.valmierasnovads.lv\/karliena\/#organization\"},\"potentialAction\":[{\"@type\":\"SearchAction\",\"target\":{\"@type\":\"EntryPoint\",\"urlTemplate\":\"https:\/\/izglitiba.valmierasnovads.lv\/karliena\/?s={search_term_string}\"},\"query-input\":{\"@type\":\"PropertyValueSpecification\",\"valueRequired\":true,\"valueName\":\"search_term_string\"}}],\"inLanguage\":\"lv-LV\"},{\"@type\":\"Organization\",\"@id\":\"https:\/\/izglitiba.valmierasnovads.lv\/karliena\/#organization\",\"name\":\"Valmieras pirmsskolas izgl\u012bt\u012bbas iest\u0101de \u201cK\u0101rliena\u201d\",\"url\":\"https:\/\/izglitiba.valmierasnovads.lv\/karliena\/\",\"logo\":{\"@type\":\"ImageObject\",\"inLanguage\":\"lv-LV\",\"@id\":\"https:\/\/izglitiba.valmierasnovads.lv\/karliena\/#\/schema\/logo\/image\/\",\"url\":\"https:\/\/izglitiba.valmierasnovads.lv\/karliena\/wp-content\/uploads\/sites\/8\/2025\/04\/cropped-karliena_logo-removebg-preview-1.png\",\"contentUrl\":\"https:\/\/izglitiba.valmierasnovads.lv\/karliena\/wp-content\/uploads\/sites\/8\/2025\/04\/cropped-karliena_logo-removebg-preview-1.png\",\"width\":680,\"height\":339,\"caption\":\"Valmieras pirmsskolas izgl\u012bt\u012bbas iest\u0101de \u201cK\u0101rliena\u201d\"},\"image\":{\"@id\":\"https:\/\/izglitiba.valmierasnovads.lv\/karliena\/#\/schema\/logo\/image\/\"}},{\"@type\":\"Person\",\"@id\":\"https:\/\/izglitiba.valmierasnovads.lv\/karliena\/#\/schema\/person\/5a4dd824bc0b9f39219bc18d3ca784ad\",\"name\":\"sigitatama\",\"image\":{\"@type\":\"ImageObject\",\"inLanguage\":\"lv-LV\",\"@id\":\"https:\/\/izglitiba.valmierasnovads.lv\/karliena\/#\/schema\/person\/image\/\",\"url\":\"https:\/\/secure.gravatar.com\/avatar\/edcda2febac8dc2871e72734b55dc0a1bb246f0350c7039df13fe9c79b3e6c18?s=96&d=mm&r=g\",\"contentUrl\":\"https:\/\/secure.gravatar.com\/avatar\/edcda2febac8dc2871e72734b55dc0a1bb246f0350c7039df13fe9c79b3e6c18?s=96&d=mm&r=g\",\"caption\":\"sigitatama\"},\"url\":\"https:\/\/izglitiba.valmierasnovads.lv\/karliena\/author\/sigitatama\/\"}]}<\/script>\n<!-- \/ Yoast SEO plugin. -->","yoast_head_json":{"title":"Vinnija P\u016bka grupas ciemos do\u0161an\u0101s uz Valmieras bibliot\u0113ku - Valmieras pirmsskolas izgl\u012bt\u012bbas iest\u0101de \u201cK\u0101rliena\u201d","robots":{"index":"index","follow":"follow","max-snippet":"max-snippet:-1","max-image-preview":"max-image-preview:large","max-video-preview":"max-video-preview:-1"},"canonical":"https:\/\/izglitiba.valmierasnovads.lv\/karliena\/2025\/12\/08\/vinnija-puka-grupas-ciemos-dosanas-uz-valmieras-biblioteku\/","og_locale":"lv_LV","og_type":"article","og_title":"Vinnija P\u016bka grupas ciemos do\u0161an\u0101s uz Valmieras bibliot\u0113ku - Valmieras pirmsskolas izgl\u012bt\u012bbas iest\u0101de \u201cK\u0101rliena\u201d","og_description":"2025. gada 8.decembr\u012b\u00a0Vinnija P\u016bka grupas b\u0113rni dev\u0101s izzino\u0161\u0101 un aizraujo\u0161\u0101 ekskursij\u0101 uz Valmieras bibliot\u0113ku. Viz\u012btes laik\u0101 b\u0113rni iepazin\u0101s ar bibliot\u0113kas [&hellip;]","og_url":"https:\/\/izglitiba.valmierasnovads.lv\/karliena\/2025\/12\/08\/vinnija-puka-grupas-ciemos-dosanas-uz-valmieras-biblioteku\/","og_site_name":"Valmieras pirmsskolas izgl\u012bt\u012bbas iest\u0101de \u201cK\u0101rliena\u201d","article_published_time":"2025-12-08T20:18:24+00:00","article_modified_time":"2025-12-08T21:29:07+00:00","og_image":[{"width":2000,"height":1414,"url":"https:\/\/izglitiba.valmierasnovads.lv\/karliena\/wp-content\/uploads\/sites\/8\/2025\/12\/Bildes-Karlienas-majaslapai-sadalai-JAUNUMI-1-e1765225098418.jpg","type":"image\/jpeg"}],"author":"sigitatama","twitter_card":"summary_large_image","twitter_misc":{"Written by":"sigitatama","Est. reading time":"1 min\u016bte"},"schema":{"@context":"https:\/\/schema.org","@graph":[{"@type":"Article","@id":"https:\/\/izglitiba.valmierasnovads.lv\/karliena\/2025\/12\/08\/vinnija-puka-grupas-ciemos-dosanas-uz-valmieras-biblioteku\/#article","isPartOf":{"@id":"https:\/\/izglitiba.valmierasnovads.lv\/karliena\/2025\/12\/08\/vinnija-puka-grupas-ciemos-dosanas-uz-valmieras-biblioteku\/"},"author":{"name":"sigitatama","@id":"https:\/\/izglitiba.valmierasnovads.lv\/karliena\/#\/schema\/person\/5a4dd824bc0b9f39219bc18d3ca784ad"},"headline":"Vinnija P\u016bka grupas ciemos do\u0161an\u0101s uz Valmieras bibliot\u0113ku","datePublished":"2025-12-08T20:18:24+00:00","dateModified":"2025-12-08T21:29:07+00:00","mainEntityOfPage":{"@id":"https:\/\/izglitiba.valmierasnovads.lv\/karliena\/2025\/12\/08\/vinnija-puka-grupas-ciemos-dosanas-uz-valmieras-biblioteku\/"},"wordCount":130,"publisher":{"@id":"https:\/\/izglitiba.valmierasnovads.lv\/karliena\/#organization"},"image":{"@id":"https:\/\/izglitiba.valmierasnovads.lv\/karliena\/2025\/12\/08\/vinnija-puka-grupas-ciemos-dosanas-uz-valmieras-biblioteku\/#primaryimage"},"thumbnailUrl":"https:\/\/izglitiba.valmierasnovads.lv\/karliena\/wp-content\/uploads\/sites\/8\/2025\/12\/Bildes-Karlienas-majaslapai-sadalai-JAUNUMI-1-e1765225098418.jpg","articleSection":["Aktivit\u0101tes"],"inLanguage":"lv-LV"},{"@type":"WebPage","@id":"https:\/\/izglitiba.valmierasnovads.lv\/karliena\/2025\/12\/08\/vinnija-puka-grupas-ciemos-dosanas-uz-valmieras-biblioteku\/","url":"https:\/\/izglitiba.valmierasnovads.lv\/karliena\/2025\/12\/08\/vinnija-puka-grupas-ciemos-dosanas-uz-valmieras-biblioteku\/","name":"Vinnija P\u016bka grupas ciemos do\u0161an\u0101s uz Valmieras bibliot\u0113ku - Valmieras pirmsskolas izgl\u012bt\u012bbas iest\u0101de \u201cK\u0101rliena\u201d","isPartOf":{"@id":"https:\/\/izglitiba.valmierasnovads.lv\/karliena\/#website"},"primaryImageOfPage":{"@id":"https:\/\/izglitiba.valmierasnovads.lv\/karliena\/2025\/12\/08\/vinnija-puka-grupas-ciemos-dosanas-uz-valmieras-biblioteku\/#primaryimage"},"image":{"@id":"https:\/\/izglitiba.valmierasnovads.lv\/karliena\/2025\/12\/08\/vinnija-puka-grupas-ciemos-dosanas-uz-valmieras-biblioteku\/#primaryimage"},"thumbnailUrl":"https:\/\/izglitiba.valmierasnovads.lv\/karliena\/wp-content\/uploads\/sites\/8\/2025\/12\/Bildes-Karlienas-majaslapai-sadalai-JAUNUMI-1-e1765225098418.jpg","datePublished":"2025-12-08T20:18:24+00:00","dateModified":"2025-12-08T21:29:07+00:00","breadcrumb":{"@id":"https:\/\/izglitiba.valmierasnovads.lv\/karliena\/2025\/12\/08\/vinnija-puka-grupas-ciemos-dosanas-uz-valmieras-biblioteku\/#breadcrumb"},"inLanguage":"lv-LV","potentialAction":[{"@type":"ReadAction","target":["https:\/\/izglitiba.valmierasnovads.lv\/karliena\/2025\/12\/08\/vinnija-puka-grupas-ciemos-dosanas-uz-valmieras-biblioteku\/"]}]},{"@type":"ImageObject","inLanguage":"lv-LV","@id":"https:\/\/izglitiba.valmierasnovads.lv\/karliena\/2025\/12\/08\/vinnija-puka-grupas-ciemos-dosanas-uz-valmieras-biblioteku\/#primaryimage","url":"https:\/\/izglitiba.valmierasnovads.lv\/karliena\/wp-content\/uploads\/sites\/8\/2025\/12\/Bildes-Karlienas-majaslapai-sadalai-JAUNUMI-1-e1765225098418.jpg","contentUrl":"https:\/\/izglitiba.valmierasnovads.lv\/karliena\/wp-content\/uploads\/sites\/8\/2025\/12\/Bildes-Karlienas-majaslapai-sadalai-JAUNUMI-1-e1765225098418.jpg","width":2000,"height":1414},{"@type":"BreadcrumbList","@id":"https:\/\/izglitiba.valmierasnovads.lv\/karliena\/2025\/12\/08\/vinnija-puka-grupas-ciemos-dosanas-uz-valmieras-biblioteku\/#breadcrumb","itemListElement":[{"@type":"ListItem","position":1,"name":"Home","item":"https:\/\/izglitiba.valmierasnovads.lv\/karliena\/"},{"@type":"ListItem","position":2,"name":"Vinnija P\u016bka grupas ciemos do\u0161an\u0101s uz Valmieras bibliot\u0113ku"}]},{"@type":"WebSite","@id":"https:\/\/izglitiba.valmierasnovads.lv\/karliena\/#website","url":"https:\/\/izglitiba.valmierasnovads.lv\/karliena\/","name":"Valmieras pirmsskolas izgl\u012bt\u012bbas iest\u0101de \u201cK\u0101rliena\u201d","description":"","publisher":{"@id":"https:\/\/izglitiba.valmierasnovads.lv\/karliena\/#organization"},"potentialAction":[{"@type":"SearchAction","target":{"@type":"EntryPoint","urlTemplate":"https:\/\/izglitiba.valmierasnovads.lv\/karliena\/?s={search_term_string}"},"query-input":{"@type":"PropertyValueSpecification","valueRequired":true,"valueName":"search_term_string"}}],"inLanguage":"lv-LV"},{"@type":"Organization","@id":"https:\/\/izglitiba.valmierasnovads.lv\/karliena\/#organization","name":"Valmieras pirmsskolas izgl\u012bt\u012bbas iest\u0101de \u201cK\u0101rliena\u201d","url":"https:\/\/izglitiba.valmierasnovads.lv\/karliena\/","logo":{"@type":"ImageObject","inLanguage":"lv-LV","@id":"https:\/\/izglitiba.valmierasnovads.lv\/karliena\/#\/schema\/logo\/image\/","url":"https:\/\/izglitiba.valmierasnovads.lv\/karliena\/wp-content\/uploads\/sites\/8\/2025\/04\/cropped-karliena_logo-removebg-preview-1.png","contentUrl":"https:\/\/izglitiba.valmierasnovads.lv\/karliena\/wp-content\/uploads\/sites\/8\/2025\/04\/cropped-karliena_logo-removebg-preview-1.png","width":680,"height":339,"caption":"Valmieras pirmsskolas izgl\u012bt\u012bbas iest\u0101de \u201cK\u0101rliena\u201d"},"image":{"@id":"https:\/\/izglitiba.valmierasnovads.lv\/karliena\/#\/schema\/logo\/image\/"}},{"@type":"Person","@id":"https:\/\/izglitiba.valmierasnovads.lv\/karliena\/#\/schema\/person\/5a4dd824bc0b9f39219bc18d3ca784ad","name":"sigitatama","image":{"@type":"ImageObject","inLanguage":"lv-LV","@id":"https:\/\/izglitiba.valmierasnovads.lv\/karliena\/#\/schema\/person\/image\/","url":"https:\/\/secure.gravatar.com\/avatar\/edcda2febac8dc2871e72734b55dc0a1bb246f0350c7039df13fe9c79b3e6c18?s=96&d=mm&r=g","contentUrl":"https:\/\/secure.gravatar.com\/avatar\/edcda2febac8dc2871e72734b55dc0a1bb246f0350c7039df13fe9c79b3e6c18?s=96&d=mm&r=g","caption":"sigitatama"},"url":"https:\/\/izglitiba.valmierasnovads.lv\/karliena\/author\/sigitatama\/"}]}},"_links":{"self":[{"href":"https:\/\/izglitiba.valmierasnovads.lv\/karliena\/wp-json\/wp\/v2\/posts\/962","targetHints":{"allow":["GET"]}}],"collection":[{"href":"https:\/\/izglitiba.valmierasnovads.lv\/karliena\/wp-json\/wp\/v2\/posts"}],"about":[{"href":"https:\/\/izglitiba.valmierasnovads.lv\/karliena\/wp-json\/wp\/v2\/types\/post"}],"author":[{"embeddable":true,"href":"https:\/\/izglitiba.valmierasnovads.lv\/karliena\/wp-json\/wp\/v2\/users\/13"}],"replies":[{"embeddable":true,"href":"https:\/\/izglitiba.valmierasnovads.lv\/karliena\/wp-json\/wp\/v2\/comments?post=962"}],"version-history":[{"count":4,"href":"https:\/\/izglitiba.valmierasnovads.lv\/karliena\/wp-json\/wp\/v2\/posts\/962\/revisions"}],"predecessor-version":[{"id":971,"href":"https:\/\/izglitiba.valmierasnovads.lv\/karliena\/wp-json\/wp\/v2\/posts\/962\/revisions\/971"}],"wp:featuredmedia":[{"embeddable":true,"href":"https:\/\/izglitiba.valmierasnovads.lv\/karliena\/wp-json\/wp\/v2\/media\/963"}],"wp:attachment":[{"href":"https:\/\/izglitiba.valmierasnovads.lv\/karliena\/wp-json\/wp\/v2\/media?parent=962"}],"wp:term":[{"taxonomy":"category","embeddable":true,"href":"https:\/\/izglitiba.valmierasnovads.lv\/karliena\/wp-json\/wp\/v2\/categories?post=962"},{"taxonomy":"post_tag","embeddable":true,"href":"https:\/\/izglitiba.valmierasnovads.lv\/karliena\/wp-json\/wp\/v2\/tags?post=962"}],"curies":[{"name":"wp","href":"https:\/\/api.w.org\/{rel}","templated":true}]}}