{"id":357,"date":"2025-12-22T09:11:02","date_gmt":"2025-12-22T07:11:02","guid":{"rendered":"https:\/\/izglitiba.valmierasnovads.lv\/kracites\/?p=357"},"modified":"2025-12-22T09:12:11","modified_gmt":"2025-12-22T07:12:11","slug":"drosiba-uz-cela","status":"publish","type":"post","link":"https:\/\/izglitiba.valmierasnovads.lv\/kracites\/2025\/12\/22\/drosiba-uz-cela\/","title":{"rendered":"Dro\u0161\u012bba uz ce\u013ca"},"content":{"rendered":"\n<p>P\u0101rst\u0101vji no autoskolas \u201cLauris\u201d viesoj\u0101s pie b\u0113rniem, lai izgl\u012btojo\u0161\u0101 un b\u0113rniem saprotam\u0101 veid\u0101 past\u0101st\u012btu par dro\u0161\u012bbu saist\u012bb\u0101 ar lielgabar\u012bta automa\u0161\u012bn\u0101m. B\u0113rni uzzin\u0101ja, kas ir kravas automa\u0161\u012bnas un autobusi, k\u0101p\u0113c t\u0101s ir \u012bpa\u0161i b\u012bstamas satiksm\u0113 un k\u0101das ir to \u201cakl\u0101s zonas\u201d, kur\u0101s vad\u012bt\u0101js b\u0113rnus nevar paman\u012bt. Sarunas laik\u0101 tika uzsv\u0113rts, cik svar\u012bgi ir iev\u0113rot dro\u0161u att\u0101lumu, nekad nesp\u0113l\u0113ties transportl\u012bdzek\u013cu tuvum\u0101 un uzman\u012bgi \u0161\u0137\u0113rsot ielu. B\u0113rniem bija iesp\u0113ja uzdot jaut\u0101jumus, dal\u012bties sav\u0101 pieredz\u0113 un nostiprin\u0101t zin\u0101\u0161anas par dro\u0161u uzved\u012bbu uz ce\u013ca. Otraj\u0101 nodarb\u012bbas da\u013c\u0101 b\u0113rniem bija unik\u0101la iesp\u0113ja tuvum\u0101 iepaz\u012bt lielu kravas automa\u0161\u012bnu un pa\u0161iem p\u0101rliecin\u0101ties, k\u0101 to redz autovad\u012bt\u0101js. Ar lielu interesi un prieku b\u0113rni k\u0101pa kravas automa\u0161\u012bnas kab\u012bn\u0113, s\u0113d\u0101s vad\u012bt\u0101ja viet\u0101 un v\u0113roja apk\u0101rt notieko\u0161o no pavisam cita skatpunkta. Vair\u0101ki b\u0113rni atzina, ka no aug\u0161as cilv\u0113ki un priek\u0161meti izskat\u0101s pavisam cit\u0101d\u0101k k\u0101 ikdien\u0101. \u0160\u0101d\u0101 veid\u0101 b\u0113rni guva izpratni par to, cik augstu atrodas vad\u012bt\u0101js un k\u0101 main\u0101s redzam\u012bba. Praktisko aktivit\u0101\u0161u laik\u0101 b\u0113rni akt\u012bvi piedal\u012bj\u0101s uzdevumos, kuros tika p\u0101rbaud\u012bts, vai b\u0113rns ir redzams autovad\u012bt\u0101jam, st\u0101vot kravas automa\u0161\u012bnas priek\u0161\u0101, aizmugur\u0113 vai s\u0101nos. Kop\u012bgi tika p\u0101rrun\u0101tas t\u0101 saukt\u0101s \u201cakl\u0101s zonas\u201d un uzsv\u0113rts, cik svar\u012bgi ir neatrasties p\u0101r\u0101k tuvu lielajiem transportl\u012bdzek\u013ciem. Praktisk\u0101 darbo\u0161an\u0101s pal\u012bdz\u0113ja b\u0113rniem lab\u0101k izprast dro\u0161as uzved\u012bbas noteikumus ce\u013cu satiksm\u0113 un apzin\u0101ties iesp\u0113jam\u0101s briesmas ikdienas situ\u0101cij\u0101s. \u0160\u012b pieredze b\u0113rniem pal\u012bdz\u0113ja lab\u0101k izprast satiksmes dro\u0161\u012bbas noz\u012bmi un att\u012bst\u012bt atbild\u012bgu attieksmi pret savu dro\u0161\u012bbu ikdien\u0101. Nodarb\u012bba bija ne tikai izgl\u012btojo\u0161a, bet ar\u012b \u013coti aizraujo\u0161a, atst\u0101jot b\u0113rnos spilgtus iespaidus un v\u0113rt\u012bgas atzi\u0146as par dro\u0161u uzved\u012bbu ce\u013cu satiksm\u0113.<\/p>\n\n\n\n<p>\u00a0\u00a0\u00a0\u00a0\u00a0\u00a0\u00a0\u00a0\u00a0\u00a0\u00a0\u00a0\u00a0\u00a0\u00a0\u00a0\u00a0\u00a0\u00a0\u00a0\u00a0 \u00a0\u00a0\u00a0\u00a0\u00a0\u00a0\u00a0\u00a0\u00a0\u00a0\u00a0\u00a0\u00a0\u00a0\u00a0\u00a0\u00a0\u00a0\u00a0\u00a0\u00a0\u00a0\u00a0\u00a0\u00a0\u00a0\u00a0\u00a0\u00a0\u00a0\u00a0\u00a0\u00a0\u00a0\u00a0\u00a0\u00a0\u00a0\u00a0\u00a0\u00a0\u00a0\u00a0\u00a0\u00a0\u00a0\u00a0\u00a0\u00a0\u00a0\u00a0\u00a0\u00a0\u00a0\u00a0\u00a0\u00a0\u00a0\u00a0\u00a0\u00a0Pirmsskolas izgl\u012bt\u012bbas skolot\u0101ja Inga \u010cer\u0146avska<\/p>\n\n\n\n<figure class=\"wp-block-image size-large\"><img loading=\"lazy\" decoding=\"async\" width=\"1024\" height=\"1024\" src=\"https:\/\/izglitiba.valmierasnovads.lv\/kracites\/wp-content\/uploads\/sites\/5\/2025\/12\/1766153237909-1024x1024.jpg\" alt=\"\" class=\"wp-image-359\" srcset=\"https:\/\/izglitiba.valmierasnovads.lv\/kracites\/wp-content\/uploads\/sites\/5\/2025\/12\/1766153237909-1024x1024.jpg 1024w, https:\/\/izglitiba.valmierasnovads.lv\/kracites\/wp-content\/uploads\/sites\/5\/2025\/12\/1766153237909-300x300.jpg 300w, https:\/\/izglitiba.valmierasnovads.lv\/kracites\/wp-content\/uploads\/sites\/5\/2025\/12\/1766153237909-150x150.jpg 150w, https:\/\/izglitiba.valmierasnovads.lv\/kracites\/wp-content\/uploads\/sites\/5\/2025\/12\/1766153237909-768x768.jpg 768w, https:\/\/izglitiba.valmierasnovads.lv\/kracites\/wp-content\/uploads\/sites\/5\/2025\/12\/1766153237909.jpg 1080w\" sizes=\"auto, (max-width: 1024px) 100vw, 1024px\" \/><\/figure>\n","protected":false},"excerpt":{"rendered":"<p>P\u0101rst\u0101vji no autoskolas \u201cLauris\u201d viesoj\u0101s pie b\u0113rniem, lai izgl\u012btojo\u0161\u0101 un b\u0113rniem saprotam\u0101 veid\u0101 past\u0101st\u012btu par dro\u0161\u012bbu saist\u012bb\u0101 ar lielgabar\u012bta automa\u0161\u012bn\u0101m. [&hellip;]<\/p>\n","protected":false},"author":49,"featured_media":358,"comment_status":"closed","ping_status":"closed","sticky":false,"template":"","format":"standard","meta":{"_acf_changed":false,"site-sidebar-layout":"default","site-content-layout":"","ast-site-content-layout":"default","site-content-style":"default","site-sidebar-style":"default","ast-global-header-display":"","ast-banner-title-visibility":"","ast-main-header-display":"","ast-hfb-above-header-display":"","ast-hfb-below-header-display":"","ast-hfb-mobile-header-display":"","site-post-title":"","ast-breadcrumbs-content":"","ast-featured-img":"","footer-sml-layout":"","ast-disable-related-posts":"","theme-transparent-header-meta":"","adv-header-id-meta":"","stick-header-meta":"","header-above-stick-meta":"","header-main-stick-meta":"","header-below-stick-meta":"","astra-migrate-meta-layouts":"default","ast-page-background-enabled":"default","ast-page-background-meta":{"desktop":{"background-color":"var(--ast-global-color-5)","background-image":"","background-repeat":"repeat","background-position":"center center","background-size":"auto","background-attachment":"scroll","background-type":"","background-media":"","overlay-type":"","overlay-color":"","overlay-opacity":"","overlay-gradient":""},"tablet":{"background-color":"","background-image":"","background-repeat":"repeat","background-position":"center center","background-size":"auto","background-attachment":"scroll","background-type":"","background-media":"","overlay-type":"","overlay-color":"","overlay-opacity":"","overlay-gradient":""},"mobile":{"background-color":"","background-image":"","background-repeat":"repeat","background-position":"center center","background-size":"auto","background-attachment":"scroll","background-type":"","background-media":"","overlay-type":"","overlay-color":"","overlay-opacity":"","overlay-gradient":""}},"ast-content-background-meta":{"desktop":{"background-color":"var(--ast-global-color-4)","background-image":"","background-repeat":"repeat","background-position":"center center","background-size":"auto","background-attachment":"scroll","background-type":"","background-media":"","overlay-type":"","overlay-color":"","overlay-opacity":"","overlay-gradient":""},"tablet":{"background-color":"var(--ast-global-color-4)","background-image":"","background-repeat":"repeat","background-position":"center center","background-size":"auto","background-attachment":"scroll","background-type":"","background-media":"","overlay-type":"","overlay-color":"","overlay-opacity":"","overlay-gradient":""},"mobile":{"background-color":"var(--ast-global-color-4)","background-image":"","background-repeat":"repeat","background-position":"center center","background-size":"auto","background-attachment":"scroll","background-type":"","background-media":"","overlay-type":"","overlay-color":"","overlay-opacity":"","overlay-gradient":""}},"footnotes":""},"categories":[5],"tags":[],"class_list":["post-357","post","type-post","status-publish","format-standard","has-post-thumbnail","hentry","category-pasakumi"],"acf":[],"yoast_head":"<!-- This site is optimized with the Yoast SEO plugin v27.0 - https:\/\/yoast.com\/product\/yoast-seo-wordpress\/ -->\n<title>Dro\u0161\u012bba uz ce\u013ca - Valmieras pirmsskolas izgl\u012bt\u012bbas iest\u0101de \u201cKR\u0100C\u012aTES\u201d<\/title>\n<meta name=\"robots\" content=\"index, follow, max-snippet:-1, max-image-preview:large, max-video-preview:-1\" \/>\n<link rel=\"canonical\" href=\"https:\/\/izglitiba.valmierasnovads.lv\/kracites\/2025\/12\/22\/drosiba-uz-cela\/\" \/>\n<meta property=\"og:locale\" content=\"lv_LV\" \/>\n<meta property=\"og:type\" content=\"article\" \/>\n<meta property=\"og:title\" content=\"Dro\u0161\u012bba uz ce\u013ca - Valmieras pirmsskolas izgl\u012bt\u012bbas iest\u0101de \u201cKR\u0100C\u012aTES\u201d\" \/>\n<meta property=\"og:description\" content=\"P\u0101rst\u0101vji no autoskolas \u201cLauris\u201d viesoj\u0101s pie b\u0113rniem, lai izgl\u012btojo\u0161\u0101 un b\u0113rniem saprotam\u0101 veid\u0101 past\u0101st\u012btu par dro\u0161\u012bbu saist\u012bb\u0101 ar lielgabar\u012bta automa\u0161\u012bn\u0101m. [&hellip;]\" \/>\n<meta property=\"og:url\" content=\"https:\/\/izglitiba.valmierasnovads.lv\/kracites\/2025\/12\/22\/drosiba-uz-cela\/\" \/>\n<meta property=\"og:site_name\" content=\"Valmieras pirmsskolas izgl\u012bt\u012bbas iest\u0101de \u201cKR\u0100C\u012aTES\u201d\" \/>\n<meta property=\"article:published_time\" content=\"2025-12-22T07:11:02+00:00\" \/>\n<meta property=\"article:modified_time\" content=\"2025-12-22T07:12:11+00:00\" \/>\n<meta property=\"og:image\" content=\"https:\/\/izglitiba.valmierasnovads.lv\/kracites\/wp-content\/uploads\/sites\/5\/2025\/12\/1766153418971-scaled.jpg\" \/>\n\t<meta property=\"og:image:width\" content=\"2560\" \/>\n\t<meta property=\"og:image:height\" content=\"1920\" \/>\n\t<meta property=\"og:image:type\" content=\"image\/jpeg\" \/>\n<meta name=\"author\" content=\"lailaeberharde\" \/>\n<meta name=\"twitter:card\" content=\"summary_large_image\" \/>\n<meta name=\"twitter:label1\" content=\"Written by\" \/>\n\t<meta name=\"twitter:data1\" content=\"lailaeberharde\" \/>\n\t<meta name=\"twitter:label2\" content=\"Est. reading time\" \/>\n\t<meta name=\"twitter:data2\" content=\"2 min\u016btes\" \/>\n<script type=\"application\/ld+json\" class=\"yoast-schema-graph\">{\"@context\":\"https:\/\/schema.org\",\"@graph\":[{\"@type\":\"Article\",\"@id\":\"https:\/\/izglitiba.valmierasnovads.lv\/kracites\/2025\/12\/22\/drosiba-uz-cela\/#article\",\"isPartOf\":{\"@id\":\"https:\/\/izglitiba.valmierasnovads.lv\/kracites\/2025\/12\/22\/drosiba-uz-cela\/\"},\"author\":{\"name\":\"lailaeberharde\",\"@id\":\"https:\/\/izglitiba.valmierasnovads.lv\/kracites\/#\/schema\/person\/ea08473ae9fb5a23b4aecbe77d49672c\"},\"headline\":\"Dro\u0161\u012bba uz ce\u013ca\",\"datePublished\":\"2025-12-22T07:11:02+00:00\",\"dateModified\":\"2025-12-22T07:12:11+00:00\",\"mainEntityOfPage\":{\"@id\":\"https:\/\/izglitiba.valmierasnovads.lv\/kracites\/2025\/12\/22\/drosiba-uz-cela\/\"},\"wordCount\":397,\"publisher\":{\"@id\":\"https:\/\/izglitiba.valmierasnovads.lv\/kracites\/#organization\"},\"image\":{\"@id\":\"https:\/\/izglitiba.valmierasnovads.lv\/kracites\/2025\/12\/22\/drosiba-uz-cela\/#primaryimage\"},\"thumbnailUrl\":\"https:\/\/izglitiba.valmierasnovads.lv\/kracites\/wp-content\/uploads\/sites\/5\/2025\/12\/1766153418971-scaled.jpg\",\"articleSection\":[\"Pas\u0101kumi\"],\"inLanguage\":\"lv-LV\"},{\"@type\":\"WebPage\",\"@id\":\"https:\/\/izglitiba.valmierasnovads.lv\/kracites\/2025\/12\/22\/drosiba-uz-cela\/\",\"url\":\"https:\/\/izglitiba.valmierasnovads.lv\/kracites\/2025\/12\/22\/drosiba-uz-cela\/\",\"name\":\"Dro\u0161\u012bba uz ce\u013ca - Valmieras pirmsskolas izgl\u012bt\u012bbas iest\u0101de \u201cKR\u0100C\u012aTES\u201d\",\"isPartOf\":{\"@id\":\"https:\/\/izglitiba.valmierasnovads.lv\/kracites\/#website\"},\"primaryImageOfPage\":{\"@id\":\"https:\/\/izglitiba.valmierasnovads.lv\/kracites\/2025\/12\/22\/drosiba-uz-cela\/#primaryimage\"},\"image\":{\"@id\":\"https:\/\/izglitiba.valmierasnovads.lv\/kracites\/2025\/12\/22\/drosiba-uz-cela\/#primaryimage\"},\"thumbnailUrl\":\"https:\/\/izglitiba.valmierasnovads.lv\/kracites\/wp-content\/uploads\/sites\/5\/2025\/12\/1766153418971-scaled.jpg\",\"datePublished\":\"2025-12-22T07:11:02+00:00\",\"dateModified\":\"2025-12-22T07:12:11+00:00\",\"breadcrumb\":{\"@id\":\"https:\/\/izglitiba.valmierasnovads.lv\/kracites\/2025\/12\/22\/drosiba-uz-cela\/#breadcrumb\"},\"inLanguage\":\"lv-LV\",\"potentialAction\":[{\"@type\":\"ReadAction\",\"target\":[\"https:\/\/izglitiba.valmierasnovads.lv\/kracites\/2025\/12\/22\/drosiba-uz-cela\/\"]}]},{\"@type\":\"ImageObject\",\"inLanguage\":\"lv-LV\",\"@id\":\"https:\/\/izglitiba.valmierasnovads.lv\/kracites\/2025\/12\/22\/drosiba-uz-cela\/#primaryimage\",\"url\":\"https:\/\/izglitiba.valmierasnovads.lv\/kracites\/wp-content\/uploads\/sites\/5\/2025\/12\/1766153418971-scaled.jpg\",\"contentUrl\":\"https:\/\/izglitiba.valmierasnovads.lv\/kracites\/wp-content\/uploads\/sites\/5\/2025\/12\/1766153418971-scaled.jpg\",\"width\":2560,\"height\":1920},{\"@type\":\"BreadcrumbList\",\"@id\":\"https:\/\/izglitiba.valmierasnovads.lv\/kracites\/2025\/12\/22\/drosiba-uz-cela\/#breadcrumb\",\"itemListElement\":[{\"@type\":\"ListItem\",\"position\":1,\"name\":\"Home\",\"item\":\"https:\/\/izglitiba.valmierasnovads.lv\/kracites\/\"},{\"@type\":\"ListItem\",\"position\":2,\"name\":\"Dro\u0161\u012bba uz ce\u013ca\"}]},{\"@type\":\"WebSite\",\"@id\":\"https:\/\/izglitiba.valmierasnovads.lv\/kracites\/#website\",\"url\":\"https:\/\/izglitiba.valmierasnovads.lv\/kracites\/\",\"name\":\"Valmieras pirmsskolas izgl\u012bt\u012bbas iest\u0101de \u201cKR\u0100C\u012aTES\u201d\",\"description\":\"\",\"publisher\":{\"@id\":\"https:\/\/izglitiba.valmierasnovads.lv\/kracites\/#organization\"},\"potentialAction\":[{\"@type\":\"SearchAction\",\"target\":{\"@type\":\"EntryPoint\",\"urlTemplate\":\"https:\/\/izglitiba.valmierasnovads.lv\/kracites\/?s={search_term_string}\"},\"query-input\":{\"@type\":\"PropertyValueSpecification\",\"valueRequired\":true,\"valueName\":\"search_term_string\"}}],\"inLanguage\":\"lv-LV\"},{\"@type\":\"Organization\",\"@id\":\"https:\/\/izglitiba.valmierasnovads.lv\/kracites\/#organization\",\"name\":\"Valmieras pirmsskolas izgl\u012bt\u012bbas iest\u0101de \u201cKR\u0100C\u012aTES\u201d\",\"url\":\"https:\/\/izglitiba.valmierasnovads.lv\/kracites\/\",\"logo\":{\"@type\":\"ImageObject\",\"inLanguage\":\"lv-LV\",\"@id\":\"https:\/\/izglitiba.valmierasnovads.lv\/kracites\/#\/schema\/logo\/image\/\",\"url\":\"https:\/\/izglitiba.valmierasnovads.lv\/kracites\/wp-content\/uploads\/sites\/5\/2026\/04\/cropped-Pirmsskolas-izglitibas-iestades-ar-pasu-logo-2-scaled-1-1.png\",\"contentUrl\":\"https:\/\/izglitiba.valmierasnovads.lv\/kracites\/wp-content\/uploads\/sites\/5\/2026\/04\/cropped-Pirmsskolas-izglitibas-iestades-ar-pasu-logo-2-scaled-1-1.png\",\"width\":1389,\"height\":405,\"caption\":\"Valmieras pirmsskolas izgl\u012bt\u012bbas iest\u0101de \u201cKR\u0100C\u012aTES\u201d\"},\"image\":{\"@id\":\"https:\/\/izglitiba.valmierasnovads.lv\/kracites\/#\/schema\/logo\/image\/\"}},{\"@type\":\"Person\",\"@id\":\"https:\/\/izglitiba.valmierasnovads.lv\/kracites\/#\/schema\/person\/ea08473ae9fb5a23b4aecbe77d49672c\",\"name\":\"lailaeberharde\",\"image\":{\"@type\":\"ImageObject\",\"inLanguage\":\"lv-LV\",\"@id\":\"https:\/\/izglitiba.valmierasnovads.lv\/kracites\/#\/schema\/person\/image\/\",\"url\":\"https:\/\/secure.gravatar.com\/avatar\/b1879baf3bd51ee89cf57ca5d02084b4583724d6640080614d82d948788a13e0?s=96&d=mm&r=g\",\"contentUrl\":\"https:\/\/secure.gravatar.com\/avatar\/b1879baf3bd51ee89cf57ca5d02084b4583724d6640080614d82d948788a13e0?s=96&d=mm&r=g\",\"caption\":\"lailaeberharde\"},\"url\":\"https:\/\/izglitiba.valmierasnovads.lv\/kracites\/author\/lailaeberharde\/\"}]}<\/script>\n<!-- \/ Yoast SEO plugin. -->","yoast_head_json":{"title":"Dro\u0161\u012bba uz ce\u013ca - Valmieras pirmsskolas izgl\u012bt\u012bbas iest\u0101de \u201cKR\u0100C\u012aTES\u201d","robots":{"index":"index","follow":"follow","max-snippet":"max-snippet:-1","max-image-preview":"max-image-preview:large","max-video-preview":"max-video-preview:-1"},"canonical":"https:\/\/izglitiba.valmierasnovads.lv\/kracites\/2025\/12\/22\/drosiba-uz-cela\/","og_locale":"lv_LV","og_type":"article","og_title":"Dro\u0161\u012bba uz ce\u013ca - Valmieras pirmsskolas izgl\u012bt\u012bbas iest\u0101de \u201cKR\u0100C\u012aTES\u201d","og_description":"P\u0101rst\u0101vji no autoskolas \u201cLauris\u201d viesoj\u0101s pie b\u0113rniem, lai izgl\u012btojo\u0161\u0101 un b\u0113rniem saprotam\u0101 veid\u0101 past\u0101st\u012btu par dro\u0161\u012bbu saist\u012bb\u0101 ar lielgabar\u012bta automa\u0161\u012bn\u0101m. [&hellip;]","og_url":"https:\/\/izglitiba.valmierasnovads.lv\/kracites\/2025\/12\/22\/drosiba-uz-cela\/","og_site_name":"Valmieras pirmsskolas izgl\u012bt\u012bbas iest\u0101de \u201cKR\u0100C\u012aTES\u201d","article_published_time":"2025-12-22T07:11:02+00:00","article_modified_time":"2025-12-22T07:12:11+00:00","og_image":[{"width":2560,"height":1920,"url":"https:\/\/izglitiba.valmierasnovads.lv\/kracites\/wp-content\/uploads\/sites\/5\/2025\/12\/1766153418971-scaled.jpg","type":"image\/jpeg"}],"author":"lailaeberharde","twitter_card":"summary_large_image","twitter_misc":{"Written by":"lailaeberharde","Est. reading time":"2 min\u016btes"},"schema":{"@context":"https:\/\/schema.org","@graph":[{"@type":"Article","@id":"https:\/\/izglitiba.valmierasnovads.lv\/kracites\/2025\/12\/22\/drosiba-uz-cela\/#article","isPartOf":{"@id":"https:\/\/izglitiba.valmierasnovads.lv\/kracites\/2025\/12\/22\/drosiba-uz-cela\/"},"author":{"name":"lailaeberharde","@id":"https:\/\/izglitiba.valmierasnovads.lv\/kracites\/#\/schema\/person\/ea08473ae9fb5a23b4aecbe77d49672c"},"headline":"Dro\u0161\u012bba uz ce\u013ca","datePublished":"2025-12-22T07:11:02+00:00","dateModified":"2025-12-22T07:12:11+00:00","mainEntityOfPage":{"@id":"https:\/\/izglitiba.valmierasnovads.lv\/kracites\/2025\/12\/22\/drosiba-uz-cela\/"},"wordCount":397,"publisher":{"@id":"https:\/\/izglitiba.valmierasnovads.lv\/kracites\/#organization"},"image":{"@id":"https:\/\/izglitiba.valmierasnovads.lv\/kracites\/2025\/12\/22\/drosiba-uz-cela\/#primaryimage"},"thumbnailUrl":"https:\/\/izglitiba.valmierasnovads.lv\/kracites\/wp-content\/uploads\/sites\/5\/2025\/12\/1766153418971-scaled.jpg","articleSection":["Pas\u0101kumi"],"inLanguage":"lv-LV"},{"@type":"WebPage","@id":"https:\/\/izglitiba.valmierasnovads.lv\/kracites\/2025\/12\/22\/drosiba-uz-cela\/","url":"https:\/\/izglitiba.valmierasnovads.lv\/kracites\/2025\/12\/22\/drosiba-uz-cela\/","name":"Dro\u0161\u012bba uz ce\u013ca - Valmieras pirmsskolas izgl\u012bt\u012bbas iest\u0101de \u201cKR\u0100C\u012aTES\u201d","isPartOf":{"@id":"https:\/\/izglitiba.valmierasnovads.lv\/kracites\/#website"},"primaryImageOfPage":{"@id":"https:\/\/izglitiba.valmierasnovads.lv\/kracites\/2025\/12\/22\/drosiba-uz-cela\/#primaryimage"},"image":{"@id":"https:\/\/izglitiba.valmierasnovads.lv\/kracites\/2025\/12\/22\/drosiba-uz-cela\/#primaryimage"},"thumbnailUrl":"https:\/\/izglitiba.valmierasnovads.lv\/kracites\/wp-content\/uploads\/sites\/5\/2025\/12\/1766153418971-scaled.jpg","datePublished":"2025-12-22T07:11:02+00:00","dateModified":"2025-12-22T07:12:11+00:00","breadcrumb":{"@id":"https:\/\/izglitiba.valmierasnovads.lv\/kracites\/2025\/12\/22\/drosiba-uz-cela\/#breadcrumb"},"inLanguage":"lv-LV","potentialAction":[{"@type":"ReadAction","target":["https:\/\/izglitiba.valmierasnovads.lv\/kracites\/2025\/12\/22\/drosiba-uz-cela\/"]}]},{"@type":"ImageObject","inLanguage":"lv-LV","@id":"https:\/\/izglitiba.valmierasnovads.lv\/kracites\/2025\/12\/22\/drosiba-uz-cela\/#primaryimage","url":"https:\/\/izglitiba.valmierasnovads.lv\/kracites\/wp-content\/uploads\/sites\/5\/2025\/12\/1766153418971-scaled.jpg","contentUrl":"https:\/\/izglitiba.valmierasnovads.lv\/kracites\/wp-content\/uploads\/sites\/5\/2025\/12\/1766153418971-scaled.jpg","width":2560,"height":1920},{"@type":"BreadcrumbList","@id":"https:\/\/izglitiba.valmierasnovads.lv\/kracites\/2025\/12\/22\/drosiba-uz-cela\/#breadcrumb","itemListElement":[{"@type":"ListItem","position":1,"name":"Home","item":"https:\/\/izglitiba.valmierasnovads.lv\/kracites\/"},{"@type":"ListItem","position":2,"name":"Dro\u0161\u012bba uz ce\u013ca"}]},{"@type":"WebSite","@id":"https:\/\/izglitiba.valmierasnovads.lv\/kracites\/#website","url":"https:\/\/izglitiba.valmierasnovads.lv\/kracites\/","name":"Valmieras pirmsskolas izgl\u012bt\u012bbas iest\u0101de \u201cKR\u0100C\u012aTES\u201d","description":"","publisher":{"@id":"https:\/\/izglitiba.valmierasnovads.lv\/kracites\/#organization"},"potentialAction":[{"@type":"SearchAction","target":{"@type":"EntryPoint","urlTemplate":"https:\/\/izglitiba.valmierasnovads.lv\/kracites\/?s={search_term_string}"},"query-input":{"@type":"PropertyValueSpecification","valueRequired":true,"valueName":"search_term_string"}}],"inLanguage":"lv-LV"},{"@type":"Organization","@id":"https:\/\/izglitiba.valmierasnovads.lv\/kracites\/#organization","name":"Valmieras pirmsskolas izgl\u012bt\u012bbas iest\u0101de \u201cKR\u0100C\u012aTES\u201d","url":"https:\/\/izglitiba.valmierasnovads.lv\/kracites\/","logo":{"@type":"ImageObject","inLanguage":"lv-LV","@id":"https:\/\/izglitiba.valmierasnovads.lv\/kracites\/#\/schema\/logo\/image\/","url":"https:\/\/izglitiba.valmierasnovads.lv\/kracites\/wp-content\/uploads\/sites\/5\/2026\/04\/cropped-Pirmsskolas-izglitibas-iestades-ar-pasu-logo-2-scaled-1-1.png","contentUrl":"https:\/\/izglitiba.valmierasnovads.lv\/kracites\/wp-content\/uploads\/sites\/5\/2026\/04\/cropped-Pirmsskolas-izglitibas-iestades-ar-pasu-logo-2-scaled-1-1.png","width":1389,"height":405,"caption":"Valmieras pirmsskolas izgl\u012bt\u012bbas iest\u0101de \u201cKR\u0100C\u012aTES\u201d"},"image":{"@id":"https:\/\/izglitiba.valmierasnovads.lv\/kracites\/#\/schema\/logo\/image\/"}},{"@type":"Person","@id":"https:\/\/izglitiba.valmierasnovads.lv\/kracites\/#\/schema\/person\/ea08473ae9fb5a23b4aecbe77d49672c","name":"lailaeberharde","image":{"@type":"ImageObject","inLanguage":"lv-LV","@id":"https:\/\/izglitiba.valmierasnovads.lv\/kracites\/#\/schema\/person\/image\/","url":"https:\/\/secure.gravatar.com\/avatar\/b1879baf3bd51ee89cf57ca5d02084b4583724d6640080614d82d948788a13e0?s=96&d=mm&r=g","contentUrl":"https:\/\/secure.gravatar.com\/avatar\/b1879baf3bd51ee89cf57ca5d02084b4583724d6640080614d82d948788a13e0?s=96&d=mm&r=g","caption":"lailaeberharde"},"url":"https:\/\/izglitiba.valmierasnovads.lv\/kracites\/author\/lailaeberharde\/"}]}},"_links":{"self":[{"href":"https:\/\/izglitiba.valmierasnovads.lv\/kracites\/wp-json\/wp\/v2\/posts\/357","targetHints":{"allow":["GET"]}}],"collection":[{"href":"https:\/\/izglitiba.valmierasnovads.lv\/kracites\/wp-json\/wp\/v2\/posts"}],"about":[{"href":"https:\/\/izglitiba.valmierasnovads.lv\/kracites\/wp-json\/wp\/v2\/types\/post"}],"author":[{"embeddable":true,"href":"https:\/\/izglitiba.valmierasnovads.lv\/kracites\/wp-json\/wp\/v2\/users\/49"}],"replies":[{"embeddable":true,"href":"https:\/\/izglitiba.valmierasnovads.lv\/kracites\/wp-json\/wp\/v2\/comments?post=357"}],"version-history":[{"count":2,"href":"https:\/\/izglitiba.valmierasnovads.lv\/kracites\/wp-json\/wp\/v2\/posts\/357\/revisions"}],"predecessor-version":[{"id":361,"href":"https:\/\/izglitiba.valmierasnovads.lv\/kracites\/wp-json\/wp\/v2\/posts\/357\/revisions\/361"}],"wp:featuredmedia":[{"embeddable":true,"href":"https:\/\/izglitiba.valmierasnovads.lv\/kracites\/wp-json\/wp\/v2\/media\/358"}],"wp:attachment":[{"href":"https:\/\/izglitiba.valmierasnovads.lv\/kracites\/wp-json\/wp\/v2\/media?parent=357"}],"wp:term":[{"taxonomy":"category","embeddable":true,"href":"https:\/\/izglitiba.valmierasnovads.lv\/kracites\/wp-json\/wp\/v2\/categories?post=357"},{"taxonomy":"post_tag","embeddable":true,"href":"https:\/\/izglitiba.valmierasnovads.lv\/kracites\/wp-json\/wp\/v2\/tags?post=357"}],"curies":[{"name":"wp","href":"https:\/\/api.w.org\/{rel}","templated":true}]}}