{"id":362,"date":"2025-12-29T07:57:21","date_gmt":"2025-12-29T05:57:21","guid":{"rendered":"https:\/\/izglitiba.valmierasnovads.lv\/kracites\/?p=362"},"modified":"2026-01-19T13:47:14","modified_gmt":"2026-01-19T11:47:14","slug":"ziemassvetkus-sagaidot","status":"publish","type":"post","link":"https:\/\/izglitiba.valmierasnovads.lv\/kracites\/2025\/12\/29\/ziemassvetkus-sagaidot\/","title":{"rendered":"Ziemassv\u0113tkus sagaidot"},"content":{"rendered":"\n<p>22. decembr\u012b m\u016bsu PII \u201cKr\u0101c\u012bt\u0113s\u201d vald\u012bja sv\u0113tku noska\u0146a, jo ciemos bija ieradies Ziemassv\u0113tku vec\u012btis. Vi\u0146\u0161 bija sag\u0101d\u0101jis jauku p\u0101rsteigumu &#8211; katram b\u0113rnam d\u0101van\u0101 gr\u0101matu. Ziemassv\u0113tku vec\u012bti un vi\u0146a pal\u012bgus R\u016b\u0137us b\u0113rni un vi\u0146u vec\u0101ki iepriecin\u0101ja ar sirsn\u012bgiem, jautriem un pa\u0161u sacer\u0113tiem dzejo\u013ciem, dziesm\u0101m, ar \u0123it\u0101ru sp\u0113li, te\u0101tra et\u012bd\u0113m un pat vingrojumiem. Sv\u0113tku saj\u016btu v\u0113l vair\u0101k pastiprin\u0101ja kop\u012bg\u0101 pipark\u016bku \u0113\u0161ana. Mazi un m\u012b\u013ci mirk\u013ci ik vien\u0101 no mums veido skaist\u0101k\u0101s Ziemassv\u0113tku saj\u016btas.<\/p>\n\n\n\n<p>&nbsp;Nov\u0113lam visiem priec\u012bgus un m\u012blest\u012bbas pilnus Ziemassv\u0113tkus! Laim\u012bgu Jauno 2026 gadu!<\/p>\n\n\n\n<p class=\"has-text-align-right\">R\u016b\u0137is &#8211; sporta skolot\u0101ja Ilona Volkova<\/p>\n\n\n\n<figure class=\"wp-block-image size-large\"><img loading=\"lazy\" decoding=\"async\" width=\"1024\" height=\"1024\" src=\"https:\/\/izglitiba.valmierasnovads.lv\/kracites\/wp-content\/uploads\/sites\/5\/2025\/12\/7DC3ABCF-B61F-4353-8379-0E20E30403B5-1024x1024.jpeg\" alt=\"\" class=\"wp-image-364\" srcset=\"https:\/\/izglitiba.valmierasnovads.lv\/kracites\/wp-content\/uploads\/sites\/5\/2025\/12\/7DC3ABCF-B61F-4353-8379-0E20E30403B5-1024x1024.jpeg 1024w, https:\/\/izglitiba.valmierasnovads.lv\/kracites\/wp-content\/uploads\/sites\/5\/2025\/12\/7DC3ABCF-B61F-4353-8379-0E20E30403B5-300x300.jpeg 300w, https:\/\/izglitiba.valmierasnovads.lv\/kracites\/wp-content\/uploads\/sites\/5\/2025\/12\/7DC3ABCF-B61F-4353-8379-0E20E30403B5-150x150.jpeg 150w, https:\/\/izglitiba.valmierasnovads.lv\/kracites\/wp-content\/uploads\/sites\/5\/2025\/12\/7DC3ABCF-B61F-4353-8379-0E20E30403B5-768x768.jpeg 768w, https:\/\/izglitiba.valmierasnovads.lv\/kracites\/wp-content\/uploads\/sites\/5\/2025\/12\/7DC3ABCF-B61F-4353-8379-0E20E30403B5-1536x1536.jpeg 1536w, https:\/\/izglitiba.valmierasnovads.lv\/kracites\/wp-content\/uploads\/sites\/5\/2025\/12\/7DC3ABCF-B61F-4353-8379-0E20E30403B5.jpeg 2048w\" sizes=\"auto, (max-width: 1024px) 100vw, 1024px\" \/><\/figure>\n\n\n\n<p><\/p>\n\n\n\n<p><\/p>\n","protected":false},"excerpt":{"rendered":"<p>22. decembr\u012b m\u016bsu PII \u201cKr\u0101c\u012bt\u0113s\u201d vald\u012bja sv\u0113tku noska\u0146a, jo ciemos bija ieradies Ziemassv\u0113tku vec\u012btis. Vi\u0146\u0161 bija sag\u0101d\u0101jis jauku p\u0101rsteigumu &#8211; [&hellip;]<\/p>\n","protected":false},"author":49,"featured_media":363,"comment_status":"closed","ping_status":"closed","sticky":false,"template":"","format":"standard","meta":{"_acf_changed":false,"site-sidebar-layout":"default","site-content-layout":"","ast-site-content-layout":"default","site-content-style":"default","site-sidebar-style":"default","ast-global-header-display":"","ast-banner-title-visibility":"","ast-main-header-display":"","ast-hfb-above-header-display":"","ast-hfb-below-header-display":"","ast-hfb-mobile-header-display":"","site-post-title":"","ast-breadcrumbs-content":"","ast-featured-img":"","footer-sml-layout":"","ast-disable-related-posts":"","theme-transparent-header-meta":"","adv-header-id-meta":"","stick-header-meta":"","header-above-stick-meta":"","header-main-stick-meta":"","header-below-stick-meta":"","astra-migrate-meta-layouts":"default","ast-page-background-enabled":"default","ast-page-background-meta":{"desktop":{"background-color":"var(--ast-global-color-5)","background-image":"","background-repeat":"repeat","background-position":"center center","background-size":"auto","background-attachment":"scroll","background-type":"","background-media":"","overlay-type":"","overlay-color":"","overlay-opacity":"","overlay-gradient":""},"tablet":{"background-color":"","background-image":"","background-repeat":"repeat","background-position":"center center","background-size":"auto","background-attachment":"scroll","background-type":"","background-media":"","overlay-type":"","overlay-color":"","overlay-opacity":"","overlay-gradient":""},"mobile":{"background-color":"","background-image":"","background-repeat":"repeat","background-position":"center center","background-size":"auto","background-attachment":"scroll","background-type":"","background-media":"","overlay-type":"","overlay-color":"","overlay-opacity":"","overlay-gradient":""}},"ast-content-background-meta":{"desktop":{"background-color":"var(--ast-global-color-4)","background-image":"","background-repeat":"repeat","background-position":"center center","background-size":"auto","background-attachment":"scroll","background-type":"","background-media":"","overlay-type":"","overlay-color":"","overlay-opacity":"","overlay-gradient":""},"tablet":{"background-color":"var(--ast-global-color-4)","background-image":"","background-repeat":"repeat","background-position":"center center","background-size":"auto","background-attachment":"scroll","background-type":"","background-media":"","overlay-type":"","overlay-color":"","overlay-opacity":"","overlay-gradient":""},"mobile":{"background-color":"var(--ast-global-color-4)","background-image":"","background-repeat":"repeat","background-position":"center center","background-size":"auto","background-attachment":"scroll","background-type":"","background-media":"","overlay-type":"","overlay-color":"","overlay-opacity":"","overlay-gradient":""}},"footnotes":""},"categories":[5],"tags":[],"class_list":["post-362","post","type-post","status-publish","format-standard","has-post-thumbnail","hentry","category-pasakumi"],"acf":[],"yoast_head":"<!-- This site is optimized with the Yoast SEO plugin v27.0 - https:\/\/yoast.com\/product\/yoast-seo-wordpress\/ -->\n<title>Ziemassv\u0113tkus sagaidot - Valmieras pirmsskolas izgl\u012bt\u012bbas iest\u0101de \u201cKR\u0100C\u012aTES\u201d<\/title>\n<meta name=\"robots\" content=\"index, follow, max-snippet:-1, max-image-preview:large, max-video-preview:-1\" \/>\n<link rel=\"canonical\" href=\"https:\/\/izglitiba.valmierasnovads.lv\/kracites\/2025\/12\/29\/ziemassvetkus-sagaidot\/\" \/>\n<meta property=\"og:locale\" content=\"lv_LV\" \/>\n<meta property=\"og:type\" content=\"article\" \/>\n<meta property=\"og:title\" content=\"Ziemassv\u0113tkus sagaidot - Valmieras pirmsskolas izgl\u012bt\u012bbas iest\u0101de \u201cKR\u0100C\u012aTES\u201d\" \/>\n<meta property=\"og:description\" content=\"22. decembr\u012b m\u016bsu PII \u201cKr\u0101c\u012bt\u0113s\u201d vald\u012bja sv\u0113tku noska\u0146a, jo ciemos bija ieradies Ziemassv\u0113tku vec\u012btis. Vi\u0146\u0161 bija sag\u0101d\u0101jis jauku p\u0101rsteigumu &#8211; [&hellip;]\" \/>\n<meta property=\"og:url\" content=\"https:\/\/izglitiba.valmierasnovads.lv\/kracites\/2025\/12\/29\/ziemassvetkus-sagaidot\/\" \/>\n<meta property=\"og:site_name\" content=\"Valmieras pirmsskolas izgl\u012bt\u012bbas iest\u0101de \u201cKR\u0100C\u012aTES\u201d\" \/>\n<meta property=\"article:published_time\" content=\"2025-12-29T05:57:21+00:00\" \/>\n<meta property=\"article:modified_time\" content=\"2026-01-19T11:47:14+00:00\" \/>\n<meta property=\"og:image\" content=\"https:\/\/izglitiba.valmierasnovads.lv\/kracites\/wp-content\/uploads\/sites\/5\/2025\/12\/936a2f37-2c92-4cb5-b7d5-8e9ac1e7dc26.jpg\" \/>\n\t<meta property=\"og:image:width\" content=\"945\" \/>\n\t<meta property=\"og:image:height\" content=\"485\" \/>\n\t<meta property=\"og:image:type\" content=\"image\/jpeg\" \/>\n<meta name=\"author\" content=\"lailaeberharde\" \/>\n<meta name=\"twitter:card\" content=\"summary_large_image\" \/>\n<meta name=\"twitter:label1\" content=\"Written by\" \/>\n\t<meta name=\"twitter:data1\" content=\"lailaeberharde\" \/>\n\t<meta name=\"twitter:label2\" content=\"Est. reading time\" \/>\n\t<meta name=\"twitter:data2\" content=\"1 min\u016bte\" \/>\n<script type=\"application\/ld+json\" class=\"yoast-schema-graph\">{\"@context\":\"https:\/\/schema.org\",\"@graph\":[{\"@type\":\"Article\",\"@id\":\"https:\/\/izglitiba.valmierasnovads.lv\/kracites\/2025\/12\/29\/ziemassvetkus-sagaidot\/#article\",\"isPartOf\":{\"@id\":\"https:\/\/izglitiba.valmierasnovads.lv\/kracites\/2025\/12\/29\/ziemassvetkus-sagaidot\/\"},\"author\":{\"name\":\"lailaeberharde\",\"@id\":\"https:\/\/izglitiba.valmierasnovads.lv\/kracites\/#\/schema\/person\/ea08473ae9fb5a23b4aecbe77d49672c\"},\"headline\":\"Ziemassv\u0113tkus sagaidot\",\"datePublished\":\"2025-12-29T05:57:21+00:00\",\"dateModified\":\"2026-01-19T11:47:14+00:00\",\"mainEntityOfPage\":{\"@id\":\"https:\/\/izglitiba.valmierasnovads.lv\/kracites\/2025\/12\/29\/ziemassvetkus-sagaidot\/\"},\"wordCount\":145,\"publisher\":{\"@id\":\"https:\/\/izglitiba.valmierasnovads.lv\/kracites\/#organization\"},\"image\":{\"@id\":\"https:\/\/izglitiba.valmierasnovads.lv\/kracites\/2025\/12\/29\/ziemassvetkus-sagaidot\/#primaryimage\"},\"thumbnailUrl\":\"https:\/\/izglitiba.valmierasnovads.lv\/kracites\/wp-content\/uploads\/sites\/5\/2025\/12\/936a2f37-2c92-4cb5-b7d5-8e9ac1e7dc26.jpg\",\"articleSection\":[\"Pas\u0101kumi\"],\"inLanguage\":\"lv-LV\"},{\"@type\":\"WebPage\",\"@id\":\"https:\/\/izglitiba.valmierasnovads.lv\/kracites\/2025\/12\/29\/ziemassvetkus-sagaidot\/\",\"url\":\"https:\/\/izglitiba.valmierasnovads.lv\/kracites\/2025\/12\/29\/ziemassvetkus-sagaidot\/\",\"name\":\"Ziemassv\u0113tkus sagaidot - Valmieras pirmsskolas izgl\u012bt\u012bbas iest\u0101de \u201cKR\u0100C\u012aTES\u201d\",\"isPartOf\":{\"@id\":\"https:\/\/izglitiba.valmierasnovads.lv\/kracites\/#website\"},\"primaryImageOfPage\":{\"@id\":\"https:\/\/izglitiba.valmierasnovads.lv\/kracites\/2025\/12\/29\/ziemassvetkus-sagaidot\/#primaryimage\"},\"image\":{\"@id\":\"https:\/\/izglitiba.valmierasnovads.lv\/kracites\/2025\/12\/29\/ziemassvetkus-sagaidot\/#primaryimage\"},\"thumbnailUrl\":\"https:\/\/izglitiba.valmierasnovads.lv\/kracites\/wp-content\/uploads\/sites\/5\/2025\/12\/936a2f37-2c92-4cb5-b7d5-8e9ac1e7dc26.jpg\",\"datePublished\":\"2025-12-29T05:57:21+00:00\",\"dateModified\":\"2026-01-19T11:47:14+00:00\",\"breadcrumb\":{\"@id\":\"https:\/\/izglitiba.valmierasnovads.lv\/kracites\/2025\/12\/29\/ziemassvetkus-sagaidot\/#breadcrumb\"},\"inLanguage\":\"lv-LV\",\"potentialAction\":[{\"@type\":\"ReadAction\",\"target\":[\"https:\/\/izglitiba.valmierasnovads.lv\/kracites\/2025\/12\/29\/ziemassvetkus-sagaidot\/\"]}]},{\"@type\":\"ImageObject\",\"inLanguage\":\"lv-LV\",\"@id\":\"https:\/\/izglitiba.valmierasnovads.lv\/kracites\/2025\/12\/29\/ziemassvetkus-sagaidot\/#primaryimage\",\"url\":\"https:\/\/izglitiba.valmierasnovads.lv\/kracites\/wp-content\/uploads\/sites\/5\/2025\/12\/936a2f37-2c92-4cb5-b7d5-8e9ac1e7dc26.jpg\",\"contentUrl\":\"https:\/\/izglitiba.valmierasnovads.lv\/kracites\/wp-content\/uploads\/sites\/5\/2025\/12\/936a2f37-2c92-4cb5-b7d5-8e9ac1e7dc26.jpg\",\"width\":945,\"height\":485},{\"@type\":\"BreadcrumbList\",\"@id\":\"https:\/\/izglitiba.valmierasnovads.lv\/kracites\/2025\/12\/29\/ziemassvetkus-sagaidot\/#breadcrumb\",\"itemListElement\":[{\"@type\":\"ListItem\",\"position\":1,\"name\":\"Home\",\"item\":\"https:\/\/izglitiba.valmierasnovads.lv\/kracites\/\"},{\"@type\":\"ListItem\",\"position\":2,\"name\":\"Ziemassv\u0113tkus sagaidot\"}]},{\"@type\":\"WebSite\",\"@id\":\"https:\/\/izglitiba.valmierasnovads.lv\/kracites\/#website\",\"url\":\"https:\/\/izglitiba.valmierasnovads.lv\/kracites\/\",\"name\":\"Valmieras pirmsskolas izgl\u012bt\u012bbas iest\u0101de \u201cKR\u0100C\u012aTES\u201d\",\"description\":\"\",\"publisher\":{\"@id\":\"https:\/\/izglitiba.valmierasnovads.lv\/kracites\/#organization\"},\"potentialAction\":[{\"@type\":\"SearchAction\",\"target\":{\"@type\":\"EntryPoint\",\"urlTemplate\":\"https:\/\/izglitiba.valmierasnovads.lv\/kracites\/?s={search_term_string}\"},\"query-input\":{\"@type\":\"PropertyValueSpecification\",\"valueRequired\":true,\"valueName\":\"search_term_string\"}}],\"inLanguage\":\"lv-LV\"},{\"@type\":\"Organization\",\"@id\":\"https:\/\/izglitiba.valmierasnovads.lv\/kracites\/#organization\",\"name\":\"Valmieras pirmsskolas izgl\u012bt\u012bbas iest\u0101de \u201cKR\u0100C\u012aTES\u201d\",\"url\":\"https:\/\/izglitiba.valmierasnovads.lv\/kracites\/\",\"logo\":{\"@type\":\"ImageObject\",\"inLanguage\":\"lv-LV\",\"@id\":\"https:\/\/izglitiba.valmierasnovads.lv\/kracites\/#\/schema\/logo\/image\/\",\"url\":\"https:\/\/izglitiba.valmierasnovads.lv\/kracites\/wp-content\/uploads\/sites\/5\/2026\/04\/cropped-Pirmsskolas-izglitibas-iestades-ar-pasu-logo-2-scaled-1-1.png\",\"contentUrl\":\"https:\/\/izglitiba.valmierasnovads.lv\/kracites\/wp-content\/uploads\/sites\/5\/2026\/04\/cropped-Pirmsskolas-izglitibas-iestades-ar-pasu-logo-2-scaled-1-1.png\",\"width\":1389,\"height\":405,\"caption\":\"Valmieras pirmsskolas izgl\u012bt\u012bbas iest\u0101de \u201cKR\u0100C\u012aTES\u201d\"},\"image\":{\"@id\":\"https:\/\/izglitiba.valmierasnovads.lv\/kracites\/#\/schema\/logo\/image\/\"}},{\"@type\":\"Person\",\"@id\":\"https:\/\/izglitiba.valmierasnovads.lv\/kracites\/#\/schema\/person\/ea08473ae9fb5a23b4aecbe77d49672c\",\"name\":\"lailaeberharde\",\"image\":{\"@type\":\"ImageObject\",\"inLanguage\":\"lv-LV\",\"@id\":\"https:\/\/izglitiba.valmierasnovads.lv\/kracites\/#\/schema\/person\/image\/\",\"url\":\"https:\/\/secure.gravatar.com\/avatar\/b1879baf3bd51ee89cf57ca5d02084b4583724d6640080614d82d948788a13e0?s=96&d=mm&r=g\",\"contentUrl\":\"https:\/\/secure.gravatar.com\/avatar\/b1879baf3bd51ee89cf57ca5d02084b4583724d6640080614d82d948788a13e0?s=96&d=mm&r=g\",\"caption\":\"lailaeberharde\"},\"url\":\"https:\/\/izglitiba.valmierasnovads.lv\/kracites\/author\/lailaeberharde\/\"}]}<\/script>\n<!-- \/ Yoast SEO plugin. -->","yoast_head_json":{"title":"Ziemassv\u0113tkus sagaidot - Valmieras pirmsskolas izgl\u012bt\u012bbas iest\u0101de \u201cKR\u0100C\u012aTES\u201d","robots":{"index":"index","follow":"follow","max-snippet":"max-snippet:-1","max-image-preview":"max-image-preview:large","max-video-preview":"max-video-preview:-1"},"canonical":"https:\/\/izglitiba.valmierasnovads.lv\/kracites\/2025\/12\/29\/ziemassvetkus-sagaidot\/","og_locale":"lv_LV","og_type":"article","og_title":"Ziemassv\u0113tkus sagaidot - Valmieras pirmsskolas izgl\u012bt\u012bbas iest\u0101de \u201cKR\u0100C\u012aTES\u201d","og_description":"22. decembr\u012b m\u016bsu PII \u201cKr\u0101c\u012bt\u0113s\u201d vald\u012bja sv\u0113tku noska\u0146a, jo ciemos bija ieradies Ziemassv\u0113tku vec\u012btis. Vi\u0146\u0161 bija sag\u0101d\u0101jis jauku p\u0101rsteigumu &#8211; [&hellip;]","og_url":"https:\/\/izglitiba.valmierasnovads.lv\/kracites\/2025\/12\/29\/ziemassvetkus-sagaidot\/","og_site_name":"Valmieras pirmsskolas izgl\u012bt\u012bbas iest\u0101de \u201cKR\u0100C\u012aTES\u201d","article_published_time":"2025-12-29T05:57:21+00:00","article_modified_time":"2026-01-19T11:47:14+00:00","og_image":[{"width":945,"height":485,"url":"https:\/\/izglitiba.valmierasnovads.lv\/kracites\/wp-content\/uploads\/sites\/5\/2025\/12\/936a2f37-2c92-4cb5-b7d5-8e9ac1e7dc26.jpg","type":"image\/jpeg"}],"author":"lailaeberharde","twitter_card":"summary_large_image","twitter_misc":{"Written by":"lailaeberharde","Est. reading time":"1 min\u016bte"},"schema":{"@context":"https:\/\/schema.org","@graph":[{"@type":"Article","@id":"https:\/\/izglitiba.valmierasnovads.lv\/kracites\/2025\/12\/29\/ziemassvetkus-sagaidot\/#article","isPartOf":{"@id":"https:\/\/izglitiba.valmierasnovads.lv\/kracites\/2025\/12\/29\/ziemassvetkus-sagaidot\/"},"author":{"name":"lailaeberharde","@id":"https:\/\/izglitiba.valmierasnovads.lv\/kracites\/#\/schema\/person\/ea08473ae9fb5a23b4aecbe77d49672c"},"headline":"Ziemassv\u0113tkus sagaidot","datePublished":"2025-12-29T05:57:21+00:00","dateModified":"2026-01-19T11:47:14+00:00","mainEntityOfPage":{"@id":"https:\/\/izglitiba.valmierasnovads.lv\/kracites\/2025\/12\/29\/ziemassvetkus-sagaidot\/"},"wordCount":145,"publisher":{"@id":"https:\/\/izglitiba.valmierasnovads.lv\/kracites\/#organization"},"image":{"@id":"https:\/\/izglitiba.valmierasnovads.lv\/kracites\/2025\/12\/29\/ziemassvetkus-sagaidot\/#primaryimage"},"thumbnailUrl":"https:\/\/izglitiba.valmierasnovads.lv\/kracites\/wp-content\/uploads\/sites\/5\/2025\/12\/936a2f37-2c92-4cb5-b7d5-8e9ac1e7dc26.jpg","articleSection":["Pas\u0101kumi"],"inLanguage":"lv-LV"},{"@type":"WebPage","@id":"https:\/\/izglitiba.valmierasnovads.lv\/kracites\/2025\/12\/29\/ziemassvetkus-sagaidot\/","url":"https:\/\/izglitiba.valmierasnovads.lv\/kracites\/2025\/12\/29\/ziemassvetkus-sagaidot\/","name":"Ziemassv\u0113tkus sagaidot - Valmieras pirmsskolas izgl\u012bt\u012bbas iest\u0101de \u201cKR\u0100C\u012aTES\u201d","isPartOf":{"@id":"https:\/\/izglitiba.valmierasnovads.lv\/kracites\/#website"},"primaryImageOfPage":{"@id":"https:\/\/izglitiba.valmierasnovads.lv\/kracites\/2025\/12\/29\/ziemassvetkus-sagaidot\/#primaryimage"},"image":{"@id":"https:\/\/izglitiba.valmierasnovads.lv\/kracites\/2025\/12\/29\/ziemassvetkus-sagaidot\/#primaryimage"},"thumbnailUrl":"https:\/\/izglitiba.valmierasnovads.lv\/kracites\/wp-content\/uploads\/sites\/5\/2025\/12\/936a2f37-2c92-4cb5-b7d5-8e9ac1e7dc26.jpg","datePublished":"2025-12-29T05:57:21+00:00","dateModified":"2026-01-19T11:47:14+00:00","breadcrumb":{"@id":"https:\/\/izglitiba.valmierasnovads.lv\/kracites\/2025\/12\/29\/ziemassvetkus-sagaidot\/#breadcrumb"},"inLanguage":"lv-LV","potentialAction":[{"@type":"ReadAction","target":["https:\/\/izglitiba.valmierasnovads.lv\/kracites\/2025\/12\/29\/ziemassvetkus-sagaidot\/"]}]},{"@type":"ImageObject","inLanguage":"lv-LV","@id":"https:\/\/izglitiba.valmierasnovads.lv\/kracites\/2025\/12\/29\/ziemassvetkus-sagaidot\/#primaryimage","url":"https:\/\/izglitiba.valmierasnovads.lv\/kracites\/wp-content\/uploads\/sites\/5\/2025\/12\/936a2f37-2c92-4cb5-b7d5-8e9ac1e7dc26.jpg","contentUrl":"https:\/\/izglitiba.valmierasnovads.lv\/kracites\/wp-content\/uploads\/sites\/5\/2025\/12\/936a2f37-2c92-4cb5-b7d5-8e9ac1e7dc26.jpg","width":945,"height":485},{"@type":"BreadcrumbList","@id":"https:\/\/izglitiba.valmierasnovads.lv\/kracites\/2025\/12\/29\/ziemassvetkus-sagaidot\/#breadcrumb","itemListElement":[{"@type":"ListItem","position":1,"name":"Home","item":"https:\/\/izglitiba.valmierasnovads.lv\/kracites\/"},{"@type":"ListItem","position":2,"name":"Ziemassv\u0113tkus sagaidot"}]},{"@type":"WebSite","@id":"https:\/\/izglitiba.valmierasnovads.lv\/kracites\/#website","url":"https:\/\/izglitiba.valmierasnovads.lv\/kracites\/","name":"Valmieras pirmsskolas izgl\u012bt\u012bbas iest\u0101de \u201cKR\u0100C\u012aTES\u201d","description":"","publisher":{"@id":"https:\/\/izglitiba.valmierasnovads.lv\/kracites\/#organization"},"potentialAction":[{"@type":"SearchAction","target":{"@type":"EntryPoint","urlTemplate":"https:\/\/izglitiba.valmierasnovads.lv\/kracites\/?s={search_term_string}"},"query-input":{"@type":"PropertyValueSpecification","valueRequired":true,"valueName":"search_term_string"}}],"inLanguage":"lv-LV"},{"@type":"Organization","@id":"https:\/\/izglitiba.valmierasnovads.lv\/kracites\/#organization","name":"Valmieras pirmsskolas izgl\u012bt\u012bbas iest\u0101de \u201cKR\u0100C\u012aTES\u201d","url":"https:\/\/izglitiba.valmierasnovads.lv\/kracites\/","logo":{"@type":"ImageObject","inLanguage":"lv-LV","@id":"https:\/\/izglitiba.valmierasnovads.lv\/kracites\/#\/schema\/logo\/image\/","url":"https:\/\/izglitiba.valmierasnovads.lv\/kracites\/wp-content\/uploads\/sites\/5\/2026\/04\/cropped-Pirmsskolas-izglitibas-iestades-ar-pasu-logo-2-scaled-1-1.png","contentUrl":"https:\/\/izglitiba.valmierasnovads.lv\/kracites\/wp-content\/uploads\/sites\/5\/2026\/04\/cropped-Pirmsskolas-izglitibas-iestades-ar-pasu-logo-2-scaled-1-1.png","width":1389,"height":405,"caption":"Valmieras pirmsskolas izgl\u012bt\u012bbas iest\u0101de \u201cKR\u0100C\u012aTES\u201d"},"image":{"@id":"https:\/\/izglitiba.valmierasnovads.lv\/kracites\/#\/schema\/logo\/image\/"}},{"@type":"Person","@id":"https:\/\/izglitiba.valmierasnovads.lv\/kracites\/#\/schema\/person\/ea08473ae9fb5a23b4aecbe77d49672c","name":"lailaeberharde","image":{"@type":"ImageObject","inLanguage":"lv-LV","@id":"https:\/\/izglitiba.valmierasnovads.lv\/kracites\/#\/schema\/person\/image\/","url":"https:\/\/secure.gravatar.com\/avatar\/b1879baf3bd51ee89cf57ca5d02084b4583724d6640080614d82d948788a13e0?s=96&d=mm&r=g","contentUrl":"https:\/\/secure.gravatar.com\/avatar\/b1879baf3bd51ee89cf57ca5d02084b4583724d6640080614d82d948788a13e0?s=96&d=mm&r=g","caption":"lailaeberharde"},"url":"https:\/\/izglitiba.valmierasnovads.lv\/kracites\/author\/lailaeberharde\/"}]}},"_links":{"self":[{"href":"https:\/\/izglitiba.valmierasnovads.lv\/kracites\/wp-json\/wp\/v2\/posts\/362","targetHints":{"allow":["GET"]}}],"collection":[{"href":"https:\/\/izglitiba.valmierasnovads.lv\/kracites\/wp-json\/wp\/v2\/posts"}],"about":[{"href":"https:\/\/izglitiba.valmierasnovads.lv\/kracites\/wp-json\/wp\/v2\/types\/post"}],"author":[{"embeddable":true,"href":"https:\/\/izglitiba.valmierasnovads.lv\/kracites\/wp-json\/wp\/v2\/users\/49"}],"replies":[{"embeddable":true,"href":"https:\/\/izglitiba.valmierasnovads.lv\/kracites\/wp-json\/wp\/v2\/comments?post=362"}],"version-history":[{"count":1,"href":"https:\/\/izglitiba.valmierasnovads.lv\/kracites\/wp-json\/wp\/v2\/posts\/362\/revisions"}],"predecessor-version":[{"id":365,"href":"https:\/\/izglitiba.valmierasnovads.lv\/kracites\/wp-json\/wp\/v2\/posts\/362\/revisions\/365"}],"wp:featuredmedia":[{"embeddable":true,"href":"https:\/\/izglitiba.valmierasnovads.lv\/kracites\/wp-json\/wp\/v2\/media\/363"}],"wp:attachment":[{"href":"https:\/\/izglitiba.valmierasnovads.lv\/kracites\/wp-json\/wp\/v2\/media?parent=362"}],"wp:term":[{"taxonomy":"category","embeddable":true,"href":"https:\/\/izglitiba.valmierasnovads.lv\/kracites\/wp-json\/wp\/v2\/categories?post=362"},{"taxonomy":"post_tag","embeddable":true,"href":"https:\/\/izglitiba.valmierasnovads.lv\/kracites\/wp-json\/wp\/v2\/tags?post=362"}],"curies":[{"name":"wp","href":"https:\/\/api.w.org\/{rel}","templated":true}]}}