{"id":405,"date":"2026-01-26T08:00:51","date_gmt":"2026-01-26T06:00:51","guid":{"rendered":"https:\/\/izglitiba.valmierasnovads.lv\/kracites\/?p=405"},"modified":"2026-01-28T16:16:45","modified_gmt":"2026-01-28T14:16:45","slug":"sniega-dienas-kracites","status":"publish","type":"post","link":"https:\/\/izglitiba.valmierasnovads.lv\/kracites\/2026\/01\/26\/sniega-dienas-kracites\/","title":{"rendered":"Sniega dienas &#8220;Kr\u0101c\u012bt\u0113s&#8221;"},"content":{"rendered":"\n<p>Vis\u0101 pasaul\u0113 p\u0113c Starptautisk\u0101s sl\u0113po\u0161anas feder\u0101cijas iniciat\u012bvas tiek aizvad\u012bta \u201ePasaules sniega diena\u201d. Ar\u012b m\u016bsu \u201cKr\u0101c\u012bt\u0113s\u201d no 19. janv\u0101ra l\u012bdz 23. janv\u0101rim tika atz\u012bm\u0113ta \u201cSniega diena\u201d- sniega ned\u0113\u013ca.\u00a0Sniega dienas starptautiskais moto: \u201cExplore, Enjoy, Experience!\u201d- atkl\u0101j, izbaudi, izj\u016bti! Sniega dienas m\u0113r\u0137is ir populariz\u0113t b\u0113rniem un pieaugu\u0161ajiem piedal\u012bties visda\u017e\u0101d\u0101kaj\u0101s sportisk\u0101s aktivit\u0101t\u0113s. Pirmdien pie mums vald\u012bja \u012bsta ziemas noska\u0146a \u2013 svin\u012bgi atkl\u0101j\u0101m Sniega dienu. Ciemos bija ieradies T\u012b\u0123eris un Sniegav\u012brs. B\u0113rni uzzin\u0101ja k\u0101p\u0113c ir j\u0101sporto ar\u012b ziem\u0101. Sniegav\u012brs iesaist\u012bja b\u0113rnus kust\u012bg\u0101s un jautr\u0101s aktivit\u0101t\u0113s. Turpinoties aukstajam laikam, otrdien maz\u0101kie b\u0113rni ziemu aicin\u0101ja pie sevis grupi\u0146\u0101s, b\u0113rni snieg\u0101 katrs z\u012bm\u0113ja savu sniegav\u012bru. Lielie b\u0113rni dev\u0101s \u0101r\u0101 un snieg\u0101 ar \u016bdens kr\u0101s\u0101m z\u012bm\u0113ja kr\u0101sainos sniegav\u012brus. Katrs sniegav\u012brs izdev\u0101s cit\u0101ds un \u012bpa\u0161s. Tre\u0161dien Sniega diena turpin\u0101j\u0101s \u0101ra \u201cSniedzi\u0146\u0161 sniga ,b\u0113rni\u0146\u0161 brida, balt\u0101s sniega kupen\u0101s!\u201d B\u0113rni \u0101r\u0101 piedal\u012bj\u0101s sportisk\u0101s aktivit\u0101t\u0113s- skr\u0113ja ar slotu, r\u0101poja, l\u0113ca k\u0101 za\u0137\u0113ni, st\u016bma \u0137erras ar sniegu, sp\u0113l\u0113ja hokeju, b\u0113rni priec\u0101j\u0101s par katru aktivit\u0101ti. Lieliski pavad\u012bta diena! Ceturtdien visi dev\u0101s \u0101r\u0101 \u012bpa\u0161\u0101s p\u0113du med\u012bb\u0101s. B\u0113rni p\u0113t\u012bja snieg\u0101 atst\u0101t\u0101s p\u0113das, min\u0113ja, kam t\u0101s var\u0113tu pieder\u0113t. Izr\u0101d\u0101s, ka b\u0113rnud\u0101rzu esot apciemojis pat l\u0101cis. Atrada ar\u012b sniegav\u012bra, ka\u0137\u012b\u0161a, putnu p\u0113du nospiedumus, auto riepu sliedes, audzin\u0101t\u0101jas un pa\u0161u b\u0113rnu p\u0113di\u0146as. Smiekli, p\u0101rsteigums un izt\u0113le vald\u012bja visapk\u0101rt. Piektdien nosl\u0113dz\u0101s Sniega diena- pagalm\u0101 vald\u012bja \u012bsta ziemas pasaka. B\u0113rnus sagaid\u012bja da\u017e\u0101das fizisk\u0101s aktivit\u0101tes un Sniegav\u012brs, kuram bija pazudis deguns. Gan lieli, gan mazi dev\u0101mies degunu mekl\u0113t. Kad deguns tika atrasts, katra grupa r\u0101d\u012bja citiem priek\u0161nesumu. Sniegav\u012bram bija j\u0101vingro, dziesmi\u0146u j\u0101klaus\u0101s un j\u0101dzied l\u012bdz, dzejoli j\u0101m\u0101c\u0101s, j\u0101izj\u0101j ar zirgu, j\u0101piedal\u0101s rota\u013c\u0101. Par cent\u012bbu un labo noska\u0146ojumu Sniegav\u012brs b\u0113rnus iepriecin\u0101ja ar meda\u013c\u0101m un burk\u0101niem. Sniega ned\u0113\u013ca pag\u0101ja jautri, akt\u012bvi, priec\u012bgi!\u00a0<img loading=\"lazy\" decoding=\"async\" width=\"32\" height=\"32\" src=\"\/Users\/LIETOT~1\/AppData\/Local\/Temp\/msohtmlclip1\/01\/clip_image001.png\" alt=\"\ud83d\ude0a\"><\/p>\n\n\n\n<p>                                                                                                                      Sporta skolot\u0101ja Ilona Volkova<\/p>\n\n\n\n<figure class=\"wp-block-gallery has-nested-images columns-default is-cropped wp-block-gallery-1 is-layout-flex wp-block-gallery-is-layout-flex\">\n<figure class=\"wp-block-image size-large\"><img loading=\"lazy\" decoding=\"async\" width=\"768\" height=\"1024\" data-id=\"408\" src=\"https:\/\/izglitiba.valmierasnovads.lv\/kracites\/wp-content\/uploads\/sites\/5\/2026\/01\/256c8847-0837-40d6-9824-54f8d8945c20-768x1024.jpeg\" alt=\"\" class=\"wp-image-408\" srcset=\"https:\/\/izglitiba.valmierasnovads.lv\/kracites\/wp-content\/uploads\/sites\/5\/2026\/01\/256c8847-0837-40d6-9824-54f8d8945c20-768x1024.jpeg 768w, https:\/\/izglitiba.valmierasnovads.lv\/kracites\/wp-content\/uploads\/sites\/5\/2026\/01\/256c8847-0837-40d6-9824-54f8d8945c20-225x300.jpeg 225w, https:\/\/izglitiba.valmierasnovads.lv\/kracites\/wp-content\/uploads\/sites\/5\/2026\/01\/256c8847-0837-40d6-9824-54f8d8945c20-1152x1536.jpeg 1152w, https:\/\/izglitiba.valmierasnovads.lv\/kracites\/wp-content\/uploads\/sites\/5\/2026\/01\/256c8847-0837-40d6-9824-54f8d8945c20.jpeg 1200w\" sizes=\"auto, (max-width: 768px) 100vw, 768px\" \/><\/figure>\n\n\n\n<figure class=\"wp-block-image size-large\"><img loading=\"lazy\" decoding=\"async\" width=\"1024\" height=\"1024\" data-id=\"409\" src=\"https:\/\/izglitiba.valmierasnovads.lv\/kracites\/wp-content\/uploads\/sites\/5\/2026\/01\/5c1610e8-f3f5-418f-8836-8d06a1729ff1-1024x1024.jpeg\" alt=\"\" class=\"wp-image-409\" srcset=\"https:\/\/izglitiba.valmierasnovads.lv\/kracites\/wp-content\/uploads\/sites\/5\/2026\/01\/5c1610e8-f3f5-418f-8836-8d06a1729ff1-1024x1024.jpeg 1024w, https:\/\/izglitiba.valmierasnovads.lv\/kracites\/wp-content\/uploads\/sites\/5\/2026\/01\/5c1610e8-f3f5-418f-8836-8d06a1729ff1-300x300.jpeg 300w, https:\/\/izglitiba.valmierasnovads.lv\/kracites\/wp-content\/uploads\/sites\/5\/2026\/01\/5c1610e8-f3f5-418f-8836-8d06a1729ff1-150x150.jpeg 150w, https:\/\/izglitiba.valmierasnovads.lv\/kracites\/wp-content\/uploads\/sites\/5\/2026\/01\/5c1610e8-f3f5-418f-8836-8d06a1729ff1-768x768.jpeg 768w, https:\/\/izglitiba.valmierasnovads.lv\/kracites\/wp-content\/uploads\/sites\/5\/2026\/01\/5c1610e8-f3f5-418f-8836-8d06a1729ff1-1536x1536.jpeg 1536w, https:\/\/izglitiba.valmierasnovads.lv\/kracites\/wp-content\/uploads\/sites\/5\/2026\/01\/5c1610e8-f3f5-418f-8836-8d06a1729ff1.jpeg 2048w\" sizes=\"auto, (max-width: 1024px) 100vw, 1024px\" \/><\/figure>\n<\/figure>\n\n\n\n<figure class=\"wp-block-image size-large\"><img loading=\"lazy\" decoding=\"async\" width=\"1024\" height=\"1024\" src=\"https:\/\/izglitiba.valmierasnovads.lv\/kracites\/wp-content\/uploads\/sites\/5\/2026\/01\/0acc3bf8-5d74-49a4-a74b-c97686927fea-1024x1024.jpeg\" alt=\"\" class=\"wp-image-410\" srcset=\"https:\/\/izglitiba.valmierasnovads.lv\/kracites\/wp-content\/uploads\/sites\/5\/2026\/01\/0acc3bf8-5d74-49a4-a74b-c97686927fea-1024x1024.jpeg 1024w, https:\/\/izglitiba.valmierasnovads.lv\/kracites\/wp-content\/uploads\/sites\/5\/2026\/01\/0acc3bf8-5d74-49a4-a74b-c97686927fea-300x300.jpeg 300w, https:\/\/izglitiba.valmierasnovads.lv\/kracites\/wp-content\/uploads\/sites\/5\/2026\/01\/0acc3bf8-5d74-49a4-a74b-c97686927fea-150x150.jpeg 150w, https:\/\/izglitiba.valmierasnovads.lv\/kracites\/wp-content\/uploads\/sites\/5\/2026\/01\/0acc3bf8-5d74-49a4-a74b-c97686927fea-768x768.jpeg 768w, https:\/\/izglitiba.valmierasnovads.lv\/kracites\/wp-content\/uploads\/sites\/5\/2026\/01\/0acc3bf8-5d74-49a4-a74b-c97686927fea-1536x1536.jpeg 1536w, https:\/\/izglitiba.valmierasnovads.lv\/kracites\/wp-content\/uploads\/sites\/5\/2026\/01\/0acc3bf8-5d74-49a4-a74b-c97686927fea.jpeg 2048w\" sizes=\"auto, (max-width: 1024px) 100vw, 1024px\" \/><\/figure>\n\n\n\n<figure class=\"wp-block-image size-large\"><img loading=\"lazy\" decoding=\"async\" width=\"1024\" height=\"1024\" src=\"https:\/\/izglitiba.valmierasnovads.lv\/kracites\/wp-content\/uploads\/sites\/5\/2026\/01\/90e8e406-e14d-41f6-9384-b439f0df2063-1024x1024.jpeg\" alt=\"\" class=\"wp-image-411\" srcset=\"https:\/\/izglitiba.valmierasnovads.lv\/kracites\/wp-content\/uploads\/sites\/5\/2026\/01\/90e8e406-e14d-41f6-9384-b439f0df2063-1024x1024.jpeg 1024w, https:\/\/izglitiba.valmierasnovads.lv\/kracites\/wp-content\/uploads\/sites\/5\/2026\/01\/90e8e406-e14d-41f6-9384-b439f0df2063-300x300.jpeg 300w, https:\/\/izglitiba.valmierasnovads.lv\/kracites\/wp-content\/uploads\/sites\/5\/2026\/01\/90e8e406-e14d-41f6-9384-b439f0df2063-150x150.jpeg 150w, https:\/\/izglitiba.valmierasnovads.lv\/kracites\/wp-content\/uploads\/sites\/5\/2026\/01\/90e8e406-e14d-41f6-9384-b439f0df2063-768x768.jpeg 768w, https:\/\/izglitiba.valmierasnovads.lv\/kracites\/wp-content\/uploads\/sites\/5\/2026\/01\/90e8e406-e14d-41f6-9384-b439f0df2063.jpeg 1080w\" sizes=\"auto, (max-width: 1024px) 100vw, 1024px\" \/><\/figure>\n\n\n\n<figure class=\"wp-block-image size-large\"><img loading=\"lazy\" decoding=\"async\" width=\"1024\" height=\"1024\" src=\"https:\/\/izglitiba.valmierasnovads.lv\/kracites\/wp-content\/uploads\/sites\/5\/2026\/01\/f5e41891-6734-4ea4-909f-a6734b5e7ce5-1024x1024.jpeg\" alt=\"\" class=\"wp-image-412\" srcset=\"https:\/\/izglitiba.valmierasnovads.lv\/kracites\/wp-content\/uploads\/sites\/5\/2026\/01\/f5e41891-6734-4ea4-909f-a6734b5e7ce5-1024x1024.jpeg 1024w, https:\/\/izglitiba.valmierasnovads.lv\/kracites\/wp-content\/uploads\/sites\/5\/2026\/01\/f5e41891-6734-4ea4-909f-a6734b5e7ce5-300x300.jpeg 300w, https:\/\/izglitiba.valmierasnovads.lv\/kracites\/wp-content\/uploads\/sites\/5\/2026\/01\/f5e41891-6734-4ea4-909f-a6734b5e7ce5-150x150.jpeg 150w, https:\/\/izglitiba.valmierasnovads.lv\/kracites\/wp-content\/uploads\/sites\/5\/2026\/01\/f5e41891-6734-4ea4-909f-a6734b5e7ce5-768x768.jpeg 768w, https:\/\/izglitiba.valmierasnovads.lv\/kracites\/wp-content\/uploads\/sites\/5\/2026\/01\/f5e41891-6734-4ea4-909f-a6734b5e7ce5.jpeg 1440w\" sizes=\"auto, (max-width: 1024px) 100vw, 1024px\" \/><\/figure>\n\n\n\n<figure class=\"wp-block-image size-large\"><img loading=\"lazy\" decoding=\"async\" width=\"1024\" height=\"1024\" src=\"https:\/\/izglitiba.valmierasnovads.lv\/kracites\/wp-content\/uploads\/sites\/5\/2026\/01\/da73b3e0-c828-4ac1-aec2-92bddad667f3-1024x1024.jpeg\" alt=\"\" class=\"wp-image-413\" srcset=\"https:\/\/izglitiba.valmierasnovads.lv\/kracites\/wp-content\/uploads\/sites\/5\/2026\/01\/da73b3e0-c828-4ac1-aec2-92bddad667f3-1024x1024.jpeg 1024w, https:\/\/izglitiba.valmierasnovads.lv\/kracites\/wp-content\/uploads\/sites\/5\/2026\/01\/da73b3e0-c828-4ac1-aec2-92bddad667f3-300x300.jpeg 300w, https:\/\/izglitiba.valmierasnovads.lv\/kracites\/wp-content\/uploads\/sites\/5\/2026\/01\/da73b3e0-c828-4ac1-aec2-92bddad667f3-150x150.jpeg 150w, https:\/\/izglitiba.valmierasnovads.lv\/kracites\/wp-content\/uploads\/sites\/5\/2026\/01\/da73b3e0-c828-4ac1-aec2-92bddad667f3-768x768.jpeg 768w, https:\/\/izglitiba.valmierasnovads.lv\/kracites\/wp-content\/uploads\/sites\/5\/2026\/01\/da73b3e0-c828-4ac1-aec2-92bddad667f3.jpeg 1440w\" sizes=\"auto, (max-width: 1024px) 100vw, 1024px\" \/><\/figure>\n\n\n\n<figure class=\"wp-block-image size-large\"><img loading=\"lazy\" decoding=\"async\" width=\"1024\" height=\"1024\" src=\"https:\/\/izglitiba.valmierasnovads.lv\/kracites\/wp-content\/uploads\/sites\/5\/2026\/01\/AB491631-3450-4FA7-B659-D90773234153-1024x1024.jpeg\" alt=\"\" class=\"wp-image-414\" srcset=\"https:\/\/izglitiba.valmierasnovads.lv\/kracites\/wp-content\/uploads\/sites\/5\/2026\/01\/AB491631-3450-4FA7-B659-D90773234153-1024x1024.jpeg 1024w, https:\/\/izglitiba.valmierasnovads.lv\/kracites\/wp-content\/uploads\/sites\/5\/2026\/01\/AB491631-3450-4FA7-B659-D90773234153-300x300.jpeg 300w, https:\/\/izglitiba.valmierasnovads.lv\/kracites\/wp-content\/uploads\/sites\/5\/2026\/01\/AB491631-3450-4FA7-B659-D90773234153-150x150.jpeg 150w, https:\/\/izglitiba.valmierasnovads.lv\/kracites\/wp-content\/uploads\/sites\/5\/2026\/01\/AB491631-3450-4FA7-B659-D90773234153-768x768.jpeg 768w, https:\/\/izglitiba.valmierasnovads.lv\/kracites\/wp-content\/uploads\/sites\/5\/2026\/01\/AB491631-3450-4FA7-B659-D90773234153-1536x1536.jpeg 1536w, https:\/\/izglitiba.valmierasnovads.lv\/kracites\/wp-content\/uploads\/sites\/5\/2026\/01\/AB491631-3450-4FA7-B659-D90773234153.jpeg 2048w\" sizes=\"auto, (max-width: 1024px) 100vw, 1024px\" \/><\/figure>\n","protected":false},"excerpt":{"rendered":"<p>Vis\u0101 pasaul\u0113 p\u0113c Starptautisk\u0101s sl\u0113po\u0161anas feder\u0101cijas iniciat\u012bvas tiek aizvad\u012bta \u201ePasaules sniega diena\u201d. Ar\u012b m\u016bsu \u201cKr\u0101c\u012bt\u0113s\u201d no 19. janv\u0101ra l\u012bdz 23. [&hellip;]<\/p>\n","protected":false},"author":49,"featured_media":407,"comment_status":"closed","ping_status":"closed","sticky":false,"template":"","format":"standard","meta":{"_acf_changed":false,"site-sidebar-layout":"default","site-content-layout":"","ast-site-content-layout":"default","site-content-style":"default","site-sidebar-style":"default","ast-global-header-display":"","ast-banner-title-visibility":"","ast-main-header-display":"","ast-hfb-above-header-display":"","ast-hfb-below-header-display":"","ast-hfb-mobile-header-display":"","site-post-title":"","ast-breadcrumbs-content":"","ast-featured-img":"","footer-sml-layout":"","ast-disable-related-posts":"","theme-transparent-header-meta":"","adv-header-id-meta":"","stick-header-meta":"","header-above-stick-meta":"","header-main-stick-meta":"","header-below-stick-meta":"","astra-migrate-meta-layouts":"default","ast-page-background-enabled":"default","ast-page-background-meta":{"desktop":{"background-color":"var(--ast-global-color-5)","background-image":"","background-repeat":"repeat","background-position":"center center","background-size":"auto","background-attachment":"scroll","background-type":"","background-media":"","overlay-type":"","overlay-color":"","overlay-opacity":"","overlay-gradient":""},"tablet":{"background-color":"","background-image":"","background-repeat":"repeat","background-position":"center center","background-size":"auto","background-attachment":"scroll","background-type":"","background-media":"","overlay-type":"","overlay-color":"","overlay-opacity":"","overlay-gradient":""},"mobile":{"background-color":"","background-image":"","background-repeat":"repeat","background-position":"center center","background-size":"auto","background-attachment":"scroll","background-type":"","background-media":"","overlay-type":"","overlay-color":"","overlay-opacity":"","overlay-gradient":""}},"ast-content-background-meta":{"desktop":{"background-color":"var(--ast-global-color-4)","background-image":"","background-repeat":"repeat","background-position":"center center","background-size":"auto","background-attachment":"scroll","background-type":"","background-media":"","overlay-type":"","overlay-color":"","overlay-opacity":"","overlay-gradient":""},"tablet":{"background-color":"var(--ast-global-color-4)","background-image":"","background-repeat":"repeat","background-position":"center center","background-size":"auto","background-attachment":"scroll","background-type":"","background-media":"","overlay-type":"","overlay-color":"","overlay-opacity":"","overlay-gradient":""},"mobile":{"background-color":"var(--ast-global-color-4)","background-image":"","background-repeat":"repeat","background-position":"center center","background-size":"auto","background-attachment":"scroll","background-type":"","background-media":"","overlay-type":"","overlay-color":"","overlay-opacity":"","overlay-gradient":""}},"footnotes":""},"categories":[7],"tags":[],"class_list":["post-405","post","type-post","status-publish","format-standard","has-post-thumbnail","hentry","category-sportojam"],"acf":[],"yoast_head":"<!-- This site is optimized with the Yoast SEO plugin v27.0 - https:\/\/yoast.com\/product\/yoast-seo-wordpress\/ -->\n<title>Sniega dienas &quot;Kr\u0101c\u012bt\u0113s&quot; - Valmieras pirmsskolas izgl\u012bt\u012bbas iest\u0101de \u201cKR\u0100C\u012aTES\u201d<\/title>\n<meta name=\"robots\" content=\"index, follow, max-snippet:-1, max-image-preview:large, max-video-preview:-1\" \/>\n<link rel=\"canonical\" href=\"https:\/\/izglitiba.valmierasnovads.lv\/kracites\/2026\/01\/26\/sniega-dienas-kracites\/\" \/>\n<meta property=\"og:locale\" content=\"lv_LV\" \/>\n<meta property=\"og:type\" content=\"article\" \/>\n<meta property=\"og:title\" content=\"Sniega dienas &quot;Kr\u0101c\u012bt\u0113s&quot; - Valmieras pirmsskolas izgl\u012bt\u012bbas iest\u0101de \u201cKR\u0100C\u012aTES\u201d\" \/>\n<meta property=\"og:description\" content=\"Vis\u0101 pasaul\u0113 p\u0113c Starptautisk\u0101s sl\u0113po\u0161anas feder\u0101cijas iniciat\u012bvas tiek aizvad\u012bta \u201ePasaules sniega diena\u201d. Ar\u012b m\u016bsu \u201cKr\u0101c\u012bt\u0113s\u201d no 19. janv\u0101ra l\u012bdz 23. [&hellip;]\" \/>\n<meta property=\"og:url\" content=\"https:\/\/izglitiba.valmierasnovads.lv\/kracites\/2026\/01\/26\/sniega-dienas-kracites\/\" \/>\n<meta property=\"og:site_name\" content=\"Valmieras pirmsskolas izgl\u012bt\u012bbas iest\u0101de \u201cKR\u0100C\u012aTES\u201d\" \/>\n<meta property=\"article:published_time\" content=\"2026-01-26T06:00:51+00:00\" \/>\n<meta property=\"article:modified_time\" content=\"2026-01-28T14:16:45+00:00\" \/>\n<meta property=\"og:image\" content=\"https:\/\/izglitiba.valmierasnovads.lv\/kracites\/wp-content\/uploads\/sites\/5\/2026\/01\/E9CAC029-FA4E-43A0-806B-9BEAA67981B1.jpeg\" \/>\n\t<meta property=\"og:image:width\" content=\"2048\" \/>\n\t<meta property=\"og:image:height\" content=\"2048\" \/>\n\t<meta property=\"og:image:type\" content=\"image\/jpeg\" \/>\n<meta name=\"author\" content=\"lailaeberharde\" \/>\n<meta name=\"twitter:card\" content=\"summary_large_image\" \/>\n<meta name=\"twitter:label1\" content=\"Written by\" \/>\n\t<meta name=\"twitter:data1\" content=\"lailaeberharde\" \/>\n\t<meta name=\"twitter:label2\" content=\"Est. reading time\" \/>\n\t<meta name=\"twitter:data2\" content=\"4 min\u016btes\" \/>\n<script type=\"application\/ld+json\" class=\"yoast-schema-graph\">{\"@context\":\"https:\/\/schema.org\",\"@graph\":[{\"@type\":\"Article\",\"@id\":\"https:\/\/izglitiba.valmierasnovads.lv\/kracites\/2026\/01\/26\/sniega-dienas-kracites\/#article\",\"isPartOf\":{\"@id\":\"https:\/\/izglitiba.valmierasnovads.lv\/kracites\/2026\/01\/26\/sniega-dienas-kracites\/\"},\"author\":{\"name\":\"lailaeberharde\",\"@id\":\"https:\/\/izglitiba.valmierasnovads.lv\/kracites\/#\/schema\/person\/ea08473ae9fb5a23b4aecbe77d49672c\"},\"headline\":\"Sniega dienas &#8220;Kr\u0101c\u012bt\u0113s&#8221;\",\"datePublished\":\"2026-01-26T06:00:51+00:00\",\"dateModified\":\"2026-01-28T14:16:45+00:00\",\"mainEntityOfPage\":{\"@id\":\"https:\/\/izglitiba.valmierasnovads.lv\/kracites\/2026\/01\/26\/sniega-dienas-kracites\/\"},\"wordCount\":445,\"publisher\":{\"@id\":\"https:\/\/izglitiba.valmierasnovads.lv\/kracites\/#organization\"},\"image\":{\"@id\":\"https:\/\/izglitiba.valmierasnovads.lv\/kracites\/2026\/01\/26\/sniega-dienas-kracites\/#primaryimage\"},\"thumbnailUrl\":\"https:\/\/izglitiba.valmierasnovads.lv\/kracites\/wp-content\/uploads\/sites\/5\/2026\/01\/E9CAC029-FA4E-43A0-806B-9BEAA67981B1.jpeg\",\"articleSection\":[\"sportojam\"],\"inLanguage\":\"lv-LV\"},{\"@type\":\"WebPage\",\"@id\":\"https:\/\/izglitiba.valmierasnovads.lv\/kracites\/2026\/01\/26\/sniega-dienas-kracites\/\",\"url\":\"https:\/\/izglitiba.valmierasnovads.lv\/kracites\/2026\/01\/26\/sniega-dienas-kracites\/\",\"name\":\"Sniega dienas \\\"Kr\u0101c\u012bt\u0113s\\\" - Valmieras pirmsskolas izgl\u012bt\u012bbas iest\u0101de \u201cKR\u0100C\u012aTES\u201d\",\"isPartOf\":{\"@id\":\"https:\/\/izglitiba.valmierasnovads.lv\/kracites\/#website\"},\"primaryImageOfPage\":{\"@id\":\"https:\/\/izglitiba.valmierasnovads.lv\/kracites\/2026\/01\/26\/sniega-dienas-kracites\/#primaryimage\"},\"image\":{\"@id\":\"https:\/\/izglitiba.valmierasnovads.lv\/kracites\/2026\/01\/26\/sniega-dienas-kracites\/#primaryimage\"},\"thumbnailUrl\":\"https:\/\/izglitiba.valmierasnovads.lv\/kracites\/wp-content\/uploads\/sites\/5\/2026\/01\/E9CAC029-FA4E-43A0-806B-9BEAA67981B1.jpeg\",\"datePublished\":\"2026-01-26T06:00:51+00:00\",\"dateModified\":\"2026-01-28T14:16:45+00:00\",\"breadcrumb\":{\"@id\":\"https:\/\/izglitiba.valmierasnovads.lv\/kracites\/2026\/01\/26\/sniega-dienas-kracites\/#breadcrumb\"},\"inLanguage\":\"lv-LV\",\"potentialAction\":[{\"@type\":\"ReadAction\",\"target\":[\"https:\/\/izglitiba.valmierasnovads.lv\/kracites\/2026\/01\/26\/sniega-dienas-kracites\/\"]}]},{\"@type\":\"ImageObject\",\"inLanguage\":\"lv-LV\",\"@id\":\"https:\/\/izglitiba.valmierasnovads.lv\/kracites\/2026\/01\/26\/sniega-dienas-kracites\/#primaryimage\",\"url\":\"https:\/\/izglitiba.valmierasnovads.lv\/kracites\/wp-content\/uploads\/sites\/5\/2026\/01\/E9CAC029-FA4E-43A0-806B-9BEAA67981B1.jpeg\",\"contentUrl\":\"https:\/\/izglitiba.valmierasnovads.lv\/kracites\/wp-content\/uploads\/sites\/5\/2026\/01\/E9CAC029-FA4E-43A0-806B-9BEAA67981B1.jpeg\",\"width\":2048,\"height\":2048},{\"@type\":\"BreadcrumbList\",\"@id\":\"https:\/\/izglitiba.valmierasnovads.lv\/kracites\/2026\/01\/26\/sniega-dienas-kracites\/#breadcrumb\",\"itemListElement\":[{\"@type\":\"ListItem\",\"position\":1,\"name\":\"Home\",\"item\":\"https:\/\/izglitiba.valmierasnovads.lv\/kracites\/\"},{\"@type\":\"ListItem\",\"position\":2,\"name\":\"Sniega dienas &#8220;Kr\u0101c\u012bt\u0113s&#8221;\"}]},{\"@type\":\"WebSite\",\"@id\":\"https:\/\/izglitiba.valmierasnovads.lv\/kracites\/#website\",\"url\":\"https:\/\/izglitiba.valmierasnovads.lv\/kracites\/\",\"name\":\"Valmieras pirmsskolas izgl\u012bt\u012bbas iest\u0101de \u201cKR\u0100C\u012aTES\u201d\",\"description\":\"\",\"publisher\":{\"@id\":\"https:\/\/izglitiba.valmierasnovads.lv\/kracites\/#organization\"},\"potentialAction\":[{\"@type\":\"SearchAction\",\"target\":{\"@type\":\"EntryPoint\",\"urlTemplate\":\"https:\/\/izglitiba.valmierasnovads.lv\/kracites\/?s={search_term_string}\"},\"query-input\":{\"@type\":\"PropertyValueSpecification\",\"valueRequired\":true,\"valueName\":\"search_term_string\"}}],\"inLanguage\":\"lv-LV\"},{\"@type\":\"Organization\",\"@id\":\"https:\/\/izglitiba.valmierasnovads.lv\/kracites\/#organization\",\"name\":\"Valmieras pirmsskolas izgl\u012bt\u012bbas iest\u0101de \u201cKR\u0100C\u012aTES\u201d\",\"url\":\"https:\/\/izglitiba.valmierasnovads.lv\/kracites\/\",\"logo\":{\"@type\":\"ImageObject\",\"inLanguage\":\"lv-LV\",\"@id\":\"https:\/\/izglitiba.valmierasnovads.lv\/kracites\/#\/schema\/logo\/image\/\",\"url\":\"https:\/\/izglitiba.valmierasnovads.lv\/kracites\/wp-content\/uploads\/sites\/5\/2026\/04\/cropped-Pirmsskolas-izglitibas-iestades-ar-pasu-logo-2-scaled-1-1.png\",\"contentUrl\":\"https:\/\/izglitiba.valmierasnovads.lv\/kracites\/wp-content\/uploads\/sites\/5\/2026\/04\/cropped-Pirmsskolas-izglitibas-iestades-ar-pasu-logo-2-scaled-1-1.png\",\"width\":1389,\"height\":405,\"caption\":\"Valmieras pirmsskolas izgl\u012bt\u012bbas iest\u0101de \u201cKR\u0100C\u012aTES\u201d\"},\"image\":{\"@id\":\"https:\/\/izglitiba.valmierasnovads.lv\/kracites\/#\/schema\/logo\/image\/\"}},{\"@type\":\"Person\",\"@id\":\"https:\/\/izglitiba.valmierasnovads.lv\/kracites\/#\/schema\/person\/ea08473ae9fb5a23b4aecbe77d49672c\",\"name\":\"lailaeberharde\",\"image\":{\"@type\":\"ImageObject\",\"inLanguage\":\"lv-LV\",\"@id\":\"https:\/\/izglitiba.valmierasnovads.lv\/kracites\/#\/schema\/person\/image\/\",\"url\":\"https:\/\/secure.gravatar.com\/avatar\/b1879baf3bd51ee89cf57ca5d02084b4583724d6640080614d82d948788a13e0?s=96&d=mm&r=g\",\"contentUrl\":\"https:\/\/secure.gravatar.com\/avatar\/b1879baf3bd51ee89cf57ca5d02084b4583724d6640080614d82d948788a13e0?s=96&d=mm&r=g\",\"caption\":\"lailaeberharde\"},\"url\":\"https:\/\/izglitiba.valmierasnovads.lv\/kracites\/author\/lailaeberharde\/\"}]}<\/script>\n<!-- \/ Yoast SEO plugin. -->","yoast_head_json":{"title":"Sniega dienas \"Kr\u0101c\u012bt\u0113s\" - Valmieras pirmsskolas izgl\u012bt\u012bbas iest\u0101de \u201cKR\u0100C\u012aTES\u201d","robots":{"index":"index","follow":"follow","max-snippet":"max-snippet:-1","max-image-preview":"max-image-preview:large","max-video-preview":"max-video-preview:-1"},"canonical":"https:\/\/izglitiba.valmierasnovads.lv\/kracites\/2026\/01\/26\/sniega-dienas-kracites\/","og_locale":"lv_LV","og_type":"article","og_title":"Sniega dienas \"Kr\u0101c\u012bt\u0113s\" - Valmieras pirmsskolas izgl\u012bt\u012bbas iest\u0101de \u201cKR\u0100C\u012aTES\u201d","og_description":"Vis\u0101 pasaul\u0113 p\u0113c Starptautisk\u0101s sl\u0113po\u0161anas feder\u0101cijas iniciat\u012bvas tiek aizvad\u012bta \u201ePasaules sniega diena\u201d. Ar\u012b m\u016bsu \u201cKr\u0101c\u012bt\u0113s\u201d no 19. janv\u0101ra l\u012bdz 23. [&hellip;]","og_url":"https:\/\/izglitiba.valmierasnovads.lv\/kracites\/2026\/01\/26\/sniega-dienas-kracites\/","og_site_name":"Valmieras pirmsskolas izgl\u012bt\u012bbas iest\u0101de \u201cKR\u0100C\u012aTES\u201d","article_published_time":"2026-01-26T06:00:51+00:00","article_modified_time":"2026-01-28T14:16:45+00:00","og_image":[{"width":2048,"height":2048,"url":"https:\/\/izglitiba.valmierasnovads.lv\/kracites\/wp-content\/uploads\/sites\/5\/2026\/01\/E9CAC029-FA4E-43A0-806B-9BEAA67981B1.jpeg","type":"image\/jpeg"}],"author":"lailaeberharde","twitter_card":"summary_large_image","twitter_misc":{"Written by":"lailaeberharde","Est. reading time":"4 min\u016btes"},"schema":{"@context":"https:\/\/schema.org","@graph":[{"@type":"Article","@id":"https:\/\/izglitiba.valmierasnovads.lv\/kracites\/2026\/01\/26\/sniega-dienas-kracites\/#article","isPartOf":{"@id":"https:\/\/izglitiba.valmierasnovads.lv\/kracites\/2026\/01\/26\/sniega-dienas-kracites\/"},"author":{"name":"lailaeberharde","@id":"https:\/\/izglitiba.valmierasnovads.lv\/kracites\/#\/schema\/person\/ea08473ae9fb5a23b4aecbe77d49672c"},"headline":"Sniega dienas &#8220;Kr\u0101c\u012bt\u0113s&#8221;","datePublished":"2026-01-26T06:00:51+00:00","dateModified":"2026-01-28T14:16:45+00:00","mainEntityOfPage":{"@id":"https:\/\/izglitiba.valmierasnovads.lv\/kracites\/2026\/01\/26\/sniega-dienas-kracites\/"},"wordCount":445,"publisher":{"@id":"https:\/\/izglitiba.valmierasnovads.lv\/kracites\/#organization"},"image":{"@id":"https:\/\/izglitiba.valmierasnovads.lv\/kracites\/2026\/01\/26\/sniega-dienas-kracites\/#primaryimage"},"thumbnailUrl":"https:\/\/izglitiba.valmierasnovads.lv\/kracites\/wp-content\/uploads\/sites\/5\/2026\/01\/E9CAC029-FA4E-43A0-806B-9BEAA67981B1.jpeg","articleSection":["sportojam"],"inLanguage":"lv-LV"},{"@type":"WebPage","@id":"https:\/\/izglitiba.valmierasnovads.lv\/kracites\/2026\/01\/26\/sniega-dienas-kracites\/","url":"https:\/\/izglitiba.valmierasnovads.lv\/kracites\/2026\/01\/26\/sniega-dienas-kracites\/","name":"Sniega dienas \"Kr\u0101c\u012bt\u0113s\" - Valmieras pirmsskolas izgl\u012bt\u012bbas iest\u0101de \u201cKR\u0100C\u012aTES\u201d","isPartOf":{"@id":"https:\/\/izglitiba.valmierasnovads.lv\/kracites\/#website"},"primaryImageOfPage":{"@id":"https:\/\/izglitiba.valmierasnovads.lv\/kracites\/2026\/01\/26\/sniega-dienas-kracites\/#primaryimage"},"image":{"@id":"https:\/\/izglitiba.valmierasnovads.lv\/kracites\/2026\/01\/26\/sniega-dienas-kracites\/#primaryimage"},"thumbnailUrl":"https:\/\/izglitiba.valmierasnovads.lv\/kracites\/wp-content\/uploads\/sites\/5\/2026\/01\/E9CAC029-FA4E-43A0-806B-9BEAA67981B1.jpeg","datePublished":"2026-01-26T06:00:51+00:00","dateModified":"2026-01-28T14:16:45+00:00","breadcrumb":{"@id":"https:\/\/izglitiba.valmierasnovads.lv\/kracites\/2026\/01\/26\/sniega-dienas-kracites\/#breadcrumb"},"inLanguage":"lv-LV","potentialAction":[{"@type":"ReadAction","target":["https:\/\/izglitiba.valmierasnovads.lv\/kracites\/2026\/01\/26\/sniega-dienas-kracites\/"]}]},{"@type":"ImageObject","inLanguage":"lv-LV","@id":"https:\/\/izglitiba.valmierasnovads.lv\/kracites\/2026\/01\/26\/sniega-dienas-kracites\/#primaryimage","url":"https:\/\/izglitiba.valmierasnovads.lv\/kracites\/wp-content\/uploads\/sites\/5\/2026\/01\/E9CAC029-FA4E-43A0-806B-9BEAA67981B1.jpeg","contentUrl":"https:\/\/izglitiba.valmierasnovads.lv\/kracites\/wp-content\/uploads\/sites\/5\/2026\/01\/E9CAC029-FA4E-43A0-806B-9BEAA67981B1.jpeg","width":2048,"height":2048},{"@type":"BreadcrumbList","@id":"https:\/\/izglitiba.valmierasnovads.lv\/kracites\/2026\/01\/26\/sniega-dienas-kracites\/#breadcrumb","itemListElement":[{"@type":"ListItem","position":1,"name":"Home","item":"https:\/\/izglitiba.valmierasnovads.lv\/kracites\/"},{"@type":"ListItem","position":2,"name":"Sniega dienas &#8220;Kr\u0101c\u012bt\u0113s&#8221;"}]},{"@type":"WebSite","@id":"https:\/\/izglitiba.valmierasnovads.lv\/kracites\/#website","url":"https:\/\/izglitiba.valmierasnovads.lv\/kracites\/","name":"Valmieras pirmsskolas izgl\u012bt\u012bbas iest\u0101de \u201cKR\u0100C\u012aTES\u201d","description":"","publisher":{"@id":"https:\/\/izglitiba.valmierasnovads.lv\/kracites\/#organization"},"potentialAction":[{"@type":"SearchAction","target":{"@type":"EntryPoint","urlTemplate":"https:\/\/izglitiba.valmierasnovads.lv\/kracites\/?s={search_term_string}"},"query-input":{"@type":"PropertyValueSpecification","valueRequired":true,"valueName":"search_term_string"}}],"inLanguage":"lv-LV"},{"@type":"Organization","@id":"https:\/\/izglitiba.valmierasnovads.lv\/kracites\/#organization","name":"Valmieras pirmsskolas izgl\u012bt\u012bbas iest\u0101de \u201cKR\u0100C\u012aTES\u201d","url":"https:\/\/izglitiba.valmierasnovads.lv\/kracites\/","logo":{"@type":"ImageObject","inLanguage":"lv-LV","@id":"https:\/\/izglitiba.valmierasnovads.lv\/kracites\/#\/schema\/logo\/image\/","url":"https:\/\/izglitiba.valmierasnovads.lv\/kracites\/wp-content\/uploads\/sites\/5\/2026\/04\/cropped-Pirmsskolas-izglitibas-iestades-ar-pasu-logo-2-scaled-1-1.png","contentUrl":"https:\/\/izglitiba.valmierasnovads.lv\/kracites\/wp-content\/uploads\/sites\/5\/2026\/04\/cropped-Pirmsskolas-izglitibas-iestades-ar-pasu-logo-2-scaled-1-1.png","width":1389,"height":405,"caption":"Valmieras pirmsskolas izgl\u012bt\u012bbas iest\u0101de \u201cKR\u0100C\u012aTES\u201d"},"image":{"@id":"https:\/\/izglitiba.valmierasnovads.lv\/kracites\/#\/schema\/logo\/image\/"}},{"@type":"Person","@id":"https:\/\/izglitiba.valmierasnovads.lv\/kracites\/#\/schema\/person\/ea08473ae9fb5a23b4aecbe77d49672c","name":"lailaeberharde","image":{"@type":"ImageObject","inLanguage":"lv-LV","@id":"https:\/\/izglitiba.valmierasnovads.lv\/kracites\/#\/schema\/person\/image\/","url":"https:\/\/secure.gravatar.com\/avatar\/b1879baf3bd51ee89cf57ca5d02084b4583724d6640080614d82d948788a13e0?s=96&d=mm&r=g","contentUrl":"https:\/\/secure.gravatar.com\/avatar\/b1879baf3bd51ee89cf57ca5d02084b4583724d6640080614d82d948788a13e0?s=96&d=mm&r=g","caption":"lailaeberharde"},"url":"https:\/\/izglitiba.valmierasnovads.lv\/kracites\/author\/lailaeberharde\/"}]}},"_links":{"self":[{"href":"https:\/\/izglitiba.valmierasnovads.lv\/kracites\/wp-json\/wp\/v2\/posts\/405","targetHints":{"allow":["GET"]}}],"collection":[{"href":"https:\/\/izglitiba.valmierasnovads.lv\/kracites\/wp-json\/wp\/v2\/posts"}],"about":[{"href":"https:\/\/izglitiba.valmierasnovads.lv\/kracites\/wp-json\/wp\/v2\/types\/post"}],"author":[{"embeddable":true,"href":"https:\/\/izglitiba.valmierasnovads.lv\/kracites\/wp-json\/wp\/v2\/users\/49"}],"replies":[{"embeddable":true,"href":"https:\/\/izglitiba.valmierasnovads.lv\/kracites\/wp-json\/wp\/v2\/comments?post=405"}],"version-history":[{"count":2,"href":"https:\/\/izglitiba.valmierasnovads.lv\/kracites\/wp-json\/wp\/v2\/posts\/405\/revisions"}],"predecessor-version":[{"id":417,"href":"https:\/\/izglitiba.valmierasnovads.lv\/kracites\/wp-json\/wp\/v2\/posts\/405\/revisions\/417"}],"wp:featuredmedia":[{"embeddable":true,"href":"https:\/\/izglitiba.valmierasnovads.lv\/kracites\/wp-json\/wp\/v2\/media\/407"}],"wp:attachment":[{"href":"https:\/\/izglitiba.valmierasnovads.lv\/kracites\/wp-json\/wp\/v2\/media?parent=405"}],"wp:term":[{"taxonomy":"category","embeddable":true,"href":"https:\/\/izglitiba.valmierasnovads.lv\/kracites\/wp-json\/wp\/v2\/categories?post=405"},{"taxonomy":"post_tag","embeddable":true,"href":"https:\/\/izglitiba.valmierasnovads.lv\/kracites\/wp-json\/wp\/v2\/tags?post=405"}],"curies":[{"name":"wp","href":"https:\/\/api.w.org\/{rel}","templated":true}]}}