{"id":451,"date":"2026-02-06T08:04:25","date_gmt":"2026-02-06T06:04:25","guid":{"rendered":"https:\/\/izglitiba.valmierasnovads.lv\/kracites\/?p=451"},"modified":"2026-02-09T12:02:02","modified_gmt":"2026-02-09T10:02:02","slug":"silto-dzemperu-diena-pie-mums-teju-diena-veselibai-un-priekam","status":"publish","type":"post","link":"https:\/\/izglitiba.valmierasnovads.lv\/kracites\/2026\/02\/06\/silto-dzemperu-diena-pie-mums-teju-diena-veselibai-un-priekam\/","title":{"rendered":"Pie mums \u201cT\u0113ju diena\u201d vesel\u012bbai un priekam"},"content":{"rendered":"\n<p> Ikgad\u0113j\u0101s akcij\u0101s laik\u0101 &#8211; \u201cSilto d\u017eemperu diena\u201d, b\u0113rni gatavoja \u012bpa\u0161u un vesel\u012bgu t\u0113ju, iepaz\u012bstot da\u017e\u0101du \u0101rstniec\u012bbas augus \u2013 piparm\u0113tru, kumel\u012b\u0161u, liepziedu, za\u013co un kark\u0101des t\u0113ju. B\u0113rni priec\u012bgi \u0137\u0113r\u0101s pie t\u0113jas gatavo\u0161anas \u2013 pa\u0161i mais\u012bja kr\u016bz\u0113s t\u0113ju un m\u0113\u0123in\u0101ja sapludin\u0101t da\u017e\u0101das gar\u0161as: citronu, apels\u012bnu, kivi, \u017e\u0101v\u0113tos \u0101bolus vai mellenes. Katrs b\u0113rns ar saj\u016bsmu degust\u0113ja savu rado\u0161o dz\u0113rienu un st\u0101st\u012bja draugiem, kura kombin\u0101cija vi\u0146am gar\u0161o vislab\u0101k. P\u0113c tam sekoja rado\u0161\u0101 da\u013ca \u2013 maz\u0101kie z\u012bm\u0113ja kr\u0101sainus t\u0113jas piedz\u012bvojumus, bet liel\u0101kie pierakst\u012bja savas \u012bpa\u0161\u0101s t\u0113jas receptes. Un, protams, p\u0113c aukstas pastaigas \u0101r\u0101, nebija nek\u0101 lab\u0101ka par siltu, arom\u0101tisku un vesel\u012bgu t\u0113ju, kas silda gan sirdi, gan \u0137ermeni. \u0160\u012b diena bija pilna smar\u017eu, gar\u0161u un prieka! B\u0113rni ne tikai iepazina dabas veltes, bet ar\u012b m\u0101c\u012bj\u0101s sadarboties, eksperiment\u0113t un priec\u0101ties par aizraujo\u0161o dienu kop\u0101 ar draugiem.<\/p>\n\n\n\n<figure class=\"wp-block-image size-full is-resized\"><img loading=\"lazy\" decoding=\"async\" width=\"660\" height=\"660\" src=\"https:\/\/izglitiba.valmierasnovads.lv\/kracites\/wp-content\/uploads\/sites\/5\/2026\/02\/image-1.png\" alt=\"\" class=\"wp-image-453\" style=\"width:741px;height:auto\" srcset=\"https:\/\/izglitiba.valmierasnovads.lv\/kracites\/wp-content\/uploads\/sites\/5\/2026\/02\/image-1.png 660w, https:\/\/izglitiba.valmierasnovads.lv\/kracites\/wp-content\/uploads\/sites\/5\/2026\/02\/image-1-300x300.png 300w, https:\/\/izglitiba.valmierasnovads.lv\/kracites\/wp-content\/uploads\/sites\/5\/2026\/02\/image-1-150x150.png 150w\" sizes=\"auto, (max-width: 660px) 100vw, 660px\" \/><\/figure>\n\n\n\n<figure class=\"wp-block-image size-full is-resized\"><img loading=\"lazy\" decoding=\"async\" width=\"615\" height=\"616\" src=\"https:\/\/izglitiba.valmierasnovads.lv\/kracites\/wp-content\/uploads\/sites\/5\/2026\/02\/image-2.png\" alt=\"\" class=\"wp-image-454\" style=\"width:743px;height:auto\" srcset=\"https:\/\/izglitiba.valmierasnovads.lv\/kracites\/wp-content\/uploads\/sites\/5\/2026\/02\/image-2.png 615w, https:\/\/izglitiba.valmierasnovads.lv\/kracites\/wp-content\/uploads\/sites\/5\/2026\/02\/image-2-300x300.png 300w, https:\/\/izglitiba.valmierasnovads.lv\/kracites\/wp-content\/uploads\/sites\/5\/2026\/02\/image-2-150x150.png 150w\" sizes=\"auto, (max-width: 615px) 100vw, 615px\" \/><\/figure>\n\n\n\n<figure class=\"wp-block-image size-full is-resized\"><img loading=\"lazy\" decoding=\"async\" width=\"645\" height=\"644\" src=\"https:\/\/izglitiba.valmierasnovads.lv\/kracites\/wp-content\/uploads\/sites\/5\/2026\/02\/image-3.png\" alt=\"\" class=\"wp-image-455\" style=\"width:750px;height:auto\" srcset=\"https:\/\/izglitiba.valmierasnovads.lv\/kracites\/wp-content\/uploads\/sites\/5\/2026\/02\/image-3.png 645w, https:\/\/izglitiba.valmierasnovads.lv\/kracites\/wp-content\/uploads\/sites\/5\/2026\/02\/image-3-300x300.png 300w, https:\/\/izglitiba.valmierasnovads.lv\/kracites\/wp-content\/uploads\/sites\/5\/2026\/02\/image-3-150x150.png 150w\" sizes=\"auto, (max-width: 645px) 100vw, 645px\" \/><\/figure>\n\n\n\n<figure class=\"wp-block-image size-full is-resized\"><img loading=\"lazy\" decoding=\"async\" width=\"641\" height=\"641\" src=\"https:\/\/izglitiba.valmierasnovads.lv\/kracites\/wp-content\/uploads\/sites\/5\/2026\/02\/image-4.png\" alt=\"\" class=\"wp-image-457\" style=\"width:750px;height:auto\" srcset=\"https:\/\/izglitiba.valmierasnovads.lv\/kracites\/wp-content\/uploads\/sites\/5\/2026\/02\/image-4.png 641w, https:\/\/izglitiba.valmierasnovads.lv\/kracites\/wp-content\/uploads\/sites\/5\/2026\/02\/image-4-300x300.png 300w, https:\/\/izglitiba.valmierasnovads.lv\/kracites\/wp-content\/uploads\/sites\/5\/2026\/02\/image-4-150x150.png 150w\" sizes=\"auto, (max-width: 641px) 100vw, 641px\" \/><\/figure>\n\n\n\n<figure class=\"wp-block-image size-full is-resized\"><img loading=\"lazy\" decoding=\"async\" width=\"644\" height=\"645\" src=\"https:\/\/izglitiba.valmierasnovads.lv\/kracites\/wp-content\/uploads\/sites\/5\/2026\/02\/image-5.png\" alt=\"\" class=\"wp-image-458\" style=\"width:750px;height:auto\" srcset=\"https:\/\/izglitiba.valmierasnovads.lv\/kracites\/wp-content\/uploads\/sites\/5\/2026\/02\/image-5.png 644w, https:\/\/izglitiba.valmierasnovads.lv\/kracites\/wp-content\/uploads\/sites\/5\/2026\/02\/image-5-300x300.png 300w, https:\/\/izglitiba.valmierasnovads.lv\/kracites\/wp-content\/uploads\/sites\/5\/2026\/02\/image-5-150x150.png 150w\" sizes=\"auto, (max-width: 644px) 100vw, 644px\" \/><\/figure>\n","protected":false},"excerpt":{"rendered":"<p>Ikgad\u0113j\u0101s akcij\u0101s laik\u0101 &#8211; \u201cSilto d\u017eemperu diena\u201d, b\u0113rni gatavoja \u012bpa\u0161u un vesel\u012bgu t\u0113ju, iepaz\u012bstot da\u017e\u0101du \u0101rstniec\u012bbas augus \u2013 piparm\u0113tru, kumel\u012b\u0161u, [&hellip;]<\/p>\n","protected":false},"author":49,"featured_media":460,"comment_status":"closed","ping_status":"closed","sticky":false,"template":"","format":"standard","meta":{"_acf_changed":false,"site-sidebar-layout":"default","site-content-layout":"","ast-site-content-layout":"default","site-content-style":"default","site-sidebar-style":"default","ast-global-header-display":"","ast-banner-title-visibility":"","ast-main-header-display":"","ast-hfb-above-header-display":"","ast-hfb-below-header-display":"","ast-hfb-mobile-header-display":"","site-post-title":"","ast-breadcrumbs-content":"","ast-featured-img":"","footer-sml-layout":"","ast-disable-related-posts":"","theme-transparent-header-meta":"","adv-header-id-meta":"","stick-header-meta":"","header-above-stick-meta":"","header-main-stick-meta":"","header-below-stick-meta":"","astra-migrate-meta-layouts":"default","ast-page-background-enabled":"default","ast-page-background-meta":{"desktop":{"background-color":"var(--ast-global-color-5)","background-image":"","background-repeat":"repeat","background-position":"center center","background-size":"auto","background-attachment":"scroll","background-type":"","background-media":"","overlay-type":"","overlay-color":"","overlay-opacity":"","overlay-gradient":""},"tablet":{"background-color":"","background-image":"","background-repeat":"repeat","background-position":"center center","background-size":"auto","background-attachment":"scroll","background-type":"","background-media":"","overlay-type":"","overlay-color":"","overlay-opacity":"","overlay-gradient":""},"mobile":{"background-color":"","background-image":"","background-repeat":"repeat","background-position":"center center","background-size":"auto","background-attachment":"scroll","background-type":"","background-media":"","overlay-type":"","overlay-color":"","overlay-opacity":"","overlay-gradient":""}},"ast-content-background-meta":{"desktop":{"background-color":"var(--ast-global-color-4)","background-image":"","background-repeat":"repeat","background-position":"center center","background-size":"auto","background-attachment":"scroll","background-type":"","background-media":"","overlay-type":"","overlay-color":"","overlay-opacity":"","overlay-gradient":""},"tablet":{"background-color":"var(--ast-global-color-4)","background-image":"","background-repeat":"repeat","background-position":"center center","background-size":"auto","background-attachment":"scroll","background-type":"","background-media":"","overlay-type":"","overlay-color":"","overlay-opacity":"","overlay-gradient":""},"mobile":{"background-color":"var(--ast-global-color-4)","background-image":"","background-repeat":"repeat","background-position":"center center","background-size":"auto","background-attachment":"scroll","background-type":"","background-media":"","overlay-type":"","overlay-color":"","overlay-opacity":"","overlay-gradient":""}},"footnotes":""},"categories":[5],"tags":[],"class_list":["post-451","post","type-post","status-publish","format-standard","has-post-thumbnail","hentry","category-pasakumi"],"acf":[],"yoast_head":"<!-- This site is optimized with the Yoast SEO plugin v27.0 - https:\/\/yoast.com\/product\/yoast-seo-wordpress\/ -->\n<title>Pie mums \u201cT\u0113ju diena\u201d vesel\u012bbai un priekam - Valmieras pirmsskolas izgl\u012bt\u012bbas iest\u0101de \u201cKR\u0100C\u012aTES\u201d<\/title>\n<meta name=\"robots\" content=\"index, follow, max-snippet:-1, max-image-preview:large, max-video-preview:-1\" \/>\n<link rel=\"canonical\" href=\"https:\/\/izglitiba.valmierasnovads.lv\/kracites\/2026\/02\/06\/silto-dzemperu-diena-pie-mums-teju-diena-veselibai-un-priekam\/\" \/>\n<meta property=\"og:locale\" content=\"lv_LV\" \/>\n<meta property=\"og:type\" content=\"article\" \/>\n<meta property=\"og:title\" content=\"Pie mums \u201cT\u0113ju diena\u201d vesel\u012bbai un priekam - Valmieras pirmsskolas izgl\u012bt\u012bbas iest\u0101de \u201cKR\u0100C\u012aTES\u201d\" \/>\n<meta property=\"og:description\" content=\"Ikgad\u0113j\u0101s akcij\u0101s laik\u0101 &#8211; \u201cSilto d\u017eemperu diena\u201d, b\u0113rni gatavoja \u012bpa\u0161u un vesel\u012bgu t\u0113ju, iepaz\u012bstot da\u017e\u0101du \u0101rstniec\u012bbas augus \u2013 piparm\u0113tru, kumel\u012b\u0161u, [&hellip;]\" \/>\n<meta property=\"og:url\" content=\"https:\/\/izglitiba.valmierasnovads.lv\/kracites\/2026\/02\/06\/silto-dzemperu-diena-pie-mums-teju-diena-veselibai-un-priekam\/\" \/>\n<meta property=\"og:site_name\" content=\"Valmieras pirmsskolas izgl\u012bt\u012bbas iest\u0101de \u201cKR\u0100C\u012aTES\u201d\" \/>\n<meta property=\"article:published_time\" content=\"2026-02-06T06:04:25+00:00\" \/>\n<meta property=\"article:modified_time\" content=\"2026-02-09T10:02:02+00:00\" \/>\n<meta property=\"og:image\" content=\"https:\/\/izglitiba.valmierasnovads.lv\/kracites\/wp-content\/uploads\/sites\/5\/2026\/02\/Attels2.jpg\" \/>\n\t<meta property=\"og:image:width\" content=\"678\" \/>\n\t<meta property=\"og:image:height\" content=\"967\" \/>\n\t<meta property=\"og:image:type\" content=\"image\/jpeg\" \/>\n<meta name=\"author\" content=\"lailaeberharde\" \/>\n<meta name=\"twitter:card\" content=\"summary_large_image\" \/>\n<meta name=\"twitter:label1\" content=\"Written by\" \/>\n\t<meta name=\"twitter:data1\" content=\"lailaeberharde\" \/>\n\t<meta name=\"twitter:label2\" content=\"Est. reading time\" \/>\n\t<meta name=\"twitter:data2\" content=\"2 min\u016btes\" \/>\n<script type=\"application\/ld+json\" class=\"yoast-schema-graph\">{\"@context\":\"https:\/\/schema.org\",\"@graph\":[{\"@type\":\"Article\",\"@id\":\"https:\/\/izglitiba.valmierasnovads.lv\/kracites\/2026\/02\/06\/silto-dzemperu-diena-pie-mums-teju-diena-veselibai-un-priekam\/#article\",\"isPartOf\":{\"@id\":\"https:\/\/izglitiba.valmierasnovads.lv\/kracites\/2026\/02\/06\/silto-dzemperu-diena-pie-mums-teju-diena-veselibai-un-priekam\/\"},\"author\":{\"name\":\"lailaeberharde\",\"@id\":\"https:\/\/izglitiba.valmierasnovads.lv\/kracites\/#\/schema\/person\/ea08473ae9fb5a23b4aecbe77d49672c\"},\"headline\":\"Pie mums \u201cT\u0113ju diena\u201d vesel\u012bbai un priekam\",\"datePublished\":\"2026-02-06T06:04:25+00:00\",\"dateModified\":\"2026-02-09T10:02:02+00:00\",\"mainEntityOfPage\":{\"@id\":\"https:\/\/izglitiba.valmierasnovads.lv\/kracites\/2026\/02\/06\/silto-dzemperu-diena-pie-mums-teju-diena-veselibai-un-priekam\/\"},\"wordCount\":205,\"publisher\":{\"@id\":\"https:\/\/izglitiba.valmierasnovads.lv\/kracites\/#organization\"},\"image\":{\"@id\":\"https:\/\/izglitiba.valmierasnovads.lv\/kracites\/2026\/02\/06\/silto-dzemperu-diena-pie-mums-teju-diena-veselibai-un-priekam\/#primaryimage\"},\"thumbnailUrl\":\"https:\/\/izglitiba.valmierasnovads.lv\/kracites\/wp-content\/uploads\/sites\/5\/2026\/02\/Attels2.jpg\",\"articleSection\":[\"Pas\u0101kumi\"],\"inLanguage\":\"lv-LV\"},{\"@type\":\"WebPage\",\"@id\":\"https:\/\/izglitiba.valmierasnovads.lv\/kracites\/2026\/02\/06\/silto-dzemperu-diena-pie-mums-teju-diena-veselibai-un-priekam\/\",\"url\":\"https:\/\/izglitiba.valmierasnovads.lv\/kracites\/2026\/02\/06\/silto-dzemperu-diena-pie-mums-teju-diena-veselibai-un-priekam\/\",\"name\":\"Pie mums \u201cT\u0113ju diena\u201d vesel\u012bbai un priekam - Valmieras pirmsskolas izgl\u012bt\u012bbas iest\u0101de \u201cKR\u0100C\u012aTES\u201d\",\"isPartOf\":{\"@id\":\"https:\/\/izglitiba.valmierasnovads.lv\/kracites\/#website\"},\"primaryImageOfPage\":{\"@id\":\"https:\/\/izglitiba.valmierasnovads.lv\/kracites\/2026\/02\/06\/silto-dzemperu-diena-pie-mums-teju-diena-veselibai-un-priekam\/#primaryimage\"},\"image\":{\"@id\":\"https:\/\/izglitiba.valmierasnovads.lv\/kracites\/2026\/02\/06\/silto-dzemperu-diena-pie-mums-teju-diena-veselibai-un-priekam\/#primaryimage\"},\"thumbnailUrl\":\"https:\/\/izglitiba.valmierasnovads.lv\/kracites\/wp-content\/uploads\/sites\/5\/2026\/02\/Attels2.jpg\",\"datePublished\":\"2026-02-06T06:04:25+00:00\",\"dateModified\":\"2026-02-09T10:02:02+00:00\",\"breadcrumb\":{\"@id\":\"https:\/\/izglitiba.valmierasnovads.lv\/kracites\/2026\/02\/06\/silto-dzemperu-diena-pie-mums-teju-diena-veselibai-un-priekam\/#breadcrumb\"},\"inLanguage\":\"lv-LV\",\"potentialAction\":[{\"@type\":\"ReadAction\",\"target\":[\"https:\/\/izglitiba.valmierasnovads.lv\/kracites\/2026\/02\/06\/silto-dzemperu-diena-pie-mums-teju-diena-veselibai-un-priekam\/\"]}]},{\"@type\":\"ImageObject\",\"inLanguage\":\"lv-LV\",\"@id\":\"https:\/\/izglitiba.valmierasnovads.lv\/kracites\/2026\/02\/06\/silto-dzemperu-diena-pie-mums-teju-diena-veselibai-un-priekam\/#primaryimage\",\"url\":\"https:\/\/izglitiba.valmierasnovads.lv\/kracites\/wp-content\/uploads\/sites\/5\/2026\/02\/Attels2.jpg\",\"contentUrl\":\"https:\/\/izglitiba.valmierasnovads.lv\/kracites\/wp-content\/uploads\/sites\/5\/2026\/02\/Attels2.jpg\",\"width\":678,\"height\":967},{\"@type\":\"BreadcrumbList\",\"@id\":\"https:\/\/izglitiba.valmierasnovads.lv\/kracites\/2026\/02\/06\/silto-dzemperu-diena-pie-mums-teju-diena-veselibai-un-priekam\/#breadcrumb\",\"itemListElement\":[{\"@type\":\"ListItem\",\"position\":1,\"name\":\"Home\",\"item\":\"https:\/\/izglitiba.valmierasnovads.lv\/kracites\/\"},{\"@type\":\"ListItem\",\"position\":2,\"name\":\"Pie mums \u201cT\u0113ju diena\u201d vesel\u012bbai un priekam\"}]},{\"@type\":\"WebSite\",\"@id\":\"https:\/\/izglitiba.valmierasnovads.lv\/kracites\/#website\",\"url\":\"https:\/\/izglitiba.valmierasnovads.lv\/kracites\/\",\"name\":\"Valmieras pirmsskolas izgl\u012bt\u012bbas iest\u0101de \u201cKR\u0100C\u012aTES\u201d\",\"description\":\"\",\"publisher\":{\"@id\":\"https:\/\/izglitiba.valmierasnovads.lv\/kracites\/#organization\"},\"potentialAction\":[{\"@type\":\"SearchAction\",\"target\":{\"@type\":\"EntryPoint\",\"urlTemplate\":\"https:\/\/izglitiba.valmierasnovads.lv\/kracites\/?s={search_term_string}\"},\"query-input\":{\"@type\":\"PropertyValueSpecification\",\"valueRequired\":true,\"valueName\":\"search_term_string\"}}],\"inLanguage\":\"lv-LV\"},{\"@type\":\"Organization\",\"@id\":\"https:\/\/izglitiba.valmierasnovads.lv\/kracites\/#organization\",\"name\":\"Valmieras pirmsskolas izgl\u012bt\u012bbas iest\u0101de \u201cKR\u0100C\u012aTES\u201d\",\"url\":\"https:\/\/izglitiba.valmierasnovads.lv\/kracites\/\",\"logo\":{\"@type\":\"ImageObject\",\"inLanguage\":\"lv-LV\",\"@id\":\"https:\/\/izglitiba.valmierasnovads.lv\/kracites\/#\/schema\/logo\/image\/\",\"url\":\"https:\/\/izglitiba.valmierasnovads.lv\/kracites\/wp-content\/uploads\/sites\/5\/2026\/04\/cropped-Pirmsskolas-izglitibas-iestades-ar-pasu-logo-2-scaled-1-1.png\",\"contentUrl\":\"https:\/\/izglitiba.valmierasnovads.lv\/kracites\/wp-content\/uploads\/sites\/5\/2026\/04\/cropped-Pirmsskolas-izglitibas-iestades-ar-pasu-logo-2-scaled-1-1.png\",\"width\":1389,\"height\":405,\"caption\":\"Valmieras pirmsskolas izgl\u012bt\u012bbas iest\u0101de \u201cKR\u0100C\u012aTES\u201d\"},\"image\":{\"@id\":\"https:\/\/izglitiba.valmierasnovads.lv\/kracites\/#\/schema\/logo\/image\/\"}},{\"@type\":\"Person\",\"@id\":\"https:\/\/izglitiba.valmierasnovads.lv\/kracites\/#\/schema\/person\/ea08473ae9fb5a23b4aecbe77d49672c\",\"name\":\"lailaeberharde\",\"image\":{\"@type\":\"ImageObject\",\"inLanguage\":\"lv-LV\",\"@id\":\"https:\/\/izglitiba.valmierasnovads.lv\/kracites\/#\/schema\/person\/image\/\",\"url\":\"https:\/\/secure.gravatar.com\/avatar\/b1879baf3bd51ee89cf57ca5d02084b4583724d6640080614d82d948788a13e0?s=96&d=mm&r=g\",\"contentUrl\":\"https:\/\/secure.gravatar.com\/avatar\/b1879baf3bd51ee89cf57ca5d02084b4583724d6640080614d82d948788a13e0?s=96&d=mm&r=g\",\"caption\":\"lailaeberharde\"},\"url\":\"https:\/\/izglitiba.valmierasnovads.lv\/kracites\/author\/lailaeberharde\/\"}]}<\/script>\n<!-- \/ Yoast SEO plugin. -->","yoast_head_json":{"title":"Pie mums \u201cT\u0113ju diena\u201d vesel\u012bbai un priekam - Valmieras pirmsskolas izgl\u012bt\u012bbas iest\u0101de \u201cKR\u0100C\u012aTES\u201d","robots":{"index":"index","follow":"follow","max-snippet":"max-snippet:-1","max-image-preview":"max-image-preview:large","max-video-preview":"max-video-preview:-1"},"canonical":"https:\/\/izglitiba.valmierasnovads.lv\/kracites\/2026\/02\/06\/silto-dzemperu-diena-pie-mums-teju-diena-veselibai-un-priekam\/","og_locale":"lv_LV","og_type":"article","og_title":"Pie mums \u201cT\u0113ju diena\u201d vesel\u012bbai un priekam - Valmieras pirmsskolas izgl\u012bt\u012bbas iest\u0101de \u201cKR\u0100C\u012aTES\u201d","og_description":"Ikgad\u0113j\u0101s akcij\u0101s laik\u0101 &#8211; \u201cSilto d\u017eemperu diena\u201d, b\u0113rni gatavoja \u012bpa\u0161u un vesel\u012bgu t\u0113ju, iepaz\u012bstot da\u017e\u0101du \u0101rstniec\u012bbas augus \u2013 piparm\u0113tru, kumel\u012b\u0161u, [&hellip;]","og_url":"https:\/\/izglitiba.valmierasnovads.lv\/kracites\/2026\/02\/06\/silto-dzemperu-diena-pie-mums-teju-diena-veselibai-un-priekam\/","og_site_name":"Valmieras pirmsskolas izgl\u012bt\u012bbas iest\u0101de \u201cKR\u0100C\u012aTES\u201d","article_published_time":"2026-02-06T06:04:25+00:00","article_modified_time":"2026-02-09T10:02:02+00:00","og_image":[{"width":678,"height":967,"url":"https:\/\/izglitiba.valmierasnovads.lv\/kracites\/wp-content\/uploads\/sites\/5\/2026\/02\/Attels2.jpg","type":"image\/jpeg"}],"author":"lailaeberharde","twitter_card":"summary_large_image","twitter_misc":{"Written by":"lailaeberharde","Est. reading time":"2 min\u016btes"},"schema":{"@context":"https:\/\/schema.org","@graph":[{"@type":"Article","@id":"https:\/\/izglitiba.valmierasnovads.lv\/kracites\/2026\/02\/06\/silto-dzemperu-diena-pie-mums-teju-diena-veselibai-un-priekam\/#article","isPartOf":{"@id":"https:\/\/izglitiba.valmierasnovads.lv\/kracites\/2026\/02\/06\/silto-dzemperu-diena-pie-mums-teju-diena-veselibai-un-priekam\/"},"author":{"name":"lailaeberharde","@id":"https:\/\/izglitiba.valmierasnovads.lv\/kracites\/#\/schema\/person\/ea08473ae9fb5a23b4aecbe77d49672c"},"headline":"Pie mums \u201cT\u0113ju diena\u201d vesel\u012bbai un priekam","datePublished":"2026-02-06T06:04:25+00:00","dateModified":"2026-02-09T10:02:02+00:00","mainEntityOfPage":{"@id":"https:\/\/izglitiba.valmierasnovads.lv\/kracites\/2026\/02\/06\/silto-dzemperu-diena-pie-mums-teju-diena-veselibai-un-priekam\/"},"wordCount":205,"publisher":{"@id":"https:\/\/izglitiba.valmierasnovads.lv\/kracites\/#organization"},"image":{"@id":"https:\/\/izglitiba.valmierasnovads.lv\/kracites\/2026\/02\/06\/silto-dzemperu-diena-pie-mums-teju-diena-veselibai-un-priekam\/#primaryimage"},"thumbnailUrl":"https:\/\/izglitiba.valmierasnovads.lv\/kracites\/wp-content\/uploads\/sites\/5\/2026\/02\/Attels2.jpg","articleSection":["Pas\u0101kumi"],"inLanguage":"lv-LV"},{"@type":"WebPage","@id":"https:\/\/izglitiba.valmierasnovads.lv\/kracites\/2026\/02\/06\/silto-dzemperu-diena-pie-mums-teju-diena-veselibai-un-priekam\/","url":"https:\/\/izglitiba.valmierasnovads.lv\/kracites\/2026\/02\/06\/silto-dzemperu-diena-pie-mums-teju-diena-veselibai-un-priekam\/","name":"Pie mums \u201cT\u0113ju diena\u201d vesel\u012bbai un priekam - Valmieras pirmsskolas izgl\u012bt\u012bbas iest\u0101de \u201cKR\u0100C\u012aTES\u201d","isPartOf":{"@id":"https:\/\/izglitiba.valmierasnovads.lv\/kracites\/#website"},"primaryImageOfPage":{"@id":"https:\/\/izglitiba.valmierasnovads.lv\/kracites\/2026\/02\/06\/silto-dzemperu-diena-pie-mums-teju-diena-veselibai-un-priekam\/#primaryimage"},"image":{"@id":"https:\/\/izglitiba.valmierasnovads.lv\/kracites\/2026\/02\/06\/silto-dzemperu-diena-pie-mums-teju-diena-veselibai-un-priekam\/#primaryimage"},"thumbnailUrl":"https:\/\/izglitiba.valmierasnovads.lv\/kracites\/wp-content\/uploads\/sites\/5\/2026\/02\/Attels2.jpg","datePublished":"2026-02-06T06:04:25+00:00","dateModified":"2026-02-09T10:02:02+00:00","breadcrumb":{"@id":"https:\/\/izglitiba.valmierasnovads.lv\/kracites\/2026\/02\/06\/silto-dzemperu-diena-pie-mums-teju-diena-veselibai-un-priekam\/#breadcrumb"},"inLanguage":"lv-LV","potentialAction":[{"@type":"ReadAction","target":["https:\/\/izglitiba.valmierasnovads.lv\/kracites\/2026\/02\/06\/silto-dzemperu-diena-pie-mums-teju-diena-veselibai-un-priekam\/"]}]},{"@type":"ImageObject","inLanguage":"lv-LV","@id":"https:\/\/izglitiba.valmierasnovads.lv\/kracites\/2026\/02\/06\/silto-dzemperu-diena-pie-mums-teju-diena-veselibai-un-priekam\/#primaryimage","url":"https:\/\/izglitiba.valmierasnovads.lv\/kracites\/wp-content\/uploads\/sites\/5\/2026\/02\/Attels2.jpg","contentUrl":"https:\/\/izglitiba.valmierasnovads.lv\/kracites\/wp-content\/uploads\/sites\/5\/2026\/02\/Attels2.jpg","width":678,"height":967},{"@type":"BreadcrumbList","@id":"https:\/\/izglitiba.valmierasnovads.lv\/kracites\/2026\/02\/06\/silto-dzemperu-diena-pie-mums-teju-diena-veselibai-un-priekam\/#breadcrumb","itemListElement":[{"@type":"ListItem","position":1,"name":"Home","item":"https:\/\/izglitiba.valmierasnovads.lv\/kracites\/"},{"@type":"ListItem","position":2,"name":"Pie mums \u201cT\u0113ju diena\u201d vesel\u012bbai un priekam"}]},{"@type":"WebSite","@id":"https:\/\/izglitiba.valmierasnovads.lv\/kracites\/#website","url":"https:\/\/izglitiba.valmierasnovads.lv\/kracites\/","name":"Valmieras pirmsskolas izgl\u012bt\u012bbas iest\u0101de \u201cKR\u0100C\u012aTES\u201d","description":"","publisher":{"@id":"https:\/\/izglitiba.valmierasnovads.lv\/kracites\/#organization"},"potentialAction":[{"@type":"SearchAction","target":{"@type":"EntryPoint","urlTemplate":"https:\/\/izglitiba.valmierasnovads.lv\/kracites\/?s={search_term_string}"},"query-input":{"@type":"PropertyValueSpecification","valueRequired":true,"valueName":"search_term_string"}}],"inLanguage":"lv-LV"},{"@type":"Organization","@id":"https:\/\/izglitiba.valmierasnovads.lv\/kracites\/#organization","name":"Valmieras pirmsskolas izgl\u012bt\u012bbas iest\u0101de \u201cKR\u0100C\u012aTES\u201d","url":"https:\/\/izglitiba.valmierasnovads.lv\/kracites\/","logo":{"@type":"ImageObject","inLanguage":"lv-LV","@id":"https:\/\/izglitiba.valmierasnovads.lv\/kracites\/#\/schema\/logo\/image\/","url":"https:\/\/izglitiba.valmierasnovads.lv\/kracites\/wp-content\/uploads\/sites\/5\/2026\/04\/cropped-Pirmsskolas-izglitibas-iestades-ar-pasu-logo-2-scaled-1-1.png","contentUrl":"https:\/\/izglitiba.valmierasnovads.lv\/kracites\/wp-content\/uploads\/sites\/5\/2026\/04\/cropped-Pirmsskolas-izglitibas-iestades-ar-pasu-logo-2-scaled-1-1.png","width":1389,"height":405,"caption":"Valmieras pirmsskolas izgl\u012bt\u012bbas iest\u0101de \u201cKR\u0100C\u012aTES\u201d"},"image":{"@id":"https:\/\/izglitiba.valmierasnovads.lv\/kracites\/#\/schema\/logo\/image\/"}},{"@type":"Person","@id":"https:\/\/izglitiba.valmierasnovads.lv\/kracites\/#\/schema\/person\/ea08473ae9fb5a23b4aecbe77d49672c","name":"lailaeberharde","image":{"@type":"ImageObject","inLanguage":"lv-LV","@id":"https:\/\/izglitiba.valmierasnovads.lv\/kracites\/#\/schema\/person\/image\/","url":"https:\/\/secure.gravatar.com\/avatar\/b1879baf3bd51ee89cf57ca5d02084b4583724d6640080614d82d948788a13e0?s=96&d=mm&r=g","contentUrl":"https:\/\/secure.gravatar.com\/avatar\/b1879baf3bd51ee89cf57ca5d02084b4583724d6640080614d82d948788a13e0?s=96&d=mm&r=g","caption":"lailaeberharde"},"url":"https:\/\/izglitiba.valmierasnovads.lv\/kracites\/author\/lailaeberharde\/"}]}},"_links":{"self":[{"href":"https:\/\/izglitiba.valmierasnovads.lv\/kracites\/wp-json\/wp\/v2\/posts\/451","targetHints":{"allow":["GET"]}}],"collection":[{"href":"https:\/\/izglitiba.valmierasnovads.lv\/kracites\/wp-json\/wp\/v2\/posts"}],"about":[{"href":"https:\/\/izglitiba.valmierasnovads.lv\/kracites\/wp-json\/wp\/v2\/types\/post"}],"author":[{"embeddable":true,"href":"https:\/\/izglitiba.valmierasnovads.lv\/kracites\/wp-json\/wp\/v2\/users\/49"}],"replies":[{"embeddable":true,"href":"https:\/\/izglitiba.valmierasnovads.lv\/kracites\/wp-json\/wp\/v2\/comments?post=451"}],"version-history":[{"count":3,"href":"https:\/\/izglitiba.valmierasnovads.lv\/kracites\/wp-json\/wp\/v2\/posts\/451\/revisions"}],"predecessor-version":[{"id":476,"href":"https:\/\/izglitiba.valmierasnovads.lv\/kracites\/wp-json\/wp\/v2\/posts\/451\/revisions\/476"}],"wp:featuredmedia":[{"embeddable":true,"href":"https:\/\/izglitiba.valmierasnovads.lv\/kracites\/wp-json\/wp\/v2\/media\/460"}],"wp:attachment":[{"href":"https:\/\/izglitiba.valmierasnovads.lv\/kracites\/wp-json\/wp\/v2\/media?parent=451"}],"wp:term":[{"taxonomy":"category","embeddable":true,"href":"https:\/\/izglitiba.valmierasnovads.lv\/kracites\/wp-json\/wp\/v2\/categories?post=451"},{"taxonomy":"post_tag","embeddable":true,"href":"https:\/\/izglitiba.valmierasnovads.lv\/kracites\/wp-json\/wp\/v2\/tags?post=451"}],"curies":[{"name":"wp","href":"https:\/\/api.w.org\/{rel}","templated":true}]}}