{"id":478,"date":"2026-02-10T07:46:38","date_gmt":"2026-02-10T05:46:38","guid":{"rendered":"https:\/\/izglitiba.valmierasnovads.lv\/kracites\/?p=478"},"modified":"2026-02-10T07:47:57","modified_gmt":"2026-02-10T05:47:57","slug":"metendienas-svinibas-pirmsskola-ar-prieku-kustibu-un-pavasara-gaidam","status":"publish","type":"post","link":"https:\/\/izglitiba.valmierasnovads.lv\/kracites\/2026\/02\/10\/metendienas-svinibas-pirmsskola-ar-prieku-kustibu-un-pavasara-gaidam\/","title":{"rendered":"Mete\u0146dienas svin\u012bbas pirmsskol\u0101 \u2013 ar prieku, kust\u012bbu un pavasara gaid\u0101m."},"content":{"rendered":"\n<p>6. febru\u0101r\u012b, m\u016bsu pirmsskol\u0101 vald\u012bja \u012bpa\u0161i jautra un sirsn\u012bga noska\u0146a \u2013 kop\u0101 ar b\u0113rniem atz\u012bm\u0113j\u0101m Mete\u0146dienu. Pie mums viesoj\u0101s Mete\u0146m\u0101te un Ziemas m\u0101te, kuras b\u0113rnus iepaz\u012bstin\u0101ja ar Mete\u0146dienas trad\u012bcij\u0101m, tic\u0113jumiem. Sarunu par sv\u0113tku noz\u012bmi papildin\u0101ja daudz priec\u012bgu rota\u013cu un kust\u012bbu aktivit\u0101\u0161u. T\u0101 k\u0101 Ekoskolas t\u0113ma \u0161ogad ir transports, ar\u012b Mete\u0146dienas uzdevumi bija ar rado\u0161u ievirzi \u2013 b\u0113rni m\u0101c\u012bj\u0101s lidot ar slotu, j\u0101t ar zirgu, vizin\u0101ties ar ragav\u0101m un piedal\u012bj\u0101s sp\u0113l\u0113 \u201cSasald\u0113tie\u201d, kur \u012bpa\u0161s uzsvars tika likts uz veikl\u0101m k\u0101j\u0101m un \u0101tru reakciju. Protams, neizpalika ar\u012b muzik\u0101la aktivit\u0101te \u2013 jautra deja ar slotu, kas sag\u0101d\u0101ja daudz smieklu un prieka. Kad visas aktivit\u0101tes bija izdejotas un izskrietas, Ziemas m\u0101te atvad\u012bj\u0101s no b\u0113rniem, bet b\u0113rni ska\u013ci un no sirds sauca: \u201cPavasari, n\u0101c!\u201d \u2013 lai \u0101tr\u0101k atn\u0101k siltums, saule un putnu dziesmas. Katru grupu nosl\u0113gum\u0101 priec\u0113ja ar\u012b pateic\u012bbas raksts un baranci\u0146as par akt\u012bvu piedal\u012b\u0161anos Mete\u0146dienas svin\u012bb\u0101s. Paldies visiem par smaidiem, kust\u012bbu prieku un silto kop\u0101 b\u016b\u0161anu! Lai pavasaris tie\u0161\u0101m dzird m\u016bsu saucienu un dr\u012bz klauv\u0113 pie durv\u012bm.<\/p>\n\n\n\n<p class=\"has-text-align-right\">Materi\u0101lu sagatavoja skolot\u0101ja Agita Silova, skolot\u0101ja Antra Skuji\u0146a.<\/p>\n\n\n\n<figure class=\"wp-block-image size-full\"><img loading=\"lazy\" decoding=\"async\" width=\"846\" height=\"846\" src=\"https:\/\/izglitiba.valmierasnovads.lv\/kracites\/wp-content\/uploads\/sites\/5\/2026\/02\/Attels12.jpg\" alt=\"\" class=\"wp-image-481\" srcset=\"https:\/\/izglitiba.valmierasnovads.lv\/kracites\/wp-content\/uploads\/sites\/5\/2026\/02\/Attels12.jpg 846w, https:\/\/izglitiba.valmierasnovads.lv\/kracites\/wp-content\/uploads\/sites\/5\/2026\/02\/Attels12-300x300.jpg 300w, https:\/\/izglitiba.valmierasnovads.lv\/kracites\/wp-content\/uploads\/sites\/5\/2026\/02\/Attels12-150x150.jpg 150w, https:\/\/izglitiba.valmierasnovads.lv\/kracites\/wp-content\/uploads\/sites\/5\/2026\/02\/Attels12-768x768.jpg 768w\" sizes=\"auto, (max-width: 846px) 100vw, 846px\" \/><\/figure>\n","protected":false},"excerpt":{"rendered":"<p>6. febru\u0101r\u012b, m\u016bsu pirmsskol\u0101 vald\u012bja \u012bpa\u0161i jautra un sirsn\u012bga noska\u0146a \u2013 kop\u0101 ar b\u0113rniem atz\u012bm\u0113j\u0101m Mete\u0146dienu. Pie mums viesoj\u0101s Mete\u0146m\u0101te [&hellip;]<\/p>\n","protected":false},"author":49,"featured_media":480,"comment_status":"closed","ping_status":"closed","sticky":false,"template":"","format":"standard","meta":{"_acf_changed":false,"site-sidebar-layout":"default","site-content-layout":"","ast-site-content-layout":"default","site-content-style":"default","site-sidebar-style":"default","ast-global-header-display":"","ast-banner-title-visibility":"","ast-main-header-display":"","ast-hfb-above-header-display":"","ast-hfb-below-header-display":"","ast-hfb-mobile-header-display":"","site-post-title":"","ast-breadcrumbs-content":"","ast-featured-img":"","footer-sml-layout":"","ast-disable-related-posts":"","theme-transparent-header-meta":"","adv-header-id-meta":"","stick-header-meta":"","header-above-stick-meta":"","header-main-stick-meta":"","header-below-stick-meta":"","astra-migrate-meta-layouts":"default","ast-page-background-enabled":"default","ast-page-background-meta":{"desktop":{"background-color":"var(--ast-global-color-5)","background-image":"","background-repeat":"repeat","background-position":"center center","background-size":"auto","background-attachment":"scroll","background-type":"","background-media":"","overlay-type":"","overlay-color":"","overlay-opacity":"","overlay-gradient":""},"tablet":{"background-color":"","background-image":"","background-repeat":"repeat","background-position":"center center","background-size":"auto","background-attachment":"scroll","background-type":"","background-media":"","overlay-type":"","overlay-color":"","overlay-opacity":"","overlay-gradient":""},"mobile":{"background-color":"","background-image":"","background-repeat":"repeat","background-position":"center center","background-size":"auto","background-attachment":"scroll","background-type":"","background-media":"","overlay-type":"","overlay-color":"","overlay-opacity":"","overlay-gradient":""}},"ast-content-background-meta":{"desktop":{"background-color":"var(--ast-global-color-4)","background-image":"","background-repeat":"repeat","background-position":"center center","background-size":"auto","background-attachment":"scroll","background-type":"","background-media":"","overlay-type":"","overlay-color":"","overlay-opacity":"","overlay-gradient":""},"tablet":{"background-color":"var(--ast-global-color-4)","background-image":"","background-repeat":"repeat","background-position":"center center","background-size":"auto","background-attachment":"scroll","background-type":"","background-media":"","overlay-type":"","overlay-color":"","overlay-opacity":"","overlay-gradient":""},"mobile":{"background-color":"var(--ast-global-color-4)","background-image":"","background-repeat":"repeat","background-position":"center center","background-size":"auto","background-attachment":"scroll","background-type":"","background-media":"","overlay-type":"","overlay-color":"","overlay-opacity":"","overlay-gradient":""}},"footnotes":""},"categories":[5],"tags":[],"class_list":["post-478","post","type-post","status-publish","format-standard","has-post-thumbnail","hentry","category-pasakumi"],"acf":[],"yoast_head":"<!-- This site is optimized with the Yoast SEO plugin v27.0 - https:\/\/yoast.com\/product\/yoast-seo-wordpress\/ -->\n<title>Mete\u0146dienas svin\u012bbas pirmsskol\u0101 \u2013 ar prieku, kust\u012bbu un pavasara gaid\u0101m. - Valmieras pirmsskolas izgl\u012bt\u012bbas iest\u0101de \u201cKR\u0100C\u012aTES\u201d<\/title>\n<meta name=\"robots\" content=\"index, follow, max-snippet:-1, max-image-preview:large, max-video-preview:-1\" \/>\n<link rel=\"canonical\" href=\"https:\/\/izglitiba.valmierasnovads.lv\/kracites\/2026\/02\/10\/metendienas-svinibas-pirmsskola-ar-prieku-kustibu-un-pavasara-gaidam\/\" \/>\n<meta property=\"og:locale\" content=\"lv_LV\" \/>\n<meta property=\"og:type\" content=\"article\" \/>\n<meta property=\"og:title\" content=\"Mete\u0146dienas svin\u012bbas pirmsskol\u0101 \u2013 ar prieku, kust\u012bbu un pavasara gaid\u0101m. - Valmieras pirmsskolas izgl\u012bt\u012bbas iest\u0101de \u201cKR\u0100C\u012aTES\u201d\" \/>\n<meta property=\"og:description\" content=\"6. febru\u0101r\u012b, m\u016bsu pirmsskol\u0101 vald\u012bja \u012bpa\u0161i jautra un sirsn\u012bga noska\u0146a \u2013 kop\u0101 ar b\u0113rniem atz\u012bm\u0113j\u0101m Mete\u0146dienu. Pie mums viesoj\u0101s Mete\u0146m\u0101te [&hellip;]\" \/>\n<meta property=\"og:url\" content=\"https:\/\/izglitiba.valmierasnovads.lv\/kracites\/2026\/02\/10\/metendienas-svinibas-pirmsskola-ar-prieku-kustibu-un-pavasara-gaidam\/\" \/>\n<meta property=\"og:site_name\" content=\"Valmieras pirmsskolas izgl\u012bt\u012bbas iest\u0101de \u201cKR\u0100C\u012aTES\u201d\" \/>\n<meta property=\"article:published_time\" content=\"2026-02-10T05:46:38+00:00\" \/>\n<meta property=\"article:modified_time\" content=\"2026-02-10T05:47:57+00:00\" \/>\n<meta property=\"og:image\" content=\"https:\/\/izglitiba.valmierasnovads.lv\/kracites\/wp-content\/uploads\/sites\/5\/2026\/02\/Attels11.png\" \/>\n\t<meta property=\"og:image:width\" content=\"364\" \/>\n\t<meta property=\"og:image:height\" content=\"272\" \/>\n\t<meta property=\"og:image:type\" content=\"image\/png\" \/>\n<meta name=\"author\" content=\"lailaeberharde\" \/>\n<meta name=\"twitter:card\" content=\"summary_large_image\" \/>\n<meta name=\"twitter:label1\" content=\"Written by\" \/>\n\t<meta name=\"twitter:data1\" content=\"lailaeberharde\" \/>\n\t<meta name=\"twitter:label2\" content=\"Est. reading time\" \/>\n\t<meta name=\"twitter:data2\" content=\"2 min\u016btes\" \/>\n<script type=\"application\/ld+json\" class=\"yoast-schema-graph\">{\"@context\":\"https:\/\/schema.org\",\"@graph\":[{\"@type\":\"Article\",\"@id\":\"https:\/\/izglitiba.valmierasnovads.lv\/kracites\/2026\/02\/10\/metendienas-svinibas-pirmsskola-ar-prieku-kustibu-un-pavasara-gaidam\/#article\",\"isPartOf\":{\"@id\":\"https:\/\/izglitiba.valmierasnovads.lv\/kracites\/2026\/02\/10\/metendienas-svinibas-pirmsskola-ar-prieku-kustibu-un-pavasara-gaidam\/\"},\"author\":{\"name\":\"lailaeberharde\",\"@id\":\"https:\/\/izglitiba.valmierasnovads.lv\/kracites\/#\/schema\/person\/ea08473ae9fb5a23b4aecbe77d49672c\"},\"headline\":\"Mete\u0146dienas svin\u012bbas pirmsskol\u0101 \u2013 ar prieku, kust\u012bbu un pavasara gaid\u0101m.\",\"datePublished\":\"2026-02-10T05:46:38+00:00\",\"dateModified\":\"2026-02-10T05:47:57+00:00\",\"mainEntityOfPage\":{\"@id\":\"https:\/\/izglitiba.valmierasnovads.lv\/kracites\/2026\/02\/10\/metendienas-svinibas-pirmsskola-ar-prieku-kustibu-un-pavasara-gaidam\/\"},\"wordCount\":259,\"publisher\":{\"@id\":\"https:\/\/izglitiba.valmierasnovads.lv\/kracites\/#organization\"},\"image\":{\"@id\":\"https:\/\/izglitiba.valmierasnovads.lv\/kracites\/2026\/02\/10\/metendienas-svinibas-pirmsskola-ar-prieku-kustibu-un-pavasara-gaidam\/#primaryimage\"},\"thumbnailUrl\":\"https:\/\/izglitiba.valmierasnovads.lv\/kracites\/wp-content\/uploads\/sites\/5\/2026\/02\/Attels11.png\",\"articleSection\":[\"Pas\u0101kumi\"],\"inLanguage\":\"lv-LV\"},{\"@type\":\"WebPage\",\"@id\":\"https:\/\/izglitiba.valmierasnovads.lv\/kracites\/2026\/02\/10\/metendienas-svinibas-pirmsskola-ar-prieku-kustibu-un-pavasara-gaidam\/\",\"url\":\"https:\/\/izglitiba.valmierasnovads.lv\/kracites\/2026\/02\/10\/metendienas-svinibas-pirmsskola-ar-prieku-kustibu-un-pavasara-gaidam\/\",\"name\":\"Mete\u0146dienas svin\u012bbas pirmsskol\u0101 \u2013 ar prieku, kust\u012bbu un pavasara gaid\u0101m. - Valmieras pirmsskolas izgl\u012bt\u012bbas iest\u0101de \u201cKR\u0100C\u012aTES\u201d\",\"isPartOf\":{\"@id\":\"https:\/\/izglitiba.valmierasnovads.lv\/kracites\/#website\"},\"primaryImageOfPage\":{\"@id\":\"https:\/\/izglitiba.valmierasnovads.lv\/kracites\/2026\/02\/10\/metendienas-svinibas-pirmsskola-ar-prieku-kustibu-un-pavasara-gaidam\/#primaryimage\"},\"image\":{\"@id\":\"https:\/\/izglitiba.valmierasnovads.lv\/kracites\/2026\/02\/10\/metendienas-svinibas-pirmsskola-ar-prieku-kustibu-un-pavasara-gaidam\/#primaryimage\"},\"thumbnailUrl\":\"https:\/\/izglitiba.valmierasnovads.lv\/kracites\/wp-content\/uploads\/sites\/5\/2026\/02\/Attels11.png\",\"datePublished\":\"2026-02-10T05:46:38+00:00\",\"dateModified\":\"2026-02-10T05:47:57+00:00\",\"breadcrumb\":{\"@id\":\"https:\/\/izglitiba.valmierasnovads.lv\/kracites\/2026\/02\/10\/metendienas-svinibas-pirmsskola-ar-prieku-kustibu-un-pavasara-gaidam\/#breadcrumb\"},\"inLanguage\":\"lv-LV\",\"potentialAction\":[{\"@type\":\"ReadAction\",\"target\":[\"https:\/\/izglitiba.valmierasnovads.lv\/kracites\/2026\/02\/10\/metendienas-svinibas-pirmsskola-ar-prieku-kustibu-un-pavasara-gaidam\/\"]}]},{\"@type\":\"ImageObject\",\"inLanguage\":\"lv-LV\",\"@id\":\"https:\/\/izglitiba.valmierasnovads.lv\/kracites\/2026\/02\/10\/metendienas-svinibas-pirmsskola-ar-prieku-kustibu-un-pavasara-gaidam\/#primaryimage\",\"url\":\"https:\/\/izglitiba.valmierasnovads.lv\/kracites\/wp-content\/uploads\/sites\/5\/2026\/02\/Attels11.png\",\"contentUrl\":\"https:\/\/izglitiba.valmierasnovads.lv\/kracites\/wp-content\/uploads\/sites\/5\/2026\/02\/Attels11.png\",\"width\":364,\"height\":272},{\"@type\":\"BreadcrumbList\",\"@id\":\"https:\/\/izglitiba.valmierasnovads.lv\/kracites\/2026\/02\/10\/metendienas-svinibas-pirmsskola-ar-prieku-kustibu-un-pavasara-gaidam\/#breadcrumb\",\"itemListElement\":[{\"@type\":\"ListItem\",\"position\":1,\"name\":\"Home\",\"item\":\"https:\/\/izglitiba.valmierasnovads.lv\/kracites\/\"},{\"@type\":\"ListItem\",\"position\":2,\"name\":\"Mete\u0146dienas svin\u012bbas pirmsskol\u0101 \u2013 ar prieku, kust\u012bbu un pavasara gaid\u0101m.\"}]},{\"@type\":\"WebSite\",\"@id\":\"https:\/\/izglitiba.valmierasnovads.lv\/kracites\/#website\",\"url\":\"https:\/\/izglitiba.valmierasnovads.lv\/kracites\/\",\"name\":\"Valmieras pirmsskolas izgl\u012bt\u012bbas iest\u0101de \u201cKR\u0100C\u012aTES\u201d\",\"description\":\"\",\"publisher\":{\"@id\":\"https:\/\/izglitiba.valmierasnovads.lv\/kracites\/#organization\"},\"potentialAction\":[{\"@type\":\"SearchAction\",\"target\":{\"@type\":\"EntryPoint\",\"urlTemplate\":\"https:\/\/izglitiba.valmierasnovads.lv\/kracites\/?s={search_term_string}\"},\"query-input\":{\"@type\":\"PropertyValueSpecification\",\"valueRequired\":true,\"valueName\":\"search_term_string\"}}],\"inLanguage\":\"lv-LV\"},{\"@type\":\"Organization\",\"@id\":\"https:\/\/izglitiba.valmierasnovads.lv\/kracites\/#organization\",\"name\":\"Valmieras pirmsskolas izgl\u012bt\u012bbas iest\u0101de \u201cKR\u0100C\u012aTES\u201d\",\"url\":\"https:\/\/izglitiba.valmierasnovads.lv\/kracites\/\",\"logo\":{\"@type\":\"ImageObject\",\"inLanguage\":\"lv-LV\",\"@id\":\"https:\/\/izglitiba.valmierasnovads.lv\/kracites\/#\/schema\/logo\/image\/\",\"url\":\"https:\/\/izglitiba.valmierasnovads.lv\/kracites\/wp-content\/uploads\/sites\/5\/2026\/04\/cropped-Pirmsskolas-izglitibas-iestades-ar-pasu-logo-2-scaled-1-1.png\",\"contentUrl\":\"https:\/\/izglitiba.valmierasnovads.lv\/kracites\/wp-content\/uploads\/sites\/5\/2026\/04\/cropped-Pirmsskolas-izglitibas-iestades-ar-pasu-logo-2-scaled-1-1.png\",\"width\":1389,\"height\":405,\"caption\":\"Valmieras pirmsskolas izgl\u012bt\u012bbas iest\u0101de \u201cKR\u0100C\u012aTES\u201d\"},\"image\":{\"@id\":\"https:\/\/izglitiba.valmierasnovads.lv\/kracites\/#\/schema\/logo\/image\/\"}},{\"@type\":\"Person\",\"@id\":\"https:\/\/izglitiba.valmierasnovads.lv\/kracites\/#\/schema\/person\/ea08473ae9fb5a23b4aecbe77d49672c\",\"name\":\"lailaeberharde\",\"image\":{\"@type\":\"ImageObject\",\"inLanguage\":\"lv-LV\",\"@id\":\"https:\/\/izglitiba.valmierasnovads.lv\/kracites\/#\/schema\/person\/image\/\",\"url\":\"https:\/\/secure.gravatar.com\/avatar\/b1879baf3bd51ee89cf57ca5d02084b4583724d6640080614d82d948788a13e0?s=96&d=mm&r=g\",\"contentUrl\":\"https:\/\/secure.gravatar.com\/avatar\/b1879baf3bd51ee89cf57ca5d02084b4583724d6640080614d82d948788a13e0?s=96&d=mm&r=g\",\"caption\":\"lailaeberharde\"},\"url\":\"https:\/\/izglitiba.valmierasnovads.lv\/kracites\/author\/lailaeberharde\/\"}]}<\/script>\n<!-- \/ Yoast SEO plugin. -->","yoast_head_json":{"title":"Mete\u0146dienas svin\u012bbas pirmsskol\u0101 \u2013 ar prieku, kust\u012bbu un pavasara gaid\u0101m. - Valmieras pirmsskolas izgl\u012bt\u012bbas iest\u0101de \u201cKR\u0100C\u012aTES\u201d","robots":{"index":"index","follow":"follow","max-snippet":"max-snippet:-1","max-image-preview":"max-image-preview:large","max-video-preview":"max-video-preview:-1"},"canonical":"https:\/\/izglitiba.valmierasnovads.lv\/kracites\/2026\/02\/10\/metendienas-svinibas-pirmsskola-ar-prieku-kustibu-un-pavasara-gaidam\/","og_locale":"lv_LV","og_type":"article","og_title":"Mete\u0146dienas svin\u012bbas pirmsskol\u0101 \u2013 ar prieku, kust\u012bbu un pavasara gaid\u0101m. - Valmieras pirmsskolas izgl\u012bt\u012bbas iest\u0101de \u201cKR\u0100C\u012aTES\u201d","og_description":"6. febru\u0101r\u012b, m\u016bsu pirmsskol\u0101 vald\u012bja \u012bpa\u0161i jautra un sirsn\u012bga noska\u0146a \u2013 kop\u0101 ar b\u0113rniem atz\u012bm\u0113j\u0101m Mete\u0146dienu. Pie mums viesoj\u0101s Mete\u0146m\u0101te [&hellip;]","og_url":"https:\/\/izglitiba.valmierasnovads.lv\/kracites\/2026\/02\/10\/metendienas-svinibas-pirmsskola-ar-prieku-kustibu-un-pavasara-gaidam\/","og_site_name":"Valmieras pirmsskolas izgl\u012bt\u012bbas iest\u0101de \u201cKR\u0100C\u012aTES\u201d","article_published_time":"2026-02-10T05:46:38+00:00","article_modified_time":"2026-02-10T05:47:57+00:00","og_image":[{"width":364,"height":272,"url":"https:\/\/izglitiba.valmierasnovads.lv\/kracites\/wp-content\/uploads\/sites\/5\/2026\/02\/Attels11.png","type":"image\/png"}],"author":"lailaeberharde","twitter_card":"summary_large_image","twitter_misc":{"Written by":"lailaeberharde","Est. reading time":"2 min\u016btes"},"schema":{"@context":"https:\/\/schema.org","@graph":[{"@type":"Article","@id":"https:\/\/izglitiba.valmierasnovads.lv\/kracites\/2026\/02\/10\/metendienas-svinibas-pirmsskola-ar-prieku-kustibu-un-pavasara-gaidam\/#article","isPartOf":{"@id":"https:\/\/izglitiba.valmierasnovads.lv\/kracites\/2026\/02\/10\/metendienas-svinibas-pirmsskola-ar-prieku-kustibu-un-pavasara-gaidam\/"},"author":{"name":"lailaeberharde","@id":"https:\/\/izglitiba.valmierasnovads.lv\/kracites\/#\/schema\/person\/ea08473ae9fb5a23b4aecbe77d49672c"},"headline":"Mete\u0146dienas svin\u012bbas pirmsskol\u0101 \u2013 ar prieku, kust\u012bbu un pavasara gaid\u0101m.","datePublished":"2026-02-10T05:46:38+00:00","dateModified":"2026-02-10T05:47:57+00:00","mainEntityOfPage":{"@id":"https:\/\/izglitiba.valmierasnovads.lv\/kracites\/2026\/02\/10\/metendienas-svinibas-pirmsskola-ar-prieku-kustibu-un-pavasara-gaidam\/"},"wordCount":259,"publisher":{"@id":"https:\/\/izglitiba.valmierasnovads.lv\/kracites\/#organization"},"image":{"@id":"https:\/\/izglitiba.valmierasnovads.lv\/kracites\/2026\/02\/10\/metendienas-svinibas-pirmsskola-ar-prieku-kustibu-un-pavasara-gaidam\/#primaryimage"},"thumbnailUrl":"https:\/\/izglitiba.valmierasnovads.lv\/kracites\/wp-content\/uploads\/sites\/5\/2026\/02\/Attels11.png","articleSection":["Pas\u0101kumi"],"inLanguage":"lv-LV"},{"@type":"WebPage","@id":"https:\/\/izglitiba.valmierasnovads.lv\/kracites\/2026\/02\/10\/metendienas-svinibas-pirmsskola-ar-prieku-kustibu-un-pavasara-gaidam\/","url":"https:\/\/izglitiba.valmierasnovads.lv\/kracites\/2026\/02\/10\/metendienas-svinibas-pirmsskola-ar-prieku-kustibu-un-pavasara-gaidam\/","name":"Mete\u0146dienas svin\u012bbas pirmsskol\u0101 \u2013 ar prieku, kust\u012bbu un pavasara gaid\u0101m. - Valmieras pirmsskolas izgl\u012bt\u012bbas iest\u0101de \u201cKR\u0100C\u012aTES\u201d","isPartOf":{"@id":"https:\/\/izglitiba.valmierasnovads.lv\/kracites\/#website"},"primaryImageOfPage":{"@id":"https:\/\/izglitiba.valmierasnovads.lv\/kracites\/2026\/02\/10\/metendienas-svinibas-pirmsskola-ar-prieku-kustibu-un-pavasara-gaidam\/#primaryimage"},"image":{"@id":"https:\/\/izglitiba.valmierasnovads.lv\/kracites\/2026\/02\/10\/metendienas-svinibas-pirmsskola-ar-prieku-kustibu-un-pavasara-gaidam\/#primaryimage"},"thumbnailUrl":"https:\/\/izglitiba.valmierasnovads.lv\/kracites\/wp-content\/uploads\/sites\/5\/2026\/02\/Attels11.png","datePublished":"2026-02-10T05:46:38+00:00","dateModified":"2026-02-10T05:47:57+00:00","breadcrumb":{"@id":"https:\/\/izglitiba.valmierasnovads.lv\/kracites\/2026\/02\/10\/metendienas-svinibas-pirmsskola-ar-prieku-kustibu-un-pavasara-gaidam\/#breadcrumb"},"inLanguage":"lv-LV","potentialAction":[{"@type":"ReadAction","target":["https:\/\/izglitiba.valmierasnovads.lv\/kracites\/2026\/02\/10\/metendienas-svinibas-pirmsskola-ar-prieku-kustibu-un-pavasara-gaidam\/"]}]},{"@type":"ImageObject","inLanguage":"lv-LV","@id":"https:\/\/izglitiba.valmierasnovads.lv\/kracites\/2026\/02\/10\/metendienas-svinibas-pirmsskola-ar-prieku-kustibu-un-pavasara-gaidam\/#primaryimage","url":"https:\/\/izglitiba.valmierasnovads.lv\/kracites\/wp-content\/uploads\/sites\/5\/2026\/02\/Attels11.png","contentUrl":"https:\/\/izglitiba.valmierasnovads.lv\/kracites\/wp-content\/uploads\/sites\/5\/2026\/02\/Attels11.png","width":364,"height":272},{"@type":"BreadcrumbList","@id":"https:\/\/izglitiba.valmierasnovads.lv\/kracites\/2026\/02\/10\/metendienas-svinibas-pirmsskola-ar-prieku-kustibu-un-pavasara-gaidam\/#breadcrumb","itemListElement":[{"@type":"ListItem","position":1,"name":"Home","item":"https:\/\/izglitiba.valmierasnovads.lv\/kracites\/"},{"@type":"ListItem","position":2,"name":"Mete\u0146dienas svin\u012bbas pirmsskol\u0101 \u2013 ar prieku, kust\u012bbu un pavasara gaid\u0101m."}]},{"@type":"WebSite","@id":"https:\/\/izglitiba.valmierasnovads.lv\/kracites\/#website","url":"https:\/\/izglitiba.valmierasnovads.lv\/kracites\/","name":"Valmieras pirmsskolas izgl\u012bt\u012bbas iest\u0101de \u201cKR\u0100C\u012aTES\u201d","description":"","publisher":{"@id":"https:\/\/izglitiba.valmierasnovads.lv\/kracites\/#organization"},"potentialAction":[{"@type":"SearchAction","target":{"@type":"EntryPoint","urlTemplate":"https:\/\/izglitiba.valmierasnovads.lv\/kracites\/?s={search_term_string}"},"query-input":{"@type":"PropertyValueSpecification","valueRequired":true,"valueName":"search_term_string"}}],"inLanguage":"lv-LV"},{"@type":"Organization","@id":"https:\/\/izglitiba.valmierasnovads.lv\/kracites\/#organization","name":"Valmieras pirmsskolas izgl\u012bt\u012bbas iest\u0101de \u201cKR\u0100C\u012aTES\u201d","url":"https:\/\/izglitiba.valmierasnovads.lv\/kracites\/","logo":{"@type":"ImageObject","inLanguage":"lv-LV","@id":"https:\/\/izglitiba.valmierasnovads.lv\/kracites\/#\/schema\/logo\/image\/","url":"https:\/\/izglitiba.valmierasnovads.lv\/kracites\/wp-content\/uploads\/sites\/5\/2026\/04\/cropped-Pirmsskolas-izglitibas-iestades-ar-pasu-logo-2-scaled-1-1.png","contentUrl":"https:\/\/izglitiba.valmierasnovads.lv\/kracites\/wp-content\/uploads\/sites\/5\/2026\/04\/cropped-Pirmsskolas-izglitibas-iestades-ar-pasu-logo-2-scaled-1-1.png","width":1389,"height":405,"caption":"Valmieras pirmsskolas izgl\u012bt\u012bbas iest\u0101de \u201cKR\u0100C\u012aTES\u201d"},"image":{"@id":"https:\/\/izglitiba.valmierasnovads.lv\/kracites\/#\/schema\/logo\/image\/"}},{"@type":"Person","@id":"https:\/\/izglitiba.valmierasnovads.lv\/kracites\/#\/schema\/person\/ea08473ae9fb5a23b4aecbe77d49672c","name":"lailaeberharde","image":{"@type":"ImageObject","inLanguage":"lv-LV","@id":"https:\/\/izglitiba.valmierasnovads.lv\/kracites\/#\/schema\/person\/image\/","url":"https:\/\/secure.gravatar.com\/avatar\/b1879baf3bd51ee89cf57ca5d02084b4583724d6640080614d82d948788a13e0?s=96&d=mm&r=g","contentUrl":"https:\/\/secure.gravatar.com\/avatar\/b1879baf3bd51ee89cf57ca5d02084b4583724d6640080614d82d948788a13e0?s=96&d=mm&r=g","caption":"lailaeberharde"},"url":"https:\/\/izglitiba.valmierasnovads.lv\/kracites\/author\/lailaeberharde\/"}]}},"_links":{"self":[{"href":"https:\/\/izglitiba.valmierasnovads.lv\/kracites\/wp-json\/wp\/v2\/posts\/478","targetHints":{"allow":["GET"]}}],"collection":[{"href":"https:\/\/izglitiba.valmierasnovads.lv\/kracites\/wp-json\/wp\/v2\/posts"}],"about":[{"href":"https:\/\/izglitiba.valmierasnovads.lv\/kracites\/wp-json\/wp\/v2\/types\/post"}],"author":[{"embeddable":true,"href":"https:\/\/izglitiba.valmierasnovads.lv\/kracites\/wp-json\/wp\/v2\/users\/49"}],"replies":[{"embeddable":true,"href":"https:\/\/izglitiba.valmierasnovads.lv\/kracites\/wp-json\/wp\/v2\/comments?post=478"}],"version-history":[{"count":2,"href":"https:\/\/izglitiba.valmierasnovads.lv\/kracites\/wp-json\/wp\/v2\/posts\/478\/revisions"}],"predecessor-version":[{"id":482,"href":"https:\/\/izglitiba.valmierasnovads.lv\/kracites\/wp-json\/wp\/v2\/posts\/478\/revisions\/482"}],"wp:featuredmedia":[{"embeddable":true,"href":"https:\/\/izglitiba.valmierasnovads.lv\/kracites\/wp-json\/wp\/v2\/media\/480"}],"wp:attachment":[{"href":"https:\/\/izglitiba.valmierasnovads.lv\/kracites\/wp-json\/wp\/v2\/media?parent=478"}],"wp:term":[{"taxonomy":"category","embeddable":true,"href":"https:\/\/izglitiba.valmierasnovads.lv\/kracites\/wp-json\/wp\/v2\/categories?post=478"},{"taxonomy":"post_tag","embeddable":true,"href":"https:\/\/izglitiba.valmierasnovads.lv\/kracites\/wp-json\/wp\/v2\/tags?post=478"}],"curies":[{"name":"wp","href":"https:\/\/api.w.org\/{rel}","templated":true}]}}