{"id":696,"date":"2026-03-31T13:39:35","date_gmt":"2026-03-31T10:39:35","guid":{"rendered":"https:\/\/izglitiba.valmierasnovads.lv\/kracites\/?p=696"},"modified":"2026-03-31T13:40:27","modified_gmt":"2026-03-31T10:40:27","slug":"koncertuzvedums-transports-un-mes","status":"publish","type":"post","link":"https:\/\/izglitiba.valmierasnovads.lv\/kracites\/2026\/03\/31\/koncertuzvedums-transports-un-mes\/","title":{"rendered":"Koncertuzvedums \u201cTransports un m\u0113s\u201d"},"content":{"rendered":"\n<p>\u0160\u012b m\u0101c\u012bbu gada ekoskolas programmas t\u0113ma \u201cTransports\u201d. Katru m\u0113nesi apg\u016bti da\u017e\u0101di temati \u2013 iepaz\u012bti transportl\u012bdzek\u013ci, apg\u016bti dro\u0161\u012bbas un vesel\u012bbas jaut\u0101jumi transporta jom\u0101.<\/p>\n\n\n\n<p>Te\u0101tra diena bija izv\u0113l\u0113ta, lai koncertuzvedum\u0101 \u201cTransports un m\u0113s\u201d katra grupa par\u0101d\u012btu, ko \u00a0esam iem\u0101c\u012bju\u0161ies pa \u0161o laiku. \u0145emot v\u0113r\u0101, ka visbie\u017e\u0101k b\u0113rni uz iest\u0101di tiek atvesti automa\u0161\u012bn\u0101s, v\u0113lreiz atg\u0101din\u0101j\u0101m, cik svar\u012bgi ir katram piespr\u0101dz\u0113ties, lai brauciens b\u016btu dro\u0161s. Dziesmi\u0146u par piespr\u0101dz\u0113\u0161anos iem\u0101c\u012bju\u0161ies K\u0101p\u0113c\u012b\u0161u grupas b\u0113rni, kuri priek\u0161nesumu pavad\u012bja ar pa\u0161u gatavot\u0101m kasta\u0146et\u0113m. <\/p>\n\n\n\n<p>Siltaj\u0101 gadalaik\u0101 da\u017ei b\u0113rnu uz iest\u0101di dodas ar velosip\u0113diem un skrejrite\u0146iem. \u0136iparu grupas b\u0113rni ruden\u012b nok\u0101rtoja da\u017e\u0101dus p\u0101rbaud\u012bjumus rite\u0146brauk\u0161an\u0101 un ieguva apliec\u012bbas dro\u0161ai brauk\u0161anai ar velosip\u0113du. Par svar\u012bg\u0101kajiem noteikumiem, kas j\u0101iev\u0113ro, vi\u0146i nodzied\u0101ja repa priek\u0161nesum\u0101 \u201cRull\u0113jam dro\u0161i!\u201d <\/p>\n\n\n\n<p>Da\u017ei no b\u0113rniem uz iest\u0101di dodas ar sabiedrisko autobusu, kur\u0101 j\u0101iev\u0113ro piekl\u0101j\u012bbas noteikumi. Par tiem  uzvedum\u0101 \u201cPiekl\u0101j\u012bbas autobuss\u201d past\u0101st\u012bja R\u016b\u0137u nami\u0146a audz\u0113k\u0146i. <\/p>\n\n\n\n<p>Savuk\u0101rt pa\u0161iem maz\u0101kajiem &#8211; Skudri\u0146u grupas b\u0113rniem m\u012b\u013c\u0101k\u0101 ir Autobusa dziesmi\u0146a ar kust\u012bb\u0101m. Ka\u0137\u0113nu grupa visiem par\u0101d\u012bja, cik jauki ir visiem kop\u0101 braukt vilcien\u0101, bet \u0136ipari zin\u0101ja J.Baltvilka dzejoli par pre\u010du vilcienu, kur\u0161 p\u0101rvad\u0101 cementu, k\u016bdru un naftu. <\/p>\n\n\n\n<p>Kn\u012bpas un Knau\u0137i bija noskaidroju\u0161i, cik kait\u012bgas ir automa\u0161\u012bnu izpl\u016bdes g\u0101zes, t\u0101p\u0113c vi\u0146i priek\u0161nesumos par\u0101d\u012bja videi draudz\u012bg\u0101kus transportl\u012bdzek\u013cus, dziedot dziesmi\u0146u \u201cAr gail\u012bti R\u012bg\u0101 braucu\u201d un dejojot deju \u201cKumeli\u0146i sol\u012b\u0161iem\u201d. <\/p>\n\n\n\n<p>Transportl\u012bdzek\u013cu ir tik daudz, ka visus aptvert vien\u0101 koncert\u0101 nemaz nevar, bet katram transportl\u012bdzeklim ir savs vad\u012bt\u0101js. Vad\u012bt\u0101ji m\u0113dz b\u016btu \u013coti da\u017e\u0101di. Da\u017eus no vi\u0146iem K.V\u0113rdi\u0146a dzejol\u012b att\u0113loja R\u016b\u0137u nami\u0146a b\u0113rni. \u00a0<\/p>\n\n\n\n<p>Koncerta nosl\u0113gum\u0101 K\u0101p\u0113c\u012b\u0161i muzic\u0113ja ar pa\u0161u gatavotiem \u0161eikeriem un piedzied\u0101jum\u0101 visiem v\u0113lreiz atg\u0101din\u0101ja, k\u0101 pareizi j\u0101\u0161\u0137\u0113rso iela.<\/p>\n\n\n\n<p class=\"has-text-align-right\">M\u016bzikas skolot\u0101ja Ilona<\/p>\n\n\n\n<figure class=\"wp-block-image size-large\"><img loading=\"lazy\" decoding=\"async\" width=\"1024\" height=\"1024\" src=\"https:\/\/izglitiba.valmierasnovads.lv\/kracites\/wp-content\/uploads\/sites\/5\/2026\/03\/kolaza-1024x1024.jpg\" alt=\"\" class=\"wp-image-698\" srcset=\"https:\/\/izglitiba.valmierasnovads.lv\/kracites\/wp-content\/uploads\/sites\/5\/2026\/03\/kolaza-1024x1024.jpg 1024w, https:\/\/izglitiba.valmierasnovads.lv\/kracites\/wp-content\/uploads\/sites\/5\/2026\/03\/kolaza-300x300.jpg 300w, https:\/\/izglitiba.valmierasnovads.lv\/kracites\/wp-content\/uploads\/sites\/5\/2026\/03\/kolaza-150x150.jpg 150w, https:\/\/izglitiba.valmierasnovads.lv\/kracites\/wp-content\/uploads\/sites\/5\/2026\/03\/kolaza-768x768.jpg 768w, https:\/\/izglitiba.valmierasnovads.lv\/kracites\/wp-content\/uploads\/sites\/5\/2026\/03\/kolaza-1536x1536.jpg 1536w, https:\/\/izglitiba.valmierasnovads.lv\/kracites\/wp-content\/uploads\/sites\/5\/2026\/03\/kolaza-2048x2048.jpg 2048w\" sizes=\"auto, (max-width: 1024px) 100vw, 1024px\" \/><\/figure>\n","protected":false},"excerpt":{"rendered":"<p>\u0160\u012b m\u0101c\u012bbu gada ekoskolas programmas t\u0113ma \u201cTransports\u201d. Katru m\u0113nesi apg\u016bti da\u017e\u0101di temati \u2013 iepaz\u012bti transportl\u012bdzek\u013ci, apg\u016bti dro\u0161\u012bbas un vesel\u012bbas jaut\u0101jumi [&hellip;]<\/p>\n","protected":false},"author":49,"featured_media":697,"comment_status":"closed","ping_status":"closed","sticky":false,"template":"","format":"standard","meta":{"_acf_changed":false,"site-sidebar-layout":"default","site-content-layout":"","ast-site-content-layout":"default","site-content-style":"default","site-sidebar-style":"default","ast-global-header-display":"","ast-banner-title-visibility":"","ast-main-header-display":"","ast-hfb-above-header-display":"","ast-hfb-below-header-display":"","ast-hfb-mobile-header-display":"","site-post-title":"","ast-breadcrumbs-content":"","ast-featured-img":"","footer-sml-layout":"","ast-disable-related-posts":"","theme-transparent-header-meta":"","adv-header-id-meta":"","stick-header-meta":"","header-above-stick-meta":"","header-main-stick-meta":"","header-below-stick-meta":"","astra-migrate-meta-layouts":"default","ast-page-background-enabled":"default","ast-page-background-meta":{"desktop":{"background-color":"var(--ast-global-color-5)","background-image":"","background-repeat":"repeat","background-position":"center center","background-size":"auto","background-attachment":"scroll","background-type":"","background-media":"","overlay-type":"","overlay-color":"","overlay-opacity":"","overlay-gradient":""},"tablet":{"background-color":"","background-image":"","background-repeat":"repeat","background-position":"center center","background-size":"auto","background-attachment":"scroll","background-type":"","background-media":"","overlay-type":"","overlay-color":"","overlay-opacity":"","overlay-gradient":""},"mobile":{"background-color":"","background-image":"","background-repeat":"repeat","background-position":"center center","background-size":"auto","background-attachment":"scroll","background-type":"","background-media":"","overlay-type":"","overlay-color":"","overlay-opacity":"","overlay-gradient":""}},"ast-content-background-meta":{"desktop":{"background-color":"var(--ast-global-color-4)","background-image":"","background-repeat":"repeat","background-position":"center center","background-size":"auto","background-attachment":"scroll","background-type":"","background-media":"","overlay-type":"","overlay-color":"","overlay-opacity":"","overlay-gradient":""},"tablet":{"background-color":"var(--ast-global-color-4)","background-image":"","background-repeat":"repeat","background-position":"center center","background-size":"auto","background-attachment":"scroll","background-type":"","background-media":"","overlay-type":"","overlay-color":"","overlay-opacity":"","overlay-gradient":""},"mobile":{"background-color":"var(--ast-global-color-4)","background-image":"","background-repeat":"repeat","background-position":"center center","background-size":"auto","background-attachment":"scroll","background-type":"","background-media":"","overlay-type":"","overlay-color":"","overlay-opacity":"","overlay-gradient":""}},"footnotes":""},"categories":[5],"tags":[],"class_list":["post-696","post","type-post","status-publish","format-standard","has-post-thumbnail","hentry","category-pasakumi"],"acf":[],"yoast_head":"<!-- This site is optimized with the Yoast SEO plugin v27.0 - https:\/\/yoast.com\/product\/yoast-seo-wordpress\/ -->\n<title>Koncertuzvedums \u201cTransports un m\u0113s\u201d - Valmieras pirmsskolas izgl\u012bt\u012bbas iest\u0101de \u201cKR\u0100C\u012aTES\u201d<\/title>\n<meta name=\"robots\" content=\"index, follow, max-snippet:-1, max-image-preview:large, max-video-preview:-1\" \/>\n<link rel=\"canonical\" href=\"https:\/\/izglitiba.valmierasnovads.lv\/kracites\/2026\/03\/31\/koncertuzvedums-transports-un-mes\/\" \/>\n<meta property=\"og:locale\" content=\"lv_LV\" \/>\n<meta property=\"og:type\" content=\"article\" \/>\n<meta property=\"og:title\" content=\"Koncertuzvedums \u201cTransports un m\u0113s\u201d - Valmieras pirmsskolas izgl\u012bt\u012bbas iest\u0101de \u201cKR\u0100C\u012aTES\u201d\" \/>\n<meta property=\"og:description\" content=\"\u0160\u012b m\u0101c\u012bbu gada ekoskolas programmas t\u0113ma \u201cTransports\u201d. Katru m\u0113nesi apg\u016bti da\u017e\u0101di temati \u2013 iepaz\u012bti transportl\u012bdzek\u013ci, apg\u016bti dro\u0161\u012bbas un vesel\u012bbas jaut\u0101jumi [&hellip;]\" \/>\n<meta property=\"og:url\" content=\"https:\/\/izglitiba.valmierasnovads.lv\/kracites\/2026\/03\/31\/koncertuzvedums-transports-un-mes\/\" \/>\n<meta property=\"og:site_name\" content=\"Valmieras pirmsskolas izgl\u012bt\u012bbas iest\u0101de \u201cKR\u0100C\u012aTES\u201d\" \/>\n<meta property=\"article:published_time\" content=\"2026-03-31T10:39:35+00:00\" \/>\n<meta property=\"article:modified_time\" content=\"2026-03-31T10:40:27+00:00\" \/>\n<meta property=\"og:image\" content=\"https:\/\/izglitiba.valmierasnovads.lv\/kracites\/wp-content\/uploads\/sites\/5\/2026\/03\/kopbilde.jpg\" \/>\n\t<meta property=\"og:image:width\" content=\"1640\" \/>\n\t<meta property=\"og:image:height\" content=\"1232\" \/>\n\t<meta property=\"og:image:type\" content=\"image\/jpeg\" \/>\n<meta name=\"author\" content=\"lailaeberharde\" \/>\n<meta name=\"twitter:card\" content=\"summary_large_image\" \/>\n<meta name=\"twitter:label1\" content=\"Written by\" \/>\n\t<meta name=\"twitter:data1\" content=\"lailaeberharde\" \/>\n\t<meta name=\"twitter:label2\" content=\"Est. reading time\" \/>\n\t<meta name=\"twitter:data2\" content=\"2 min\u016btes\" \/>\n<script type=\"application\/ld+json\" class=\"yoast-schema-graph\">{\"@context\":\"https:\/\/schema.org\",\"@graph\":[{\"@type\":\"Article\",\"@id\":\"https:\/\/izglitiba.valmierasnovads.lv\/kracites\/2026\/03\/31\/koncertuzvedums-transports-un-mes\/#article\",\"isPartOf\":{\"@id\":\"https:\/\/izglitiba.valmierasnovads.lv\/kracites\/2026\/03\/31\/koncertuzvedums-transports-un-mes\/\"},\"author\":{\"name\":\"lailaeberharde\",\"@id\":\"https:\/\/izglitiba.valmierasnovads.lv\/kracites\/#\/schema\/person\/ea08473ae9fb5a23b4aecbe77d49672c\"},\"headline\":\"Koncertuzvedums \u201cTransports un m\u0113s\u201d\",\"datePublished\":\"2026-03-31T10:39:35+00:00\",\"dateModified\":\"2026-03-31T10:40:27+00:00\",\"mainEntityOfPage\":{\"@id\":\"https:\/\/izglitiba.valmierasnovads.lv\/kracites\/2026\/03\/31\/koncertuzvedums-transports-un-mes\/\"},\"wordCount\":419,\"publisher\":{\"@id\":\"https:\/\/izglitiba.valmierasnovads.lv\/kracites\/#organization\"},\"image\":{\"@id\":\"https:\/\/izglitiba.valmierasnovads.lv\/kracites\/2026\/03\/31\/koncertuzvedums-transports-un-mes\/#primaryimage\"},\"thumbnailUrl\":\"https:\/\/izglitiba.valmierasnovads.lv\/kracites\/wp-content\/uploads\/sites\/5\/2026\/03\/kopbilde.jpg\",\"articleSection\":[\"Pas\u0101kumi\"],\"inLanguage\":\"lv-LV\"},{\"@type\":\"WebPage\",\"@id\":\"https:\/\/izglitiba.valmierasnovads.lv\/kracites\/2026\/03\/31\/koncertuzvedums-transports-un-mes\/\",\"url\":\"https:\/\/izglitiba.valmierasnovads.lv\/kracites\/2026\/03\/31\/koncertuzvedums-transports-un-mes\/\",\"name\":\"Koncertuzvedums \u201cTransports un m\u0113s\u201d - Valmieras pirmsskolas izgl\u012bt\u012bbas iest\u0101de \u201cKR\u0100C\u012aTES\u201d\",\"isPartOf\":{\"@id\":\"https:\/\/izglitiba.valmierasnovads.lv\/kracites\/#website\"},\"primaryImageOfPage\":{\"@id\":\"https:\/\/izglitiba.valmierasnovads.lv\/kracites\/2026\/03\/31\/koncertuzvedums-transports-un-mes\/#primaryimage\"},\"image\":{\"@id\":\"https:\/\/izglitiba.valmierasnovads.lv\/kracites\/2026\/03\/31\/koncertuzvedums-transports-un-mes\/#primaryimage\"},\"thumbnailUrl\":\"https:\/\/izglitiba.valmierasnovads.lv\/kracites\/wp-content\/uploads\/sites\/5\/2026\/03\/kopbilde.jpg\",\"datePublished\":\"2026-03-31T10:39:35+00:00\",\"dateModified\":\"2026-03-31T10:40:27+00:00\",\"breadcrumb\":{\"@id\":\"https:\/\/izglitiba.valmierasnovads.lv\/kracites\/2026\/03\/31\/koncertuzvedums-transports-un-mes\/#breadcrumb\"},\"inLanguage\":\"lv-LV\",\"potentialAction\":[{\"@type\":\"ReadAction\",\"target\":[\"https:\/\/izglitiba.valmierasnovads.lv\/kracites\/2026\/03\/31\/koncertuzvedums-transports-un-mes\/\"]}]},{\"@type\":\"ImageObject\",\"inLanguage\":\"lv-LV\",\"@id\":\"https:\/\/izglitiba.valmierasnovads.lv\/kracites\/2026\/03\/31\/koncertuzvedums-transports-un-mes\/#primaryimage\",\"url\":\"https:\/\/izglitiba.valmierasnovads.lv\/kracites\/wp-content\/uploads\/sites\/5\/2026\/03\/kopbilde.jpg\",\"contentUrl\":\"https:\/\/izglitiba.valmierasnovads.lv\/kracites\/wp-content\/uploads\/sites\/5\/2026\/03\/kopbilde.jpg\",\"width\":1640,\"height\":1232},{\"@type\":\"BreadcrumbList\",\"@id\":\"https:\/\/izglitiba.valmierasnovads.lv\/kracites\/2026\/03\/31\/koncertuzvedums-transports-un-mes\/#breadcrumb\",\"itemListElement\":[{\"@type\":\"ListItem\",\"position\":1,\"name\":\"Home\",\"item\":\"https:\/\/izglitiba.valmierasnovads.lv\/kracites\/\"},{\"@type\":\"ListItem\",\"position\":2,\"name\":\"Koncertuzvedums \u201cTransports un m\u0113s\u201d\"}]},{\"@type\":\"WebSite\",\"@id\":\"https:\/\/izglitiba.valmierasnovads.lv\/kracites\/#website\",\"url\":\"https:\/\/izglitiba.valmierasnovads.lv\/kracites\/\",\"name\":\"Valmieras pirmsskolas izgl\u012bt\u012bbas iest\u0101de \u201cKR\u0100C\u012aTES\u201d\",\"description\":\"\",\"publisher\":{\"@id\":\"https:\/\/izglitiba.valmierasnovads.lv\/kracites\/#organization\"},\"potentialAction\":[{\"@type\":\"SearchAction\",\"target\":{\"@type\":\"EntryPoint\",\"urlTemplate\":\"https:\/\/izglitiba.valmierasnovads.lv\/kracites\/?s={search_term_string}\"},\"query-input\":{\"@type\":\"PropertyValueSpecification\",\"valueRequired\":true,\"valueName\":\"search_term_string\"}}],\"inLanguage\":\"lv-LV\"},{\"@type\":\"Organization\",\"@id\":\"https:\/\/izglitiba.valmierasnovads.lv\/kracites\/#organization\",\"name\":\"Valmieras pirmsskolas izgl\u012bt\u012bbas iest\u0101de \u201cKR\u0100C\u012aTES\u201d\",\"url\":\"https:\/\/izglitiba.valmierasnovads.lv\/kracites\/\",\"logo\":{\"@type\":\"ImageObject\",\"inLanguage\":\"lv-LV\",\"@id\":\"https:\/\/izglitiba.valmierasnovads.lv\/kracites\/#\/schema\/logo\/image\/\",\"url\":\"https:\/\/izglitiba.valmierasnovads.lv\/kracites\/wp-content\/uploads\/sites\/5\/2026\/04\/cropped-Pirmsskolas-izglitibas-iestades-ar-pasu-logo-2-scaled-1-1.png\",\"contentUrl\":\"https:\/\/izglitiba.valmierasnovads.lv\/kracites\/wp-content\/uploads\/sites\/5\/2026\/04\/cropped-Pirmsskolas-izglitibas-iestades-ar-pasu-logo-2-scaled-1-1.png\",\"width\":1389,\"height\":405,\"caption\":\"Valmieras pirmsskolas izgl\u012bt\u012bbas iest\u0101de \u201cKR\u0100C\u012aTES\u201d\"},\"image\":{\"@id\":\"https:\/\/izglitiba.valmierasnovads.lv\/kracites\/#\/schema\/logo\/image\/\"}},{\"@type\":\"Person\",\"@id\":\"https:\/\/izglitiba.valmierasnovads.lv\/kracites\/#\/schema\/person\/ea08473ae9fb5a23b4aecbe77d49672c\",\"name\":\"lailaeberharde\",\"image\":{\"@type\":\"ImageObject\",\"inLanguage\":\"lv-LV\",\"@id\":\"https:\/\/izglitiba.valmierasnovads.lv\/kracites\/#\/schema\/person\/image\/\",\"url\":\"https:\/\/secure.gravatar.com\/avatar\/b1879baf3bd51ee89cf57ca5d02084b4583724d6640080614d82d948788a13e0?s=96&d=mm&r=g\",\"contentUrl\":\"https:\/\/secure.gravatar.com\/avatar\/b1879baf3bd51ee89cf57ca5d02084b4583724d6640080614d82d948788a13e0?s=96&d=mm&r=g\",\"caption\":\"lailaeberharde\"},\"url\":\"https:\/\/izglitiba.valmierasnovads.lv\/kracites\/author\/lailaeberharde\/\"}]}<\/script>\n<!-- \/ Yoast SEO plugin. -->","yoast_head_json":{"title":"Koncertuzvedums \u201cTransports un m\u0113s\u201d - Valmieras pirmsskolas izgl\u012bt\u012bbas iest\u0101de \u201cKR\u0100C\u012aTES\u201d","robots":{"index":"index","follow":"follow","max-snippet":"max-snippet:-1","max-image-preview":"max-image-preview:large","max-video-preview":"max-video-preview:-1"},"canonical":"https:\/\/izglitiba.valmierasnovads.lv\/kracites\/2026\/03\/31\/koncertuzvedums-transports-un-mes\/","og_locale":"lv_LV","og_type":"article","og_title":"Koncertuzvedums \u201cTransports un m\u0113s\u201d - Valmieras pirmsskolas izgl\u012bt\u012bbas iest\u0101de \u201cKR\u0100C\u012aTES\u201d","og_description":"\u0160\u012b m\u0101c\u012bbu gada ekoskolas programmas t\u0113ma \u201cTransports\u201d. Katru m\u0113nesi apg\u016bti da\u017e\u0101di temati \u2013 iepaz\u012bti transportl\u012bdzek\u013ci, apg\u016bti dro\u0161\u012bbas un vesel\u012bbas jaut\u0101jumi [&hellip;]","og_url":"https:\/\/izglitiba.valmierasnovads.lv\/kracites\/2026\/03\/31\/koncertuzvedums-transports-un-mes\/","og_site_name":"Valmieras pirmsskolas izgl\u012bt\u012bbas iest\u0101de \u201cKR\u0100C\u012aTES\u201d","article_published_time":"2026-03-31T10:39:35+00:00","article_modified_time":"2026-03-31T10:40:27+00:00","og_image":[{"width":1640,"height":1232,"url":"https:\/\/izglitiba.valmierasnovads.lv\/kracites\/wp-content\/uploads\/sites\/5\/2026\/03\/kopbilde.jpg","type":"image\/jpeg"}],"author":"lailaeberharde","twitter_card":"summary_large_image","twitter_misc":{"Written by":"lailaeberharde","Est. reading time":"2 min\u016btes"},"schema":{"@context":"https:\/\/schema.org","@graph":[{"@type":"Article","@id":"https:\/\/izglitiba.valmierasnovads.lv\/kracites\/2026\/03\/31\/koncertuzvedums-transports-un-mes\/#article","isPartOf":{"@id":"https:\/\/izglitiba.valmierasnovads.lv\/kracites\/2026\/03\/31\/koncertuzvedums-transports-un-mes\/"},"author":{"name":"lailaeberharde","@id":"https:\/\/izglitiba.valmierasnovads.lv\/kracites\/#\/schema\/person\/ea08473ae9fb5a23b4aecbe77d49672c"},"headline":"Koncertuzvedums \u201cTransports un m\u0113s\u201d","datePublished":"2026-03-31T10:39:35+00:00","dateModified":"2026-03-31T10:40:27+00:00","mainEntityOfPage":{"@id":"https:\/\/izglitiba.valmierasnovads.lv\/kracites\/2026\/03\/31\/koncertuzvedums-transports-un-mes\/"},"wordCount":419,"publisher":{"@id":"https:\/\/izglitiba.valmierasnovads.lv\/kracites\/#organization"},"image":{"@id":"https:\/\/izglitiba.valmierasnovads.lv\/kracites\/2026\/03\/31\/koncertuzvedums-transports-un-mes\/#primaryimage"},"thumbnailUrl":"https:\/\/izglitiba.valmierasnovads.lv\/kracites\/wp-content\/uploads\/sites\/5\/2026\/03\/kopbilde.jpg","articleSection":["Pas\u0101kumi"],"inLanguage":"lv-LV"},{"@type":"WebPage","@id":"https:\/\/izglitiba.valmierasnovads.lv\/kracites\/2026\/03\/31\/koncertuzvedums-transports-un-mes\/","url":"https:\/\/izglitiba.valmierasnovads.lv\/kracites\/2026\/03\/31\/koncertuzvedums-transports-un-mes\/","name":"Koncertuzvedums \u201cTransports un m\u0113s\u201d - Valmieras pirmsskolas izgl\u012bt\u012bbas iest\u0101de \u201cKR\u0100C\u012aTES\u201d","isPartOf":{"@id":"https:\/\/izglitiba.valmierasnovads.lv\/kracites\/#website"},"primaryImageOfPage":{"@id":"https:\/\/izglitiba.valmierasnovads.lv\/kracites\/2026\/03\/31\/koncertuzvedums-transports-un-mes\/#primaryimage"},"image":{"@id":"https:\/\/izglitiba.valmierasnovads.lv\/kracites\/2026\/03\/31\/koncertuzvedums-transports-un-mes\/#primaryimage"},"thumbnailUrl":"https:\/\/izglitiba.valmierasnovads.lv\/kracites\/wp-content\/uploads\/sites\/5\/2026\/03\/kopbilde.jpg","datePublished":"2026-03-31T10:39:35+00:00","dateModified":"2026-03-31T10:40:27+00:00","breadcrumb":{"@id":"https:\/\/izglitiba.valmierasnovads.lv\/kracites\/2026\/03\/31\/koncertuzvedums-transports-un-mes\/#breadcrumb"},"inLanguage":"lv-LV","potentialAction":[{"@type":"ReadAction","target":["https:\/\/izglitiba.valmierasnovads.lv\/kracites\/2026\/03\/31\/koncertuzvedums-transports-un-mes\/"]}]},{"@type":"ImageObject","inLanguage":"lv-LV","@id":"https:\/\/izglitiba.valmierasnovads.lv\/kracites\/2026\/03\/31\/koncertuzvedums-transports-un-mes\/#primaryimage","url":"https:\/\/izglitiba.valmierasnovads.lv\/kracites\/wp-content\/uploads\/sites\/5\/2026\/03\/kopbilde.jpg","contentUrl":"https:\/\/izglitiba.valmierasnovads.lv\/kracites\/wp-content\/uploads\/sites\/5\/2026\/03\/kopbilde.jpg","width":1640,"height":1232},{"@type":"BreadcrumbList","@id":"https:\/\/izglitiba.valmierasnovads.lv\/kracites\/2026\/03\/31\/koncertuzvedums-transports-un-mes\/#breadcrumb","itemListElement":[{"@type":"ListItem","position":1,"name":"Home","item":"https:\/\/izglitiba.valmierasnovads.lv\/kracites\/"},{"@type":"ListItem","position":2,"name":"Koncertuzvedums \u201cTransports un m\u0113s\u201d"}]},{"@type":"WebSite","@id":"https:\/\/izglitiba.valmierasnovads.lv\/kracites\/#website","url":"https:\/\/izglitiba.valmierasnovads.lv\/kracites\/","name":"Valmieras pirmsskolas izgl\u012bt\u012bbas iest\u0101de \u201cKR\u0100C\u012aTES\u201d","description":"","publisher":{"@id":"https:\/\/izglitiba.valmierasnovads.lv\/kracites\/#organization"},"potentialAction":[{"@type":"SearchAction","target":{"@type":"EntryPoint","urlTemplate":"https:\/\/izglitiba.valmierasnovads.lv\/kracites\/?s={search_term_string}"},"query-input":{"@type":"PropertyValueSpecification","valueRequired":true,"valueName":"search_term_string"}}],"inLanguage":"lv-LV"},{"@type":"Organization","@id":"https:\/\/izglitiba.valmierasnovads.lv\/kracites\/#organization","name":"Valmieras pirmsskolas izgl\u012bt\u012bbas iest\u0101de \u201cKR\u0100C\u012aTES\u201d","url":"https:\/\/izglitiba.valmierasnovads.lv\/kracites\/","logo":{"@type":"ImageObject","inLanguage":"lv-LV","@id":"https:\/\/izglitiba.valmierasnovads.lv\/kracites\/#\/schema\/logo\/image\/","url":"https:\/\/izglitiba.valmierasnovads.lv\/kracites\/wp-content\/uploads\/sites\/5\/2026\/04\/cropped-Pirmsskolas-izglitibas-iestades-ar-pasu-logo-2-scaled-1-1.png","contentUrl":"https:\/\/izglitiba.valmierasnovads.lv\/kracites\/wp-content\/uploads\/sites\/5\/2026\/04\/cropped-Pirmsskolas-izglitibas-iestades-ar-pasu-logo-2-scaled-1-1.png","width":1389,"height":405,"caption":"Valmieras pirmsskolas izgl\u012bt\u012bbas iest\u0101de \u201cKR\u0100C\u012aTES\u201d"},"image":{"@id":"https:\/\/izglitiba.valmierasnovads.lv\/kracites\/#\/schema\/logo\/image\/"}},{"@type":"Person","@id":"https:\/\/izglitiba.valmierasnovads.lv\/kracites\/#\/schema\/person\/ea08473ae9fb5a23b4aecbe77d49672c","name":"lailaeberharde","image":{"@type":"ImageObject","inLanguage":"lv-LV","@id":"https:\/\/izglitiba.valmierasnovads.lv\/kracites\/#\/schema\/person\/image\/","url":"https:\/\/secure.gravatar.com\/avatar\/b1879baf3bd51ee89cf57ca5d02084b4583724d6640080614d82d948788a13e0?s=96&d=mm&r=g","contentUrl":"https:\/\/secure.gravatar.com\/avatar\/b1879baf3bd51ee89cf57ca5d02084b4583724d6640080614d82d948788a13e0?s=96&d=mm&r=g","caption":"lailaeberharde"},"url":"https:\/\/izglitiba.valmierasnovads.lv\/kracites\/author\/lailaeberharde\/"}]}},"_links":{"self":[{"href":"https:\/\/izglitiba.valmierasnovads.lv\/kracites\/wp-json\/wp\/v2\/posts\/696","targetHints":{"allow":["GET"]}}],"collection":[{"href":"https:\/\/izglitiba.valmierasnovads.lv\/kracites\/wp-json\/wp\/v2\/posts"}],"about":[{"href":"https:\/\/izglitiba.valmierasnovads.lv\/kracites\/wp-json\/wp\/v2\/types\/post"}],"author":[{"embeddable":true,"href":"https:\/\/izglitiba.valmierasnovads.lv\/kracites\/wp-json\/wp\/v2\/users\/49"}],"replies":[{"embeddable":true,"href":"https:\/\/izglitiba.valmierasnovads.lv\/kracites\/wp-json\/wp\/v2\/comments?post=696"}],"version-history":[{"count":1,"href":"https:\/\/izglitiba.valmierasnovads.lv\/kracites\/wp-json\/wp\/v2\/posts\/696\/revisions"}],"predecessor-version":[{"id":699,"href":"https:\/\/izglitiba.valmierasnovads.lv\/kracites\/wp-json\/wp\/v2\/posts\/696\/revisions\/699"}],"wp:featuredmedia":[{"embeddable":true,"href":"https:\/\/izglitiba.valmierasnovads.lv\/kracites\/wp-json\/wp\/v2\/media\/697"}],"wp:attachment":[{"href":"https:\/\/izglitiba.valmierasnovads.lv\/kracites\/wp-json\/wp\/v2\/media?parent=696"}],"wp:term":[{"taxonomy":"category","embeddable":true,"href":"https:\/\/izglitiba.valmierasnovads.lv\/kracites\/wp-json\/wp\/v2\/categories?post=696"},{"taxonomy":"post_tag","embeddable":true,"href":"https:\/\/izglitiba.valmierasnovads.lv\/kracites\/wp-json\/wp\/v2\/tags?post=696"}],"curies":[{"name":"wp","href":"https:\/\/api.w.org\/{rel}","templated":true}]}}