{"id":703,"date":"2026-04-02T12:49:16","date_gmt":"2026-04-02T09:49:16","guid":{"rendered":"https:\/\/izglitiba.valmierasnovads.lv\/kracites\/?p=703"},"modified":"2026-04-08T07:46:49","modified_gmt":"2026-04-08T04:46:49","slug":"ekoskolas-aktivitates-marta","status":"publish","type":"post","link":"https:\/\/izglitiba.valmierasnovads.lv\/kracites\/2026\/04\/02\/ekoskolas-aktivitates-marta\/","title":{"rendered":"Ekoskolas aktivit\u0101tes mart\u0101"},"content":{"rendered":"\n<p>Atz\u012bm\u0113jot Pasaules \u016bdens dienu, s\u0101k\u0101m ar prezent\u0101ciju par \u016bdeni, k\u0101p\u0113c \u016bdens ir tik svar\u012bgs dab\u0101 un m\u016bsu ikdien\u0101. B\u0113rni ar interesi dal\u012bj\u0101s sav\u0101s dom\u0101s un pieredz\u0113.<\/p>\n\n\n\n<p>Visas grupas bija sagatavoju\u0161\u0101s da\u017e\u0101dus interesantus p\u0113t\u012bjumus un eksperimentus ar \u016bdeni. Dienas gait\u0101 tika veicin\u0101ta sadarb\u012bba starp grup\u0101m \u2013 b\u0113rni dev\u0101s ciemos, kur iepazin\u0101s ar jauniem eksperimentiem, v\u0113roja demonstr\u0113jumus un akt\u012bvi iesaist\u012bj\u0101s praktiskaj\u0101 darb\u012bb\u0101. \u0160\u0101da pieredzes apmai\u0146a sekm\u0113ja savstarp\u0113jo m\u0101c\u012b\u0161anos un papla\u0161in\u0101ja b\u0113rnu redzesloku.<\/p>\n\n\n\n<p>\u0160aj\u0101 dien\u0101 tika noskaidrots, kuri priek\u0161meti grimst un kuri peld, eksperiment\u0101 ar pudeli, \u016bdeni, salmi\u0146u un balonu. B\u0113rni ar patiesu izbr\u012bnu redz\u0113ja, k\u0101 gaiss var kustin\u0101t \u016bdeni. Lielu prieku sag\u0101d\u0101ja \u0161vammes laivi\u0146u darbn\u012bca \u2013 b\u0113rni p\u016bta bur\u0101s un v\u0113roja, k\u0101 laivi\u0146as kustas pa \u016bdeni. V\u0113l b\u0113rni tren\u0113ja savu veikl\u012bbu un uzman\u012bbu, \u201cmak\u0161\u0137er\u0113jot\u201d kr\u0101sainas zivti\u0146as, t\u0101s skaitot un \u0161\u0137irojot.<\/p>\n\n\n\n<p>\u201cKn\u012bpu un Knau\u0137u\u201d grupa dev\u0101s neliel\u0101 pastaig\u0101 pa upes Gaujas krastu, lai tuv\u0101k iepaz\u012bt dab\u0101 sastopamo \u016bdeni, klaus\u012bj\u0101s un v\u0113roja, k\u0101 t\u0101 pl\u016bst, k\u0101d\u0101 kr\u0101s\u0101 ir \u016bdens, kas taj\u0101 peld.<\/p>\n\n\n\n<p>P\u0113c eksperimentiem b\u0113rni kop\u0101 ar pedagogiem p\u0101rrun\u0101ja nov\u0113roto, formul\u0113ja secin\u0101jumus un dal\u012bj\u0101s savos iespaidos. Aktivit\u0101tes veicin\u0101ja b\u0113rnu izzi\u0146as interesi, att\u012bst\u012bja nov\u0113ro\u0161anas un dom\u0101\u0161anas prasmes, k\u0101 ar\u012b stiprin\u0101ja izpratni par ilgtsp\u0113j\u012bgu r\u012bc\u012bbu attiec\u012bb\u0101 uz dabas resursiem.<\/p>\n\n\n\n<figure class=\"wp-block-image alignwide size-full\"><img loading=\"lazy\" decoding=\"async\" width=\"940\" height=\"794\" src=\"https:\/\/izglitiba.valmierasnovads.lv\/kracites\/wp-content\/uploads\/sites\/5\/2026\/04\/image-1.png\" alt=\"\" class=\"wp-image-706\" srcset=\"https:\/\/izglitiba.valmierasnovads.lv\/kracites\/wp-content\/uploads\/sites\/5\/2026\/04\/image-1.png 940w, https:\/\/izglitiba.valmierasnovads.lv\/kracites\/wp-content\/uploads\/sites\/5\/2026\/04\/image-1-300x253.png 300w, https:\/\/izglitiba.valmierasnovads.lv\/kracites\/wp-content\/uploads\/sites\/5\/2026\/04\/image-1-768x649.png 768w\" sizes=\"auto, (max-width: 940px) 100vw, 940px\" \/><\/figure>\n\n\n\n<p>Pasaules me\u017ea dien\u0101 b\u0113rni kop\u0101 ar pedagogiem iesaist\u012bj\u0101s daudzveid\u012bg\u0101s aktivit\u0101t\u0113s, lai izzin\u0101tu me\u017ea noz\u012bmi un m\u0101c\u012btos saudz\u0113t dabu. \u201c\u0136iparu\u201d grupa izveidoja video \u201cK\u0101p\u0113c me\u017es ir svar\u012bgs?\u201d. B\u0113rni dev\u0101s gar\u0101k\u0101s pastaig\u0101s pa me\u017eu, p\u0113tot to un v\u0101cot dabas materi\u0101lus maketa izveidei. Praktiskaj\u0101s nodarb\u0113s vi\u0146i iepazin\u0101s ar me\u017ea bag\u0101t\u012bbas un to daudzveid\u012bbu.<\/p>\n\n\n\n<p>\u012apa\u0161u prieku sag\u0101d\u0101ja kop\u012bga vafe\u013cu cep\u0161ana un no me\u017ea og\u0101m v\u0101r\u012bta iev\u0101r\u012bjuma degust\u0101cija. B\u0113rni baud\u012bja da\u017e\u0101das gar\u0161as \u2013 melle\u0146u, l\u0101ce\u0146u, ave\u0146u, br\u016bkle\u0146u, dz\u0113rve\u0146u, p\u012bl\u0101d\u017eu, k\u0101 ar\u012b me\u017ea zeme\u0146u iev\u0101r\u012bjumu. Aktivit\u0101\u0161u laik\u0101 b\u0113rni saprata, cik noz\u012bm\u012bgs me\u017es ir m\u016bsu dz\u012bv\u0113, jo tas sniedz ne tikai dabas veltes, bet ar\u012b stiprina vesel\u012bbu un rada prieku.<\/p>\n\n\n\n<figure class=\"wp-block-image alignwide size-full\"><img loading=\"lazy\" decoding=\"async\" width=\"721\" height=\"721\" src=\"https:\/\/izglitiba.valmierasnovads.lv\/kracites\/wp-content\/uploads\/sites\/5\/2026\/04\/image-2.png\" alt=\"\" class=\"wp-image-707\" srcset=\"https:\/\/izglitiba.valmierasnovads.lv\/kracites\/wp-content\/uploads\/sites\/5\/2026\/04\/image-2.png 721w, https:\/\/izglitiba.valmierasnovads.lv\/kracites\/wp-content\/uploads\/sites\/5\/2026\/04\/image-2-300x300.png 300w, https:\/\/izglitiba.valmierasnovads.lv\/kracites\/wp-content\/uploads\/sites\/5\/2026\/04\/image-2-150x150.png 150w\" sizes=\"auto, (max-width: 721px) 100vw, 721px\" \/><\/figure>\n\n\n\n<figure class=\"wp-block-image alignwide size-full\"><img loading=\"lazy\" decoding=\"async\" width=\"718\" height=\"718\" src=\"https:\/\/izglitiba.valmierasnovads.lv\/kracites\/wp-content\/uploads\/sites\/5\/2026\/04\/image-3.png\" alt=\"\" class=\"wp-image-708\" srcset=\"https:\/\/izglitiba.valmierasnovads.lv\/kracites\/wp-content\/uploads\/sites\/5\/2026\/04\/image-3.png 718w, https:\/\/izglitiba.valmierasnovads.lv\/kracites\/wp-content\/uploads\/sites\/5\/2026\/04\/image-3-300x300.png 300w, https:\/\/izglitiba.valmierasnovads.lv\/kracites\/wp-content\/uploads\/sites\/5\/2026\/04\/image-3-150x150.png 150w\" sizes=\"auto, (max-width: 718px) 100vw, 718px\" \/><\/figure>\n\n\n\n<p class=\"has-text-align-left\">Atz\u012bm\u0113jot Pasaules bezatkritumu dienu, b\u0113rni tika aicin\u0101ti uz izzino\u0161u un aizraujo\u0161u izr\u0101di \u201cEkolapsas selfijs\u201d, kas rosin\u0101ja dom\u0101t par apk\u0101rt\u0113j\u0101s vides t\u012br\u012bbu un atbild\u012bgu r\u012bc\u012bbu ikdien\u0101. Izr\u0101des laik\u0101 Ekolapsi\u0146a ar izbr\u012bnu atkl\u0101ja, ka me\u017es ir k\u013cuvis nek\u0101rt\u012bgs un pies\u0101r\u0146ots ar atkritumiem. Vi\u0146ai pal\u012bg\u0101 steidz\u0101s za\u0137\u0113ns un v\u0101rna \u2013 \u012bsts superdetekt\u012bvs, kur\u0161 noskaidroja, ka me\u017eu pies\u0101r\u0146ojis Vinnijs P\u016bks. Kop\u012bgiem sp\u0113kiem varo\u0146i sak\u0101rtoja me\u017eu un atjaunoja taj\u0101 k\u0101rt\u012bbu. Izr\u0101des gait\u0101 Ekolapsi\u0146a b\u0113rniem skaidroja, k\u0101p\u0113c ir svar\u012bgi saudz\u0113t dabu un nepies\u0101r\u0146ot me\u017eu, k\u0101 ar\u012b m\u0101c\u012bja pareizi \u0161\u0137irot atkritumus. B\u0113rni uzzin\u0101ja, ko noz\u012bm\u0113 otrreiz\u0113j\u0101 p\u0101rstr\u0101de un k\u0101p\u0113c t\u0101 ir b\u016btiska m\u016bsu plan\u0113tas n\u0101kotnei.<\/p>\n\n\n\n<p>Tika uzsv\u0113rts, ka otrreiz\u0113j\u0101 p\u0101rstr\u0101de ir noz\u012bm\u012bgs veids, k\u0101 samazin\u0101t atkritumu daudzumu un taup\u012bt dabas resursus. No materi\u0101liem, kas s\u0101kotn\u0113ji \u0161\u0137iet nevajadz\u012bgi, ir iesp\u0113jams rad\u012bt jaunas un praktiskas lietas \u2013 piem\u0113ram, no plastmasas pudel\u0113m var izgatavot pu\u0137u podus vai dekor\u0101cijas, no veciem audumiem \u2013 somas vai pakl\u0101jus, bet no pap\u012bra \u2013 jaunas loksnes vai rado\u0161us rokdarbus.<\/p>\n\n\n\n<p>Pas\u0101kuma nosl\u0113gum\u0101 b\u0113rni dal\u012bj\u0101s savos iespaidos un secin\u0101jumos, apzinoties, ka ikviens var dot ieguld\u012bjumu t\u012br\u0101kas vides veido\u0161an\u0101 \u2013 \u0161\u0137irojot atkritumus un pie\u0161\u0137irot vec\u0101m liet\u0101m jaunu dz\u012bvi.<\/p>\n\n\n\n<figure class=\"wp-block-image alignwide size-full\"><img loading=\"lazy\" decoding=\"async\" width=\"790\" height=\"790\" src=\"https:\/\/izglitiba.valmierasnovads.lv\/kracites\/wp-content\/uploads\/sites\/5\/2026\/04\/image-4.png\" alt=\"\" class=\"wp-image-709\" srcset=\"https:\/\/izglitiba.valmierasnovads.lv\/kracites\/wp-content\/uploads\/sites\/5\/2026\/04\/image-4.png 790w, https:\/\/izglitiba.valmierasnovads.lv\/kracites\/wp-content\/uploads\/sites\/5\/2026\/04\/image-4-300x300.png 300w, https:\/\/izglitiba.valmierasnovads.lv\/kracites\/wp-content\/uploads\/sites\/5\/2026\/04\/image-4-150x150.png 150w, https:\/\/izglitiba.valmierasnovads.lv\/kracites\/wp-content\/uploads\/sites\/5\/2026\/04\/image-4-768x768.png 768w\" sizes=\"auto, (max-width: 790px) 100vw, 790px\" \/><\/figure>\n\n\n\n<p class=\"has-text-align-right\">&nbsp;&nbsp;&nbsp;&nbsp;&nbsp;&nbsp;&nbsp;&nbsp;&nbsp;&nbsp;&nbsp;&nbsp;&nbsp;&nbsp;&nbsp;&nbsp;&nbsp;&nbsp;&nbsp; &nbsp;&nbsp;&nbsp;&nbsp;&nbsp;&nbsp;&nbsp;&nbsp;&nbsp;&nbsp;&nbsp;&nbsp;&nbsp;&nbsp;&nbsp;&nbsp;&nbsp;&nbsp;&nbsp;&nbsp;&nbsp;&nbsp;&nbsp;&nbsp;&nbsp;&nbsp;&nbsp;&nbsp;&nbsp;&nbsp;&nbsp;&nbsp;Materi\u0101lu apkopoja ekoskolas koordinators Inga \u010cer\u0146avska<\/p>\n","protected":false},"excerpt":{"rendered":"<p>Atz\u012bm\u0113jot Pasaules \u016bdens dienu, s\u0101k\u0101m ar prezent\u0101ciju par \u016bdeni, k\u0101p\u0113c \u016bdens ir tik svar\u012bgs dab\u0101 un m\u016bsu ikdien\u0101. B\u0113rni ar [&hellip;]<\/p>\n","protected":false},"author":49,"featured_media":705,"comment_status":"closed","ping_status":"closed","sticky":false,"template":"","format":"standard","meta":{"_acf_changed":false,"site-sidebar-layout":"default","site-content-layout":"","ast-site-content-layout":"default","site-content-style":"default","site-sidebar-style":"default","ast-global-header-display":"","ast-banner-title-visibility":"","ast-main-header-display":"","ast-hfb-above-header-display":"","ast-hfb-below-header-display":"","ast-hfb-mobile-header-display":"","site-post-title":"","ast-breadcrumbs-content":"","ast-featured-img":"","footer-sml-layout":"","ast-disable-related-posts":"","theme-transparent-header-meta":"","adv-header-id-meta":"","stick-header-meta":"","header-above-stick-meta":"","header-main-stick-meta":"","header-below-stick-meta":"","astra-migrate-meta-layouts":"default","ast-page-background-enabled":"default","ast-page-background-meta":{"desktop":{"background-color":"var(--ast-global-color-5)","background-image":"","background-repeat":"repeat","background-position":"center center","background-size":"auto","background-attachment":"scroll","background-type":"","background-media":"","overlay-type":"","overlay-color":"","overlay-opacity":"","overlay-gradient":""},"tablet":{"background-color":"","background-image":"","background-repeat":"repeat","background-position":"center center","background-size":"auto","background-attachment":"scroll","background-type":"","background-media":"","overlay-type":"","overlay-color":"","overlay-opacity":"","overlay-gradient":""},"mobile":{"background-color":"","background-image":"","background-repeat":"repeat","background-position":"center center","background-size":"auto","background-attachment":"scroll","background-type":"","background-media":"","overlay-type":"","overlay-color":"","overlay-opacity":"","overlay-gradient":""}},"ast-content-background-meta":{"desktop":{"background-color":"var(--ast-global-color-4)","background-image":"","background-repeat":"repeat","background-position":"center center","background-size":"auto","background-attachment":"scroll","background-type":"","background-media":"","overlay-type":"","overlay-color":"","overlay-opacity":"","overlay-gradient":""},"tablet":{"background-color":"var(--ast-global-color-4)","background-image":"","background-repeat":"repeat","background-position":"center center","background-size":"auto","background-attachment":"scroll","background-type":"","background-media":"","overlay-type":"","overlay-color":"","overlay-opacity":"","overlay-gradient":""},"mobile":{"background-color":"var(--ast-global-color-4)","background-image":"","background-repeat":"repeat","background-position":"center center","background-size":"auto","background-attachment":"scroll","background-type":"","background-media":"","overlay-type":"","overlay-color":"","overlay-opacity":"","overlay-gradient":""}},"footnotes":""},"categories":[5],"tags":[],"class_list":["post-703","post","type-post","status-publish","format-standard","has-post-thumbnail","hentry","category-pasakumi"],"acf":[],"yoast_head":"<!-- This site is optimized with the Yoast SEO plugin v27.0 - https:\/\/yoast.com\/product\/yoast-seo-wordpress\/ -->\n<title>Ekoskolas aktivit\u0101tes mart\u0101 - Valmieras pirmsskolas izgl\u012bt\u012bbas iest\u0101de \u201cKR\u0100C\u012aTES\u201d<\/title>\n<meta name=\"robots\" content=\"index, follow, max-snippet:-1, max-image-preview:large, max-video-preview:-1\" \/>\n<link rel=\"canonical\" href=\"https:\/\/izglitiba.valmierasnovads.lv\/kracites\/2026\/04\/02\/ekoskolas-aktivitates-marta\/\" \/>\n<meta property=\"og:locale\" content=\"lv_LV\" \/>\n<meta property=\"og:type\" content=\"article\" \/>\n<meta property=\"og:title\" content=\"Ekoskolas aktivit\u0101tes mart\u0101 - Valmieras pirmsskolas izgl\u012bt\u012bbas iest\u0101de \u201cKR\u0100C\u012aTES\u201d\" \/>\n<meta property=\"og:description\" content=\"Atz\u012bm\u0113jot Pasaules \u016bdens dienu, s\u0101k\u0101m ar prezent\u0101ciju par \u016bdeni, k\u0101p\u0113c \u016bdens ir tik svar\u012bgs dab\u0101 un m\u016bsu ikdien\u0101. B\u0113rni ar [&hellip;]\" \/>\n<meta property=\"og:url\" content=\"https:\/\/izglitiba.valmierasnovads.lv\/kracites\/2026\/04\/02\/ekoskolas-aktivitates-marta\/\" \/>\n<meta property=\"og:site_name\" content=\"Valmieras pirmsskolas izgl\u012bt\u012bbas iest\u0101de \u201cKR\u0100C\u012aTES\u201d\" \/>\n<meta property=\"article:published_time\" content=\"2026-04-02T09:49:16+00:00\" \/>\n<meta property=\"article:modified_time\" content=\"2026-04-08T04:46:49+00:00\" \/>\n<meta property=\"og:image\" content=\"https:\/\/izglitiba.valmierasnovads.lv\/kracites\/wp-content\/uploads\/sites\/5\/2026\/04\/image.png\" \/>\n\t<meta property=\"og:image:width\" content=\"798\" \/>\n\t<meta property=\"og:image:height\" content=\"669\" \/>\n\t<meta property=\"og:image:type\" content=\"image\/png\" \/>\n<meta name=\"author\" content=\"lailaeberharde\" \/>\n<meta name=\"twitter:card\" content=\"summary_large_image\" \/>\n<meta name=\"twitter:label1\" content=\"Written by\" \/>\n\t<meta name=\"twitter:data1\" content=\"lailaeberharde\" \/>\n\t<meta name=\"twitter:label2\" content=\"Est. reading time\" \/>\n\t<meta name=\"twitter:data2\" content=\"4 min\u016btes\" \/>\n<script type=\"application\/ld+json\" class=\"yoast-schema-graph\">{\"@context\":\"https:\/\/schema.org\",\"@graph\":[{\"@type\":\"Article\",\"@id\":\"https:\/\/izglitiba.valmierasnovads.lv\/kracites\/2026\/04\/02\/ekoskolas-aktivitates-marta\/#article\",\"isPartOf\":{\"@id\":\"https:\/\/izglitiba.valmierasnovads.lv\/kracites\/2026\/04\/02\/ekoskolas-aktivitates-marta\/\"},\"author\":{\"name\":\"lailaeberharde\",\"@id\":\"https:\/\/izglitiba.valmierasnovads.lv\/kracites\/#\/schema\/person\/ea08473ae9fb5a23b4aecbe77d49672c\"},\"headline\":\"Ekoskolas aktivit\u0101tes mart\u0101\",\"datePublished\":\"2026-04-02T09:49:16+00:00\",\"dateModified\":\"2026-04-08T04:46:49+00:00\",\"mainEntityOfPage\":{\"@id\":\"https:\/\/izglitiba.valmierasnovads.lv\/kracites\/2026\/04\/02\/ekoskolas-aktivitates-marta\/\"},\"wordCount\":807,\"publisher\":{\"@id\":\"https:\/\/izglitiba.valmierasnovads.lv\/kracites\/#organization\"},\"image\":{\"@id\":\"https:\/\/izglitiba.valmierasnovads.lv\/kracites\/2026\/04\/02\/ekoskolas-aktivitates-marta\/#primaryimage\"},\"thumbnailUrl\":\"https:\/\/izglitiba.valmierasnovads.lv\/kracites\/wp-content\/uploads\/sites\/5\/2026\/04\/image.png\",\"articleSection\":[\"Pas\u0101kumi\"],\"inLanguage\":\"lv-LV\"},{\"@type\":\"WebPage\",\"@id\":\"https:\/\/izglitiba.valmierasnovads.lv\/kracites\/2026\/04\/02\/ekoskolas-aktivitates-marta\/\",\"url\":\"https:\/\/izglitiba.valmierasnovads.lv\/kracites\/2026\/04\/02\/ekoskolas-aktivitates-marta\/\",\"name\":\"Ekoskolas aktivit\u0101tes mart\u0101 - Valmieras pirmsskolas izgl\u012bt\u012bbas iest\u0101de \u201cKR\u0100C\u012aTES\u201d\",\"isPartOf\":{\"@id\":\"https:\/\/izglitiba.valmierasnovads.lv\/kracites\/#website\"},\"primaryImageOfPage\":{\"@id\":\"https:\/\/izglitiba.valmierasnovads.lv\/kracites\/2026\/04\/02\/ekoskolas-aktivitates-marta\/#primaryimage\"},\"image\":{\"@id\":\"https:\/\/izglitiba.valmierasnovads.lv\/kracites\/2026\/04\/02\/ekoskolas-aktivitates-marta\/#primaryimage\"},\"thumbnailUrl\":\"https:\/\/izglitiba.valmierasnovads.lv\/kracites\/wp-content\/uploads\/sites\/5\/2026\/04\/image.png\",\"datePublished\":\"2026-04-02T09:49:16+00:00\",\"dateModified\":\"2026-04-08T04:46:49+00:00\",\"breadcrumb\":{\"@id\":\"https:\/\/izglitiba.valmierasnovads.lv\/kracites\/2026\/04\/02\/ekoskolas-aktivitates-marta\/#breadcrumb\"},\"inLanguage\":\"lv-LV\",\"potentialAction\":[{\"@type\":\"ReadAction\",\"target\":[\"https:\/\/izglitiba.valmierasnovads.lv\/kracites\/2026\/04\/02\/ekoskolas-aktivitates-marta\/\"]}]},{\"@type\":\"ImageObject\",\"inLanguage\":\"lv-LV\",\"@id\":\"https:\/\/izglitiba.valmierasnovads.lv\/kracites\/2026\/04\/02\/ekoskolas-aktivitates-marta\/#primaryimage\",\"url\":\"https:\/\/izglitiba.valmierasnovads.lv\/kracites\/wp-content\/uploads\/sites\/5\/2026\/04\/image.png\",\"contentUrl\":\"https:\/\/izglitiba.valmierasnovads.lv\/kracites\/wp-content\/uploads\/sites\/5\/2026\/04\/image.png\",\"width\":798,\"height\":669},{\"@type\":\"BreadcrumbList\",\"@id\":\"https:\/\/izglitiba.valmierasnovads.lv\/kracites\/2026\/04\/02\/ekoskolas-aktivitates-marta\/#breadcrumb\",\"itemListElement\":[{\"@type\":\"ListItem\",\"position\":1,\"name\":\"Home\",\"item\":\"https:\/\/izglitiba.valmierasnovads.lv\/kracites\/\"},{\"@type\":\"ListItem\",\"position\":2,\"name\":\"Ekoskolas aktivit\u0101tes mart\u0101\"}]},{\"@type\":\"WebSite\",\"@id\":\"https:\/\/izglitiba.valmierasnovads.lv\/kracites\/#website\",\"url\":\"https:\/\/izglitiba.valmierasnovads.lv\/kracites\/\",\"name\":\"Valmieras pirmsskolas izgl\u012bt\u012bbas iest\u0101de \u201cKR\u0100C\u012aTES\u201d\",\"description\":\"\",\"publisher\":{\"@id\":\"https:\/\/izglitiba.valmierasnovads.lv\/kracites\/#organization\"},\"potentialAction\":[{\"@type\":\"SearchAction\",\"target\":{\"@type\":\"EntryPoint\",\"urlTemplate\":\"https:\/\/izglitiba.valmierasnovads.lv\/kracites\/?s={search_term_string}\"},\"query-input\":{\"@type\":\"PropertyValueSpecification\",\"valueRequired\":true,\"valueName\":\"search_term_string\"}}],\"inLanguage\":\"lv-LV\"},{\"@type\":\"Organization\",\"@id\":\"https:\/\/izglitiba.valmierasnovads.lv\/kracites\/#organization\",\"name\":\"Valmieras pirmsskolas izgl\u012bt\u012bbas iest\u0101de \u201cKR\u0100C\u012aTES\u201d\",\"url\":\"https:\/\/izglitiba.valmierasnovads.lv\/kracites\/\",\"logo\":{\"@type\":\"ImageObject\",\"inLanguage\":\"lv-LV\",\"@id\":\"https:\/\/izglitiba.valmierasnovads.lv\/kracites\/#\/schema\/logo\/image\/\",\"url\":\"https:\/\/izglitiba.valmierasnovads.lv\/kracites\/wp-content\/uploads\/sites\/5\/2026\/04\/cropped-Pirmsskolas-izglitibas-iestades-ar-pasu-logo-2-scaled-1-1.png\",\"contentUrl\":\"https:\/\/izglitiba.valmierasnovads.lv\/kracites\/wp-content\/uploads\/sites\/5\/2026\/04\/cropped-Pirmsskolas-izglitibas-iestades-ar-pasu-logo-2-scaled-1-1.png\",\"width\":1389,\"height\":405,\"caption\":\"Valmieras pirmsskolas izgl\u012bt\u012bbas iest\u0101de \u201cKR\u0100C\u012aTES\u201d\"},\"image\":{\"@id\":\"https:\/\/izglitiba.valmierasnovads.lv\/kracites\/#\/schema\/logo\/image\/\"}},{\"@type\":\"Person\",\"@id\":\"https:\/\/izglitiba.valmierasnovads.lv\/kracites\/#\/schema\/person\/ea08473ae9fb5a23b4aecbe77d49672c\",\"name\":\"lailaeberharde\",\"image\":{\"@type\":\"ImageObject\",\"inLanguage\":\"lv-LV\",\"@id\":\"https:\/\/izglitiba.valmierasnovads.lv\/kracites\/#\/schema\/person\/image\/\",\"url\":\"https:\/\/secure.gravatar.com\/avatar\/b1879baf3bd51ee89cf57ca5d02084b4583724d6640080614d82d948788a13e0?s=96&d=mm&r=g\",\"contentUrl\":\"https:\/\/secure.gravatar.com\/avatar\/b1879baf3bd51ee89cf57ca5d02084b4583724d6640080614d82d948788a13e0?s=96&d=mm&r=g\",\"caption\":\"lailaeberharde\"},\"url\":\"https:\/\/izglitiba.valmierasnovads.lv\/kracites\/author\/lailaeberharde\/\"}]}<\/script>\n<!-- \/ Yoast SEO plugin. -->","yoast_head_json":{"title":"Ekoskolas aktivit\u0101tes mart\u0101 - Valmieras pirmsskolas izgl\u012bt\u012bbas iest\u0101de \u201cKR\u0100C\u012aTES\u201d","robots":{"index":"index","follow":"follow","max-snippet":"max-snippet:-1","max-image-preview":"max-image-preview:large","max-video-preview":"max-video-preview:-1"},"canonical":"https:\/\/izglitiba.valmierasnovads.lv\/kracites\/2026\/04\/02\/ekoskolas-aktivitates-marta\/","og_locale":"lv_LV","og_type":"article","og_title":"Ekoskolas aktivit\u0101tes mart\u0101 - Valmieras pirmsskolas izgl\u012bt\u012bbas iest\u0101de \u201cKR\u0100C\u012aTES\u201d","og_description":"Atz\u012bm\u0113jot Pasaules \u016bdens dienu, s\u0101k\u0101m ar prezent\u0101ciju par \u016bdeni, k\u0101p\u0113c \u016bdens ir tik svar\u012bgs dab\u0101 un m\u016bsu ikdien\u0101. B\u0113rni ar [&hellip;]","og_url":"https:\/\/izglitiba.valmierasnovads.lv\/kracites\/2026\/04\/02\/ekoskolas-aktivitates-marta\/","og_site_name":"Valmieras pirmsskolas izgl\u012bt\u012bbas iest\u0101de \u201cKR\u0100C\u012aTES\u201d","article_published_time":"2026-04-02T09:49:16+00:00","article_modified_time":"2026-04-08T04:46:49+00:00","og_image":[{"width":798,"height":669,"url":"https:\/\/izglitiba.valmierasnovads.lv\/kracites\/wp-content\/uploads\/sites\/5\/2026\/04\/image.png","type":"image\/png"}],"author":"lailaeberharde","twitter_card":"summary_large_image","twitter_misc":{"Written by":"lailaeberharde","Est. reading time":"4 min\u016btes"},"schema":{"@context":"https:\/\/schema.org","@graph":[{"@type":"Article","@id":"https:\/\/izglitiba.valmierasnovads.lv\/kracites\/2026\/04\/02\/ekoskolas-aktivitates-marta\/#article","isPartOf":{"@id":"https:\/\/izglitiba.valmierasnovads.lv\/kracites\/2026\/04\/02\/ekoskolas-aktivitates-marta\/"},"author":{"name":"lailaeberharde","@id":"https:\/\/izglitiba.valmierasnovads.lv\/kracites\/#\/schema\/person\/ea08473ae9fb5a23b4aecbe77d49672c"},"headline":"Ekoskolas aktivit\u0101tes mart\u0101","datePublished":"2026-04-02T09:49:16+00:00","dateModified":"2026-04-08T04:46:49+00:00","mainEntityOfPage":{"@id":"https:\/\/izglitiba.valmierasnovads.lv\/kracites\/2026\/04\/02\/ekoskolas-aktivitates-marta\/"},"wordCount":807,"publisher":{"@id":"https:\/\/izglitiba.valmierasnovads.lv\/kracites\/#organization"},"image":{"@id":"https:\/\/izglitiba.valmierasnovads.lv\/kracites\/2026\/04\/02\/ekoskolas-aktivitates-marta\/#primaryimage"},"thumbnailUrl":"https:\/\/izglitiba.valmierasnovads.lv\/kracites\/wp-content\/uploads\/sites\/5\/2026\/04\/image.png","articleSection":["Pas\u0101kumi"],"inLanguage":"lv-LV"},{"@type":"WebPage","@id":"https:\/\/izglitiba.valmierasnovads.lv\/kracites\/2026\/04\/02\/ekoskolas-aktivitates-marta\/","url":"https:\/\/izglitiba.valmierasnovads.lv\/kracites\/2026\/04\/02\/ekoskolas-aktivitates-marta\/","name":"Ekoskolas aktivit\u0101tes mart\u0101 - Valmieras pirmsskolas izgl\u012bt\u012bbas iest\u0101de \u201cKR\u0100C\u012aTES\u201d","isPartOf":{"@id":"https:\/\/izglitiba.valmierasnovads.lv\/kracites\/#website"},"primaryImageOfPage":{"@id":"https:\/\/izglitiba.valmierasnovads.lv\/kracites\/2026\/04\/02\/ekoskolas-aktivitates-marta\/#primaryimage"},"image":{"@id":"https:\/\/izglitiba.valmierasnovads.lv\/kracites\/2026\/04\/02\/ekoskolas-aktivitates-marta\/#primaryimage"},"thumbnailUrl":"https:\/\/izglitiba.valmierasnovads.lv\/kracites\/wp-content\/uploads\/sites\/5\/2026\/04\/image.png","datePublished":"2026-04-02T09:49:16+00:00","dateModified":"2026-04-08T04:46:49+00:00","breadcrumb":{"@id":"https:\/\/izglitiba.valmierasnovads.lv\/kracites\/2026\/04\/02\/ekoskolas-aktivitates-marta\/#breadcrumb"},"inLanguage":"lv-LV","potentialAction":[{"@type":"ReadAction","target":["https:\/\/izglitiba.valmierasnovads.lv\/kracites\/2026\/04\/02\/ekoskolas-aktivitates-marta\/"]}]},{"@type":"ImageObject","inLanguage":"lv-LV","@id":"https:\/\/izglitiba.valmierasnovads.lv\/kracites\/2026\/04\/02\/ekoskolas-aktivitates-marta\/#primaryimage","url":"https:\/\/izglitiba.valmierasnovads.lv\/kracites\/wp-content\/uploads\/sites\/5\/2026\/04\/image.png","contentUrl":"https:\/\/izglitiba.valmierasnovads.lv\/kracites\/wp-content\/uploads\/sites\/5\/2026\/04\/image.png","width":798,"height":669},{"@type":"BreadcrumbList","@id":"https:\/\/izglitiba.valmierasnovads.lv\/kracites\/2026\/04\/02\/ekoskolas-aktivitates-marta\/#breadcrumb","itemListElement":[{"@type":"ListItem","position":1,"name":"Home","item":"https:\/\/izglitiba.valmierasnovads.lv\/kracites\/"},{"@type":"ListItem","position":2,"name":"Ekoskolas aktivit\u0101tes mart\u0101"}]},{"@type":"WebSite","@id":"https:\/\/izglitiba.valmierasnovads.lv\/kracites\/#website","url":"https:\/\/izglitiba.valmierasnovads.lv\/kracites\/","name":"Valmieras pirmsskolas izgl\u012bt\u012bbas iest\u0101de \u201cKR\u0100C\u012aTES\u201d","description":"","publisher":{"@id":"https:\/\/izglitiba.valmierasnovads.lv\/kracites\/#organization"},"potentialAction":[{"@type":"SearchAction","target":{"@type":"EntryPoint","urlTemplate":"https:\/\/izglitiba.valmierasnovads.lv\/kracites\/?s={search_term_string}"},"query-input":{"@type":"PropertyValueSpecification","valueRequired":true,"valueName":"search_term_string"}}],"inLanguage":"lv-LV"},{"@type":"Organization","@id":"https:\/\/izglitiba.valmierasnovads.lv\/kracites\/#organization","name":"Valmieras pirmsskolas izgl\u012bt\u012bbas iest\u0101de \u201cKR\u0100C\u012aTES\u201d","url":"https:\/\/izglitiba.valmierasnovads.lv\/kracites\/","logo":{"@type":"ImageObject","inLanguage":"lv-LV","@id":"https:\/\/izglitiba.valmierasnovads.lv\/kracites\/#\/schema\/logo\/image\/","url":"https:\/\/izglitiba.valmierasnovads.lv\/kracites\/wp-content\/uploads\/sites\/5\/2026\/04\/cropped-Pirmsskolas-izglitibas-iestades-ar-pasu-logo-2-scaled-1-1.png","contentUrl":"https:\/\/izglitiba.valmierasnovads.lv\/kracites\/wp-content\/uploads\/sites\/5\/2026\/04\/cropped-Pirmsskolas-izglitibas-iestades-ar-pasu-logo-2-scaled-1-1.png","width":1389,"height":405,"caption":"Valmieras pirmsskolas izgl\u012bt\u012bbas iest\u0101de \u201cKR\u0100C\u012aTES\u201d"},"image":{"@id":"https:\/\/izglitiba.valmierasnovads.lv\/kracites\/#\/schema\/logo\/image\/"}},{"@type":"Person","@id":"https:\/\/izglitiba.valmierasnovads.lv\/kracites\/#\/schema\/person\/ea08473ae9fb5a23b4aecbe77d49672c","name":"lailaeberharde","image":{"@type":"ImageObject","inLanguage":"lv-LV","@id":"https:\/\/izglitiba.valmierasnovads.lv\/kracites\/#\/schema\/person\/image\/","url":"https:\/\/secure.gravatar.com\/avatar\/b1879baf3bd51ee89cf57ca5d02084b4583724d6640080614d82d948788a13e0?s=96&d=mm&r=g","contentUrl":"https:\/\/secure.gravatar.com\/avatar\/b1879baf3bd51ee89cf57ca5d02084b4583724d6640080614d82d948788a13e0?s=96&d=mm&r=g","caption":"lailaeberharde"},"url":"https:\/\/izglitiba.valmierasnovads.lv\/kracites\/author\/lailaeberharde\/"}]}},"_links":{"self":[{"href":"https:\/\/izglitiba.valmierasnovads.lv\/kracites\/wp-json\/wp\/v2\/posts\/703","targetHints":{"allow":["GET"]}}],"collection":[{"href":"https:\/\/izglitiba.valmierasnovads.lv\/kracites\/wp-json\/wp\/v2\/posts"}],"about":[{"href":"https:\/\/izglitiba.valmierasnovads.lv\/kracites\/wp-json\/wp\/v2\/types\/post"}],"author":[{"embeddable":true,"href":"https:\/\/izglitiba.valmierasnovads.lv\/kracites\/wp-json\/wp\/v2\/users\/49"}],"replies":[{"embeddable":true,"href":"https:\/\/izglitiba.valmierasnovads.lv\/kracites\/wp-json\/wp\/v2\/comments?post=703"}],"version-history":[{"count":8,"href":"https:\/\/izglitiba.valmierasnovads.lv\/kracites\/wp-json\/wp\/v2\/posts\/703\/revisions"}],"predecessor-version":[{"id":719,"href":"https:\/\/izglitiba.valmierasnovads.lv\/kracites\/wp-json\/wp\/v2\/posts\/703\/revisions\/719"}],"wp:featuredmedia":[{"embeddable":true,"href":"https:\/\/izglitiba.valmierasnovads.lv\/kracites\/wp-json\/wp\/v2\/media\/705"}],"wp:attachment":[{"href":"https:\/\/izglitiba.valmierasnovads.lv\/kracites\/wp-json\/wp\/v2\/media?parent=703"}],"wp:term":[{"taxonomy":"category","embeddable":true,"href":"https:\/\/izglitiba.valmierasnovads.lv\/kracites\/wp-json\/wp\/v2\/categories?post=703"},{"taxonomy":"post_tag","embeddable":true,"href":"https:\/\/izglitiba.valmierasnovads.lv\/kracites\/wp-json\/wp\/v2\/tags?post=703"}],"curies":[{"name":"wp","href":"https:\/\/api.w.org\/{rel}","templated":true}]}}