{"id":757,"date":"2026-04-27T15:57:21","date_gmt":"2026-04-27T12:57:21","guid":{"rendered":"https:\/\/izglitiba.valmierasnovads.lv\/kracites\/?p=757"},"modified":"2026-04-27T15:59:04","modified_gmt":"2026-04-27T12:59:04","slug":"radosie-pedagogi-2026","status":"publish","type":"post","link":"https:\/\/izglitiba.valmierasnovads.lv\/kracites\/2026\/04\/27\/radosie-pedagogi-2026\/","title":{"rendered":"\u201cRado\u0161ie pedagogi\u201d 2026"},"content":{"rendered":"\n<p>M\u016bsu pirmsskolas izgl\u012bt\u012bbas iest\u0101des rado\u0161ie LIZDA arodbiedr\u012bbas biedri piedal\u012bj\u0101s ikgad\u0113j\u0101 \u201crado\u0161o pedagogu\u201d pas\u0101kuma: \u201cMaestro 90! Dz\u012bve k\u0101 kino un te\u0101tris. Vec\u0101s plates v\u0113l grie\u017eas\u201d.<\/p>\n\n\n\n<p>M\u016bsu darbinieki ar savu rado\u0161umu, humoru un aizraut\u012bbu kop\u012bgi rad\u012bja priek\u0161nesumu , kas nesa laurus:<\/p>\n\n\n\n<ul class=\"wp-block-list\">\n<li>1. vieta skat\u012bt\u0101ju simp\u0101tija,<\/li>\n\n\n\n<li>3. vieta \u017e\u016brijas balsojum\u0101.<\/li>\n<\/ul>\n\n\n\n<p>Paldies m\u016bsu rado\u0161ai komandai par degsmi, l\u012bdzdal\u012bbu un sadarb\u012bbu &#8211; kop\u0101 m\u0113s varam sasniegt lielas lietas!<\/p>\n\n\n\n<p class=\"has-text-align-right\">Pirmsskolas izgl\u012bt\u012bbas skolot\u0101ja Baiba Pas\u012bte<\/p>\n\n\n\n<figure class=\"wp-block-image size-large\"><img loading=\"lazy\" decoding=\"async\" width=\"1024\" height=\"768\" src=\"https:\/\/izglitiba.valmierasnovads.lv\/kracites\/wp-content\/uploads\/sites\/5\/2026\/04\/ff1b00e3-432f-40a2-ae53-5fce42910f98-1024x768.jpg\" alt=\"\" class=\"wp-image-759\" srcset=\"https:\/\/izglitiba.valmierasnovads.lv\/kracites\/wp-content\/uploads\/sites\/5\/2026\/04\/ff1b00e3-432f-40a2-ae53-5fce42910f98-1024x768.jpg 1024w, https:\/\/izglitiba.valmierasnovads.lv\/kracites\/wp-content\/uploads\/sites\/5\/2026\/04\/ff1b00e3-432f-40a2-ae53-5fce42910f98-300x225.jpg 300w, https:\/\/izglitiba.valmierasnovads.lv\/kracites\/wp-content\/uploads\/sites\/5\/2026\/04\/ff1b00e3-432f-40a2-ae53-5fce42910f98-768x576.jpg 768w, https:\/\/izglitiba.valmierasnovads.lv\/kracites\/wp-content\/uploads\/sites\/5\/2026\/04\/ff1b00e3-432f-40a2-ae53-5fce42910f98-1536x1152.jpg 1536w, https:\/\/izglitiba.valmierasnovads.lv\/kracites\/wp-content\/uploads\/sites\/5\/2026\/04\/ff1b00e3-432f-40a2-ae53-5fce42910f98.jpg 2000w\" sizes=\"auto, (max-width: 1024px) 100vw, 1024px\" \/><\/figure>\n\n\n\n<figure class=\"wp-block-image size-large\"><img loading=\"lazy\" decoding=\"async\" width=\"769\" height=\"1024\" src=\"https:\/\/izglitiba.valmierasnovads.lv\/kracites\/wp-content\/uploads\/sites\/5\/2026\/04\/7424d939-ddde-4943-8937-9a29d0ce79d8-1-769x1024.jpg\" alt=\"\" class=\"wp-image-761\" srcset=\"https:\/\/izglitiba.valmierasnovads.lv\/kracites\/wp-content\/uploads\/sites\/5\/2026\/04\/7424d939-ddde-4943-8937-9a29d0ce79d8-1-769x1024.jpg 769w, https:\/\/izglitiba.valmierasnovads.lv\/kracites\/wp-content\/uploads\/sites\/5\/2026\/04\/7424d939-ddde-4943-8937-9a29d0ce79d8-1-225x300.jpg 225w, https:\/\/izglitiba.valmierasnovads.lv\/kracites\/wp-content\/uploads\/sites\/5\/2026\/04\/7424d939-ddde-4943-8937-9a29d0ce79d8-1-768x1022.jpg 768w, https:\/\/izglitiba.valmierasnovads.lv\/kracites\/wp-content\/uploads\/sites\/5\/2026\/04\/7424d939-ddde-4943-8937-9a29d0ce79d8-1.jpg 1154w\" sizes=\"auto, (max-width: 769px) 100vw, 769px\" \/><\/figure>\n\n\n\n<figure class=\"wp-block-image size-large\"><img loading=\"lazy\" decoding=\"async\" width=\"768\" height=\"1024\" src=\"https:\/\/izglitiba.valmierasnovads.lv\/kracites\/wp-content\/uploads\/sites\/5\/2026\/04\/b8b957e4-7d6a-43d1-86bc-e0148833d166-768x1024.jpg\" alt=\"\" class=\"wp-image-762\" srcset=\"https:\/\/izglitiba.valmierasnovads.lv\/kracites\/wp-content\/uploads\/sites\/5\/2026\/04\/b8b957e4-7d6a-43d1-86bc-e0148833d166-768x1024.jpg 768w, https:\/\/izglitiba.valmierasnovads.lv\/kracites\/wp-content\/uploads\/sites\/5\/2026\/04\/b8b957e4-7d6a-43d1-86bc-e0148833d166-225x300.jpg 225w, https:\/\/izglitiba.valmierasnovads.lv\/kracites\/wp-content\/uploads\/sites\/5\/2026\/04\/b8b957e4-7d6a-43d1-86bc-e0148833d166-1152x1536.jpg 1152w, https:\/\/izglitiba.valmierasnovads.lv\/kracites\/wp-content\/uploads\/sites\/5\/2026\/04\/b8b957e4-7d6a-43d1-86bc-e0148833d166.jpg 1536w\" sizes=\"auto, (max-width: 768px) 100vw, 768px\" \/><\/figure>\n\n\n\n<figure class=\"wp-block-image size-large\"><img loading=\"lazy\" decoding=\"async\" width=\"768\" height=\"1024\" src=\"https:\/\/izglitiba.valmierasnovads.lv\/kracites\/wp-content\/uploads\/sites\/5\/2026\/04\/67b71e11-df1d-47a3-95e7-ee1fe138bae8-768x1024.jpg\" alt=\"\" class=\"wp-image-763\" srcset=\"https:\/\/izglitiba.valmierasnovads.lv\/kracites\/wp-content\/uploads\/sites\/5\/2026\/04\/67b71e11-df1d-47a3-95e7-ee1fe138bae8-768x1024.jpg 768w, https:\/\/izglitiba.valmierasnovads.lv\/kracites\/wp-content\/uploads\/sites\/5\/2026\/04\/67b71e11-df1d-47a3-95e7-ee1fe138bae8-225x300.jpg 225w, https:\/\/izglitiba.valmierasnovads.lv\/kracites\/wp-content\/uploads\/sites\/5\/2026\/04\/67b71e11-df1d-47a3-95e7-ee1fe138bae8-1152x1536.jpg 1152w, https:\/\/izglitiba.valmierasnovads.lv\/kracites\/wp-content\/uploads\/sites\/5\/2026\/04\/67b71e11-df1d-47a3-95e7-ee1fe138bae8.jpg 1536w\" sizes=\"auto, (max-width: 768px) 100vw, 768px\" \/><\/figure>\n","protected":false},"excerpt":{"rendered":"<p>M\u016bsu pirmsskolas izgl\u012bt\u012bbas iest\u0101des rado\u0161ie LIZDA arodbiedr\u012bbas biedri piedal\u012bj\u0101s ikgad\u0113j\u0101 \u201crado\u0161o pedagogu\u201d pas\u0101kuma: \u201cMaestro 90! Dz\u012bve k\u0101 kino un te\u0101tris. [&hellip;]<\/p>\n","protected":false},"author":49,"featured_media":758,"comment_status":"closed","ping_status":"closed","sticky":false,"template":"","format":"standard","meta":{"_acf_changed":false,"site-sidebar-layout":"default","site-content-layout":"","ast-site-content-layout":"default","site-content-style":"default","site-sidebar-style":"default","ast-global-header-display":"","ast-banner-title-visibility":"","ast-main-header-display":"","ast-hfb-above-header-display":"","ast-hfb-below-header-display":"","ast-hfb-mobile-header-display":"","site-post-title":"","ast-breadcrumbs-content":"","ast-featured-img":"","footer-sml-layout":"","ast-disable-related-posts":"","theme-transparent-header-meta":"","adv-header-id-meta":"","stick-header-meta":"","header-above-stick-meta":"","header-main-stick-meta":"","header-below-stick-meta":"","astra-migrate-meta-layouts":"default","ast-page-background-enabled":"default","ast-page-background-meta":{"desktop":{"background-color":"var(--ast-global-color-5)","background-image":"","background-repeat":"repeat","background-position":"center center","background-size":"auto","background-attachment":"scroll","background-type":"","background-media":"","overlay-type":"","overlay-color":"","overlay-opacity":"","overlay-gradient":""},"tablet":{"background-color":"","background-image":"","background-repeat":"repeat","background-position":"center center","background-size":"auto","background-attachment":"scroll","background-type":"","background-media":"","overlay-type":"","overlay-color":"","overlay-opacity":"","overlay-gradient":""},"mobile":{"background-color":"","background-image":"","background-repeat":"repeat","background-position":"center center","background-size":"auto","background-attachment":"scroll","background-type":"","background-media":"","overlay-type":"","overlay-color":"","overlay-opacity":"","overlay-gradient":""}},"ast-content-background-meta":{"desktop":{"background-color":"var(--ast-global-color-4)","background-image":"","background-repeat":"repeat","background-position":"center center","background-size":"auto","background-attachment":"scroll","background-type":"","background-media":"","overlay-type":"","overlay-color":"","overlay-opacity":"","overlay-gradient":""},"tablet":{"background-color":"var(--ast-global-color-4)","background-image":"","background-repeat":"repeat","background-position":"center center","background-size":"auto","background-attachment":"scroll","background-type":"","background-media":"","overlay-type":"","overlay-color":"","overlay-opacity":"","overlay-gradient":""},"mobile":{"background-color":"var(--ast-global-color-4)","background-image":"","background-repeat":"repeat","background-position":"center center","background-size":"auto","background-attachment":"scroll","background-type":"","background-media":"","overlay-type":"","overlay-color":"","overlay-opacity":"","overlay-gradient":""}},"footnotes":""},"categories":[5],"tags":[],"class_list":["post-757","post","type-post","status-publish","format-standard","has-post-thumbnail","hentry","category-pasakumi"],"acf":[],"yoast_head":"<!-- This site is optimized with the Yoast SEO plugin v27.0 - https:\/\/yoast.com\/product\/yoast-seo-wordpress\/ -->\n<title>\u201cRado\u0161ie pedagogi\u201d 2026 - Valmieras pirmsskolas izgl\u012bt\u012bbas iest\u0101de \u201cKR\u0100C\u012aTES\u201d<\/title>\n<meta name=\"robots\" content=\"index, follow, max-snippet:-1, max-image-preview:large, max-video-preview:-1\" \/>\n<link rel=\"canonical\" href=\"https:\/\/izglitiba.valmierasnovads.lv\/kracites\/2026\/04\/27\/radosie-pedagogi-2026\/\" \/>\n<meta property=\"og:locale\" content=\"lv_LV\" \/>\n<meta property=\"og:type\" content=\"article\" \/>\n<meta property=\"og:title\" content=\"\u201cRado\u0161ie pedagogi\u201d 2026 - Valmieras pirmsskolas izgl\u012bt\u012bbas iest\u0101de \u201cKR\u0100C\u012aTES\u201d\" \/>\n<meta property=\"og:description\" content=\"M\u016bsu pirmsskolas izgl\u012bt\u012bbas iest\u0101des rado\u0161ie LIZDA arodbiedr\u012bbas biedri piedal\u012bj\u0101s ikgad\u0113j\u0101 \u201crado\u0161o pedagogu\u201d pas\u0101kuma: \u201cMaestro 90! Dz\u012bve k\u0101 kino un te\u0101tris. [&hellip;]\" \/>\n<meta property=\"og:url\" content=\"https:\/\/izglitiba.valmierasnovads.lv\/kracites\/2026\/04\/27\/radosie-pedagogi-2026\/\" \/>\n<meta property=\"og:site_name\" content=\"Valmieras pirmsskolas izgl\u012bt\u012bbas iest\u0101de \u201cKR\u0100C\u012aTES\u201d\" \/>\n<meta property=\"article:published_time\" content=\"2026-04-27T12:57:21+00:00\" \/>\n<meta property=\"article:modified_time\" content=\"2026-04-27T12:59:04+00:00\" \/>\n<meta property=\"og:image\" content=\"https:\/\/izglitiba.valmierasnovads.lv\/kracites\/wp-content\/uploads\/sites\/5\/2026\/04\/94de41f6-b389-4192-893f-6604a22d03cf.jpg\" \/>\n\t<meta property=\"og:image:width\" content=\"1536\" \/>\n\t<meta property=\"og:image:height\" content=\"2048\" \/>\n\t<meta property=\"og:image:type\" content=\"image\/jpeg\" \/>\n<meta name=\"author\" content=\"lailaeberharde\" \/>\n<meta name=\"twitter:card\" content=\"summary_large_image\" \/>\n<meta name=\"twitter:label1\" content=\"Written by\" \/>\n\t<meta name=\"twitter:data1\" content=\"lailaeberharde\" \/>\n\t<meta name=\"twitter:label2\" content=\"Est. reading time\" \/>\n\t<meta name=\"twitter:data2\" content=\"2 min\u016btes\" \/>\n<script type=\"application\/ld+json\" class=\"yoast-schema-graph\">{\"@context\":\"https:\/\/schema.org\",\"@graph\":[{\"@type\":\"Article\",\"@id\":\"https:\/\/izglitiba.valmierasnovads.lv\/kracites\/2026\/04\/27\/radosie-pedagogi-2026\/#article\",\"isPartOf\":{\"@id\":\"https:\/\/izglitiba.valmierasnovads.lv\/kracites\/2026\/04\/27\/radosie-pedagogi-2026\/\"},\"author\":{\"name\":\"lailaeberharde\",\"@id\":\"https:\/\/izglitiba.valmierasnovads.lv\/kracites\/#\/schema\/person\/ea08473ae9fb5a23b4aecbe77d49672c\"},\"headline\":\"\u201cRado\u0161ie pedagogi\u201d 2026\",\"datePublished\":\"2026-04-27T12:57:21+00:00\",\"dateModified\":\"2026-04-27T12:59:04+00:00\",\"mainEntityOfPage\":{\"@id\":\"https:\/\/izglitiba.valmierasnovads.lv\/kracites\/2026\/04\/27\/radosie-pedagogi-2026\/\"},\"wordCount\":102,\"publisher\":{\"@id\":\"https:\/\/izglitiba.valmierasnovads.lv\/kracites\/#organization\"},\"image\":{\"@id\":\"https:\/\/izglitiba.valmierasnovads.lv\/kracites\/2026\/04\/27\/radosie-pedagogi-2026\/#primaryimage\"},\"thumbnailUrl\":\"https:\/\/izglitiba.valmierasnovads.lv\/kracites\/wp-content\/uploads\/sites\/5\/2026\/04\/94de41f6-b389-4192-893f-6604a22d03cf.jpg\",\"articleSection\":[\"Pas\u0101kumi\"],\"inLanguage\":\"lv-LV\"},{\"@type\":\"WebPage\",\"@id\":\"https:\/\/izglitiba.valmierasnovads.lv\/kracites\/2026\/04\/27\/radosie-pedagogi-2026\/\",\"url\":\"https:\/\/izglitiba.valmierasnovads.lv\/kracites\/2026\/04\/27\/radosie-pedagogi-2026\/\",\"name\":\"\u201cRado\u0161ie pedagogi\u201d 2026 - Valmieras pirmsskolas izgl\u012bt\u012bbas iest\u0101de \u201cKR\u0100C\u012aTES\u201d\",\"isPartOf\":{\"@id\":\"https:\/\/izglitiba.valmierasnovads.lv\/kracites\/#website\"},\"primaryImageOfPage\":{\"@id\":\"https:\/\/izglitiba.valmierasnovads.lv\/kracites\/2026\/04\/27\/radosie-pedagogi-2026\/#primaryimage\"},\"image\":{\"@id\":\"https:\/\/izglitiba.valmierasnovads.lv\/kracites\/2026\/04\/27\/radosie-pedagogi-2026\/#primaryimage\"},\"thumbnailUrl\":\"https:\/\/izglitiba.valmierasnovads.lv\/kracites\/wp-content\/uploads\/sites\/5\/2026\/04\/94de41f6-b389-4192-893f-6604a22d03cf.jpg\",\"datePublished\":\"2026-04-27T12:57:21+00:00\",\"dateModified\":\"2026-04-27T12:59:04+00:00\",\"breadcrumb\":{\"@id\":\"https:\/\/izglitiba.valmierasnovads.lv\/kracites\/2026\/04\/27\/radosie-pedagogi-2026\/#breadcrumb\"},\"inLanguage\":\"lv-LV\",\"potentialAction\":[{\"@type\":\"ReadAction\",\"target\":[\"https:\/\/izglitiba.valmierasnovads.lv\/kracites\/2026\/04\/27\/radosie-pedagogi-2026\/\"]}]},{\"@type\":\"ImageObject\",\"inLanguage\":\"lv-LV\",\"@id\":\"https:\/\/izglitiba.valmierasnovads.lv\/kracites\/2026\/04\/27\/radosie-pedagogi-2026\/#primaryimage\",\"url\":\"https:\/\/izglitiba.valmierasnovads.lv\/kracites\/wp-content\/uploads\/sites\/5\/2026\/04\/94de41f6-b389-4192-893f-6604a22d03cf.jpg\",\"contentUrl\":\"https:\/\/izglitiba.valmierasnovads.lv\/kracites\/wp-content\/uploads\/sites\/5\/2026\/04\/94de41f6-b389-4192-893f-6604a22d03cf.jpg\",\"width\":1536,\"height\":2048},{\"@type\":\"BreadcrumbList\",\"@id\":\"https:\/\/izglitiba.valmierasnovads.lv\/kracites\/2026\/04\/27\/radosie-pedagogi-2026\/#breadcrumb\",\"itemListElement\":[{\"@type\":\"ListItem\",\"position\":1,\"name\":\"Home\",\"item\":\"https:\/\/izglitiba.valmierasnovads.lv\/kracites\/\"},{\"@type\":\"ListItem\",\"position\":2,\"name\":\"\u201cRado\u0161ie pedagogi\u201d 2026\"}]},{\"@type\":\"WebSite\",\"@id\":\"https:\/\/izglitiba.valmierasnovads.lv\/kracites\/#website\",\"url\":\"https:\/\/izglitiba.valmierasnovads.lv\/kracites\/\",\"name\":\"Valmieras pirmsskolas izgl\u012bt\u012bbas iest\u0101de \u201cKR\u0100C\u012aTES\u201d\",\"description\":\"\",\"publisher\":{\"@id\":\"https:\/\/izglitiba.valmierasnovads.lv\/kracites\/#organization\"},\"potentialAction\":[{\"@type\":\"SearchAction\",\"target\":{\"@type\":\"EntryPoint\",\"urlTemplate\":\"https:\/\/izglitiba.valmierasnovads.lv\/kracites\/?s={search_term_string}\"},\"query-input\":{\"@type\":\"PropertyValueSpecification\",\"valueRequired\":true,\"valueName\":\"search_term_string\"}}],\"inLanguage\":\"lv-LV\"},{\"@type\":\"Organization\",\"@id\":\"https:\/\/izglitiba.valmierasnovads.lv\/kracites\/#organization\",\"name\":\"Valmieras pirmsskolas izgl\u012bt\u012bbas iest\u0101de \u201cKR\u0100C\u012aTES\u201d\",\"url\":\"https:\/\/izglitiba.valmierasnovads.lv\/kracites\/\",\"logo\":{\"@type\":\"ImageObject\",\"inLanguage\":\"lv-LV\",\"@id\":\"https:\/\/izglitiba.valmierasnovads.lv\/kracites\/#\/schema\/logo\/image\/\",\"url\":\"https:\/\/izglitiba.valmierasnovads.lv\/kracites\/wp-content\/uploads\/sites\/5\/2026\/04\/cropped-Pirmsskolas-izglitibas-iestades-ar-pasu-logo-2-scaled-1-1.png\",\"contentUrl\":\"https:\/\/izglitiba.valmierasnovads.lv\/kracites\/wp-content\/uploads\/sites\/5\/2026\/04\/cropped-Pirmsskolas-izglitibas-iestades-ar-pasu-logo-2-scaled-1-1.png\",\"width\":1389,\"height\":405,\"caption\":\"Valmieras pirmsskolas izgl\u012bt\u012bbas iest\u0101de \u201cKR\u0100C\u012aTES\u201d\"},\"image\":{\"@id\":\"https:\/\/izglitiba.valmierasnovads.lv\/kracites\/#\/schema\/logo\/image\/\"}},{\"@type\":\"Person\",\"@id\":\"https:\/\/izglitiba.valmierasnovads.lv\/kracites\/#\/schema\/person\/ea08473ae9fb5a23b4aecbe77d49672c\",\"name\":\"lailaeberharde\",\"image\":{\"@type\":\"ImageObject\",\"inLanguage\":\"lv-LV\",\"@id\":\"https:\/\/izglitiba.valmierasnovads.lv\/kracites\/#\/schema\/person\/image\/\",\"url\":\"https:\/\/secure.gravatar.com\/avatar\/b1879baf3bd51ee89cf57ca5d02084b4583724d6640080614d82d948788a13e0?s=96&d=mm&r=g\",\"contentUrl\":\"https:\/\/secure.gravatar.com\/avatar\/b1879baf3bd51ee89cf57ca5d02084b4583724d6640080614d82d948788a13e0?s=96&d=mm&r=g\",\"caption\":\"lailaeberharde\"},\"url\":\"https:\/\/izglitiba.valmierasnovads.lv\/kracites\/author\/lailaeberharde\/\"}]}<\/script>\n<!-- \/ Yoast SEO plugin. -->","yoast_head_json":{"title":"\u201cRado\u0161ie pedagogi\u201d 2026 - Valmieras pirmsskolas izgl\u012bt\u012bbas iest\u0101de \u201cKR\u0100C\u012aTES\u201d","robots":{"index":"index","follow":"follow","max-snippet":"max-snippet:-1","max-image-preview":"max-image-preview:large","max-video-preview":"max-video-preview:-1"},"canonical":"https:\/\/izglitiba.valmierasnovads.lv\/kracites\/2026\/04\/27\/radosie-pedagogi-2026\/","og_locale":"lv_LV","og_type":"article","og_title":"\u201cRado\u0161ie pedagogi\u201d 2026 - Valmieras pirmsskolas izgl\u012bt\u012bbas iest\u0101de \u201cKR\u0100C\u012aTES\u201d","og_description":"M\u016bsu pirmsskolas izgl\u012bt\u012bbas iest\u0101des rado\u0161ie LIZDA arodbiedr\u012bbas biedri piedal\u012bj\u0101s ikgad\u0113j\u0101 \u201crado\u0161o pedagogu\u201d pas\u0101kuma: \u201cMaestro 90! Dz\u012bve k\u0101 kino un te\u0101tris. [&hellip;]","og_url":"https:\/\/izglitiba.valmierasnovads.lv\/kracites\/2026\/04\/27\/radosie-pedagogi-2026\/","og_site_name":"Valmieras pirmsskolas izgl\u012bt\u012bbas iest\u0101de \u201cKR\u0100C\u012aTES\u201d","article_published_time":"2026-04-27T12:57:21+00:00","article_modified_time":"2026-04-27T12:59:04+00:00","og_image":[{"width":1536,"height":2048,"url":"https:\/\/izglitiba.valmierasnovads.lv\/kracites\/wp-content\/uploads\/sites\/5\/2026\/04\/94de41f6-b389-4192-893f-6604a22d03cf.jpg","type":"image\/jpeg"}],"author":"lailaeberharde","twitter_card":"summary_large_image","twitter_misc":{"Written by":"lailaeberharde","Est. reading time":"2 min\u016btes"},"schema":{"@context":"https:\/\/schema.org","@graph":[{"@type":"Article","@id":"https:\/\/izglitiba.valmierasnovads.lv\/kracites\/2026\/04\/27\/radosie-pedagogi-2026\/#article","isPartOf":{"@id":"https:\/\/izglitiba.valmierasnovads.lv\/kracites\/2026\/04\/27\/radosie-pedagogi-2026\/"},"author":{"name":"lailaeberharde","@id":"https:\/\/izglitiba.valmierasnovads.lv\/kracites\/#\/schema\/person\/ea08473ae9fb5a23b4aecbe77d49672c"},"headline":"\u201cRado\u0161ie pedagogi\u201d 2026","datePublished":"2026-04-27T12:57:21+00:00","dateModified":"2026-04-27T12:59:04+00:00","mainEntityOfPage":{"@id":"https:\/\/izglitiba.valmierasnovads.lv\/kracites\/2026\/04\/27\/radosie-pedagogi-2026\/"},"wordCount":102,"publisher":{"@id":"https:\/\/izglitiba.valmierasnovads.lv\/kracites\/#organization"},"image":{"@id":"https:\/\/izglitiba.valmierasnovads.lv\/kracites\/2026\/04\/27\/radosie-pedagogi-2026\/#primaryimage"},"thumbnailUrl":"https:\/\/izglitiba.valmierasnovads.lv\/kracites\/wp-content\/uploads\/sites\/5\/2026\/04\/94de41f6-b389-4192-893f-6604a22d03cf.jpg","articleSection":["Pas\u0101kumi"],"inLanguage":"lv-LV"},{"@type":"WebPage","@id":"https:\/\/izglitiba.valmierasnovads.lv\/kracites\/2026\/04\/27\/radosie-pedagogi-2026\/","url":"https:\/\/izglitiba.valmierasnovads.lv\/kracites\/2026\/04\/27\/radosie-pedagogi-2026\/","name":"\u201cRado\u0161ie pedagogi\u201d 2026 - Valmieras pirmsskolas izgl\u012bt\u012bbas iest\u0101de \u201cKR\u0100C\u012aTES\u201d","isPartOf":{"@id":"https:\/\/izglitiba.valmierasnovads.lv\/kracites\/#website"},"primaryImageOfPage":{"@id":"https:\/\/izglitiba.valmierasnovads.lv\/kracites\/2026\/04\/27\/radosie-pedagogi-2026\/#primaryimage"},"image":{"@id":"https:\/\/izglitiba.valmierasnovads.lv\/kracites\/2026\/04\/27\/radosie-pedagogi-2026\/#primaryimage"},"thumbnailUrl":"https:\/\/izglitiba.valmierasnovads.lv\/kracites\/wp-content\/uploads\/sites\/5\/2026\/04\/94de41f6-b389-4192-893f-6604a22d03cf.jpg","datePublished":"2026-04-27T12:57:21+00:00","dateModified":"2026-04-27T12:59:04+00:00","breadcrumb":{"@id":"https:\/\/izglitiba.valmierasnovads.lv\/kracites\/2026\/04\/27\/radosie-pedagogi-2026\/#breadcrumb"},"inLanguage":"lv-LV","potentialAction":[{"@type":"ReadAction","target":["https:\/\/izglitiba.valmierasnovads.lv\/kracites\/2026\/04\/27\/radosie-pedagogi-2026\/"]}]},{"@type":"ImageObject","inLanguage":"lv-LV","@id":"https:\/\/izglitiba.valmierasnovads.lv\/kracites\/2026\/04\/27\/radosie-pedagogi-2026\/#primaryimage","url":"https:\/\/izglitiba.valmierasnovads.lv\/kracites\/wp-content\/uploads\/sites\/5\/2026\/04\/94de41f6-b389-4192-893f-6604a22d03cf.jpg","contentUrl":"https:\/\/izglitiba.valmierasnovads.lv\/kracites\/wp-content\/uploads\/sites\/5\/2026\/04\/94de41f6-b389-4192-893f-6604a22d03cf.jpg","width":1536,"height":2048},{"@type":"BreadcrumbList","@id":"https:\/\/izglitiba.valmierasnovads.lv\/kracites\/2026\/04\/27\/radosie-pedagogi-2026\/#breadcrumb","itemListElement":[{"@type":"ListItem","position":1,"name":"Home","item":"https:\/\/izglitiba.valmierasnovads.lv\/kracites\/"},{"@type":"ListItem","position":2,"name":"\u201cRado\u0161ie pedagogi\u201d 2026"}]},{"@type":"WebSite","@id":"https:\/\/izglitiba.valmierasnovads.lv\/kracites\/#website","url":"https:\/\/izglitiba.valmierasnovads.lv\/kracites\/","name":"Valmieras pirmsskolas izgl\u012bt\u012bbas iest\u0101de \u201cKR\u0100C\u012aTES\u201d","description":"","publisher":{"@id":"https:\/\/izglitiba.valmierasnovads.lv\/kracites\/#organization"},"potentialAction":[{"@type":"SearchAction","target":{"@type":"EntryPoint","urlTemplate":"https:\/\/izglitiba.valmierasnovads.lv\/kracites\/?s={search_term_string}"},"query-input":{"@type":"PropertyValueSpecification","valueRequired":true,"valueName":"search_term_string"}}],"inLanguage":"lv-LV"},{"@type":"Organization","@id":"https:\/\/izglitiba.valmierasnovads.lv\/kracites\/#organization","name":"Valmieras pirmsskolas izgl\u012bt\u012bbas iest\u0101de \u201cKR\u0100C\u012aTES\u201d","url":"https:\/\/izglitiba.valmierasnovads.lv\/kracites\/","logo":{"@type":"ImageObject","inLanguage":"lv-LV","@id":"https:\/\/izglitiba.valmierasnovads.lv\/kracites\/#\/schema\/logo\/image\/","url":"https:\/\/izglitiba.valmierasnovads.lv\/kracites\/wp-content\/uploads\/sites\/5\/2026\/04\/cropped-Pirmsskolas-izglitibas-iestades-ar-pasu-logo-2-scaled-1-1.png","contentUrl":"https:\/\/izglitiba.valmierasnovads.lv\/kracites\/wp-content\/uploads\/sites\/5\/2026\/04\/cropped-Pirmsskolas-izglitibas-iestades-ar-pasu-logo-2-scaled-1-1.png","width":1389,"height":405,"caption":"Valmieras pirmsskolas izgl\u012bt\u012bbas iest\u0101de \u201cKR\u0100C\u012aTES\u201d"},"image":{"@id":"https:\/\/izglitiba.valmierasnovads.lv\/kracites\/#\/schema\/logo\/image\/"}},{"@type":"Person","@id":"https:\/\/izglitiba.valmierasnovads.lv\/kracites\/#\/schema\/person\/ea08473ae9fb5a23b4aecbe77d49672c","name":"lailaeberharde","image":{"@type":"ImageObject","inLanguage":"lv-LV","@id":"https:\/\/izglitiba.valmierasnovads.lv\/kracites\/#\/schema\/person\/image\/","url":"https:\/\/secure.gravatar.com\/avatar\/b1879baf3bd51ee89cf57ca5d02084b4583724d6640080614d82d948788a13e0?s=96&d=mm&r=g","contentUrl":"https:\/\/secure.gravatar.com\/avatar\/b1879baf3bd51ee89cf57ca5d02084b4583724d6640080614d82d948788a13e0?s=96&d=mm&r=g","caption":"lailaeberharde"},"url":"https:\/\/izglitiba.valmierasnovads.lv\/kracites\/author\/lailaeberharde\/"}]}},"_links":{"self":[{"href":"https:\/\/izglitiba.valmierasnovads.lv\/kracites\/wp-json\/wp\/v2\/posts\/757","targetHints":{"allow":["GET"]}}],"collection":[{"href":"https:\/\/izglitiba.valmierasnovads.lv\/kracites\/wp-json\/wp\/v2\/posts"}],"about":[{"href":"https:\/\/izglitiba.valmierasnovads.lv\/kracites\/wp-json\/wp\/v2\/types\/post"}],"author":[{"embeddable":true,"href":"https:\/\/izglitiba.valmierasnovads.lv\/kracites\/wp-json\/wp\/v2\/users\/49"}],"replies":[{"embeddable":true,"href":"https:\/\/izglitiba.valmierasnovads.lv\/kracites\/wp-json\/wp\/v2\/comments?post=757"}],"version-history":[{"count":1,"href":"https:\/\/izglitiba.valmierasnovads.lv\/kracites\/wp-json\/wp\/v2\/posts\/757\/revisions"}],"predecessor-version":[{"id":764,"href":"https:\/\/izglitiba.valmierasnovads.lv\/kracites\/wp-json\/wp\/v2\/posts\/757\/revisions\/764"}],"wp:featuredmedia":[{"embeddable":true,"href":"https:\/\/izglitiba.valmierasnovads.lv\/kracites\/wp-json\/wp\/v2\/media\/758"}],"wp:attachment":[{"href":"https:\/\/izglitiba.valmierasnovads.lv\/kracites\/wp-json\/wp\/v2\/media?parent=757"}],"wp:term":[{"taxonomy":"category","embeddable":true,"href":"https:\/\/izglitiba.valmierasnovads.lv\/kracites\/wp-json\/wp\/v2\/categories?post=757"},{"taxonomy":"post_tag","embeddable":true,"href":"https:\/\/izglitiba.valmierasnovads.lv\/kracites\/wp-json\/wp\/v2\/tags?post=757"}],"curies":[{"name":"wp","href":"https:\/\/api.w.org\/{rel}","templated":true}]}}