{"id":1264,"date":"2026-02-17T10:33:02","date_gmt":"2026-02-17T08:33:02","guid":{"rendered":"https:\/\/izglitiba.valmierasnovads.lv\/mazsalacaspiidarzins\/?p=1264"},"modified":"2026-02-17T10:41:41","modified_gmt":"2026-02-17T08:41:41","slug":"berna-pieteiksana-1-klasei","status":"publish","type":"post","link":"https:\/\/izglitiba.valmierasnovads.lv\/mazsalacaspiidarzins\/2026\/02\/17\/berna-pieteiksana-1-klasei\/","title":{"rendered":"B\u0113rna pieteik\u0161ana 1.klasei"},"content":{"rendered":"\n<p>No&nbsp;<strong>2026. gada 2. marta plkst. 8.00 l\u012bdz 31. marta plkst. 17.00<\/strong>&nbsp;norisin\u0101sies b\u0113rnu re\u0123istr\u0101cija m\u0101c\u012bb\u0101m Valmieras novada pa\u0161vald\u012bbas dibin\u0101to izgl\u012bt\u012bbas iest\u0101\u017eu 1. klas\u0113s 2026.\/2027. m\u0101c\u012bbu gadam. T\u0101 k\u0101 1. marts \u0161ogad iekr\u012bt sv\u0113tdien\u0101, pieteikumu pie\u0146em\u0161ana tiek uzs\u0101kta n\u0101kamaj\u0101 darbdien\u0101.<\/p>\n\n\n\n<p><\/p>\n\n\n\n<p><em>Vair\u0101k lasi Valmieras novada m\u0101jaslap\u0101:<\/em><\/p>\n\n\n\n<p><a href=\"https:\/\/www.valmierasnovads.lv\/registracija-macibam-valmieras-novada-1-klases-saksies-2-marta-plkst-8-00\/\" target=\"_blank\" rel=\"noreferrer noopener\"><mark class=\"has-inline-color has-ast-global-color-1-color\">https:\/\/www.valmierasnovads.lv\/registracija-macibam-valmieras-novada-1-klases-saksies-2-marta-plkst-8-00\/<\/mark><\/a><\/p>\n\n\n<style>.wp-block-kadence-spacer.kt-block-spacer-1264_c4d6a8-86 .kt-block-spacer{height:46px;}.wp-block-kadence-spacer.kt-block-spacer-1264_c4d6a8-86 .kt-divider{border-top-width:1px;height:1px;border-top-color:#eee;width:80%;border-top-style:solid;}<\/style>\n<div class=\"wp-block-kadence-spacer alignwide kt-block-spacer-1264_c4d6a8-86\"><div class=\"kt-block-spacer kt-block-spacer-halign-center\"><hr class=\"kt-divider\" \/><\/div><\/div>\n\n\n\n<h2 class=\"wp-block-heading\">Atv\u0113rto durvju dienas topo\u0161ajiem pirmklasniekiem un vi\u0146u vec\u0101kiem<\/h2>\n\n\n\n<p>Gatavojoties 2026.\/2027. m\u0101c\u012bbu gadam, Valmieras novada pa\u0161vald\u012bbas dibin\u0101t\u0101s izgl\u012bt\u012bbas iest\u0101des organiz\u0113s Atv\u0113rto durvju dienas, lai iepaz\u012bstin\u0101tu topo\u0161os pirmklasniekus un vi\u0146u vec\u0101kus ar skolas pied\u0101v\u0101taj\u0101m iesp\u0113j\u0101m.<\/p>\n\n\n\n<p><em>Vair\u0101k lasi Valmieras novada m\u0101jaslap\u0101: <\/em><\/p>\n\n\n\n<p><a href=\"https:\/\/www.valmierasnovads.lv\/atverto-durvju-dienas-toposajiem-pirmklasniekiem-un-vinu-vecakiem-3\/\" target=\"_blank\" rel=\"noreferrer noopener\"><mark class=\"has-inline-color has-ast-global-color-0-color\">https:\/\/www.valmierasnovads.lv\/atverto-durvju-dienas-toposajiem-pirmklasniekiem-un-vinu-vecakiem-3\/<\/mark><\/a><\/p>\n","protected":false},"excerpt":{"rendered":"<p>No&nbsp;2026. gada 2. marta plkst. 8.00 l\u012bdz 31. marta plkst. 17.00&nbsp;norisin\u0101sies b\u0113rnu re\u0123istr\u0101cija m\u0101c\u012bb\u0101m Valmieras novada pa\u0161vald\u012bbas dibin\u0101to izgl\u012bt\u012bbas iest\u0101\u017eu [&hellip;]<\/p>\n","protected":false},"author":14,"featured_media":1265,"comment_status":"closed","ping_status":"closed","sticky":false,"template":"","format":"standard","meta":{"_acf_changed":false,"site-sidebar-layout":"default","site-content-layout":"","ast-site-content-layout":"default","site-content-style":"default","site-sidebar-style":"default","ast-global-header-display":"","ast-banner-title-visibility":"","ast-main-header-display":"","ast-hfb-above-header-display":"","ast-hfb-below-header-display":"","ast-hfb-mobile-header-display":"","site-post-title":"","ast-breadcrumbs-content":"","ast-featured-img":"","footer-sml-layout":"","ast-disable-related-posts":"","theme-transparent-header-meta":"","adv-header-id-meta":"","stick-header-meta":"","header-above-stick-meta":"","header-main-stick-meta":"","header-below-stick-meta":"","astra-migrate-meta-layouts":"default","ast-page-background-enabled":"default","ast-page-background-meta":{"desktop":{"background-color":"var(--ast-global-color-5)","background-image":"","background-repeat":"repeat","background-position":"center center","background-size":"auto","background-attachment":"scroll","background-type":"","background-media":"","overlay-type":"","overlay-color":"","overlay-opacity":"","overlay-gradient":""},"tablet":{"background-color":"","background-image":"","background-repeat":"repeat","background-position":"center center","background-size":"auto","background-attachment":"scroll","background-type":"","background-media":"","overlay-type":"","overlay-color":"","overlay-opacity":"","overlay-gradient":""},"mobile":{"background-color":"","background-image":"","background-repeat":"repeat","background-position":"center center","background-size":"auto","background-attachment":"scroll","background-type":"","background-media":"","overlay-type":"","overlay-color":"","overlay-opacity":"","overlay-gradient":""}},"ast-content-background-meta":{"desktop":{"background-color":"var(--ast-global-color-4)","background-image":"","background-repeat":"repeat","background-position":"center center","background-size":"auto","background-attachment":"scroll","background-type":"","background-media":"","overlay-type":"","overlay-color":"","overlay-opacity":"","overlay-gradient":""},"tablet":{"background-color":"var(--ast-global-color-4)","background-image":"","background-repeat":"repeat","background-position":"center center","background-size":"auto","background-attachment":"scroll","background-type":"","background-media":"","overlay-type":"","overlay-color":"","overlay-opacity":"","overlay-gradient":""},"mobile":{"background-color":"var(--ast-global-color-4)","background-image":"","background-repeat":"repeat","background-position":"center center","background-size":"auto","background-attachment":"scroll","background-type":"","background-media":"","overlay-type":"","overlay-color":"","overlay-opacity":"","overlay-gradient":""}},"footnotes":""},"categories":[1],"tags":[],"class_list":["post-1264","post","type-post","status-publish","format-standard","has-post-thumbnail","hentry","category-nekategorizets"],"acf":[],"yoast_head":"<!-- This site is optimized with the Yoast SEO plugin v27.0 - https:\/\/yoast.com\/product\/yoast-seo-wordpress\/ -->\n<title>B\u0113rna pieteik\u0161ana 1.klasei - Mazsalacas pirmsskolas izgl\u012bt\u012bbas iest\u0101de \u201cD\u0101rzi\u0146\u0161\u201d<\/title>\n<meta name=\"robots\" content=\"index, follow, max-snippet:-1, max-image-preview:large, max-video-preview:-1\" \/>\n<link rel=\"canonical\" href=\"https:\/\/izglitiba.valmierasnovads.lv\/mazsalacaspiidarzins\/2026\/02\/17\/berna-pieteiksana-1-klasei\/\" \/>\n<meta property=\"og:locale\" content=\"lv_LV\" \/>\n<meta property=\"og:type\" content=\"article\" \/>\n<meta property=\"og:title\" content=\"B\u0113rna pieteik\u0161ana 1.klasei - Mazsalacas pirmsskolas izgl\u012bt\u012bbas iest\u0101de \u201cD\u0101rzi\u0146\u0161\u201d\" \/>\n<meta property=\"og:description\" content=\"No&nbsp;2026. gada 2. marta plkst. 8.00 l\u012bdz 31. marta plkst. 17.00&nbsp;norisin\u0101sies b\u0113rnu re\u0123istr\u0101cija m\u0101c\u012bb\u0101m Valmieras novada pa\u0161vald\u012bbas dibin\u0101to izgl\u012bt\u012bbas iest\u0101\u017eu [&hellip;]\" \/>\n<meta property=\"og:url\" content=\"https:\/\/izglitiba.valmierasnovads.lv\/mazsalacaspiidarzins\/2026\/02\/17\/berna-pieteiksana-1-klasei\/\" \/>\n<meta property=\"og:site_name\" content=\"Mazsalacas pirmsskolas izgl\u012bt\u012bbas iest\u0101de \u201cD\u0101rzi\u0146\u0161\u201d\" \/>\n<meta property=\"article:published_time\" content=\"2026-02-17T08:33:02+00:00\" \/>\n<meta property=\"article:modified_time\" content=\"2026-02-17T08:41:41+00:00\" \/>\n<meta property=\"og:image\" content=\"https:\/\/izglitiba.valmierasnovads.lv\/mazsalacaspiidarzins\/wp-content\/uploads\/sites\/11\/2026\/02\/IMG-20260216-WA0003.jpg\" \/>\n\t<meta property=\"og:image:width\" content=\"1130\" \/>\n\t<meta property=\"og:image:height\" content=\"1600\" \/>\n\t<meta property=\"og:image:type\" content=\"image\/jpeg\" \/>\n<meta name=\"author\" content=\"gitabrokane\" \/>\n<meta name=\"twitter:card\" content=\"summary_large_image\" \/>\n<meta name=\"twitter:label1\" content=\"Written by\" \/>\n\t<meta name=\"twitter:data1\" content=\"gitabrokane\" \/>\n\t<meta name=\"twitter:label2\" content=\"Est. reading time\" \/>\n\t<meta name=\"twitter:data2\" content=\"1 min\u016bte\" \/>\n<script type=\"application\/ld+json\" class=\"yoast-schema-graph\">{\"@context\":\"https:\/\/schema.org\",\"@graph\":[{\"@type\":\"Article\",\"@id\":\"https:\/\/izglitiba.valmierasnovads.lv\/mazsalacaspiidarzins\/2026\/02\/17\/berna-pieteiksana-1-klasei\/#article\",\"isPartOf\":{\"@id\":\"https:\/\/izglitiba.valmierasnovads.lv\/mazsalacaspiidarzins\/2026\/02\/17\/berna-pieteiksana-1-klasei\/\"},\"author\":{\"name\":\"gitabrokane\",\"@id\":\"https:\/\/izglitiba.valmierasnovads.lv\/mazsalacaspiidarzins\/#\/schema\/person\/8e156b36b90a1e1efaaccaf1297a3e6a\"},\"headline\":\"B\u0113rna pieteik\u0161ana 1.klasei\",\"datePublished\":\"2026-02-17T08:33:02+00:00\",\"dateModified\":\"2026-02-17T08:41:41+00:00\",\"mainEntityOfPage\":{\"@id\":\"https:\/\/izglitiba.valmierasnovads.lv\/mazsalacaspiidarzins\/2026\/02\/17\/berna-pieteiksana-1-klasei\/\"},\"wordCount\":146,\"publisher\":{\"@id\":\"https:\/\/izglitiba.valmierasnovads.lv\/mazsalacaspiidarzins\/#organization\"},\"image\":{\"@id\":\"https:\/\/izglitiba.valmierasnovads.lv\/mazsalacaspiidarzins\/2026\/02\/17\/berna-pieteiksana-1-klasei\/#primaryimage\"},\"thumbnailUrl\":\"https:\/\/izglitiba.valmierasnovads.lv\/mazsalacaspiidarzins\/wp-content\/uploads\/sites\/11\/2026\/02\/IMG-20260216-WA0003.jpg\",\"inLanguage\":\"lv-LV\"},{\"@type\":\"WebPage\",\"@id\":\"https:\/\/izglitiba.valmierasnovads.lv\/mazsalacaspiidarzins\/2026\/02\/17\/berna-pieteiksana-1-klasei\/\",\"url\":\"https:\/\/izglitiba.valmierasnovads.lv\/mazsalacaspiidarzins\/2026\/02\/17\/berna-pieteiksana-1-klasei\/\",\"name\":\"B\u0113rna pieteik\u0161ana 1.klasei - Mazsalacas pirmsskolas izgl\u012bt\u012bbas iest\u0101de \u201cD\u0101rzi\u0146\u0161\u201d\",\"isPartOf\":{\"@id\":\"https:\/\/izglitiba.valmierasnovads.lv\/mazsalacaspiidarzins\/#website\"},\"primaryImageOfPage\":{\"@id\":\"https:\/\/izglitiba.valmierasnovads.lv\/mazsalacaspiidarzins\/2026\/02\/17\/berna-pieteiksana-1-klasei\/#primaryimage\"},\"image\":{\"@id\":\"https:\/\/izglitiba.valmierasnovads.lv\/mazsalacaspiidarzins\/2026\/02\/17\/berna-pieteiksana-1-klasei\/#primaryimage\"},\"thumbnailUrl\":\"https:\/\/izglitiba.valmierasnovads.lv\/mazsalacaspiidarzins\/wp-content\/uploads\/sites\/11\/2026\/02\/IMG-20260216-WA0003.jpg\",\"datePublished\":\"2026-02-17T08:33:02+00:00\",\"dateModified\":\"2026-02-17T08:41:41+00:00\",\"breadcrumb\":{\"@id\":\"https:\/\/izglitiba.valmierasnovads.lv\/mazsalacaspiidarzins\/2026\/02\/17\/berna-pieteiksana-1-klasei\/#breadcrumb\"},\"inLanguage\":\"lv-LV\",\"potentialAction\":[{\"@type\":\"ReadAction\",\"target\":[\"https:\/\/izglitiba.valmierasnovads.lv\/mazsalacaspiidarzins\/2026\/02\/17\/berna-pieteiksana-1-klasei\/\"]}]},{\"@type\":\"ImageObject\",\"inLanguage\":\"lv-LV\",\"@id\":\"https:\/\/izglitiba.valmierasnovads.lv\/mazsalacaspiidarzins\/2026\/02\/17\/berna-pieteiksana-1-klasei\/#primaryimage\",\"url\":\"https:\/\/izglitiba.valmierasnovads.lv\/mazsalacaspiidarzins\/wp-content\/uploads\/sites\/11\/2026\/02\/IMG-20260216-WA0003.jpg\",\"contentUrl\":\"https:\/\/izglitiba.valmierasnovads.lv\/mazsalacaspiidarzins\/wp-content\/uploads\/sites\/11\/2026\/02\/IMG-20260216-WA0003.jpg\",\"width\":1130,\"height\":1600},{\"@type\":\"BreadcrumbList\",\"@id\":\"https:\/\/izglitiba.valmierasnovads.lv\/mazsalacaspiidarzins\/2026\/02\/17\/berna-pieteiksana-1-klasei\/#breadcrumb\",\"itemListElement\":[{\"@type\":\"ListItem\",\"position\":1,\"name\":\"Home\",\"item\":\"https:\/\/izglitiba.valmierasnovads.lv\/mazsalacaspiidarzins\/\"},{\"@type\":\"ListItem\",\"position\":2,\"name\":\"B\u0113rna pieteik\u0161ana 1.klasei\"}]},{\"@type\":\"WebSite\",\"@id\":\"https:\/\/izglitiba.valmierasnovads.lv\/mazsalacaspiidarzins\/#website\",\"url\":\"https:\/\/izglitiba.valmierasnovads.lv\/mazsalacaspiidarzins\/\",\"name\":\"Mazsalacas pirmsskolas izgl\u012bt\u012bbas iest\u0101de \u201cD\u0101rzi\u0146\u0161\u201d\",\"description\":\"\",\"publisher\":{\"@id\":\"https:\/\/izglitiba.valmierasnovads.lv\/mazsalacaspiidarzins\/#organization\"},\"potentialAction\":[{\"@type\":\"SearchAction\",\"target\":{\"@type\":\"EntryPoint\",\"urlTemplate\":\"https:\/\/izglitiba.valmierasnovads.lv\/mazsalacaspiidarzins\/?s={search_term_string}\"},\"query-input\":{\"@type\":\"PropertyValueSpecification\",\"valueRequired\":true,\"valueName\":\"search_term_string\"}}],\"inLanguage\":\"lv-LV\"},{\"@type\":\"Organization\",\"@id\":\"https:\/\/izglitiba.valmierasnovads.lv\/mazsalacaspiidarzins\/#organization\",\"name\":\"Mazsalacas pirmsskolas izgl\u012bt\u012bbas iest\u0101de \u201cD\u0101rzi\u0146\u0161\u201d\",\"url\":\"https:\/\/izglitiba.valmierasnovads.lv\/mazsalacaspiidarzins\/\",\"logo\":{\"@type\":\"ImageObject\",\"inLanguage\":\"lv-LV\",\"@id\":\"https:\/\/izglitiba.valmierasnovads.lv\/mazsalacaspiidarzins\/#\/schema\/logo\/image\/\",\"url\":\"https:\/\/izglitiba.valmierasnovads.lv\/mazsalacaspiidarzins\/wp-content\/uploads\/sites\/11\/2026\/03\/cropped-Pirmsskolas-izglitibas-iestades-ar-pasu-logo-3-scaled-1.png\",\"contentUrl\":\"https:\/\/izglitiba.valmierasnovads.lv\/mazsalacaspiidarzins\/wp-content\/uploads\/sites\/11\/2026\/03\/cropped-Pirmsskolas-izglitibas-iestades-ar-pasu-logo-3-scaled-1.png\",\"width\":1365,\"height\":406,\"caption\":\"Mazsalacas pirmsskolas izgl\u012bt\u012bbas iest\u0101de \u201cD\u0101rzi\u0146\u0161\u201d\"},\"image\":{\"@id\":\"https:\/\/izglitiba.valmierasnovads.lv\/mazsalacaspiidarzins\/#\/schema\/logo\/image\/\"}},{\"@type\":\"Person\",\"@id\":\"https:\/\/izglitiba.valmierasnovads.lv\/mazsalacaspiidarzins\/#\/schema\/person\/8e156b36b90a1e1efaaccaf1297a3e6a\",\"name\":\"gitabrokane\",\"image\":{\"@type\":\"ImageObject\",\"inLanguage\":\"lv-LV\",\"@id\":\"https:\/\/izglitiba.valmierasnovads.lv\/mazsalacaspiidarzins\/#\/schema\/person\/image\/\",\"url\":\"https:\/\/secure.gravatar.com\/avatar\/28f19a4b22233515abfa8613abff292ac669a8494bf75ec96a915773e6c2c3ce?s=96&d=mm&r=g\",\"contentUrl\":\"https:\/\/secure.gravatar.com\/avatar\/28f19a4b22233515abfa8613abff292ac669a8494bf75ec96a915773e6c2c3ce?s=96&d=mm&r=g\",\"caption\":\"gitabrokane\"},\"url\":\"https:\/\/izglitiba.valmierasnovads.lv\/mazsalacaspiidarzins\/author\/gitabrokane\/\"}]}<\/script>\n<!-- \/ Yoast SEO plugin. -->","yoast_head_json":{"title":"B\u0113rna pieteik\u0161ana 1.klasei - Mazsalacas pirmsskolas izgl\u012bt\u012bbas iest\u0101de \u201cD\u0101rzi\u0146\u0161\u201d","robots":{"index":"index","follow":"follow","max-snippet":"max-snippet:-1","max-image-preview":"max-image-preview:large","max-video-preview":"max-video-preview:-1"},"canonical":"https:\/\/izglitiba.valmierasnovads.lv\/mazsalacaspiidarzins\/2026\/02\/17\/berna-pieteiksana-1-klasei\/","og_locale":"lv_LV","og_type":"article","og_title":"B\u0113rna pieteik\u0161ana 1.klasei - Mazsalacas pirmsskolas izgl\u012bt\u012bbas iest\u0101de \u201cD\u0101rzi\u0146\u0161\u201d","og_description":"No&nbsp;2026. gada 2. marta plkst. 8.00 l\u012bdz 31. marta plkst. 17.00&nbsp;norisin\u0101sies b\u0113rnu re\u0123istr\u0101cija m\u0101c\u012bb\u0101m Valmieras novada pa\u0161vald\u012bbas dibin\u0101to izgl\u012bt\u012bbas iest\u0101\u017eu [&hellip;]","og_url":"https:\/\/izglitiba.valmierasnovads.lv\/mazsalacaspiidarzins\/2026\/02\/17\/berna-pieteiksana-1-klasei\/","og_site_name":"Mazsalacas pirmsskolas izgl\u012bt\u012bbas iest\u0101de \u201cD\u0101rzi\u0146\u0161\u201d","article_published_time":"2026-02-17T08:33:02+00:00","article_modified_time":"2026-02-17T08:41:41+00:00","og_image":[{"width":1130,"height":1600,"url":"https:\/\/izglitiba.valmierasnovads.lv\/mazsalacaspiidarzins\/wp-content\/uploads\/sites\/11\/2026\/02\/IMG-20260216-WA0003.jpg","type":"image\/jpeg"}],"author":"gitabrokane","twitter_card":"summary_large_image","twitter_misc":{"Written by":"gitabrokane","Est. reading time":"1 min\u016bte"},"schema":{"@context":"https:\/\/schema.org","@graph":[{"@type":"Article","@id":"https:\/\/izglitiba.valmierasnovads.lv\/mazsalacaspiidarzins\/2026\/02\/17\/berna-pieteiksana-1-klasei\/#article","isPartOf":{"@id":"https:\/\/izglitiba.valmierasnovads.lv\/mazsalacaspiidarzins\/2026\/02\/17\/berna-pieteiksana-1-klasei\/"},"author":{"name":"gitabrokane","@id":"https:\/\/izglitiba.valmierasnovads.lv\/mazsalacaspiidarzins\/#\/schema\/person\/8e156b36b90a1e1efaaccaf1297a3e6a"},"headline":"B\u0113rna pieteik\u0161ana 1.klasei","datePublished":"2026-02-17T08:33:02+00:00","dateModified":"2026-02-17T08:41:41+00:00","mainEntityOfPage":{"@id":"https:\/\/izglitiba.valmierasnovads.lv\/mazsalacaspiidarzins\/2026\/02\/17\/berna-pieteiksana-1-klasei\/"},"wordCount":146,"publisher":{"@id":"https:\/\/izglitiba.valmierasnovads.lv\/mazsalacaspiidarzins\/#organization"},"image":{"@id":"https:\/\/izglitiba.valmierasnovads.lv\/mazsalacaspiidarzins\/2026\/02\/17\/berna-pieteiksana-1-klasei\/#primaryimage"},"thumbnailUrl":"https:\/\/izglitiba.valmierasnovads.lv\/mazsalacaspiidarzins\/wp-content\/uploads\/sites\/11\/2026\/02\/IMG-20260216-WA0003.jpg","inLanguage":"lv-LV"},{"@type":"WebPage","@id":"https:\/\/izglitiba.valmierasnovads.lv\/mazsalacaspiidarzins\/2026\/02\/17\/berna-pieteiksana-1-klasei\/","url":"https:\/\/izglitiba.valmierasnovads.lv\/mazsalacaspiidarzins\/2026\/02\/17\/berna-pieteiksana-1-klasei\/","name":"B\u0113rna pieteik\u0161ana 1.klasei - Mazsalacas pirmsskolas izgl\u012bt\u012bbas iest\u0101de \u201cD\u0101rzi\u0146\u0161\u201d","isPartOf":{"@id":"https:\/\/izglitiba.valmierasnovads.lv\/mazsalacaspiidarzins\/#website"},"primaryImageOfPage":{"@id":"https:\/\/izglitiba.valmierasnovads.lv\/mazsalacaspiidarzins\/2026\/02\/17\/berna-pieteiksana-1-klasei\/#primaryimage"},"image":{"@id":"https:\/\/izglitiba.valmierasnovads.lv\/mazsalacaspiidarzins\/2026\/02\/17\/berna-pieteiksana-1-klasei\/#primaryimage"},"thumbnailUrl":"https:\/\/izglitiba.valmierasnovads.lv\/mazsalacaspiidarzins\/wp-content\/uploads\/sites\/11\/2026\/02\/IMG-20260216-WA0003.jpg","datePublished":"2026-02-17T08:33:02+00:00","dateModified":"2026-02-17T08:41:41+00:00","breadcrumb":{"@id":"https:\/\/izglitiba.valmierasnovads.lv\/mazsalacaspiidarzins\/2026\/02\/17\/berna-pieteiksana-1-klasei\/#breadcrumb"},"inLanguage":"lv-LV","potentialAction":[{"@type":"ReadAction","target":["https:\/\/izglitiba.valmierasnovads.lv\/mazsalacaspiidarzins\/2026\/02\/17\/berna-pieteiksana-1-klasei\/"]}]},{"@type":"ImageObject","inLanguage":"lv-LV","@id":"https:\/\/izglitiba.valmierasnovads.lv\/mazsalacaspiidarzins\/2026\/02\/17\/berna-pieteiksana-1-klasei\/#primaryimage","url":"https:\/\/izglitiba.valmierasnovads.lv\/mazsalacaspiidarzins\/wp-content\/uploads\/sites\/11\/2026\/02\/IMG-20260216-WA0003.jpg","contentUrl":"https:\/\/izglitiba.valmierasnovads.lv\/mazsalacaspiidarzins\/wp-content\/uploads\/sites\/11\/2026\/02\/IMG-20260216-WA0003.jpg","width":1130,"height":1600},{"@type":"BreadcrumbList","@id":"https:\/\/izglitiba.valmierasnovads.lv\/mazsalacaspiidarzins\/2026\/02\/17\/berna-pieteiksana-1-klasei\/#breadcrumb","itemListElement":[{"@type":"ListItem","position":1,"name":"Home","item":"https:\/\/izglitiba.valmierasnovads.lv\/mazsalacaspiidarzins\/"},{"@type":"ListItem","position":2,"name":"B\u0113rna pieteik\u0161ana 1.klasei"}]},{"@type":"WebSite","@id":"https:\/\/izglitiba.valmierasnovads.lv\/mazsalacaspiidarzins\/#website","url":"https:\/\/izglitiba.valmierasnovads.lv\/mazsalacaspiidarzins\/","name":"Mazsalacas pirmsskolas izgl\u012bt\u012bbas iest\u0101de \u201cD\u0101rzi\u0146\u0161\u201d","description":"","publisher":{"@id":"https:\/\/izglitiba.valmierasnovads.lv\/mazsalacaspiidarzins\/#organization"},"potentialAction":[{"@type":"SearchAction","target":{"@type":"EntryPoint","urlTemplate":"https:\/\/izglitiba.valmierasnovads.lv\/mazsalacaspiidarzins\/?s={search_term_string}"},"query-input":{"@type":"PropertyValueSpecification","valueRequired":true,"valueName":"search_term_string"}}],"inLanguage":"lv-LV"},{"@type":"Organization","@id":"https:\/\/izglitiba.valmierasnovads.lv\/mazsalacaspiidarzins\/#organization","name":"Mazsalacas pirmsskolas izgl\u012bt\u012bbas iest\u0101de \u201cD\u0101rzi\u0146\u0161\u201d","url":"https:\/\/izglitiba.valmierasnovads.lv\/mazsalacaspiidarzins\/","logo":{"@type":"ImageObject","inLanguage":"lv-LV","@id":"https:\/\/izglitiba.valmierasnovads.lv\/mazsalacaspiidarzins\/#\/schema\/logo\/image\/","url":"https:\/\/izglitiba.valmierasnovads.lv\/mazsalacaspiidarzins\/wp-content\/uploads\/sites\/11\/2026\/03\/cropped-Pirmsskolas-izglitibas-iestades-ar-pasu-logo-3-scaled-1.png","contentUrl":"https:\/\/izglitiba.valmierasnovads.lv\/mazsalacaspiidarzins\/wp-content\/uploads\/sites\/11\/2026\/03\/cropped-Pirmsskolas-izglitibas-iestades-ar-pasu-logo-3-scaled-1.png","width":1365,"height":406,"caption":"Mazsalacas pirmsskolas izgl\u012bt\u012bbas iest\u0101de \u201cD\u0101rzi\u0146\u0161\u201d"},"image":{"@id":"https:\/\/izglitiba.valmierasnovads.lv\/mazsalacaspiidarzins\/#\/schema\/logo\/image\/"}},{"@type":"Person","@id":"https:\/\/izglitiba.valmierasnovads.lv\/mazsalacaspiidarzins\/#\/schema\/person\/8e156b36b90a1e1efaaccaf1297a3e6a","name":"gitabrokane","image":{"@type":"ImageObject","inLanguage":"lv-LV","@id":"https:\/\/izglitiba.valmierasnovads.lv\/mazsalacaspiidarzins\/#\/schema\/person\/image\/","url":"https:\/\/secure.gravatar.com\/avatar\/28f19a4b22233515abfa8613abff292ac669a8494bf75ec96a915773e6c2c3ce?s=96&d=mm&r=g","contentUrl":"https:\/\/secure.gravatar.com\/avatar\/28f19a4b22233515abfa8613abff292ac669a8494bf75ec96a915773e6c2c3ce?s=96&d=mm&r=g","caption":"gitabrokane"},"url":"https:\/\/izglitiba.valmierasnovads.lv\/mazsalacaspiidarzins\/author\/gitabrokane\/"}]}},"_links":{"self":[{"href":"https:\/\/izglitiba.valmierasnovads.lv\/mazsalacaspiidarzins\/wp-json\/wp\/v2\/posts\/1264","targetHints":{"allow":["GET"]}}],"collection":[{"href":"https:\/\/izglitiba.valmierasnovads.lv\/mazsalacaspiidarzins\/wp-json\/wp\/v2\/posts"}],"about":[{"href":"https:\/\/izglitiba.valmierasnovads.lv\/mazsalacaspiidarzins\/wp-json\/wp\/v2\/types\/post"}],"author":[{"embeddable":true,"href":"https:\/\/izglitiba.valmierasnovads.lv\/mazsalacaspiidarzins\/wp-json\/wp\/v2\/users\/14"}],"replies":[{"embeddable":true,"href":"https:\/\/izglitiba.valmierasnovads.lv\/mazsalacaspiidarzins\/wp-json\/wp\/v2\/comments?post=1264"}],"version-history":[{"count":11,"href":"https:\/\/izglitiba.valmierasnovads.lv\/mazsalacaspiidarzins\/wp-json\/wp\/v2\/posts\/1264\/revisions"}],"predecessor-version":[{"id":1277,"href":"https:\/\/izglitiba.valmierasnovads.lv\/mazsalacaspiidarzins\/wp-json\/wp\/v2\/posts\/1264\/revisions\/1277"}],"wp:featuredmedia":[{"embeddable":true,"href":"https:\/\/izglitiba.valmierasnovads.lv\/mazsalacaspiidarzins\/wp-json\/wp\/v2\/media\/1265"}],"wp:attachment":[{"href":"https:\/\/izglitiba.valmierasnovads.lv\/mazsalacaspiidarzins\/wp-json\/wp\/v2\/media?parent=1264"}],"wp:term":[{"taxonomy":"category","embeddable":true,"href":"https:\/\/izglitiba.valmierasnovads.lv\/mazsalacaspiidarzins\/wp-json\/wp\/v2\/categories?post=1264"},{"taxonomy":"post_tag","embeddable":true,"href":"https:\/\/izglitiba.valmierasnovads.lv\/mazsalacaspiidarzins\/wp-json\/wp\/v2\/tags?post=1264"}],"curies":[{"name":"wp","href":"https:\/\/api.w.org\/{rel}","templated":true}]}}