{"id":1636,"date":"2026-04-17T09:07:39","date_gmt":"2026-04-17T06:07:39","guid":{"rendered":"https:\/\/izglitiba.valmierasnovads.lv\/mazsalacaspiidarzins\/?p=1636"},"modified":"2026-04-17T09:14:06","modified_gmt":"2026-04-17T06:14:06","slug":"koncerts-ar-dziesminu-ciemos-eju","status":"publish","type":"post","link":"https:\/\/izglitiba.valmierasnovads.lv\/mazsalacaspiidarzins\/2026\/04\/17\/koncerts-ar-dziesminu-ciemos-eju\/","title":{"rendered":"Koncerts &#8220;Ar dziesmi\u0146u ciemos eju&#8221;"},"content":{"rendered":"\n<p>Mazsalacas pirmsskolas izgl\u012bt\u012bbas iest\u0101d\u0113 \u201cD\u0101rzi\u0146\u0161\u201d izskan\u0113ja sirsn\u012bgs, skan\u012bgs, pavasar\u012bgs koncerts \u201cAr dziesmi\u0146u ciemos eju\u201d. Koncert\u0101 dzied\u0101ja 23 solisti &#8211; b\u0113rni vecum\u0101 no 3 l\u012bdz 6 gadiem.<img loading=\"lazy\" decoding=\"async\" height=\"16\" width=\"16\" src=\"https:\/\/static.xx.fbcdn.net\/images\/emoji.php\/v9\/t7e\/1\/16\/1f3a4.png\" alt=\"\ud83c\udfa4\"><img loading=\"lazy\" decoding=\"async\" height=\"16\" width=\"16\" src=\"https:\/\/static.xx.fbcdn.net\/images\/emoji.php\/v9\/t9e\/1\/16\/1f3b5.png\" alt=\"\ud83c\udfb5\"><img loading=\"lazy\" decoding=\"async\" height=\"16\" width=\"16\" src=\"https:\/\/static.xx.fbcdn.net\/images\/emoji.php\/v9\/t1f\/1\/16\/1f3b6.png\" alt=\"\ud83c\udfb6\"><\/p>\n\n\n\n<p>Paldies mazajiem dzied\u0101t\u0101jiem par drosmi, uzdr\u012bkst\u0113\u0161anos un prieku dzied\u0101t!<\/p>\n\n\n\n<p>Kop\u0101 ar m\u016bzikas skolot\u0101ju Baibu izdev\u0101s rad\u012bt skaistus dzied\u0101\u0161anas sv\u0113tkus iest\u0101des audz\u0113k\u0146iem.<\/p>\n\n\n\n<p>Lai skan maz\u0101s balsti\u0146as ar\u012b turpm\u0101k!<\/p>\n\n\n\n<div class=\"wp-block-buttons is-content-justification-center is-layout-flex wp-container-core-buttons-is-layout-a89b3969 wp-block-buttons-is-layout-flex\">\n<div class=\"wp-block-button\"><a class=\"wp-block-button__link wp-element-button\" href=\"https:\/\/izglitiba.valmierasnovads.lv\/mazsalacaspiidarzins\/galery\/koncerts-ar-dziesminu-ciemos-eju\/\">Vair\u0101k bil\u017eu skaties \u0160EIT!<\/a><\/div>\n<\/div>\n\n\n\n<p><\/p>\n","protected":false},"excerpt":{"rendered":"<p>Mazsalacas pirmsskolas izgl\u012bt\u012bbas iest\u0101d\u0113 \u201cD\u0101rzi\u0146\u0161\u201d izskan\u0113ja sirsn\u012bgs, skan\u012bgs, pavasar\u012bgs koncerts \u201cAr dziesmi\u0146u ciemos eju\u201d. Koncert\u0101 dzied\u0101ja 23 solisti &#8211; b\u0113rni [&hellip;]<\/p>\n","protected":false},"author":14,"featured_media":1637,"comment_status":"closed","ping_status":"closed","sticky":false,"template":"","format":"standard","meta":{"_acf_changed":false,"site-sidebar-layout":"default","site-content-layout":"","ast-site-content-layout":"default","site-content-style":"default","site-sidebar-style":"default","ast-global-header-display":"","ast-banner-title-visibility":"","ast-main-header-display":"","ast-hfb-above-header-display":"","ast-hfb-below-header-display":"","ast-hfb-mobile-header-display":"","site-post-title":"","ast-breadcrumbs-content":"","ast-featured-img":"","footer-sml-layout":"","ast-disable-related-posts":"","theme-transparent-header-meta":"","adv-header-id-meta":"","stick-header-meta":"","header-above-stick-meta":"","header-main-stick-meta":"","header-below-stick-meta":"","astra-migrate-meta-layouts":"default","ast-page-background-enabled":"default","ast-page-background-meta":{"desktop":{"background-color":"var(--ast-global-color-5)","background-image":"","background-repeat":"repeat","background-position":"center center","background-size":"auto","background-attachment":"scroll","background-type":"","background-media":"","overlay-type":"","overlay-color":"","overlay-opacity":"","overlay-gradient":""},"tablet":{"background-color":"","background-image":"","background-repeat":"repeat","background-position":"center center","background-size":"auto","background-attachment":"scroll","background-type":"","background-media":"","overlay-type":"","overlay-color":"","overlay-opacity":"","overlay-gradient":""},"mobile":{"background-color":"","background-image":"","background-repeat":"repeat","background-position":"center center","background-size":"auto","background-attachment":"scroll","background-type":"","background-media":"","overlay-type":"","overlay-color":"","overlay-opacity":"","overlay-gradient":""}},"ast-content-background-meta":{"desktop":{"background-color":"var(--ast-global-color-4)","background-image":"","background-repeat":"repeat","background-position":"center center","background-size":"auto","background-attachment":"scroll","background-type":"","background-media":"","overlay-type":"","overlay-color":"","overlay-opacity":"","overlay-gradient":""},"tablet":{"background-color":"var(--ast-global-color-4)","background-image":"","background-repeat":"repeat","background-position":"center center","background-size":"auto","background-attachment":"scroll","background-type":"","background-media":"","overlay-type":"","overlay-color":"","overlay-opacity":"","overlay-gradient":""},"mobile":{"background-color":"var(--ast-global-color-4)","background-image":"","background-repeat":"repeat","background-position":"center center","background-size":"auto","background-attachment":"scroll","background-type":"","background-media":"","overlay-type":"","overlay-color":"","overlay-opacity":"","overlay-gradient":""}},"footnotes":""},"categories":[16,10,14,9,11],"tags":[],"class_list":["post-1636","post","type-post","status-publish","format-standard","has-post-thumbnail","hentry","category-darzins","category-bitites","category-ezisi","category-marites","category-spridisi"],"acf":[],"yoast_head":"<!-- This site is optimized with the Yoast SEO plugin v27.0 - https:\/\/yoast.com\/product\/yoast-seo-wordpress\/ -->\n<title>Koncerts &quot;Ar dziesmi\u0146u ciemos eju&quot; - Mazsalacas pirmsskolas izgl\u012bt\u012bbas iest\u0101de \u201cD\u0101rzi\u0146\u0161\u201d<\/title>\n<meta name=\"robots\" content=\"index, follow, max-snippet:-1, max-image-preview:large, max-video-preview:-1\" \/>\n<link rel=\"canonical\" href=\"https:\/\/izglitiba.valmierasnovads.lv\/mazsalacaspiidarzins\/2026\/04\/17\/koncerts-ar-dziesminu-ciemos-eju\/\" \/>\n<meta property=\"og:locale\" content=\"lv_LV\" \/>\n<meta property=\"og:type\" content=\"article\" \/>\n<meta property=\"og:title\" content=\"Koncerts &quot;Ar dziesmi\u0146u ciemos eju&quot; - Mazsalacas pirmsskolas izgl\u012bt\u012bbas iest\u0101de \u201cD\u0101rzi\u0146\u0161\u201d\" \/>\n<meta property=\"og:description\" content=\"Mazsalacas pirmsskolas izgl\u012bt\u012bbas iest\u0101d\u0113 \u201cD\u0101rzi\u0146\u0161\u201d izskan\u0113ja sirsn\u012bgs, skan\u012bgs, pavasar\u012bgs koncerts \u201cAr dziesmi\u0146u ciemos eju\u201d. Koncert\u0101 dzied\u0101ja 23 solisti &#8211; b\u0113rni [&hellip;]\" \/>\n<meta property=\"og:url\" content=\"https:\/\/izglitiba.valmierasnovads.lv\/mazsalacaspiidarzins\/2026\/04\/17\/koncerts-ar-dziesminu-ciemos-eju\/\" \/>\n<meta property=\"og:site_name\" content=\"Mazsalacas pirmsskolas izgl\u012bt\u012bbas iest\u0101de \u201cD\u0101rzi\u0146\u0161\u201d\" \/>\n<meta property=\"article:published_time\" content=\"2026-04-17T06:07:39+00:00\" \/>\n<meta property=\"article:modified_time\" content=\"2026-04-17T06:14:06+00:00\" \/>\n<meta property=\"og:image\" content=\"https:\/\/izglitiba.valmierasnovads.lv\/mazsalacaspiidarzins\/wp-content\/uploads\/sites\/11\/2026\/04\/20260416_104104-scaled.jpg\" \/>\n\t<meta property=\"og:image:width\" content=\"2560\" \/>\n\t<meta property=\"og:image:height\" content=\"1440\" \/>\n\t<meta property=\"og:image:type\" content=\"image\/jpeg\" \/>\n<meta name=\"author\" content=\"gitabrokane\" \/>\n<meta name=\"twitter:card\" content=\"summary_large_image\" \/>\n<meta name=\"twitter:label1\" content=\"Written by\" \/>\n\t<meta name=\"twitter:data1\" content=\"gitabrokane\" \/>\n\t<meta name=\"twitter:label2\" content=\"Est. reading time\" \/>\n\t<meta name=\"twitter:data2\" content=\"2 min\u016btes\" \/>\n<script type=\"application\/ld+json\" class=\"yoast-schema-graph\">{\"@context\":\"https:\/\/schema.org\",\"@graph\":[{\"@type\":\"Article\",\"@id\":\"https:\/\/izglitiba.valmierasnovads.lv\/mazsalacaspiidarzins\/2026\/04\/17\/koncerts-ar-dziesminu-ciemos-eju\/#article\",\"isPartOf\":{\"@id\":\"https:\/\/izglitiba.valmierasnovads.lv\/mazsalacaspiidarzins\/2026\/04\/17\/koncerts-ar-dziesminu-ciemos-eju\/\"},\"author\":{\"name\":\"gitabrokane\",\"@id\":\"https:\/\/izglitiba.valmierasnovads.lv\/mazsalacaspiidarzins\/#\/schema\/person\/8e156b36b90a1e1efaaccaf1297a3e6a\"},\"headline\":\"Koncerts &#8220;Ar dziesmi\u0146u ciemos eju&#8221;\",\"datePublished\":\"2026-04-17T06:07:39+00:00\",\"dateModified\":\"2026-04-17T06:14:06+00:00\",\"mainEntityOfPage\":{\"@id\":\"https:\/\/izglitiba.valmierasnovads.lv\/mazsalacaspiidarzins\/2026\/04\/17\/koncerts-ar-dziesminu-ciemos-eju\/\"},\"wordCount\":91,\"publisher\":{\"@id\":\"https:\/\/izglitiba.valmierasnovads.lv\/mazsalacaspiidarzins\/#organization\"},\"image\":{\"@id\":\"https:\/\/izglitiba.valmierasnovads.lv\/mazsalacaspiidarzins\/2026\/04\/17\/koncerts-ar-dziesminu-ciemos-eju\/#primaryimage\"},\"thumbnailUrl\":\"https:\/\/izglitiba.valmierasnovads.lv\/mazsalacaspiidarzins\/wp-content\/uploads\/sites\/11\/2026\/04\/20260416_104104-scaled.jpg\",\"articleSection\":[\"\\\"D\u0101rzi\u0146\u0161\\\"\",\"Bit\u012btes\",\"Ez\u012b\u0161i\",\"M\u0101r\u012btes\",\"Spr\u012bd\u012b\u0161i\"],\"inLanguage\":\"lv-LV\"},{\"@type\":\"WebPage\",\"@id\":\"https:\/\/izglitiba.valmierasnovads.lv\/mazsalacaspiidarzins\/2026\/04\/17\/koncerts-ar-dziesminu-ciemos-eju\/\",\"url\":\"https:\/\/izglitiba.valmierasnovads.lv\/mazsalacaspiidarzins\/2026\/04\/17\/koncerts-ar-dziesminu-ciemos-eju\/\",\"name\":\"Koncerts \\\"Ar dziesmi\u0146u ciemos eju\\\" - Mazsalacas pirmsskolas izgl\u012bt\u012bbas iest\u0101de \u201cD\u0101rzi\u0146\u0161\u201d\",\"isPartOf\":{\"@id\":\"https:\/\/izglitiba.valmierasnovads.lv\/mazsalacaspiidarzins\/#website\"},\"primaryImageOfPage\":{\"@id\":\"https:\/\/izglitiba.valmierasnovads.lv\/mazsalacaspiidarzins\/2026\/04\/17\/koncerts-ar-dziesminu-ciemos-eju\/#primaryimage\"},\"image\":{\"@id\":\"https:\/\/izglitiba.valmierasnovads.lv\/mazsalacaspiidarzins\/2026\/04\/17\/koncerts-ar-dziesminu-ciemos-eju\/#primaryimage\"},\"thumbnailUrl\":\"https:\/\/izglitiba.valmierasnovads.lv\/mazsalacaspiidarzins\/wp-content\/uploads\/sites\/11\/2026\/04\/20260416_104104-scaled.jpg\",\"datePublished\":\"2026-04-17T06:07:39+00:00\",\"dateModified\":\"2026-04-17T06:14:06+00:00\",\"breadcrumb\":{\"@id\":\"https:\/\/izglitiba.valmierasnovads.lv\/mazsalacaspiidarzins\/2026\/04\/17\/koncerts-ar-dziesminu-ciemos-eju\/#breadcrumb\"},\"inLanguage\":\"lv-LV\",\"potentialAction\":[{\"@type\":\"ReadAction\",\"target\":[\"https:\/\/izglitiba.valmierasnovads.lv\/mazsalacaspiidarzins\/2026\/04\/17\/koncerts-ar-dziesminu-ciemos-eju\/\"]}]},{\"@type\":\"ImageObject\",\"inLanguage\":\"lv-LV\",\"@id\":\"https:\/\/izglitiba.valmierasnovads.lv\/mazsalacaspiidarzins\/2026\/04\/17\/koncerts-ar-dziesminu-ciemos-eju\/#primaryimage\",\"url\":\"https:\/\/izglitiba.valmierasnovads.lv\/mazsalacaspiidarzins\/wp-content\/uploads\/sites\/11\/2026\/04\/20260416_104104-scaled.jpg\",\"contentUrl\":\"https:\/\/izglitiba.valmierasnovads.lv\/mazsalacaspiidarzins\/wp-content\/uploads\/sites\/11\/2026\/04\/20260416_104104-scaled.jpg\",\"width\":2560,\"height\":1440},{\"@type\":\"BreadcrumbList\",\"@id\":\"https:\/\/izglitiba.valmierasnovads.lv\/mazsalacaspiidarzins\/2026\/04\/17\/koncerts-ar-dziesminu-ciemos-eju\/#breadcrumb\",\"itemListElement\":[{\"@type\":\"ListItem\",\"position\":1,\"name\":\"Home\",\"item\":\"https:\/\/izglitiba.valmierasnovads.lv\/mazsalacaspiidarzins\/\"},{\"@type\":\"ListItem\",\"position\":2,\"name\":\"Koncerts &#8220;Ar dziesmi\u0146u ciemos eju&#8221;\"}]},{\"@type\":\"WebSite\",\"@id\":\"https:\/\/izglitiba.valmierasnovads.lv\/mazsalacaspiidarzins\/#website\",\"url\":\"https:\/\/izglitiba.valmierasnovads.lv\/mazsalacaspiidarzins\/\",\"name\":\"Mazsalacas pirmsskolas izgl\u012bt\u012bbas iest\u0101de \u201cD\u0101rzi\u0146\u0161\u201d\",\"description\":\"\",\"publisher\":{\"@id\":\"https:\/\/izglitiba.valmierasnovads.lv\/mazsalacaspiidarzins\/#organization\"},\"potentialAction\":[{\"@type\":\"SearchAction\",\"target\":{\"@type\":\"EntryPoint\",\"urlTemplate\":\"https:\/\/izglitiba.valmierasnovads.lv\/mazsalacaspiidarzins\/?s={search_term_string}\"},\"query-input\":{\"@type\":\"PropertyValueSpecification\",\"valueRequired\":true,\"valueName\":\"search_term_string\"}}],\"inLanguage\":\"lv-LV\"},{\"@type\":\"Organization\",\"@id\":\"https:\/\/izglitiba.valmierasnovads.lv\/mazsalacaspiidarzins\/#organization\",\"name\":\"Mazsalacas pirmsskolas izgl\u012bt\u012bbas iest\u0101de \u201cD\u0101rzi\u0146\u0161\u201d\",\"url\":\"https:\/\/izglitiba.valmierasnovads.lv\/mazsalacaspiidarzins\/\",\"logo\":{\"@type\":\"ImageObject\",\"inLanguage\":\"lv-LV\",\"@id\":\"https:\/\/izglitiba.valmierasnovads.lv\/mazsalacaspiidarzins\/#\/schema\/logo\/image\/\",\"url\":\"https:\/\/izglitiba.valmierasnovads.lv\/mazsalacaspiidarzins\/wp-content\/uploads\/sites\/11\/2026\/03\/cropped-Pirmsskolas-izglitibas-iestades-ar-pasu-logo-3-scaled-1.png\",\"contentUrl\":\"https:\/\/izglitiba.valmierasnovads.lv\/mazsalacaspiidarzins\/wp-content\/uploads\/sites\/11\/2026\/03\/cropped-Pirmsskolas-izglitibas-iestades-ar-pasu-logo-3-scaled-1.png\",\"width\":1365,\"height\":406,\"caption\":\"Mazsalacas pirmsskolas izgl\u012bt\u012bbas iest\u0101de \u201cD\u0101rzi\u0146\u0161\u201d\"},\"image\":{\"@id\":\"https:\/\/izglitiba.valmierasnovads.lv\/mazsalacaspiidarzins\/#\/schema\/logo\/image\/\"}},{\"@type\":\"Person\",\"@id\":\"https:\/\/izglitiba.valmierasnovads.lv\/mazsalacaspiidarzins\/#\/schema\/person\/8e156b36b90a1e1efaaccaf1297a3e6a\",\"name\":\"gitabrokane\",\"image\":{\"@type\":\"ImageObject\",\"inLanguage\":\"lv-LV\",\"@id\":\"https:\/\/izglitiba.valmierasnovads.lv\/mazsalacaspiidarzins\/#\/schema\/person\/image\/\",\"url\":\"https:\/\/secure.gravatar.com\/avatar\/28f19a4b22233515abfa8613abff292ac669a8494bf75ec96a915773e6c2c3ce?s=96&d=mm&r=g\",\"contentUrl\":\"https:\/\/secure.gravatar.com\/avatar\/28f19a4b22233515abfa8613abff292ac669a8494bf75ec96a915773e6c2c3ce?s=96&d=mm&r=g\",\"caption\":\"gitabrokane\"},\"url\":\"https:\/\/izglitiba.valmierasnovads.lv\/mazsalacaspiidarzins\/author\/gitabrokane\/\"}]}<\/script>\n<!-- \/ Yoast SEO plugin. -->","yoast_head_json":{"title":"Koncerts \"Ar dziesmi\u0146u ciemos eju\" - Mazsalacas pirmsskolas izgl\u012bt\u012bbas iest\u0101de \u201cD\u0101rzi\u0146\u0161\u201d","robots":{"index":"index","follow":"follow","max-snippet":"max-snippet:-1","max-image-preview":"max-image-preview:large","max-video-preview":"max-video-preview:-1"},"canonical":"https:\/\/izglitiba.valmierasnovads.lv\/mazsalacaspiidarzins\/2026\/04\/17\/koncerts-ar-dziesminu-ciemos-eju\/","og_locale":"lv_LV","og_type":"article","og_title":"Koncerts \"Ar dziesmi\u0146u ciemos eju\" - Mazsalacas pirmsskolas izgl\u012bt\u012bbas iest\u0101de \u201cD\u0101rzi\u0146\u0161\u201d","og_description":"Mazsalacas pirmsskolas izgl\u012bt\u012bbas iest\u0101d\u0113 \u201cD\u0101rzi\u0146\u0161\u201d izskan\u0113ja sirsn\u012bgs, skan\u012bgs, pavasar\u012bgs koncerts \u201cAr dziesmi\u0146u ciemos eju\u201d. Koncert\u0101 dzied\u0101ja 23 solisti &#8211; b\u0113rni [&hellip;]","og_url":"https:\/\/izglitiba.valmierasnovads.lv\/mazsalacaspiidarzins\/2026\/04\/17\/koncerts-ar-dziesminu-ciemos-eju\/","og_site_name":"Mazsalacas pirmsskolas izgl\u012bt\u012bbas iest\u0101de \u201cD\u0101rzi\u0146\u0161\u201d","article_published_time":"2026-04-17T06:07:39+00:00","article_modified_time":"2026-04-17T06:14:06+00:00","og_image":[{"width":2560,"height":1440,"url":"https:\/\/izglitiba.valmierasnovads.lv\/mazsalacaspiidarzins\/wp-content\/uploads\/sites\/11\/2026\/04\/20260416_104104-scaled.jpg","type":"image\/jpeg"}],"author":"gitabrokane","twitter_card":"summary_large_image","twitter_misc":{"Written by":"gitabrokane","Est. reading time":"2 min\u016btes"},"schema":{"@context":"https:\/\/schema.org","@graph":[{"@type":"Article","@id":"https:\/\/izglitiba.valmierasnovads.lv\/mazsalacaspiidarzins\/2026\/04\/17\/koncerts-ar-dziesminu-ciemos-eju\/#article","isPartOf":{"@id":"https:\/\/izglitiba.valmierasnovads.lv\/mazsalacaspiidarzins\/2026\/04\/17\/koncerts-ar-dziesminu-ciemos-eju\/"},"author":{"name":"gitabrokane","@id":"https:\/\/izglitiba.valmierasnovads.lv\/mazsalacaspiidarzins\/#\/schema\/person\/8e156b36b90a1e1efaaccaf1297a3e6a"},"headline":"Koncerts &#8220;Ar dziesmi\u0146u ciemos eju&#8221;","datePublished":"2026-04-17T06:07:39+00:00","dateModified":"2026-04-17T06:14:06+00:00","mainEntityOfPage":{"@id":"https:\/\/izglitiba.valmierasnovads.lv\/mazsalacaspiidarzins\/2026\/04\/17\/koncerts-ar-dziesminu-ciemos-eju\/"},"wordCount":91,"publisher":{"@id":"https:\/\/izglitiba.valmierasnovads.lv\/mazsalacaspiidarzins\/#organization"},"image":{"@id":"https:\/\/izglitiba.valmierasnovads.lv\/mazsalacaspiidarzins\/2026\/04\/17\/koncerts-ar-dziesminu-ciemos-eju\/#primaryimage"},"thumbnailUrl":"https:\/\/izglitiba.valmierasnovads.lv\/mazsalacaspiidarzins\/wp-content\/uploads\/sites\/11\/2026\/04\/20260416_104104-scaled.jpg","articleSection":["\"D\u0101rzi\u0146\u0161\"","Bit\u012btes","Ez\u012b\u0161i","M\u0101r\u012btes","Spr\u012bd\u012b\u0161i"],"inLanguage":"lv-LV"},{"@type":"WebPage","@id":"https:\/\/izglitiba.valmierasnovads.lv\/mazsalacaspiidarzins\/2026\/04\/17\/koncerts-ar-dziesminu-ciemos-eju\/","url":"https:\/\/izglitiba.valmierasnovads.lv\/mazsalacaspiidarzins\/2026\/04\/17\/koncerts-ar-dziesminu-ciemos-eju\/","name":"Koncerts \"Ar dziesmi\u0146u ciemos eju\" - Mazsalacas pirmsskolas izgl\u012bt\u012bbas iest\u0101de \u201cD\u0101rzi\u0146\u0161\u201d","isPartOf":{"@id":"https:\/\/izglitiba.valmierasnovads.lv\/mazsalacaspiidarzins\/#website"},"primaryImageOfPage":{"@id":"https:\/\/izglitiba.valmierasnovads.lv\/mazsalacaspiidarzins\/2026\/04\/17\/koncerts-ar-dziesminu-ciemos-eju\/#primaryimage"},"image":{"@id":"https:\/\/izglitiba.valmierasnovads.lv\/mazsalacaspiidarzins\/2026\/04\/17\/koncerts-ar-dziesminu-ciemos-eju\/#primaryimage"},"thumbnailUrl":"https:\/\/izglitiba.valmierasnovads.lv\/mazsalacaspiidarzins\/wp-content\/uploads\/sites\/11\/2026\/04\/20260416_104104-scaled.jpg","datePublished":"2026-04-17T06:07:39+00:00","dateModified":"2026-04-17T06:14:06+00:00","breadcrumb":{"@id":"https:\/\/izglitiba.valmierasnovads.lv\/mazsalacaspiidarzins\/2026\/04\/17\/koncerts-ar-dziesminu-ciemos-eju\/#breadcrumb"},"inLanguage":"lv-LV","potentialAction":[{"@type":"ReadAction","target":["https:\/\/izglitiba.valmierasnovads.lv\/mazsalacaspiidarzins\/2026\/04\/17\/koncerts-ar-dziesminu-ciemos-eju\/"]}]},{"@type":"ImageObject","inLanguage":"lv-LV","@id":"https:\/\/izglitiba.valmierasnovads.lv\/mazsalacaspiidarzins\/2026\/04\/17\/koncerts-ar-dziesminu-ciemos-eju\/#primaryimage","url":"https:\/\/izglitiba.valmierasnovads.lv\/mazsalacaspiidarzins\/wp-content\/uploads\/sites\/11\/2026\/04\/20260416_104104-scaled.jpg","contentUrl":"https:\/\/izglitiba.valmierasnovads.lv\/mazsalacaspiidarzins\/wp-content\/uploads\/sites\/11\/2026\/04\/20260416_104104-scaled.jpg","width":2560,"height":1440},{"@type":"BreadcrumbList","@id":"https:\/\/izglitiba.valmierasnovads.lv\/mazsalacaspiidarzins\/2026\/04\/17\/koncerts-ar-dziesminu-ciemos-eju\/#breadcrumb","itemListElement":[{"@type":"ListItem","position":1,"name":"Home","item":"https:\/\/izglitiba.valmierasnovads.lv\/mazsalacaspiidarzins\/"},{"@type":"ListItem","position":2,"name":"Koncerts &#8220;Ar dziesmi\u0146u ciemos eju&#8221;"}]},{"@type":"WebSite","@id":"https:\/\/izglitiba.valmierasnovads.lv\/mazsalacaspiidarzins\/#website","url":"https:\/\/izglitiba.valmierasnovads.lv\/mazsalacaspiidarzins\/","name":"Mazsalacas pirmsskolas izgl\u012bt\u012bbas iest\u0101de \u201cD\u0101rzi\u0146\u0161\u201d","description":"","publisher":{"@id":"https:\/\/izglitiba.valmierasnovads.lv\/mazsalacaspiidarzins\/#organization"},"potentialAction":[{"@type":"SearchAction","target":{"@type":"EntryPoint","urlTemplate":"https:\/\/izglitiba.valmierasnovads.lv\/mazsalacaspiidarzins\/?s={search_term_string}"},"query-input":{"@type":"PropertyValueSpecification","valueRequired":true,"valueName":"search_term_string"}}],"inLanguage":"lv-LV"},{"@type":"Organization","@id":"https:\/\/izglitiba.valmierasnovads.lv\/mazsalacaspiidarzins\/#organization","name":"Mazsalacas pirmsskolas izgl\u012bt\u012bbas iest\u0101de \u201cD\u0101rzi\u0146\u0161\u201d","url":"https:\/\/izglitiba.valmierasnovads.lv\/mazsalacaspiidarzins\/","logo":{"@type":"ImageObject","inLanguage":"lv-LV","@id":"https:\/\/izglitiba.valmierasnovads.lv\/mazsalacaspiidarzins\/#\/schema\/logo\/image\/","url":"https:\/\/izglitiba.valmierasnovads.lv\/mazsalacaspiidarzins\/wp-content\/uploads\/sites\/11\/2026\/03\/cropped-Pirmsskolas-izglitibas-iestades-ar-pasu-logo-3-scaled-1.png","contentUrl":"https:\/\/izglitiba.valmierasnovads.lv\/mazsalacaspiidarzins\/wp-content\/uploads\/sites\/11\/2026\/03\/cropped-Pirmsskolas-izglitibas-iestades-ar-pasu-logo-3-scaled-1.png","width":1365,"height":406,"caption":"Mazsalacas pirmsskolas izgl\u012bt\u012bbas iest\u0101de \u201cD\u0101rzi\u0146\u0161\u201d"},"image":{"@id":"https:\/\/izglitiba.valmierasnovads.lv\/mazsalacaspiidarzins\/#\/schema\/logo\/image\/"}},{"@type":"Person","@id":"https:\/\/izglitiba.valmierasnovads.lv\/mazsalacaspiidarzins\/#\/schema\/person\/8e156b36b90a1e1efaaccaf1297a3e6a","name":"gitabrokane","image":{"@type":"ImageObject","inLanguage":"lv-LV","@id":"https:\/\/izglitiba.valmierasnovads.lv\/mazsalacaspiidarzins\/#\/schema\/person\/image\/","url":"https:\/\/secure.gravatar.com\/avatar\/28f19a4b22233515abfa8613abff292ac669a8494bf75ec96a915773e6c2c3ce?s=96&d=mm&r=g","contentUrl":"https:\/\/secure.gravatar.com\/avatar\/28f19a4b22233515abfa8613abff292ac669a8494bf75ec96a915773e6c2c3ce?s=96&d=mm&r=g","caption":"gitabrokane"},"url":"https:\/\/izglitiba.valmierasnovads.lv\/mazsalacaspiidarzins\/author\/gitabrokane\/"}]}},"_links":{"self":[{"href":"https:\/\/izglitiba.valmierasnovads.lv\/mazsalacaspiidarzins\/wp-json\/wp\/v2\/posts\/1636","targetHints":{"allow":["GET"]}}],"collection":[{"href":"https:\/\/izglitiba.valmierasnovads.lv\/mazsalacaspiidarzins\/wp-json\/wp\/v2\/posts"}],"about":[{"href":"https:\/\/izglitiba.valmierasnovads.lv\/mazsalacaspiidarzins\/wp-json\/wp\/v2\/types\/post"}],"author":[{"embeddable":true,"href":"https:\/\/izglitiba.valmierasnovads.lv\/mazsalacaspiidarzins\/wp-json\/wp\/v2\/users\/14"}],"replies":[{"embeddable":true,"href":"https:\/\/izglitiba.valmierasnovads.lv\/mazsalacaspiidarzins\/wp-json\/wp\/v2\/comments?post=1636"}],"version-history":[{"count":3,"href":"https:\/\/izglitiba.valmierasnovads.lv\/mazsalacaspiidarzins\/wp-json\/wp\/v2\/posts\/1636\/revisions"}],"predecessor-version":[{"id":1642,"href":"https:\/\/izglitiba.valmierasnovads.lv\/mazsalacaspiidarzins\/wp-json\/wp\/v2\/posts\/1636\/revisions\/1642"}],"wp:featuredmedia":[{"embeddable":true,"href":"https:\/\/izglitiba.valmierasnovads.lv\/mazsalacaspiidarzins\/wp-json\/wp\/v2\/media\/1637"}],"wp:attachment":[{"href":"https:\/\/izglitiba.valmierasnovads.lv\/mazsalacaspiidarzins\/wp-json\/wp\/v2\/media?parent=1636"}],"wp:term":[{"taxonomy":"category","embeddable":true,"href":"https:\/\/izglitiba.valmierasnovads.lv\/mazsalacaspiidarzins\/wp-json\/wp\/v2\/categories?post=1636"},{"taxonomy":"post_tag","embeddable":true,"href":"https:\/\/izglitiba.valmierasnovads.lv\/mazsalacaspiidarzins\/wp-json\/wp\/v2\/tags?post=1636"}],"curies":[{"name":"wp","href":"https:\/\/api.w.org\/{rel}","templated":true}]}}