{"id":1550,"date":"2026-04-15T09:54:12","date_gmt":"2026-04-15T06:54:12","guid":{"rendered":"https:\/\/izglitiba.valmierasnovads.lv\/rujienavarpina\/?p=1550"},"modified":"2026-04-15T09:56:13","modified_gmt":"2026-04-15T06:56:13","slug":"zemes-diena-22-aprili","status":"publish","type":"post","link":"https:\/\/izglitiba.valmierasnovads.lv\/rujienavarpina\/2026\/04\/15\/zemes-diena-22-aprili\/","title":{"rendered":"Zemes diena 22.apr\u012bl\u012b"},"content":{"rendered":"\n<h2 class=\"wp-block-heading\"><strong>Kas ir Zemes diena?<\/strong><\/h2>\n\n\n\n<p>Zemes diena ir ikgad\u0113js glob\u0101ls pas\u0101kums, kas tiek atz\u012bm\u0113ts 22. apr\u012bl\u012b. \u0160\u012b diena mums katram atg\u0101dina, ka Zeme un t\u0101s ekosist\u0113ma mums visiem nodro\u0161ina dz\u012bv\u012bbu. Katru gadu cilv\u0113ki aizvien vair\u0101k un vair\u0101k izmanto zemeslodes resursus, pat neapzinoties, ka tie tik \u0101tri neatjaunojas, vai visp\u0101r vairs nav atjaunojami, jo ir izdar\u012bts p\u0101r\u0101k liels posts. \u0160aj\u0101 dien\u0101 m\u0113s aicin\u0101m ikvienu atcer\u0113ties un nov\u0113rt\u0113t zemi, un visu ko t\u0101 mums sniedz!<\/p>\n\n\n\n<h2 class=\"wp-block-heading\"><strong>Zemes diena 2026<\/strong><\/h2>\n\n\n\n<p>2026. gada t\u0113ma ir \u201cM\u016bsu sp\u0113ks, m\u016bsu plan\u0113ta\u201d.<\/p>\n\n\n\n<p>\u0160aj\u0101&nbsp;<strong>Zemes dien\u0101<\/strong>&nbsp;cilv\u0113ki no da\u017e\u0101d\u0101m vid\u0113m un paaudz\u0113m tiek aicin\u0101ti st\u0101v\u0113t plecu pie pleca, lai aizst\u0101v\u0113tu vien\u012bg\u0101s m\u0101jas, kas mums visiem ir kop\u012bgas. Pievienojieties mums&nbsp;<strong>22. apr\u012bl\u012b<\/strong>, un visa 2026. gada laik\u0101, lai paceltu savu balsi, r\u012bkotos un par\u0101d\u012btu savu m\u012blest\u012bbu pret plan\u0113tu Zemi. Kad m\u0113s st\u0101vam kop\u0101, m\u016bsu plan\u0113tai ir n\u0101kotne.<\/p>\n\n\n\n<p>\u0160eit varat atrast noder\u012bgus resursus: kvizus, da\u017e\u0101dus faktus, rakstus un daudz ko citu, lai r\u012bkotos Zemes dien\u0101 un katru dienu:&nbsp;<a href=\"https:\/\/www.earthday.org\/campaign\/climate-environmental-literacy\/?_gl=1*b2rrl6*_up*MQ..*_ga*MTU4MjQwMDgzMS4xNzEyMDc3MzE4*_ga_QENXCBT7TN*MTc0MjkxNTU2My4yLjEuMTc0MjkxNTU2My42MC4wLjA.\">Klimata izgl\u012bt\u012bba<\/a><\/p>\n\n\n\n<h2 class=\"wp-block-heading\"><strong>K\u0101 atz\u012bm\u0113t \u0161o dienu?<\/strong>&nbsp;&nbsp;<\/h2>\n\n\n\n<ul class=\"wp-block-list\">\n<li>Organiz\u0113jiet izgl\u012btojo\u0161as aktivit\u0101tes, nodarb\u012bbas par klimata p\u0101rmai\u0146\u0101m, pies\u0101r\u0146ojumu un par vides aizsardz\u012bbas pas\u0101kumu noz\u012bmi.<\/li>\n\n\n\n<li>Veidojiet plak\u0101tus, viktor\u012bnas, foto konkursus, virtu\u0101l\u0101s izst\u0101des, debates u.tml. Un, protams, ietveriet ar\u012b re\u0101las r\u012bc\u012bbas klimata lab\u0101.<\/li>\n\n\n\n<li>Iest\u0101diet apputeksn\u0113t\u0101ju d\u0101rzu, izmantojot viet\u0113j\u0101s sugas, lai atbalst\u012btu viet\u0113j\u0101s tauri\u0146u, bi\u0161u un citu biolo\u0123iskajai daudzveid\u012bbai svar\u012bgu organismu popul\u0101cijas.<\/li>\n\n\n\n<li>Dalieties ar saviem labajiem darbiem soci\u0101lajos t\u012bklos, ievietojot foto un pateic\u012bbu zemei, izmantojot t\u0113mturus\u00a0<strong>#EarthDay #ZemesDiena #Ekoskolas<\/strong><\/li>\n<\/ul>\n\n\n\n<p><strong>Noder\u012bgi materi\u0101li par Zemes dienu atrodami \u0161eit:<\/strong><\/p>\n\n\n\n<p><a href=\"https:\/\/www.earthday.org\">https:\/\/www.earthday.org<\/a><\/p>\n\n\n\n<p><a href=\"https:\/\/www.earthday.org\/factsheets\">https:\/\/www.earthday.org\/factsheets<\/a><\/p>\n\n\n\n<p>Avots: https:\/\/ekoskolam.wordpress.com\/2026\/03\/12\/vides-dienas-aprili-2026\/<\/p>\n","protected":false},"excerpt":{"rendered":"<p>Kas ir Zemes diena? Zemes diena ir ikgad\u0113js glob\u0101ls pas\u0101kums, kas tiek atz\u012bm\u0113ts 22. apr\u012bl\u012b. \u0160\u012b diena mums katram atg\u0101dina, [&hellip;]<\/p>\n","protected":false},"author":15,"featured_media":1551,"comment_status":"closed","ping_status":"closed","sticky":false,"template":"","format":"standard","meta":{"_acf_changed":false,"site-sidebar-layout":"default","site-content-layout":"","ast-site-content-layout":"default","site-content-style":"default","site-sidebar-style":"default","ast-global-header-display":"","ast-banner-title-visibility":"","ast-main-header-display":"","ast-hfb-above-header-display":"","ast-hfb-below-header-display":"","ast-hfb-mobile-header-display":"","site-post-title":"","ast-breadcrumbs-content":"","ast-featured-img":"","footer-sml-layout":"","ast-disable-related-posts":"","theme-transparent-header-meta":"","adv-header-id-meta":"","stick-header-meta":"","header-above-stick-meta":"","header-main-stick-meta":"","header-below-stick-meta":"","astra-migrate-meta-layouts":"default","ast-page-background-enabled":"default","ast-page-background-meta":{"desktop":{"background-color":"var(--ast-global-color-5)","background-image":"","background-repeat":"repeat","background-position":"center center","background-size":"auto","background-attachment":"scroll","background-type":"","background-media":"","overlay-type":"","overlay-color":"","overlay-opacity":"","overlay-gradient":""},"tablet":{"background-color":"","background-image":"","background-repeat":"repeat","background-position":"center center","background-size":"auto","background-attachment":"scroll","background-type":"","background-media":"","overlay-type":"","overlay-color":"","overlay-opacity":"","overlay-gradient":""},"mobile":{"background-color":"","background-image":"","background-repeat":"repeat","background-position":"center center","background-size":"auto","background-attachment":"scroll","background-type":"","background-media":"","overlay-type":"","overlay-color":"","overlay-opacity":"","overlay-gradient":""}},"ast-content-background-meta":{"desktop":{"background-color":"var(--ast-global-color-4)","background-image":"","background-repeat":"repeat","background-position":"center center","background-size":"auto","background-attachment":"scroll","background-type":"","background-media":"","overlay-type":"","overlay-color":"","overlay-opacity":"","overlay-gradient":""},"tablet":{"background-color":"var(--ast-global-color-4)","background-image":"","background-repeat":"repeat","background-position":"center center","background-size":"auto","background-attachment":"scroll","background-type":"","background-media":"","overlay-type":"","overlay-color":"","overlay-opacity":"","overlay-gradient":""},"mobile":{"background-color":"var(--ast-global-color-4)","background-image":"","background-repeat":"repeat","background-position":"center center","background-size":"auto","background-attachment":"scroll","background-type":"","background-media":"","overlay-type":"","overlay-color":"","overlay-opacity":"","overlay-gradient":""}},"footnotes":""},"categories":[16],"tags":[],"class_list":["post-1550","post","type-post","status-publish","format-standard","has-post-thumbnail","hentry","category-ekoskola"],"acf":[],"yoast_head":"<!-- This site is optimized with the Yoast SEO plugin v27.0 - https:\/\/yoast.com\/product\/yoast-seo-wordpress\/ -->\n<title>Zemes diena 22.apr\u012bl\u012b - R\u016bjienas pirmsskolas izgl\u012bt\u012bbas iest\u0101de ,,V\u0101rpi\u0146a\u201d<\/title>\n<meta name=\"robots\" content=\"index, follow, max-snippet:-1, max-image-preview:large, max-video-preview:-1\" \/>\n<link rel=\"canonical\" href=\"https:\/\/izglitiba.valmierasnovads.lv\/rujienavarpina\/2026\/04\/15\/zemes-diena-22-aprili\/\" \/>\n<meta property=\"og:locale\" content=\"lv_LV\" \/>\n<meta property=\"og:type\" content=\"article\" \/>\n<meta property=\"og:title\" content=\"Zemes diena 22.apr\u012bl\u012b - R\u016bjienas pirmsskolas izgl\u012bt\u012bbas iest\u0101de ,,V\u0101rpi\u0146a\u201d\" \/>\n<meta property=\"og:description\" content=\"Kas ir Zemes diena? Zemes diena ir ikgad\u0113js glob\u0101ls pas\u0101kums, kas tiek atz\u012bm\u0113ts 22. apr\u012bl\u012b. \u0160\u012b diena mums katram atg\u0101dina, [&hellip;]\" \/>\n<meta property=\"og:url\" content=\"https:\/\/izglitiba.valmierasnovads.lv\/rujienavarpina\/2026\/04\/15\/zemes-diena-22-aprili\/\" \/>\n<meta property=\"og:site_name\" content=\"R\u016bjienas pirmsskolas izgl\u012bt\u012bbas iest\u0101de ,,V\u0101rpi\u0146a\u201d\" \/>\n<meta property=\"article:published_time\" content=\"2026-04-15T06:54:12+00:00\" \/>\n<meta property=\"article:modified_time\" content=\"2026-04-15T06:56:13+00:00\" \/>\n<meta property=\"og:image\" content=\"https:\/\/izglitiba.valmierasnovads.lv\/rujienavarpina\/wp-content\/uploads\/sites\/14\/2026\/04\/Noformejums-bez-nosaukuma-29.png\" \/>\n\t<meta property=\"og:image:width\" content=\"600\" \/>\n\t<meta property=\"og:image:height\" content=\"600\" \/>\n\t<meta property=\"og:image:type\" content=\"image\/png\" \/>\n<meta name=\"author\" content=\"ivitaseglina\" \/>\n<meta name=\"twitter:card\" content=\"summary_large_image\" \/>\n<meta name=\"twitter:label1\" content=\"Written by\" \/>\n\t<meta name=\"twitter:data1\" content=\"ivitaseglina\" \/>\n\t<meta name=\"twitter:label2\" content=\"Est. reading time\" \/>\n\t<meta name=\"twitter:data2\" content=\"2 min\u016btes\" \/>\n<script type=\"application\/ld+json\" class=\"yoast-schema-graph\">{\"@context\":\"https:\/\/schema.org\",\"@graph\":[{\"@type\":\"Article\",\"@id\":\"https:\/\/izglitiba.valmierasnovads.lv\/rujienavarpina\/2026\/04\/15\/zemes-diena-22-aprili\/#article\",\"isPartOf\":{\"@id\":\"https:\/\/izglitiba.valmierasnovads.lv\/rujienavarpina\/2026\/04\/15\/zemes-diena-22-aprili\/\"},\"author\":{\"name\":\"ivitaseglina\",\"@id\":\"https:\/\/izglitiba.valmierasnovads.lv\/rujienavarpina\/#\/schema\/person\/b34a85603fd93b0861280afc68cb47f0\"},\"headline\":\"Zemes diena 22.apr\u012bl\u012b\",\"datePublished\":\"2026-04-15T06:54:12+00:00\",\"dateModified\":\"2026-04-15T06:56:13+00:00\",\"mainEntityOfPage\":{\"@id\":\"https:\/\/izglitiba.valmierasnovads.lv\/rujienavarpina\/2026\/04\/15\/zemes-diena-22-aprili\/\"},\"wordCount\":358,\"publisher\":{\"@id\":\"https:\/\/izglitiba.valmierasnovads.lv\/rujienavarpina\/#organization\"},\"image\":{\"@id\":\"https:\/\/izglitiba.valmierasnovads.lv\/rujienavarpina\/2026\/04\/15\/zemes-diena-22-aprili\/#primaryimage\"},\"thumbnailUrl\":\"https:\/\/izglitiba.valmierasnovads.lv\/rujienavarpina\/wp-content\/uploads\/sites\/14\/2026\/04\/Noformejums-bez-nosaukuma-29.png\",\"articleSection\":[\"Ekoskola\"],\"inLanguage\":\"lv-LV\"},{\"@type\":\"WebPage\",\"@id\":\"https:\/\/izglitiba.valmierasnovads.lv\/rujienavarpina\/2026\/04\/15\/zemes-diena-22-aprili\/\",\"url\":\"https:\/\/izglitiba.valmierasnovads.lv\/rujienavarpina\/2026\/04\/15\/zemes-diena-22-aprili\/\",\"name\":\"Zemes diena 22.apr\u012bl\u012b - R\u016bjienas pirmsskolas izgl\u012bt\u012bbas iest\u0101de ,,V\u0101rpi\u0146a\u201d\",\"isPartOf\":{\"@id\":\"https:\/\/izglitiba.valmierasnovads.lv\/rujienavarpina\/#website\"},\"primaryImageOfPage\":{\"@id\":\"https:\/\/izglitiba.valmierasnovads.lv\/rujienavarpina\/2026\/04\/15\/zemes-diena-22-aprili\/#primaryimage\"},\"image\":{\"@id\":\"https:\/\/izglitiba.valmierasnovads.lv\/rujienavarpina\/2026\/04\/15\/zemes-diena-22-aprili\/#primaryimage\"},\"thumbnailUrl\":\"https:\/\/izglitiba.valmierasnovads.lv\/rujienavarpina\/wp-content\/uploads\/sites\/14\/2026\/04\/Noformejums-bez-nosaukuma-29.png\",\"datePublished\":\"2026-04-15T06:54:12+00:00\",\"dateModified\":\"2026-04-15T06:56:13+00:00\",\"breadcrumb\":{\"@id\":\"https:\/\/izglitiba.valmierasnovads.lv\/rujienavarpina\/2026\/04\/15\/zemes-diena-22-aprili\/#breadcrumb\"},\"inLanguage\":\"lv-LV\",\"potentialAction\":[{\"@type\":\"ReadAction\",\"target\":[\"https:\/\/izglitiba.valmierasnovads.lv\/rujienavarpina\/2026\/04\/15\/zemes-diena-22-aprili\/\"]}]},{\"@type\":\"ImageObject\",\"inLanguage\":\"lv-LV\",\"@id\":\"https:\/\/izglitiba.valmierasnovads.lv\/rujienavarpina\/2026\/04\/15\/zemes-diena-22-aprili\/#primaryimage\",\"url\":\"https:\/\/izglitiba.valmierasnovads.lv\/rujienavarpina\/wp-content\/uploads\/sites\/14\/2026\/04\/Noformejums-bez-nosaukuma-29.png\",\"contentUrl\":\"https:\/\/izglitiba.valmierasnovads.lv\/rujienavarpina\/wp-content\/uploads\/sites\/14\/2026\/04\/Noformejums-bez-nosaukuma-29.png\",\"width\":600,\"height\":600},{\"@type\":\"BreadcrumbList\",\"@id\":\"https:\/\/izglitiba.valmierasnovads.lv\/rujienavarpina\/2026\/04\/15\/zemes-diena-22-aprili\/#breadcrumb\",\"itemListElement\":[{\"@type\":\"ListItem\",\"position\":1,\"name\":\"Home\",\"item\":\"https:\/\/izglitiba.valmierasnovads.lv\/rujienavarpina\/\"},{\"@type\":\"ListItem\",\"position\":2,\"name\":\"Zemes diena 22.apr\u012bl\u012b\"}]},{\"@type\":\"WebSite\",\"@id\":\"https:\/\/izglitiba.valmierasnovads.lv\/rujienavarpina\/#website\",\"url\":\"https:\/\/izglitiba.valmierasnovads.lv\/rujienavarpina\/\",\"name\":\"R\u016bjienas pirmsskolas izgl\u012bt\u012bbas iest\u0101de ,,V\u0101rpi\u0146a\u201d\",\"description\":\"\",\"publisher\":{\"@id\":\"https:\/\/izglitiba.valmierasnovads.lv\/rujienavarpina\/#organization\"},\"potentialAction\":[{\"@type\":\"SearchAction\",\"target\":{\"@type\":\"EntryPoint\",\"urlTemplate\":\"https:\/\/izglitiba.valmierasnovads.lv\/rujienavarpina\/?s={search_term_string}\"},\"query-input\":{\"@type\":\"PropertyValueSpecification\",\"valueRequired\":true,\"valueName\":\"search_term_string\"}}],\"inLanguage\":\"lv-LV\"},{\"@type\":\"Organization\",\"@id\":\"https:\/\/izglitiba.valmierasnovads.lv\/rujienavarpina\/#organization\",\"name\":\"R\u016bjienas pirmsskolas izgl\u012bt\u012bbas iest\u0101de ,,V\u0101rpi\u0146a\u201d\",\"url\":\"https:\/\/izglitiba.valmierasnovads.lv\/rujienavarpina\/\",\"logo\":{\"@type\":\"ImageObject\",\"inLanguage\":\"lv-LV\",\"@id\":\"https:\/\/izglitiba.valmierasnovads.lv\/rujienavarpina\/#\/schema\/logo\/image\/\",\"url\":\"https:\/\/izglitiba.valmierasnovads.lv\/rujienavarpina\/wp-content\/uploads\/sites\/14\/2026\/03\/cropped-Pirmsskolas-izglitibas-iestades-ar-pasu-logo-13-scaled-1.png\",\"contentUrl\":\"https:\/\/izglitiba.valmierasnovads.lv\/rujienavarpina\/wp-content\/uploads\/sites\/14\/2026\/03\/cropped-Pirmsskolas-izglitibas-iestades-ar-pasu-logo-13-scaled-1.png\",\"width\":1423,\"height\":404,\"caption\":\"R\u016bjienas pirmsskolas izgl\u012bt\u012bbas iest\u0101de ,,V\u0101rpi\u0146a\u201d\"},\"image\":{\"@id\":\"https:\/\/izglitiba.valmierasnovads.lv\/rujienavarpina\/#\/schema\/logo\/image\/\"}},{\"@type\":\"Person\",\"@id\":\"https:\/\/izglitiba.valmierasnovads.lv\/rujienavarpina\/#\/schema\/person\/b34a85603fd93b0861280afc68cb47f0\",\"name\":\"ivitaseglina\",\"image\":{\"@type\":\"ImageObject\",\"inLanguage\":\"lv-LV\",\"@id\":\"https:\/\/izglitiba.valmierasnovads.lv\/rujienavarpina\/#\/schema\/person\/image\/\",\"url\":\"https:\/\/secure.gravatar.com\/avatar\/f5184caa30907ae2d76b51f92fb2141c87b75dbfeb552fa3f3de561a9f31c01f?s=96&d=mm&r=g\",\"contentUrl\":\"https:\/\/secure.gravatar.com\/avatar\/f5184caa30907ae2d76b51f92fb2141c87b75dbfeb552fa3f3de561a9f31c01f?s=96&d=mm&r=g\",\"caption\":\"ivitaseglina\"},\"url\":\"https:\/\/izglitiba.valmierasnovads.lv\/rujienavarpina\/author\/ivitaseglina\/\"}]}<\/script>\n<!-- \/ Yoast SEO plugin. -->","yoast_head_json":{"title":"Zemes diena 22.apr\u012bl\u012b - R\u016bjienas pirmsskolas izgl\u012bt\u012bbas iest\u0101de ,,V\u0101rpi\u0146a\u201d","robots":{"index":"index","follow":"follow","max-snippet":"max-snippet:-1","max-image-preview":"max-image-preview:large","max-video-preview":"max-video-preview:-1"},"canonical":"https:\/\/izglitiba.valmierasnovads.lv\/rujienavarpina\/2026\/04\/15\/zemes-diena-22-aprili\/","og_locale":"lv_LV","og_type":"article","og_title":"Zemes diena 22.apr\u012bl\u012b - R\u016bjienas pirmsskolas izgl\u012bt\u012bbas iest\u0101de ,,V\u0101rpi\u0146a\u201d","og_description":"Kas ir Zemes diena? Zemes diena ir ikgad\u0113js glob\u0101ls pas\u0101kums, kas tiek atz\u012bm\u0113ts 22. apr\u012bl\u012b. \u0160\u012b diena mums katram atg\u0101dina, [&hellip;]","og_url":"https:\/\/izglitiba.valmierasnovads.lv\/rujienavarpina\/2026\/04\/15\/zemes-diena-22-aprili\/","og_site_name":"R\u016bjienas pirmsskolas izgl\u012bt\u012bbas iest\u0101de ,,V\u0101rpi\u0146a\u201d","article_published_time":"2026-04-15T06:54:12+00:00","article_modified_time":"2026-04-15T06:56:13+00:00","og_image":[{"width":600,"height":600,"url":"https:\/\/izglitiba.valmierasnovads.lv\/rujienavarpina\/wp-content\/uploads\/sites\/14\/2026\/04\/Noformejums-bez-nosaukuma-29.png","type":"image\/png"}],"author":"ivitaseglina","twitter_card":"summary_large_image","twitter_misc":{"Written by":"ivitaseglina","Est. reading time":"2 min\u016btes"},"schema":{"@context":"https:\/\/schema.org","@graph":[{"@type":"Article","@id":"https:\/\/izglitiba.valmierasnovads.lv\/rujienavarpina\/2026\/04\/15\/zemes-diena-22-aprili\/#article","isPartOf":{"@id":"https:\/\/izglitiba.valmierasnovads.lv\/rujienavarpina\/2026\/04\/15\/zemes-diena-22-aprili\/"},"author":{"name":"ivitaseglina","@id":"https:\/\/izglitiba.valmierasnovads.lv\/rujienavarpina\/#\/schema\/person\/b34a85603fd93b0861280afc68cb47f0"},"headline":"Zemes diena 22.apr\u012bl\u012b","datePublished":"2026-04-15T06:54:12+00:00","dateModified":"2026-04-15T06:56:13+00:00","mainEntityOfPage":{"@id":"https:\/\/izglitiba.valmierasnovads.lv\/rujienavarpina\/2026\/04\/15\/zemes-diena-22-aprili\/"},"wordCount":358,"publisher":{"@id":"https:\/\/izglitiba.valmierasnovads.lv\/rujienavarpina\/#organization"},"image":{"@id":"https:\/\/izglitiba.valmierasnovads.lv\/rujienavarpina\/2026\/04\/15\/zemes-diena-22-aprili\/#primaryimage"},"thumbnailUrl":"https:\/\/izglitiba.valmierasnovads.lv\/rujienavarpina\/wp-content\/uploads\/sites\/14\/2026\/04\/Noformejums-bez-nosaukuma-29.png","articleSection":["Ekoskola"],"inLanguage":"lv-LV"},{"@type":"WebPage","@id":"https:\/\/izglitiba.valmierasnovads.lv\/rujienavarpina\/2026\/04\/15\/zemes-diena-22-aprili\/","url":"https:\/\/izglitiba.valmierasnovads.lv\/rujienavarpina\/2026\/04\/15\/zemes-diena-22-aprili\/","name":"Zemes diena 22.apr\u012bl\u012b - R\u016bjienas pirmsskolas izgl\u012bt\u012bbas iest\u0101de ,,V\u0101rpi\u0146a\u201d","isPartOf":{"@id":"https:\/\/izglitiba.valmierasnovads.lv\/rujienavarpina\/#website"},"primaryImageOfPage":{"@id":"https:\/\/izglitiba.valmierasnovads.lv\/rujienavarpina\/2026\/04\/15\/zemes-diena-22-aprili\/#primaryimage"},"image":{"@id":"https:\/\/izglitiba.valmierasnovads.lv\/rujienavarpina\/2026\/04\/15\/zemes-diena-22-aprili\/#primaryimage"},"thumbnailUrl":"https:\/\/izglitiba.valmierasnovads.lv\/rujienavarpina\/wp-content\/uploads\/sites\/14\/2026\/04\/Noformejums-bez-nosaukuma-29.png","datePublished":"2026-04-15T06:54:12+00:00","dateModified":"2026-04-15T06:56:13+00:00","breadcrumb":{"@id":"https:\/\/izglitiba.valmierasnovads.lv\/rujienavarpina\/2026\/04\/15\/zemes-diena-22-aprili\/#breadcrumb"},"inLanguage":"lv-LV","potentialAction":[{"@type":"ReadAction","target":["https:\/\/izglitiba.valmierasnovads.lv\/rujienavarpina\/2026\/04\/15\/zemes-diena-22-aprili\/"]}]},{"@type":"ImageObject","inLanguage":"lv-LV","@id":"https:\/\/izglitiba.valmierasnovads.lv\/rujienavarpina\/2026\/04\/15\/zemes-diena-22-aprili\/#primaryimage","url":"https:\/\/izglitiba.valmierasnovads.lv\/rujienavarpina\/wp-content\/uploads\/sites\/14\/2026\/04\/Noformejums-bez-nosaukuma-29.png","contentUrl":"https:\/\/izglitiba.valmierasnovads.lv\/rujienavarpina\/wp-content\/uploads\/sites\/14\/2026\/04\/Noformejums-bez-nosaukuma-29.png","width":600,"height":600},{"@type":"BreadcrumbList","@id":"https:\/\/izglitiba.valmierasnovads.lv\/rujienavarpina\/2026\/04\/15\/zemes-diena-22-aprili\/#breadcrumb","itemListElement":[{"@type":"ListItem","position":1,"name":"Home","item":"https:\/\/izglitiba.valmierasnovads.lv\/rujienavarpina\/"},{"@type":"ListItem","position":2,"name":"Zemes diena 22.apr\u012bl\u012b"}]},{"@type":"WebSite","@id":"https:\/\/izglitiba.valmierasnovads.lv\/rujienavarpina\/#website","url":"https:\/\/izglitiba.valmierasnovads.lv\/rujienavarpina\/","name":"R\u016bjienas pirmsskolas izgl\u012bt\u012bbas iest\u0101de ,,V\u0101rpi\u0146a\u201d","description":"","publisher":{"@id":"https:\/\/izglitiba.valmierasnovads.lv\/rujienavarpina\/#organization"},"potentialAction":[{"@type":"SearchAction","target":{"@type":"EntryPoint","urlTemplate":"https:\/\/izglitiba.valmierasnovads.lv\/rujienavarpina\/?s={search_term_string}"},"query-input":{"@type":"PropertyValueSpecification","valueRequired":true,"valueName":"search_term_string"}}],"inLanguage":"lv-LV"},{"@type":"Organization","@id":"https:\/\/izglitiba.valmierasnovads.lv\/rujienavarpina\/#organization","name":"R\u016bjienas pirmsskolas izgl\u012bt\u012bbas iest\u0101de ,,V\u0101rpi\u0146a\u201d","url":"https:\/\/izglitiba.valmierasnovads.lv\/rujienavarpina\/","logo":{"@type":"ImageObject","inLanguage":"lv-LV","@id":"https:\/\/izglitiba.valmierasnovads.lv\/rujienavarpina\/#\/schema\/logo\/image\/","url":"https:\/\/izglitiba.valmierasnovads.lv\/rujienavarpina\/wp-content\/uploads\/sites\/14\/2026\/03\/cropped-Pirmsskolas-izglitibas-iestades-ar-pasu-logo-13-scaled-1.png","contentUrl":"https:\/\/izglitiba.valmierasnovads.lv\/rujienavarpina\/wp-content\/uploads\/sites\/14\/2026\/03\/cropped-Pirmsskolas-izglitibas-iestades-ar-pasu-logo-13-scaled-1.png","width":1423,"height":404,"caption":"R\u016bjienas pirmsskolas izgl\u012bt\u012bbas iest\u0101de ,,V\u0101rpi\u0146a\u201d"},"image":{"@id":"https:\/\/izglitiba.valmierasnovads.lv\/rujienavarpina\/#\/schema\/logo\/image\/"}},{"@type":"Person","@id":"https:\/\/izglitiba.valmierasnovads.lv\/rujienavarpina\/#\/schema\/person\/b34a85603fd93b0861280afc68cb47f0","name":"ivitaseglina","image":{"@type":"ImageObject","inLanguage":"lv-LV","@id":"https:\/\/izglitiba.valmierasnovads.lv\/rujienavarpina\/#\/schema\/person\/image\/","url":"https:\/\/secure.gravatar.com\/avatar\/f5184caa30907ae2d76b51f92fb2141c87b75dbfeb552fa3f3de561a9f31c01f?s=96&d=mm&r=g","contentUrl":"https:\/\/secure.gravatar.com\/avatar\/f5184caa30907ae2d76b51f92fb2141c87b75dbfeb552fa3f3de561a9f31c01f?s=96&d=mm&r=g","caption":"ivitaseglina"},"url":"https:\/\/izglitiba.valmierasnovads.lv\/rujienavarpina\/author\/ivitaseglina\/"}]}},"_links":{"self":[{"href":"https:\/\/izglitiba.valmierasnovads.lv\/rujienavarpina\/wp-json\/wp\/v2\/posts\/1550","targetHints":{"allow":["GET"]}}],"collection":[{"href":"https:\/\/izglitiba.valmierasnovads.lv\/rujienavarpina\/wp-json\/wp\/v2\/posts"}],"about":[{"href":"https:\/\/izglitiba.valmierasnovads.lv\/rujienavarpina\/wp-json\/wp\/v2\/types\/post"}],"author":[{"embeddable":true,"href":"https:\/\/izglitiba.valmierasnovads.lv\/rujienavarpina\/wp-json\/wp\/v2\/users\/15"}],"replies":[{"embeddable":true,"href":"https:\/\/izglitiba.valmierasnovads.lv\/rujienavarpina\/wp-json\/wp\/v2\/comments?post=1550"}],"version-history":[{"count":3,"href":"https:\/\/izglitiba.valmierasnovads.lv\/rujienavarpina\/wp-json\/wp\/v2\/posts\/1550\/revisions"}],"predecessor-version":[{"id":1554,"href":"https:\/\/izglitiba.valmierasnovads.lv\/rujienavarpina\/wp-json\/wp\/v2\/posts\/1550\/revisions\/1554"}],"wp:featuredmedia":[{"embeddable":true,"href":"https:\/\/izglitiba.valmierasnovads.lv\/rujienavarpina\/wp-json\/wp\/v2\/media\/1551"}],"wp:attachment":[{"href":"https:\/\/izglitiba.valmierasnovads.lv\/rujienavarpina\/wp-json\/wp\/v2\/media?parent=1550"}],"wp:term":[{"taxonomy":"category","embeddable":true,"href":"https:\/\/izglitiba.valmierasnovads.lv\/rujienavarpina\/wp-json\/wp\/v2\/categories?post=1550"},{"taxonomy":"post_tag","embeddable":true,"href":"https:\/\/izglitiba.valmierasnovads.lv\/rujienavarpina\/wp-json\/wp\/v2\/tags?post=1550"}],"curies":[{"name":"wp","href":"https:\/\/api.w.org\/{rel}","templated":true}]}}