{"id":956,"date":"2026-08-13T21:29:16","date_gmt":"2026-08-13T18:29:16","guid":{"rendered":"https:\/\/izglitiba.valmierasnovads.lv\/strencupamatskola\/?p=956"},"modified":"2026-08-24T21:36:58","modified_gmt":"2026-08-24T18:36:58","slug":"strencu-pamatskola-sak-istenot-iniciativu-projektu-no-saubam-uz-speku","status":"publish","type":"post","link":"https:\/\/izglitiba.valmierasnovads.lv\/strencupamatskola\/strencu-pamatskola-sak-istenot-iniciativu-projektu-no-saubam-uz-speku\/","title":{"rendered":"Stren\u010du pamatskol\u0101 s\u0101k \u012bstenot iniciat\u012bvu projektu \u201cNo \u0161aub\u0101m uz sp\u0113ku\u201d"},"content":{"rendered":"\n<p class=\"has-black-color has-text-color has-link-color wp-elements-1 wp-block-paragraph\">Stren\u010du pamatskol\u0101 uzs\u0101kta iniciat\u012bvu projekta <strong>\u201cNo \u0161aub\u0101m uz sp\u0113ku\u201d<\/strong> \u012bsteno\u0161ana. T\u0101 m\u0113r\u0137is ir iesaist\u012bt jaunie\u0161us, kuri pak\u013cauti soci\u0101l\u0101s atstumt\u012bbas riskiem, stiprinot vi\u0146u pa\u0161apzi\u0146u, sadarb\u012bbas un pa\u0161regul\u0101cijas prasmes, k\u0101 ar\u012b pieder\u012bbas saj\u016btu skolai un viet\u0113jai kopienai.<\/p>\n\n\n\n<p class=\"has-black-color has-text-color has-link-color wp-elements-2 wp-block-paragraph\">Projektu \u012bsteno Valmieras novada pa\u0161vald\u012bbas iest\u0101de <strong>Stren\u010du pamatskola<\/strong> sadarb\u012bb\u0101 ar biedr\u012bbu <strong>\u201cP\u0101vul\u0113ni\u201d<\/strong>. Projekta \u012bsteno\u0161anas laiks ir no <strong>2026. gada 14. augusta l\u012bdz 2027. gada 18. j\u016bnijam<\/strong>, un taj\u0101 pl\u0101nots iesaist\u012bt <strong>25 jaunie\u0161us<\/strong>.<\/p>\n\n\n\n<p class=\"has-black-color has-text-color has-link-color wp-elements-3 wp-block-paragraph\">Projekta idejas pamat\u0101 ir p\u0101rliec\u012bba, ka dro\u0161a un iek\u013caujo\u0161a vide s\u0101kas ar katra jaunie\u0161a iek\u0161\u0113jo dro\u0161\u012bbu. Zema pa\u0161apzi\u0146a, bailes k\u013c\u016bd\u012bties, gr\u016bt\u012bbas sadarboties un komunic\u0113t, soci\u0101l\u0101 izol\u0113t\u012bba un nepietiekams \u0123imenes atbalsts var k\u013c\u016bt par b\u016btiskiem \u0161\u0137\u0113r\u0161\u013ciem gan m\u0101c\u012bbu proces\u0101, gan pilnv\u0113rt\u012bgai iesaistei skolas un kopienas dz\u012bv\u0113.<\/p>\n\n\n\n<p class=\"has-black-color has-text-color has-link-color wp-elements-4 wp-block-paragraph\">Projekta aktivit\u0101tes b\u016bs v\u0113rstas uz jaunie\u0161u iek\u0161\u0113jo resursu stiprin\u0101\u0161anu, pa\u0161apzi\u0146as cel\u0161anu, pamatv\u0113rt\u012bbu apzin\u0101\u0161anos, emocion\u0101l\u0101s notur\u012bbas un soci\u0101lo prasmju att\u012bst\u012b\u0161anu. Vienlaikus paredz\u0113ts stiprin\u0101t jaunie\u0161u un vi\u0146u \u0123ime\u0146u savstarp\u0113j\u0101s attiec\u012bbas un veicin\u0101t sadarb\u012bbu starp skolu, \u0123imeni, nevalstisko sektoru un viet\u0113jo kopienu.<\/p>\n\n\n\n<h2 class=\"wp-block-heading has-medium-font-size\"><strong>No iepaz\u012b\u0161an\u0101s l\u012bdz drosmei r\u012bkoties<\/strong><\/h2>\n\n\n\n<p class=\"has-black-color has-text-color has-link-color wp-elements-5 wp-block-paragraph\">Desmit m\u0113ne\u0161u laik\u0101 jaunie\u0161iem un vi\u0146u \u0123imen\u0113m paredz\u0113ta daudzveid\u012bga praktisko un neform\u0101l\u0101s izgl\u012bt\u012bbas aktivit\u0101\u0161u programma.<\/p>\n\n\n\n<p class=\"has-black-color has-text-color has-link-color wp-elements-6 wp-block-paragraph\">Projektu ievada aktivit\u0101te <strong>\u201cAtrodi sevi, atrodi sav\u0113jos\u201d<\/strong>, kuras centr\u0101 ir katra jaunie\u0161a individu\u0101l\u0101s v\u0113rt\u012bbas un stipro pu\u0161u apzin\u0101\u0161an\u0101s, savstarp\u0113ja iepaz\u012b\u0161an\u0101s un pieder\u012bbas saj\u016btas veido\u0161ana.<\/p>\n\n\n\n<p class=\"has-black-color has-text-color has-link-color wp-elements-7 wp-block-paragraph\">Septembr\u012b paredz\u0113ta nometne <strong>\u201c\u0100rpus komforta zonas\u201d<\/strong>, kur\u0101 jaunie\u0161i p\u0101rg\u0101jien\u0101 un cit\u0101s aktivit\u0101t\u0113s dab\u0101 m\u0101c\u012bsies uztic\u0113ties cits citam, p\u0101rvar\u0113t bailes, pie\u0146emt l\u0113mumus nestandarta situ\u0101cij\u0101s un att\u012bst\u012bt patst\u0101v\u012bbu.<\/p>\n\n\n\n<p class=\"has-black-color has-text-color has-link-color wp-elements-8 wp-block-paragraph\">No 2026. gada oktobra l\u012bdz 2027. gada apr\u012blim notiks pa\u0161izaugsmes un pa\u0161regul\u0101cijas nodarb\u012bbu cikls <strong>\u201cIedvesma r\u012bc\u012bbai\u201d<\/strong>. Taj\u0101 paredz\u0113tas kulin\u0101rijas meistarklases, rado\u0161\u0101s pa\u0161izpausmes nodarb\u012bbas, tik\u0161an\u0101s ar cilv\u0113kiem, kuri dal\u012bsies savos pieredzes st\u0101stos, k\u0101 ar\u012b karjeras pas\u0101kumi un \u0113no\u0161ana viet\u0113jos uz\u0146\u0113mumos. Praktisk\u0101s aktivit\u0101tes pal\u012bdz\u0113s jaunie\u0161iem att\u012bst\u012bt sadarb\u012bbas, emociju vad\u012bbas un pa\u0161regul\u0101cijas prasmes, k\u0101 ar\u012b saskat\u012bt saikni starp m\u0101c\u012bb\u0101m un n\u0101kotnes iesp\u0113j\u0101m.<\/p>\n\n\n\n<p class=\"has-black-color has-text-color has-link-color wp-elements-9 wp-block-paragraph\">B\u016btiska vieta projekt\u0101 paredz\u0113ta ar\u012b \u0123imen\u0113m. Vec\u0101ku un b\u0113rnu p\u0113cpusdien\u0101 <strong>\u201cVec\u0101ki + b\u0113rni = komanda\u201d<\/strong> kop\u012bgas sporta un komandas aktivit\u0101tes pal\u012bdz\u0113s stiprin\u0101t savstarp\u0113j\u0101s attiec\u012bbas un sadarb\u012bbas prasmes. Savuk\u0101rt aktivit\u0101t\u0113 <strong>\u201cMazie darbi \u2013 lielas saj\u016btas\u201d<\/strong> \u0123imenes tiks aicin\u0101tas kop\u012bgi iesaist\u012bties teritorijas labiek\u0101rto\u0161an\u0101 un cit\u0101s praktisk\u0101s aktivit\u0101t\u0113s.<\/p>\n\n\n\n<p class=\"has-black-color has-text-color has-link-color wp-elements-10 wp-block-paragraph\">Projekta nosl\u0113gum\u0101 aktivit\u0101t\u0113 <strong>\u201cCe\u013c\u0161 uz sevi: projekta atspulgs\u201d<\/strong> jaunie\u0161i izv\u0113rt\u0113s piedz\u012bvoto, ieg\u016bt\u0101s prasmes, person\u012bgo izaugsmi un p\u0101rvar\u0113tos izaicin\u0101jumus.<\/p>\n\n\n\n<h2 class=\"wp-block-heading has-medium-font-size\"><strong>Stipr\u0101ks jaunietis \u2014 stipr\u0101ka kopiena<\/strong><\/h2>\n\n\n\n<p class=\"has-black-color has-text-color has-link-color wp-elements-11 wp-block-paragraph\">Sagaid\u0101ms, ka projekta rezult\u0101t\u0101 jaunie\u0161i b\u016bs atv\u0113rt\u0101ki sadarb\u012bbai, lab\u0101k sp\u0113s atpaz\u012bt un vad\u012bt savas emocijas, pie\u0146emt patst\u0101v\u012bgus l\u0113mumus un apzin\u0101ties savas stipr\u0101s puses. Projekta aktivit\u0101tes veicin\u0101s ar\u012b savstarp\u0113jo uztic\u0113\u0161anos, emp\u0101tiju un pieder\u012bbas saj\u016btu.<\/p>\n\n\n\n<p class=\"has-black-color has-text-color has-link-color wp-elements-12 wp-block-paragraph\">Stiprinot jaunie\u0161u pa\u0161apzi\u0146u un radot iesp\u0113jas piedz\u012bvot pan\u0101kumus \u0101rpus ierast\u0101 m\u0101c\u012bbu procesa, projekts tiecas mazin\u0101t soci\u0101l\u0101s atstumt\u012bbas un priek\u0161laic\u012bgas m\u0101c\u012bbu p\u0101rtrauk\u0161anas riskus. Savuk\u0101rt sadarb\u012bba ar \u0123imen\u0113m, biedr\u012bbu, viet\u0113jiem uz\u0146\u0113mumiem un citiem kopienas p\u0101rst\u0101vjiem pal\u012bdz\u0113s veidot vidi, kur\u0101 jaunietis j\u016btas pie\u0146emts, sadzird\u0113ts un sp\u0113j\u012bgs l\u012bdzdarboties.<\/p>\n\n\n\n<p class=\"has-text-color has-link-color wp-elements-13 wp-block-paragraph\" style=\"color:#8f65b3\">Iniciat\u012bvu projektu finans\u0113 projekts \u201cSkola \u2013 kopien\u0101\u201d, kas tiek \u012bstenots Eiropas Soci\u0101l\u0101 fonda Plus projekta Nr. 4.2.3.1\/1\/24\/I\/001 ietvaros.<\/p>\n\n\n\n<figure class=\"wp-block-image alignright size-large is-style-default\"><img loading=\"lazy\" decoding=\"async\" width=\"1024\" height=\"353\" src=\"https:\/\/izglitiba.valmierasnovads.lv\/strencupamatskola\/wp-content\/uploads\/sites\/3\/2026\/08\/a55d4f5a-4d3b-40d5-bf31-5cef1d0e3b1f-1024x353.png\" alt=\"\" class=\"wp-image-952\" srcset=\"https:\/\/izglitiba.valmierasnovads.lv\/strencupamatskola\/wp-content\/uploads\/sites\/3\/2026\/08\/a55d4f5a-4d3b-40d5-bf31-5cef1d0e3b1f-1024x353.png 1024w, https:\/\/izglitiba.valmierasnovads.lv\/strencupamatskola\/wp-content\/uploads\/sites\/3\/2026\/08\/a55d4f5a-4d3b-40d5-bf31-5cef1d0e3b1f-300x103.png 300w, https:\/\/izglitiba.valmierasnovads.lv\/strencupamatskola\/wp-content\/uploads\/sites\/3\/2026\/08\/a55d4f5a-4d3b-40d5-bf31-5cef1d0e3b1f-768x265.png 768w, https:\/\/izglitiba.valmierasnovads.lv\/strencupamatskola\/wp-content\/uploads\/sites\/3\/2026\/08\/a55d4f5a-4d3b-40d5-bf31-5cef1d0e3b1f-1536x530.png 1536w, https:\/\/izglitiba.valmierasnovads.lv\/strencupamatskola\/wp-content\/uploads\/sites\/3\/2026\/08\/a55d4f5a-4d3b-40d5-bf31-5cef1d0e3b1f.png 1690w\" sizes=\"auto, (max-width: 1024px) 100vw, 1024px\" \/><\/figure>\n\n\n\n<p class=\"wp-block-paragraph\"><\/p>\n","protected":false},"excerpt":{"rendered":"<p>Stren\u010du pamatskol\u0101 uzs\u0101kta iniciat\u012bvu projekta \u201cNo \u0161aub\u0101m uz sp\u0113ku\u201d \u012bsteno\u0161ana. T\u0101 m\u0113r\u0137is ir iesaist\u012bt jaunie\u0161us, kuri pak\u013cauti soci\u0101l\u0101s atstumt\u012bbas riskiem, [&hellip;]<\/p>\n","protected":false},"author":5,"featured_media":957,"comment_status":"closed","ping_status":"closed","sticky":false,"template":"","format":"standard","meta":{"_acf_changed":false,"site-sidebar-layout":"default","site-content-layout":"","ast-site-content-layout":"default","site-content-style":"default","site-sidebar-style":"default","ast-global-header-display":"","ast-banner-title-visibility":"","ast-main-header-display":"","ast-hfb-above-header-display":"","ast-hfb-below-header-display":"","ast-hfb-mobile-header-display":"","site-post-title":"","ast-breadcrumbs-content":"","ast-featured-img":"","footer-sml-layout":"","ast-disable-related-posts":"","theme-transparent-header-meta":"","adv-header-id-meta":"","stick-header-meta":"","header-above-stick-meta":"","header-main-stick-meta":"","header-below-stick-meta":"","astra-migrate-meta-layouts":"default","ast-page-background-enabled":"default","ast-page-background-meta":{"desktop":{"background-color":"var(--ast-global-color-4)","background-image":"","background-repeat":"repeat","background-position":"center center","background-size":"auto","background-attachment":"scroll","background-type":"","background-media":"","overlay-type":"","overlay-color":"","overlay-opacity":"","overlay-gradient":""},"tablet":{"background-color":"","background-image":"","background-repeat":"repeat","background-position":"center center","background-size":"auto","background-attachment":"scroll","background-type":"","background-media":"","overlay-type":"","overlay-color":"","overlay-opacity":"","overlay-gradient":""},"mobile":{"background-color":"","background-image":"","background-repeat":"repeat","background-position":"center center","background-size":"auto","background-attachment":"scroll","background-type":"","background-media":"","overlay-type":"","overlay-color":"","overlay-opacity":"","overlay-gradient":""}},"ast-content-background-meta":{"desktop":{"background-color":"var(--ast-global-color-5)","background-image":"","background-repeat":"repeat","background-position":"center center","background-size":"auto","background-attachment":"scroll","background-type":"","background-media":"","overlay-type":"","overlay-color":"","overlay-opacity":"","overlay-gradient":""},"tablet":{"background-color":"var(--ast-global-color-5)","background-image":"","background-repeat":"repeat","background-position":"center center","background-size":"auto","background-attachment":"scroll","background-type":"","background-media":"","overlay-type":"","overlay-color":"","overlay-opacity":"","overlay-gradient":""},"mobile":{"background-color":"var(--ast-global-color-5)","background-image":"","background-repeat":"repeat","background-position":"center center","background-size":"auto","background-attachment":"scroll","background-type":"","background-media":"","overlay-type":"","overlay-color":"","overlay-opacity":"","overlay-gradient":""}},"footnotes":""},"categories":[18],"tags":[],"class_list":["post-956","post","type-post","status-publish","format-standard","has-post-thumbnail","hentry","category-projekts"],"acf":[],"yoast_head":"<!-- This site is optimized with the Yoast SEO plugin v28.4 - https:\/\/yoast.com\/product\/yoast-seo-wordpress\/ -->\n<title>Stren\u010du pamatskol\u0101 s\u0101k \u012bstenot iniciat\u012bvu projektu \u201cNo \u0161aub\u0101m uz sp\u0113ku\u201d - Stren\u010du pamatskola<\/title>\n<meta name=\"robots\" content=\"index, follow, max-snippet:-1, max-image-preview:large, max-video-preview:-1\" \/>\n<link rel=\"canonical\" href=\"https:\/\/izglitiba.valmierasnovads.lv\/strencupamatskola\/strencu-pamatskola-sak-istenot-iniciativu-projektu-no-saubam-uz-speku\/\" \/>\n<meta property=\"og:locale\" content=\"lv_LV\" \/>\n<meta property=\"og:type\" content=\"article\" \/>\n<meta property=\"og:title\" content=\"Stren\u010du pamatskol\u0101 s\u0101k \u012bstenot iniciat\u012bvu projektu \u201cNo \u0161aub\u0101m uz sp\u0113ku\u201d - Stren\u010du pamatskola\" \/>\n<meta property=\"og:description\" content=\"Stren\u010du pamatskol\u0101 uzs\u0101kta iniciat\u012bvu projekta \u201cNo \u0161aub\u0101m uz sp\u0113ku\u201d \u012bsteno\u0161ana. T\u0101 m\u0113r\u0137is ir iesaist\u012bt jaunie\u0161us, kuri pak\u013cauti soci\u0101l\u0101s atstumt\u012bbas riskiem, [&hellip;]\" \/>\n<meta property=\"og:url\" content=\"https:\/\/izglitiba.valmierasnovads.lv\/strencupamatskola\/strencu-pamatskola-sak-istenot-iniciativu-projektu-no-saubam-uz-speku\/\" \/>\n<meta property=\"og:site_name\" content=\"Stren\u010du pamatskola\" \/>\n<meta property=\"article:published_time\" content=\"2026-08-13T18:29:16+00:00\" \/>\n<meta property=\"article:modified_time\" content=\"2026-08-24T18:36:58+00:00\" \/>\n<meta property=\"og:image\" content=\"https:\/\/izglitiba.valmierasnovads.lv\/strencupamatskola\/wp-content\/uploads\/sites\/3\/2026\/08\/1.-Atrodi-sevi-atrodi-savejos-1.png\" \/>\n\t<meta property=\"og:image:width\" content=\"1640\" \/>\n\t<meta property=\"og:image:height\" content=\"924\" \/>\n\t<meta property=\"og:image:type\" content=\"image\/png\" \/>\n<meta name=\"author\" content=\"solvitateberga\" \/>\n<meta name=\"twitter:card\" content=\"summary_large_image\" \/>\n<meta name=\"twitter:label1\" content=\"Written by\" \/>\n\t<meta name=\"twitter:data1\" content=\"solvitateberga\" \/>\n\t<meta name=\"twitter:label2\" content=\"Est. reading time\" \/>\n\t<meta name=\"twitter:data2\" content=\"3 min\u016btes\" \/>\n<script type=\"application\/ld+json\" class=\"yoast-schema-graph\">{\"@context\":\"https:\\\/\\\/schema.org\",\"@graph\":[{\"@type\":\"Article\",\"@id\":\"https:\\\/\\\/izglitiba.valmierasnovads.lv\\\/strencupamatskola\\\/strencu-pamatskola-sak-istenot-iniciativu-projektu-no-saubam-uz-speku\\\/#article\",\"isPartOf\":{\"@id\":\"https:\\\/\\\/izglitiba.valmierasnovads.lv\\\/strencupamatskola\\\/strencu-pamatskola-sak-istenot-iniciativu-projektu-no-saubam-uz-speku\\\/\"},\"author\":{\"name\":\"solvitateberga\",\"@id\":\"https:\\\/\\\/izglitiba.valmierasnovads.lv\\\/strencupamatskola\\\/#\\\/schema\\\/person\\\/6fe7c0dc20369bd4125d582559956484\"},\"headline\":\"Stren\u010du pamatskol\u0101 s\u0101k \u012bstenot iniciat\u012bvu projektu \u201cNo \u0161aub\u0101m uz sp\u0113ku\u201d\",\"datePublished\":\"2026-08-13T18:29:16+00:00\",\"dateModified\":\"2026-08-24T18:36:58+00:00\",\"mainEntityOfPage\":{\"@id\":\"https:\\\/\\\/izglitiba.valmierasnovads.lv\\\/strencupamatskola\\\/strencu-pamatskola-sak-istenot-iniciativu-projektu-no-saubam-uz-speku\\\/\"},\"wordCount\":734,\"publisher\":{\"@id\":\"https:\\\/\\\/izglitiba.valmierasnovads.lv\\\/strencupamatskola\\\/#organization\"},\"image\":{\"@id\":\"https:\\\/\\\/izglitiba.valmierasnovads.lv\\\/strencupamatskola\\\/strencu-pamatskola-sak-istenot-iniciativu-projektu-no-saubam-uz-speku\\\/#primaryimage\"},\"thumbnailUrl\":\"https:\\\/\\\/izglitiba.valmierasnovads.lv\\\/strencupamatskola\\\/wp-content\\\/uploads\\\/sites\\\/3\\\/2026\\\/08\\\/1.-Atrodi-sevi-atrodi-savejos-1.png\",\"articleSection\":[\"Projekts\"],\"inLanguage\":\"lv-LV\"},{\"@type\":\"WebPage\",\"@id\":\"https:\\\/\\\/izglitiba.valmierasnovads.lv\\\/strencupamatskola\\\/strencu-pamatskola-sak-istenot-iniciativu-projektu-no-saubam-uz-speku\\\/\",\"url\":\"https:\\\/\\\/izglitiba.valmierasnovads.lv\\\/strencupamatskola\\\/strencu-pamatskola-sak-istenot-iniciativu-projektu-no-saubam-uz-speku\\\/\",\"name\":\"Stren\u010du pamatskol\u0101 s\u0101k \u012bstenot iniciat\u012bvu projektu \u201cNo \u0161aub\u0101m uz sp\u0113ku\u201d - Stren\u010du pamatskola\",\"isPartOf\":{\"@id\":\"https:\\\/\\\/izglitiba.valmierasnovads.lv\\\/strencupamatskola\\\/#website\"},\"primaryImageOfPage\":{\"@id\":\"https:\\\/\\\/izglitiba.valmierasnovads.lv\\\/strencupamatskola\\\/strencu-pamatskola-sak-istenot-iniciativu-projektu-no-saubam-uz-speku\\\/#primaryimage\"},\"image\":{\"@id\":\"https:\\\/\\\/izglitiba.valmierasnovads.lv\\\/strencupamatskola\\\/strencu-pamatskola-sak-istenot-iniciativu-projektu-no-saubam-uz-speku\\\/#primaryimage\"},\"thumbnailUrl\":\"https:\\\/\\\/izglitiba.valmierasnovads.lv\\\/strencupamatskola\\\/wp-content\\\/uploads\\\/sites\\\/3\\\/2026\\\/08\\\/1.-Atrodi-sevi-atrodi-savejos-1.png\",\"datePublished\":\"2026-08-13T18:29:16+00:00\",\"dateModified\":\"2026-08-24T18:36:58+00:00\",\"breadcrumb\":{\"@id\":\"https:\\\/\\\/izglitiba.valmierasnovads.lv\\\/strencupamatskola\\\/strencu-pamatskola-sak-istenot-iniciativu-projektu-no-saubam-uz-speku\\\/#breadcrumb\"},\"inLanguage\":\"lv-LV\",\"potentialAction\":[{\"@type\":\"ReadAction\",\"target\":[\"https:\\\/\\\/izglitiba.valmierasnovads.lv\\\/strencupamatskola\\\/strencu-pamatskola-sak-istenot-iniciativu-projektu-no-saubam-uz-speku\\\/\"]}]},{\"@type\":\"ImageObject\",\"inLanguage\":\"lv-LV\",\"@id\":\"https:\\\/\\\/izglitiba.valmierasnovads.lv\\\/strencupamatskola\\\/strencu-pamatskola-sak-istenot-iniciativu-projektu-no-saubam-uz-speku\\\/#primaryimage\",\"url\":\"https:\\\/\\\/izglitiba.valmierasnovads.lv\\\/strencupamatskola\\\/wp-content\\\/uploads\\\/sites\\\/3\\\/2026\\\/08\\\/1.-Atrodi-sevi-atrodi-savejos-1.png\",\"contentUrl\":\"https:\\\/\\\/izglitiba.valmierasnovads.lv\\\/strencupamatskola\\\/wp-content\\\/uploads\\\/sites\\\/3\\\/2026\\\/08\\\/1.-Atrodi-sevi-atrodi-savejos-1.png\",\"width\":1640,\"height\":924},{\"@type\":\"BreadcrumbList\",\"@id\":\"https:\\\/\\\/izglitiba.valmierasnovads.lv\\\/strencupamatskola\\\/strencu-pamatskola-sak-istenot-iniciativu-projektu-no-saubam-uz-speku\\\/#breadcrumb\",\"itemListElement\":[{\"@type\":\"ListItem\",\"position\":1,\"name\":\"Home\",\"item\":\"https:\\\/\\\/izglitiba.valmierasnovads.lv\\\/strencupamatskola\\\/\"},{\"@type\":\"ListItem\",\"position\":2,\"name\":\"Stren\u010du pamatskol\u0101 s\u0101k \u012bstenot iniciat\u012bvu projektu \u201cNo \u0161aub\u0101m uz sp\u0113ku\u201d\"}]},{\"@type\":\"WebSite\",\"@id\":\"https:\\\/\\\/izglitiba.valmierasnovads.lv\\\/strencupamatskola\\\/#website\",\"url\":\"https:\\\/\\\/izglitiba.valmierasnovads.lv\\\/strencupamatskola\\\/\",\"name\":\"Stren\u010du pamatskola\",\"description\":\"\",\"publisher\":{\"@id\":\"https:\\\/\\\/izglitiba.valmierasnovads.lv\\\/strencupamatskola\\\/#organization\"},\"potentialAction\":[{\"@type\":\"SearchAction\",\"target\":{\"@type\":\"EntryPoint\",\"urlTemplate\":\"https:\\\/\\\/izglitiba.valmierasnovads.lv\\\/strencupamatskola\\\/?s={search_term_string}\"},\"query-input\":{\"@type\":\"PropertyValueSpecification\",\"valueRequired\":true,\"valueName\":\"search_term_string\"}}],\"inLanguage\":\"lv-LV\"},{\"@type\":\"Organization\",\"@id\":\"https:\\\/\\\/izglitiba.valmierasnovads.lv\\\/strencupamatskola\\\/#organization\",\"name\":\"Stren\u010du pamatskola\",\"url\":\"https:\\\/\\\/izglitiba.valmierasnovads.lv\\\/strencupamatskola\\\/\",\"logo\":{\"@type\":\"ImageObject\",\"inLanguage\":\"lv-LV\",\"@id\":\"https:\\\/\\\/izglitiba.valmierasnovads.lv\\\/strencupamatskola\\\/#\\\/schema\\\/logo\\\/image\\\/\",\"url\":\"https:\\\/\\\/izglitiba.valmierasnovads.lv\\\/strencupamatskola\\\/wp-content\\\/uploads\\\/sites\\\/3\\\/2025\\\/03\\\/cropped-1-removebg-preview.png\",\"contentUrl\":\"https:\\\/\\\/izglitiba.valmierasnovads.lv\\\/strencupamatskola\\\/wp-content\\\/uploads\\\/sites\\\/3\\\/2025\\\/03\\\/cropped-1-removebg-preview.png\",\"width\":326,\"height\":312,\"caption\":\"Stren\u010du pamatskola\"},\"image\":{\"@id\":\"https:\\\/\\\/izglitiba.valmierasnovads.lv\\\/strencupamatskola\\\/#\\\/schema\\\/logo\\\/image\\\/\"}},{\"@type\":\"Person\",\"@id\":\"https:\\\/\\\/izglitiba.valmierasnovads.lv\\\/strencupamatskola\\\/#\\\/schema\\\/person\\\/6fe7c0dc20369bd4125d582559956484\",\"name\":\"solvitateberga\",\"image\":{\"@type\":\"ImageObject\",\"inLanguage\":\"lv-LV\",\"@id\":\"https:\\\/\\\/secure.gravatar.com\\\/avatar\\\/e98fdb2fb240e50ef05ba5d5e8fef5a4081c33addd696c53dd34ca0f1645c3b8?s=96&d=mm&r=g\",\"url\":\"https:\\\/\\\/secure.gravatar.com\\\/avatar\\\/e98fdb2fb240e50ef05ba5d5e8fef5a4081c33addd696c53dd34ca0f1645c3b8?s=96&d=mm&r=g\",\"contentUrl\":\"https:\\\/\\\/secure.gravatar.com\\\/avatar\\\/e98fdb2fb240e50ef05ba5d5e8fef5a4081c33addd696c53dd34ca0f1645c3b8?s=96&d=mm&r=g\",\"caption\":\"solvitateberga\"},\"url\":\"https:\\\/\\\/izglitiba.valmierasnovads.lv\\\/strencupamatskola\\\/author\\\/solvitateberga\\\/\"}]}<\/script>\n<!-- \/ Yoast SEO plugin. -->","yoast_head_json":{"title":"Stren\u010du pamatskol\u0101 s\u0101k \u012bstenot iniciat\u012bvu projektu \u201cNo \u0161aub\u0101m uz sp\u0113ku\u201d - Stren\u010du pamatskola","robots":{"index":"index","follow":"follow","max-snippet":"max-snippet:-1","max-image-preview":"max-image-preview:large","max-video-preview":"max-video-preview:-1"},"canonical":"https:\/\/izglitiba.valmierasnovads.lv\/strencupamatskola\/strencu-pamatskola-sak-istenot-iniciativu-projektu-no-saubam-uz-speku\/","og_locale":"lv_LV","og_type":"article","og_title":"Stren\u010du pamatskol\u0101 s\u0101k \u012bstenot iniciat\u012bvu projektu \u201cNo \u0161aub\u0101m uz sp\u0113ku\u201d - Stren\u010du pamatskola","og_description":"Stren\u010du pamatskol\u0101 uzs\u0101kta iniciat\u012bvu projekta \u201cNo \u0161aub\u0101m uz sp\u0113ku\u201d \u012bsteno\u0161ana. T\u0101 m\u0113r\u0137is ir iesaist\u012bt jaunie\u0161us, kuri pak\u013cauti soci\u0101l\u0101s atstumt\u012bbas riskiem, [&hellip;]","og_url":"https:\/\/izglitiba.valmierasnovads.lv\/strencupamatskola\/strencu-pamatskola-sak-istenot-iniciativu-projektu-no-saubam-uz-speku\/","og_site_name":"Stren\u010du pamatskola","article_published_time":"2026-08-13T18:29:16+00:00","article_modified_time":"2026-08-24T18:36:58+00:00","og_image":[{"width":1640,"height":924,"url":"https:\/\/izglitiba.valmierasnovads.lv\/strencupamatskola\/wp-content\/uploads\/sites\/3\/2026\/08\/1.-Atrodi-sevi-atrodi-savejos-1.png","type":"image\/png"}],"author":"solvitateberga","twitter_card":"summary_large_image","twitter_misc":{"Written by":"solvitateberga","Est. reading time":"3 min\u016btes"},"schema":{"@context":"https:\/\/schema.org","@graph":[{"@type":"Article","@id":"https:\/\/izglitiba.valmierasnovads.lv\/strencupamatskola\/strencu-pamatskola-sak-istenot-iniciativu-projektu-no-saubam-uz-speku\/#article","isPartOf":{"@id":"https:\/\/izglitiba.valmierasnovads.lv\/strencupamatskola\/strencu-pamatskola-sak-istenot-iniciativu-projektu-no-saubam-uz-speku\/"},"author":{"name":"solvitateberga","@id":"https:\/\/izglitiba.valmierasnovads.lv\/strencupamatskola\/#\/schema\/person\/6fe7c0dc20369bd4125d582559956484"},"headline":"Stren\u010du pamatskol\u0101 s\u0101k \u012bstenot iniciat\u012bvu projektu \u201cNo \u0161aub\u0101m uz sp\u0113ku\u201d","datePublished":"2026-08-13T18:29:16+00:00","dateModified":"2026-08-24T18:36:58+00:00","mainEntityOfPage":{"@id":"https:\/\/izglitiba.valmierasnovads.lv\/strencupamatskola\/strencu-pamatskola-sak-istenot-iniciativu-projektu-no-saubam-uz-speku\/"},"wordCount":734,"publisher":{"@id":"https:\/\/izglitiba.valmierasnovads.lv\/strencupamatskola\/#organization"},"image":{"@id":"https:\/\/izglitiba.valmierasnovads.lv\/strencupamatskola\/strencu-pamatskola-sak-istenot-iniciativu-projektu-no-saubam-uz-speku\/#primaryimage"},"thumbnailUrl":"https:\/\/izglitiba.valmierasnovads.lv\/strencupamatskola\/wp-content\/uploads\/sites\/3\/2026\/08\/1.-Atrodi-sevi-atrodi-savejos-1.png","articleSection":["Projekts"],"inLanguage":"lv-LV"},{"@type":"WebPage","@id":"https:\/\/izglitiba.valmierasnovads.lv\/strencupamatskola\/strencu-pamatskola-sak-istenot-iniciativu-projektu-no-saubam-uz-speku\/","url":"https:\/\/izglitiba.valmierasnovads.lv\/strencupamatskola\/strencu-pamatskola-sak-istenot-iniciativu-projektu-no-saubam-uz-speku\/","name":"Stren\u010du pamatskol\u0101 s\u0101k \u012bstenot iniciat\u012bvu projektu \u201cNo \u0161aub\u0101m uz sp\u0113ku\u201d - Stren\u010du pamatskola","isPartOf":{"@id":"https:\/\/izglitiba.valmierasnovads.lv\/strencupamatskola\/#website"},"primaryImageOfPage":{"@id":"https:\/\/izglitiba.valmierasnovads.lv\/strencupamatskola\/strencu-pamatskola-sak-istenot-iniciativu-projektu-no-saubam-uz-speku\/#primaryimage"},"image":{"@id":"https:\/\/izglitiba.valmierasnovads.lv\/strencupamatskola\/strencu-pamatskola-sak-istenot-iniciativu-projektu-no-saubam-uz-speku\/#primaryimage"},"thumbnailUrl":"https:\/\/izglitiba.valmierasnovads.lv\/strencupamatskola\/wp-content\/uploads\/sites\/3\/2026\/08\/1.-Atrodi-sevi-atrodi-savejos-1.png","datePublished":"2026-08-13T18:29:16+00:00","dateModified":"2026-08-24T18:36:58+00:00","breadcrumb":{"@id":"https:\/\/izglitiba.valmierasnovads.lv\/strencupamatskola\/strencu-pamatskola-sak-istenot-iniciativu-projektu-no-saubam-uz-speku\/#breadcrumb"},"inLanguage":"lv-LV","potentialAction":[{"@type":"ReadAction","target":["https:\/\/izglitiba.valmierasnovads.lv\/strencupamatskola\/strencu-pamatskola-sak-istenot-iniciativu-projektu-no-saubam-uz-speku\/"]}]},{"@type":"ImageObject","inLanguage":"lv-LV","@id":"https:\/\/izglitiba.valmierasnovads.lv\/strencupamatskola\/strencu-pamatskola-sak-istenot-iniciativu-projektu-no-saubam-uz-speku\/#primaryimage","url":"https:\/\/izglitiba.valmierasnovads.lv\/strencupamatskola\/wp-content\/uploads\/sites\/3\/2026\/08\/1.-Atrodi-sevi-atrodi-savejos-1.png","contentUrl":"https:\/\/izglitiba.valmierasnovads.lv\/strencupamatskola\/wp-content\/uploads\/sites\/3\/2026\/08\/1.-Atrodi-sevi-atrodi-savejos-1.png","width":1640,"height":924},{"@type":"BreadcrumbList","@id":"https:\/\/izglitiba.valmierasnovads.lv\/strencupamatskola\/strencu-pamatskola-sak-istenot-iniciativu-projektu-no-saubam-uz-speku\/#breadcrumb","itemListElement":[{"@type":"ListItem","position":1,"name":"Home","item":"https:\/\/izglitiba.valmierasnovads.lv\/strencupamatskola\/"},{"@type":"ListItem","position":2,"name":"Stren\u010du pamatskol\u0101 s\u0101k \u012bstenot iniciat\u012bvu projektu \u201cNo \u0161aub\u0101m uz sp\u0113ku\u201d"}]},{"@type":"WebSite","@id":"https:\/\/izglitiba.valmierasnovads.lv\/strencupamatskola\/#website","url":"https:\/\/izglitiba.valmierasnovads.lv\/strencupamatskola\/","name":"Stren\u010du pamatskola","description":"","publisher":{"@id":"https:\/\/izglitiba.valmierasnovads.lv\/strencupamatskola\/#organization"},"potentialAction":[{"@type":"SearchAction","target":{"@type":"EntryPoint","urlTemplate":"https:\/\/izglitiba.valmierasnovads.lv\/strencupamatskola\/?s={search_term_string}"},"query-input":{"@type":"PropertyValueSpecification","valueRequired":true,"valueName":"search_term_string"}}],"inLanguage":"lv-LV"},{"@type":"Organization","@id":"https:\/\/izglitiba.valmierasnovads.lv\/strencupamatskola\/#organization","name":"Stren\u010du pamatskola","url":"https:\/\/izglitiba.valmierasnovads.lv\/strencupamatskola\/","logo":{"@type":"ImageObject","inLanguage":"lv-LV","@id":"https:\/\/izglitiba.valmierasnovads.lv\/strencupamatskola\/#\/schema\/logo\/image\/","url":"https:\/\/izglitiba.valmierasnovads.lv\/strencupamatskola\/wp-content\/uploads\/sites\/3\/2025\/03\/cropped-1-removebg-preview.png","contentUrl":"https:\/\/izglitiba.valmierasnovads.lv\/strencupamatskola\/wp-content\/uploads\/sites\/3\/2025\/03\/cropped-1-removebg-preview.png","width":326,"height":312,"caption":"Stren\u010du pamatskola"},"image":{"@id":"https:\/\/izglitiba.valmierasnovads.lv\/strencupamatskola\/#\/schema\/logo\/image\/"}},{"@type":"Person","@id":"https:\/\/izglitiba.valmierasnovads.lv\/strencupamatskola\/#\/schema\/person\/6fe7c0dc20369bd4125d582559956484","name":"solvitateberga","image":{"@type":"ImageObject","inLanguage":"lv-LV","@id":"https:\/\/secure.gravatar.com\/avatar\/e98fdb2fb240e50ef05ba5d5e8fef5a4081c33addd696c53dd34ca0f1645c3b8?s=96&d=mm&r=g","url":"https:\/\/secure.gravatar.com\/avatar\/e98fdb2fb240e50ef05ba5d5e8fef5a4081c33addd696c53dd34ca0f1645c3b8?s=96&d=mm&r=g","contentUrl":"https:\/\/secure.gravatar.com\/avatar\/e98fdb2fb240e50ef05ba5d5e8fef5a4081c33addd696c53dd34ca0f1645c3b8?s=96&d=mm&r=g","caption":"solvitateberga"},"url":"https:\/\/izglitiba.valmierasnovads.lv\/strencupamatskola\/author\/solvitateberga\/"}]}},"_links":{"self":[{"href":"https:\/\/izglitiba.valmierasnovads.lv\/strencupamatskola\/wp-json\/wp\/v2\/posts\/956","targetHints":{"allow":["GET"]}}],"collection":[{"href":"https:\/\/izglitiba.valmierasnovads.lv\/strencupamatskola\/wp-json\/wp\/v2\/posts"}],"about":[{"href":"https:\/\/izglitiba.valmierasnovads.lv\/strencupamatskola\/wp-json\/wp\/v2\/types\/post"}],"author":[{"embeddable":true,"href":"https:\/\/izglitiba.valmierasnovads.lv\/strencupamatskola\/wp-json\/wp\/v2\/users\/5"}],"replies":[{"embeddable":true,"href":"https:\/\/izglitiba.valmierasnovads.lv\/strencupamatskola\/wp-json\/wp\/v2\/comments?post=956"}],"version-history":[{"count":3,"href":"https:\/\/izglitiba.valmierasnovads.lv\/strencupamatskola\/wp-json\/wp\/v2\/posts\/956\/revisions"}],"predecessor-version":[{"id":960,"href":"https:\/\/izglitiba.valmierasnovads.lv\/strencupamatskola\/wp-json\/wp\/v2\/posts\/956\/revisions\/960"}],"wp:featuredmedia":[{"embeddable":true,"href":"https:\/\/izglitiba.valmierasnovads.lv\/strencupamatskola\/wp-json\/wp\/v2\/media\/957"}],"wp:attachment":[{"href":"https:\/\/izglitiba.valmierasnovads.lv\/strencupamatskola\/wp-json\/wp\/v2\/media?parent=956"}],"wp:term":[{"taxonomy":"category","embeddable":true,"href":"https:\/\/izglitiba.valmierasnovads.lv\/strencupamatskola\/wp-json\/wp\/v2\/categories?post=956"},{"taxonomy":"post_tag","embeddable":true,"href":"https:\/\/izglitiba.valmierasnovads.lv\/strencupamatskola\/wp-json\/wp\/v2\/tags?post=956"}],"curies":[{"name":"wp","href":"https:\/\/api.w.org\/{rel}","templated":true}]}}