{"id":1024,"date":"2026-02-03T10:35:20","date_gmt":"2026-02-03T08:35:20","guid":{"rendered":"https:\/\/izglitiba.valmierasnovads.lv\/v2v\/?p=1024"},"modified":"2026-02-03T10:35:20","modified_gmt":"2026-02-03T08:35:20","slug":"sarunu-vakars-kopa","status":"publish","type":"post","link":"https:\/\/izglitiba.valmierasnovads.lv\/v2v\/2026\/02\/03\/sarunu-vakars-kopa\/","title":{"rendered":"Sarunu vakars &#8220;KOP\u0100&#8221;"},"content":{"rendered":"\n<p>Valmieras 2.vidusskolas organiz\u0113tais sarunu vakars \u201cKOP\u0100\u201d rada arvien liel\u0101ku vec\u0101ku, izgl\u012bt\u012bbas jom\u0101 str\u0101d\u0101jo\u0161o Valmieras novada cilv\u0113ku interesi. Sarunas bija p\u0101rdomas rosino\u0161as un \u013coti praktiskas kop\u0101 ar Baibu Blomnieci Jur\u0101ni \u2013 katrs vakara gait\u0101 var\u0113ja pa\u0146emt sev vismaz vienu v\u0113rt\u012bgu atzi\u0146u, ko izmantot ikdien\u0101.<br>\u012apa\u0161s prieks, ka \u0123ime\u0146u intereses p\u0101rst\u0101v\u0113ja ar\u012b t\u0113ti \ud83d\udcaa \u2013 tas apliecina, ka kop\u0101 b\u016b\u0161ana, izpratne un atbild\u012bba par b\u0113rnu labsaj\u016btu ir abu vec\u0101ku kop\u012bgs ce\u013c\u0161.<br>Iepl\u0101nojam un tiekamies 23. apr\u012bl\u012b!<\/p>\n\n\n<style>.wp-block-kadence-advancedgallery .kb-gallery-type-masonry.kb-gallery-id-1024_68d85a-2f{margin:-5px;}.kb-gallery-type-masonry.kb-gallery-id-1024_68d85a-2f .kadence-blocks-gallery-item{padding:5px;}.kb-gallery-id-1024_68d85a-2f .kadence-blocks-gallery-item .kb-gal-image-radius, .kb-gallery-id-1024_68d85a-2f .kb-slide-item .kb-gal-image-radius img{border-radius:0px 0px 0px 0px;;}<\/style><div class=\"kb-gallery-wrap-id-1024_68d85a-2f alignnone wp-block-kadence-advancedgallery\"><ul class=\"kb-gallery-ul kb-gallery-non-static kb-gallery-type-masonry kb-masonry-init kb-gallery-id-1024_68d85a-2f kb-gallery-caption-style-bottom-hover kb-gallery-filter-none\" data-image-filter=\"none\" data-item-selector=\".kadence-blocks-gallery-item\" data-lightbox-caption=\"true\" data-columns-xxl=\"3\" data-columns-xl=\"3\" data-columns-md=\"3\" data-columns-sm=\"2\" data-columns-xs=\"1\" data-columns-ss=\"1\"><li class=\"kadence-blocks-gallery-item\" tabindex=\"0\"><div class=\"kadence-blocks-gallery-item-inner\"><figure class=\"kb-gallery-figure kadence-blocks-gallery-item-hide-caption\"><div class=\"kb-gal-image-radius\" style=\"max-width:1024px;\"><div class=\"kb-gallery-image-contain kadence-blocks-gallery-intrinsic\" style=\"padding-bottom:75%;\"><img loading=\"lazy\" decoding=\"async\" src=\"https:\/\/izglitiba.valmierasnovads.lv\/v2v\/wp-content\/uploads\/sites\/23\/2026\/02\/WhatsApp-Image-2026-02-01-at-21.59.46-1-1024x768.jpeg\" width=\"1024\" height=\"768\" alt=\"\" data-full-image=\"https:\/\/izglitiba.valmierasnovads.lv\/v2v\/wp-content\/uploads\/sites\/23\/2026\/02\/WhatsApp-Image-2026-02-01-at-21.59.46-1.jpeg\" data-light-image=\"https:\/\/izglitiba.valmierasnovads.lv\/v2v\/wp-content\/uploads\/sites\/23\/2026\/02\/WhatsApp-Image-2026-02-01-at-21.59.46-1.jpeg\" data-id=\"1025\" class=\"wp-image-1025\" srcset=\"https:\/\/izglitiba.valmierasnovads.lv\/v2v\/wp-content\/uploads\/sites\/23\/2026\/02\/WhatsApp-Image-2026-02-01-at-21.59.46-1-1024x768.jpeg 1024w, https:\/\/izglitiba.valmierasnovads.lv\/v2v\/wp-content\/uploads\/sites\/23\/2026\/02\/WhatsApp-Image-2026-02-01-at-21.59.46-1-300x225.jpeg 300w, https:\/\/izglitiba.valmierasnovads.lv\/v2v\/wp-content\/uploads\/sites\/23\/2026\/02\/WhatsApp-Image-2026-02-01-at-21.59.46-1-768x576.jpeg 768w, https:\/\/izglitiba.valmierasnovads.lv\/v2v\/wp-content\/uploads\/sites\/23\/2026\/02\/WhatsApp-Image-2026-02-01-at-21.59.46-1-1536x1152.jpeg 1536w, https:\/\/izglitiba.valmierasnovads.lv\/v2v\/wp-content\/uploads\/sites\/23\/2026\/02\/WhatsApp-Image-2026-02-01-at-21.59.46-1.jpeg 2048w\" sizes=\"auto, (max-width: 1024px) 100vw, 1024px\" \/><\/div><\/div><\/figure><\/div><\/li><li class=\"kadence-blocks-gallery-item\" tabindex=\"0\"><div class=\"kadence-blocks-gallery-item-inner\"><figure class=\"kb-gallery-figure kadence-blocks-gallery-item-hide-caption\"><div class=\"kb-gal-image-radius\" style=\"max-width:472px;\"><div class=\"kb-gallery-image-contain kadence-blocks-gallery-intrinsic\" style=\"padding-bottom:216%;\"><img loading=\"lazy\" decoding=\"async\" src=\"https:\/\/izglitiba.valmierasnovads.lv\/v2v\/wp-content\/uploads\/sites\/23\/2026\/02\/WhatsApp-Image-2026-02-01-at-21.59.45-2-472x1024.jpeg\" width=\"472\" height=\"1024\" alt=\"\" data-full-image=\"https:\/\/izglitiba.valmierasnovads.lv\/v2v\/wp-content\/uploads\/sites\/23\/2026\/02\/WhatsApp-Image-2026-02-01-at-21.59.45-2.jpeg\" data-light-image=\"https:\/\/izglitiba.valmierasnovads.lv\/v2v\/wp-content\/uploads\/sites\/23\/2026\/02\/WhatsApp-Image-2026-02-01-at-21.59.45-2.jpeg\" data-id=\"1027\" class=\"wp-image-1027\" srcset=\"https:\/\/izglitiba.valmierasnovads.lv\/v2v\/wp-content\/uploads\/sites\/23\/2026\/02\/WhatsApp-Image-2026-02-01-at-21.59.45-2-472x1024.jpeg 472w, https:\/\/izglitiba.valmierasnovads.lv\/v2v\/wp-content\/uploads\/sites\/23\/2026\/02\/WhatsApp-Image-2026-02-01-at-21.59.45-2-138x300.jpeg 138w, https:\/\/izglitiba.valmierasnovads.lv\/v2v\/wp-content\/uploads\/sites\/23\/2026\/02\/WhatsApp-Image-2026-02-01-at-21.59.45-2-768x1666.jpeg 768w, https:\/\/izglitiba.valmierasnovads.lv\/v2v\/wp-content\/uploads\/sites\/23\/2026\/02\/WhatsApp-Image-2026-02-01-at-21.59.45-2-708x1536.jpeg 708w, https:\/\/izglitiba.valmierasnovads.lv\/v2v\/wp-content\/uploads\/sites\/23\/2026\/02\/WhatsApp-Image-2026-02-01-at-21.59.45-2.jpeg 922w\" sizes=\"auto, (max-width: 472px) 100vw, 472px\" \/><\/div><\/div><\/figure><\/div><\/li><li class=\"kadence-blocks-gallery-item\" tabindex=\"0\"><div class=\"kadence-blocks-gallery-item-inner\"><figure class=\"kb-gallery-figure kadence-blocks-gallery-item-hide-caption\"><div class=\"kb-gal-image-radius\" style=\"max-width:1024px;\"><div class=\"kb-gallery-image-contain kadence-blocks-gallery-intrinsic\" style=\"padding-bottom:75%;\"><img loading=\"lazy\" decoding=\"async\" src=\"https:\/\/izglitiba.valmierasnovads.lv\/v2v\/wp-content\/uploads\/sites\/23\/2026\/02\/WhatsApp-Image-2026-02-01-at-21.59.45-1-1024x768.jpeg\" width=\"1024\" height=\"768\" alt=\"\" data-full-image=\"https:\/\/izglitiba.valmierasnovads.lv\/v2v\/wp-content\/uploads\/sites\/23\/2026\/02\/WhatsApp-Image-2026-02-01-at-21.59.45-1.jpeg\" data-light-image=\"https:\/\/izglitiba.valmierasnovads.lv\/v2v\/wp-content\/uploads\/sites\/23\/2026\/02\/WhatsApp-Image-2026-02-01-at-21.59.45-1.jpeg\" data-id=\"1026\" class=\"wp-image-1026\" srcset=\"https:\/\/izglitiba.valmierasnovads.lv\/v2v\/wp-content\/uploads\/sites\/23\/2026\/02\/WhatsApp-Image-2026-02-01-at-21.59.45-1-1024x768.jpeg 1024w, https:\/\/izglitiba.valmierasnovads.lv\/v2v\/wp-content\/uploads\/sites\/23\/2026\/02\/WhatsApp-Image-2026-02-01-at-21.59.45-1-300x225.jpeg 300w, https:\/\/izglitiba.valmierasnovads.lv\/v2v\/wp-content\/uploads\/sites\/23\/2026\/02\/WhatsApp-Image-2026-02-01-at-21.59.45-1-768x576.jpeg 768w, https:\/\/izglitiba.valmierasnovads.lv\/v2v\/wp-content\/uploads\/sites\/23\/2026\/02\/WhatsApp-Image-2026-02-01-at-21.59.45-1-1536x1152.jpeg 1536w, https:\/\/izglitiba.valmierasnovads.lv\/v2v\/wp-content\/uploads\/sites\/23\/2026\/02\/WhatsApp-Image-2026-02-01-at-21.59.45-1.jpeg 2048w\" sizes=\"auto, (max-width: 1024px) 100vw, 1024px\" \/><\/div><\/div><\/figure><\/div><\/li><li class=\"kadence-blocks-gallery-item\" tabindex=\"0\"><div class=\"kadence-blocks-gallery-item-inner\"><figure class=\"kb-gallery-figure kadence-blocks-gallery-item-hide-caption\"><div class=\"kb-gal-image-radius\" style=\"max-width:472px;\"><div class=\"kb-gallery-image-contain kadence-blocks-gallery-intrinsic\" style=\"padding-bottom:216%;\"><img loading=\"lazy\" decoding=\"async\" src=\"https:\/\/izglitiba.valmierasnovads.lv\/v2v\/wp-content\/uploads\/sites\/23\/2026\/02\/WhatsApp-Image-2026-02-01-at-21.59.45-472x1024.jpeg\" width=\"472\" height=\"1024\" alt=\"\" data-full-image=\"https:\/\/izglitiba.valmierasnovads.lv\/v2v\/wp-content\/uploads\/sites\/23\/2026\/02\/WhatsApp-Image-2026-02-01-at-21.59.45.jpeg\" data-light-image=\"https:\/\/izglitiba.valmierasnovads.lv\/v2v\/wp-content\/uploads\/sites\/23\/2026\/02\/WhatsApp-Image-2026-02-01-at-21.59.45.jpeg\" data-id=\"1028\" class=\"wp-image-1028\" srcset=\"https:\/\/izglitiba.valmierasnovads.lv\/v2v\/wp-content\/uploads\/sites\/23\/2026\/02\/WhatsApp-Image-2026-02-01-at-21.59.45-472x1024.jpeg 472w, https:\/\/izglitiba.valmierasnovads.lv\/v2v\/wp-content\/uploads\/sites\/23\/2026\/02\/WhatsApp-Image-2026-02-01-at-21.59.45-138x300.jpeg 138w, https:\/\/izglitiba.valmierasnovads.lv\/v2v\/wp-content\/uploads\/sites\/23\/2026\/02\/WhatsApp-Image-2026-02-01-at-21.59.45-768x1666.jpeg 768w, https:\/\/izglitiba.valmierasnovads.lv\/v2v\/wp-content\/uploads\/sites\/23\/2026\/02\/WhatsApp-Image-2026-02-01-at-21.59.45-708x1536.jpeg 708w, https:\/\/izglitiba.valmierasnovads.lv\/v2v\/wp-content\/uploads\/sites\/23\/2026\/02\/WhatsApp-Image-2026-02-01-at-21.59.45.jpeg 922w\" sizes=\"auto, (max-width: 472px) 100vw, 472px\" \/><\/div><\/div><\/figure><\/div><\/li><li class=\"kadence-blocks-gallery-item\" tabindex=\"0\"><div class=\"kadence-blocks-gallery-item-inner\"><figure class=\"kb-gallery-figure kadence-blocks-gallery-item-hide-caption\"><div class=\"kb-gal-image-radius\" style=\"max-width:472px;\"><div class=\"kb-gallery-image-contain kadence-blocks-gallery-intrinsic\" style=\"padding-bottom:216%;\"><img loading=\"lazy\" decoding=\"async\" src=\"https:\/\/izglitiba.valmierasnovads.lv\/v2v\/wp-content\/uploads\/sites\/23\/2026\/02\/WhatsApp-Image-2026-02-01-at-21.59.46-472x1024.jpeg\" width=\"472\" height=\"1024\" alt=\"\" data-full-image=\"https:\/\/izglitiba.valmierasnovads.lv\/v2v\/wp-content\/uploads\/sites\/23\/2026\/02\/WhatsApp-Image-2026-02-01-at-21.59.46.jpeg\" data-light-image=\"https:\/\/izglitiba.valmierasnovads.lv\/v2v\/wp-content\/uploads\/sites\/23\/2026\/02\/WhatsApp-Image-2026-02-01-at-21.59.46.jpeg\" data-id=\"1029\" class=\"wp-image-1029\"\/><\/div><\/div><\/figure><\/div><\/li><\/ul><\/div>","protected":false},"excerpt":{"rendered":"<p>Valmieras 2.vidusskolas organiz\u0113tais sarunu vakars \u201cKOP\u0100\u201d rada arvien liel\u0101ku vec\u0101ku, izgl\u012bt\u012bbas jom\u0101 str\u0101d\u0101jo\u0161o Valmieras novada cilv\u0113ku interesi. Sarunas bija p\u0101rdomas [&hellip;]<\/p>\n","protected":false},"author":20,"featured_media":1029,"comment_status":"closed","ping_status":"closed","sticky":false,"template":"","format":"standard","meta":{"_acf_changed":false,"site-sidebar-layout":"default","site-content-layout":"","ast-site-content-layout":"default","site-content-style":"default","site-sidebar-style":"default","ast-global-header-display":"","ast-banner-title-visibility":"","ast-main-header-display":"","ast-hfb-above-header-display":"","ast-hfb-below-header-display":"","ast-hfb-mobile-header-display":"","site-post-title":"","ast-breadcrumbs-content":"","ast-featured-img":"","footer-sml-layout":"","ast-disable-related-posts":"","theme-transparent-header-meta":"","adv-header-id-meta":"","stick-header-meta":"","header-above-stick-meta":"","header-main-stick-meta":"","header-below-stick-meta":"","astra-migrate-meta-layouts":"default","ast-page-background-enabled":"default","ast-page-background-meta":{"desktop":{"background-color":"var(--ast-global-color-5)","background-image":"","background-repeat":"repeat","background-position":"center center","background-size":"auto","background-attachment":"scroll","background-type":"","background-media":"","overlay-type":"","overlay-color":"","overlay-opacity":"","overlay-gradient":""},"tablet":{"background-color":"","background-image":"","background-repeat":"repeat","background-position":"center center","background-size":"auto","background-attachment":"scroll","background-type":"","background-media":"","overlay-type":"","overlay-color":"","overlay-opacity":"","overlay-gradient":""},"mobile":{"background-color":"","background-image":"","background-repeat":"repeat","background-position":"center center","background-size":"auto","background-attachment":"scroll","background-type":"","background-media":"","overlay-type":"","overlay-color":"","overlay-opacity":"","overlay-gradient":""}},"ast-content-background-meta":{"desktop":{"background-color":"var(--ast-global-color-4)","background-image":"","background-repeat":"repeat","background-position":"center center","background-size":"auto","background-attachment":"scroll","background-type":"","background-media":"","overlay-type":"","overlay-color":"","overlay-opacity":"","overlay-gradient":""},"tablet":{"background-color":"var(--ast-global-color-4)","background-image":"","background-repeat":"repeat","background-position":"center center","background-size":"auto","background-attachment":"scroll","background-type":"","background-media":"","overlay-type":"","overlay-color":"","overlay-opacity":"","overlay-gradient":""},"mobile":{"background-color":"var(--ast-global-color-4)","background-image":"","background-repeat":"repeat","background-position":"center center","background-size":"auto","background-attachment":"scroll","background-type":"","background-media":"","overlay-type":"","overlay-color":"","overlay-opacity":"","overlay-gradient":""}},"footnotes":""},"categories":[1],"tags":[],"class_list":["post-1024","post","type-post","status-publish","format-standard","has-post-thumbnail","hentry","category-nekategorizets"],"acf":[],"yoast_head":"<!-- This site is optimized with the Yoast SEO plugin v27.0 - https:\/\/yoast.com\/product\/yoast-seo-wordpress\/ -->\n<title>Sarunu vakars &quot;KOP\u0100&quot; - Valmieras 2. vidusskola<\/title>\n<meta name=\"robots\" content=\"index, follow, max-snippet:-1, max-image-preview:large, max-video-preview:-1\" \/>\n<link rel=\"canonical\" href=\"https:\/\/izglitiba.valmierasnovads.lv\/v2v\/2026\/02\/03\/sarunu-vakars-kopa\/\" \/>\n<meta property=\"og:locale\" content=\"lv_LV\" \/>\n<meta property=\"og:type\" content=\"article\" \/>\n<meta property=\"og:title\" content=\"Sarunu vakars &quot;KOP\u0100&quot; - Valmieras 2. vidusskola\" \/>\n<meta property=\"og:description\" content=\"Valmieras 2.vidusskolas organiz\u0113tais sarunu vakars \u201cKOP\u0100\u201d rada arvien liel\u0101ku vec\u0101ku, izgl\u012bt\u012bbas jom\u0101 str\u0101d\u0101jo\u0161o Valmieras novada cilv\u0113ku interesi. Sarunas bija p\u0101rdomas [&hellip;]\" \/>\n<meta property=\"og:url\" content=\"https:\/\/izglitiba.valmierasnovads.lv\/v2v\/2026\/02\/03\/sarunu-vakars-kopa\/\" \/>\n<meta property=\"og:site_name\" content=\"Valmieras 2. vidusskola\" \/>\n<meta property=\"article:published_time\" content=\"2026-02-03T08:35:20+00:00\" \/>\n<meta property=\"og:image\" content=\"https:\/\/izglitiba.valmierasnovads.lv\/v2v\/wp-content\/uploads\/sites\/23\/2026\/02\/WhatsApp-Image-2026-02-01-at-21.59.46-e1770107705683.jpeg\" \/>\n\t<meta property=\"og:image:width\" content=\"942\" \/>\n\t<meta property=\"og:image:height\" content=\"1748\" \/>\n\t<meta property=\"og:image:type\" content=\"image\/jpeg\" \/>\n<meta name=\"author\" content=\"andrejsgluhovs\" \/>\n<meta name=\"twitter:card\" content=\"summary_large_image\" \/>\n<meta name=\"twitter:label1\" content=\"Written by\" \/>\n\t<meta name=\"twitter:data1\" content=\"andrejsgluhovs\" \/>\n\t<meta name=\"twitter:label2\" content=\"Est. reading time\" \/>\n\t<meta name=\"twitter:data2\" content=\"1 min\u016bte\" \/>\n<script type=\"application\/ld+json\" class=\"yoast-schema-graph\">{\"@context\":\"https:\/\/schema.org\",\"@graph\":[{\"@type\":\"Article\",\"@id\":\"https:\/\/izglitiba.valmierasnovads.lv\/v2v\/2026\/02\/03\/sarunu-vakars-kopa\/#article\",\"isPartOf\":{\"@id\":\"https:\/\/izglitiba.valmierasnovads.lv\/v2v\/2026\/02\/03\/sarunu-vakars-kopa\/\"},\"author\":{\"name\":\"andrejsgluhovs\",\"@id\":\"https:\/\/izglitiba.valmierasnovads.lv\/v2v\/#\/schema\/person\/2e1e1e835967511698853e3ed1f38dea\"},\"headline\":\"Sarunu vakars &#8220;KOP\u0100&#8221;\",\"datePublished\":\"2026-02-03T08:35:20+00:00\",\"mainEntityOfPage\":{\"@id\":\"https:\/\/izglitiba.valmierasnovads.lv\/v2v\/2026\/02\/03\/sarunu-vakars-kopa\/\"},\"wordCount\":104,\"publisher\":{\"@id\":\"https:\/\/izglitiba.valmierasnovads.lv\/v2v\/#organization\"},\"image\":{\"@id\":\"https:\/\/izglitiba.valmierasnovads.lv\/v2v\/2026\/02\/03\/sarunu-vakars-kopa\/#primaryimage\"},\"thumbnailUrl\":\"https:\/\/izglitiba.valmierasnovads.lv\/v2v\/wp-content\/uploads\/sites\/23\/2026\/02\/WhatsApp-Image-2026-02-01-at-21.59.46-e1770107705683.jpeg\",\"inLanguage\":\"lv-LV\"},{\"@type\":\"WebPage\",\"@id\":\"https:\/\/izglitiba.valmierasnovads.lv\/v2v\/2026\/02\/03\/sarunu-vakars-kopa\/\",\"url\":\"https:\/\/izglitiba.valmierasnovads.lv\/v2v\/2026\/02\/03\/sarunu-vakars-kopa\/\",\"name\":\"Sarunu vakars \\\"KOP\u0100\\\" - Valmieras 2. vidusskola\",\"isPartOf\":{\"@id\":\"https:\/\/izglitiba.valmierasnovads.lv\/v2v\/#website\"},\"primaryImageOfPage\":{\"@id\":\"https:\/\/izglitiba.valmierasnovads.lv\/v2v\/2026\/02\/03\/sarunu-vakars-kopa\/#primaryimage\"},\"image\":{\"@id\":\"https:\/\/izglitiba.valmierasnovads.lv\/v2v\/2026\/02\/03\/sarunu-vakars-kopa\/#primaryimage\"},\"thumbnailUrl\":\"https:\/\/izglitiba.valmierasnovads.lv\/v2v\/wp-content\/uploads\/sites\/23\/2026\/02\/WhatsApp-Image-2026-02-01-at-21.59.46-e1770107705683.jpeg\",\"datePublished\":\"2026-02-03T08:35:20+00:00\",\"breadcrumb\":{\"@id\":\"https:\/\/izglitiba.valmierasnovads.lv\/v2v\/2026\/02\/03\/sarunu-vakars-kopa\/#breadcrumb\"},\"inLanguage\":\"lv-LV\",\"potentialAction\":[{\"@type\":\"ReadAction\",\"target\":[\"https:\/\/izglitiba.valmierasnovads.lv\/v2v\/2026\/02\/03\/sarunu-vakars-kopa\/\"]}]},{\"@type\":\"ImageObject\",\"inLanguage\":\"lv-LV\",\"@id\":\"https:\/\/izglitiba.valmierasnovads.lv\/v2v\/2026\/02\/03\/sarunu-vakars-kopa\/#primaryimage\",\"url\":\"https:\/\/izglitiba.valmierasnovads.lv\/v2v\/wp-content\/uploads\/sites\/23\/2026\/02\/WhatsApp-Image-2026-02-01-at-21.59.46-e1770107705683.jpeg\",\"contentUrl\":\"https:\/\/izglitiba.valmierasnovads.lv\/v2v\/wp-content\/uploads\/sites\/23\/2026\/02\/WhatsApp-Image-2026-02-01-at-21.59.46-e1770107705683.jpeg\",\"width\":942,\"height\":1748},{\"@type\":\"BreadcrumbList\",\"@id\":\"https:\/\/izglitiba.valmierasnovads.lv\/v2v\/2026\/02\/03\/sarunu-vakars-kopa\/#breadcrumb\",\"itemListElement\":[{\"@type\":\"ListItem\",\"position\":1,\"name\":\"Home\",\"item\":\"https:\/\/izglitiba.valmierasnovads.lv\/v2v\/\"},{\"@type\":\"ListItem\",\"position\":2,\"name\":\"Sarunu vakars &#8220;KOP\u0100&#8221;\"}]},{\"@type\":\"WebSite\",\"@id\":\"https:\/\/izglitiba.valmierasnovads.lv\/v2v\/#website\",\"url\":\"https:\/\/izglitiba.valmierasnovads.lv\/v2v\/\",\"name\":\"Valmieras 2. vidusskola\",\"description\":\"\",\"publisher\":{\"@id\":\"https:\/\/izglitiba.valmierasnovads.lv\/v2v\/#organization\"},\"potentialAction\":[{\"@type\":\"SearchAction\",\"target\":{\"@type\":\"EntryPoint\",\"urlTemplate\":\"https:\/\/izglitiba.valmierasnovads.lv\/v2v\/?s={search_term_string}\"},\"query-input\":{\"@type\":\"PropertyValueSpecification\",\"valueRequired\":true,\"valueName\":\"search_term_string\"}}],\"inLanguage\":\"lv-LV\"},{\"@type\":\"Organization\",\"@id\":\"https:\/\/izglitiba.valmierasnovads.lv\/v2v\/#organization\",\"name\":\"Valmieras 2. vidusskola\",\"url\":\"https:\/\/izglitiba.valmierasnovads.lv\/v2v\/\",\"logo\":{\"@type\":\"ImageObject\",\"inLanguage\":\"lv-LV\",\"@id\":\"https:\/\/izglitiba.valmierasnovads.lv\/v2v\/#\/schema\/logo\/image\/\",\"url\":\"https:\/\/izglitiba.valmierasnovads.lv\/v2v\/wp-content\/uploads\/sites\/23\/2025\/04\/cropped-V2VSK-logo-PNG-1-1.png\",\"contentUrl\":\"https:\/\/izglitiba.valmierasnovads.lv\/v2v\/wp-content\/uploads\/sites\/23\/2025\/04\/cropped-V2VSK-logo-PNG-1-1.png\",\"width\":2111,\"height\":1310,\"caption\":\"Valmieras 2. vidusskola\"},\"image\":{\"@id\":\"https:\/\/izglitiba.valmierasnovads.lv\/v2v\/#\/schema\/logo\/image\/\"}},{\"@type\":\"Person\",\"@id\":\"https:\/\/izglitiba.valmierasnovads.lv\/v2v\/#\/schema\/person\/2e1e1e835967511698853e3ed1f38dea\",\"name\":\"andrejsgluhovs\",\"image\":{\"@type\":\"ImageObject\",\"inLanguage\":\"lv-LV\",\"@id\":\"https:\/\/izglitiba.valmierasnovads.lv\/v2v\/#\/schema\/person\/image\/\",\"url\":\"https:\/\/secure.gravatar.com\/avatar\/5674f1a10d991797214e2d5446d296356affc982b90a4fd40fbbcf8bb636b00c?s=96&d=mm&r=g\",\"contentUrl\":\"https:\/\/secure.gravatar.com\/avatar\/5674f1a10d991797214e2d5446d296356affc982b90a4fd40fbbcf8bb636b00c?s=96&d=mm&r=g\",\"caption\":\"andrejsgluhovs\"},\"url\":\"https:\/\/izglitiba.valmierasnovads.lv\/v2v\/author\/andrejsgluhovs\/\"}]}<\/script>\n<!-- \/ Yoast SEO plugin. -->","yoast_head_json":{"title":"Sarunu vakars \"KOP\u0100\" - Valmieras 2. vidusskola","robots":{"index":"index","follow":"follow","max-snippet":"max-snippet:-1","max-image-preview":"max-image-preview:large","max-video-preview":"max-video-preview:-1"},"canonical":"https:\/\/izglitiba.valmierasnovads.lv\/v2v\/2026\/02\/03\/sarunu-vakars-kopa\/","og_locale":"lv_LV","og_type":"article","og_title":"Sarunu vakars \"KOP\u0100\" - Valmieras 2. vidusskola","og_description":"Valmieras 2.vidusskolas organiz\u0113tais sarunu vakars \u201cKOP\u0100\u201d rada arvien liel\u0101ku vec\u0101ku, izgl\u012bt\u012bbas jom\u0101 str\u0101d\u0101jo\u0161o Valmieras novada cilv\u0113ku interesi. Sarunas bija p\u0101rdomas [&hellip;]","og_url":"https:\/\/izglitiba.valmierasnovads.lv\/v2v\/2026\/02\/03\/sarunu-vakars-kopa\/","og_site_name":"Valmieras 2. vidusskola","article_published_time":"2026-02-03T08:35:20+00:00","og_image":[{"width":942,"height":1748,"url":"https:\/\/izglitiba.valmierasnovads.lv\/v2v\/wp-content\/uploads\/sites\/23\/2026\/02\/WhatsApp-Image-2026-02-01-at-21.59.46-e1770107705683.jpeg","type":"image\/jpeg"}],"author":"andrejsgluhovs","twitter_card":"summary_large_image","twitter_misc":{"Written by":"andrejsgluhovs","Est. reading time":"1 min\u016bte"},"schema":{"@context":"https:\/\/schema.org","@graph":[{"@type":"Article","@id":"https:\/\/izglitiba.valmierasnovads.lv\/v2v\/2026\/02\/03\/sarunu-vakars-kopa\/#article","isPartOf":{"@id":"https:\/\/izglitiba.valmierasnovads.lv\/v2v\/2026\/02\/03\/sarunu-vakars-kopa\/"},"author":{"name":"andrejsgluhovs","@id":"https:\/\/izglitiba.valmierasnovads.lv\/v2v\/#\/schema\/person\/2e1e1e835967511698853e3ed1f38dea"},"headline":"Sarunu vakars &#8220;KOP\u0100&#8221;","datePublished":"2026-02-03T08:35:20+00:00","mainEntityOfPage":{"@id":"https:\/\/izglitiba.valmierasnovads.lv\/v2v\/2026\/02\/03\/sarunu-vakars-kopa\/"},"wordCount":104,"publisher":{"@id":"https:\/\/izglitiba.valmierasnovads.lv\/v2v\/#organization"},"image":{"@id":"https:\/\/izglitiba.valmierasnovads.lv\/v2v\/2026\/02\/03\/sarunu-vakars-kopa\/#primaryimage"},"thumbnailUrl":"https:\/\/izglitiba.valmierasnovads.lv\/v2v\/wp-content\/uploads\/sites\/23\/2026\/02\/WhatsApp-Image-2026-02-01-at-21.59.46-e1770107705683.jpeg","inLanguage":"lv-LV"},{"@type":"WebPage","@id":"https:\/\/izglitiba.valmierasnovads.lv\/v2v\/2026\/02\/03\/sarunu-vakars-kopa\/","url":"https:\/\/izglitiba.valmierasnovads.lv\/v2v\/2026\/02\/03\/sarunu-vakars-kopa\/","name":"Sarunu vakars \"KOP\u0100\" - Valmieras 2. vidusskola","isPartOf":{"@id":"https:\/\/izglitiba.valmierasnovads.lv\/v2v\/#website"},"primaryImageOfPage":{"@id":"https:\/\/izglitiba.valmierasnovads.lv\/v2v\/2026\/02\/03\/sarunu-vakars-kopa\/#primaryimage"},"image":{"@id":"https:\/\/izglitiba.valmierasnovads.lv\/v2v\/2026\/02\/03\/sarunu-vakars-kopa\/#primaryimage"},"thumbnailUrl":"https:\/\/izglitiba.valmierasnovads.lv\/v2v\/wp-content\/uploads\/sites\/23\/2026\/02\/WhatsApp-Image-2026-02-01-at-21.59.46-e1770107705683.jpeg","datePublished":"2026-02-03T08:35:20+00:00","breadcrumb":{"@id":"https:\/\/izglitiba.valmierasnovads.lv\/v2v\/2026\/02\/03\/sarunu-vakars-kopa\/#breadcrumb"},"inLanguage":"lv-LV","potentialAction":[{"@type":"ReadAction","target":["https:\/\/izglitiba.valmierasnovads.lv\/v2v\/2026\/02\/03\/sarunu-vakars-kopa\/"]}]},{"@type":"ImageObject","inLanguage":"lv-LV","@id":"https:\/\/izglitiba.valmierasnovads.lv\/v2v\/2026\/02\/03\/sarunu-vakars-kopa\/#primaryimage","url":"https:\/\/izglitiba.valmierasnovads.lv\/v2v\/wp-content\/uploads\/sites\/23\/2026\/02\/WhatsApp-Image-2026-02-01-at-21.59.46-e1770107705683.jpeg","contentUrl":"https:\/\/izglitiba.valmierasnovads.lv\/v2v\/wp-content\/uploads\/sites\/23\/2026\/02\/WhatsApp-Image-2026-02-01-at-21.59.46-e1770107705683.jpeg","width":942,"height":1748},{"@type":"BreadcrumbList","@id":"https:\/\/izglitiba.valmierasnovads.lv\/v2v\/2026\/02\/03\/sarunu-vakars-kopa\/#breadcrumb","itemListElement":[{"@type":"ListItem","position":1,"name":"Home","item":"https:\/\/izglitiba.valmierasnovads.lv\/v2v\/"},{"@type":"ListItem","position":2,"name":"Sarunu vakars &#8220;KOP\u0100&#8221;"}]},{"@type":"WebSite","@id":"https:\/\/izglitiba.valmierasnovads.lv\/v2v\/#website","url":"https:\/\/izglitiba.valmierasnovads.lv\/v2v\/","name":"Valmieras 2. vidusskola","description":"","publisher":{"@id":"https:\/\/izglitiba.valmierasnovads.lv\/v2v\/#organization"},"potentialAction":[{"@type":"SearchAction","target":{"@type":"EntryPoint","urlTemplate":"https:\/\/izglitiba.valmierasnovads.lv\/v2v\/?s={search_term_string}"},"query-input":{"@type":"PropertyValueSpecification","valueRequired":true,"valueName":"search_term_string"}}],"inLanguage":"lv-LV"},{"@type":"Organization","@id":"https:\/\/izglitiba.valmierasnovads.lv\/v2v\/#organization","name":"Valmieras 2. vidusskola","url":"https:\/\/izglitiba.valmierasnovads.lv\/v2v\/","logo":{"@type":"ImageObject","inLanguage":"lv-LV","@id":"https:\/\/izglitiba.valmierasnovads.lv\/v2v\/#\/schema\/logo\/image\/","url":"https:\/\/izglitiba.valmierasnovads.lv\/v2v\/wp-content\/uploads\/sites\/23\/2025\/04\/cropped-V2VSK-logo-PNG-1-1.png","contentUrl":"https:\/\/izglitiba.valmierasnovads.lv\/v2v\/wp-content\/uploads\/sites\/23\/2025\/04\/cropped-V2VSK-logo-PNG-1-1.png","width":2111,"height":1310,"caption":"Valmieras 2. vidusskola"},"image":{"@id":"https:\/\/izglitiba.valmierasnovads.lv\/v2v\/#\/schema\/logo\/image\/"}},{"@type":"Person","@id":"https:\/\/izglitiba.valmierasnovads.lv\/v2v\/#\/schema\/person\/2e1e1e835967511698853e3ed1f38dea","name":"andrejsgluhovs","image":{"@type":"ImageObject","inLanguage":"lv-LV","@id":"https:\/\/izglitiba.valmierasnovads.lv\/v2v\/#\/schema\/person\/image\/","url":"https:\/\/secure.gravatar.com\/avatar\/5674f1a10d991797214e2d5446d296356affc982b90a4fd40fbbcf8bb636b00c?s=96&d=mm&r=g","contentUrl":"https:\/\/secure.gravatar.com\/avatar\/5674f1a10d991797214e2d5446d296356affc982b90a4fd40fbbcf8bb636b00c?s=96&d=mm&r=g","caption":"andrejsgluhovs"},"url":"https:\/\/izglitiba.valmierasnovads.lv\/v2v\/author\/andrejsgluhovs\/"}]}},"_links":{"self":[{"href":"https:\/\/izglitiba.valmierasnovads.lv\/v2v\/wp-json\/wp\/v2\/posts\/1024","targetHints":{"allow":["GET"]}}],"collection":[{"href":"https:\/\/izglitiba.valmierasnovads.lv\/v2v\/wp-json\/wp\/v2\/posts"}],"about":[{"href":"https:\/\/izglitiba.valmierasnovads.lv\/v2v\/wp-json\/wp\/v2\/types\/post"}],"author":[{"embeddable":true,"href":"https:\/\/izglitiba.valmierasnovads.lv\/v2v\/wp-json\/wp\/v2\/users\/20"}],"replies":[{"embeddable":true,"href":"https:\/\/izglitiba.valmierasnovads.lv\/v2v\/wp-json\/wp\/v2\/comments?post=1024"}],"version-history":[{"count":1,"href":"https:\/\/izglitiba.valmierasnovads.lv\/v2v\/wp-json\/wp\/v2\/posts\/1024\/revisions"}],"predecessor-version":[{"id":1030,"href":"https:\/\/izglitiba.valmierasnovads.lv\/v2v\/wp-json\/wp\/v2\/posts\/1024\/revisions\/1030"}],"wp:featuredmedia":[{"embeddable":true,"href":"https:\/\/izglitiba.valmierasnovads.lv\/v2v\/wp-json\/wp\/v2\/media\/1029"}],"wp:attachment":[{"href":"https:\/\/izglitiba.valmierasnovads.lv\/v2v\/wp-json\/wp\/v2\/media?parent=1024"}],"wp:term":[{"taxonomy":"category","embeddable":true,"href":"https:\/\/izglitiba.valmierasnovads.lv\/v2v\/wp-json\/wp\/v2\/categories?post=1024"},{"taxonomy":"post_tag","embeddable":true,"href":"https:\/\/izglitiba.valmierasnovads.lv\/v2v\/wp-json\/wp\/v2\/tags?post=1024"}],"curies":[{"name":"wp","href":"https:\/\/api.w.org\/{rel}","templated":true}]}}