{"id":1637,"date":"2026-09-02T16:28:40","date_gmt":"2026-09-02T13:28:40","guid":{"rendered":"https:\/\/izglitiba.valmierasnovads.lv\/v2v\/?p=1637"},"modified":"2026-09-02T16:47:35","modified_gmt":"2026-09-02T13:47:35","slug":"zinibu-diena-2026","status":"publish","type":"post","link":"https:\/\/izglitiba.valmierasnovads.lv\/v2v\/2026\/09\/02\/zinibu-diena-2026\/","title":{"rendered":"Zin\u012bbu diena 2026"},"content":{"rendered":"\n<p class=\"wp-block-paragraph\"><strong>Jauns m\u0101c\u012bbu gads ir s\u0101cies!<\/strong><\/p>\n\n\n\n<p class=\"wp-block-paragraph\">1.septembr\u012b <strong>Valmieras 2. vidusskol\u0101<\/strong> vald\u012bja patiess satik\u0161an\u0101s prieks \u2013 skol\u0113ni, skolot\u0101ji un vec\u0101ki atkal pulc\u0113j\u0101s, lai kop\u0101 atz\u012bm\u0113tu Zin\u012bbu dienu un atkl\u0101tu jauno 2026.\/2027. m\u0101c\u012bbu gadu. <\/p>\n\n\n\n<ol class=\"wp-block-list\"><\/ol>\n\n\n\n<ol class=\"wp-block-list\"><\/ol>\n\n\n\n<p class=\"wp-block-paragraph\">\u0160is ir laiks jauniem m\u0113r\u0137iem, sap\u0146iem, zin\u0101\u0161an\u0101m, draudz\u012bb\u0101m un piedz\u012bvojumiem. \u012apa\u0161i sirsn\u012bgi sveicam m\u016bsu <strong>pirmklasniekus<\/strong>, kuri \u0161ogad uzs\u0101k savu skolas ce\u013cu! <\/p>\n\n\n\n<p class=\"wp-block-paragraph\">Lai jaunais m\u0101c\u012bbu gads ir piepild\u012bts ar zin\u0101tk\u0101ri, drosmi m\u0113\u0123in\u0101t, prieku m\u0101c\u012bties un lepnumu par paveikto!<\/p>\n\n\n\n<p class=\"wp-block-paragraph\"><strong>Lai mums visiem veiksm\u012bgs, iedvesmojo\u0161s un aizraujo\u0161s 2026.\/2027. m\u0101c\u012bbu gads!<\/strong> <\/p>\n\n\n\n<p class=\"wp-block-paragraph\">Foto: Laura Krasovska<\/p>\n\n\n\n<p class=\"wp-block-paragraph\">Galerija: https:\/\/izglitiba.valmierasnovads.lv\/v2v\/galery\/zinibu-diena-2026\/<\/p>\n\n\n\n<p class=\"wp-block-paragraph\"><\/p>\n\n\n\n<figure class=\"wp-block-gallery has-nested-images columns-default is-cropped wp-block-gallery-1 is-layout-flex wp-block-gallery-is-layout-flex\"><\/figure>\n","protected":false},"excerpt":{"rendered":"<p>Jauns m\u0101c\u012bbu gads ir s\u0101cies! 1.septembr\u012b Valmieras 2. vidusskol\u0101 vald\u012bja patiess satik\u0161an\u0101s prieks \u2013 skol\u0113ni, skolot\u0101ji un vec\u0101ki atkal pulc\u0113j\u0101s, [&hellip;]<\/p>\n","protected":false},"author":20,"featured_media":1495,"comment_status":"closed","ping_status":"closed","sticky":false,"template":"","format":"standard","meta":{"_acf_changed":false,"site-sidebar-layout":"default","site-content-layout":"","ast-site-content-layout":"default","site-content-style":"default","site-sidebar-style":"default","ast-global-header-display":"","ast-banner-title-visibility":"","ast-main-header-display":"","ast-hfb-above-header-display":"","ast-hfb-below-header-display":"","ast-hfb-mobile-header-display":"","site-post-title":"","ast-breadcrumbs-content":"","ast-featured-img":"","footer-sml-layout":"","ast-disable-related-posts":"","theme-transparent-header-meta":"","adv-header-id-meta":"","stick-header-meta":"","header-above-stick-meta":"","header-main-stick-meta":"","header-below-stick-meta":"","astra-migrate-meta-layouts":"default","ast-page-background-enabled":"default","ast-page-background-meta":{"desktop":{"background-color":"var(--ast-global-color-5)","background-image":"","background-repeat":"repeat","background-position":"center center","background-size":"auto","background-attachment":"scroll","background-type":"","background-media":"","overlay-type":"","overlay-color":"","overlay-opacity":"","overlay-gradient":""},"tablet":{"background-color":"","background-image":"","background-repeat":"repeat","background-position":"center center","background-size":"auto","background-attachment":"scroll","background-type":"","background-media":"","overlay-type":"","overlay-color":"","overlay-opacity":"","overlay-gradient":""},"mobile":{"background-color":"","background-image":"","background-repeat":"repeat","background-position":"center center","background-size":"auto","background-attachment":"scroll","background-type":"","background-media":"","overlay-type":"","overlay-color":"","overlay-opacity":"","overlay-gradient":""}},"ast-content-background-meta":{"desktop":{"background-color":"var(--ast-global-color-4)","background-image":"","background-repeat":"repeat","background-position":"center center","background-size":"auto","background-attachment":"scroll","background-type":"","background-media":"","overlay-type":"","overlay-color":"","overlay-opacity":"","overlay-gradient":""},"tablet":{"background-color":"var(--ast-global-color-4)","background-image":"","background-repeat":"repeat","background-position":"center center","background-size":"auto","background-attachment":"scroll","background-type":"","background-media":"","overlay-type":"","overlay-color":"","overlay-opacity":"","overlay-gradient":""},"mobile":{"background-color":"var(--ast-global-color-4)","background-image":"","background-repeat":"repeat","background-position":"center center","background-size":"auto","background-attachment":"scroll","background-type":"","background-media":"","overlay-type":"","overlay-color":"","overlay-opacity":"","overlay-gradient":""}},"footnotes":""},"categories":[1],"tags":[],"class_list":["post-1637","post","type-post","status-publish","format-standard","has-post-thumbnail","hentry","category-nekategorizets"],"acf":[],"yoast_head":"<!-- This site is optimized with the Yoast SEO plugin v28.4 - https:\/\/yoast.com\/product\/yoast-seo-wordpress\/ -->\n<title>Zin\u012bbu diena 2026 - Valmieras 2. vidusskola<\/title>\n<meta name=\"robots\" content=\"index, follow, max-snippet:-1, max-image-preview:large, max-video-preview:-1\" \/>\n<link rel=\"canonical\" href=\"https:\/\/izglitiba.valmierasnovads.lv\/v2v\/2026\/09\/02\/zinibu-diena-2026\/\" \/>\n<meta property=\"og:locale\" content=\"lv_LV\" \/>\n<meta property=\"og:type\" content=\"article\" \/>\n<meta property=\"og:title\" content=\"Zin\u012bbu diena 2026 - Valmieras 2. vidusskola\" \/>\n<meta property=\"og:description\" content=\"Jauns m\u0101c\u012bbu gads ir s\u0101cies! 1.septembr\u012b Valmieras 2. vidusskol\u0101 vald\u012bja patiess satik\u0161an\u0101s prieks \u2013 skol\u0113ni, skolot\u0101ji un vec\u0101ki atkal pulc\u0113j\u0101s, [&hellip;]\" \/>\n<meta property=\"og:url\" content=\"https:\/\/izglitiba.valmierasnovads.lv\/v2v\/2026\/09\/02\/zinibu-diena-2026\/\" \/>\n<meta property=\"og:site_name\" content=\"Valmieras 2. vidusskola\" \/>\n<meta property=\"article:published_time\" content=\"2026-09-02T13:28:40+00:00\" \/>\n<meta property=\"article:modified_time\" content=\"2026-09-02T13:47:35+00:00\" \/>\n<meta property=\"og:image\" content=\"https:\/\/izglitiba.valmierasnovads.lv\/v2v\/wp-content\/uploads\/sites\/23\/2026\/09\/Foto-160.jpg.jpg\" \/>\n\t<meta property=\"og:image:width\" content=\"1000\" \/>\n\t<meta property=\"og:image:height\" content=\"1500\" \/>\n\t<meta property=\"og:image:type\" content=\"image\/jpeg\" \/>\n<meta name=\"author\" content=\"andrejsgluhovs\" \/>\n<meta name=\"twitter:card\" content=\"summary_large_image\" \/>\n<meta name=\"twitter:label1\" content=\"Written by\" \/>\n\t<meta name=\"twitter:data1\" content=\"andrejsgluhovs\" \/>\n\t<meta name=\"twitter:label2\" content=\"Est. reading time\" \/>\n\t<meta name=\"twitter:data2\" content=\"1 min\u016bte\" \/>\n<script type=\"application\/ld+json\" class=\"yoast-schema-graph\">{\"@context\":\"https:\\\/\\\/schema.org\",\"@graph\":[{\"@type\":\"Article\",\"@id\":\"https:\\\/\\\/izglitiba.valmierasnovads.lv\\\/v2v\\\/2026\\\/09\\\/02\\\/zinibu-diena-2026\\\/#article\",\"isPartOf\":{\"@id\":\"https:\\\/\\\/izglitiba.valmierasnovads.lv\\\/v2v\\\/2026\\\/09\\\/02\\\/zinibu-diena-2026\\\/\"},\"author\":{\"name\":\"andrejsgluhovs\",\"@id\":\"https:\\\/\\\/izglitiba.valmierasnovads.lv\\\/v2v\\\/#\\\/schema\\\/person\\\/2e1e1e835967511698853e3ed1f38dea\"},\"headline\":\"Zin\u012bbu diena 2026\",\"datePublished\":\"2026-09-02T13:28:40+00:00\",\"dateModified\":\"2026-09-02T13:47:35+00:00\",\"mainEntityOfPage\":{\"@id\":\"https:\\\/\\\/izglitiba.valmierasnovads.lv\\\/v2v\\\/2026\\\/09\\\/02\\\/zinibu-diena-2026\\\/\"},\"wordCount\":133,\"publisher\":{\"@id\":\"https:\\\/\\\/izglitiba.valmierasnovads.lv\\\/v2v\\\/#organization\"},\"image\":{\"@id\":\"https:\\\/\\\/izglitiba.valmierasnovads.lv\\\/v2v\\\/2026\\\/09\\\/02\\\/zinibu-diena-2026\\\/#primaryimage\"},\"thumbnailUrl\":\"https:\\\/\\\/izglitiba.valmierasnovads.lv\\\/v2v\\\/wp-content\\\/uploads\\\/sites\\\/23\\\/2026\\\/09\\\/Foto-160.jpg.jpg\",\"inLanguage\":\"lv-LV\"},{\"@type\":\"WebPage\",\"@id\":\"https:\\\/\\\/izglitiba.valmierasnovads.lv\\\/v2v\\\/2026\\\/09\\\/02\\\/zinibu-diena-2026\\\/\",\"url\":\"https:\\\/\\\/izglitiba.valmierasnovads.lv\\\/v2v\\\/2026\\\/09\\\/02\\\/zinibu-diena-2026\\\/\",\"name\":\"Zin\u012bbu diena 2026 - Valmieras 2. vidusskola\",\"isPartOf\":{\"@id\":\"https:\\\/\\\/izglitiba.valmierasnovads.lv\\\/v2v\\\/#website\"},\"primaryImageOfPage\":{\"@id\":\"https:\\\/\\\/izglitiba.valmierasnovads.lv\\\/v2v\\\/2026\\\/09\\\/02\\\/zinibu-diena-2026\\\/#primaryimage\"},\"image\":{\"@id\":\"https:\\\/\\\/izglitiba.valmierasnovads.lv\\\/v2v\\\/2026\\\/09\\\/02\\\/zinibu-diena-2026\\\/#primaryimage\"},\"thumbnailUrl\":\"https:\\\/\\\/izglitiba.valmierasnovads.lv\\\/v2v\\\/wp-content\\\/uploads\\\/sites\\\/23\\\/2026\\\/09\\\/Foto-160.jpg.jpg\",\"datePublished\":\"2026-09-02T13:28:40+00:00\",\"dateModified\":\"2026-09-02T13:47:35+00:00\",\"breadcrumb\":{\"@id\":\"https:\\\/\\\/izglitiba.valmierasnovads.lv\\\/v2v\\\/2026\\\/09\\\/02\\\/zinibu-diena-2026\\\/#breadcrumb\"},\"inLanguage\":\"lv-LV\",\"potentialAction\":[{\"@type\":\"ReadAction\",\"target\":[\"https:\\\/\\\/izglitiba.valmierasnovads.lv\\\/v2v\\\/2026\\\/09\\\/02\\\/zinibu-diena-2026\\\/\"]}]},{\"@type\":\"ImageObject\",\"inLanguage\":\"lv-LV\",\"@id\":\"https:\\\/\\\/izglitiba.valmierasnovads.lv\\\/v2v\\\/2026\\\/09\\\/02\\\/zinibu-diena-2026\\\/#primaryimage\",\"url\":\"https:\\\/\\\/izglitiba.valmierasnovads.lv\\\/v2v\\\/wp-content\\\/uploads\\\/sites\\\/23\\\/2026\\\/09\\\/Foto-160.jpg.jpg\",\"contentUrl\":\"https:\\\/\\\/izglitiba.valmierasnovads.lv\\\/v2v\\\/wp-content\\\/uploads\\\/sites\\\/23\\\/2026\\\/09\\\/Foto-160.jpg.jpg\",\"width\":1000,\"height\":1500},{\"@type\":\"BreadcrumbList\",\"@id\":\"https:\\\/\\\/izglitiba.valmierasnovads.lv\\\/v2v\\\/2026\\\/09\\\/02\\\/zinibu-diena-2026\\\/#breadcrumb\",\"itemListElement\":[{\"@type\":\"ListItem\",\"position\":1,\"name\":\"Home\",\"item\":\"https:\\\/\\\/izglitiba.valmierasnovads.lv\\\/v2v\\\/\"},{\"@type\":\"ListItem\",\"position\":2,\"name\":\"Zin\u012bbu diena 2026\"}]},{\"@type\":\"WebSite\",\"@id\":\"https:\\\/\\\/izglitiba.valmierasnovads.lv\\\/v2v\\\/#website\",\"url\":\"https:\\\/\\\/izglitiba.valmierasnovads.lv\\\/v2v\\\/\",\"name\":\"Valmieras 2. vidusskola\",\"description\":\"\",\"publisher\":{\"@id\":\"https:\\\/\\\/izglitiba.valmierasnovads.lv\\\/v2v\\\/#organization\"},\"potentialAction\":[{\"@type\":\"SearchAction\",\"target\":{\"@type\":\"EntryPoint\",\"urlTemplate\":\"https:\\\/\\\/izglitiba.valmierasnovads.lv\\\/v2v\\\/?s={search_term_string}\"},\"query-input\":{\"@type\":\"PropertyValueSpecification\",\"valueRequired\":true,\"valueName\":\"search_term_string\"}}],\"inLanguage\":\"lv-LV\"},{\"@type\":\"Organization\",\"@id\":\"https:\\\/\\\/izglitiba.valmierasnovads.lv\\\/v2v\\\/#organization\",\"name\":\"Valmieras 2. vidusskola\",\"url\":\"https:\\\/\\\/izglitiba.valmierasnovads.lv\\\/v2v\\\/\",\"logo\":{\"@type\":\"ImageObject\",\"inLanguage\":\"lv-LV\",\"@id\":\"https:\\\/\\\/izglitiba.valmierasnovads.lv\\\/v2v\\\/#\\\/schema\\\/logo\\\/image\\\/\",\"url\":\"https:\\\/\\\/izglitiba.valmierasnovads.lv\\\/v2v\\\/wp-content\\\/uploads\\\/sites\\\/23\\\/2025\\\/04\\\/cropped-V2VSK-logo-PNG-1-1.png\",\"contentUrl\":\"https:\\\/\\\/izglitiba.valmierasnovads.lv\\\/v2v\\\/wp-content\\\/uploads\\\/sites\\\/23\\\/2025\\\/04\\\/cropped-V2VSK-logo-PNG-1-1.png\",\"width\":2111,\"height\":1310,\"caption\":\"Valmieras 2. vidusskola\"},\"image\":{\"@id\":\"https:\\\/\\\/izglitiba.valmierasnovads.lv\\\/v2v\\\/#\\\/schema\\\/logo\\\/image\\\/\"}},{\"@type\":\"Person\",\"@id\":\"https:\\\/\\\/izglitiba.valmierasnovads.lv\\\/v2v\\\/#\\\/schema\\\/person\\\/2e1e1e835967511698853e3ed1f38dea\",\"name\":\"andrejsgluhovs\",\"image\":{\"@type\":\"ImageObject\",\"inLanguage\":\"lv-LV\",\"@id\":\"https:\\\/\\\/secure.gravatar.com\\\/avatar\\\/5674f1a10d991797214e2d5446d296356affc982b90a4fd40fbbcf8bb636b00c?s=96&d=mm&r=g\",\"url\":\"https:\\\/\\\/secure.gravatar.com\\\/avatar\\\/5674f1a10d991797214e2d5446d296356affc982b90a4fd40fbbcf8bb636b00c?s=96&d=mm&r=g\",\"contentUrl\":\"https:\\\/\\\/secure.gravatar.com\\\/avatar\\\/5674f1a10d991797214e2d5446d296356affc982b90a4fd40fbbcf8bb636b00c?s=96&d=mm&r=g\",\"caption\":\"andrejsgluhovs\"},\"url\":\"https:\\\/\\\/izglitiba.valmierasnovads.lv\\\/v2v\\\/author\\\/andrejsgluhovs\\\/\"}]}<\/script>\n<!-- \/ Yoast SEO plugin. -->","yoast_head_json":{"title":"Zin\u012bbu diena 2026 - Valmieras 2. vidusskola","robots":{"index":"index","follow":"follow","max-snippet":"max-snippet:-1","max-image-preview":"max-image-preview:large","max-video-preview":"max-video-preview:-1"},"canonical":"https:\/\/izglitiba.valmierasnovads.lv\/v2v\/2026\/09\/02\/zinibu-diena-2026\/","og_locale":"lv_LV","og_type":"article","og_title":"Zin\u012bbu diena 2026 - Valmieras 2. vidusskola","og_description":"Jauns m\u0101c\u012bbu gads ir s\u0101cies! 1.septembr\u012b Valmieras 2. vidusskol\u0101 vald\u012bja patiess satik\u0161an\u0101s prieks \u2013 skol\u0113ni, skolot\u0101ji un vec\u0101ki atkal pulc\u0113j\u0101s, [&hellip;]","og_url":"https:\/\/izglitiba.valmierasnovads.lv\/v2v\/2026\/09\/02\/zinibu-diena-2026\/","og_site_name":"Valmieras 2. vidusskola","article_published_time":"2026-09-02T13:28:40+00:00","article_modified_time":"2026-09-02T13:47:35+00:00","og_image":[{"width":1000,"height":1500,"url":"https:\/\/izglitiba.valmierasnovads.lv\/v2v\/wp-content\/uploads\/sites\/23\/2026\/09\/Foto-160.jpg.jpg","type":"image\/jpeg"}],"author":"andrejsgluhovs","twitter_card":"summary_large_image","twitter_misc":{"Written by":"andrejsgluhovs","Est. reading time":"1 min\u016bte"},"schema":{"@context":"https:\/\/schema.org","@graph":[{"@type":"Article","@id":"https:\/\/izglitiba.valmierasnovads.lv\/v2v\/2026\/09\/02\/zinibu-diena-2026\/#article","isPartOf":{"@id":"https:\/\/izglitiba.valmierasnovads.lv\/v2v\/2026\/09\/02\/zinibu-diena-2026\/"},"author":{"name":"andrejsgluhovs","@id":"https:\/\/izglitiba.valmierasnovads.lv\/v2v\/#\/schema\/person\/2e1e1e835967511698853e3ed1f38dea"},"headline":"Zin\u012bbu diena 2026","datePublished":"2026-09-02T13:28:40+00:00","dateModified":"2026-09-02T13:47:35+00:00","mainEntityOfPage":{"@id":"https:\/\/izglitiba.valmierasnovads.lv\/v2v\/2026\/09\/02\/zinibu-diena-2026\/"},"wordCount":133,"publisher":{"@id":"https:\/\/izglitiba.valmierasnovads.lv\/v2v\/#organization"},"image":{"@id":"https:\/\/izglitiba.valmierasnovads.lv\/v2v\/2026\/09\/02\/zinibu-diena-2026\/#primaryimage"},"thumbnailUrl":"https:\/\/izglitiba.valmierasnovads.lv\/v2v\/wp-content\/uploads\/sites\/23\/2026\/09\/Foto-160.jpg.jpg","inLanguage":"lv-LV"},{"@type":"WebPage","@id":"https:\/\/izglitiba.valmierasnovads.lv\/v2v\/2026\/09\/02\/zinibu-diena-2026\/","url":"https:\/\/izglitiba.valmierasnovads.lv\/v2v\/2026\/09\/02\/zinibu-diena-2026\/","name":"Zin\u012bbu diena 2026 - Valmieras 2. vidusskola","isPartOf":{"@id":"https:\/\/izglitiba.valmierasnovads.lv\/v2v\/#website"},"primaryImageOfPage":{"@id":"https:\/\/izglitiba.valmierasnovads.lv\/v2v\/2026\/09\/02\/zinibu-diena-2026\/#primaryimage"},"image":{"@id":"https:\/\/izglitiba.valmierasnovads.lv\/v2v\/2026\/09\/02\/zinibu-diena-2026\/#primaryimage"},"thumbnailUrl":"https:\/\/izglitiba.valmierasnovads.lv\/v2v\/wp-content\/uploads\/sites\/23\/2026\/09\/Foto-160.jpg.jpg","datePublished":"2026-09-02T13:28:40+00:00","dateModified":"2026-09-02T13:47:35+00:00","breadcrumb":{"@id":"https:\/\/izglitiba.valmierasnovads.lv\/v2v\/2026\/09\/02\/zinibu-diena-2026\/#breadcrumb"},"inLanguage":"lv-LV","potentialAction":[{"@type":"ReadAction","target":["https:\/\/izglitiba.valmierasnovads.lv\/v2v\/2026\/09\/02\/zinibu-diena-2026\/"]}]},{"@type":"ImageObject","inLanguage":"lv-LV","@id":"https:\/\/izglitiba.valmierasnovads.lv\/v2v\/2026\/09\/02\/zinibu-diena-2026\/#primaryimage","url":"https:\/\/izglitiba.valmierasnovads.lv\/v2v\/wp-content\/uploads\/sites\/23\/2026\/09\/Foto-160.jpg.jpg","contentUrl":"https:\/\/izglitiba.valmierasnovads.lv\/v2v\/wp-content\/uploads\/sites\/23\/2026\/09\/Foto-160.jpg.jpg","width":1000,"height":1500},{"@type":"BreadcrumbList","@id":"https:\/\/izglitiba.valmierasnovads.lv\/v2v\/2026\/09\/02\/zinibu-diena-2026\/#breadcrumb","itemListElement":[{"@type":"ListItem","position":1,"name":"Home","item":"https:\/\/izglitiba.valmierasnovads.lv\/v2v\/"},{"@type":"ListItem","position":2,"name":"Zin\u012bbu diena 2026"}]},{"@type":"WebSite","@id":"https:\/\/izglitiba.valmierasnovads.lv\/v2v\/#website","url":"https:\/\/izglitiba.valmierasnovads.lv\/v2v\/","name":"Valmieras 2. vidusskola","description":"","publisher":{"@id":"https:\/\/izglitiba.valmierasnovads.lv\/v2v\/#organization"},"potentialAction":[{"@type":"SearchAction","target":{"@type":"EntryPoint","urlTemplate":"https:\/\/izglitiba.valmierasnovads.lv\/v2v\/?s={search_term_string}"},"query-input":{"@type":"PropertyValueSpecification","valueRequired":true,"valueName":"search_term_string"}}],"inLanguage":"lv-LV"},{"@type":"Organization","@id":"https:\/\/izglitiba.valmierasnovads.lv\/v2v\/#organization","name":"Valmieras 2. vidusskola","url":"https:\/\/izglitiba.valmierasnovads.lv\/v2v\/","logo":{"@type":"ImageObject","inLanguage":"lv-LV","@id":"https:\/\/izglitiba.valmierasnovads.lv\/v2v\/#\/schema\/logo\/image\/","url":"https:\/\/izglitiba.valmierasnovads.lv\/v2v\/wp-content\/uploads\/sites\/23\/2025\/04\/cropped-V2VSK-logo-PNG-1-1.png","contentUrl":"https:\/\/izglitiba.valmierasnovads.lv\/v2v\/wp-content\/uploads\/sites\/23\/2025\/04\/cropped-V2VSK-logo-PNG-1-1.png","width":2111,"height":1310,"caption":"Valmieras 2. vidusskola"},"image":{"@id":"https:\/\/izglitiba.valmierasnovads.lv\/v2v\/#\/schema\/logo\/image\/"}},{"@type":"Person","@id":"https:\/\/izglitiba.valmierasnovads.lv\/v2v\/#\/schema\/person\/2e1e1e835967511698853e3ed1f38dea","name":"andrejsgluhovs","image":{"@type":"ImageObject","inLanguage":"lv-LV","@id":"https:\/\/secure.gravatar.com\/avatar\/5674f1a10d991797214e2d5446d296356affc982b90a4fd40fbbcf8bb636b00c?s=96&d=mm&r=g","url":"https:\/\/secure.gravatar.com\/avatar\/5674f1a10d991797214e2d5446d296356affc982b90a4fd40fbbcf8bb636b00c?s=96&d=mm&r=g","contentUrl":"https:\/\/secure.gravatar.com\/avatar\/5674f1a10d991797214e2d5446d296356affc982b90a4fd40fbbcf8bb636b00c?s=96&d=mm&r=g","caption":"andrejsgluhovs"},"url":"https:\/\/izglitiba.valmierasnovads.lv\/v2v\/author\/andrejsgluhovs\/"}]}},"_links":{"self":[{"href":"https:\/\/izglitiba.valmierasnovads.lv\/v2v\/wp-json\/wp\/v2\/posts\/1637","targetHints":{"allow":["GET"]}}],"collection":[{"href":"https:\/\/izglitiba.valmierasnovads.lv\/v2v\/wp-json\/wp\/v2\/posts"}],"about":[{"href":"https:\/\/izglitiba.valmierasnovads.lv\/v2v\/wp-json\/wp\/v2\/types\/post"}],"author":[{"embeddable":true,"href":"https:\/\/izglitiba.valmierasnovads.lv\/v2v\/wp-json\/wp\/v2\/users\/20"}],"replies":[{"embeddable":true,"href":"https:\/\/izglitiba.valmierasnovads.lv\/v2v\/wp-json\/wp\/v2\/comments?post=1637"}],"version-history":[{"count":4,"href":"https:\/\/izglitiba.valmierasnovads.lv\/v2v\/wp-json\/wp\/v2\/posts\/1637\/revisions"}],"predecessor-version":[{"id":1643,"href":"https:\/\/izglitiba.valmierasnovads.lv\/v2v\/wp-json\/wp\/v2\/posts\/1637\/revisions\/1643"}],"wp:featuredmedia":[{"embeddable":true,"href":"https:\/\/izglitiba.valmierasnovads.lv\/v2v\/wp-json\/wp\/v2\/media\/1495"}],"wp:attachment":[{"href":"https:\/\/izglitiba.valmierasnovads.lv\/v2v\/wp-json\/wp\/v2\/media?parent=1637"}],"wp:term":[{"taxonomy":"category","embeddable":true,"href":"https:\/\/izglitiba.valmierasnovads.lv\/v2v\/wp-json\/wp\/v2\/categories?post=1637"},{"taxonomy":"post_tag","embeddable":true,"href":"https:\/\/izglitiba.valmierasnovads.lv\/v2v\/wp-json\/wp\/v2\/tags?post=1637"}],"curies":[{"name":"wp","href":"https:\/\/api.w.org\/{rel}","templated":true}]}}