{"id":1469,"date":"2026-01-27T09:53:29","date_gmt":"2026-01-27T07:53:29","guid":{"rendered":"https:\/\/izglitiba.valmierasnovads.lv\/v5v\/?p=1469"},"modified":"2026-01-27T09:53:29","modified_gmt":"2026-01-27T07:53:29","slug":"ep-vestnieki-devusies-cela","status":"publish","type":"post","link":"https:\/\/izglitiba.valmierasnovads.lv\/v5v\/ep-vestnieki-devusies-cela\/","title":{"rendered":"EP V\u0113stnieki devu\u0161ies ce\u013c\u0101!"},"content":{"rendered":"\n<p class=\"wp-block-paragraph\">M\u016bsu Eiropas Parlamenta V\u0113stnieku skolas 8 dal\u012bbnieki devu\u0161ies ce\u013c\u0101 uz Euroscola pas\u0101kumu Strasb\u016br\u0101. Iesp\u0113ja piedal\u012bties programm\u0101 nopeln\u012bta pag\u0101ju\u0161\u0101 m\u0101c\u012bbu gad\u0101, akt\u012bvi darbojoties un \u013coti veiksm\u012bgi izpildot rado\u0161o uzdevumu. \u0160oreiz m\u016bsu ce\u013cabiedri ir v\u0113stnieku skolas dal\u012bbnieki no Valmieras P\u0101rgaujas valsts \u0123imn\u0101zijas un Valmieras Valsts \u0123imn\u0101zijas. Brauciena laik\u0101 tiek iepaz\u012btas Eiropas valstu iev\u0113rojam\u0101k\u0101s vietas un v\u0113sture. Paldies Eiropas Parlaments Latvij\u0101 V\u0113stnieku skolai un Euroscola!<\/p>\n\n\n\n<figure class=\"wp-block-gallery has-nested-images columns-default is-cropped wp-block-gallery-1 is-layout-flex wp-block-gallery-is-layout-flex\">\n<figure class=\"wp-block-image size-large\"><img loading=\"lazy\" decoding=\"async\" width=\"1024\" height=\"819\" data-id=\"1474\" src=\"https:\/\/izglitiba.valmierasnovads.lv\/v5v\/wp-content\/uploads\/sites\/7\/2026\/01\/e6de3f81-d512-4938-9068-8c6233f8551f-1024x819.jpeg\" alt=\"\" class=\"wp-image-1474\" srcset=\"https:\/\/izglitiba.valmierasnovads.lv\/v5v\/wp-content\/uploads\/sites\/7\/2026\/01\/e6de3f81-d512-4938-9068-8c6233f8551f-1024x819.jpeg 1024w, https:\/\/izglitiba.valmierasnovads.lv\/v5v\/wp-content\/uploads\/sites\/7\/2026\/01\/e6de3f81-d512-4938-9068-8c6233f8551f-300x240.jpeg 300w, https:\/\/izglitiba.valmierasnovads.lv\/v5v\/wp-content\/uploads\/sites\/7\/2026\/01\/e6de3f81-d512-4938-9068-8c6233f8551f-768x615.jpeg 768w, https:\/\/izglitiba.valmierasnovads.lv\/v5v\/wp-content\/uploads\/sites\/7\/2026\/01\/e6de3f81-d512-4938-9068-8c6233f8551f.jpeg 1126w\" sizes=\"auto, (max-width: 1024px) 100vw, 1024px\" \/><\/figure>\n\n\n\n<figure class=\"wp-block-image size-large\"><img loading=\"lazy\" decoding=\"async\" width=\"1024\" height=\"819\" data-id=\"1473\" src=\"https:\/\/izglitiba.valmierasnovads.lv\/v5v\/wp-content\/uploads\/sites\/7\/2026\/01\/32d6077f-cd18-47d9-9a52-e4fc67b08872-1024x819.jpeg\" alt=\"\" class=\"wp-image-1473\" srcset=\"https:\/\/izglitiba.valmierasnovads.lv\/v5v\/wp-content\/uploads\/sites\/7\/2026\/01\/32d6077f-cd18-47d9-9a52-e4fc67b08872-1024x819.jpeg 1024w, https:\/\/izglitiba.valmierasnovads.lv\/v5v\/wp-content\/uploads\/sites\/7\/2026\/01\/32d6077f-cd18-47d9-9a52-e4fc67b08872-300x240.jpeg 300w, https:\/\/izglitiba.valmierasnovads.lv\/v5v\/wp-content\/uploads\/sites\/7\/2026\/01\/32d6077f-cd18-47d9-9a52-e4fc67b08872-768x615.jpeg 768w, https:\/\/izglitiba.valmierasnovads.lv\/v5v\/wp-content\/uploads\/sites\/7\/2026\/01\/32d6077f-cd18-47d9-9a52-e4fc67b08872.jpeg 1407w\" sizes=\"auto, (max-width: 1024px) 100vw, 1024px\" \/><\/figure>\n\n\n\n<figure class=\"wp-block-image size-large\"><img loading=\"lazy\" decoding=\"async\" width=\"1024\" height=\"819\" data-id=\"1472\" src=\"https:\/\/izglitiba.valmierasnovads.lv\/v5v\/wp-content\/uploads\/sites\/7\/2026\/01\/5ad76c32-c80f-452c-9af0-7adf74414fdc-1024x819.jpeg\" alt=\"\" class=\"wp-image-1472\" srcset=\"https:\/\/izglitiba.valmierasnovads.lv\/v5v\/wp-content\/uploads\/sites\/7\/2026\/01\/5ad76c32-c80f-452c-9af0-7adf74414fdc-1024x819.jpeg 1024w, https:\/\/izglitiba.valmierasnovads.lv\/v5v\/wp-content\/uploads\/sites\/7\/2026\/01\/5ad76c32-c80f-452c-9af0-7adf74414fdc-300x240.jpeg 300w, https:\/\/izglitiba.valmierasnovads.lv\/v5v\/wp-content\/uploads\/sites\/7\/2026\/01\/5ad76c32-c80f-452c-9af0-7adf74414fdc-768x614.jpeg 768w, https:\/\/izglitiba.valmierasnovads.lv\/v5v\/wp-content\/uploads\/sites\/7\/2026\/01\/5ad76c32-c80f-452c-9af0-7adf74414fdc.jpeg 1408w\" sizes=\"auto, (max-width: 1024px) 100vw, 1024px\" \/><\/figure>\n\n\n\n<figure class=\"wp-block-image size-large\"><img loading=\"lazy\" decoding=\"async\" width=\"1024\" height=\"819\" data-id=\"1471\" src=\"https:\/\/izglitiba.valmierasnovads.lv\/v5v\/wp-content\/uploads\/sites\/7\/2026\/01\/ea299929-33db-41c3-a6c7-189ba1de334f-1024x819.jpeg\" alt=\"\" class=\"wp-image-1471\" srcset=\"https:\/\/izglitiba.valmierasnovads.lv\/v5v\/wp-content\/uploads\/sites\/7\/2026\/01\/ea299929-33db-41c3-a6c7-189ba1de334f-1024x819.jpeg 1024w, https:\/\/izglitiba.valmierasnovads.lv\/v5v\/wp-content\/uploads\/sites\/7\/2026\/01\/ea299929-33db-41c3-a6c7-189ba1de334f-300x240.jpeg 300w, https:\/\/izglitiba.valmierasnovads.lv\/v5v\/wp-content\/uploads\/sites\/7\/2026\/01\/ea299929-33db-41c3-a6c7-189ba1de334f-768x615.jpeg 768w, https:\/\/izglitiba.valmierasnovads.lv\/v5v\/wp-content\/uploads\/sites\/7\/2026\/01\/ea299929-33db-41c3-a6c7-189ba1de334f.jpeg 1126w\" sizes=\"auto, (max-width: 1024px) 100vw, 1024px\" \/><\/figure>\n<\/figure>\n","protected":false},"excerpt":{"rendered":"<p>M\u016bsu Eiropas Parlamenta V\u0113stnieku skolas 8 dal\u012bbnieki devu\u0161ies ce\u013c\u0101 uz Euroscola pas\u0101kumu Strasb\u016br\u0101. Iesp\u0113ja piedal\u012bties programm\u0101 nopeln\u012bta pag\u0101ju\u0161\u0101 m\u0101c\u012bbu gad\u0101, [&hellip;]<\/p>\n","protected":false},"author":6,"featured_media":1470,"comment_status":"closed","ping_status":"closed","sticky":false,"template":"","format":"standard","meta":{"_acf_changed":false,"site-sidebar-layout":"default","site-content-layout":"","ast-site-content-layout":"default","site-content-style":"default","site-sidebar-style":"default","ast-global-header-display":"","ast-banner-title-visibility":"","ast-main-header-display":"","ast-hfb-above-header-display":"","ast-hfb-below-header-display":"","ast-hfb-mobile-header-display":"","site-post-title":"","ast-breadcrumbs-content":"","ast-featured-img":"","footer-sml-layout":"","ast-disable-related-posts":"","theme-transparent-header-meta":"","adv-header-id-meta":"","stick-header-meta":"","header-above-stick-meta":"","header-main-stick-meta":"","header-below-stick-meta":"","astra-migrate-meta-layouts":"default","ast-page-background-enabled":"default","ast-page-background-meta":{"desktop":{"background-color":"var(--ast-global-color-5)","background-image":"","background-repeat":"repeat","background-position":"center center","background-size":"auto","background-attachment":"scroll","background-type":"","background-media":"","overlay-type":"","overlay-color":"","overlay-opacity":"","overlay-gradient":""},"tablet":{"background-color":"","background-image":"","background-repeat":"repeat","background-position":"center center","background-size":"auto","background-attachment":"scroll","background-type":"","background-media":"","overlay-type":"","overlay-color":"","overlay-opacity":"","overlay-gradient":""},"mobile":{"background-color":"","background-image":"","background-repeat":"repeat","background-position":"center center","background-size":"auto","background-attachment":"scroll","background-type":"","background-media":"","overlay-type":"","overlay-color":"","overlay-opacity":"","overlay-gradient":""}},"ast-content-background-meta":{"desktop":{"background-color":"var(--ast-global-color-4)","background-image":"","background-repeat":"repeat","background-position":"center center","background-size":"auto","background-attachment":"scroll","background-type":"","background-media":"","overlay-type":"","overlay-color":"","overlay-opacity":"","overlay-gradient":""},"tablet":{"background-color":"var(--ast-global-color-4)","background-image":"","background-repeat":"repeat","background-position":"center center","background-size":"auto","background-attachment":"scroll","background-type":"","background-media":"","overlay-type":"","overlay-color":"","overlay-opacity":"","overlay-gradient":""},"mobile":{"background-color":"var(--ast-global-color-4)","background-image":"","background-repeat":"repeat","background-position":"center center","background-size":"auto","background-attachment":"scroll","background-type":"","background-media":"","overlay-type":"","overlay-color":"","overlay-opacity":"","overlay-gradient":""}},"footnotes":""},"categories":[15,26],"tags":[],"class_list":["post-1469","post","type-post","status-publish","format-standard","has-post-thumbnail","hentry","category-ekskursijas","category-projekti"],"acf":[],"yoast_head":"<!-- This site is optimized with the Yoast SEO plugin v28.2 - https:\/\/yoast.com\/product\/yoast-seo-wordpress\/ -->\n<title>EP V\u0113stnieki devu\u0161ies ce\u013c\u0101! - Valmieras 5. vidusskola<\/title>\n<meta name=\"robots\" content=\"index, follow, max-snippet:-1, max-image-preview:large, max-video-preview:-1\" \/>\n<link rel=\"canonical\" href=\"https:\/\/izglitiba.valmierasnovads.lv\/v5v\/ep-vestnieki-devusies-cela\/\" \/>\n<meta property=\"og:locale\" content=\"lv_LV\" \/>\n<meta property=\"og:type\" content=\"article\" \/>\n<meta property=\"og:title\" content=\"EP V\u0113stnieki devu\u0161ies ce\u013c\u0101! - Valmieras 5. vidusskola\" \/>\n<meta property=\"og:description\" content=\"M\u016bsu Eiropas Parlamenta V\u0113stnieku skolas 8 dal\u012bbnieki devu\u0161ies ce\u013c\u0101 uz Euroscola pas\u0101kumu Strasb\u016br\u0101. Iesp\u0113ja piedal\u012bties programm\u0101 nopeln\u012bta pag\u0101ju\u0161\u0101 m\u0101c\u012bbu gad\u0101, [&hellip;]\" \/>\n<meta property=\"og:url\" content=\"https:\/\/izglitiba.valmierasnovads.lv\/v5v\/ep-vestnieki-devusies-cela\/\" \/>\n<meta property=\"og:site_name\" content=\"Valmieras 5. vidusskola\" \/>\n<meta property=\"article:published_time\" content=\"2026-01-27T07:53:29+00:00\" \/>\n<meta property=\"og:image\" content=\"https:\/\/izglitiba.valmierasnovads.lv\/v5v\/wp-content\/uploads\/sites\/7\/2026\/01\/2e8db816-fcd5-4ce6-9bcc-e662ae17c3ab.jpeg\" \/>\n\t<meta property=\"og:image:width\" content=\"1407\" \/>\n\t<meta property=\"og:image:height\" content=\"1126\" \/>\n\t<meta property=\"og:image:type\" content=\"image\/jpeg\" \/>\n<meta name=\"author\" content=\"Gustavs M\u0101zi\u0146\u0161\" \/>\n<meta name=\"twitter:card\" content=\"summary_large_image\" \/>\n<meta name=\"twitter:label1\" content=\"Written by\" \/>\n\t<meta name=\"twitter:data1\" content=\"Gustavs M\u0101zi\u0146\u0161\" \/>\n\t<meta name=\"twitter:label2\" content=\"Est. reading time\" \/>\n\t<meta name=\"twitter:data2\" content=\"2 min\u016btes\" \/>\n<script type=\"application\/ld+json\" class=\"yoast-schema-graph\">{\"@context\":\"https:\\\/\\\/schema.org\",\"@graph\":[{\"@type\":\"Article\",\"@id\":\"https:\\\/\\\/izglitiba.valmierasnovads.lv\\\/v5v\\\/ep-vestnieki-devusies-cela\\\/#article\",\"isPartOf\":{\"@id\":\"https:\\\/\\\/izglitiba.valmierasnovads.lv\\\/v5v\\\/ep-vestnieki-devusies-cela\\\/\"},\"author\":{\"name\":\"Gustavs M\u0101zi\u0146\u0161\",\"@id\":\"https:\\\/\\\/izglitiba.valmierasnovads.lv\\\/v5v\\\/#\\\/schema\\\/person\\\/8dd1ffd41dcf2f3ae7981cd4eec63a08\"},\"headline\":\"EP V\u0113stnieki devu\u0161ies ce\u013c\u0101!\",\"datePublished\":\"2026-01-27T07:53:29+00:00\",\"mainEntityOfPage\":{\"@id\":\"https:\\\/\\\/izglitiba.valmierasnovads.lv\\\/v5v\\\/ep-vestnieki-devusies-cela\\\/\"},\"wordCount\":95,\"publisher\":{\"@id\":\"https:\\\/\\\/izglitiba.valmierasnovads.lv\\\/v5v\\\/#organization\"},\"image\":{\"@id\":\"https:\\\/\\\/izglitiba.valmierasnovads.lv\\\/v5v\\\/ep-vestnieki-devusies-cela\\\/#primaryimage\"},\"thumbnailUrl\":\"https:\\\/\\\/izglitiba.valmierasnovads.lv\\\/v5v\\\/wp-content\\\/uploads\\\/sites\\\/7\\\/2026\\\/01\\\/2e8db816-fcd5-4ce6-9bcc-e662ae17c3ab.jpeg\",\"articleSection\":[\"Ekskursijas\",\"Projekti\"],\"inLanguage\":\"lv-LV\"},{\"@type\":\"WebPage\",\"@id\":\"https:\\\/\\\/izglitiba.valmierasnovads.lv\\\/v5v\\\/ep-vestnieki-devusies-cela\\\/\",\"url\":\"https:\\\/\\\/izglitiba.valmierasnovads.lv\\\/v5v\\\/ep-vestnieki-devusies-cela\\\/\",\"name\":\"EP V\u0113stnieki devu\u0161ies ce\u013c\u0101! - Valmieras 5. vidusskola\",\"isPartOf\":{\"@id\":\"https:\\\/\\\/izglitiba.valmierasnovads.lv\\\/v5v\\\/#website\"},\"primaryImageOfPage\":{\"@id\":\"https:\\\/\\\/izglitiba.valmierasnovads.lv\\\/v5v\\\/ep-vestnieki-devusies-cela\\\/#primaryimage\"},\"image\":{\"@id\":\"https:\\\/\\\/izglitiba.valmierasnovads.lv\\\/v5v\\\/ep-vestnieki-devusies-cela\\\/#primaryimage\"},\"thumbnailUrl\":\"https:\\\/\\\/izglitiba.valmierasnovads.lv\\\/v5v\\\/wp-content\\\/uploads\\\/sites\\\/7\\\/2026\\\/01\\\/2e8db816-fcd5-4ce6-9bcc-e662ae17c3ab.jpeg\",\"datePublished\":\"2026-01-27T07:53:29+00:00\",\"breadcrumb\":{\"@id\":\"https:\\\/\\\/izglitiba.valmierasnovads.lv\\\/v5v\\\/ep-vestnieki-devusies-cela\\\/#breadcrumb\"},\"inLanguage\":\"lv-LV\",\"potentialAction\":[{\"@type\":\"ReadAction\",\"target\":[\"https:\\\/\\\/izglitiba.valmierasnovads.lv\\\/v5v\\\/ep-vestnieki-devusies-cela\\\/\"]}]},{\"@type\":\"ImageObject\",\"inLanguage\":\"lv-LV\",\"@id\":\"https:\\\/\\\/izglitiba.valmierasnovads.lv\\\/v5v\\\/ep-vestnieki-devusies-cela\\\/#primaryimage\",\"url\":\"https:\\\/\\\/izglitiba.valmierasnovads.lv\\\/v5v\\\/wp-content\\\/uploads\\\/sites\\\/7\\\/2026\\\/01\\\/2e8db816-fcd5-4ce6-9bcc-e662ae17c3ab.jpeg\",\"contentUrl\":\"https:\\\/\\\/izglitiba.valmierasnovads.lv\\\/v5v\\\/wp-content\\\/uploads\\\/sites\\\/7\\\/2026\\\/01\\\/2e8db816-fcd5-4ce6-9bcc-e662ae17c3ab.jpeg\",\"width\":1407,\"height\":1126},{\"@type\":\"BreadcrumbList\",\"@id\":\"https:\\\/\\\/izglitiba.valmierasnovads.lv\\\/v5v\\\/ep-vestnieki-devusies-cela\\\/#breadcrumb\",\"itemListElement\":[{\"@type\":\"ListItem\",\"position\":1,\"name\":\"Home\",\"item\":\"https:\\\/\\\/izglitiba.valmierasnovads.lv\\\/v5v\\\/\"},{\"@type\":\"ListItem\",\"position\":2,\"name\":\"EP V\u0113stnieki devu\u0161ies ce\u013c\u0101!\"}]},{\"@type\":\"WebSite\",\"@id\":\"https:\\\/\\\/izglitiba.valmierasnovads.lv\\\/v5v\\\/#website\",\"url\":\"https:\\\/\\\/izglitiba.valmierasnovads.lv\\\/v5v\\\/\",\"name\":\"Valmieras 5. vidusskola\",\"description\":\"Draudz\u012bg\u0101k\u0101 skola b\u0113rniem pa\u0161\u0101 Valmieras sird\u012b, pie ezeri\u0146a!\",\"publisher\":{\"@id\":\"https:\\\/\\\/izglitiba.valmierasnovads.lv\\\/v5v\\\/#organization\"},\"potentialAction\":[{\"@type\":\"SearchAction\",\"target\":{\"@type\":\"EntryPoint\",\"urlTemplate\":\"https:\\\/\\\/izglitiba.valmierasnovads.lv\\\/v5v\\\/?s={search_term_string}\"},\"query-input\":{\"@type\":\"PropertyValueSpecification\",\"valueRequired\":true,\"valueName\":\"search_term_string\"}}],\"inLanguage\":\"lv-LV\"},{\"@type\":\"Organization\",\"@id\":\"https:\\\/\\\/izglitiba.valmierasnovads.lv\\\/v5v\\\/#organization\",\"name\":\"Valmieras 5. vidusskola\",\"url\":\"https:\\\/\\\/izglitiba.valmierasnovads.lv\\\/v5v\\\/\",\"logo\":{\"@type\":\"ImageObject\",\"inLanguage\":\"lv-LV\",\"@id\":\"https:\\\/\\\/izglitiba.valmierasnovads.lv\\\/v5v\\\/#\\\/schema\\\/logo\\\/image\\\/\",\"url\":\"https:\\\/\\\/izglitiba.valmierasnovads.lv\\\/v5v\\\/wp-content\\\/uploads\\\/sites\\\/7\\\/2026\\\/03\\\/cropped-Komplekta-ar-pasu-logo-2-scaled-1.png\",\"contentUrl\":\"https:\\\/\\\/izglitiba.valmierasnovads.lv\\\/v5v\\\/wp-content\\\/uploads\\\/sites\\\/7\\\/2026\\\/03\\\/cropped-Komplekta-ar-pasu-logo-2-scaled-1.png\",\"width\":1623,\"height\":405,\"caption\":\"Valmieras 5. vidusskola\"},\"image\":{\"@id\":\"https:\\\/\\\/izglitiba.valmierasnovads.lv\\\/v5v\\\/#\\\/schema\\\/logo\\\/image\\\/\"}},{\"@type\":\"Person\",\"@id\":\"https:\\\/\\\/izglitiba.valmierasnovads.lv\\\/v5v\\\/#\\\/schema\\\/person\\\/8dd1ffd41dcf2f3ae7981cd4eec63a08\",\"name\":\"Gustavs M\u0101zi\u0146\u0161\",\"image\":{\"@type\":\"ImageObject\",\"inLanguage\":\"lv-LV\",\"@id\":\"https:\\\/\\\/secure.gravatar.com\\\/avatar\\\/3b747f1850f373ea2d2e14c74209ae7c7dc5d55fa0b895de5d15ec77932ec8fb?s=96&d=mm&r=g\",\"url\":\"https:\\\/\\\/secure.gravatar.com\\\/avatar\\\/3b747f1850f373ea2d2e14c74209ae7c7dc5d55fa0b895de5d15ec77932ec8fb?s=96&d=mm&r=g\",\"contentUrl\":\"https:\\\/\\\/secure.gravatar.com\\\/avatar\\\/3b747f1850f373ea2d2e14c74209ae7c7dc5d55fa0b895de5d15ec77932ec8fb?s=96&d=mm&r=g\",\"caption\":\"Gustavs M\u0101zi\u0146\u0161\"},\"url\":\"https:\\\/\\\/izglitiba.valmierasnovads.lv\\\/v5v\\\/author\\\/gustavsmazins\\\/\"}]}<\/script>\n<!-- \/ Yoast SEO plugin. -->","yoast_head_json":{"title":"EP V\u0113stnieki devu\u0161ies ce\u013c\u0101! - Valmieras 5. vidusskola","robots":{"index":"index","follow":"follow","max-snippet":"max-snippet:-1","max-image-preview":"max-image-preview:large","max-video-preview":"max-video-preview:-1"},"canonical":"https:\/\/izglitiba.valmierasnovads.lv\/v5v\/ep-vestnieki-devusies-cela\/","og_locale":"lv_LV","og_type":"article","og_title":"EP V\u0113stnieki devu\u0161ies ce\u013c\u0101! - Valmieras 5. vidusskola","og_description":"M\u016bsu Eiropas Parlamenta V\u0113stnieku skolas 8 dal\u012bbnieki devu\u0161ies ce\u013c\u0101 uz Euroscola pas\u0101kumu Strasb\u016br\u0101. Iesp\u0113ja piedal\u012bties programm\u0101 nopeln\u012bta pag\u0101ju\u0161\u0101 m\u0101c\u012bbu gad\u0101, [&hellip;]","og_url":"https:\/\/izglitiba.valmierasnovads.lv\/v5v\/ep-vestnieki-devusies-cela\/","og_site_name":"Valmieras 5. vidusskola","article_published_time":"2026-01-27T07:53:29+00:00","og_image":[{"width":1407,"height":1126,"url":"https:\/\/izglitiba.valmierasnovads.lv\/v5v\/wp-content\/uploads\/sites\/7\/2026\/01\/2e8db816-fcd5-4ce6-9bcc-e662ae17c3ab.jpeg","type":"image\/jpeg"}],"author":"Gustavs M\u0101zi\u0146\u0161","twitter_card":"summary_large_image","twitter_misc":{"Written by":"Gustavs M\u0101zi\u0146\u0161","Est. reading time":"2 min\u016btes"},"schema":{"@context":"https:\/\/schema.org","@graph":[{"@type":"Article","@id":"https:\/\/izglitiba.valmierasnovads.lv\/v5v\/ep-vestnieki-devusies-cela\/#article","isPartOf":{"@id":"https:\/\/izglitiba.valmierasnovads.lv\/v5v\/ep-vestnieki-devusies-cela\/"},"author":{"name":"Gustavs M\u0101zi\u0146\u0161","@id":"https:\/\/izglitiba.valmierasnovads.lv\/v5v\/#\/schema\/person\/8dd1ffd41dcf2f3ae7981cd4eec63a08"},"headline":"EP V\u0113stnieki devu\u0161ies ce\u013c\u0101!","datePublished":"2026-01-27T07:53:29+00:00","mainEntityOfPage":{"@id":"https:\/\/izglitiba.valmierasnovads.lv\/v5v\/ep-vestnieki-devusies-cela\/"},"wordCount":95,"publisher":{"@id":"https:\/\/izglitiba.valmierasnovads.lv\/v5v\/#organization"},"image":{"@id":"https:\/\/izglitiba.valmierasnovads.lv\/v5v\/ep-vestnieki-devusies-cela\/#primaryimage"},"thumbnailUrl":"https:\/\/izglitiba.valmierasnovads.lv\/v5v\/wp-content\/uploads\/sites\/7\/2026\/01\/2e8db816-fcd5-4ce6-9bcc-e662ae17c3ab.jpeg","articleSection":["Ekskursijas","Projekti"],"inLanguage":"lv-LV"},{"@type":"WebPage","@id":"https:\/\/izglitiba.valmierasnovads.lv\/v5v\/ep-vestnieki-devusies-cela\/","url":"https:\/\/izglitiba.valmierasnovads.lv\/v5v\/ep-vestnieki-devusies-cela\/","name":"EP V\u0113stnieki devu\u0161ies ce\u013c\u0101! - Valmieras 5. vidusskola","isPartOf":{"@id":"https:\/\/izglitiba.valmierasnovads.lv\/v5v\/#website"},"primaryImageOfPage":{"@id":"https:\/\/izglitiba.valmierasnovads.lv\/v5v\/ep-vestnieki-devusies-cela\/#primaryimage"},"image":{"@id":"https:\/\/izglitiba.valmierasnovads.lv\/v5v\/ep-vestnieki-devusies-cela\/#primaryimage"},"thumbnailUrl":"https:\/\/izglitiba.valmierasnovads.lv\/v5v\/wp-content\/uploads\/sites\/7\/2026\/01\/2e8db816-fcd5-4ce6-9bcc-e662ae17c3ab.jpeg","datePublished":"2026-01-27T07:53:29+00:00","breadcrumb":{"@id":"https:\/\/izglitiba.valmierasnovads.lv\/v5v\/ep-vestnieki-devusies-cela\/#breadcrumb"},"inLanguage":"lv-LV","potentialAction":[{"@type":"ReadAction","target":["https:\/\/izglitiba.valmierasnovads.lv\/v5v\/ep-vestnieki-devusies-cela\/"]}]},{"@type":"ImageObject","inLanguage":"lv-LV","@id":"https:\/\/izglitiba.valmierasnovads.lv\/v5v\/ep-vestnieki-devusies-cela\/#primaryimage","url":"https:\/\/izglitiba.valmierasnovads.lv\/v5v\/wp-content\/uploads\/sites\/7\/2026\/01\/2e8db816-fcd5-4ce6-9bcc-e662ae17c3ab.jpeg","contentUrl":"https:\/\/izglitiba.valmierasnovads.lv\/v5v\/wp-content\/uploads\/sites\/7\/2026\/01\/2e8db816-fcd5-4ce6-9bcc-e662ae17c3ab.jpeg","width":1407,"height":1126},{"@type":"BreadcrumbList","@id":"https:\/\/izglitiba.valmierasnovads.lv\/v5v\/ep-vestnieki-devusies-cela\/#breadcrumb","itemListElement":[{"@type":"ListItem","position":1,"name":"Home","item":"https:\/\/izglitiba.valmierasnovads.lv\/v5v\/"},{"@type":"ListItem","position":2,"name":"EP V\u0113stnieki devu\u0161ies ce\u013c\u0101!"}]},{"@type":"WebSite","@id":"https:\/\/izglitiba.valmierasnovads.lv\/v5v\/#website","url":"https:\/\/izglitiba.valmierasnovads.lv\/v5v\/","name":"Valmieras 5. vidusskola","description":"Draudz\u012bg\u0101k\u0101 skola b\u0113rniem pa\u0161\u0101 Valmieras sird\u012b, pie ezeri\u0146a!","publisher":{"@id":"https:\/\/izglitiba.valmierasnovads.lv\/v5v\/#organization"},"potentialAction":[{"@type":"SearchAction","target":{"@type":"EntryPoint","urlTemplate":"https:\/\/izglitiba.valmierasnovads.lv\/v5v\/?s={search_term_string}"},"query-input":{"@type":"PropertyValueSpecification","valueRequired":true,"valueName":"search_term_string"}}],"inLanguage":"lv-LV"},{"@type":"Organization","@id":"https:\/\/izglitiba.valmierasnovads.lv\/v5v\/#organization","name":"Valmieras 5. vidusskola","url":"https:\/\/izglitiba.valmierasnovads.lv\/v5v\/","logo":{"@type":"ImageObject","inLanguage":"lv-LV","@id":"https:\/\/izglitiba.valmierasnovads.lv\/v5v\/#\/schema\/logo\/image\/","url":"https:\/\/izglitiba.valmierasnovads.lv\/v5v\/wp-content\/uploads\/sites\/7\/2026\/03\/cropped-Komplekta-ar-pasu-logo-2-scaled-1.png","contentUrl":"https:\/\/izglitiba.valmierasnovads.lv\/v5v\/wp-content\/uploads\/sites\/7\/2026\/03\/cropped-Komplekta-ar-pasu-logo-2-scaled-1.png","width":1623,"height":405,"caption":"Valmieras 5. vidusskola"},"image":{"@id":"https:\/\/izglitiba.valmierasnovads.lv\/v5v\/#\/schema\/logo\/image\/"}},{"@type":"Person","@id":"https:\/\/izglitiba.valmierasnovads.lv\/v5v\/#\/schema\/person\/8dd1ffd41dcf2f3ae7981cd4eec63a08","name":"Gustavs M\u0101zi\u0146\u0161","image":{"@type":"ImageObject","inLanguage":"lv-LV","@id":"https:\/\/secure.gravatar.com\/avatar\/3b747f1850f373ea2d2e14c74209ae7c7dc5d55fa0b895de5d15ec77932ec8fb?s=96&d=mm&r=g","url":"https:\/\/secure.gravatar.com\/avatar\/3b747f1850f373ea2d2e14c74209ae7c7dc5d55fa0b895de5d15ec77932ec8fb?s=96&d=mm&r=g","contentUrl":"https:\/\/secure.gravatar.com\/avatar\/3b747f1850f373ea2d2e14c74209ae7c7dc5d55fa0b895de5d15ec77932ec8fb?s=96&d=mm&r=g","caption":"Gustavs M\u0101zi\u0146\u0161"},"url":"https:\/\/izglitiba.valmierasnovads.lv\/v5v\/author\/gustavsmazins\/"}]}},"_links":{"self":[{"href":"https:\/\/izglitiba.valmierasnovads.lv\/v5v\/wp-json\/wp\/v2\/posts\/1469","targetHints":{"allow":["GET"]}}],"collection":[{"href":"https:\/\/izglitiba.valmierasnovads.lv\/v5v\/wp-json\/wp\/v2\/posts"}],"about":[{"href":"https:\/\/izglitiba.valmierasnovads.lv\/v5v\/wp-json\/wp\/v2\/types\/post"}],"author":[{"embeddable":true,"href":"https:\/\/izglitiba.valmierasnovads.lv\/v5v\/wp-json\/wp\/v2\/users\/6"}],"replies":[{"embeddable":true,"href":"https:\/\/izglitiba.valmierasnovads.lv\/v5v\/wp-json\/wp\/v2\/comments?post=1469"}],"version-history":[{"count":1,"href":"https:\/\/izglitiba.valmierasnovads.lv\/v5v\/wp-json\/wp\/v2\/posts\/1469\/revisions"}],"predecessor-version":[{"id":1475,"href":"https:\/\/izglitiba.valmierasnovads.lv\/v5v\/wp-json\/wp\/v2\/posts\/1469\/revisions\/1475"}],"wp:featuredmedia":[{"embeddable":true,"href":"https:\/\/izglitiba.valmierasnovads.lv\/v5v\/wp-json\/wp\/v2\/media\/1470"}],"wp:attachment":[{"href":"https:\/\/izglitiba.valmierasnovads.lv\/v5v\/wp-json\/wp\/v2\/media?parent=1469"}],"wp:term":[{"taxonomy":"category","embeddable":true,"href":"https:\/\/izglitiba.valmierasnovads.lv\/v5v\/wp-json\/wp\/v2\/categories?post=1469"},{"taxonomy":"post_tag","embeddable":true,"href":"https:\/\/izglitiba.valmierasnovads.lv\/v5v\/wp-json\/wp\/v2\/tags?post=1469"}],"curies":[{"name":"wp","href":"https:\/\/api.w.org\/{rel}","templated":true}]}}