{"id":1515,"date":"2026-01-30T12:31:19","date_gmt":"2026-01-30T10:31:19","guid":{"rendered":"https:\/\/izglitiba.valmierasnovads.lv\/v5v\/?p=1515"},"modified":"2026-01-30T12:31:19","modified_gmt":"2026-01-30T10:31:19","slug":"ep-vestnieki-strasbura","status":"publish","type":"post","link":"https:\/\/izglitiba.valmierasnovads.lv\/v5v\/ep-vestnieki-strasbura\/","title":{"rendered":"EP v\u0113stnieki Strasb\u016br\u0101"},"content":{"rendered":"\n<p class=\"wp-block-paragraph\">\u0160odien m\u016bsu Eiropas Parlamenta V\u0113stnieku skolas dal\u012bbnieki piedal\u012bj\u0101s Euroscola programm\u0101 Strasb\u016br\u0101. Vi\u0146iem bija lieliska iesp\u0113ja b\u016bt da\u013cai no vair\u0101k nek\u0101 700 jaunie\u0161u lielas auditorijas un uzdot sev interes\u0113jo\u0161us jaut\u0101jumus, k\u0101 ar\u012b iejusties Eiropas Parlamenta deput\u0101tu lom\u0101s. Programmas laik\u0101 vi\u0146i akt\u012bvi diskut\u0113ja par da\u017e\u0101diem aktu\u0101liem Eiropas Savien\u012bbas jaut\u0101jumiem, g\u016bstot v\u0113rt\u012bgu pieredzi un padzi\u013cin\u0101tu izpratni par demokr\u0101tijas procesiem Eirop\u0101. Paldies Eiropas Parlaments Latvij\u0101, Euroscola, Eiropas Parlamenta V\u0113stnieku skolas<\/p>\n\n\n\n<figure class=\"wp-block-gallery has-nested-images columns-default is-cropped wp-block-gallery-1 is-layout-flex wp-block-gallery-is-layout-flex\">\n<figure class=\"wp-block-image size-large\"><img loading=\"lazy\" decoding=\"async\" width=\"1024\" height=\"819\" data-id=\"1521\" src=\"https:\/\/izglitiba.valmierasnovads.lv\/v5v\/wp-content\/uploads\/sites\/7\/2026\/01\/h-1024x819.jpeg\" alt=\"\" class=\"wp-image-1521\" srcset=\"https:\/\/izglitiba.valmierasnovads.lv\/v5v\/wp-content\/uploads\/sites\/7\/2026\/01\/h-1024x819.jpeg 1024w, https:\/\/izglitiba.valmierasnovads.lv\/v5v\/wp-content\/uploads\/sites\/7\/2026\/01\/h-300x240.jpeg 300w, https:\/\/izglitiba.valmierasnovads.lv\/v5v\/wp-content\/uploads\/sites\/7\/2026\/01\/h-768x614.jpeg 768w, https:\/\/izglitiba.valmierasnovads.lv\/v5v\/wp-content\/uploads\/sites\/7\/2026\/01\/h.jpeg 1408w\" sizes=\"auto, (max-width: 1024px) 100vw, 1024px\" \/><\/figure>\n\n\n\n<figure class=\"wp-block-image size-large\"><img loading=\"lazy\" decoding=\"async\" width=\"834\" height=\"667\" data-id=\"1520\" src=\"https:\/\/izglitiba.valmierasnovads.lv\/v5v\/wp-content\/uploads\/sites\/7\/2026\/01\/drtdt.jpeg\" alt=\"\" class=\"wp-image-1520\" srcset=\"https:\/\/izglitiba.valmierasnovads.lv\/v5v\/wp-content\/uploads\/sites\/7\/2026\/01\/drtdt.jpeg 834w, https:\/\/izglitiba.valmierasnovads.lv\/v5v\/wp-content\/uploads\/sites\/7\/2026\/01\/drtdt-300x240.jpeg 300w, https:\/\/izglitiba.valmierasnovads.lv\/v5v\/wp-content\/uploads\/sites\/7\/2026\/01\/drtdt-768x614.jpeg 768w\" sizes=\"auto, (max-width: 834px) 100vw, 834px\" \/><\/figure>\n\n\n\n<figure class=\"wp-block-image size-large\"><img loading=\"lazy\" decoding=\"async\" width=\"834\" height=\"667\" data-id=\"1519\" src=\"https:\/\/izglitiba.valmierasnovads.lv\/v5v\/wp-content\/uploads\/sites\/7\/2026\/01\/uihkjv.jpeg\" alt=\"\" class=\"wp-image-1519\" srcset=\"https:\/\/izglitiba.valmierasnovads.lv\/v5v\/wp-content\/uploads\/sites\/7\/2026\/01\/uihkjv.jpeg 834w, https:\/\/izglitiba.valmierasnovads.lv\/v5v\/wp-content\/uploads\/sites\/7\/2026\/01\/uihkjv-300x240.jpeg 300w, https:\/\/izglitiba.valmierasnovads.lv\/v5v\/wp-content\/uploads\/sites\/7\/2026\/01\/uihkjv-768x614.jpeg 768w\" sizes=\"auto, (max-width: 834px) 100vw, 834px\" \/><\/figure>\n\n\n\n<figure class=\"wp-block-image size-large\"><img loading=\"lazy\" decoding=\"async\" width=\"1024\" height=\"819\" data-id=\"1518\" src=\"https:\/\/izglitiba.valmierasnovads.lv\/v5v\/wp-content\/uploads\/sites\/7\/2026\/01\/g-1024x819.jpeg\" alt=\"\" class=\"wp-image-1518\" srcset=\"https:\/\/izglitiba.valmierasnovads.lv\/v5v\/wp-content\/uploads\/sites\/7\/2026\/01\/g-1024x819.jpeg 1024w, https:\/\/izglitiba.valmierasnovads.lv\/v5v\/wp-content\/uploads\/sites\/7\/2026\/01\/g-300x240.jpeg 300w, https:\/\/izglitiba.valmierasnovads.lv\/v5v\/wp-content\/uploads\/sites\/7\/2026\/01\/g-768x614.jpeg 768w, https:\/\/izglitiba.valmierasnovads.lv\/v5v\/wp-content\/uploads\/sites\/7\/2026\/01\/g.jpeg 1139w\" sizes=\"auto, (max-width: 1024px) 100vw, 1024px\" \/><\/figure>\n\n\n\n<figure class=\"wp-block-image size-large\"><img loading=\"lazy\" decoding=\"async\" width=\"1024\" height=\"819\" data-id=\"1517\" src=\"https:\/\/izglitiba.valmierasnovads.lv\/v5v\/wp-content\/uploads\/sites\/7\/2026\/01\/jhg-1024x819.jpeg\" alt=\"\" class=\"wp-image-1517\" srcset=\"https:\/\/izglitiba.valmierasnovads.lv\/v5v\/wp-content\/uploads\/sites\/7\/2026\/01\/jhg-1024x819.jpeg 1024w, https:\/\/izglitiba.valmierasnovads.lv\/v5v\/wp-content\/uploads\/sites\/7\/2026\/01\/jhg-300x240.jpeg 300w, https:\/\/izglitiba.valmierasnovads.lv\/v5v\/wp-content\/uploads\/sites\/7\/2026\/01\/jhg-768x614.jpeg 768w, https:\/\/izglitiba.valmierasnovads.lv\/v5v\/wp-content\/uploads\/sites\/7\/2026\/01\/jhg.jpeg 1125w\" sizes=\"auto, (max-width: 1024px) 100vw, 1024px\" \/><\/figure>\n\n\n\n<figure class=\"wp-block-image size-large\"><img loading=\"lazy\" decoding=\"async\" width=\"900\" height=\"720\" data-id=\"1516\" src=\"https:\/\/izglitiba.valmierasnovads.lv\/v5v\/wp-content\/uploads\/sites\/7\/2026\/01\/WhatsApp-Image-2026-01-29-at-2g3.42.04.jpeg\" alt=\"\" class=\"wp-image-1516\" srcset=\"https:\/\/izglitiba.valmierasnovads.lv\/v5v\/wp-content\/uploads\/sites\/7\/2026\/01\/WhatsApp-Image-2026-01-29-at-2g3.42.04.jpeg 900w, https:\/\/izglitiba.valmierasnovads.lv\/v5v\/wp-content\/uploads\/sites\/7\/2026\/01\/WhatsApp-Image-2026-01-29-at-2g3.42.04-300x240.jpeg 300w, https:\/\/izglitiba.valmierasnovads.lv\/v5v\/wp-content\/uploads\/sites\/7\/2026\/01\/WhatsApp-Image-2026-01-29-at-2g3.42.04-768x614.jpeg 768w\" sizes=\"auto, (max-width: 900px) 100vw, 900px\" \/><\/figure>\n<\/figure>\n","protected":false},"excerpt":{"rendered":"<p>\u0160odien m\u016bsu Eiropas Parlamenta V\u0113stnieku skolas dal\u012bbnieki piedal\u012bj\u0101s Euroscola programm\u0101 Strasb\u016br\u0101. Vi\u0146iem bija lieliska iesp\u0113ja b\u016bt da\u013cai no vair\u0101k nek\u0101 [&hellip;]<\/p>\n","protected":false},"author":6,"featured_media":1518,"comment_status":"closed","ping_status":"closed","sticky":false,"template":"","format":"standard","meta":{"_acf_changed":false,"site-sidebar-layout":"default","site-content-layout":"","ast-site-content-layout":"default","site-content-style":"default","site-sidebar-style":"default","ast-global-header-display":"","ast-banner-title-visibility":"","ast-main-header-display":"","ast-hfb-above-header-display":"","ast-hfb-below-header-display":"","ast-hfb-mobile-header-display":"","site-post-title":"","ast-breadcrumbs-content":"","ast-featured-img":"","footer-sml-layout":"","ast-disable-related-posts":"","theme-transparent-header-meta":"","adv-header-id-meta":"","stick-header-meta":"","header-above-stick-meta":"","header-main-stick-meta":"","header-below-stick-meta":"","astra-migrate-meta-layouts":"default","ast-page-background-enabled":"default","ast-page-background-meta":{"desktop":{"background-color":"var(--ast-global-color-5)","background-image":"","background-repeat":"repeat","background-position":"center center","background-size":"auto","background-attachment":"scroll","background-type":"","background-media":"","overlay-type":"","overlay-color":"","overlay-opacity":"","overlay-gradient":""},"tablet":{"background-color":"","background-image":"","background-repeat":"repeat","background-position":"center center","background-size":"auto","background-attachment":"scroll","background-type":"","background-media":"","overlay-type":"","overlay-color":"","overlay-opacity":"","overlay-gradient":""},"mobile":{"background-color":"","background-image":"","background-repeat":"repeat","background-position":"center center","background-size":"auto","background-attachment":"scroll","background-type":"","background-media":"","overlay-type":"","overlay-color":"","overlay-opacity":"","overlay-gradient":""}},"ast-content-background-meta":{"desktop":{"background-color":"var(--ast-global-color-4)","background-image":"","background-repeat":"repeat","background-position":"center center","background-size":"auto","background-attachment":"scroll","background-type":"","background-media":"","overlay-type":"","overlay-color":"","overlay-opacity":"","overlay-gradient":""},"tablet":{"background-color":"var(--ast-global-color-4)","background-image":"","background-repeat":"repeat","background-position":"center center","background-size":"auto","background-attachment":"scroll","background-type":"","background-media":"","overlay-type":"","overlay-color":"","overlay-opacity":"","overlay-gradient":""},"mobile":{"background-color":"var(--ast-global-color-4)","background-image":"","background-repeat":"repeat","background-position":"center center","background-size":"auto","background-attachment":"scroll","background-type":"","background-media":"","overlay-type":"","overlay-color":"","overlay-opacity":"","overlay-gradient":""}},"footnotes":""},"categories":[26],"tags":[],"class_list":["post-1515","post","type-post","status-publish","format-standard","has-post-thumbnail","hentry","category-projekti"],"acf":[],"yoast_head":"<!-- This site is optimized with the Yoast SEO plugin v28.2 - https:\/\/yoast.com\/product\/yoast-seo-wordpress\/ -->\n<title>EP v\u0113stnieki Strasb\u016br\u0101 - Valmieras 5. vidusskola<\/title>\n<meta name=\"robots\" content=\"index, follow, max-snippet:-1, max-image-preview:large, max-video-preview:-1\" \/>\n<link rel=\"canonical\" href=\"https:\/\/izglitiba.valmierasnovads.lv\/v5v\/ep-vestnieki-strasbura\/\" \/>\n<meta property=\"og:locale\" content=\"lv_LV\" \/>\n<meta property=\"og:type\" content=\"article\" \/>\n<meta property=\"og:title\" content=\"EP v\u0113stnieki Strasb\u016br\u0101 - Valmieras 5. vidusskola\" \/>\n<meta property=\"og:description\" content=\"\u0160odien m\u016bsu Eiropas Parlamenta V\u0113stnieku skolas dal\u012bbnieki piedal\u012bj\u0101s Euroscola programm\u0101 Strasb\u016br\u0101. Vi\u0146iem bija lieliska iesp\u0113ja b\u016bt da\u013cai no vair\u0101k nek\u0101 [&hellip;]\" \/>\n<meta property=\"og:url\" content=\"https:\/\/izglitiba.valmierasnovads.lv\/v5v\/ep-vestnieki-strasbura\/\" \/>\n<meta property=\"og:site_name\" content=\"Valmieras 5. vidusskola\" \/>\n<meta property=\"article:published_time\" content=\"2026-01-30T10:31:19+00:00\" \/>\n<meta property=\"og:image\" content=\"https:\/\/izglitiba.valmierasnovads.lv\/v5v\/wp-content\/uploads\/sites\/7\/2026\/01\/g.jpeg\" \/>\n\t<meta property=\"og:image:width\" content=\"1139\" \/>\n\t<meta property=\"og:image:height\" content=\"911\" \/>\n\t<meta property=\"og:image:type\" content=\"image\/jpeg\" \/>\n<meta name=\"author\" content=\"Gustavs M\u0101zi\u0146\u0161\" \/>\n<meta name=\"twitter:card\" content=\"summary_large_image\" \/>\n<meta name=\"twitter:label1\" content=\"Written by\" \/>\n\t<meta name=\"twitter:data1\" content=\"Gustavs M\u0101zi\u0146\u0161\" \/>\n\t<meta name=\"twitter:label2\" content=\"Est. reading time\" \/>\n\t<meta name=\"twitter:data2\" content=\"2 min\u016btes\" \/>\n<script type=\"application\/ld+json\" class=\"yoast-schema-graph\">{\"@context\":\"https:\\\/\\\/schema.org\",\"@graph\":[{\"@type\":\"Article\",\"@id\":\"https:\\\/\\\/izglitiba.valmierasnovads.lv\\\/v5v\\\/ep-vestnieki-strasbura\\\/#article\",\"isPartOf\":{\"@id\":\"https:\\\/\\\/izglitiba.valmierasnovads.lv\\\/v5v\\\/ep-vestnieki-strasbura\\\/\"},\"author\":{\"name\":\"Gustavs M\u0101zi\u0146\u0161\",\"@id\":\"https:\\\/\\\/izglitiba.valmierasnovads.lv\\\/v5v\\\/#\\\/schema\\\/person\\\/8dd1ffd41dcf2f3ae7981cd4eec63a08\"},\"headline\":\"EP v\u0113stnieki Strasb\u016br\u0101\",\"datePublished\":\"2026-01-30T10:31:19+00:00\",\"mainEntityOfPage\":{\"@id\":\"https:\\\/\\\/izglitiba.valmierasnovads.lv\\\/v5v\\\/ep-vestnieki-strasbura\\\/\"},\"wordCount\":101,\"publisher\":{\"@id\":\"https:\\\/\\\/izglitiba.valmierasnovads.lv\\\/v5v\\\/#organization\"},\"image\":{\"@id\":\"https:\\\/\\\/izglitiba.valmierasnovads.lv\\\/v5v\\\/ep-vestnieki-strasbura\\\/#primaryimage\"},\"thumbnailUrl\":\"https:\\\/\\\/izglitiba.valmierasnovads.lv\\\/v5v\\\/wp-content\\\/uploads\\\/sites\\\/7\\\/2026\\\/01\\\/g.jpeg\",\"articleSection\":[\"Projekti\"],\"inLanguage\":\"lv-LV\"},{\"@type\":\"WebPage\",\"@id\":\"https:\\\/\\\/izglitiba.valmierasnovads.lv\\\/v5v\\\/ep-vestnieki-strasbura\\\/\",\"url\":\"https:\\\/\\\/izglitiba.valmierasnovads.lv\\\/v5v\\\/ep-vestnieki-strasbura\\\/\",\"name\":\"EP v\u0113stnieki Strasb\u016br\u0101 - Valmieras 5. vidusskola\",\"isPartOf\":{\"@id\":\"https:\\\/\\\/izglitiba.valmierasnovads.lv\\\/v5v\\\/#website\"},\"primaryImageOfPage\":{\"@id\":\"https:\\\/\\\/izglitiba.valmierasnovads.lv\\\/v5v\\\/ep-vestnieki-strasbura\\\/#primaryimage\"},\"image\":{\"@id\":\"https:\\\/\\\/izglitiba.valmierasnovads.lv\\\/v5v\\\/ep-vestnieki-strasbura\\\/#primaryimage\"},\"thumbnailUrl\":\"https:\\\/\\\/izglitiba.valmierasnovads.lv\\\/v5v\\\/wp-content\\\/uploads\\\/sites\\\/7\\\/2026\\\/01\\\/g.jpeg\",\"datePublished\":\"2026-01-30T10:31:19+00:00\",\"breadcrumb\":{\"@id\":\"https:\\\/\\\/izglitiba.valmierasnovads.lv\\\/v5v\\\/ep-vestnieki-strasbura\\\/#breadcrumb\"},\"inLanguage\":\"lv-LV\",\"potentialAction\":[{\"@type\":\"ReadAction\",\"target\":[\"https:\\\/\\\/izglitiba.valmierasnovads.lv\\\/v5v\\\/ep-vestnieki-strasbura\\\/\"]}]},{\"@type\":\"ImageObject\",\"inLanguage\":\"lv-LV\",\"@id\":\"https:\\\/\\\/izglitiba.valmierasnovads.lv\\\/v5v\\\/ep-vestnieki-strasbura\\\/#primaryimage\",\"url\":\"https:\\\/\\\/izglitiba.valmierasnovads.lv\\\/v5v\\\/wp-content\\\/uploads\\\/sites\\\/7\\\/2026\\\/01\\\/g.jpeg\",\"contentUrl\":\"https:\\\/\\\/izglitiba.valmierasnovads.lv\\\/v5v\\\/wp-content\\\/uploads\\\/sites\\\/7\\\/2026\\\/01\\\/g.jpeg\",\"width\":1139,\"height\":911},{\"@type\":\"BreadcrumbList\",\"@id\":\"https:\\\/\\\/izglitiba.valmierasnovads.lv\\\/v5v\\\/ep-vestnieki-strasbura\\\/#breadcrumb\",\"itemListElement\":[{\"@type\":\"ListItem\",\"position\":1,\"name\":\"Home\",\"item\":\"https:\\\/\\\/izglitiba.valmierasnovads.lv\\\/v5v\\\/\"},{\"@type\":\"ListItem\",\"position\":2,\"name\":\"EP v\u0113stnieki Strasb\u016br\u0101\"}]},{\"@type\":\"WebSite\",\"@id\":\"https:\\\/\\\/izglitiba.valmierasnovads.lv\\\/v5v\\\/#website\",\"url\":\"https:\\\/\\\/izglitiba.valmierasnovads.lv\\\/v5v\\\/\",\"name\":\"Valmieras 5. vidusskola\",\"description\":\"Draudz\u012bg\u0101k\u0101 skola b\u0113rniem pa\u0161\u0101 Valmieras sird\u012b, pie ezeri\u0146a!\",\"publisher\":{\"@id\":\"https:\\\/\\\/izglitiba.valmierasnovads.lv\\\/v5v\\\/#organization\"},\"potentialAction\":[{\"@type\":\"SearchAction\",\"target\":{\"@type\":\"EntryPoint\",\"urlTemplate\":\"https:\\\/\\\/izglitiba.valmierasnovads.lv\\\/v5v\\\/?s={search_term_string}\"},\"query-input\":{\"@type\":\"PropertyValueSpecification\",\"valueRequired\":true,\"valueName\":\"search_term_string\"}}],\"inLanguage\":\"lv-LV\"},{\"@type\":\"Organization\",\"@id\":\"https:\\\/\\\/izglitiba.valmierasnovads.lv\\\/v5v\\\/#organization\",\"name\":\"Valmieras 5. vidusskola\",\"url\":\"https:\\\/\\\/izglitiba.valmierasnovads.lv\\\/v5v\\\/\",\"logo\":{\"@type\":\"ImageObject\",\"inLanguage\":\"lv-LV\",\"@id\":\"https:\\\/\\\/izglitiba.valmierasnovads.lv\\\/v5v\\\/#\\\/schema\\\/logo\\\/image\\\/\",\"url\":\"https:\\\/\\\/izglitiba.valmierasnovads.lv\\\/v5v\\\/wp-content\\\/uploads\\\/sites\\\/7\\\/2026\\\/03\\\/cropped-Komplekta-ar-pasu-logo-2-scaled-1.png\",\"contentUrl\":\"https:\\\/\\\/izglitiba.valmierasnovads.lv\\\/v5v\\\/wp-content\\\/uploads\\\/sites\\\/7\\\/2026\\\/03\\\/cropped-Komplekta-ar-pasu-logo-2-scaled-1.png\",\"width\":1623,\"height\":405,\"caption\":\"Valmieras 5. vidusskola\"},\"image\":{\"@id\":\"https:\\\/\\\/izglitiba.valmierasnovads.lv\\\/v5v\\\/#\\\/schema\\\/logo\\\/image\\\/\"}},{\"@type\":\"Person\",\"@id\":\"https:\\\/\\\/izglitiba.valmierasnovads.lv\\\/v5v\\\/#\\\/schema\\\/person\\\/8dd1ffd41dcf2f3ae7981cd4eec63a08\",\"name\":\"Gustavs M\u0101zi\u0146\u0161\",\"image\":{\"@type\":\"ImageObject\",\"inLanguage\":\"lv-LV\",\"@id\":\"https:\\\/\\\/secure.gravatar.com\\\/avatar\\\/3b747f1850f373ea2d2e14c74209ae7c7dc5d55fa0b895de5d15ec77932ec8fb?s=96&d=mm&r=g\",\"url\":\"https:\\\/\\\/secure.gravatar.com\\\/avatar\\\/3b747f1850f373ea2d2e14c74209ae7c7dc5d55fa0b895de5d15ec77932ec8fb?s=96&d=mm&r=g\",\"contentUrl\":\"https:\\\/\\\/secure.gravatar.com\\\/avatar\\\/3b747f1850f373ea2d2e14c74209ae7c7dc5d55fa0b895de5d15ec77932ec8fb?s=96&d=mm&r=g\",\"caption\":\"Gustavs M\u0101zi\u0146\u0161\"},\"url\":\"https:\\\/\\\/izglitiba.valmierasnovads.lv\\\/v5v\\\/author\\\/gustavsmazins\\\/\"}]}<\/script>\n<!-- \/ Yoast SEO plugin. -->","yoast_head_json":{"title":"EP v\u0113stnieki Strasb\u016br\u0101 - Valmieras 5. vidusskola","robots":{"index":"index","follow":"follow","max-snippet":"max-snippet:-1","max-image-preview":"max-image-preview:large","max-video-preview":"max-video-preview:-1"},"canonical":"https:\/\/izglitiba.valmierasnovads.lv\/v5v\/ep-vestnieki-strasbura\/","og_locale":"lv_LV","og_type":"article","og_title":"EP v\u0113stnieki Strasb\u016br\u0101 - Valmieras 5. vidusskola","og_description":"\u0160odien m\u016bsu Eiropas Parlamenta V\u0113stnieku skolas dal\u012bbnieki piedal\u012bj\u0101s Euroscola programm\u0101 Strasb\u016br\u0101. Vi\u0146iem bija lieliska iesp\u0113ja b\u016bt da\u013cai no vair\u0101k nek\u0101 [&hellip;]","og_url":"https:\/\/izglitiba.valmierasnovads.lv\/v5v\/ep-vestnieki-strasbura\/","og_site_name":"Valmieras 5. vidusskola","article_published_time":"2026-01-30T10:31:19+00:00","og_image":[{"width":1139,"height":911,"url":"https:\/\/izglitiba.valmierasnovads.lv\/v5v\/wp-content\/uploads\/sites\/7\/2026\/01\/g.jpeg","type":"image\/jpeg"}],"author":"Gustavs M\u0101zi\u0146\u0161","twitter_card":"summary_large_image","twitter_misc":{"Written by":"Gustavs M\u0101zi\u0146\u0161","Est. reading time":"2 min\u016btes"},"schema":{"@context":"https:\/\/schema.org","@graph":[{"@type":"Article","@id":"https:\/\/izglitiba.valmierasnovads.lv\/v5v\/ep-vestnieki-strasbura\/#article","isPartOf":{"@id":"https:\/\/izglitiba.valmierasnovads.lv\/v5v\/ep-vestnieki-strasbura\/"},"author":{"name":"Gustavs M\u0101zi\u0146\u0161","@id":"https:\/\/izglitiba.valmierasnovads.lv\/v5v\/#\/schema\/person\/8dd1ffd41dcf2f3ae7981cd4eec63a08"},"headline":"EP v\u0113stnieki Strasb\u016br\u0101","datePublished":"2026-01-30T10:31:19+00:00","mainEntityOfPage":{"@id":"https:\/\/izglitiba.valmierasnovads.lv\/v5v\/ep-vestnieki-strasbura\/"},"wordCount":101,"publisher":{"@id":"https:\/\/izglitiba.valmierasnovads.lv\/v5v\/#organization"},"image":{"@id":"https:\/\/izglitiba.valmierasnovads.lv\/v5v\/ep-vestnieki-strasbura\/#primaryimage"},"thumbnailUrl":"https:\/\/izglitiba.valmierasnovads.lv\/v5v\/wp-content\/uploads\/sites\/7\/2026\/01\/g.jpeg","articleSection":["Projekti"],"inLanguage":"lv-LV"},{"@type":"WebPage","@id":"https:\/\/izglitiba.valmierasnovads.lv\/v5v\/ep-vestnieki-strasbura\/","url":"https:\/\/izglitiba.valmierasnovads.lv\/v5v\/ep-vestnieki-strasbura\/","name":"EP v\u0113stnieki Strasb\u016br\u0101 - Valmieras 5. vidusskola","isPartOf":{"@id":"https:\/\/izglitiba.valmierasnovads.lv\/v5v\/#website"},"primaryImageOfPage":{"@id":"https:\/\/izglitiba.valmierasnovads.lv\/v5v\/ep-vestnieki-strasbura\/#primaryimage"},"image":{"@id":"https:\/\/izglitiba.valmierasnovads.lv\/v5v\/ep-vestnieki-strasbura\/#primaryimage"},"thumbnailUrl":"https:\/\/izglitiba.valmierasnovads.lv\/v5v\/wp-content\/uploads\/sites\/7\/2026\/01\/g.jpeg","datePublished":"2026-01-30T10:31:19+00:00","breadcrumb":{"@id":"https:\/\/izglitiba.valmierasnovads.lv\/v5v\/ep-vestnieki-strasbura\/#breadcrumb"},"inLanguage":"lv-LV","potentialAction":[{"@type":"ReadAction","target":["https:\/\/izglitiba.valmierasnovads.lv\/v5v\/ep-vestnieki-strasbura\/"]}]},{"@type":"ImageObject","inLanguage":"lv-LV","@id":"https:\/\/izglitiba.valmierasnovads.lv\/v5v\/ep-vestnieki-strasbura\/#primaryimage","url":"https:\/\/izglitiba.valmierasnovads.lv\/v5v\/wp-content\/uploads\/sites\/7\/2026\/01\/g.jpeg","contentUrl":"https:\/\/izglitiba.valmierasnovads.lv\/v5v\/wp-content\/uploads\/sites\/7\/2026\/01\/g.jpeg","width":1139,"height":911},{"@type":"BreadcrumbList","@id":"https:\/\/izglitiba.valmierasnovads.lv\/v5v\/ep-vestnieki-strasbura\/#breadcrumb","itemListElement":[{"@type":"ListItem","position":1,"name":"Home","item":"https:\/\/izglitiba.valmierasnovads.lv\/v5v\/"},{"@type":"ListItem","position":2,"name":"EP v\u0113stnieki Strasb\u016br\u0101"}]},{"@type":"WebSite","@id":"https:\/\/izglitiba.valmierasnovads.lv\/v5v\/#website","url":"https:\/\/izglitiba.valmierasnovads.lv\/v5v\/","name":"Valmieras 5. vidusskola","description":"Draudz\u012bg\u0101k\u0101 skola b\u0113rniem pa\u0161\u0101 Valmieras sird\u012b, pie ezeri\u0146a!","publisher":{"@id":"https:\/\/izglitiba.valmierasnovads.lv\/v5v\/#organization"},"potentialAction":[{"@type":"SearchAction","target":{"@type":"EntryPoint","urlTemplate":"https:\/\/izglitiba.valmierasnovads.lv\/v5v\/?s={search_term_string}"},"query-input":{"@type":"PropertyValueSpecification","valueRequired":true,"valueName":"search_term_string"}}],"inLanguage":"lv-LV"},{"@type":"Organization","@id":"https:\/\/izglitiba.valmierasnovads.lv\/v5v\/#organization","name":"Valmieras 5. vidusskola","url":"https:\/\/izglitiba.valmierasnovads.lv\/v5v\/","logo":{"@type":"ImageObject","inLanguage":"lv-LV","@id":"https:\/\/izglitiba.valmierasnovads.lv\/v5v\/#\/schema\/logo\/image\/","url":"https:\/\/izglitiba.valmierasnovads.lv\/v5v\/wp-content\/uploads\/sites\/7\/2026\/03\/cropped-Komplekta-ar-pasu-logo-2-scaled-1.png","contentUrl":"https:\/\/izglitiba.valmierasnovads.lv\/v5v\/wp-content\/uploads\/sites\/7\/2026\/03\/cropped-Komplekta-ar-pasu-logo-2-scaled-1.png","width":1623,"height":405,"caption":"Valmieras 5. vidusskola"},"image":{"@id":"https:\/\/izglitiba.valmierasnovads.lv\/v5v\/#\/schema\/logo\/image\/"}},{"@type":"Person","@id":"https:\/\/izglitiba.valmierasnovads.lv\/v5v\/#\/schema\/person\/8dd1ffd41dcf2f3ae7981cd4eec63a08","name":"Gustavs M\u0101zi\u0146\u0161","image":{"@type":"ImageObject","inLanguage":"lv-LV","@id":"https:\/\/secure.gravatar.com\/avatar\/3b747f1850f373ea2d2e14c74209ae7c7dc5d55fa0b895de5d15ec77932ec8fb?s=96&d=mm&r=g","url":"https:\/\/secure.gravatar.com\/avatar\/3b747f1850f373ea2d2e14c74209ae7c7dc5d55fa0b895de5d15ec77932ec8fb?s=96&d=mm&r=g","contentUrl":"https:\/\/secure.gravatar.com\/avatar\/3b747f1850f373ea2d2e14c74209ae7c7dc5d55fa0b895de5d15ec77932ec8fb?s=96&d=mm&r=g","caption":"Gustavs M\u0101zi\u0146\u0161"},"url":"https:\/\/izglitiba.valmierasnovads.lv\/v5v\/author\/gustavsmazins\/"}]}},"_links":{"self":[{"href":"https:\/\/izglitiba.valmierasnovads.lv\/v5v\/wp-json\/wp\/v2\/posts\/1515","targetHints":{"allow":["GET"]}}],"collection":[{"href":"https:\/\/izglitiba.valmierasnovads.lv\/v5v\/wp-json\/wp\/v2\/posts"}],"about":[{"href":"https:\/\/izglitiba.valmierasnovads.lv\/v5v\/wp-json\/wp\/v2\/types\/post"}],"author":[{"embeddable":true,"href":"https:\/\/izglitiba.valmierasnovads.lv\/v5v\/wp-json\/wp\/v2\/users\/6"}],"replies":[{"embeddable":true,"href":"https:\/\/izglitiba.valmierasnovads.lv\/v5v\/wp-json\/wp\/v2\/comments?post=1515"}],"version-history":[{"count":1,"href":"https:\/\/izglitiba.valmierasnovads.lv\/v5v\/wp-json\/wp\/v2\/posts\/1515\/revisions"}],"predecessor-version":[{"id":1522,"href":"https:\/\/izglitiba.valmierasnovads.lv\/v5v\/wp-json\/wp\/v2\/posts\/1515\/revisions\/1522"}],"wp:featuredmedia":[{"embeddable":true,"href":"https:\/\/izglitiba.valmierasnovads.lv\/v5v\/wp-json\/wp\/v2\/media\/1518"}],"wp:attachment":[{"href":"https:\/\/izglitiba.valmierasnovads.lv\/v5v\/wp-json\/wp\/v2\/media?parent=1515"}],"wp:term":[{"taxonomy":"category","embeddable":true,"href":"https:\/\/izglitiba.valmierasnovads.lv\/v5v\/wp-json\/wp\/v2\/categories?post=1515"},{"taxonomy":"post_tag","embeddable":true,"href":"https:\/\/izglitiba.valmierasnovads.lv\/v5v\/wp-json\/wp\/v2\/tags?post=1515"}],"curies":[{"name":"wp","href":"https:\/\/api.w.org\/{rel}","templated":true}]}}