{"id":1172,"date":"2025-12-19T10:49:18","date_gmt":"2025-12-19T08:49:18","guid":{"rendered":"https:\/\/izglitiba.valmierasnovads.lv\/valmierassportaskola\/?p=1172"},"modified":"2025-12-19T10:54:27","modified_gmt":"2025-12-19T08:54:27","slug":"septembra-menesa-sportists-komandu-sporta-veidos-daniils-cepelevs","status":"publish","type":"post","link":"https:\/\/izglitiba.valmierasnovads.lv\/valmierassportaskola\/septembra-menesa-sportists-komandu-sporta-veidos-daniils-cepelevs\/","title":{"rendered":"Daniils Cepe\u013cevs &#8211; septembra m\u0113ne\u0161a sportists komandu sporta veidos"},"content":{"rendered":"\n<p>Par septembra m\u0113ne\u0161a sportistu komandu sporta veidos nomin\u0113ts futbolists Daniils Cepe\u013cevs. Aizvad\u012bt\u0101 sezona Daniilam bijusi \u012bpa\u0161a, jo sp\u0113l\u0113jis div\u0101s komand\u0101s FC Valmiera \u2013 Elites grup\u0101 U19, kur izc\u012bn\u012bja 3. vietu un 2. l\u012bg\u0101 ar Valmiera FC, kur izc\u012bn\u012bja 1. vietu un ieguva ce\u013caz\u012bmi uz 1. l\u012bgu. Tas sniedzis ne tikai prieku, bet ar\u012b lepnumu un p\u0101rliec\u012bbu par sevi un savu komandu. 2023. gada sezona devusi pamat\u012bgu motiv\u0101ciju turpin\u0101t str\u0101d\u0101t un k\u013c\u016bt lab\u0101kam, jo kop\u0101 ar komandu ieguvis 1. vietu U16 Meistar\u012bbas grup\u0101, kad atz\u012bts par grupas lab\u0101ko sp\u0113l\u0113t\u0101ju un par sp\u0113l\u0113t\u0101ju ar visvair\u0101k g\u016btajiem v\u0101rtiem.<br>\u0160\u012b gada febru\u0101r\u012b sportists piedz\u012bvojis ce\u013cgala traumu, kas izsitis no treni\u0146u procesa uz aptuveni 4 m\u0113ne\u0161iem. V\u0113lme p\u0113c iesp\u0113jas \u0101tr\u0101k atgriezties laukum\u0101, k\u0101 ar\u012b \u0123imenes, komandas un treneru atbalsts pal\u012bdz\u0113jis veiksm\u012bgi iziet atvese\u013co\u0161an\u0101s posmu un atgriezties pie komand\u0101m.<br>Daniils futbolu s\u0101cis sp\u0113l\u0113t, iedvesmojoties no br\u0101\u013ca \u0145ikitas, kur\u0161 s\u0101cis nodarboties ar futbolu nedaudz agr\u0101k un k\u013cuvis par piem\u0113ru, kuram pateicoties ar\u012b Daniils v\u0113l\u0113jies s\u0101kt tren\u0113ties. Pirmo reizi sportists 5 gadu vecum\u0101 izg\u0101jis futbola laukum\u0101 un kop\u0161 t\u0101 laika futbols ir k\u013cuvis par da\u013cu no pui\u0161a dz\u012bves. Tagad Daniilam ir 18, t\u0101tad futbolu sp\u0113l\u0113 jau 13 gadus.<br>Jaut\u0101ts par gr\u016bt\u012bb\u0101m futbol\u0101, Daniils saka, ka visgr\u016bt\u0101k\u0101 ir c\u012b\u0146a ar pa\u0161a \u0161aub\u0101m un nepiecie\u0161am\u012bbu saglab\u0101t p\u0101rliec\u012bbu, kad tas ir nepiecie\u0161ams. Savuk\u0101rt, visliel\u0101ko prieku sniedz progresa saj\u016bta, g\u016btie v\u0101rti, komandas atmosf\u0113ra un br\u012b\u017ei, kad esi k\u013cuvis kaut nedaudz lab\u0101ks par to sportistu k\u0101ds esi bijis vakardien.<br>Futbol\u0101 \u013coti svar\u012bgs ir ne tikai sportista individu\u0101lais sniegums, bet ar\u012b komandas kop\u012bgais darbs. Kad komanda ir vienota, visi j\u016bt atbalstu un sp\u0113l\u0113 ar liel\u0101ku p\u0101rliec\u012bbu. Konkr\u0113ti Daniila poz\u012bcij\u0101 \u013coti svar\u012bga ir v\u0101rtu g\u016b\u0161ana un pie t\u0101 ar\u012b vi\u0146\u0161 cen\u0161as str\u0101d\u0101t, gan sav\u0101, gan komandas lab\u0101.<br>\u0160obr\u012bd izaicin\u0101jums ir nezi\u0146a par n\u0101kamo sezonu, k\u0101 t\u0101 veidosies, k\u0101 ar\u012b sp\u0113ja saglab\u0101t stabilit\u0101ti. Futbol\u0101 Daniila pr\u0101t ir svar\u012bgi ne tikai aizvad\u012bt labu sp\u0113li, bet ar\u012b sp\u0113t notur\u0113t l\u012bmeni katru dienu, pat tad kad nav noska\u0146ojuma vai sp\u0113ka, un pie t\u0101 v\u0113l j\u0101str\u0101d\u0101. Mirk\u013cos, kad j\u0101saglab\u0101 motiv\u0101cija treni\u0146os, sportists dom\u0101 par to k\u0101p\u0113c sp\u0113l\u0113 futbolu un par k\u0101du sportistu v\u0113las k\u013c\u016bt, k\u0101 ar\u012b par komandu, jo tas noz\u012bm\u0113 \u2013 viens par visiem un visi par vienu. Un, protams, \u013coti pal\u012bdz \u0123imenes atbalsts, vi\u0146i tic pat tajos br\u012b\u017eos, kad pats par sevi \u0161aub\u0101s.<br>Sezonas laik\u0101 treni\u0146i notiek regul\u0101ri, gandr\u012bz katru dienu 1,5 \u2013 2 stund\u0101m, un sp\u0113les ir reizi ned\u0113\u013c\u0101. Tagad, kad sezona ir veiksm\u012bgi nosl\u0113gusies, ir da\u017eas br\u012bvas ned\u0113\u013cas, bet, lai uztur\u0113tu sevi form\u0101, Daniils da\u017ereiz apmekl\u0113 sporta z\u0101li vai peldbaseinu.<br>M\u0101c\u0101s Valmieras 2. vidusskolas 12. klas\u0113, skol\u0101 Daniilam nav probl\u0113mu, m\u0101c\u0101s \u013coti labi un atz\u012bst, ka tas ar\u012b nesag\u0101d\u0101 nek\u0101das probl\u0113mas. Pal\u012bdzo\u0161s ir pareizs laika pl\u0101nojums un skolot\u0101ju sapratne un atsauc\u012bba. No priek\u0161metiem skol\u0101 Daniilam pat\u012bk sports un matem\u0101tika.<br>Tom\u0113r, lai k\u013c\u016btu par futbolistu, starp kaut ko ir bijis j\u0101izv\u0113las. S\u0101kotn\u0113ji Daniils tren\u0113jies ar\u012b florbol\u0101 un karat\u0113, ta\u010du ar laiku sapratis, ka ir p\u0101r\u0101k gr\u016bti visu apvienot, t\u0101d\u0113\u013c izv\u0113l\u0113jies futbolu. T\u0101pat ar\u012b n\u0101cies atteikties no kalnu sl\u0113po\u0161anas, laika tr\u016bkuma d\u0113\u013c. Br\u012bvaj\u0101 laik\u0101, kad nav futbola treni\u0146u vai m\u0101c\u012bbu, sportistam pat\u012bk uzsp\u0113l\u0113t datoru un ce\u013cot.<br>Futbolists seko l\u012bdzi FC Barcelona, un vienm\u0113r favor\u012bts bijis Messi. T\u0101pat Daniils joproj\u0101m seko l\u012bdzi Tolu Arokodares karjerai, tas ir sp\u0113l\u0113t\u0101js, kur\u0161 pirms da\u017eiem gadiem sp\u0113l\u0113ja Valmiera FC virsl\u012bgas komand\u0101 un \u0161obr\u012bd p\u0101rst\u0101v Wolverhampton komandu, bie\u017ei skat\u0101s vi\u0146a sp\u0113les un priec\u0101j\u0101s, cik augstu l\u012bmeni sasniedzis.<br>Daniils priec\u0101j\u0101s par ieg\u016bto nomin\u0101ciju, t\u0101 n\u0101kusi \u013coti negaid\u012bti, ta\u010du ir \u013coti pat\u012bkami un tas motiv\u0113 str\u0101d\u0101t t\u0101l\u0101k un pier\u0101da, ka p\u016bles tiek nov\u0113rt\u0113tas. Pats gan neuzskata sevi par paraugu citiem, ta\u010du atbildot uz jaut\u0101jumu atbild, ka iesp\u0113jams pie vainas ir neatlaid\u012bba, cie\u0146a pret p\u0101r\u0113jiem komandas biedriem un treneriem, k\u0101 ar\u012b v\u0113lme str\u0101d\u0101t pie sav\u0101m v\u0101j\u012bb\u0101m. Cen\u0161oties augt gan k\u0101 sp\u0113l\u0113t\u0101js, gan k\u0101 person\u012bba.<br>Futbolista m\u0113r\u0137is ir sasniegt profesion\u0101lo l\u012bmeni, p\u0101rst\u0101v\u0113t savu valsti un iesp\u0113jams, izm\u0113\u0123in\u0101t sp\u0113kus ar\u012b sp\u0113l\u0113jot cit\u0101s valst\u012bs, dodot labumu komandai, lai kur ar\u012b sp\u0113l\u0113tu.<br>Daniils ir \u013coti pateic\u012bgs savai \u0123imenei un br\u0101lim \u0145ikitam \u2013 vi\u0146\u0161 bija tas, kur\u0161 iepaz\u012bstin\u0101ja ar futbolu. Un, protams, paldies treneriem par uztic\u012bbu un atbalstu, k\u0101 ar\u012b komandai, ar kuru ir p\u0101rvar\u0113ju\u0161i \u0161\u012bs sezonas izaicin\u0101jumus.<\/p>\n\n\n\n<p>Valmieras Sporta skolas v\u0101rd\u0101 sak\u0101m paldies biedr\u012bbai Valmieras Uz\u0146\u0113meju klubs, kuri atbalsta jaunos sportistus un pal\u012bdz motiv\u0101cijas projekta tap\u0161an\u0101 un noris\u0113!<\/p>\n\n\n\n<figure class=\"wp-block-gallery has-nested-images columns-default is-cropped wp-block-gallery-1 is-layout-flex wp-block-gallery-is-layout-flex\">\n<figure class=\"wp-block-image size-large\"><img loading=\"lazy\" decoding=\"async\" width=\"1024\" height=\"683\" data-id=\"1178\" src=\"https:\/\/izglitiba.valmierasnovads.lv\/valmierassportaskola\/wp-content\/uploads\/sites\/32\/2025\/12\/Menesa-sportists-25-26_57-1024x683.jpg\" alt=\"\" class=\"wp-image-1178\" srcset=\"https:\/\/izglitiba.valmierasnovads.lv\/valmierassportaskola\/wp-content\/uploads\/sites\/32\/2025\/12\/Menesa-sportists-25-26_57-1024x683.jpg 1024w, https:\/\/izglitiba.valmierasnovads.lv\/valmierassportaskola\/wp-content\/uploads\/sites\/32\/2025\/12\/Menesa-sportists-25-26_57-300x200.jpg 300w, https:\/\/izglitiba.valmierasnovads.lv\/valmierassportaskola\/wp-content\/uploads\/sites\/32\/2025\/12\/Menesa-sportists-25-26_57-768x512.jpg 768w, https:\/\/izglitiba.valmierasnovads.lv\/valmierassportaskola\/wp-content\/uploads\/sites\/32\/2025\/12\/Menesa-sportists-25-26_57-1536x1024.jpg 1536w, https:\/\/izglitiba.valmierasnovads.lv\/valmierassportaskola\/wp-content\/uploads\/sites\/32\/2025\/12\/Menesa-sportists-25-26_57-2048x1365.jpg 2048w\" sizes=\"auto, (max-width: 1024px) 100vw, 1024px\" \/><\/figure>\n\n\n\n<figure class=\"wp-block-image size-large\"><img loading=\"lazy\" decoding=\"async\" width=\"1024\" height=\"683\" data-id=\"1174\" src=\"https:\/\/izglitiba.valmierasnovads.lv\/valmierassportaskola\/wp-content\/uploads\/sites\/32\/2025\/12\/Menesa-sportists-25-26-1024x683.jpg\" alt=\"\" class=\"wp-image-1174\" srcset=\"https:\/\/izglitiba.valmierasnovads.lv\/valmierassportaskola\/wp-content\/uploads\/sites\/32\/2025\/12\/Menesa-sportists-25-26-1024x683.jpg 1024w, https:\/\/izglitiba.valmierasnovads.lv\/valmierassportaskola\/wp-content\/uploads\/sites\/32\/2025\/12\/Menesa-sportists-25-26-300x200.jpg 300w, https:\/\/izglitiba.valmierasnovads.lv\/valmierassportaskola\/wp-content\/uploads\/sites\/32\/2025\/12\/Menesa-sportists-25-26-768x512.jpg 768w, https:\/\/izglitiba.valmierasnovads.lv\/valmierassportaskola\/wp-content\/uploads\/sites\/32\/2025\/12\/Menesa-sportists-25-26-1536x1024.jpg 1536w, https:\/\/izglitiba.valmierasnovads.lv\/valmierassportaskola\/wp-content\/uploads\/sites\/32\/2025\/12\/Menesa-sportists-25-26-2048x1365.jpg 2048w\" sizes=\"auto, (max-width: 1024px) 100vw, 1024px\" \/><\/figure>\n\n\n\n<figure class=\"wp-block-image size-large\"><img loading=\"lazy\" decoding=\"async\" width=\"1024\" height=\"683\" data-id=\"1176\" src=\"https:\/\/izglitiba.valmierasnovads.lv\/valmierassportaskola\/wp-content\/uploads\/sites\/32\/2025\/12\/Menesa-sportists-25-26_49-1024x683.jpg\" alt=\"\" class=\"wp-image-1176\" srcset=\"https:\/\/izglitiba.valmierasnovads.lv\/valmierassportaskola\/wp-content\/uploads\/sites\/32\/2025\/12\/Menesa-sportists-25-26_49-1024x683.jpg 1024w, https:\/\/izglitiba.valmierasnovads.lv\/valmierassportaskola\/wp-content\/uploads\/sites\/32\/2025\/12\/Menesa-sportists-25-26_49-300x200.jpg 300w, https:\/\/izglitiba.valmierasnovads.lv\/valmierassportaskola\/wp-content\/uploads\/sites\/32\/2025\/12\/Menesa-sportists-25-26_49-768x512.jpg 768w, https:\/\/izglitiba.valmierasnovads.lv\/valmierassportaskola\/wp-content\/uploads\/sites\/32\/2025\/12\/Menesa-sportists-25-26_49-1536x1024.jpg 1536w, https:\/\/izglitiba.valmierasnovads.lv\/valmierassportaskola\/wp-content\/uploads\/sites\/32\/2025\/12\/Menesa-sportists-25-26_49-2048x1365.jpg 2048w\" sizes=\"auto, (max-width: 1024px) 100vw, 1024px\" \/><\/figure>\n\n\n\n<figure class=\"wp-block-image size-large\"><img loading=\"lazy\" decoding=\"async\" width=\"1024\" height=\"683\" data-id=\"1175\" src=\"https:\/\/izglitiba.valmierasnovads.lv\/valmierassportaskola\/wp-content\/uploads\/sites\/32\/2025\/12\/Menesa-sportists-25-26_53-1-1024x683.jpg\" alt=\"\" class=\"wp-image-1175\" srcset=\"https:\/\/izglitiba.valmierasnovads.lv\/valmierassportaskola\/wp-content\/uploads\/sites\/32\/2025\/12\/Menesa-sportists-25-26_53-1-1024x683.jpg 1024w, https:\/\/izglitiba.valmierasnovads.lv\/valmierassportaskola\/wp-content\/uploads\/sites\/32\/2025\/12\/Menesa-sportists-25-26_53-1-300x200.jpg 300w, https:\/\/izglitiba.valmierasnovads.lv\/valmierassportaskola\/wp-content\/uploads\/sites\/32\/2025\/12\/Menesa-sportists-25-26_53-1-768x512.jpg 768w, https:\/\/izglitiba.valmierasnovads.lv\/valmierassportaskola\/wp-content\/uploads\/sites\/32\/2025\/12\/Menesa-sportists-25-26_53-1-1536x1024.jpg 1536w, https:\/\/izglitiba.valmierasnovads.lv\/valmierassportaskola\/wp-content\/uploads\/sites\/32\/2025\/12\/Menesa-sportists-25-26_53-1-2048x1365.jpg 2048w\" sizes=\"auto, (max-width: 1024px) 100vw, 1024px\" \/><\/figure>\n\n\n\n<figure class=\"wp-block-image size-large\"><img loading=\"lazy\" decoding=\"async\" width=\"1024\" height=\"683\" data-id=\"1177\" src=\"https:\/\/izglitiba.valmierasnovads.lv\/valmierassportaskola\/wp-content\/uploads\/sites\/32\/2025\/12\/Menesa-sportists-25-26_100-2-1024x683.jpg\" alt=\"\" class=\"wp-image-1177\" srcset=\"https:\/\/izglitiba.valmierasnovads.lv\/valmierassportaskola\/wp-content\/uploads\/sites\/32\/2025\/12\/Menesa-sportists-25-26_100-2-1024x683.jpg 1024w, https:\/\/izglitiba.valmierasnovads.lv\/valmierassportaskola\/wp-content\/uploads\/sites\/32\/2025\/12\/Menesa-sportists-25-26_100-2-300x200.jpg 300w, https:\/\/izglitiba.valmierasnovads.lv\/valmierassportaskola\/wp-content\/uploads\/sites\/32\/2025\/12\/Menesa-sportists-25-26_100-2-768x512.jpg 768w, https:\/\/izglitiba.valmierasnovads.lv\/valmierassportaskola\/wp-content\/uploads\/sites\/32\/2025\/12\/Menesa-sportists-25-26_100-2-1536x1024.jpg 1536w, https:\/\/izglitiba.valmierasnovads.lv\/valmierassportaskola\/wp-content\/uploads\/sites\/32\/2025\/12\/Menesa-sportists-25-26_100-2-2048x1365.jpg 2048w\" sizes=\"auto, (max-width: 1024px) 100vw, 1024px\" \/><\/figure>\n\n\n\n<figure class=\"wp-block-image size-large\"><img loading=\"lazy\" decoding=\"async\" width=\"1024\" height=\"683\" data-id=\"1179\" src=\"https:\/\/izglitiba.valmierasnovads.lv\/valmierassportaskola\/wp-content\/uploads\/sites\/32\/2025\/12\/Menesa-sportists-25-26_104-1024x683.jpg\" alt=\"\" class=\"wp-image-1179\" srcset=\"https:\/\/izglitiba.valmierasnovads.lv\/valmierassportaskola\/wp-content\/uploads\/sites\/32\/2025\/12\/Menesa-sportists-25-26_104-1024x683.jpg 1024w, https:\/\/izglitiba.valmierasnovads.lv\/valmierassportaskola\/wp-content\/uploads\/sites\/32\/2025\/12\/Menesa-sportists-25-26_104-300x200.jpg 300w, https:\/\/izglitiba.valmierasnovads.lv\/valmierassportaskola\/wp-content\/uploads\/sites\/32\/2025\/12\/Menesa-sportists-25-26_104-768x512.jpg 768w, https:\/\/izglitiba.valmierasnovads.lv\/valmierassportaskola\/wp-content\/uploads\/sites\/32\/2025\/12\/Menesa-sportists-25-26_104-1536x1024.jpg 1536w, https:\/\/izglitiba.valmierasnovads.lv\/valmierassportaskola\/wp-content\/uploads\/sites\/32\/2025\/12\/Menesa-sportists-25-26_104-2048x1365.jpg 2048w\" sizes=\"auto, (max-width: 1024px) 100vw, 1024px\" \/><\/figure>\n<\/figure>\n","protected":false},"excerpt":{"rendered":"<p>Par septembra m\u0113ne\u0161a sportistu komandu sporta veidos nomin\u0113ts futbolists Daniils Cepe\u013cevs. Aizvad\u012bt\u0101 sezona Daniilam bijusi \u012bpa\u0161a, jo sp\u0113l\u0113jis div\u0101s komand\u0101s [&hellip;]<\/p>\n","protected":false},"author":35,"featured_media":1173,"comment_status":"closed","ping_status":"closed","sticky":false,"template":"","format":"standard","meta":{"_acf_changed":false,"site-sidebar-layout":"default","site-content-layout":"","ast-site-content-layout":"default","site-content-style":"default","site-sidebar-style":"default","ast-global-header-display":"","ast-banner-title-visibility":"","ast-main-header-display":"","ast-hfb-above-header-display":"","ast-hfb-below-header-display":"","ast-hfb-mobile-header-display":"","site-post-title":"","ast-breadcrumbs-content":"","ast-featured-img":"","footer-sml-layout":"","ast-disable-related-posts":"","theme-transparent-header-meta":"","adv-header-id-meta":"","stick-header-meta":"","header-above-stick-meta":"","header-main-stick-meta":"","header-below-stick-meta":"","astra-migrate-meta-layouts":"default","ast-page-background-enabled":"default","ast-page-background-meta":{"desktop":{"background-color":"var(--ast-global-color-5)","background-image":"","background-repeat":"repeat","background-position":"center center","background-size":"auto","background-attachment":"scroll","background-type":"","background-media":"","overlay-type":"","overlay-color":"","overlay-opacity":"","overlay-gradient":""},"tablet":{"background-color":"","background-image":"","background-repeat":"repeat","background-position":"center center","background-size":"auto","background-attachment":"scroll","background-type":"","background-media":"","overlay-type":"","overlay-color":"","overlay-opacity":"","overlay-gradient":""},"mobile":{"background-color":"","background-image":"","background-repeat":"repeat","background-position":"center center","background-size":"auto","background-attachment":"scroll","background-type":"","background-media":"","overlay-type":"","overlay-color":"","overlay-opacity":"","overlay-gradient":""}},"ast-content-background-meta":{"desktop":{"background-color":"var(--ast-global-color-4)","background-image":"","background-repeat":"repeat","background-position":"center center","background-size":"auto","background-attachment":"scroll","background-type":"","background-media":"","overlay-type":"","overlay-color":"","overlay-opacity":"","overlay-gradient":""},"tablet":{"background-color":"var(--ast-global-color-4)","background-image":"","background-repeat":"repeat","background-position":"center center","background-size":"auto","background-attachment":"scroll","background-type":"","background-media":"","overlay-type":"","overlay-color":"","overlay-opacity":"","overlay-gradient":""},"mobile":{"background-color":"var(--ast-global-color-4)","background-image":"","background-repeat":"repeat","background-position":"center center","background-size":"auto","background-attachment":"scroll","background-type":"","background-media":"","overlay-type":"","overlay-color":"","overlay-opacity":"","overlay-gradient":""}},"footnotes":""},"categories":[10,42,28],"tags":[],"class_list":["post-1172","post","type-post","status-publish","format-standard","has-post-thumbnail","hentry","category-futbols","category-menesa-sportists","category-skola"],"acf":[],"yoast_head":"<!-- This site is optimized with the Yoast SEO plugin v27.0 - https:\/\/yoast.com\/product\/yoast-seo-wordpress\/ -->\n<title>Daniils Cepe\u013cevs - septembra m\u0113ne\u0161a sportists komandu sporta veidos - Valmieras Sporta skola<\/title>\n<meta name=\"robots\" content=\"index, follow, max-snippet:-1, max-image-preview:large, max-video-preview:-1\" \/>\n<link rel=\"canonical\" href=\"https:\/\/izglitiba.valmierasnovads.lv\/valmierassportaskola\/septembra-menesa-sportists-komandu-sporta-veidos-daniils-cepelevs\/\" \/>\n<meta property=\"og:locale\" content=\"lv_LV\" \/>\n<meta property=\"og:type\" content=\"article\" \/>\n<meta property=\"og:title\" content=\"Daniils Cepe\u013cevs - septembra m\u0113ne\u0161a sportists komandu sporta veidos - Valmieras Sporta skola\" \/>\n<meta property=\"og:description\" content=\"Par septembra m\u0113ne\u0161a sportistu komandu sporta veidos nomin\u0113ts futbolists Daniils Cepe\u013cevs. Aizvad\u012bt\u0101 sezona Daniilam bijusi \u012bpa\u0161a, jo sp\u0113l\u0113jis div\u0101s komand\u0101s [&hellip;]\" \/>\n<meta property=\"og:url\" content=\"https:\/\/izglitiba.valmierasnovads.lv\/valmierassportaskola\/septembra-menesa-sportists-komandu-sporta-veidos-daniils-cepelevs\/\" \/>\n<meta property=\"og:site_name\" content=\"Valmieras Sporta skola\" \/>\n<meta property=\"article:published_time\" content=\"2025-12-19T08:49:18+00:00\" \/>\n<meta property=\"article:modified_time\" content=\"2025-12-19T08:54:27+00:00\" \/>\n<meta property=\"og:image\" content=\"https:\/\/izglitiba.valmierasnovads.lv\/valmierassportaskola\/wp-content\/uploads\/sites\/32\/2025\/12\/Menesa-sportists-25-26_53-scaled.jpg\" \/>\n\t<meta property=\"og:image:width\" content=\"2560\" \/>\n\t<meta property=\"og:image:height\" content=\"1707\" \/>\n\t<meta property=\"og:image:type\" content=\"image\/jpeg\" \/>\n<meta name=\"author\" content=\"elizapaulaberzina\" \/>\n<meta name=\"twitter:card\" content=\"summary_large_image\" \/>\n<meta name=\"twitter:label1\" content=\"Written by\" \/>\n\t<meta name=\"twitter:data1\" content=\"elizapaulaberzina\" \/>\n\t<meta name=\"twitter:label2\" content=\"Est. reading time\" \/>\n\t<meta name=\"twitter:data2\" content=\"6 min\u016btes\" \/>\n<script type=\"application\/ld+json\" class=\"yoast-schema-graph\">{\"@context\":\"https:\/\/schema.org\",\"@graph\":[{\"@type\":\"Article\",\"@id\":\"https:\/\/izglitiba.valmierasnovads.lv\/valmierassportaskola\/septembra-menesa-sportists-komandu-sporta-veidos-daniils-cepelevs\/#article\",\"isPartOf\":{\"@id\":\"https:\/\/izglitiba.valmierasnovads.lv\/valmierassportaskola\/septembra-menesa-sportists-komandu-sporta-veidos-daniils-cepelevs\/\"},\"author\":{\"name\":\"elizapaulaberzina\",\"@id\":\"https:\/\/izglitiba.valmierasnovads.lv\/valmierassportaskola\/#\/schema\/person\/4e13d7d7bc4bdf97ddcbe604aa40a49e\"},\"headline\":\"Daniils Cepe\u013cevs &#8211; septembra m\u0113ne\u0161a sportists komandu sporta veidos\",\"datePublished\":\"2025-12-19T08:49:18+00:00\",\"dateModified\":\"2025-12-19T08:54:27+00:00\",\"mainEntityOfPage\":{\"@id\":\"https:\/\/izglitiba.valmierasnovads.lv\/valmierassportaskola\/septembra-menesa-sportists-komandu-sporta-veidos-daniils-cepelevs\/\"},\"wordCount\":988,\"publisher\":{\"@id\":\"https:\/\/izglitiba.valmierasnovads.lv\/valmierassportaskola\/#organization\"},\"image\":{\"@id\":\"https:\/\/izglitiba.valmierasnovads.lv\/valmierassportaskola\/septembra-menesa-sportists-komandu-sporta-veidos-daniils-cepelevs\/#primaryimage\"},\"thumbnailUrl\":\"https:\/\/izglitiba.valmierasnovads.lv\/valmierassportaskola\/wp-content\/uploads\/sites\/32\/2025\/12\/Menesa-sportists-25-26_53-scaled.jpg\",\"articleSection\":[\"Futbols\",\"M\u0113ne\u0161a sportists\",\"Skola\"],\"inLanguage\":\"lv-LV\"},{\"@type\":\"WebPage\",\"@id\":\"https:\/\/izglitiba.valmierasnovads.lv\/valmierassportaskola\/septembra-menesa-sportists-komandu-sporta-veidos-daniils-cepelevs\/\",\"url\":\"https:\/\/izglitiba.valmierasnovads.lv\/valmierassportaskola\/septembra-menesa-sportists-komandu-sporta-veidos-daniils-cepelevs\/\",\"name\":\"Daniils Cepe\u013cevs - septembra m\u0113ne\u0161a sportists komandu sporta veidos - Valmieras Sporta skola\",\"isPartOf\":{\"@id\":\"https:\/\/izglitiba.valmierasnovads.lv\/valmierassportaskola\/#website\"},\"primaryImageOfPage\":{\"@id\":\"https:\/\/izglitiba.valmierasnovads.lv\/valmierassportaskola\/septembra-menesa-sportists-komandu-sporta-veidos-daniils-cepelevs\/#primaryimage\"},\"image\":{\"@id\":\"https:\/\/izglitiba.valmierasnovads.lv\/valmierassportaskola\/septembra-menesa-sportists-komandu-sporta-veidos-daniils-cepelevs\/#primaryimage\"},\"thumbnailUrl\":\"https:\/\/izglitiba.valmierasnovads.lv\/valmierassportaskola\/wp-content\/uploads\/sites\/32\/2025\/12\/Menesa-sportists-25-26_53-scaled.jpg\",\"datePublished\":\"2025-12-19T08:49:18+00:00\",\"dateModified\":\"2025-12-19T08:54:27+00:00\",\"breadcrumb\":{\"@id\":\"https:\/\/izglitiba.valmierasnovads.lv\/valmierassportaskola\/septembra-menesa-sportists-komandu-sporta-veidos-daniils-cepelevs\/#breadcrumb\"},\"inLanguage\":\"lv-LV\",\"potentialAction\":[{\"@type\":\"ReadAction\",\"target\":[\"https:\/\/izglitiba.valmierasnovads.lv\/valmierassportaskola\/septembra-menesa-sportists-komandu-sporta-veidos-daniils-cepelevs\/\"]}]},{\"@type\":\"ImageObject\",\"inLanguage\":\"lv-LV\",\"@id\":\"https:\/\/izglitiba.valmierasnovads.lv\/valmierassportaskola\/septembra-menesa-sportists-komandu-sporta-veidos-daniils-cepelevs\/#primaryimage\",\"url\":\"https:\/\/izglitiba.valmierasnovads.lv\/valmierassportaskola\/wp-content\/uploads\/sites\/32\/2025\/12\/Menesa-sportists-25-26_53-scaled.jpg\",\"contentUrl\":\"https:\/\/izglitiba.valmierasnovads.lv\/valmierassportaskola\/wp-content\/uploads\/sites\/32\/2025\/12\/Menesa-sportists-25-26_53-scaled.jpg\",\"width\":2560,\"height\":1707},{\"@type\":\"BreadcrumbList\",\"@id\":\"https:\/\/izglitiba.valmierasnovads.lv\/valmierassportaskola\/septembra-menesa-sportists-komandu-sporta-veidos-daniils-cepelevs\/#breadcrumb\",\"itemListElement\":[{\"@type\":\"ListItem\",\"position\":1,\"name\":\"Home\",\"item\":\"https:\/\/izglitiba.valmierasnovads.lv\/valmierassportaskola\/\"},{\"@type\":\"ListItem\",\"position\":2,\"name\":\"Daniils Cepe\u013cevs &#8211; septembra m\u0113ne\u0161a sportists komandu sporta veidos\"}]},{\"@type\":\"WebSite\",\"@id\":\"https:\/\/izglitiba.valmierasnovads.lv\/valmierassportaskola\/#website\",\"url\":\"https:\/\/izglitiba.valmierasnovads.lv\/valmierassportaskola\/\",\"name\":\"Valmieras Sporta skola\",\"description\":\"\",\"publisher\":{\"@id\":\"https:\/\/izglitiba.valmierasnovads.lv\/valmierassportaskola\/#organization\"},\"potentialAction\":[{\"@type\":\"SearchAction\",\"target\":{\"@type\":\"EntryPoint\",\"urlTemplate\":\"https:\/\/izglitiba.valmierasnovads.lv\/valmierassportaskola\/?s={search_term_string}\"},\"query-input\":{\"@type\":\"PropertyValueSpecification\",\"valueRequired\":true,\"valueName\":\"search_term_string\"}}],\"inLanguage\":\"lv-LV\"},{\"@type\":\"Organization\",\"@id\":\"https:\/\/izglitiba.valmierasnovads.lv\/valmierassportaskola\/#organization\",\"name\":\"Valmieras Sporta skola\",\"url\":\"https:\/\/izglitiba.valmierasnovads.lv\/valmierassportaskola\/\",\"logo\":{\"@type\":\"ImageObject\",\"inLanguage\":\"lv-LV\",\"@id\":\"https:\/\/izglitiba.valmierasnovads.lv\/valmierassportaskola\/#\/schema\/logo\/image\/\",\"url\":\"https:\/\/izglitiba.valmierasnovads.lv\/valmierassportaskola\/wp-content\/uploads\/sites\/32\/2025\/06\/cropped-Logo_Valmieras_sporta_skola_melns-1.png\",\"contentUrl\":\"https:\/\/izglitiba.valmierasnovads.lv\/valmierassportaskola\/wp-content\/uploads\/sites\/32\/2025\/06\/cropped-Logo_Valmieras_sporta_skola_melns-1.png\",\"width\":2354,\"height\":596,\"caption\":\"Valmieras Sporta skola\"},\"image\":{\"@id\":\"https:\/\/izglitiba.valmierasnovads.lv\/valmierassportaskola\/#\/schema\/logo\/image\/\"}},{\"@type\":\"Person\",\"@id\":\"https:\/\/izglitiba.valmierasnovads.lv\/valmierassportaskola\/#\/schema\/person\/4e13d7d7bc4bdf97ddcbe604aa40a49e\",\"name\":\"elizapaulaberzina\",\"image\":{\"@type\":\"ImageObject\",\"inLanguage\":\"lv-LV\",\"@id\":\"https:\/\/izglitiba.valmierasnovads.lv\/valmierassportaskola\/#\/schema\/person\/image\/\",\"url\":\"https:\/\/secure.gravatar.com\/avatar\/eee97abe3c677b8a6a728841cbeafc12cf7e82108e16507228a78617dfb0e663?s=96&d=mm&r=g\",\"contentUrl\":\"https:\/\/secure.gravatar.com\/avatar\/eee97abe3c677b8a6a728841cbeafc12cf7e82108e16507228a78617dfb0e663?s=96&d=mm&r=g\",\"caption\":\"elizapaulaberzina\"},\"url\":\"https:\/\/izglitiba.valmierasnovads.lv\/valmierassportaskola\/author\/elizapaulaberzina\/\"}]}<\/script>\n<!-- \/ Yoast SEO plugin. -->","yoast_head_json":{"title":"Daniils Cepe\u013cevs - septembra m\u0113ne\u0161a sportists komandu sporta veidos - Valmieras Sporta skola","robots":{"index":"index","follow":"follow","max-snippet":"max-snippet:-1","max-image-preview":"max-image-preview:large","max-video-preview":"max-video-preview:-1"},"canonical":"https:\/\/izglitiba.valmierasnovads.lv\/valmierassportaskola\/septembra-menesa-sportists-komandu-sporta-veidos-daniils-cepelevs\/","og_locale":"lv_LV","og_type":"article","og_title":"Daniils Cepe\u013cevs - septembra m\u0113ne\u0161a sportists komandu sporta veidos - Valmieras Sporta skola","og_description":"Par septembra m\u0113ne\u0161a sportistu komandu sporta veidos nomin\u0113ts futbolists Daniils Cepe\u013cevs. Aizvad\u012bt\u0101 sezona Daniilam bijusi \u012bpa\u0161a, jo sp\u0113l\u0113jis div\u0101s komand\u0101s [&hellip;]","og_url":"https:\/\/izglitiba.valmierasnovads.lv\/valmierassportaskola\/septembra-menesa-sportists-komandu-sporta-veidos-daniils-cepelevs\/","og_site_name":"Valmieras Sporta skola","article_published_time":"2025-12-19T08:49:18+00:00","article_modified_time":"2025-12-19T08:54:27+00:00","og_image":[{"width":2560,"height":1707,"url":"https:\/\/izglitiba.valmierasnovads.lv\/valmierassportaskola\/wp-content\/uploads\/sites\/32\/2025\/12\/Menesa-sportists-25-26_53-scaled.jpg","type":"image\/jpeg"}],"author":"elizapaulaberzina","twitter_card":"summary_large_image","twitter_misc":{"Written by":"elizapaulaberzina","Est. reading time":"6 min\u016btes"},"schema":{"@context":"https:\/\/schema.org","@graph":[{"@type":"Article","@id":"https:\/\/izglitiba.valmierasnovads.lv\/valmierassportaskola\/septembra-menesa-sportists-komandu-sporta-veidos-daniils-cepelevs\/#article","isPartOf":{"@id":"https:\/\/izglitiba.valmierasnovads.lv\/valmierassportaskola\/septembra-menesa-sportists-komandu-sporta-veidos-daniils-cepelevs\/"},"author":{"name":"elizapaulaberzina","@id":"https:\/\/izglitiba.valmierasnovads.lv\/valmierassportaskola\/#\/schema\/person\/4e13d7d7bc4bdf97ddcbe604aa40a49e"},"headline":"Daniils Cepe\u013cevs &#8211; septembra m\u0113ne\u0161a sportists komandu sporta veidos","datePublished":"2025-12-19T08:49:18+00:00","dateModified":"2025-12-19T08:54:27+00:00","mainEntityOfPage":{"@id":"https:\/\/izglitiba.valmierasnovads.lv\/valmierassportaskola\/septembra-menesa-sportists-komandu-sporta-veidos-daniils-cepelevs\/"},"wordCount":988,"publisher":{"@id":"https:\/\/izglitiba.valmierasnovads.lv\/valmierassportaskola\/#organization"},"image":{"@id":"https:\/\/izglitiba.valmierasnovads.lv\/valmierassportaskola\/septembra-menesa-sportists-komandu-sporta-veidos-daniils-cepelevs\/#primaryimage"},"thumbnailUrl":"https:\/\/izglitiba.valmierasnovads.lv\/valmierassportaskola\/wp-content\/uploads\/sites\/32\/2025\/12\/Menesa-sportists-25-26_53-scaled.jpg","articleSection":["Futbols","M\u0113ne\u0161a sportists","Skola"],"inLanguage":"lv-LV"},{"@type":"WebPage","@id":"https:\/\/izglitiba.valmierasnovads.lv\/valmierassportaskola\/septembra-menesa-sportists-komandu-sporta-veidos-daniils-cepelevs\/","url":"https:\/\/izglitiba.valmierasnovads.lv\/valmierassportaskola\/septembra-menesa-sportists-komandu-sporta-veidos-daniils-cepelevs\/","name":"Daniils Cepe\u013cevs - septembra m\u0113ne\u0161a sportists komandu sporta veidos - Valmieras Sporta skola","isPartOf":{"@id":"https:\/\/izglitiba.valmierasnovads.lv\/valmierassportaskola\/#website"},"primaryImageOfPage":{"@id":"https:\/\/izglitiba.valmierasnovads.lv\/valmierassportaskola\/septembra-menesa-sportists-komandu-sporta-veidos-daniils-cepelevs\/#primaryimage"},"image":{"@id":"https:\/\/izglitiba.valmierasnovads.lv\/valmierassportaskola\/septembra-menesa-sportists-komandu-sporta-veidos-daniils-cepelevs\/#primaryimage"},"thumbnailUrl":"https:\/\/izglitiba.valmierasnovads.lv\/valmierassportaskola\/wp-content\/uploads\/sites\/32\/2025\/12\/Menesa-sportists-25-26_53-scaled.jpg","datePublished":"2025-12-19T08:49:18+00:00","dateModified":"2025-12-19T08:54:27+00:00","breadcrumb":{"@id":"https:\/\/izglitiba.valmierasnovads.lv\/valmierassportaskola\/septembra-menesa-sportists-komandu-sporta-veidos-daniils-cepelevs\/#breadcrumb"},"inLanguage":"lv-LV","potentialAction":[{"@type":"ReadAction","target":["https:\/\/izglitiba.valmierasnovads.lv\/valmierassportaskola\/septembra-menesa-sportists-komandu-sporta-veidos-daniils-cepelevs\/"]}]},{"@type":"ImageObject","inLanguage":"lv-LV","@id":"https:\/\/izglitiba.valmierasnovads.lv\/valmierassportaskola\/septembra-menesa-sportists-komandu-sporta-veidos-daniils-cepelevs\/#primaryimage","url":"https:\/\/izglitiba.valmierasnovads.lv\/valmierassportaskola\/wp-content\/uploads\/sites\/32\/2025\/12\/Menesa-sportists-25-26_53-scaled.jpg","contentUrl":"https:\/\/izglitiba.valmierasnovads.lv\/valmierassportaskola\/wp-content\/uploads\/sites\/32\/2025\/12\/Menesa-sportists-25-26_53-scaled.jpg","width":2560,"height":1707},{"@type":"BreadcrumbList","@id":"https:\/\/izglitiba.valmierasnovads.lv\/valmierassportaskola\/septembra-menesa-sportists-komandu-sporta-veidos-daniils-cepelevs\/#breadcrumb","itemListElement":[{"@type":"ListItem","position":1,"name":"Home","item":"https:\/\/izglitiba.valmierasnovads.lv\/valmierassportaskola\/"},{"@type":"ListItem","position":2,"name":"Daniils Cepe\u013cevs &#8211; septembra m\u0113ne\u0161a sportists komandu sporta veidos"}]},{"@type":"WebSite","@id":"https:\/\/izglitiba.valmierasnovads.lv\/valmierassportaskola\/#website","url":"https:\/\/izglitiba.valmierasnovads.lv\/valmierassportaskola\/","name":"Valmieras Sporta skola","description":"","publisher":{"@id":"https:\/\/izglitiba.valmierasnovads.lv\/valmierassportaskola\/#organization"},"potentialAction":[{"@type":"SearchAction","target":{"@type":"EntryPoint","urlTemplate":"https:\/\/izglitiba.valmierasnovads.lv\/valmierassportaskola\/?s={search_term_string}"},"query-input":{"@type":"PropertyValueSpecification","valueRequired":true,"valueName":"search_term_string"}}],"inLanguage":"lv-LV"},{"@type":"Organization","@id":"https:\/\/izglitiba.valmierasnovads.lv\/valmierassportaskola\/#organization","name":"Valmieras Sporta skola","url":"https:\/\/izglitiba.valmierasnovads.lv\/valmierassportaskola\/","logo":{"@type":"ImageObject","inLanguage":"lv-LV","@id":"https:\/\/izglitiba.valmierasnovads.lv\/valmierassportaskola\/#\/schema\/logo\/image\/","url":"https:\/\/izglitiba.valmierasnovads.lv\/valmierassportaskola\/wp-content\/uploads\/sites\/32\/2025\/06\/cropped-Logo_Valmieras_sporta_skola_melns-1.png","contentUrl":"https:\/\/izglitiba.valmierasnovads.lv\/valmierassportaskola\/wp-content\/uploads\/sites\/32\/2025\/06\/cropped-Logo_Valmieras_sporta_skola_melns-1.png","width":2354,"height":596,"caption":"Valmieras Sporta skola"},"image":{"@id":"https:\/\/izglitiba.valmierasnovads.lv\/valmierassportaskola\/#\/schema\/logo\/image\/"}},{"@type":"Person","@id":"https:\/\/izglitiba.valmierasnovads.lv\/valmierassportaskola\/#\/schema\/person\/4e13d7d7bc4bdf97ddcbe604aa40a49e","name":"elizapaulaberzina","image":{"@type":"ImageObject","inLanguage":"lv-LV","@id":"https:\/\/izglitiba.valmierasnovads.lv\/valmierassportaskola\/#\/schema\/person\/image\/","url":"https:\/\/secure.gravatar.com\/avatar\/eee97abe3c677b8a6a728841cbeafc12cf7e82108e16507228a78617dfb0e663?s=96&d=mm&r=g","contentUrl":"https:\/\/secure.gravatar.com\/avatar\/eee97abe3c677b8a6a728841cbeafc12cf7e82108e16507228a78617dfb0e663?s=96&d=mm&r=g","caption":"elizapaulaberzina"},"url":"https:\/\/izglitiba.valmierasnovads.lv\/valmierassportaskola\/author\/elizapaulaberzina\/"}]}},"_links":{"self":[{"href":"https:\/\/izglitiba.valmierasnovads.lv\/valmierassportaskola\/wp-json\/wp\/v2\/posts\/1172","targetHints":{"allow":["GET"]}}],"collection":[{"href":"https:\/\/izglitiba.valmierasnovads.lv\/valmierassportaskola\/wp-json\/wp\/v2\/posts"}],"about":[{"href":"https:\/\/izglitiba.valmierasnovads.lv\/valmierassportaskola\/wp-json\/wp\/v2\/types\/post"}],"author":[{"embeddable":true,"href":"https:\/\/izglitiba.valmierasnovads.lv\/valmierassportaskola\/wp-json\/wp\/v2\/users\/35"}],"replies":[{"embeddable":true,"href":"https:\/\/izglitiba.valmierasnovads.lv\/valmierassportaskola\/wp-json\/wp\/v2\/comments?post=1172"}],"version-history":[{"count":2,"href":"https:\/\/izglitiba.valmierasnovads.lv\/valmierassportaskola\/wp-json\/wp\/v2\/posts\/1172\/revisions"}],"predecessor-version":[{"id":1182,"href":"https:\/\/izglitiba.valmierasnovads.lv\/valmierassportaskola\/wp-json\/wp\/v2\/posts\/1172\/revisions\/1182"}],"wp:featuredmedia":[{"embeddable":true,"href":"https:\/\/izglitiba.valmierasnovads.lv\/valmierassportaskola\/wp-json\/wp\/v2\/media\/1173"}],"wp:attachment":[{"href":"https:\/\/izglitiba.valmierasnovads.lv\/valmierassportaskola\/wp-json\/wp\/v2\/media?parent=1172"}],"wp:term":[{"taxonomy":"category","embeddable":true,"href":"https:\/\/izglitiba.valmierasnovads.lv\/valmierassportaskola\/wp-json\/wp\/v2\/categories?post=1172"},{"taxonomy":"post_tag","embeddable":true,"href":"https:\/\/izglitiba.valmierasnovads.lv\/valmierassportaskola\/wp-json\/wp\/v2\/tags?post=1172"}],"curies":[{"name":"wp","href":"https:\/\/api.w.org\/{rel}","templated":true}]}}