{"id":1550,"date":"2026-02-11T11:24:48","date_gmt":"2026-02-11T09:24:48","guid":{"rendered":"https:\/\/izglitiba.valmierasnovads.lv\/valmierassportaskola\/?p=1550"},"modified":"2026-02-17T14:50:56","modified_gmt":"2026-02-17T12:50:56","slug":"8-musu-audzekni-startes-baltijas-u20-cempionata-vieglatletika","status":"publish","type":"post","link":"https:\/\/izglitiba.valmierasnovads.lv\/valmierassportaskola\/8-musu-audzekni-startes-baltijas-u20-cempionata-vieglatletika\/","title":{"rendered":"8 m\u016bsu audz\u0113k\u0146i start\u0113s Baltijas U20 \u010dempion\u0101t\u0101 vieglatl\u0113tik\u0101"},"content":{"rendered":"\n<p>P\u0113c veiksm\u012bgiem startiem aizvad\u012btaj\u0101 ned\u0113\u013cas nogal\u0113, jau \u0161o sestdien, 14. febru\u0101r\u012b lab\u0101kajiem Latvijas U20 vieglatl\u0113tiem ir j\u0101dodas uz Baltijas U20 \u010dempion\u0101tu telp\u0101s. Par \u010dempion\u0101ta m\u0101jvietu \u0161ogad izraudz\u012bta Lietuvas pils\u0113ta Kau\u0146a, uz kuru, Latvijas izlases sast\u0101v\u0101 dosies ar\u012b m\u016bsu 8 Valmieras Sporta skolas audz\u0113k\u0146i un 3 treneri. <\/p>\n\n\n\n<p>Marta Luize P\u0113tersone \u2013 1500m<\/p>\n\n\n\n<p>\u0160arlote Gredzena \u2013 3000m<\/p>\n\n\n\n<p>Ketrina Kuz\u0146ecova \u2013 5000m so\u013co\u0161ana<\/p>\n\n\n\n<p>Kar\u012bna \u0145iku\u013cina \u2013 5000m so\u013co\u0161ana<\/p>\n\n\n\n<p>Marta Lindberga &#8211; t\u0101ll\u0113k\u0161ana<\/p>\n\n\n\n<p>Maksims Pavlovs &#8211; 400m un 4x400m stafete<\/p>\n\n\n\n<p>Reds \u0160mits \u2013 k\u0101rtsl\u0113k\u0161ana<\/p>\n\n\n\n<p>Romass Zadoro\u017enijs \u2013 lodes gr\u016b\u0161ana<\/p>\n\n\n\n<p>Raitis Ravinskis \u2013 treneris<\/p>\n\n\n\n<p>Alvis \u010c\u0101kurs \u2013 treneris<\/p>\n\n\n\n<p>P\u0113teris Karliv\u0101ns \u2013 treneris<\/p>\n\n\n\n<p>Apsveicam m\u016bsu sportistus un trenerus ar iek\u013c\u016b\u0161anu izlas\u0113, k\u0101 ar\u012b v\u0113lam veiksmi un izdo\u0161anos gaid\u0101maj\u0101s sacens\u012bb\u0101s! <\/p>\n\n\n\n<p>Foto Guntis B\u0113rzi\u0146\u0161<\/p>\n","protected":false},"excerpt":{"rendered":"<p>P\u0113c veiksm\u012bgiem startiem aizvad\u012btaj\u0101 ned\u0113\u013cas nogal\u0113, jau \u0161o sestdien, 14. febru\u0101r\u012b lab\u0101kajiem Latvijas U20 vieglatl\u0113tiem ir j\u0101dodas uz Baltijas U20 [&hellip;]<\/p>\n","protected":false},"author":35,"featured_media":1551,"comment_status":"closed","ping_status":"closed","sticky":false,"template":"","format":"standard","meta":{"_acf_changed":false,"site-sidebar-layout":"default","site-content-layout":"","ast-site-content-layout":"default","site-content-style":"default","site-sidebar-style":"default","ast-global-header-display":"","ast-banner-title-visibility":"","ast-main-header-display":"","ast-hfb-above-header-display":"","ast-hfb-below-header-display":"","ast-hfb-mobile-header-display":"","site-post-title":"","ast-breadcrumbs-content":"","ast-featured-img":"","footer-sml-layout":"","ast-disable-related-posts":"","theme-transparent-header-meta":"","adv-header-id-meta":"","stick-header-meta":"","header-above-stick-meta":"","header-main-stick-meta":"","header-below-stick-meta":"","astra-migrate-meta-layouts":"default","ast-page-background-enabled":"default","ast-page-background-meta":{"desktop":{"background-color":"var(--ast-global-color-5)","background-image":"","background-repeat":"repeat","background-position":"center center","background-size":"auto","background-attachment":"scroll","background-type":"","background-media":"","overlay-type":"","overlay-color":"","overlay-opacity":"","overlay-gradient":""},"tablet":{"background-color":"","background-image":"","background-repeat":"repeat","background-position":"center center","background-size":"auto","background-attachment":"scroll","background-type":"","background-media":"","overlay-type":"","overlay-color":"","overlay-opacity":"","overlay-gradient":""},"mobile":{"background-color":"","background-image":"","background-repeat":"repeat","background-position":"center center","background-size":"auto","background-attachment":"scroll","background-type":"","background-media":"","overlay-type":"","overlay-color":"","overlay-opacity":"","overlay-gradient":""}},"ast-content-background-meta":{"desktop":{"background-color":"var(--ast-global-color-4)","background-image":"","background-repeat":"repeat","background-position":"center center","background-size":"auto","background-attachment":"scroll","background-type":"","background-media":"","overlay-type":"","overlay-color":"","overlay-opacity":"","overlay-gradient":""},"tablet":{"background-color":"var(--ast-global-color-4)","background-image":"","background-repeat":"repeat","background-position":"center center","background-size":"auto","background-attachment":"scroll","background-type":"","background-media":"","overlay-type":"","overlay-color":"","overlay-opacity":"","overlay-gradient":""},"mobile":{"background-color":"var(--ast-global-color-4)","background-image":"","background-repeat":"repeat","background-position":"center center","background-size":"auto","background-attachment":"scroll","background-type":"","background-media":"","overlay-type":"","overlay-color":"","overlay-opacity":"","overlay-gradient":""}},"footnotes":""},"categories":[15],"tags":[],"class_list":["post-1550","post","type-post","status-publish","format-standard","has-post-thumbnail","hentry","category-vieglatletika"],"acf":[],"yoast_head":"<!-- This site is optimized with the Yoast SEO plugin v27.0 - https:\/\/yoast.com\/product\/yoast-seo-wordpress\/ -->\n<title>8 m\u016bsu audz\u0113k\u0146i start\u0113s Baltijas U20 \u010dempion\u0101t\u0101 vieglatl\u0113tik\u0101 - Valmieras Sporta skola<\/title>\n<meta name=\"robots\" content=\"index, follow, max-snippet:-1, max-image-preview:large, max-video-preview:-1\" \/>\n<link rel=\"canonical\" href=\"https:\/\/izglitiba.valmierasnovads.lv\/valmierassportaskola\/8-musu-audzekni-startes-baltijas-u20-cempionata-vieglatletika\/\" \/>\n<meta property=\"og:locale\" content=\"lv_LV\" \/>\n<meta property=\"og:type\" content=\"article\" \/>\n<meta property=\"og:title\" content=\"8 m\u016bsu audz\u0113k\u0146i start\u0113s Baltijas U20 \u010dempion\u0101t\u0101 vieglatl\u0113tik\u0101 - Valmieras Sporta skola\" \/>\n<meta property=\"og:description\" content=\"P\u0113c veiksm\u012bgiem startiem aizvad\u012btaj\u0101 ned\u0113\u013cas nogal\u0113, jau \u0161o sestdien, 14. febru\u0101r\u012b lab\u0101kajiem Latvijas U20 vieglatl\u0113tiem ir j\u0101dodas uz Baltijas U20 [&hellip;]\" \/>\n<meta property=\"og:url\" content=\"https:\/\/izglitiba.valmierasnovads.lv\/valmierassportaskola\/8-musu-audzekni-startes-baltijas-u20-cempionata-vieglatletika\/\" \/>\n<meta property=\"og:site_name\" content=\"Valmieras Sporta skola\" \/>\n<meta property=\"article:published_time\" content=\"2026-02-11T09:24:48+00:00\" \/>\n<meta property=\"article:modified_time\" content=\"2026-02-17T12:50:56+00:00\" \/>\n<meta property=\"og:image\" content=\"https:\/\/izglitiba.valmierasnovads.lv\/valmierassportaskola\/wp-content\/uploads\/sites\/32\/2026\/02\/a67RJgzsHQYhSMhExYTe.jpg\" \/>\n\t<meta property=\"og:image:width\" content=\"1600\" \/>\n\t<meta property=\"og:image:height\" content=\"1067\" \/>\n\t<meta property=\"og:image:type\" content=\"image\/jpeg\" \/>\n<meta name=\"author\" content=\"elizapaulaberzina\" \/>\n<meta name=\"twitter:card\" content=\"summary_large_image\" \/>\n<meta name=\"twitter:label1\" content=\"Written by\" \/>\n\t<meta name=\"twitter:data1\" content=\"elizapaulaberzina\" \/>\n\t<meta name=\"twitter:label2\" content=\"Est. reading time\" \/>\n\t<meta name=\"twitter:data2\" content=\"1 min\u016bte\" \/>\n<script type=\"application\/ld+json\" class=\"yoast-schema-graph\">{\"@context\":\"https:\/\/schema.org\",\"@graph\":[{\"@type\":\"Article\",\"@id\":\"https:\/\/izglitiba.valmierasnovads.lv\/valmierassportaskola\/8-musu-audzekni-startes-baltijas-u20-cempionata-vieglatletika\/#article\",\"isPartOf\":{\"@id\":\"https:\/\/izglitiba.valmierasnovads.lv\/valmierassportaskola\/8-musu-audzekni-startes-baltijas-u20-cempionata-vieglatletika\/\"},\"author\":{\"name\":\"elizapaulaberzina\",\"@id\":\"https:\/\/izglitiba.valmierasnovads.lv\/valmierassportaskola\/#\/schema\/person\/4e13d7d7bc4bdf97ddcbe604aa40a49e\"},\"headline\":\"8 m\u016bsu audz\u0113k\u0146i start\u0113s Baltijas U20 \u010dempion\u0101t\u0101 vieglatl\u0113tik\u0101\",\"datePublished\":\"2026-02-11T09:24:48+00:00\",\"dateModified\":\"2026-02-17T12:50:56+00:00\",\"mainEntityOfPage\":{\"@id\":\"https:\/\/izglitiba.valmierasnovads.lv\/valmierassportaskola\/8-musu-audzekni-startes-baltijas-u20-cempionata-vieglatletika\/\"},\"wordCount\":164,\"publisher\":{\"@id\":\"https:\/\/izglitiba.valmierasnovads.lv\/valmierassportaskola\/#organization\"},\"image\":{\"@id\":\"https:\/\/izglitiba.valmierasnovads.lv\/valmierassportaskola\/8-musu-audzekni-startes-baltijas-u20-cempionata-vieglatletika\/#primaryimage\"},\"thumbnailUrl\":\"https:\/\/izglitiba.valmierasnovads.lv\/valmierassportaskola\/wp-content\/uploads\/sites\/32\/2026\/02\/a67RJgzsHQYhSMhExYTe.jpg\",\"articleSection\":[\"Vieglatl\u0113tika\"],\"inLanguage\":\"lv-LV\"},{\"@type\":\"WebPage\",\"@id\":\"https:\/\/izglitiba.valmierasnovads.lv\/valmierassportaskola\/8-musu-audzekni-startes-baltijas-u20-cempionata-vieglatletika\/\",\"url\":\"https:\/\/izglitiba.valmierasnovads.lv\/valmierassportaskola\/8-musu-audzekni-startes-baltijas-u20-cempionata-vieglatletika\/\",\"name\":\"8 m\u016bsu audz\u0113k\u0146i start\u0113s Baltijas U20 \u010dempion\u0101t\u0101 vieglatl\u0113tik\u0101 - Valmieras Sporta skola\",\"isPartOf\":{\"@id\":\"https:\/\/izglitiba.valmierasnovads.lv\/valmierassportaskola\/#website\"},\"primaryImageOfPage\":{\"@id\":\"https:\/\/izglitiba.valmierasnovads.lv\/valmierassportaskola\/8-musu-audzekni-startes-baltijas-u20-cempionata-vieglatletika\/#primaryimage\"},\"image\":{\"@id\":\"https:\/\/izglitiba.valmierasnovads.lv\/valmierassportaskola\/8-musu-audzekni-startes-baltijas-u20-cempionata-vieglatletika\/#primaryimage\"},\"thumbnailUrl\":\"https:\/\/izglitiba.valmierasnovads.lv\/valmierassportaskola\/wp-content\/uploads\/sites\/32\/2026\/02\/a67RJgzsHQYhSMhExYTe.jpg\",\"datePublished\":\"2026-02-11T09:24:48+00:00\",\"dateModified\":\"2026-02-17T12:50:56+00:00\",\"breadcrumb\":{\"@id\":\"https:\/\/izglitiba.valmierasnovads.lv\/valmierassportaskola\/8-musu-audzekni-startes-baltijas-u20-cempionata-vieglatletika\/#breadcrumb\"},\"inLanguage\":\"lv-LV\",\"potentialAction\":[{\"@type\":\"ReadAction\",\"target\":[\"https:\/\/izglitiba.valmierasnovads.lv\/valmierassportaskola\/8-musu-audzekni-startes-baltijas-u20-cempionata-vieglatletika\/\"]}]},{\"@type\":\"ImageObject\",\"inLanguage\":\"lv-LV\",\"@id\":\"https:\/\/izglitiba.valmierasnovads.lv\/valmierassportaskola\/8-musu-audzekni-startes-baltijas-u20-cempionata-vieglatletika\/#primaryimage\",\"url\":\"https:\/\/izglitiba.valmierasnovads.lv\/valmierassportaskola\/wp-content\/uploads\/sites\/32\/2026\/02\/a67RJgzsHQYhSMhExYTe.jpg\",\"contentUrl\":\"https:\/\/izglitiba.valmierasnovads.lv\/valmierassportaskola\/wp-content\/uploads\/sites\/32\/2026\/02\/a67RJgzsHQYhSMhExYTe.jpg\",\"width\":1600,\"height\":1067},{\"@type\":\"BreadcrumbList\",\"@id\":\"https:\/\/izglitiba.valmierasnovads.lv\/valmierassportaskola\/8-musu-audzekni-startes-baltijas-u20-cempionata-vieglatletika\/#breadcrumb\",\"itemListElement\":[{\"@type\":\"ListItem\",\"position\":1,\"name\":\"Home\",\"item\":\"https:\/\/izglitiba.valmierasnovads.lv\/valmierassportaskola\/\"},{\"@type\":\"ListItem\",\"position\":2,\"name\":\"8 m\u016bsu audz\u0113k\u0146i start\u0113s Baltijas U20 \u010dempion\u0101t\u0101 vieglatl\u0113tik\u0101\"}]},{\"@type\":\"WebSite\",\"@id\":\"https:\/\/izglitiba.valmierasnovads.lv\/valmierassportaskola\/#website\",\"url\":\"https:\/\/izglitiba.valmierasnovads.lv\/valmierassportaskola\/\",\"name\":\"Valmieras Sporta skola\",\"description\":\"\",\"publisher\":{\"@id\":\"https:\/\/izglitiba.valmierasnovads.lv\/valmierassportaskola\/#organization\"},\"potentialAction\":[{\"@type\":\"SearchAction\",\"target\":{\"@type\":\"EntryPoint\",\"urlTemplate\":\"https:\/\/izglitiba.valmierasnovads.lv\/valmierassportaskola\/?s={search_term_string}\"},\"query-input\":{\"@type\":\"PropertyValueSpecification\",\"valueRequired\":true,\"valueName\":\"search_term_string\"}}],\"inLanguage\":\"lv-LV\"},{\"@type\":\"Organization\",\"@id\":\"https:\/\/izglitiba.valmierasnovads.lv\/valmierassportaskola\/#organization\",\"name\":\"Valmieras Sporta skola\",\"url\":\"https:\/\/izglitiba.valmierasnovads.lv\/valmierassportaskola\/\",\"logo\":{\"@type\":\"ImageObject\",\"inLanguage\":\"lv-LV\",\"@id\":\"https:\/\/izglitiba.valmierasnovads.lv\/valmierassportaskola\/#\/schema\/logo\/image\/\",\"url\":\"https:\/\/izglitiba.valmierasnovads.lv\/valmierassportaskola\/wp-content\/uploads\/sites\/32\/2025\/06\/cropped-Logo_Valmieras_sporta_skola_melns-1.png\",\"contentUrl\":\"https:\/\/izglitiba.valmierasnovads.lv\/valmierassportaskola\/wp-content\/uploads\/sites\/32\/2025\/06\/cropped-Logo_Valmieras_sporta_skola_melns-1.png\",\"width\":2354,\"height\":596,\"caption\":\"Valmieras Sporta skola\"},\"image\":{\"@id\":\"https:\/\/izglitiba.valmierasnovads.lv\/valmierassportaskola\/#\/schema\/logo\/image\/\"}},{\"@type\":\"Person\",\"@id\":\"https:\/\/izglitiba.valmierasnovads.lv\/valmierassportaskola\/#\/schema\/person\/4e13d7d7bc4bdf97ddcbe604aa40a49e\",\"name\":\"elizapaulaberzina\",\"image\":{\"@type\":\"ImageObject\",\"inLanguage\":\"lv-LV\",\"@id\":\"https:\/\/izglitiba.valmierasnovads.lv\/valmierassportaskola\/#\/schema\/person\/image\/\",\"url\":\"https:\/\/secure.gravatar.com\/avatar\/eee97abe3c677b8a6a728841cbeafc12cf7e82108e16507228a78617dfb0e663?s=96&d=mm&r=g\",\"contentUrl\":\"https:\/\/secure.gravatar.com\/avatar\/eee97abe3c677b8a6a728841cbeafc12cf7e82108e16507228a78617dfb0e663?s=96&d=mm&r=g\",\"caption\":\"elizapaulaberzina\"},\"url\":\"https:\/\/izglitiba.valmierasnovads.lv\/valmierassportaskola\/author\/elizapaulaberzina\/\"}]}<\/script>\n<!-- \/ Yoast SEO plugin. -->","yoast_head_json":{"title":"8 m\u016bsu audz\u0113k\u0146i start\u0113s Baltijas U20 \u010dempion\u0101t\u0101 vieglatl\u0113tik\u0101 - Valmieras Sporta skola","robots":{"index":"index","follow":"follow","max-snippet":"max-snippet:-1","max-image-preview":"max-image-preview:large","max-video-preview":"max-video-preview:-1"},"canonical":"https:\/\/izglitiba.valmierasnovads.lv\/valmierassportaskola\/8-musu-audzekni-startes-baltijas-u20-cempionata-vieglatletika\/","og_locale":"lv_LV","og_type":"article","og_title":"8 m\u016bsu audz\u0113k\u0146i start\u0113s Baltijas U20 \u010dempion\u0101t\u0101 vieglatl\u0113tik\u0101 - Valmieras Sporta skola","og_description":"P\u0113c veiksm\u012bgiem startiem aizvad\u012btaj\u0101 ned\u0113\u013cas nogal\u0113, jau \u0161o sestdien, 14. febru\u0101r\u012b lab\u0101kajiem Latvijas U20 vieglatl\u0113tiem ir j\u0101dodas uz Baltijas U20 [&hellip;]","og_url":"https:\/\/izglitiba.valmierasnovads.lv\/valmierassportaskola\/8-musu-audzekni-startes-baltijas-u20-cempionata-vieglatletika\/","og_site_name":"Valmieras Sporta skola","article_published_time":"2026-02-11T09:24:48+00:00","article_modified_time":"2026-02-17T12:50:56+00:00","og_image":[{"width":1600,"height":1067,"url":"https:\/\/izglitiba.valmierasnovads.lv\/valmierassportaskola\/wp-content\/uploads\/sites\/32\/2026\/02\/a67RJgzsHQYhSMhExYTe.jpg","type":"image\/jpeg"}],"author":"elizapaulaberzina","twitter_card":"summary_large_image","twitter_misc":{"Written by":"elizapaulaberzina","Est. reading time":"1 min\u016bte"},"schema":{"@context":"https:\/\/schema.org","@graph":[{"@type":"Article","@id":"https:\/\/izglitiba.valmierasnovads.lv\/valmierassportaskola\/8-musu-audzekni-startes-baltijas-u20-cempionata-vieglatletika\/#article","isPartOf":{"@id":"https:\/\/izglitiba.valmierasnovads.lv\/valmierassportaskola\/8-musu-audzekni-startes-baltijas-u20-cempionata-vieglatletika\/"},"author":{"name":"elizapaulaberzina","@id":"https:\/\/izglitiba.valmierasnovads.lv\/valmierassportaskola\/#\/schema\/person\/4e13d7d7bc4bdf97ddcbe604aa40a49e"},"headline":"8 m\u016bsu audz\u0113k\u0146i start\u0113s Baltijas U20 \u010dempion\u0101t\u0101 vieglatl\u0113tik\u0101","datePublished":"2026-02-11T09:24:48+00:00","dateModified":"2026-02-17T12:50:56+00:00","mainEntityOfPage":{"@id":"https:\/\/izglitiba.valmierasnovads.lv\/valmierassportaskola\/8-musu-audzekni-startes-baltijas-u20-cempionata-vieglatletika\/"},"wordCount":164,"publisher":{"@id":"https:\/\/izglitiba.valmierasnovads.lv\/valmierassportaskola\/#organization"},"image":{"@id":"https:\/\/izglitiba.valmierasnovads.lv\/valmierassportaskola\/8-musu-audzekni-startes-baltijas-u20-cempionata-vieglatletika\/#primaryimage"},"thumbnailUrl":"https:\/\/izglitiba.valmierasnovads.lv\/valmierassportaskola\/wp-content\/uploads\/sites\/32\/2026\/02\/a67RJgzsHQYhSMhExYTe.jpg","articleSection":["Vieglatl\u0113tika"],"inLanguage":"lv-LV"},{"@type":"WebPage","@id":"https:\/\/izglitiba.valmierasnovads.lv\/valmierassportaskola\/8-musu-audzekni-startes-baltijas-u20-cempionata-vieglatletika\/","url":"https:\/\/izglitiba.valmierasnovads.lv\/valmierassportaskola\/8-musu-audzekni-startes-baltijas-u20-cempionata-vieglatletika\/","name":"8 m\u016bsu audz\u0113k\u0146i start\u0113s Baltijas U20 \u010dempion\u0101t\u0101 vieglatl\u0113tik\u0101 - Valmieras Sporta skola","isPartOf":{"@id":"https:\/\/izglitiba.valmierasnovads.lv\/valmierassportaskola\/#website"},"primaryImageOfPage":{"@id":"https:\/\/izglitiba.valmierasnovads.lv\/valmierassportaskola\/8-musu-audzekni-startes-baltijas-u20-cempionata-vieglatletika\/#primaryimage"},"image":{"@id":"https:\/\/izglitiba.valmierasnovads.lv\/valmierassportaskola\/8-musu-audzekni-startes-baltijas-u20-cempionata-vieglatletika\/#primaryimage"},"thumbnailUrl":"https:\/\/izglitiba.valmierasnovads.lv\/valmierassportaskola\/wp-content\/uploads\/sites\/32\/2026\/02\/a67RJgzsHQYhSMhExYTe.jpg","datePublished":"2026-02-11T09:24:48+00:00","dateModified":"2026-02-17T12:50:56+00:00","breadcrumb":{"@id":"https:\/\/izglitiba.valmierasnovads.lv\/valmierassportaskola\/8-musu-audzekni-startes-baltijas-u20-cempionata-vieglatletika\/#breadcrumb"},"inLanguage":"lv-LV","potentialAction":[{"@type":"ReadAction","target":["https:\/\/izglitiba.valmierasnovads.lv\/valmierassportaskola\/8-musu-audzekni-startes-baltijas-u20-cempionata-vieglatletika\/"]}]},{"@type":"ImageObject","inLanguage":"lv-LV","@id":"https:\/\/izglitiba.valmierasnovads.lv\/valmierassportaskola\/8-musu-audzekni-startes-baltijas-u20-cempionata-vieglatletika\/#primaryimage","url":"https:\/\/izglitiba.valmierasnovads.lv\/valmierassportaskola\/wp-content\/uploads\/sites\/32\/2026\/02\/a67RJgzsHQYhSMhExYTe.jpg","contentUrl":"https:\/\/izglitiba.valmierasnovads.lv\/valmierassportaskola\/wp-content\/uploads\/sites\/32\/2026\/02\/a67RJgzsHQYhSMhExYTe.jpg","width":1600,"height":1067},{"@type":"BreadcrumbList","@id":"https:\/\/izglitiba.valmierasnovads.lv\/valmierassportaskola\/8-musu-audzekni-startes-baltijas-u20-cempionata-vieglatletika\/#breadcrumb","itemListElement":[{"@type":"ListItem","position":1,"name":"Home","item":"https:\/\/izglitiba.valmierasnovads.lv\/valmierassportaskola\/"},{"@type":"ListItem","position":2,"name":"8 m\u016bsu audz\u0113k\u0146i start\u0113s Baltijas U20 \u010dempion\u0101t\u0101 vieglatl\u0113tik\u0101"}]},{"@type":"WebSite","@id":"https:\/\/izglitiba.valmierasnovads.lv\/valmierassportaskola\/#website","url":"https:\/\/izglitiba.valmierasnovads.lv\/valmierassportaskola\/","name":"Valmieras Sporta skola","description":"","publisher":{"@id":"https:\/\/izglitiba.valmierasnovads.lv\/valmierassportaskola\/#organization"},"potentialAction":[{"@type":"SearchAction","target":{"@type":"EntryPoint","urlTemplate":"https:\/\/izglitiba.valmierasnovads.lv\/valmierassportaskola\/?s={search_term_string}"},"query-input":{"@type":"PropertyValueSpecification","valueRequired":true,"valueName":"search_term_string"}}],"inLanguage":"lv-LV"},{"@type":"Organization","@id":"https:\/\/izglitiba.valmierasnovads.lv\/valmierassportaskola\/#organization","name":"Valmieras Sporta skola","url":"https:\/\/izglitiba.valmierasnovads.lv\/valmierassportaskola\/","logo":{"@type":"ImageObject","inLanguage":"lv-LV","@id":"https:\/\/izglitiba.valmierasnovads.lv\/valmierassportaskola\/#\/schema\/logo\/image\/","url":"https:\/\/izglitiba.valmierasnovads.lv\/valmierassportaskola\/wp-content\/uploads\/sites\/32\/2025\/06\/cropped-Logo_Valmieras_sporta_skola_melns-1.png","contentUrl":"https:\/\/izglitiba.valmierasnovads.lv\/valmierassportaskola\/wp-content\/uploads\/sites\/32\/2025\/06\/cropped-Logo_Valmieras_sporta_skola_melns-1.png","width":2354,"height":596,"caption":"Valmieras Sporta skola"},"image":{"@id":"https:\/\/izglitiba.valmierasnovads.lv\/valmierassportaskola\/#\/schema\/logo\/image\/"}},{"@type":"Person","@id":"https:\/\/izglitiba.valmierasnovads.lv\/valmierassportaskola\/#\/schema\/person\/4e13d7d7bc4bdf97ddcbe604aa40a49e","name":"elizapaulaberzina","image":{"@type":"ImageObject","inLanguage":"lv-LV","@id":"https:\/\/izglitiba.valmierasnovads.lv\/valmierassportaskola\/#\/schema\/person\/image\/","url":"https:\/\/secure.gravatar.com\/avatar\/eee97abe3c677b8a6a728841cbeafc12cf7e82108e16507228a78617dfb0e663?s=96&d=mm&r=g","contentUrl":"https:\/\/secure.gravatar.com\/avatar\/eee97abe3c677b8a6a728841cbeafc12cf7e82108e16507228a78617dfb0e663?s=96&d=mm&r=g","caption":"elizapaulaberzina"},"url":"https:\/\/izglitiba.valmierasnovads.lv\/valmierassportaskola\/author\/elizapaulaberzina\/"}]}},"_links":{"self":[{"href":"https:\/\/izglitiba.valmierasnovads.lv\/valmierassportaskola\/wp-json\/wp\/v2\/posts\/1550","targetHints":{"allow":["GET"]}}],"collection":[{"href":"https:\/\/izglitiba.valmierasnovads.lv\/valmierassportaskola\/wp-json\/wp\/v2\/posts"}],"about":[{"href":"https:\/\/izglitiba.valmierasnovads.lv\/valmierassportaskola\/wp-json\/wp\/v2\/types\/post"}],"author":[{"embeddable":true,"href":"https:\/\/izglitiba.valmierasnovads.lv\/valmierassportaskola\/wp-json\/wp\/v2\/users\/35"}],"replies":[{"embeddable":true,"href":"https:\/\/izglitiba.valmierasnovads.lv\/valmierassportaskola\/wp-json\/wp\/v2\/comments?post=1550"}],"version-history":[{"count":1,"href":"https:\/\/izglitiba.valmierasnovads.lv\/valmierassportaskola\/wp-json\/wp\/v2\/posts\/1550\/revisions"}],"predecessor-version":[{"id":1552,"href":"https:\/\/izglitiba.valmierasnovads.lv\/valmierassportaskola\/wp-json\/wp\/v2\/posts\/1550\/revisions\/1552"}],"wp:featuredmedia":[{"embeddable":true,"href":"https:\/\/izglitiba.valmierasnovads.lv\/valmierassportaskola\/wp-json\/wp\/v2\/media\/1551"}],"wp:attachment":[{"href":"https:\/\/izglitiba.valmierasnovads.lv\/valmierassportaskola\/wp-json\/wp\/v2\/media?parent=1550"}],"wp:term":[{"taxonomy":"category","embeddable":true,"href":"https:\/\/izglitiba.valmierasnovads.lv\/valmierassportaskola\/wp-json\/wp\/v2\/categories?post=1550"},{"taxonomy":"post_tag","embeddable":true,"href":"https:\/\/izglitiba.valmierasnovads.lv\/valmierassportaskola\/wp-json\/wp\/v2\/tags?post=1550"}],"curies":[{"name":"wp","href":"https:\/\/api.w.org\/{rel}","templated":true}]}}