{"id":1563,"date":"2026-02-16T09:39:31","date_gmt":"2026-02-16T07:39:31","guid":{"rendered":"https:\/\/izglitiba.valmierasnovads.lv\/valmierassportaskola\/?p=1563"},"modified":"2026-02-16T09:39:31","modified_gmt":"2026-02-16T07:39:31","slug":"delegacija-baltijas-u18-cempionata-vieglatletika-telpas-ieklauti-5-musejie","status":"publish","type":"post","link":"https:\/\/izglitiba.valmierasnovads.lv\/valmierassportaskola\/delegacija-baltijas-u18-cempionata-vieglatletika-telpas-ieklauti-5-musejie\/","title":{"rendered":"Deleg\u0101cij\u0101 Baltijas U18 \u010dempion\u0101t\u0101 vieglatl\u0113tik\u0101 telp\u0101s iek\u013cauti 5 m\u016bs\u0113jie"},"content":{"rendered":"\n<p>Jau n\u0101kam\u0101s ned\u0113\u013cas nogales sestdien\u0101 &#8211; 21. febru\u0101r\u012b Valmier\u0101, J\u0101\u0146a Dali\u0146a stadion\u0101 norisin\u0101sies Baltijas U18 \u010dempion\u0101ts vieglatl\u0113tik\u0101 telp\u0101s. P\u0113c startiem Latvijas \u010dempion\u0101t\u0101, Latvijas izlas\u0113 iek\u013cauti ar\u012b 3 m\u016bsu audz\u0113k\u0146i un 2 treneri.<\/p>\n\n\n\n<p>Lelde Gredzena &#8211; 3000m<\/p>\n\n\n\n<p>Kaspars Balodis &#8211; 200m<\/p>\n\n\n\n<p>Robijs \u0160mits &#8211; 60m\/b, k\u0101rtsl\u0113k\u0161ana<\/p>\n\n\n\n<p>Inga Dzene &#8211; trenere<\/p>\n\n\n\n<p>Alvis \u010c\u0101kurs &#8211; treneris<\/p>\n\n\n\n<p>\u0160\u012b b\u016bs lieliska iesp\u0113ja kl\u0101tien\u0113 v\u0113rot Baltijas m\u0113roga sacens\u012bbas ar lab\u0101kajiem vieglatl\u0113tiem U18 vecuma grup\u0101. Esi kl\u0101teso\u0161s un j\u016bti l\u012bdzi, lai m\u016bsu sportistiem ne tikai m\u0101jas sienas, bet ar\u012b sav\u0113jo atbalsts pal\u012bdz sasniegt lab\u0101kos rezult\u0101tus.<\/p>\n\n\n\n<p>Foto Guntis B\u0113rzi\u0146\u0161<\/p>\n","protected":false},"excerpt":{"rendered":"<p>Jau n\u0101kam\u0101s ned\u0113\u013cas nogales sestdien\u0101 &#8211; 21. febru\u0101r\u012b Valmier\u0101, J\u0101\u0146a Dali\u0146a stadion\u0101 norisin\u0101sies Baltijas U18 \u010dempion\u0101ts vieglatl\u0113tik\u0101 telp\u0101s. P\u0113c startiem [&hellip;]<\/p>\n","protected":false},"author":35,"featured_media":1564,"comment_status":"closed","ping_status":"closed","sticky":false,"template":"","format":"standard","meta":{"_acf_changed":false,"site-sidebar-layout":"default","site-content-layout":"","ast-site-content-layout":"default","site-content-style":"default","site-sidebar-style":"default","ast-global-header-display":"","ast-banner-title-visibility":"","ast-main-header-display":"","ast-hfb-above-header-display":"","ast-hfb-below-header-display":"","ast-hfb-mobile-header-display":"","site-post-title":"","ast-breadcrumbs-content":"","ast-featured-img":"","footer-sml-layout":"","ast-disable-related-posts":"","theme-transparent-header-meta":"","adv-header-id-meta":"","stick-header-meta":"","header-above-stick-meta":"","header-main-stick-meta":"","header-below-stick-meta":"","astra-migrate-meta-layouts":"default","ast-page-background-enabled":"default","ast-page-background-meta":{"desktop":{"background-color":"var(--ast-global-color-5)","background-image":"","background-repeat":"repeat","background-position":"center center","background-size":"auto","background-attachment":"scroll","background-type":"","background-media":"","overlay-type":"","overlay-color":"","overlay-opacity":"","overlay-gradient":""},"tablet":{"background-color":"","background-image":"","background-repeat":"repeat","background-position":"center center","background-size":"auto","background-attachment":"scroll","background-type":"","background-media":"","overlay-type":"","overlay-color":"","overlay-opacity":"","overlay-gradient":""},"mobile":{"background-color":"","background-image":"","background-repeat":"repeat","background-position":"center center","background-size":"auto","background-attachment":"scroll","background-type":"","background-media":"","overlay-type":"","overlay-color":"","overlay-opacity":"","overlay-gradient":""}},"ast-content-background-meta":{"desktop":{"background-color":"var(--ast-global-color-4)","background-image":"","background-repeat":"repeat","background-position":"center center","background-size":"auto","background-attachment":"scroll","background-type":"","background-media":"","overlay-type":"","overlay-color":"","overlay-opacity":"","overlay-gradient":""},"tablet":{"background-color":"var(--ast-global-color-4)","background-image":"","background-repeat":"repeat","background-position":"center center","background-size":"auto","background-attachment":"scroll","background-type":"","background-media":"","overlay-type":"","overlay-color":"","overlay-opacity":"","overlay-gradient":""},"mobile":{"background-color":"var(--ast-global-color-4)","background-image":"","background-repeat":"repeat","background-position":"center center","background-size":"auto","background-attachment":"scroll","background-type":"","background-media":"","overlay-type":"","overlay-color":"","overlay-opacity":"","overlay-gradient":""}},"footnotes":""},"categories":[15],"tags":[],"class_list":["post-1563","post","type-post","status-publish","format-standard","has-post-thumbnail","hentry","category-vieglatletika"],"acf":[],"yoast_head":"<!-- This site is optimized with the Yoast SEO plugin v27.0 - https:\/\/yoast.com\/product\/yoast-seo-wordpress\/ -->\n<title>Deleg\u0101cij\u0101 Baltijas U18 \u010dempion\u0101t\u0101 vieglatl\u0113tik\u0101 telp\u0101s iek\u013cauti 5 m\u016bs\u0113jie - Valmieras Sporta skola<\/title>\n<meta name=\"robots\" content=\"index, follow, max-snippet:-1, max-image-preview:large, max-video-preview:-1\" \/>\n<link rel=\"canonical\" href=\"https:\/\/izglitiba.valmierasnovads.lv\/valmierassportaskola\/delegacija-baltijas-u18-cempionata-vieglatletika-telpas-ieklauti-5-musejie\/\" \/>\n<meta property=\"og:locale\" content=\"lv_LV\" \/>\n<meta property=\"og:type\" content=\"article\" \/>\n<meta property=\"og:title\" content=\"Deleg\u0101cij\u0101 Baltijas U18 \u010dempion\u0101t\u0101 vieglatl\u0113tik\u0101 telp\u0101s iek\u013cauti 5 m\u016bs\u0113jie - Valmieras Sporta skola\" \/>\n<meta property=\"og:description\" content=\"Jau n\u0101kam\u0101s ned\u0113\u013cas nogales sestdien\u0101 &#8211; 21. febru\u0101r\u012b Valmier\u0101, J\u0101\u0146a Dali\u0146a stadion\u0101 norisin\u0101sies Baltijas U18 \u010dempion\u0101ts vieglatl\u0113tik\u0101 telp\u0101s. P\u0113c startiem [&hellip;]\" \/>\n<meta property=\"og:url\" content=\"https:\/\/izglitiba.valmierasnovads.lv\/valmierassportaskola\/delegacija-baltijas-u18-cempionata-vieglatletika-telpas-ieklauti-5-musejie\/\" \/>\n<meta property=\"og:site_name\" content=\"Valmieras Sporta skola\" \/>\n<meta property=\"article:published_time\" content=\"2026-02-16T07:39:31+00:00\" \/>\n<meta property=\"og:image\" content=\"https:\/\/izglitiba.valmierasnovads.lv\/valmierassportaskola\/wp-content\/uploads\/sites\/32\/2026\/02\/633801751_1376133450980425_4780601565688540546_n.jpg\" \/>\n\t<meta property=\"og:image:width\" content=\"1600\" \/>\n\t<meta property=\"og:image:height\" content=\"1067\" \/>\n\t<meta property=\"og:image:type\" content=\"image\/jpeg\" \/>\n<meta name=\"author\" content=\"elizapaulaberzina\" \/>\n<meta name=\"twitter:card\" content=\"summary_large_image\" \/>\n<meta name=\"twitter:label1\" content=\"Written by\" \/>\n\t<meta name=\"twitter:data1\" content=\"elizapaulaberzina\" \/>\n\t<meta name=\"twitter:label2\" content=\"Est. reading time\" \/>\n\t<meta name=\"twitter:data2\" content=\"1 min\u016bte\" \/>\n<script type=\"application\/ld+json\" class=\"yoast-schema-graph\">{\"@context\":\"https:\/\/schema.org\",\"@graph\":[{\"@type\":\"Article\",\"@id\":\"https:\/\/izglitiba.valmierasnovads.lv\/valmierassportaskola\/delegacija-baltijas-u18-cempionata-vieglatletika-telpas-ieklauti-5-musejie\/#article\",\"isPartOf\":{\"@id\":\"https:\/\/izglitiba.valmierasnovads.lv\/valmierassportaskola\/delegacija-baltijas-u18-cempionata-vieglatletika-telpas-ieklauti-5-musejie\/\"},\"author\":{\"name\":\"elizapaulaberzina\",\"@id\":\"https:\/\/izglitiba.valmierasnovads.lv\/valmierassportaskola\/#\/schema\/person\/4e13d7d7bc4bdf97ddcbe604aa40a49e\"},\"headline\":\"Deleg\u0101cij\u0101 Baltijas U18 \u010dempion\u0101t\u0101 vieglatl\u0113tik\u0101 telp\u0101s iek\u013cauti 5 m\u016bs\u0113jie\",\"datePublished\":\"2026-02-16T07:39:31+00:00\",\"mainEntityOfPage\":{\"@id\":\"https:\/\/izglitiba.valmierasnovads.lv\/valmierassportaskola\/delegacija-baltijas-u18-cempionata-vieglatletika-telpas-ieklauti-5-musejie\/\"},\"wordCount\":141,\"publisher\":{\"@id\":\"https:\/\/izglitiba.valmierasnovads.lv\/valmierassportaskola\/#organization\"},\"image\":{\"@id\":\"https:\/\/izglitiba.valmierasnovads.lv\/valmierassportaskola\/delegacija-baltijas-u18-cempionata-vieglatletika-telpas-ieklauti-5-musejie\/#primaryimage\"},\"thumbnailUrl\":\"https:\/\/izglitiba.valmierasnovads.lv\/valmierassportaskola\/wp-content\/uploads\/sites\/32\/2026\/02\/633801751_1376133450980425_4780601565688540546_n.jpg\",\"articleSection\":[\"Vieglatl\u0113tika\"],\"inLanguage\":\"lv-LV\"},{\"@type\":\"WebPage\",\"@id\":\"https:\/\/izglitiba.valmierasnovads.lv\/valmierassportaskola\/delegacija-baltijas-u18-cempionata-vieglatletika-telpas-ieklauti-5-musejie\/\",\"url\":\"https:\/\/izglitiba.valmierasnovads.lv\/valmierassportaskola\/delegacija-baltijas-u18-cempionata-vieglatletika-telpas-ieklauti-5-musejie\/\",\"name\":\"Deleg\u0101cij\u0101 Baltijas U18 \u010dempion\u0101t\u0101 vieglatl\u0113tik\u0101 telp\u0101s iek\u013cauti 5 m\u016bs\u0113jie - Valmieras Sporta skola\",\"isPartOf\":{\"@id\":\"https:\/\/izglitiba.valmierasnovads.lv\/valmierassportaskola\/#website\"},\"primaryImageOfPage\":{\"@id\":\"https:\/\/izglitiba.valmierasnovads.lv\/valmierassportaskola\/delegacija-baltijas-u18-cempionata-vieglatletika-telpas-ieklauti-5-musejie\/#primaryimage\"},\"image\":{\"@id\":\"https:\/\/izglitiba.valmierasnovads.lv\/valmierassportaskola\/delegacija-baltijas-u18-cempionata-vieglatletika-telpas-ieklauti-5-musejie\/#primaryimage\"},\"thumbnailUrl\":\"https:\/\/izglitiba.valmierasnovads.lv\/valmierassportaskola\/wp-content\/uploads\/sites\/32\/2026\/02\/633801751_1376133450980425_4780601565688540546_n.jpg\",\"datePublished\":\"2026-02-16T07:39:31+00:00\",\"breadcrumb\":{\"@id\":\"https:\/\/izglitiba.valmierasnovads.lv\/valmierassportaskola\/delegacija-baltijas-u18-cempionata-vieglatletika-telpas-ieklauti-5-musejie\/#breadcrumb\"},\"inLanguage\":\"lv-LV\",\"potentialAction\":[{\"@type\":\"ReadAction\",\"target\":[\"https:\/\/izglitiba.valmierasnovads.lv\/valmierassportaskola\/delegacija-baltijas-u18-cempionata-vieglatletika-telpas-ieklauti-5-musejie\/\"]}]},{\"@type\":\"ImageObject\",\"inLanguage\":\"lv-LV\",\"@id\":\"https:\/\/izglitiba.valmierasnovads.lv\/valmierassportaskola\/delegacija-baltijas-u18-cempionata-vieglatletika-telpas-ieklauti-5-musejie\/#primaryimage\",\"url\":\"https:\/\/izglitiba.valmierasnovads.lv\/valmierassportaskola\/wp-content\/uploads\/sites\/32\/2026\/02\/633801751_1376133450980425_4780601565688540546_n.jpg\",\"contentUrl\":\"https:\/\/izglitiba.valmierasnovads.lv\/valmierassportaskola\/wp-content\/uploads\/sites\/32\/2026\/02\/633801751_1376133450980425_4780601565688540546_n.jpg\",\"width\":1600,\"height\":1067},{\"@type\":\"BreadcrumbList\",\"@id\":\"https:\/\/izglitiba.valmierasnovads.lv\/valmierassportaskola\/delegacija-baltijas-u18-cempionata-vieglatletika-telpas-ieklauti-5-musejie\/#breadcrumb\",\"itemListElement\":[{\"@type\":\"ListItem\",\"position\":1,\"name\":\"Home\",\"item\":\"https:\/\/izglitiba.valmierasnovads.lv\/valmierassportaskola\/\"},{\"@type\":\"ListItem\",\"position\":2,\"name\":\"Deleg\u0101cij\u0101 Baltijas U18 \u010dempion\u0101t\u0101 vieglatl\u0113tik\u0101 telp\u0101s iek\u013cauti 5 m\u016bs\u0113jie\"}]},{\"@type\":\"WebSite\",\"@id\":\"https:\/\/izglitiba.valmierasnovads.lv\/valmierassportaskola\/#website\",\"url\":\"https:\/\/izglitiba.valmierasnovads.lv\/valmierassportaskola\/\",\"name\":\"Valmieras Sporta skola\",\"description\":\"\",\"publisher\":{\"@id\":\"https:\/\/izglitiba.valmierasnovads.lv\/valmierassportaskola\/#organization\"},\"potentialAction\":[{\"@type\":\"SearchAction\",\"target\":{\"@type\":\"EntryPoint\",\"urlTemplate\":\"https:\/\/izglitiba.valmierasnovads.lv\/valmierassportaskola\/?s={search_term_string}\"},\"query-input\":{\"@type\":\"PropertyValueSpecification\",\"valueRequired\":true,\"valueName\":\"search_term_string\"}}],\"inLanguage\":\"lv-LV\"},{\"@type\":\"Organization\",\"@id\":\"https:\/\/izglitiba.valmierasnovads.lv\/valmierassportaskola\/#organization\",\"name\":\"Valmieras Sporta skola\",\"url\":\"https:\/\/izglitiba.valmierasnovads.lv\/valmierassportaskola\/\",\"logo\":{\"@type\":\"ImageObject\",\"inLanguage\":\"lv-LV\",\"@id\":\"https:\/\/izglitiba.valmierasnovads.lv\/valmierassportaskola\/#\/schema\/logo\/image\/\",\"url\":\"https:\/\/izglitiba.valmierasnovads.lv\/valmierassportaskola\/wp-content\/uploads\/sites\/32\/2025\/06\/cropped-Logo_Valmieras_sporta_skola_melns-1.png\",\"contentUrl\":\"https:\/\/izglitiba.valmierasnovads.lv\/valmierassportaskola\/wp-content\/uploads\/sites\/32\/2025\/06\/cropped-Logo_Valmieras_sporta_skola_melns-1.png\",\"width\":2354,\"height\":596,\"caption\":\"Valmieras Sporta skola\"},\"image\":{\"@id\":\"https:\/\/izglitiba.valmierasnovads.lv\/valmierassportaskola\/#\/schema\/logo\/image\/\"}},{\"@type\":\"Person\",\"@id\":\"https:\/\/izglitiba.valmierasnovads.lv\/valmierassportaskola\/#\/schema\/person\/4e13d7d7bc4bdf97ddcbe604aa40a49e\",\"name\":\"elizapaulaberzina\",\"image\":{\"@type\":\"ImageObject\",\"inLanguage\":\"lv-LV\",\"@id\":\"https:\/\/izglitiba.valmierasnovads.lv\/valmierassportaskola\/#\/schema\/person\/image\/\",\"url\":\"https:\/\/secure.gravatar.com\/avatar\/eee97abe3c677b8a6a728841cbeafc12cf7e82108e16507228a78617dfb0e663?s=96&d=mm&r=g\",\"contentUrl\":\"https:\/\/secure.gravatar.com\/avatar\/eee97abe3c677b8a6a728841cbeafc12cf7e82108e16507228a78617dfb0e663?s=96&d=mm&r=g\",\"caption\":\"elizapaulaberzina\"},\"url\":\"https:\/\/izglitiba.valmierasnovads.lv\/valmierassportaskola\/author\/elizapaulaberzina\/\"}]}<\/script>\n<!-- \/ Yoast SEO plugin. -->","yoast_head_json":{"title":"Deleg\u0101cij\u0101 Baltijas U18 \u010dempion\u0101t\u0101 vieglatl\u0113tik\u0101 telp\u0101s iek\u013cauti 5 m\u016bs\u0113jie - Valmieras Sporta skola","robots":{"index":"index","follow":"follow","max-snippet":"max-snippet:-1","max-image-preview":"max-image-preview:large","max-video-preview":"max-video-preview:-1"},"canonical":"https:\/\/izglitiba.valmierasnovads.lv\/valmierassportaskola\/delegacija-baltijas-u18-cempionata-vieglatletika-telpas-ieklauti-5-musejie\/","og_locale":"lv_LV","og_type":"article","og_title":"Deleg\u0101cij\u0101 Baltijas U18 \u010dempion\u0101t\u0101 vieglatl\u0113tik\u0101 telp\u0101s iek\u013cauti 5 m\u016bs\u0113jie - Valmieras Sporta skola","og_description":"Jau n\u0101kam\u0101s ned\u0113\u013cas nogales sestdien\u0101 &#8211; 21. febru\u0101r\u012b Valmier\u0101, J\u0101\u0146a Dali\u0146a stadion\u0101 norisin\u0101sies Baltijas U18 \u010dempion\u0101ts vieglatl\u0113tik\u0101 telp\u0101s. P\u0113c startiem [&hellip;]","og_url":"https:\/\/izglitiba.valmierasnovads.lv\/valmierassportaskola\/delegacija-baltijas-u18-cempionata-vieglatletika-telpas-ieklauti-5-musejie\/","og_site_name":"Valmieras Sporta skola","article_published_time":"2026-02-16T07:39:31+00:00","og_image":[{"width":1600,"height":1067,"url":"https:\/\/izglitiba.valmierasnovads.lv\/valmierassportaskola\/wp-content\/uploads\/sites\/32\/2026\/02\/633801751_1376133450980425_4780601565688540546_n.jpg","type":"image\/jpeg"}],"author":"elizapaulaberzina","twitter_card":"summary_large_image","twitter_misc":{"Written by":"elizapaulaberzina","Est. reading time":"1 min\u016bte"},"schema":{"@context":"https:\/\/schema.org","@graph":[{"@type":"Article","@id":"https:\/\/izglitiba.valmierasnovads.lv\/valmierassportaskola\/delegacija-baltijas-u18-cempionata-vieglatletika-telpas-ieklauti-5-musejie\/#article","isPartOf":{"@id":"https:\/\/izglitiba.valmierasnovads.lv\/valmierassportaskola\/delegacija-baltijas-u18-cempionata-vieglatletika-telpas-ieklauti-5-musejie\/"},"author":{"name":"elizapaulaberzina","@id":"https:\/\/izglitiba.valmierasnovads.lv\/valmierassportaskola\/#\/schema\/person\/4e13d7d7bc4bdf97ddcbe604aa40a49e"},"headline":"Deleg\u0101cij\u0101 Baltijas U18 \u010dempion\u0101t\u0101 vieglatl\u0113tik\u0101 telp\u0101s iek\u013cauti 5 m\u016bs\u0113jie","datePublished":"2026-02-16T07:39:31+00:00","mainEntityOfPage":{"@id":"https:\/\/izglitiba.valmierasnovads.lv\/valmierassportaskola\/delegacija-baltijas-u18-cempionata-vieglatletika-telpas-ieklauti-5-musejie\/"},"wordCount":141,"publisher":{"@id":"https:\/\/izglitiba.valmierasnovads.lv\/valmierassportaskola\/#organization"},"image":{"@id":"https:\/\/izglitiba.valmierasnovads.lv\/valmierassportaskola\/delegacija-baltijas-u18-cempionata-vieglatletika-telpas-ieklauti-5-musejie\/#primaryimage"},"thumbnailUrl":"https:\/\/izglitiba.valmierasnovads.lv\/valmierassportaskola\/wp-content\/uploads\/sites\/32\/2026\/02\/633801751_1376133450980425_4780601565688540546_n.jpg","articleSection":["Vieglatl\u0113tika"],"inLanguage":"lv-LV"},{"@type":"WebPage","@id":"https:\/\/izglitiba.valmierasnovads.lv\/valmierassportaskola\/delegacija-baltijas-u18-cempionata-vieglatletika-telpas-ieklauti-5-musejie\/","url":"https:\/\/izglitiba.valmierasnovads.lv\/valmierassportaskola\/delegacija-baltijas-u18-cempionata-vieglatletika-telpas-ieklauti-5-musejie\/","name":"Deleg\u0101cij\u0101 Baltijas U18 \u010dempion\u0101t\u0101 vieglatl\u0113tik\u0101 telp\u0101s iek\u013cauti 5 m\u016bs\u0113jie - Valmieras Sporta skola","isPartOf":{"@id":"https:\/\/izglitiba.valmierasnovads.lv\/valmierassportaskola\/#website"},"primaryImageOfPage":{"@id":"https:\/\/izglitiba.valmierasnovads.lv\/valmierassportaskola\/delegacija-baltijas-u18-cempionata-vieglatletika-telpas-ieklauti-5-musejie\/#primaryimage"},"image":{"@id":"https:\/\/izglitiba.valmierasnovads.lv\/valmierassportaskola\/delegacija-baltijas-u18-cempionata-vieglatletika-telpas-ieklauti-5-musejie\/#primaryimage"},"thumbnailUrl":"https:\/\/izglitiba.valmierasnovads.lv\/valmierassportaskola\/wp-content\/uploads\/sites\/32\/2026\/02\/633801751_1376133450980425_4780601565688540546_n.jpg","datePublished":"2026-02-16T07:39:31+00:00","breadcrumb":{"@id":"https:\/\/izglitiba.valmierasnovads.lv\/valmierassportaskola\/delegacija-baltijas-u18-cempionata-vieglatletika-telpas-ieklauti-5-musejie\/#breadcrumb"},"inLanguage":"lv-LV","potentialAction":[{"@type":"ReadAction","target":["https:\/\/izglitiba.valmierasnovads.lv\/valmierassportaskola\/delegacija-baltijas-u18-cempionata-vieglatletika-telpas-ieklauti-5-musejie\/"]}]},{"@type":"ImageObject","inLanguage":"lv-LV","@id":"https:\/\/izglitiba.valmierasnovads.lv\/valmierassportaskola\/delegacija-baltijas-u18-cempionata-vieglatletika-telpas-ieklauti-5-musejie\/#primaryimage","url":"https:\/\/izglitiba.valmierasnovads.lv\/valmierassportaskola\/wp-content\/uploads\/sites\/32\/2026\/02\/633801751_1376133450980425_4780601565688540546_n.jpg","contentUrl":"https:\/\/izglitiba.valmierasnovads.lv\/valmierassportaskola\/wp-content\/uploads\/sites\/32\/2026\/02\/633801751_1376133450980425_4780601565688540546_n.jpg","width":1600,"height":1067},{"@type":"BreadcrumbList","@id":"https:\/\/izglitiba.valmierasnovads.lv\/valmierassportaskola\/delegacija-baltijas-u18-cempionata-vieglatletika-telpas-ieklauti-5-musejie\/#breadcrumb","itemListElement":[{"@type":"ListItem","position":1,"name":"Home","item":"https:\/\/izglitiba.valmierasnovads.lv\/valmierassportaskola\/"},{"@type":"ListItem","position":2,"name":"Deleg\u0101cij\u0101 Baltijas U18 \u010dempion\u0101t\u0101 vieglatl\u0113tik\u0101 telp\u0101s iek\u013cauti 5 m\u016bs\u0113jie"}]},{"@type":"WebSite","@id":"https:\/\/izglitiba.valmierasnovads.lv\/valmierassportaskola\/#website","url":"https:\/\/izglitiba.valmierasnovads.lv\/valmierassportaskola\/","name":"Valmieras Sporta skola","description":"","publisher":{"@id":"https:\/\/izglitiba.valmierasnovads.lv\/valmierassportaskola\/#organization"},"potentialAction":[{"@type":"SearchAction","target":{"@type":"EntryPoint","urlTemplate":"https:\/\/izglitiba.valmierasnovads.lv\/valmierassportaskola\/?s={search_term_string}"},"query-input":{"@type":"PropertyValueSpecification","valueRequired":true,"valueName":"search_term_string"}}],"inLanguage":"lv-LV"},{"@type":"Organization","@id":"https:\/\/izglitiba.valmierasnovads.lv\/valmierassportaskola\/#organization","name":"Valmieras Sporta skola","url":"https:\/\/izglitiba.valmierasnovads.lv\/valmierassportaskola\/","logo":{"@type":"ImageObject","inLanguage":"lv-LV","@id":"https:\/\/izglitiba.valmierasnovads.lv\/valmierassportaskola\/#\/schema\/logo\/image\/","url":"https:\/\/izglitiba.valmierasnovads.lv\/valmierassportaskola\/wp-content\/uploads\/sites\/32\/2025\/06\/cropped-Logo_Valmieras_sporta_skola_melns-1.png","contentUrl":"https:\/\/izglitiba.valmierasnovads.lv\/valmierassportaskola\/wp-content\/uploads\/sites\/32\/2025\/06\/cropped-Logo_Valmieras_sporta_skola_melns-1.png","width":2354,"height":596,"caption":"Valmieras Sporta skola"},"image":{"@id":"https:\/\/izglitiba.valmierasnovads.lv\/valmierassportaskola\/#\/schema\/logo\/image\/"}},{"@type":"Person","@id":"https:\/\/izglitiba.valmierasnovads.lv\/valmierassportaskola\/#\/schema\/person\/4e13d7d7bc4bdf97ddcbe604aa40a49e","name":"elizapaulaberzina","image":{"@type":"ImageObject","inLanguage":"lv-LV","@id":"https:\/\/izglitiba.valmierasnovads.lv\/valmierassportaskola\/#\/schema\/person\/image\/","url":"https:\/\/secure.gravatar.com\/avatar\/eee97abe3c677b8a6a728841cbeafc12cf7e82108e16507228a78617dfb0e663?s=96&d=mm&r=g","contentUrl":"https:\/\/secure.gravatar.com\/avatar\/eee97abe3c677b8a6a728841cbeafc12cf7e82108e16507228a78617dfb0e663?s=96&d=mm&r=g","caption":"elizapaulaberzina"},"url":"https:\/\/izglitiba.valmierasnovads.lv\/valmierassportaskola\/author\/elizapaulaberzina\/"}]}},"_links":{"self":[{"href":"https:\/\/izglitiba.valmierasnovads.lv\/valmierassportaskola\/wp-json\/wp\/v2\/posts\/1563","targetHints":{"allow":["GET"]}}],"collection":[{"href":"https:\/\/izglitiba.valmierasnovads.lv\/valmierassportaskola\/wp-json\/wp\/v2\/posts"}],"about":[{"href":"https:\/\/izglitiba.valmierasnovads.lv\/valmierassportaskola\/wp-json\/wp\/v2\/types\/post"}],"author":[{"embeddable":true,"href":"https:\/\/izglitiba.valmierasnovads.lv\/valmierassportaskola\/wp-json\/wp\/v2\/users\/35"}],"replies":[{"embeddable":true,"href":"https:\/\/izglitiba.valmierasnovads.lv\/valmierassportaskola\/wp-json\/wp\/v2\/comments?post=1563"}],"version-history":[{"count":1,"href":"https:\/\/izglitiba.valmierasnovads.lv\/valmierassportaskola\/wp-json\/wp\/v2\/posts\/1563\/revisions"}],"predecessor-version":[{"id":1565,"href":"https:\/\/izglitiba.valmierasnovads.lv\/valmierassportaskola\/wp-json\/wp\/v2\/posts\/1563\/revisions\/1565"}],"wp:featuredmedia":[{"embeddable":true,"href":"https:\/\/izglitiba.valmierasnovads.lv\/valmierassportaskola\/wp-json\/wp\/v2\/media\/1564"}],"wp:attachment":[{"href":"https:\/\/izglitiba.valmierasnovads.lv\/valmierassportaskola\/wp-json\/wp\/v2\/media?parent=1563"}],"wp:term":[{"taxonomy":"category","embeddable":true,"href":"https:\/\/izglitiba.valmierasnovads.lv\/valmierassportaskola\/wp-json\/wp\/v2\/categories?post=1563"},{"taxonomy":"post_tag","embeddable":true,"href":"https:\/\/izglitiba.valmierasnovads.lv\/valmierassportaskola\/wp-json\/wp\/v2\/tags?post=1563"}],"curies":[{"name":"wp","href":"https:\/\/api.w.org\/{rel}","templated":true}]}}