{"id":1569,"date":"2026-02-16T14:36:21","date_gmt":"2026-02-16T12:36:21","guid":{"rendered":"https:\/\/izglitiba.valmierasnovads.lv\/valmierassportaskola\/?p=1569"},"modified":"2026-02-16T14:40:38","modified_gmt":"2026-02-16T12:40:38","slug":"vieglatletu-starti-u14-un-u16-vecuma-grupas","status":"publish","type":"post","link":"https:\/\/izglitiba.valmierasnovads.lv\/valmierassportaskola\/vieglatletu-starti-u14-un-u16-vecuma-grupas\/","title":{"rendered":"Vieglatl\u0113tu starti U14 un U16 vecuma grup\u0101s"},"content":{"rendered":"\n<p>Divu dienu garum\u0101 14. un 15. febru\u0101r\u012b, R\u012bg\u0101, BTA Daugavas Vieglatl\u0113tikas man\u0113\u017e\u0101 norisin\u0101j\u0101s Latvijas U16 \u010dempion\u0101ts telp\u0101s. 300 dal\u012bbnieku starp\u0101, uz starta st\u0101j\u0101s ar\u012b Valmieras Sporta skolas vieglatl\u0113ti. No \u010dempion\u0101ta m\u0101jup Valmieras komanda veda 10 meda\u013cas, j\u0101uzteic Danielas Ku\u017eumas sniegums, jo vi\u0146a izc\u012bn\u012bja visa kaluma meda\u013cas. <\/p>\n\n\n\n<p>1. vieta Em\u012blija Z\u0101\u0123ere, t\u0101ll\u0113k\u0161ana (rez. 5.45)<\/p>\n\n\n\n<p>1. vieta Valmieras SS 4x200m (rez. 1:45.91) &#8211; Enija Ekure, Daniela Ku\u017euma, Laur\u0113na Hemmele, Em\u012blija Z\u0101\u0123ere<\/p>\n\n\n\n<p>2. vieta Daniela Ku\u017euma, 60m (rez. 7.94), 300m (rez. 40.80)<\/p>\n\n\n\n<p>2. vieta M\u0101rti\u0146\u0161 Rudz\u012btis k\u0101rtsl\u0113k\u0161ana (rez. 3.35)<\/p>\n\n\n\n<p>2. vieta Paula Z\u0101te, k\u0101rtsl\u0113k\u0161ana (rez. 2.45)<\/p>\n\n\n\n<p>3. vieta Em\u012blija Z\u0101\u0123ere, 60m (rez. 8.12)<\/p>\n\n\n\n<p>3. vieta Daniela Ku\u017euma, 600m (rez. 1:36.11)<\/p>\n\n\n\n<p>3. vieta Patriks Baltk\u0101js, k\u0101rtsl\u0113k\u0161ana (rez. 3.35)<\/p>\n\n\n\n<p>3. vieta Linda Magone, k\u0101rtsl\u0113k\u0161ana (rez. 2.45)<\/p>\n\n\n\n<p>Savuk\u0101rt, turpat dienu iepriek\u0161 13. febru\u0101r\u012b norisin\u0101j\u0101s LVS x Sportland Jaunatnes kauss U14 vecuma grup\u0101, kur tr\u012bs meda\u013cotas vietas ieguva m\u016bsu sportistes.<\/p>\n\n\n\n<p>1. vieta Madara Gr\u012bvi\u0146a, k\u0101rtsl\u0113k\u0161ana (rez. 1.95)<\/p>\n\n\n\n<p>2. vieta Annija Balode, 300m (rez. 44.39)<\/p>\n\n\n\n<p>3. vieta Kristi\u0101na Bergsone, k\u0101rtsl\u0113k\u0161ana (rez. 1.75)<\/p>\n\n\n\n<p>Foto Guntis B\u0113rzi\u0146\u0161<\/p>\n","protected":false},"excerpt":{"rendered":"<p>Divu dienu garum\u0101 14. un 15. febru\u0101r\u012b, R\u012bg\u0101, BTA Daugavas Vieglatl\u0113tikas man\u0113\u017e\u0101 norisin\u0101j\u0101s Latvijas U16 \u010dempion\u0101ts telp\u0101s. 300 dal\u012bbnieku starp\u0101, [&hellip;]<\/p>\n","protected":false},"author":35,"featured_media":1570,"comment_status":"closed","ping_status":"closed","sticky":false,"template":"","format":"standard","meta":{"_acf_changed":false,"site-sidebar-layout":"default","site-content-layout":"","ast-site-content-layout":"default","site-content-style":"default","site-sidebar-style":"default","ast-global-header-display":"","ast-banner-title-visibility":"","ast-main-header-display":"","ast-hfb-above-header-display":"","ast-hfb-below-header-display":"","ast-hfb-mobile-header-display":"","site-post-title":"","ast-breadcrumbs-content":"","ast-featured-img":"","footer-sml-layout":"","ast-disable-related-posts":"","theme-transparent-header-meta":"","adv-header-id-meta":"","stick-header-meta":"","header-above-stick-meta":"","header-main-stick-meta":"","header-below-stick-meta":"","astra-migrate-meta-layouts":"default","ast-page-background-enabled":"default","ast-page-background-meta":{"desktop":{"background-color":"var(--ast-global-color-5)","background-image":"","background-repeat":"repeat","background-position":"center center","background-size":"auto","background-attachment":"scroll","background-type":"","background-media":"","overlay-type":"","overlay-color":"","overlay-opacity":"","overlay-gradient":""},"tablet":{"background-color":"","background-image":"","background-repeat":"repeat","background-position":"center center","background-size":"auto","background-attachment":"scroll","background-type":"","background-media":"","overlay-type":"","overlay-color":"","overlay-opacity":"","overlay-gradient":""},"mobile":{"background-color":"","background-image":"","background-repeat":"repeat","background-position":"center center","background-size":"auto","background-attachment":"scroll","background-type":"","background-media":"","overlay-type":"","overlay-color":"","overlay-opacity":"","overlay-gradient":""}},"ast-content-background-meta":{"desktop":{"background-color":"var(--ast-global-color-4)","background-image":"","background-repeat":"repeat","background-position":"center center","background-size":"auto","background-attachment":"scroll","background-type":"","background-media":"","overlay-type":"","overlay-color":"","overlay-opacity":"","overlay-gradient":""},"tablet":{"background-color":"var(--ast-global-color-4)","background-image":"","background-repeat":"repeat","background-position":"center center","background-size":"auto","background-attachment":"scroll","background-type":"","background-media":"","overlay-type":"","overlay-color":"","overlay-opacity":"","overlay-gradient":""},"mobile":{"background-color":"var(--ast-global-color-4)","background-image":"","background-repeat":"repeat","background-position":"center center","background-size":"auto","background-attachment":"scroll","background-type":"","background-media":"","overlay-type":"","overlay-color":"","overlay-opacity":"","overlay-gradient":""}},"footnotes":""},"categories":[15],"tags":[],"class_list":["post-1569","post","type-post","status-publish","format-standard","has-post-thumbnail","hentry","category-vieglatletika"],"acf":[],"yoast_head":"<!-- This site is optimized with the Yoast SEO plugin v27.0 - https:\/\/yoast.com\/product\/yoast-seo-wordpress\/ -->\n<title>Vieglatl\u0113tu starti U14 un U16 vecuma grup\u0101s - Valmieras Sporta skola<\/title>\n<meta name=\"robots\" content=\"index, follow, max-snippet:-1, max-image-preview:large, max-video-preview:-1\" \/>\n<link rel=\"canonical\" href=\"https:\/\/izglitiba.valmierasnovads.lv\/valmierassportaskola\/vieglatletu-starti-u14-un-u16-vecuma-grupas\/\" \/>\n<meta property=\"og:locale\" content=\"lv_LV\" \/>\n<meta property=\"og:type\" content=\"article\" \/>\n<meta property=\"og:title\" content=\"Vieglatl\u0113tu starti U14 un U16 vecuma grup\u0101s - Valmieras Sporta skola\" \/>\n<meta property=\"og:description\" content=\"Divu dienu garum\u0101 14. un 15. febru\u0101r\u012b, R\u012bg\u0101, BTA Daugavas Vieglatl\u0113tikas man\u0113\u017e\u0101 norisin\u0101j\u0101s Latvijas U16 \u010dempion\u0101ts telp\u0101s. 300 dal\u012bbnieku starp\u0101, [&hellip;]\" \/>\n<meta property=\"og:url\" content=\"https:\/\/izglitiba.valmierasnovads.lv\/valmierassportaskola\/vieglatletu-starti-u14-un-u16-vecuma-grupas\/\" \/>\n<meta property=\"og:site_name\" content=\"Valmieras Sporta skola\" \/>\n<meta property=\"article:published_time\" content=\"2026-02-16T12:36:21+00:00\" \/>\n<meta property=\"article:modified_time\" content=\"2026-02-16T12:40:38+00:00\" \/>\n<meta property=\"og:image\" content=\"https:\/\/izglitiba.valmierasnovads.lv\/valmierassportaskola\/wp-content\/uploads\/sites\/32\/2026\/02\/RTEMVbJPAHUVTH61aYx4.jpg\" \/>\n\t<meta property=\"og:image:width\" content=\"1600\" \/>\n\t<meta property=\"og:image:height\" content=\"1067\" \/>\n\t<meta property=\"og:image:type\" content=\"image\/jpeg\" \/>\n<meta name=\"author\" content=\"elizapaulaberzina\" \/>\n<meta name=\"twitter:card\" content=\"summary_large_image\" \/>\n<meta name=\"twitter:label1\" content=\"Written by\" \/>\n\t<meta name=\"twitter:data1\" content=\"elizapaulaberzina\" \/>\n\t<meta name=\"twitter:label2\" content=\"Est. reading time\" \/>\n\t<meta name=\"twitter:data2\" content=\"2 min\u016btes\" \/>\n<script type=\"application\/ld+json\" class=\"yoast-schema-graph\">{\"@context\":\"https:\/\/schema.org\",\"@graph\":[{\"@type\":\"Article\",\"@id\":\"https:\/\/izglitiba.valmierasnovads.lv\/valmierassportaskola\/vieglatletu-starti-u14-un-u16-vecuma-grupas\/#article\",\"isPartOf\":{\"@id\":\"https:\/\/izglitiba.valmierasnovads.lv\/valmierassportaskola\/vieglatletu-starti-u14-un-u16-vecuma-grupas\/\"},\"author\":{\"name\":\"elizapaulaberzina\",\"@id\":\"https:\/\/izglitiba.valmierasnovads.lv\/valmierassportaskola\/#\/schema\/person\/4e13d7d7bc4bdf97ddcbe604aa40a49e\"},\"headline\":\"Vieglatl\u0113tu starti U14 un U16 vecuma grup\u0101s\",\"datePublished\":\"2026-02-16T12:36:21+00:00\",\"dateModified\":\"2026-02-16T12:40:38+00:00\",\"mainEntityOfPage\":{\"@id\":\"https:\/\/izglitiba.valmierasnovads.lv\/valmierassportaskola\/vieglatletu-starti-u14-un-u16-vecuma-grupas\/\"},\"wordCount\":213,\"publisher\":{\"@id\":\"https:\/\/izglitiba.valmierasnovads.lv\/valmierassportaskola\/#organization\"},\"image\":{\"@id\":\"https:\/\/izglitiba.valmierasnovads.lv\/valmierassportaskola\/vieglatletu-starti-u14-un-u16-vecuma-grupas\/#primaryimage\"},\"thumbnailUrl\":\"https:\/\/izglitiba.valmierasnovads.lv\/valmierassportaskola\/wp-content\/uploads\/sites\/32\/2026\/02\/RTEMVbJPAHUVTH61aYx4.jpg\",\"articleSection\":[\"Vieglatl\u0113tika\"],\"inLanguage\":\"lv-LV\"},{\"@type\":\"WebPage\",\"@id\":\"https:\/\/izglitiba.valmierasnovads.lv\/valmierassportaskola\/vieglatletu-starti-u14-un-u16-vecuma-grupas\/\",\"url\":\"https:\/\/izglitiba.valmierasnovads.lv\/valmierassportaskola\/vieglatletu-starti-u14-un-u16-vecuma-grupas\/\",\"name\":\"Vieglatl\u0113tu starti U14 un U16 vecuma grup\u0101s - Valmieras Sporta skola\",\"isPartOf\":{\"@id\":\"https:\/\/izglitiba.valmierasnovads.lv\/valmierassportaskola\/#website\"},\"primaryImageOfPage\":{\"@id\":\"https:\/\/izglitiba.valmierasnovads.lv\/valmierassportaskola\/vieglatletu-starti-u14-un-u16-vecuma-grupas\/#primaryimage\"},\"image\":{\"@id\":\"https:\/\/izglitiba.valmierasnovads.lv\/valmierassportaskola\/vieglatletu-starti-u14-un-u16-vecuma-grupas\/#primaryimage\"},\"thumbnailUrl\":\"https:\/\/izglitiba.valmierasnovads.lv\/valmierassportaskola\/wp-content\/uploads\/sites\/32\/2026\/02\/RTEMVbJPAHUVTH61aYx4.jpg\",\"datePublished\":\"2026-02-16T12:36:21+00:00\",\"dateModified\":\"2026-02-16T12:40:38+00:00\",\"breadcrumb\":{\"@id\":\"https:\/\/izglitiba.valmierasnovads.lv\/valmierassportaskola\/vieglatletu-starti-u14-un-u16-vecuma-grupas\/#breadcrumb\"},\"inLanguage\":\"lv-LV\",\"potentialAction\":[{\"@type\":\"ReadAction\",\"target\":[\"https:\/\/izglitiba.valmierasnovads.lv\/valmierassportaskola\/vieglatletu-starti-u14-un-u16-vecuma-grupas\/\"]}]},{\"@type\":\"ImageObject\",\"inLanguage\":\"lv-LV\",\"@id\":\"https:\/\/izglitiba.valmierasnovads.lv\/valmierassportaskola\/vieglatletu-starti-u14-un-u16-vecuma-grupas\/#primaryimage\",\"url\":\"https:\/\/izglitiba.valmierasnovads.lv\/valmierassportaskola\/wp-content\/uploads\/sites\/32\/2026\/02\/RTEMVbJPAHUVTH61aYx4.jpg\",\"contentUrl\":\"https:\/\/izglitiba.valmierasnovads.lv\/valmierassportaskola\/wp-content\/uploads\/sites\/32\/2026\/02\/RTEMVbJPAHUVTH61aYx4.jpg\",\"width\":1600,\"height\":1067},{\"@type\":\"BreadcrumbList\",\"@id\":\"https:\/\/izglitiba.valmierasnovads.lv\/valmierassportaskola\/vieglatletu-starti-u14-un-u16-vecuma-grupas\/#breadcrumb\",\"itemListElement\":[{\"@type\":\"ListItem\",\"position\":1,\"name\":\"Home\",\"item\":\"https:\/\/izglitiba.valmierasnovads.lv\/valmierassportaskola\/\"},{\"@type\":\"ListItem\",\"position\":2,\"name\":\"Vieglatl\u0113tu starti U14 un U16 vecuma grup\u0101s\"}]},{\"@type\":\"WebSite\",\"@id\":\"https:\/\/izglitiba.valmierasnovads.lv\/valmierassportaskola\/#website\",\"url\":\"https:\/\/izglitiba.valmierasnovads.lv\/valmierassportaskola\/\",\"name\":\"Valmieras Sporta skola\",\"description\":\"\",\"publisher\":{\"@id\":\"https:\/\/izglitiba.valmierasnovads.lv\/valmierassportaskola\/#organization\"},\"potentialAction\":[{\"@type\":\"SearchAction\",\"target\":{\"@type\":\"EntryPoint\",\"urlTemplate\":\"https:\/\/izglitiba.valmierasnovads.lv\/valmierassportaskola\/?s={search_term_string}\"},\"query-input\":{\"@type\":\"PropertyValueSpecification\",\"valueRequired\":true,\"valueName\":\"search_term_string\"}}],\"inLanguage\":\"lv-LV\"},{\"@type\":\"Organization\",\"@id\":\"https:\/\/izglitiba.valmierasnovads.lv\/valmierassportaskola\/#organization\",\"name\":\"Valmieras Sporta skola\",\"url\":\"https:\/\/izglitiba.valmierasnovads.lv\/valmierassportaskola\/\",\"logo\":{\"@type\":\"ImageObject\",\"inLanguage\":\"lv-LV\",\"@id\":\"https:\/\/izglitiba.valmierasnovads.lv\/valmierassportaskola\/#\/schema\/logo\/image\/\",\"url\":\"https:\/\/izglitiba.valmierasnovads.lv\/valmierassportaskola\/wp-content\/uploads\/sites\/32\/2025\/06\/cropped-Logo_Valmieras_sporta_skola_melns-1.png\",\"contentUrl\":\"https:\/\/izglitiba.valmierasnovads.lv\/valmierassportaskola\/wp-content\/uploads\/sites\/32\/2025\/06\/cropped-Logo_Valmieras_sporta_skola_melns-1.png\",\"width\":2354,\"height\":596,\"caption\":\"Valmieras Sporta skola\"},\"image\":{\"@id\":\"https:\/\/izglitiba.valmierasnovads.lv\/valmierassportaskola\/#\/schema\/logo\/image\/\"}},{\"@type\":\"Person\",\"@id\":\"https:\/\/izglitiba.valmierasnovads.lv\/valmierassportaskola\/#\/schema\/person\/4e13d7d7bc4bdf97ddcbe604aa40a49e\",\"name\":\"elizapaulaberzina\",\"image\":{\"@type\":\"ImageObject\",\"inLanguage\":\"lv-LV\",\"@id\":\"https:\/\/izglitiba.valmierasnovads.lv\/valmierassportaskola\/#\/schema\/person\/image\/\",\"url\":\"https:\/\/secure.gravatar.com\/avatar\/eee97abe3c677b8a6a728841cbeafc12cf7e82108e16507228a78617dfb0e663?s=96&d=mm&r=g\",\"contentUrl\":\"https:\/\/secure.gravatar.com\/avatar\/eee97abe3c677b8a6a728841cbeafc12cf7e82108e16507228a78617dfb0e663?s=96&d=mm&r=g\",\"caption\":\"elizapaulaberzina\"},\"url\":\"https:\/\/izglitiba.valmierasnovads.lv\/valmierassportaskola\/author\/elizapaulaberzina\/\"}]}<\/script>\n<!-- \/ Yoast SEO plugin. -->","yoast_head_json":{"title":"Vieglatl\u0113tu starti U14 un U16 vecuma grup\u0101s - Valmieras Sporta skola","robots":{"index":"index","follow":"follow","max-snippet":"max-snippet:-1","max-image-preview":"max-image-preview:large","max-video-preview":"max-video-preview:-1"},"canonical":"https:\/\/izglitiba.valmierasnovads.lv\/valmierassportaskola\/vieglatletu-starti-u14-un-u16-vecuma-grupas\/","og_locale":"lv_LV","og_type":"article","og_title":"Vieglatl\u0113tu starti U14 un U16 vecuma grup\u0101s - Valmieras Sporta skola","og_description":"Divu dienu garum\u0101 14. un 15. febru\u0101r\u012b, R\u012bg\u0101, BTA Daugavas Vieglatl\u0113tikas man\u0113\u017e\u0101 norisin\u0101j\u0101s Latvijas U16 \u010dempion\u0101ts telp\u0101s. 300 dal\u012bbnieku starp\u0101, [&hellip;]","og_url":"https:\/\/izglitiba.valmierasnovads.lv\/valmierassportaskola\/vieglatletu-starti-u14-un-u16-vecuma-grupas\/","og_site_name":"Valmieras Sporta skola","article_published_time":"2026-02-16T12:36:21+00:00","article_modified_time":"2026-02-16T12:40:38+00:00","og_image":[{"width":1600,"height":1067,"url":"https:\/\/izglitiba.valmierasnovads.lv\/valmierassportaskola\/wp-content\/uploads\/sites\/32\/2026\/02\/RTEMVbJPAHUVTH61aYx4.jpg","type":"image\/jpeg"}],"author":"elizapaulaberzina","twitter_card":"summary_large_image","twitter_misc":{"Written by":"elizapaulaberzina","Est. reading time":"2 min\u016btes"},"schema":{"@context":"https:\/\/schema.org","@graph":[{"@type":"Article","@id":"https:\/\/izglitiba.valmierasnovads.lv\/valmierassportaskola\/vieglatletu-starti-u14-un-u16-vecuma-grupas\/#article","isPartOf":{"@id":"https:\/\/izglitiba.valmierasnovads.lv\/valmierassportaskola\/vieglatletu-starti-u14-un-u16-vecuma-grupas\/"},"author":{"name":"elizapaulaberzina","@id":"https:\/\/izglitiba.valmierasnovads.lv\/valmierassportaskola\/#\/schema\/person\/4e13d7d7bc4bdf97ddcbe604aa40a49e"},"headline":"Vieglatl\u0113tu starti U14 un U16 vecuma grup\u0101s","datePublished":"2026-02-16T12:36:21+00:00","dateModified":"2026-02-16T12:40:38+00:00","mainEntityOfPage":{"@id":"https:\/\/izglitiba.valmierasnovads.lv\/valmierassportaskola\/vieglatletu-starti-u14-un-u16-vecuma-grupas\/"},"wordCount":213,"publisher":{"@id":"https:\/\/izglitiba.valmierasnovads.lv\/valmierassportaskola\/#organization"},"image":{"@id":"https:\/\/izglitiba.valmierasnovads.lv\/valmierassportaskola\/vieglatletu-starti-u14-un-u16-vecuma-grupas\/#primaryimage"},"thumbnailUrl":"https:\/\/izglitiba.valmierasnovads.lv\/valmierassportaskola\/wp-content\/uploads\/sites\/32\/2026\/02\/RTEMVbJPAHUVTH61aYx4.jpg","articleSection":["Vieglatl\u0113tika"],"inLanguage":"lv-LV"},{"@type":"WebPage","@id":"https:\/\/izglitiba.valmierasnovads.lv\/valmierassportaskola\/vieglatletu-starti-u14-un-u16-vecuma-grupas\/","url":"https:\/\/izglitiba.valmierasnovads.lv\/valmierassportaskola\/vieglatletu-starti-u14-un-u16-vecuma-grupas\/","name":"Vieglatl\u0113tu starti U14 un U16 vecuma grup\u0101s - Valmieras Sporta skola","isPartOf":{"@id":"https:\/\/izglitiba.valmierasnovads.lv\/valmierassportaskola\/#website"},"primaryImageOfPage":{"@id":"https:\/\/izglitiba.valmierasnovads.lv\/valmierassportaskola\/vieglatletu-starti-u14-un-u16-vecuma-grupas\/#primaryimage"},"image":{"@id":"https:\/\/izglitiba.valmierasnovads.lv\/valmierassportaskola\/vieglatletu-starti-u14-un-u16-vecuma-grupas\/#primaryimage"},"thumbnailUrl":"https:\/\/izglitiba.valmierasnovads.lv\/valmierassportaskola\/wp-content\/uploads\/sites\/32\/2026\/02\/RTEMVbJPAHUVTH61aYx4.jpg","datePublished":"2026-02-16T12:36:21+00:00","dateModified":"2026-02-16T12:40:38+00:00","breadcrumb":{"@id":"https:\/\/izglitiba.valmierasnovads.lv\/valmierassportaskola\/vieglatletu-starti-u14-un-u16-vecuma-grupas\/#breadcrumb"},"inLanguage":"lv-LV","potentialAction":[{"@type":"ReadAction","target":["https:\/\/izglitiba.valmierasnovads.lv\/valmierassportaskola\/vieglatletu-starti-u14-un-u16-vecuma-grupas\/"]}]},{"@type":"ImageObject","inLanguage":"lv-LV","@id":"https:\/\/izglitiba.valmierasnovads.lv\/valmierassportaskola\/vieglatletu-starti-u14-un-u16-vecuma-grupas\/#primaryimage","url":"https:\/\/izglitiba.valmierasnovads.lv\/valmierassportaskola\/wp-content\/uploads\/sites\/32\/2026\/02\/RTEMVbJPAHUVTH61aYx4.jpg","contentUrl":"https:\/\/izglitiba.valmierasnovads.lv\/valmierassportaskola\/wp-content\/uploads\/sites\/32\/2026\/02\/RTEMVbJPAHUVTH61aYx4.jpg","width":1600,"height":1067},{"@type":"BreadcrumbList","@id":"https:\/\/izglitiba.valmierasnovads.lv\/valmierassportaskola\/vieglatletu-starti-u14-un-u16-vecuma-grupas\/#breadcrumb","itemListElement":[{"@type":"ListItem","position":1,"name":"Home","item":"https:\/\/izglitiba.valmierasnovads.lv\/valmierassportaskola\/"},{"@type":"ListItem","position":2,"name":"Vieglatl\u0113tu starti U14 un U16 vecuma grup\u0101s"}]},{"@type":"WebSite","@id":"https:\/\/izglitiba.valmierasnovads.lv\/valmierassportaskola\/#website","url":"https:\/\/izglitiba.valmierasnovads.lv\/valmierassportaskola\/","name":"Valmieras Sporta skola","description":"","publisher":{"@id":"https:\/\/izglitiba.valmierasnovads.lv\/valmierassportaskola\/#organization"},"potentialAction":[{"@type":"SearchAction","target":{"@type":"EntryPoint","urlTemplate":"https:\/\/izglitiba.valmierasnovads.lv\/valmierassportaskola\/?s={search_term_string}"},"query-input":{"@type":"PropertyValueSpecification","valueRequired":true,"valueName":"search_term_string"}}],"inLanguage":"lv-LV"},{"@type":"Organization","@id":"https:\/\/izglitiba.valmierasnovads.lv\/valmierassportaskola\/#organization","name":"Valmieras Sporta skola","url":"https:\/\/izglitiba.valmierasnovads.lv\/valmierassportaskola\/","logo":{"@type":"ImageObject","inLanguage":"lv-LV","@id":"https:\/\/izglitiba.valmierasnovads.lv\/valmierassportaskola\/#\/schema\/logo\/image\/","url":"https:\/\/izglitiba.valmierasnovads.lv\/valmierassportaskola\/wp-content\/uploads\/sites\/32\/2025\/06\/cropped-Logo_Valmieras_sporta_skola_melns-1.png","contentUrl":"https:\/\/izglitiba.valmierasnovads.lv\/valmierassportaskola\/wp-content\/uploads\/sites\/32\/2025\/06\/cropped-Logo_Valmieras_sporta_skola_melns-1.png","width":2354,"height":596,"caption":"Valmieras Sporta skola"},"image":{"@id":"https:\/\/izglitiba.valmierasnovads.lv\/valmierassportaskola\/#\/schema\/logo\/image\/"}},{"@type":"Person","@id":"https:\/\/izglitiba.valmierasnovads.lv\/valmierassportaskola\/#\/schema\/person\/4e13d7d7bc4bdf97ddcbe604aa40a49e","name":"elizapaulaberzina","image":{"@type":"ImageObject","inLanguage":"lv-LV","@id":"https:\/\/izglitiba.valmierasnovads.lv\/valmierassportaskola\/#\/schema\/person\/image\/","url":"https:\/\/secure.gravatar.com\/avatar\/eee97abe3c677b8a6a728841cbeafc12cf7e82108e16507228a78617dfb0e663?s=96&d=mm&r=g","contentUrl":"https:\/\/secure.gravatar.com\/avatar\/eee97abe3c677b8a6a728841cbeafc12cf7e82108e16507228a78617dfb0e663?s=96&d=mm&r=g","caption":"elizapaulaberzina"},"url":"https:\/\/izglitiba.valmierasnovads.lv\/valmierassportaskola\/author\/elizapaulaberzina\/"}]}},"_links":{"self":[{"href":"https:\/\/izglitiba.valmierasnovads.lv\/valmierassportaskola\/wp-json\/wp\/v2\/posts\/1569","targetHints":{"allow":["GET"]}}],"collection":[{"href":"https:\/\/izglitiba.valmierasnovads.lv\/valmierassportaskola\/wp-json\/wp\/v2\/posts"}],"about":[{"href":"https:\/\/izglitiba.valmierasnovads.lv\/valmierassportaskola\/wp-json\/wp\/v2\/types\/post"}],"author":[{"embeddable":true,"href":"https:\/\/izglitiba.valmierasnovads.lv\/valmierassportaskola\/wp-json\/wp\/v2\/users\/35"}],"replies":[{"embeddable":true,"href":"https:\/\/izglitiba.valmierasnovads.lv\/valmierassportaskola\/wp-json\/wp\/v2\/comments?post=1569"}],"version-history":[{"count":1,"href":"https:\/\/izglitiba.valmierasnovads.lv\/valmierassportaskola\/wp-json\/wp\/v2\/posts\/1569\/revisions"}],"predecessor-version":[{"id":1571,"href":"https:\/\/izglitiba.valmierasnovads.lv\/valmierassportaskola\/wp-json\/wp\/v2\/posts\/1569\/revisions\/1571"}],"wp:featuredmedia":[{"embeddable":true,"href":"https:\/\/izglitiba.valmierasnovads.lv\/valmierassportaskola\/wp-json\/wp\/v2\/media\/1570"}],"wp:attachment":[{"href":"https:\/\/izglitiba.valmierasnovads.lv\/valmierassportaskola\/wp-json\/wp\/v2\/media?parent=1569"}],"wp:term":[{"taxonomy":"category","embeddable":true,"href":"https:\/\/izglitiba.valmierasnovads.lv\/valmierassportaskola\/wp-json\/wp\/v2\/categories?post=1569"},{"taxonomy":"post_tag","embeddable":true,"href":"https:\/\/izglitiba.valmierasnovads.lv\/valmierassportaskola\/wp-json\/wp\/v2\/tags?post=1569"}],"curies":[{"name":"wp","href":"https:\/\/api.w.org\/{rel}","templated":true}]}}