{"id":1999,"date":"2026-04-21T09:00:00","date_gmt":"2026-04-21T06:00:00","guid":{"rendered":"https:\/\/izglitiba.valmierasnovads.lv\/valmierassportaskola\/?p=1999"},"modified":"2026-04-15T13:45:24","modified_gmt":"2026-04-15T10:45:24","slug":"februara-menesa-sportists-vieglatlets-maksims-pavlovs","status":"publish","type":"post","link":"https:\/\/izglitiba.valmierasnovads.lv\/valmierassportaskola\/februara-menesa-sportists-vieglatlets-maksims-pavlovs\/","title":{"rendered":"Febru\u0101ra M\u0113ne\u0161a sportists &#8211; vieglatl\u0113ts Maksims Pavlovs"},"content":{"rendered":"\n<p>M\u0113ne\u0161a sportists febru\u0101r\u012b individu\u0101laj\u0101 sporta veid\u0101 ir vieglatl\u0113ts Maksims Pavlovs. Vi\u0146\u0161 ir aizvad\u012bjis \u013coti veiksm\u012bgu vieglatl\u0113tikas sacens\u012bbu sezonu telp\u0101s.<\/p>\n\n\n\n<p>Ar vieglatl\u0113tiku Maksims s\u0101cis nodarboties m\u0101coties 4. klas\u0113, uz ko uzaicin\u0101jusi un iedvesmojusi vi\u0146a t\u0101 br\u012b\u017ea sporta skolot\u0101ja, p\u0113c tam jau ar\u012b vieglatl\u0113tikas trenere Zoja Ribu\u0161a, un par to ir \u013coti pateic\u012bgs vi\u0146ai. Jo tie\u0161i vi\u0146a ir ielikusi pamatus un ievad\u012bjusi vieglatl\u0113tik\u0101 uz palik\u0161anu.<\/p>\n\n\n\n<p>Par savu pirmo liel\u0101ko izaicin\u0101jumu uzskata dal\u012bbu Baltijas U16 \u010dempion\u0101t\u0101, kur 2022. gada j\u016blij\u0101 Latvijas karoga kr\u0101s\u0101s start\u0113ja 300m\/b. T\u0101pat ar\u012b \u0161ogad ziemas sezon\u0101, Maksims iek\u013cuva Latvijas izlas\u0113 un start\u0113ja Baltijas U20 \u010dempion\u0101t\u0101, kur ar stafe\u0161u komandu izc\u012bn\u012bja 1. vietu un uzlaboja Latvijas U20 rekordu. Ar\u012b individu\u0101li nostart\u0113ja \u013coti labi, uzlabojot savu person\u012bgo 400m sniegumu, k\u0101 ar\u012b febru\u0101r\u012b labojis Valmieras novada telpu rekordu jaunie\u0161iem 200m. Ta\u010du par emocion\u0101l\u0101ko mirkli sport\u0101 un noz\u012bm\u012bg\u0101ko sasniegumu atz\u012bm\u0113 U18 normat\u012bva izpild\u012b\u0161anu Eiropas \u010dempion\u0101tam, uz kuru gan diem\u017e\u0113l nedev\u0101s.<\/p>\n\n\n\n<p>\u0160obr\u012bd Maksims m\u0101c\u0101s Valmieras P\u0101rgaujas Valsts \u0123imn\u0101zijas 12. klas\u0113 un skaidrs, ka \u0161is ir izlaiduma un eks\u0101menu gads, t\u0101p\u0113c j\u0101sp\u0113j sabalans\u0113t laiks gan skolai, gan treni\u0146iem. Tipisk\u0101 treni\u0146u diena aizrit, s\u0101kot ar skolu, p\u0113c skolas da\u017ek\u0101rt nodarboj\u0101s ar film\u0113\u0161anas darbiem. V\u0113l\u0101k dod\u0101s uz treni\u0146u, kas ilgst 1,5 &#8211; 2,5 stundas. Savuk\u0101rt, p\u0113c treni\u0146a izpilda skol\u0101 uzdotos m\u0101jasdarbus vai vakaru pavada mont\u0113jot video. Jaut\u0101jot k\u0101 izdodas sportu apvienot ar m\u0101c\u012bb\u0101m, vi\u0146\u0161 lielas probl\u0113mas kopum\u0101 nesaredz, ta\u010du \u0161aj\u0101 ziemas sacens\u012bbu sezon\u0101 san\u0101cis \u013coti daudz slimot, t\u0101p\u0113c ar\u012b tikusi izlaista skola un iekav\u0113tas m\u0101c\u012bbas. Bet starpsezon\u0101 probl\u0113mu nav, skol\u0101 visvair\u0101k pat\u012bk sports un matem\u0101tika.<\/p>\n\n\n\n<p>Sezonas laik\u0101 princip\u0101 neatliek laika \u0101rpus skolas un treni\u0146iem, jo nopietni j\u0101gatavojas sacens\u012bb\u0101m, kas notiek gandr\u012bz katr\u0101s br\u012bvdien\u0101s, t\u0101p\u0113c citiem hobijiem laika nav. Bet Maksima aizrau\u0161an\u0101s ir video film\u0113\u0161ana un mont\u0113\u0161ana, kur ar\u012b nesen piedal\u012bj\u0101s Valmieras Sporta skolas reprezent\u0101cijas video veido\u0161an\u0101. &nbsp;<\/p>\n\n\n\n<p>Visliel\u0101ko atbalstu un ietekmi Maksims sav\u0101 sportista karjer\u0101 j\u016bt no vieglatl\u0113tikas trenera Alvja \u010c\u0101kura, kur\u0161 ir vi\u0146a treneris, atbalsts un motivators. Gr\u016btajos br\u012b\u017eos vienm\u0113r atbalst\u012bs, samotiv\u0113s un turpin\u0101s str\u0101d\u0101t. Lielu atbalstu j\u016bt ar\u012b no citiem treni\u0146u biedriem un \u0123imenes. &nbsp;<\/p>\n\n\n\n<p>Run\u0101jot par sacens\u012bb\u0101m, vieglatl\u0113ts st\u0101sta, ka vi\u0146a ritu\u0101ls pirms starta ir noklaus\u012bties iepriek\u0161 sagatavotu sacens\u012bbu m\u016bziku. Protams, ka reiz\u0113m gad\u0101s ar\u012b ne tik veiksm\u012bgas sacens\u012bbu dienas, p\u0113c kur\u0101m cen\u0161\u0101s savas k\u013c\u016bdas izanaliz\u0113t un m\u0101c\u012bties no t\u0101m, k\u0101 ar\u012b sevi\u0161\u0137i ne\u0137ert to pie sirds un m\u0113\u0123ina t\u0101s ignor\u0113t.<\/p>\n\n\n\n<p>Iedvesmu Maksims g\u016bst no norv\u0113\u0123u vieglatl\u0113ta Karstena Varholma, kur\u0161 start\u0113 400m\/b un gar\u0101s sprinta distanc\u0113s.&nbsp; Vi\u0146\u0161 ir Tokijas olimpisko sp\u0113\u013cu zelta meda\u013cnieks un tr\u012bsk\u0101rt\u0113js pasaules \u010dempions, k\u0101 ar\u012b Pasaules rekordists 400m\/b, kur\u0161 pirmo reizi v\u0113stur\u0113 \u0161o distanci veica zem 46 sekund\u0113m.<\/p>\n\n\n\n<p>Un jaut\u0101jot par pa\u0161a m\u0113r\u0137iem, sportists st\u0101sta, ka vi\u0146\u0161 \u013coti grib\u0113tu vasar\u0101 veiksm\u012bgi noskriet 400m\/b, bet \u0101rpus sporta vi\u0146a m\u0113\u0157kis ir att\u012bst\u012bt video film\u0113\u0161anas prasmes.<\/p>\n\n\n\n<p>Par savu noieto ce\u013cu un sasniegumiem vi\u0146\u0161 v\u0113l\u0113tos pateikt paldies savai pirmajai trenerei Zojai Ribu\u0161ai, kura ir ielikusi k\u0101rt\u012bgus pamatus vieglatl\u0113tik\u0101. Savuk\u0101rt, par \u0161\u012b br\u012b\u017ea ieguld\u012bjumu pasak\u0101s \u0123imenei un treneriem Alvim \u010c\u0101kuram un trenerim-atbalst\u012bt\u0101jam Didzim Siksalietim.<\/p>\n\n\n\n<figure class=\"wp-block-gallery has-nested-images columns-default is-cropped wp-block-gallery-1 is-layout-flex wp-block-gallery-is-layout-flex\">\n<figure class=\"wp-block-image size-large\"><img loading=\"lazy\" decoding=\"async\" width=\"1024\" height=\"683\" data-id=\"2005\" src=\"https:\/\/izglitiba.valmierasnovads.lv\/valmierassportaskola\/wp-content\/uploads\/sites\/32\/2026\/04\/Menesa-sportists-EB_104-1-1024x683.jpg\" alt=\"\" class=\"wp-image-2005\" srcset=\"https:\/\/izglitiba.valmierasnovads.lv\/valmierassportaskola\/wp-content\/uploads\/sites\/32\/2026\/04\/Menesa-sportists-EB_104-1-1024x683.jpg 1024w, https:\/\/izglitiba.valmierasnovads.lv\/valmierassportaskola\/wp-content\/uploads\/sites\/32\/2026\/04\/Menesa-sportists-EB_104-1-300x200.jpg 300w, https:\/\/izglitiba.valmierasnovads.lv\/valmierassportaskola\/wp-content\/uploads\/sites\/32\/2026\/04\/Menesa-sportists-EB_104-1-768x512.jpg 768w, https:\/\/izglitiba.valmierasnovads.lv\/valmierassportaskola\/wp-content\/uploads\/sites\/32\/2026\/04\/Menesa-sportists-EB_104-1-1536x1024.jpg 1536w, https:\/\/izglitiba.valmierasnovads.lv\/valmierassportaskola\/wp-content\/uploads\/sites\/32\/2026\/04\/Menesa-sportists-EB_104-1-2048x1365.jpg 2048w\" sizes=\"auto, (max-width: 1024px) 100vw, 1024px\" \/><\/figure>\n\n\n\n<figure class=\"wp-block-image size-large\"><img loading=\"lazy\" decoding=\"async\" width=\"1024\" height=\"683\" data-id=\"2006\" src=\"https:\/\/izglitiba.valmierasnovads.lv\/valmierassportaskola\/wp-content\/uploads\/sites\/32\/2026\/04\/Menesa-sportists-EB_2-1024x683.jpg\" alt=\"\" class=\"wp-image-2006\" srcset=\"https:\/\/izglitiba.valmierasnovads.lv\/valmierassportaskola\/wp-content\/uploads\/sites\/32\/2026\/04\/Menesa-sportists-EB_2-1024x683.jpg 1024w, https:\/\/izglitiba.valmierasnovads.lv\/valmierassportaskola\/wp-content\/uploads\/sites\/32\/2026\/04\/Menesa-sportists-EB_2-300x200.jpg 300w, https:\/\/izglitiba.valmierasnovads.lv\/valmierassportaskola\/wp-content\/uploads\/sites\/32\/2026\/04\/Menesa-sportists-EB_2-768x512.jpg 768w, https:\/\/izglitiba.valmierasnovads.lv\/valmierassportaskola\/wp-content\/uploads\/sites\/32\/2026\/04\/Menesa-sportists-EB_2-1536x1024.jpg 1536w, https:\/\/izglitiba.valmierasnovads.lv\/valmierassportaskola\/wp-content\/uploads\/sites\/32\/2026\/04\/Menesa-sportists-EB_2-2048x1365.jpg 2048w\" sizes=\"auto, (max-width: 1024px) 100vw, 1024px\" \/><\/figure>\n\n\n\n<figure class=\"wp-block-image size-large\"><img loading=\"lazy\" decoding=\"async\" width=\"1024\" height=\"683\" data-id=\"2001\" src=\"https:\/\/izglitiba.valmierasnovads.lv\/valmierassportaskola\/wp-content\/uploads\/sites\/32\/2026\/04\/Menesa-sportists-EB_4-1024x683.jpg\" alt=\"\" class=\"wp-image-2001\" srcset=\"https:\/\/izglitiba.valmierasnovads.lv\/valmierassportaskola\/wp-content\/uploads\/sites\/32\/2026\/04\/Menesa-sportists-EB_4-1024x683.jpg 1024w, https:\/\/izglitiba.valmierasnovads.lv\/valmierassportaskola\/wp-content\/uploads\/sites\/32\/2026\/04\/Menesa-sportists-EB_4-300x200.jpg 300w, https:\/\/izglitiba.valmierasnovads.lv\/valmierassportaskola\/wp-content\/uploads\/sites\/32\/2026\/04\/Menesa-sportists-EB_4-768x512.jpg 768w, https:\/\/izglitiba.valmierasnovads.lv\/valmierassportaskola\/wp-content\/uploads\/sites\/32\/2026\/04\/Menesa-sportists-EB_4-1536x1024.jpg 1536w, https:\/\/izglitiba.valmierasnovads.lv\/valmierassportaskola\/wp-content\/uploads\/sites\/32\/2026\/04\/Menesa-sportists-EB_4-2048x1365.jpg 2048w\" sizes=\"auto, (max-width: 1024px) 100vw, 1024px\" \/><\/figure>\n\n\n\n<figure class=\"wp-block-image size-large\"><img loading=\"lazy\" decoding=\"async\" width=\"1024\" height=\"683\" data-id=\"2002\" src=\"https:\/\/izglitiba.valmierasnovads.lv\/valmierassportaskola\/wp-content\/uploads\/sites\/32\/2026\/04\/Menesa-sportists-EB_8-1024x683.jpg\" alt=\"\" class=\"wp-image-2002\" srcset=\"https:\/\/izglitiba.valmierasnovads.lv\/valmierassportaskola\/wp-content\/uploads\/sites\/32\/2026\/04\/Menesa-sportists-EB_8-1024x683.jpg 1024w, https:\/\/izglitiba.valmierasnovads.lv\/valmierassportaskola\/wp-content\/uploads\/sites\/32\/2026\/04\/Menesa-sportists-EB_8-300x200.jpg 300w, https:\/\/izglitiba.valmierasnovads.lv\/valmierassportaskola\/wp-content\/uploads\/sites\/32\/2026\/04\/Menesa-sportists-EB_8-768x512.jpg 768w, https:\/\/izglitiba.valmierasnovads.lv\/valmierassportaskola\/wp-content\/uploads\/sites\/32\/2026\/04\/Menesa-sportists-EB_8-1536x1024.jpg 1536w, https:\/\/izglitiba.valmierasnovads.lv\/valmierassportaskola\/wp-content\/uploads\/sites\/32\/2026\/04\/Menesa-sportists-EB_8-2048x1365.jpg 2048w\" sizes=\"auto, (max-width: 1024px) 100vw, 1024px\" \/><\/figure>\n\n\n\n<figure class=\"wp-block-image size-large\"><img loading=\"lazy\" decoding=\"async\" width=\"1024\" height=\"683\" data-id=\"2004\" src=\"https:\/\/izglitiba.valmierasnovads.lv\/valmierassportaskola\/wp-content\/uploads\/sites\/32\/2026\/04\/Menesa-sportists-EB_101-1024x683.jpg\" alt=\"\" class=\"wp-image-2004\" srcset=\"https:\/\/izglitiba.valmierasnovads.lv\/valmierassportaskola\/wp-content\/uploads\/sites\/32\/2026\/04\/Menesa-sportists-EB_101-1024x683.jpg 1024w, https:\/\/izglitiba.valmierasnovads.lv\/valmierassportaskola\/wp-content\/uploads\/sites\/32\/2026\/04\/Menesa-sportists-EB_101-300x200.jpg 300w, https:\/\/izglitiba.valmierasnovads.lv\/valmierassportaskola\/wp-content\/uploads\/sites\/32\/2026\/04\/Menesa-sportists-EB_101-768x512.jpg 768w, https:\/\/izglitiba.valmierasnovads.lv\/valmierassportaskola\/wp-content\/uploads\/sites\/32\/2026\/04\/Menesa-sportists-EB_101-1536x1024.jpg 1536w, https:\/\/izglitiba.valmierasnovads.lv\/valmierassportaskola\/wp-content\/uploads\/sites\/32\/2026\/04\/Menesa-sportists-EB_101-2048x1365.jpg 2048w\" sizes=\"auto, (max-width: 1024px) 100vw, 1024px\" \/><\/figure>\n\n\n\n<figure class=\"wp-block-image size-large\"><img loading=\"lazy\" decoding=\"async\" width=\"1024\" height=\"683\" data-id=\"2003\" src=\"https:\/\/izglitiba.valmierasnovads.lv\/valmierassportaskola\/wp-content\/uploads\/sites\/32\/2026\/04\/Menesa-sportists-EB_106-1024x683.jpg\" alt=\"\" class=\"wp-image-2003\" srcset=\"https:\/\/izglitiba.valmierasnovads.lv\/valmierassportaskola\/wp-content\/uploads\/sites\/32\/2026\/04\/Menesa-sportists-EB_106-1024x683.jpg 1024w, https:\/\/izglitiba.valmierasnovads.lv\/valmierassportaskola\/wp-content\/uploads\/sites\/32\/2026\/04\/Menesa-sportists-EB_106-300x200.jpg 300w, https:\/\/izglitiba.valmierasnovads.lv\/valmierassportaskola\/wp-content\/uploads\/sites\/32\/2026\/04\/Menesa-sportists-EB_106-768x512.jpg 768w, https:\/\/izglitiba.valmierasnovads.lv\/valmierassportaskola\/wp-content\/uploads\/sites\/32\/2026\/04\/Menesa-sportists-EB_106-1536x1024.jpg 1536w, https:\/\/izglitiba.valmierasnovads.lv\/valmierassportaskola\/wp-content\/uploads\/sites\/32\/2026\/04\/Menesa-sportists-EB_106-2048x1365.jpg 2048w\" sizes=\"auto, (max-width: 1024px) 100vw, 1024px\" \/><\/figure>\n<\/figure>\n","protected":false},"excerpt":{"rendered":"<p>M\u0113ne\u0161a sportists febru\u0101r\u012b individu\u0101laj\u0101 sporta veid\u0101 ir vieglatl\u0113ts Maksims Pavlovs. Vi\u0146\u0161 ir aizvad\u012bjis \u013coti veiksm\u012bgu vieglatl\u0113tikas sacens\u012bbu sezonu telp\u0101s. Ar [&hellip;]<\/p>\n","protected":false},"author":35,"featured_media":2000,"comment_status":"closed","ping_status":"closed","sticky":false,"template":"","format":"standard","meta":{"_acf_changed":false,"site-sidebar-layout":"default","site-content-layout":"","ast-site-content-layout":"default","site-content-style":"default","site-sidebar-style":"default","ast-global-header-display":"","ast-banner-title-visibility":"","ast-main-header-display":"","ast-hfb-above-header-display":"","ast-hfb-below-header-display":"","ast-hfb-mobile-header-display":"","site-post-title":"","ast-breadcrumbs-content":"","ast-featured-img":"","footer-sml-layout":"","ast-disable-related-posts":"","theme-transparent-header-meta":"","adv-header-id-meta":"","stick-header-meta":"","header-above-stick-meta":"","header-main-stick-meta":"","header-below-stick-meta":"","astra-migrate-meta-layouts":"default","ast-page-background-enabled":"default","ast-page-background-meta":{"desktop":{"background-color":"var(--ast-global-color-5)","background-image":"","background-repeat":"repeat","background-position":"center center","background-size":"auto","background-attachment":"scroll","background-type":"","background-media":"","overlay-type":"","overlay-color":"","overlay-opacity":"","overlay-gradient":""},"tablet":{"background-color":"","background-image":"","background-repeat":"repeat","background-position":"center center","background-size":"auto","background-attachment":"scroll","background-type":"","background-media":"","overlay-type":"","overlay-color":"","overlay-opacity":"","overlay-gradient":""},"mobile":{"background-color":"","background-image":"","background-repeat":"repeat","background-position":"center center","background-size":"auto","background-attachment":"scroll","background-type":"","background-media":"","overlay-type":"","overlay-color":"","overlay-opacity":"","overlay-gradient":""}},"ast-content-background-meta":{"desktop":{"background-color":"var(--ast-global-color-4)","background-image":"","background-repeat":"repeat","background-position":"center center","background-size":"auto","background-attachment":"scroll","background-type":"","background-media":"","overlay-type":"","overlay-color":"","overlay-opacity":"","overlay-gradient":""},"tablet":{"background-color":"var(--ast-global-color-4)","background-image":"","background-repeat":"repeat","background-position":"center center","background-size":"auto","background-attachment":"scroll","background-type":"","background-media":"","overlay-type":"","overlay-color":"","overlay-opacity":"","overlay-gradient":""},"mobile":{"background-color":"var(--ast-global-color-4)","background-image":"","background-repeat":"repeat","background-position":"center center","background-size":"auto","background-attachment":"scroll","background-type":"","background-media":"","overlay-type":"","overlay-color":"","overlay-opacity":"","overlay-gradient":""}},"footnotes":""},"categories":[42,15],"tags":[],"class_list":["post-1999","post","type-post","status-publish","format-standard","has-post-thumbnail","hentry","category-menesa-sportists","category-vieglatletika"],"acf":[],"yoast_head":"<!-- This site is optimized with the Yoast SEO plugin v27.0 - https:\/\/yoast.com\/product\/yoast-seo-wordpress\/ -->\n<title>Febru\u0101ra M\u0113ne\u0161a sportists - vieglatl\u0113ts Maksims Pavlovs - Valmieras Sporta skola<\/title>\n<meta name=\"description\" content=\"Febru\u0101r\u012b M\u0113ne\u0161a sportista titulu individu\u0101laj\u0101 sporta veid\u0101 ieguva vieglatl\u0113ts Maksims Pavlovs, kur\u0161 veiksm\u012bgi aizvad\u012bjis vieglatl\u0113tikas telpu sezonu.\" \/>\n<meta name=\"robots\" content=\"index, follow, max-snippet:-1, max-image-preview:large, max-video-preview:-1\" \/>\n<link rel=\"canonical\" href=\"https:\/\/izglitiba.valmierasnovads.lv\/valmierassportaskola\/februara-menesa-sportists-vieglatlets-maksims-pavlovs\/\" \/>\n<meta property=\"og:locale\" content=\"lv_LV\" \/>\n<meta property=\"og:type\" content=\"article\" \/>\n<meta property=\"og:title\" content=\"Febru\u0101ra M\u0113ne\u0161a sportists - vieglatl\u0113ts Maksims Pavlovs - Valmieras Sporta skola\" \/>\n<meta property=\"og:description\" content=\"Febru\u0101r\u012b M\u0113ne\u0161a sportista titulu individu\u0101laj\u0101 sporta veid\u0101 ieguva vieglatl\u0113ts Maksims Pavlovs, kur\u0161 veiksm\u012bgi aizvad\u012bjis vieglatl\u0113tikas telpu sezonu.\" \/>\n<meta property=\"og:url\" content=\"https:\/\/izglitiba.valmierasnovads.lv\/valmierassportaskola\/februara-menesa-sportists-vieglatlets-maksims-pavlovs\/\" \/>\n<meta property=\"og:site_name\" content=\"Valmieras Sporta skola\" \/>\n<meta property=\"article:published_time\" content=\"2026-04-21T06:00:00+00:00\" \/>\n<meta property=\"og:image\" content=\"https:\/\/izglitiba.valmierasnovads.lv\/valmierassportaskola\/wp-content\/uploads\/sites\/32\/2026\/04\/Menesa-sportists-EB_104-scaled.jpg\" \/>\n\t<meta property=\"og:image:width\" content=\"2560\" \/>\n\t<meta property=\"og:image:height\" content=\"1707\" \/>\n\t<meta property=\"og:image:type\" content=\"image\/jpeg\" \/>\n<meta name=\"author\" content=\"elizapaulaberzina\" \/>\n<meta name=\"twitter:card\" content=\"summary_large_image\" \/>\n<meta name=\"twitter:label1\" content=\"Written by\" \/>\n\t<meta name=\"twitter:data1\" content=\"elizapaulaberzina\" \/>\n\t<meta name=\"twitter:label2\" content=\"Est. reading time\" \/>\n\t<meta name=\"twitter:data2\" content=\"4 min\u016btes\" \/>\n<script type=\"application\/ld+json\" class=\"yoast-schema-graph\">{\"@context\":\"https:\/\/schema.org\",\"@graph\":[{\"@type\":\"Article\",\"@id\":\"https:\/\/izglitiba.valmierasnovads.lv\/valmierassportaskola\/februara-menesa-sportists-vieglatlets-maksims-pavlovs\/#article\",\"isPartOf\":{\"@id\":\"https:\/\/izglitiba.valmierasnovads.lv\/valmierassportaskola\/februara-menesa-sportists-vieglatlets-maksims-pavlovs\/\"},\"author\":{\"name\":\"elizapaulaberzina\",\"@id\":\"https:\/\/izglitiba.valmierasnovads.lv\/valmierassportaskola\/#\/schema\/person\/4e13d7d7bc4bdf97ddcbe604aa40a49e\"},\"headline\":\"Febru\u0101ra M\u0113ne\u0161a sportists &#8211; vieglatl\u0113ts Maksims Pavlovs\",\"datePublished\":\"2026-04-21T06:00:00+00:00\",\"mainEntityOfPage\":{\"@id\":\"https:\/\/izglitiba.valmierasnovads.lv\/valmierassportaskola\/februara-menesa-sportists-vieglatlets-maksims-pavlovs\/\"},\"wordCount\":687,\"publisher\":{\"@id\":\"https:\/\/izglitiba.valmierasnovads.lv\/valmierassportaskola\/#organization\"},\"image\":{\"@id\":\"https:\/\/izglitiba.valmierasnovads.lv\/valmierassportaskola\/februara-menesa-sportists-vieglatlets-maksims-pavlovs\/#primaryimage\"},\"thumbnailUrl\":\"https:\/\/izglitiba.valmierasnovads.lv\/valmierassportaskola\/wp-content\/uploads\/sites\/32\/2026\/04\/Menesa-sportists-EB_104-scaled.jpg\",\"articleSection\":[\"M\u0113ne\u0161a sportists\",\"Vieglatl\u0113tika\"],\"inLanguage\":\"lv-LV\"},{\"@type\":\"WebPage\",\"@id\":\"https:\/\/izglitiba.valmierasnovads.lv\/valmierassportaskola\/februara-menesa-sportists-vieglatlets-maksims-pavlovs\/\",\"url\":\"https:\/\/izglitiba.valmierasnovads.lv\/valmierassportaskola\/februara-menesa-sportists-vieglatlets-maksims-pavlovs\/\",\"name\":\"Febru\u0101ra M\u0113ne\u0161a sportists - vieglatl\u0113ts Maksims Pavlovs - Valmieras Sporta skola\",\"isPartOf\":{\"@id\":\"https:\/\/izglitiba.valmierasnovads.lv\/valmierassportaskola\/#website\"},\"primaryImageOfPage\":{\"@id\":\"https:\/\/izglitiba.valmierasnovads.lv\/valmierassportaskola\/februara-menesa-sportists-vieglatlets-maksims-pavlovs\/#primaryimage\"},\"image\":{\"@id\":\"https:\/\/izglitiba.valmierasnovads.lv\/valmierassportaskola\/februara-menesa-sportists-vieglatlets-maksims-pavlovs\/#primaryimage\"},\"thumbnailUrl\":\"https:\/\/izglitiba.valmierasnovads.lv\/valmierassportaskola\/wp-content\/uploads\/sites\/32\/2026\/04\/Menesa-sportists-EB_104-scaled.jpg\",\"datePublished\":\"2026-04-21T06:00:00+00:00\",\"description\":\"Febru\u0101r\u012b M\u0113ne\u0161a sportista titulu individu\u0101laj\u0101 sporta veid\u0101 ieguva vieglatl\u0113ts Maksims Pavlovs, kur\u0161 veiksm\u012bgi aizvad\u012bjis vieglatl\u0113tikas telpu sezonu.\",\"breadcrumb\":{\"@id\":\"https:\/\/izglitiba.valmierasnovads.lv\/valmierassportaskola\/februara-menesa-sportists-vieglatlets-maksims-pavlovs\/#breadcrumb\"},\"inLanguage\":\"lv-LV\",\"potentialAction\":[{\"@type\":\"ReadAction\",\"target\":[\"https:\/\/izglitiba.valmierasnovads.lv\/valmierassportaskola\/februara-menesa-sportists-vieglatlets-maksims-pavlovs\/\"]}]},{\"@type\":\"ImageObject\",\"inLanguage\":\"lv-LV\",\"@id\":\"https:\/\/izglitiba.valmierasnovads.lv\/valmierassportaskola\/februara-menesa-sportists-vieglatlets-maksims-pavlovs\/#primaryimage\",\"url\":\"https:\/\/izglitiba.valmierasnovads.lv\/valmierassportaskola\/wp-content\/uploads\/sites\/32\/2026\/04\/Menesa-sportists-EB_104-scaled.jpg\",\"contentUrl\":\"https:\/\/izglitiba.valmierasnovads.lv\/valmierassportaskola\/wp-content\/uploads\/sites\/32\/2026\/04\/Menesa-sportists-EB_104-scaled.jpg\",\"width\":2560,\"height\":1707},{\"@type\":\"BreadcrumbList\",\"@id\":\"https:\/\/izglitiba.valmierasnovads.lv\/valmierassportaskola\/februara-menesa-sportists-vieglatlets-maksims-pavlovs\/#breadcrumb\",\"itemListElement\":[{\"@type\":\"ListItem\",\"position\":1,\"name\":\"Home\",\"item\":\"https:\/\/izglitiba.valmierasnovads.lv\/valmierassportaskola\/\"},{\"@type\":\"ListItem\",\"position\":2,\"name\":\"Febru\u0101ra M\u0113ne\u0161a sportists &#8211; vieglatl\u0113ts Maksims Pavlovs\"}]},{\"@type\":\"WebSite\",\"@id\":\"https:\/\/izglitiba.valmierasnovads.lv\/valmierassportaskola\/#website\",\"url\":\"https:\/\/izglitiba.valmierasnovads.lv\/valmierassportaskola\/\",\"name\":\"Valmieras Sporta skola\",\"description\":\"\",\"publisher\":{\"@id\":\"https:\/\/izglitiba.valmierasnovads.lv\/valmierassportaskola\/#organization\"},\"potentialAction\":[{\"@type\":\"SearchAction\",\"target\":{\"@type\":\"EntryPoint\",\"urlTemplate\":\"https:\/\/izglitiba.valmierasnovads.lv\/valmierassportaskola\/?s={search_term_string}\"},\"query-input\":{\"@type\":\"PropertyValueSpecification\",\"valueRequired\":true,\"valueName\":\"search_term_string\"}}],\"inLanguage\":\"lv-LV\"},{\"@type\":\"Organization\",\"@id\":\"https:\/\/izglitiba.valmierasnovads.lv\/valmierassportaskola\/#organization\",\"name\":\"Valmieras Sporta skola\",\"url\":\"https:\/\/izglitiba.valmierasnovads.lv\/valmierassportaskola\/\",\"logo\":{\"@type\":\"ImageObject\",\"inLanguage\":\"lv-LV\",\"@id\":\"https:\/\/izglitiba.valmierasnovads.lv\/valmierassportaskola\/#\/schema\/logo\/image\/\",\"url\":\"https:\/\/izglitiba.valmierasnovads.lv\/valmierassportaskola\/wp-content\/uploads\/sites\/32\/2025\/06\/cropped-Logo_Valmieras_sporta_skola_melns-1.png\",\"contentUrl\":\"https:\/\/izglitiba.valmierasnovads.lv\/valmierassportaskola\/wp-content\/uploads\/sites\/32\/2025\/06\/cropped-Logo_Valmieras_sporta_skola_melns-1.png\",\"width\":2354,\"height\":596,\"caption\":\"Valmieras Sporta skola\"},\"image\":{\"@id\":\"https:\/\/izglitiba.valmierasnovads.lv\/valmierassportaskola\/#\/schema\/logo\/image\/\"}},{\"@type\":\"Person\",\"@id\":\"https:\/\/izglitiba.valmierasnovads.lv\/valmierassportaskola\/#\/schema\/person\/4e13d7d7bc4bdf97ddcbe604aa40a49e\",\"name\":\"elizapaulaberzina\",\"image\":{\"@type\":\"ImageObject\",\"inLanguage\":\"lv-LV\",\"@id\":\"https:\/\/izglitiba.valmierasnovads.lv\/valmierassportaskola\/#\/schema\/person\/image\/\",\"url\":\"https:\/\/secure.gravatar.com\/avatar\/eee97abe3c677b8a6a728841cbeafc12cf7e82108e16507228a78617dfb0e663?s=96&d=mm&r=g\",\"contentUrl\":\"https:\/\/secure.gravatar.com\/avatar\/eee97abe3c677b8a6a728841cbeafc12cf7e82108e16507228a78617dfb0e663?s=96&d=mm&r=g\",\"caption\":\"elizapaulaberzina\"},\"url\":\"https:\/\/izglitiba.valmierasnovads.lv\/valmierassportaskola\/author\/elizapaulaberzina\/\"}]}<\/script>\n<!-- \/ Yoast SEO plugin. -->","yoast_head_json":{"title":"Febru\u0101ra M\u0113ne\u0161a sportists - vieglatl\u0113ts Maksims Pavlovs - Valmieras Sporta skola","description":"Febru\u0101r\u012b M\u0113ne\u0161a sportista titulu individu\u0101laj\u0101 sporta veid\u0101 ieguva vieglatl\u0113ts Maksims Pavlovs, kur\u0161 veiksm\u012bgi aizvad\u012bjis vieglatl\u0113tikas telpu sezonu.","robots":{"index":"index","follow":"follow","max-snippet":"max-snippet:-1","max-image-preview":"max-image-preview:large","max-video-preview":"max-video-preview:-1"},"canonical":"https:\/\/izglitiba.valmierasnovads.lv\/valmierassportaskola\/februara-menesa-sportists-vieglatlets-maksims-pavlovs\/","og_locale":"lv_LV","og_type":"article","og_title":"Febru\u0101ra M\u0113ne\u0161a sportists - vieglatl\u0113ts Maksims Pavlovs - Valmieras Sporta skola","og_description":"Febru\u0101r\u012b M\u0113ne\u0161a sportista titulu individu\u0101laj\u0101 sporta veid\u0101 ieguva vieglatl\u0113ts Maksims Pavlovs, kur\u0161 veiksm\u012bgi aizvad\u012bjis vieglatl\u0113tikas telpu sezonu.","og_url":"https:\/\/izglitiba.valmierasnovads.lv\/valmierassportaskola\/februara-menesa-sportists-vieglatlets-maksims-pavlovs\/","og_site_name":"Valmieras Sporta skola","article_published_time":"2026-04-21T06:00:00+00:00","og_image":[{"width":2560,"height":1707,"url":"https:\/\/izglitiba.valmierasnovads.lv\/valmierassportaskola\/wp-content\/uploads\/sites\/32\/2026\/04\/Menesa-sportists-EB_104-scaled.jpg","type":"image\/jpeg"}],"author":"elizapaulaberzina","twitter_card":"summary_large_image","twitter_misc":{"Written by":"elizapaulaberzina","Est. reading time":"4 min\u016btes"},"schema":{"@context":"https:\/\/schema.org","@graph":[{"@type":"Article","@id":"https:\/\/izglitiba.valmierasnovads.lv\/valmierassportaskola\/februara-menesa-sportists-vieglatlets-maksims-pavlovs\/#article","isPartOf":{"@id":"https:\/\/izglitiba.valmierasnovads.lv\/valmierassportaskola\/februara-menesa-sportists-vieglatlets-maksims-pavlovs\/"},"author":{"name":"elizapaulaberzina","@id":"https:\/\/izglitiba.valmierasnovads.lv\/valmierassportaskola\/#\/schema\/person\/4e13d7d7bc4bdf97ddcbe604aa40a49e"},"headline":"Febru\u0101ra M\u0113ne\u0161a sportists &#8211; vieglatl\u0113ts Maksims Pavlovs","datePublished":"2026-04-21T06:00:00+00:00","mainEntityOfPage":{"@id":"https:\/\/izglitiba.valmierasnovads.lv\/valmierassportaskola\/februara-menesa-sportists-vieglatlets-maksims-pavlovs\/"},"wordCount":687,"publisher":{"@id":"https:\/\/izglitiba.valmierasnovads.lv\/valmierassportaskola\/#organization"},"image":{"@id":"https:\/\/izglitiba.valmierasnovads.lv\/valmierassportaskola\/februara-menesa-sportists-vieglatlets-maksims-pavlovs\/#primaryimage"},"thumbnailUrl":"https:\/\/izglitiba.valmierasnovads.lv\/valmierassportaskola\/wp-content\/uploads\/sites\/32\/2026\/04\/Menesa-sportists-EB_104-scaled.jpg","articleSection":["M\u0113ne\u0161a sportists","Vieglatl\u0113tika"],"inLanguage":"lv-LV"},{"@type":"WebPage","@id":"https:\/\/izglitiba.valmierasnovads.lv\/valmierassportaskola\/februara-menesa-sportists-vieglatlets-maksims-pavlovs\/","url":"https:\/\/izglitiba.valmierasnovads.lv\/valmierassportaskola\/februara-menesa-sportists-vieglatlets-maksims-pavlovs\/","name":"Febru\u0101ra M\u0113ne\u0161a sportists - vieglatl\u0113ts Maksims Pavlovs - Valmieras Sporta skola","isPartOf":{"@id":"https:\/\/izglitiba.valmierasnovads.lv\/valmierassportaskola\/#website"},"primaryImageOfPage":{"@id":"https:\/\/izglitiba.valmierasnovads.lv\/valmierassportaskola\/februara-menesa-sportists-vieglatlets-maksims-pavlovs\/#primaryimage"},"image":{"@id":"https:\/\/izglitiba.valmierasnovads.lv\/valmierassportaskola\/februara-menesa-sportists-vieglatlets-maksims-pavlovs\/#primaryimage"},"thumbnailUrl":"https:\/\/izglitiba.valmierasnovads.lv\/valmierassportaskola\/wp-content\/uploads\/sites\/32\/2026\/04\/Menesa-sportists-EB_104-scaled.jpg","datePublished":"2026-04-21T06:00:00+00:00","description":"Febru\u0101r\u012b M\u0113ne\u0161a sportista titulu individu\u0101laj\u0101 sporta veid\u0101 ieguva vieglatl\u0113ts Maksims Pavlovs, kur\u0161 veiksm\u012bgi aizvad\u012bjis vieglatl\u0113tikas telpu sezonu.","breadcrumb":{"@id":"https:\/\/izglitiba.valmierasnovads.lv\/valmierassportaskola\/februara-menesa-sportists-vieglatlets-maksims-pavlovs\/#breadcrumb"},"inLanguage":"lv-LV","potentialAction":[{"@type":"ReadAction","target":["https:\/\/izglitiba.valmierasnovads.lv\/valmierassportaskola\/februara-menesa-sportists-vieglatlets-maksims-pavlovs\/"]}]},{"@type":"ImageObject","inLanguage":"lv-LV","@id":"https:\/\/izglitiba.valmierasnovads.lv\/valmierassportaskola\/februara-menesa-sportists-vieglatlets-maksims-pavlovs\/#primaryimage","url":"https:\/\/izglitiba.valmierasnovads.lv\/valmierassportaskola\/wp-content\/uploads\/sites\/32\/2026\/04\/Menesa-sportists-EB_104-scaled.jpg","contentUrl":"https:\/\/izglitiba.valmierasnovads.lv\/valmierassportaskola\/wp-content\/uploads\/sites\/32\/2026\/04\/Menesa-sportists-EB_104-scaled.jpg","width":2560,"height":1707},{"@type":"BreadcrumbList","@id":"https:\/\/izglitiba.valmierasnovads.lv\/valmierassportaskola\/februara-menesa-sportists-vieglatlets-maksims-pavlovs\/#breadcrumb","itemListElement":[{"@type":"ListItem","position":1,"name":"Home","item":"https:\/\/izglitiba.valmierasnovads.lv\/valmierassportaskola\/"},{"@type":"ListItem","position":2,"name":"Febru\u0101ra M\u0113ne\u0161a sportists &#8211; vieglatl\u0113ts Maksims Pavlovs"}]},{"@type":"WebSite","@id":"https:\/\/izglitiba.valmierasnovads.lv\/valmierassportaskola\/#website","url":"https:\/\/izglitiba.valmierasnovads.lv\/valmierassportaskola\/","name":"Valmieras Sporta skola","description":"","publisher":{"@id":"https:\/\/izglitiba.valmierasnovads.lv\/valmierassportaskola\/#organization"},"potentialAction":[{"@type":"SearchAction","target":{"@type":"EntryPoint","urlTemplate":"https:\/\/izglitiba.valmierasnovads.lv\/valmierassportaskola\/?s={search_term_string}"},"query-input":{"@type":"PropertyValueSpecification","valueRequired":true,"valueName":"search_term_string"}}],"inLanguage":"lv-LV"},{"@type":"Organization","@id":"https:\/\/izglitiba.valmierasnovads.lv\/valmierassportaskola\/#organization","name":"Valmieras Sporta skola","url":"https:\/\/izglitiba.valmierasnovads.lv\/valmierassportaskola\/","logo":{"@type":"ImageObject","inLanguage":"lv-LV","@id":"https:\/\/izglitiba.valmierasnovads.lv\/valmierassportaskola\/#\/schema\/logo\/image\/","url":"https:\/\/izglitiba.valmierasnovads.lv\/valmierassportaskola\/wp-content\/uploads\/sites\/32\/2025\/06\/cropped-Logo_Valmieras_sporta_skola_melns-1.png","contentUrl":"https:\/\/izglitiba.valmierasnovads.lv\/valmierassportaskola\/wp-content\/uploads\/sites\/32\/2025\/06\/cropped-Logo_Valmieras_sporta_skola_melns-1.png","width":2354,"height":596,"caption":"Valmieras Sporta skola"},"image":{"@id":"https:\/\/izglitiba.valmierasnovads.lv\/valmierassportaskola\/#\/schema\/logo\/image\/"}},{"@type":"Person","@id":"https:\/\/izglitiba.valmierasnovads.lv\/valmierassportaskola\/#\/schema\/person\/4e13d7d7bc4bdf97ddcbe604aa40a49e","name":"elizapaulaberzina","image":{"@type":"ImageObject","inLanguage":"lv-LV","@id":"https:\/\/izglitiba.valmierasnovads.lv\/valmierassportaskola\/#\/schema\/person\/image\/","url":"https:\/\/secure.gravatar.com\/avatar\/eee97abe3c677b8a6a728841cbeafc12cf7e82108e16507228a78617dfb0e663?s=96&d=mm&r=g","contentUrl":"https:\/\/secure.gravatar.com\/avatar\/eee97abe3c677b8a6a728841cbeafc12cf7e82108e16507228a78617dfb0e663?s=96&d=mm&r=g","caption":"elizapaulaberzina"},"url":"https:\/\/izglitiba.valmierasnovads.lv\/valmierassportaskola\/author\/elizapaulaberzina\/"}]}},"_links":{"self":[{"href":"https:\/\/izglitiba.valmierasnovads.lv\/valmierassportaskola\/wp-json\/wp\/v2\/posts\/1999","targetHints":{"allow":["GET"]}}],"collection":[{"href":"https:\/\/izglitiba.valmierasnovads.lv\/valmierassportaskola\/wp-json\/wp\/v2\/posts"}],"about":[{"href":"https:\/\/izglitiba.valmierasnovads.lv\/valmierassportaskola\/wp-json\/wp\/v2\/types\/post"}],"author":[{"embeddable":true,"href":"https:\/\/izglitiba.valmierasnovads.lv\/valmierassportaskola\/wp-json\/wp\/v2\/users\/35"}],"replies":[{"embeddable":true,"href":"https:\/\/izglitiba.valmierasnovads.lv\/valmierassportaskola\/wp-json\/wp\/v2\/comments?post=1999"}],"version-history":[{"count":1,"href":"https:\/\/izglitiba.valmierasnovads.lv\/valmierassportaskola\/wp-json\/wp\/v2\/posts\/1999\/revisions"}],"predecessor-version":[{"id":2007,"href":"https:\/\/izglitiba.valmierasnovads.lv\/valmierassportaskola\/wp-json\/wp\/v2\/posts\/1999\/revisions\/2007"}],"wp:featuredmedia":[{"embeddable":true,"href":"https:\/\/izglitiba.valmierasnovads.lv\/valmierassportaskola\/wp-json\/wp\/v2\/media\/2000"}],"wp:attachment":[{"href":"https:\/\/izglitiba.valmierasnovads.lv\/valmierassportaskola\/wp-json\/wp\/v2\/media?parent=1999"}],"wp:term":[{"taxonomy":"category","embeddable":true,"href":"https:\/\/izglitiba.valmierasnovads.lv\/valmierassportaskola\/wp-json\/wp\/v2\/categories?post=1999"},{"taxonomy":"post_tag","embeddable":true,"href":"https:\/\/izglitiba.valmierasnovads.lv\/valmierassportaskola\/wp-json\/wp\/v2\/tags?post=1999"}],"curies":[{"name":"wp","href":"https:\/\/api.w.org\/{rel}","templated":true}]}}