{"id":298,"date":"2025-08-28T10:02:26","date_gmt":"2025-08-28T07:02:26","guid":{"rendered":"https:\/\/izglitiba.valmierasnovads.lv\/valmierassportaskola\/?p=298"},"modified":"2025-09-12T09:26:50","modified_gmt":"2025-09-12T06:26:50","slug":"vetra-memeles-krasta","status":"publish","type":"post","link":"https:\/\/izglitiba.valmierasnovads.lv\/valmierassportaskola\/vetra-memeles-krasta\/","title":{"rendered":"V\u0113tra M\u0113meles krast\u0101"},"content":{"rendered":"\n<p>Bausk\u0101 M\u0113meles up\u0113 aizvad\u012bts Latvijas jaunatnes \u010dempion\u0101ts air\u0113\u0161anas slalom\u0101. Valmieras novada un Valmieras Sporta skolas audz\u0113k\u0146i taj\u0101 izc\u012bn\u012bja 5 zelta, vienu sudraba un vienu bronzas meda\u013cu.<\/p>\n\n\n\n<p>Azarta pilnas sacens\u012bbas izv\u0113rt\u0101s meite\u0146u laivu klas\u0113s. Vi\u0146\u0101m tika pied\u0101v\u0101tas start\u0113t 2 vecuma grup\u0101s: U14 un U18. Jau pirms sacens\u012bbu s\u0101kuma komandu treneri bija vienispr\u0101tis, ka WK-1 laivu klas\u0113 U14 grup\u0101 galven\u0101 pretendente uz uzvaru ir Valmieras Sporta skolas audz\u0113kne Ilze Biezi\u0146a, bet U18 grup\u0101 liep\u0101jniece un pag\u0101ju\u0161\u0101 gada valsts \u010dempione Elizabete Kurvina. <\/p>\n\n\n\n<p>Kvalifik\u0101cij\u0101 abas sportistes uzr\u0101d\u012bja \u0101tr\u0101kos laikus: Ilzei \u2013 108.65 sek., Elizabetei \u2013 109.52 sek., p\u0101r\u0113j\u0101m dal\u012bbniec\u0113m atpaliekot par vair\u0101k\u0101m sekund\u0113m. Fin\u0101l\u0101 ab\u0101m favor\u012bt\u0113m gan k\u013c\u016bdas, kas atst\u0101j abas \u0101rpus lab\u0101ko tr\u012bnieka. U14 grup\u0101 p\u0101rliecino\u0161i start\u0113 Ilzes komandas biedrene Gabriala Tirz\u012bte un sag\u0101d\u0101 p\u0101rsteigumu izc\u012bnot uzvaru. U18 grup\u0101, ar lielisku sniegumu nep\u0101rsp\u0113ta palika m\u0101jiniece El\u012bza T\u0101re.<br>P\u0113c neveiksmes K1 laivu klas\u0113 C-1 laivu klas\u0113 sieviet\u0113m U14 grup\u0101 p\u0101rliecino\u0161i uzvar\u0113ja Ilze Biezi\u0146a, k\u013c\u016bstot par Latvijas jaunatnes \u010dempioni.<br>Pa\u0161i jaun\u0101kie \u010dempion\u0101ta dal\u012bbnieki bija z\u0113ni U10 grup\u0101 K-1 laivu klas\u0113. Ar dro\u0161u un atrakt\u012bvu braucienu \u010dempiona titulu izc\u012bn\u012bja Valmieras Sporta skolas audz\u0113knis Hugo Egl\u012btis.<br>V\u0113tra, uztraukumi un gandar\u012bjums par \u010dempiona tituliem Bausk\u0101 jau aiz muguras \u2013 slaloma sacens\u012bbu karuselis turpin\u0101s. \u0160o sestdien un sv\u0113tdien (30.\u201331.08.) Valmier\u0101 tras\u0113 \u201cKr\u0101ces\u201d notiks Baltijas re\u0123iona sacens\u012bbu cikla Nordic Cup Latvijas posms. M\u016bsu sportisti var\u0113s sal\u012bdzin\u0101t sp\u0113kus ar \u0101rvalstu konkurentiem, bet skat\u012bt\u0101jiem b\u016bs iesp\u0113ja redz\u0113t aizraujo\u0161us startus.<br>Pie durv\u012bm jau septembris \u2013 Valmieras Sporta skolas air\u0113\u0161anas slaloma grupa uz\u0146em jaunus dal\u012bbniekus. Jaunie\u0161i, kas v\u0113las apg\u016bt sare\u017e\u0123\u012bto, atrakt\u012bvo un nedaudz ekstr\u0113mo laivas vad\u012b\u0161anas prasmi kr\u0101c\u0113s, aicin\u0101ti darbdien\u0101s plkst. 15.45 ierasties air\u0113\u0161anas b\u0101z\u0113 un pieteikties pie trenera L. Be\u010dera.<\/p>\n\n\n<style>.wp-block-kadence-advancedheading.kt-adv-heading298_fe9ab1-21, .wp-block-kadence-advancedheading.kt-adv-heading298_fe9ab1-21[data-kb-block=\"kb-adv-heading298_fe9ab1-21\"]{font-style:normal;}.wp-block-kadence-advancedheading.kt-adv-heading298_fe9ab1-21 mark.kt-highlight, .wp-block-kadence-advancedheading.kt-adv-heading298_fe9ab1-21[data-kb-block=\"kb-adv-heading298_fe9ab1-21\"] mark.kt-highlight{font-style:normal;color:#f76a0c;-webkit-box-decoration-break:clone;box-decoration-break:clone;padding-top:0px;padding-right:0px;padding-bottom:0px;padding-left:0px;}.wp-block-kadence-advancedheading.kt-adv-heading298_fe9ab1-21 img.kb-inline-image, .wp-block-kadence-advancedheading.kt-adv-heading298_fe9ab1-21[data-kb-block=\"kb-adv-heading298_fe9ab1-21\"] img.kb-inline-image{width:150px;vertical-align:baseline;}<\/style>\n<div class=\"kt-adv-heading298_fe9ab1-21 wp-block-kadence-advancedheading\" data-kb-block=\"kb-adv-heading298_fe9ab1-21\">Foto&nbsp;J. Dzi\u013cums<br>Inform\u0101ciju sagatavoja L. Be\u010ders<\/div>\n\n\n\n<p><\/p>\n\n\n\n<p><\/p>\n","protected":false},"excerpt":{"rendered":"<p>Bausk\u0101 M\u0113meles up\u0113 aizvad\u012bts Latvijas jaunatnes \u010dempion\u0101ts air\u0113\u0161anas slalom\u0101. Valmieras novada un Valmieras Sporta skolas audz\u0113k\u0146i taj\u0101 izc\u012bn\u012bja 5 zelta, [&hellip;]<\/p>\n","protected":false},"author":35,"featured_media":299,"comment_status":"closed","ping_status":"closed","sticky":false,"template":"","format":"standard","meta":{"_acf_changed":false,"site-sidebar-layout":"default","site-content-layout":"","ast-site-content-layout":"default","site-content-style":"default","site-sidebar-style":"default","ast-global-header-display":"","ast-banner-title-visibility":"","ast-main-header-display":"","ast-hfb-above-header-display":"","ast-hfb-below-header-display":"","ast-hfb-mobile-header-display":"","site-post-title":"","ast-breadcrumbs-content":"","ast-featured-img":"","footer-sml-layout":"","ast-disable-related-posts":"","theme-transparent-header-meta":"","adv-header-id-meta":"","stick-header-meta":"","header-above-stick-meta":"","header-main-stick-meta":"","header-below-stick-meta":"","astra-migrate-meta-layouts":"default","ast-page-background-enabled":"default","ast-page-background-meta":{"desktop":{"background-color":"var(--ast-global-color-5)","background-image":"","background-repeat":"repeat","background-position":"center center","background-size":"auto","background-attachment":"scroll","background-type":"","background-media":"","overlay-type":"","overlay-color":"","overlay-opacity":"","overlay-gradient":""},"tablet":{"background-color":"","background-image":"","background-repeat":"repeat","background-position":"center center","background-size":"auto","background-attachment":"scroll","background-type":"","background-media":"","overlay-type":"","overlay-color":"","overlay-opacity":"","overlay-gradient":""},"mobile":{"background-color":"","background-image":"","background-repeat":"repeat","background-position":"center center","background-size":"auto","background-attachment":"scroll","background-type":"","background-media":"","overlay-type":"","overlay-color":"","overlay-opacity":"","overlay-gradient":""}},"ast-content-background-meta":{"desktop":{"background-color":"var(--ast-global-color-4)","background-image":"","background-repeat":"repeat","background-position":"center center","background-size":"auto","background-attachment":"scroll","background-type":"","background-media":"","overlay-type":"","overlay-color":"","overlay-opacity":"","overlay-gradient":""},"tablet":{"background-color":"var(--ast-global-color-4)","background-image":"","background-repeat":"repeat","background-position":"center center","background-size":"auto","background-attachment":"scroll","background-type":"","background-media":"","overlay-type":"","overlay-color":"","overlay-opacity":"","overlay-gradient":""},"mobile":{"background-color":"var(--ast-global-color-4)","background-image":"","background-repeat":"repeat","background-position":"center center","background-size":"auto","background-attachment":"scroll","background-type":"","background-media":"","overlay-type":"","overlay-color":"","overlay-opacity":"","overlay-gradient":""}},"footnotes":""},"categories":[6],"tags":[],"class_list":["post-298","post","type-post","status-publish","format-standard","has-post-thumbnail","hentry","category-airesanas-slaloms"],"acf":[],"yoast_head":"<!-- This site is optimized with the Yoast SEO plugin v27.0 - https:\/\/yoast.com\/product\/yoast-seo-wordpress\/ -->\n<title>V\u0113tra M\u0113meles krast\u0101 - Valmieras Sporta skola<\/title>\n<meta name=\"description\" content=\"Valmieras Sporta skolas audz\u0113k\u0146u sasniegumu apraksts p\u0113c sacens\u012bb\u0101m air\u0113\u0161anas slalom\u0101 M\u0113meles up\u0113.\" \/>\n<meta name=\"robots\" content=\"index, follow, max-snippet:-1, max-image-preview:large, max-video-preview:-1\" \/>\n<link rel=\"canonical\" href=\"https:\/\/izglitiba.valmierasnovads.lv\/valmierassportaskola\/vetra-memeles-krasta\/\" \/>\n<meta property=\"og:locale\" content=\"lv_LV\" \/>\n<meta property=\"og:type\" content=\"article\" \/>\n<meta property=\"og:title\" content=\"V\u0113tra M\u0113meles krast\u0101 - Valmieras Sporta skola\" \/>\n<meta property=\"og:description\" content=\"Valmieras Sporta skolas audz\u0113k\u0146u sasniegumu apraksts p\u0113c sacens\u012bb\u0101m air\u0113\u0161anas slalom\u0101 M\u0113meles up\u0113.\" \/>\n<meta property=\"og:url\" content=\"https:\/\/izglitiba.valmierasnovads.lv\/valmierassportaskola\/vetra-memeles-krasta\/\" \/>\n<meta property=\"og:site_name\" content=\"Valmieras Sporta skola\" \/>\n<meta property=\"article:published_time\" content=\"2025-08-28T07:02:26+00:00\" \/>\n<meta property=\"article:modified_time\" content=\"2025-09-12T06:26:50+00:00\" \/>\n<meta property=\"og:image\" content=\"https:\/\/izglitiba.valmierasnovads.lv\/valmierassportaskola\/wp-content\/uploads\/sites\/32\/2025\/08\/540263451_1241074067819698_5492022360646845083_n.jpg\" \/>\n\t<meta property=\"og:image:width\" content=\"2048\" \/>\n\t<meta property=\"og:image:height\" content=\"1365\" \/>\n\t<meta property=\"og:image:type\" content=\"image\/jpeg\" \/>\n<meta name=\"author\" content=\"elizapaulaberzina\" \/>\n<meta name=\"twitter:card\" content=\"summary_large_image\" \/>\n<meta name=\"twitter:label1\" content=\"Written by\" \/>\n\t<meta name=\"twitter:data1\" content=\"elizapaulaberzina\" \/>\n\t<meta name=\"twitter:label2\" content=\"Est. reading time\" \/>\n\t<meta name=\"twitter:data2\" content=\"2 min\u016btes\" \/>\n<script type=\"application\/ld+json\" class=\"yoast-schema-graph\">{\"@context\":\"https:\/\/schema.org\",\"@graph\":[{\"@type\":\"Article\",\"@id\":\"https:\/\/izglitiba.valmierasnovads.lv\/valmierassportaskola\/vetra-memeles-krasta\/#article\",\"isPartOf\":{\"@id\":\"https:\/\/izglitiba.valmierasnovads.lv\/valmierassportaskola\/vetra-memeles-krasta\/\"},\"author\":{\"name\":\"elizapaulaberzina\",\"@id\":\"https:\/\/izglitiba.valmierasnovads.lv\/valmierassportaskola\/#\/schema\/person\/4e13d7d7bc4bdf97ddcbe604aa40a49e\"},\"headline\":\"V\u0113tra M\u0113meles krast\u0101\",\"datePublished\":\"2025-08-28T07:02:26+00:00\",\"dateModified\":\"2025-09-12T06:26:50+00:00\",\"mainEntityOfPage\":{\"@id\":\"https:\/\/izglitiba.valmierasnovads.lv\/valmierassportaskola\/vetra-memeles-krasta\/\"},\"wordCount\":384,\"publisher\":{\"@id\":\"https:\/\/izglitiba.valmierasnovads.lv\/valmierassportaskola\/#organization\"},\"image\":{\"@id\":\"https:\/\/izglitiba.valmierasnovads.lv\/valmierassportaskola\/vetra-memeles-krasta\/#primaryimage\"},\"thumbnailUrl\":\"https:\/\/izglitiba.valmierasnovads.lv\/valmierassportaskola\/wp-content\/uploads\/sites\/32\/2025\/08\/540263451_1241074067819698_5492022360646845083_n.jpg\",\"articleSection\":[\"Air\u0113\u0161anas slaloms\"],\"inLanguage\":\"lv-LV\"},{\"@type\":\"WebPage\",\"@id\":\"https:\/\/izglitiba.valmierasnovads.lv\/valmierassportaskola\/vetra-memeles-krasta\/\",\"url\":\"https:\/\/izglitiba.valmierasnovads.lv\/valmierassportaskola\/vetra-memeles-krasta\/\",\"name\":\"V\u0113tra M\u0113meles krast\u0101 - Valmieras Sporta skola\",\"isPartOf\":{\"@id\":\"https:\/\/izglitiba.valmierasnovads.lv\/valmierassportaskola\/#website\"},\"primaryImageOfPage\":{\"@id\":\"https:\/\/izglitiba.valmierasnovads.lv\/valmierassportaskola\/vetra-memeles-krasta\/#primaryimage\"},\"image\":{\"@id\":\"https:\/\/izglitiba.valmierasnovads.lv\/valmierassportaskola\/vetra-memeles-krasta\/#primaryimage\"},\"thumbnailUrl\":\"https:\/\/izglitiba.valmierasnovads.lv\/valmierassportaskola\/wp-content\/uploads\/sites\/32\/2025\/08\/540263451_1241074067819698_5492022360646845083_n.jpg\",\"datePublished\":\"2025-08-28T07:02:26+00:00\",\"dateModified\":\"2025-09-12T06:26:50+00:00\",\"description\":\"Valmieras Sporta skolas audz\u0113k\u0146u sasniegumu apraksts p\u0113c sacens\u012bb\u0101m air\u0113\u0161anas slalom\u0101 M\u0113meles up\u0113.\",\"breadcrumb\":{\"@id\":\"https:\/\/izglitiba.valmierasnovads.lv\/valmierassportaskola\/vetra-memeles-krasta\/#breadcrumb\"},\"inLanguage\":\"lv-LV\",\"potentialAction\":[{\"@type\":\"ReadAction\",\"target\":[\"https:\/\/izglitiba.valmierasnovads.lv\/valmierassportaskola\/vetra-memeles-krasta\/\"]}]},{\"@type\":\"ImageObject\",\"inLanguage\":\"lv-LV\",\"@id\":\"https:\/\/izglitiba.valmierasnovads.lv\/valmierassportaskola\/vetra-memeles-krasta\/#primaryimage\",\"url\":\"https:\/\/izglitiba.valmierasnovads.lv\/valmierassportaskola\/wp-content\/uploads\/sites\/32\/2025\/08\/540263451_1241074067819698_5492022360646845083_n.jpg\",\"contentUrl\":\"https:\/\/izglitiba.valmierasnovads.lv\/valmierassportaskola\/wp-content\/uploads\/sites\/32\/2025\/08\/540263451_1241074067819698_5492022360646845083_n.jpg\",\"width\":2048,\"height\":1365},{\"@type\":\"BreadcrumbList\",\"@id\":\"https:\/\/izglitiba.valmierasnovads.lv\/valmierassportaskola\/vetra-memeles-krasta\/#breadcrumb\",\"itemListElement\":[{\"@type\":\"ListItem\",\"position\":1,\"name\":\"Home\",\"item\":\"https:\/\/izglitiba.valmierasnovads.lv\/valmierassportaskola\/\"},{\"@type\":\"ListItem\",\"position\":2,\"name\":\"V\u0113tra M\u0113meles krast\u0101\"}]},{\"@type\":\"WebSite\",\"@id\":\"https:\/\/izglitiba.valmierasnovads.lv\/valmierassportaskola\/#website\",\"url\":\"https:\/\/izglitiba.valmierasnovads.lv\/valmierassportaskola\/\",\"name\":\"Valmieras Sporta skola\",\"description\":\"\",\"publisher\":{\"@id\":\"https:\/\/izglitiba.valmierasnovads.lv\/valmierassportaskola\/#organization\"},\"potentialAction\":[{\"@type\":\"SearchAction\",\"target\":{\"@type\":\"EntryPoint\",\"urlTemplate\":\"https:\/\/izglitiba.valmierasnovads.lv\/valmierassportaskola\/?s={search_term_string}\"},\"query-input\":{\"@type\":\"PropertyValueSpecification\",\"valueRequired\":true,\"valueName\":\"search_term_string\"}}],\"inLanguage\":\"lv-LV\"},{\"@type\":\"Organization\",\"@id\":\"https:\/\/izglitiba.valmierasnovads.lv\/valmierassportaskola\/#organization\",\"name\":\"Valmieras Sporta skola\",\"url\":\"https:\/\/izglitiba.valmierasnovads.lv\/valmierassportaskola\/\",\"logo\":{\"@type\":\"ImageObject\",\"inLanguage\":\"lv-LV\",\"@id\":\"https:\/\/izglitiba.valmierasnovads.lv\/valmierassportaskola\/#\/schema\/logo\/image\/\",\"url\":\"https:\/\/izglitiba.valmierasnovads.lv\/valmierassportaskola\/wp-content\/uploads\/sites\/32\/2025\/06\/cropped-Logo_Valmieras_sporta_skola_melns-1.png\",\"contentUrl\":\"https:\/\/izglitiba.valmierasnovads.lv\/valmierassportaskola\/wp-content\/uploads\/sites\/32\/2025\/06\/cropped-Logo_Valmieras_sporta_skola_melns-1.png\",\"width\":2354,\"height\":596,\"caption\":\"Valmieras Sporta skola\"},\"image\":{\"@id\":\"https:\/\/izglitiba.valmierasnovads.lv\/valmierassportaskola\/#\/schema\/logo\/image\/\"}},{\"@type\":\"Person\",\"@id\":\"https:\/\/izglitiba.valmierasnovads.lv\/valmierassportaskola\/#\/schema\/person\/4e13d7d7bc4bdf97ddcbe604aa40a49e\",\"name\":\"elizapaulaberzina\",\"image\":{\"@type\":\"ImageObject\",\"inLanguage\":\"lv-LV\",\"@id\":\"https:\/\/izglitiba.valmierasnovads.lv\/valmierassportaskola\/#\/schema\/person\/image\/\",\"url\":\"https:\/\/secure.gravatar.com\/avatar\/eee97abe3c677b8a6a728841cbeafc12cf7e82108e16507228a78617dfb0e663?s=96&d=mm&r=g\",\"contentUrl\":\"https:\/\/secure.gravatar.com\/avatar\/eee97abe3c677b8a6a728841cbeafc12cf7e82108e16507228a78617dfb0e663?s=96&d=mm&r=g\",\"caption\":\"elizapaulaberzina\"},\"url\":\"https:\/\/izglitiba.valmierasnovads.lv\/valmierassportaskola\/author\/elizapaulaberzina\/\"}]}<\/script>\n<!-- \/ Yoast SEO plugin. -->","yoast_head_json":{"title":"V\u0113tra M\u0113meles krast\u0101 - Valmieras Sporta skola","description":"Valmieras Sporta skolas audz\u0113k\u0146u sasniegumu apraksts p\u0113c sacens\u012bb\u0101m air\u0113\u0161anas slalom\u0101 M\u0113meles up\u0113.","robots":{"index":"index","follow":"follow","max-snippet":"max-snippet:-1","max-image-preview":"max-image-preview:large","max-video-preview":"max-video-preview:-1"},"canonical":"https:\/\/izglitiba.valmierasnovads.lv\/valmierassportaskola\/vetra-memeles-krasta\/","og_locale":"lv_LV","og_type":"article","og_title":"V\u0113tra M\u0113meles krast\u0101 - Valmieras Sporta skola","og_description":"Valmieras Sporta skolas audz\u0113k\u0146u sasniegumu apraksts p\u0113c sacens\u012bb\u0101m air\u0113\u0161anas slalom\u0101 M\u0113meles up\u0113.","og_url":"https:\/\/izglitiba.valmierasnovads.lv\/valmierassportaskola\/vetra-memeles-krasta\/","og_site_name":"Valmieras Sporta skola","article_published_time":"2025-08-28T07:02:26+00:00","article_modified_time":"2025-09-12T06:26:50+00:00","og_image":[{"width":2048,"height":1365,"url":"https:\/\/izglitiba.valmierasnovads.lv\/valmierassportaskola\/wp-content\/uploads\/sites\/32\/2025\/08\/540263451_1241074067819698_5492022360646845083_n.jpg","type":"image\/jpeg"}],"author":"elizapaulaberzina","twitter_card":"summary_large_image","twitter_misc":{"Written by":"elizapaulaberzina","Est. reading time":"2 min\u016btes"},"schema":{"@context":"https:\/\/schema.org","@graph":[{"@type":"Article","@id":"https:\/\/izglitiba.valmierasnovads.lv\/valmierassportaskola\/vetra-memeles-krasta\/#article","isPartOf":{"@id":"https:\/\/izglitiba.valmierasnovads.lv\/valmierassportaskola\/vetra-memeles-krasta\/"},"author":{"name":"elizapaulaberzina","@id":"https:\/\/izglitiba.valmierasnovads.lv\/valmierassportaskola\/#\/schema\/person\/4e13d7d7bc4bdf97ddcbe604aa40a49e"},"headline":"V\u0113tra M\u0113meles krast\u0101","datePublished":"2025-08-28T07:02:26+00:00","dateModified":"2025-09-12T06:26:50+00:00","mainEntityOfPage":{"@id":"https:\/\/izglitiba.valmierasnovads.lv\/valmierassportaskola\/vetra-memeles-krasta\/"},"wordCount":384,"publisher":{"@id":"https:\/\/izglitiba.valmierasnovads.lv\/valmierassportaskola\/#organization"},"image":{"@id":"https:\/\/izglitiba.valmierasnovads.lv\/valmierassportaskola\/vetra-memeles-krasta\/#primaryimage"},"thumbnailUrl":"https:\/\/izglitiba.valmierasnovads.lv\/valmierassportaskola\/wp-content\/uploads\/sites\/32\/2025\/08\/540263451_1241074067819698_5492022360646845083_n.jpg","articleSection":["Air\u0113\u0161anas slaloms"],"inLanguage":"lv-LV"},{"@type":"WebPage","@id":"https:\/\/izglitiba.valmierasnovads.lv\/valmierassportaskola\/vetra-memeles-krasta\/","url":"https:\/\/izglitiba.valmierasnovads.lv\/valmierassportaskola\/vetra-memeles-krasta\/","name":"V\u0113tra M\u0113meles krast\u0101 - Valmieras Sporta skola","isPartOf":{"@id":"https:\/\/izglitiba.valmierasnovads.lv\/valmierassportaskola\/#website"},"primaryImageOfPage":{"@id":"https:\/\/izglitiba.valmierasnovads.lv\/valmierassportaskola\/vetra-memeles-krasta\/#primaryimage"},"image":{"@id":"https:\/\/izglitiba.valmierasnovads.lv\/valmierassportaskola\/vetra-memeles-krasta\/#primaryimage"},"thumbnailUrl":"https:\/\/izglitiba.valmierasnovads.lv\/valmierassportaskola\/wp-content\/uploads\/sites\/32\/2025\/08\/540263451_1241074067819698_5492022360646845083_n.jpg","datePublished":"2025-08-28T07:02:26+00:00","dateModified":"2025-09-12T06:26:50+00:00","description":"Valmieras Sporta skolas audz\u0113k\u0146u sasniegumu apraksts p\u0113c sacens\u012bb\u0101m air\u0113\u0161anas slalom\u0101 M\u0113meles up\u0113.","breadcrumb":{"@id":"https:\/\/izglitiba.valmierasnovads.lv\/valmierassportaskola\/vetra-memeles-krasta\/#breadcrumb"},"inLanguage":"lv-LV","potentialAction":[{"@type":"ReadAction","target":["https:\/\/izglitiba.valmierasnovads.lv\/valmierassportaskola\/vetra-memeles-krasta\/"]}]},{"@type":"ImageObject","inLanguage":"lv-LV","@id":"https:\/\/izglitiba.valmierasnovads.lv\/valmierassportaskola\/vetra-memeles-krasta\/#primaryimage","url":"https:\/\/izglitiba.valmierasnovads.lv\/valmierassportaskola\/wp-content\/uploads\/sites\/32\/2025\/08\/540263451_1241074067819698_5492022360646845083_n.jpg","contentUrl":"https:\/\/izglitiba.valmierasnovads.lv\/valmierassportaskola\/wp-content\/uploads\/sites\/32\/2025\/08\/540263451_1241074067819698_5492022360646845083_n.jpg","width":2048,"height":1365},{"@type":"BreadcrumbList","@id":"https:\/\/izglitiba.valmierasnovads.lv\/valmierassportaskola\/vetra-memeles-krasta\/#breadcrumb","itemListElement":[{"@type":"ListItem","position":1,"name":"Home","item":"https:\/\/izglitiba.valmierasnovads.lv\/valmierassportaskola\/"},{"@type":"ListItem","position":2,"name":"V\u0113tra M\u0113meles krast\u0101"}]},{"@type":"WebSite","@id":"https:\/\/izglitiba.valmierasnovads.lv\/valmierassportaskola\/#website","url":"https:\/\/izglitiba.valmierasnovads.lv\/valmierassportaskola\/","name":"Valmieras Sporta skola","description":"","publisher":{"@id":"https:\/\/izglitiba.valmierasnovads.lv\/valmierassportaskola\/#organization"},"potentialAction":[{"@type":"SearchAction","target":{"@type":"EntryPoint","urlTemplate":"https:\/\/izglitiba.valmierasnovads.lv\/valmierassportaskola\/?s={search_term_string}"},"query-input":{"@type":"PropertyValueSpecification","valueRequired":true,"valueName":"search_term_string"}}],"inLanguage":"lv-LV"},{"@type":"Organization","@id":"https:\/\/izglitiba.valmierasnovads.lv\/valmierassportaskola\/#organization","name":"Valmieras Sporta skola","url":"https:\/\/izglitiba.valmierasnovads.lv\/valmierassportaskola\/","logo":{"@type":"ImageObject","inLanguage":"lv-LV","@id":"https:\/\/izglitiba.valmierasnovads.lv\/valmierassportaskola\/#\/schema\/logo\/image\/","url":"https:\/\/izglitiba.valmierasnovads.lv\/valmierassportaskola\/wp-content\/uploads\/sites\/32\/2025\/06\/cropped-Logo_Valmieras_sporta_skola_melns-1.png","contentUrl":"https:\/\/izglitiba.valmierasnovads.lv\/valmierassportaskola\/wp-content\/uploads\/sites\/32\/2025\/06\/cropped-Logo_Valmieras_sporta_skola_melns-1.png","width":2354,"height":596,"caption":"Valmieras Sporta skola"},"image":{"@id":"https:\/\/izglitiba.valmierasnovads.lv\/valmierassportaskola\/#\/schema\/logo\/image\/"}},{"@type":"Person","@id":"https:\/\/izglitiba.valmierasnovads.lv\/valmierassportaskola\/#\/schema\/person\/4e13d7d7bc4bdf97ddcbe604aa40a49e","name":"elizapaulaberzina","image":{"@type":"ImageObject","inLanguage":"lv-LV","@id":"https:\/\/izglitiba.valmierasnovads.lv\/valmierassportaskola\/#\/schema\/person\/image\/","url":"https:\/\/secure.gravatar.com\/avatar\/eee97abe3c677b8a6a728841cbeafc12cf7e82108e16507228a78617dfb0e663?s=96&d=mm&r=g","contentUrl":"https:\/\/secure.gravatar.com\/avatar\/eee97abe3c677b8a6a728841cbeafc12cf7e82108e16507228a78617dfb0e663?s=96&d=mm&r=g","caption":"elizapaulaberzina"},"url":"https:\/\/izglitiba.valmierasnovads.lv\/valmierassportaskola\/author\/elizapaulaberzina\/"}]}},"_links":{"self":[{"href":"https:\/\/izglitiba.valmierasnovads.lv\/valmierassportaskola\/wp-json\/wp\/v2\/posts\/298","targetHints":{"allow":["GET"]}}],"collection":[{"href":"https:\/\/izglitiba.valmierasnovads.lv\/valmierassportaskola\/wp-json\/wp\/v2\/posts"}],"about":[{"href":"https:\/\/izglitiba.valmierasnovads.lv\/valmierassportaskola\/wp-json\/wp\/v2\/types\/post"}],"author":[{"embeddable":true,"href":"https:\/\/izglitiba.valmierasnovads.lv\/valmierassportaskola\/wp-json\/wp\/v2\/users\/35"}],"replies":[{"embeddable":true,"href":"https:\/\/izglitiba.valmierasnovads.lv\/valmierassportaskola\/wp-json\/wp\/v2\/comments?post=298"}],"version-history":[{"count":3,"href":"https:\/\/izglitiba.valmierasnovads.lv\/valmierassportaskola\/wp-json\/wp\/v2\/posts\/298\/revisions"}],"predecessor-version":[{"id":305,"href":"https:\/\/izglitiba.valmierasnovads.lv\/valmierassportaskola\/wp-json\/wp\/v2\/posts\/298\/revisions\/305"}],"wp:featuredmedia":[{"embeddable":true,"href":"https:\/\/izglitiba.valmierasnovads.lv\/valmierassportaskola\/wp-json\/wp\/v2\/media\/299"}],"wp:attachment":[{"href":"https:\/\/izglitiba.valmierasnovads.lv\/valmierassportaskola\/wp-json\/wp\/v2\/media?parent=298"}],"wp:term":[{"taxonomy":"category","embeddable":true,"href":"https:\/\/izglitiba.valmierasnovads.lv\/valmierassportaskola\/wp-json\/wp\/v2\/categories?post=298"},{"taxonomy":"post_tag","embeddable":true,"href":"https:\/\/izglitiba.valmierasnovads.lv\/valmierassportaskola\/wp-json\/wp\/v2\/tags?post=298"}],"curies":[{"name":"wp","href":"https:\/\/api.w.org\/{rel}","templated":true}]}}