{"id":326,"date":"2025-09-08T14:49:22","date_gmt":"2025-09-08T11:49:22","guid":{"rendered":"https:\/\/izglitiba.valmierasnovads.lv\/valmierassportaskola\/?p=326"},"modified":"2026-04-21T09:35:24","modified_gmt":"2026-04-21T06:35:24","slug":"treimanis-izcina-2-vietu-uec-eiropas-kausu-kopvertejuma","status":"publish","type":"post","link":"https:\/\/izglitiba.valmierasnovads.lv\/valmierassportaskola\/treimanis-izcina-2-vietu-uec-eiropas-kausu-kopvertejuma\/","title":{"rendered":"Treimanis izc\u012bna 2. vietu UEC Eiropas kausu kopv\u0113rt\u0113jum\u0101"},"content":{"rendered":"\n<p>6. un 7. septembr\u012b, \u010cehijas pils\u0113tas Benatky BMX rite\u0146brauk\u0161anas tras\u0113 norisin\u0101j\u0101s UEC Eiropas kausa 11. un 12. posmi, kur ar pan\u0101kumiem start\u0113ja gan Augstas klases sportistu sagatavo\u0161anas centra sportisti, gan Valmieras Sporta skolas BMX noda\u013cas audz\u0113k\u0146i. \u0160\u012bs bija nosl\u0113dzo\u0161\u0101s sacens\u012bbas, kur\u0101s sportisti c\u012bn\u012bj\u0101s ar\u012b par kopv\u0113rt\u0113juma punktiem UEC Eiropas kausu kopv\u0113rt\u0113jum\u0101. \u0160o sezonu veiksm\u012bgi ir aizvad\u012bjis un 2. viet\u0101 nosl\u0113dzis m\u016bsu AKSSC sportists M\u0101rti\u0146\u0161 Em\u012bls Treimanis U23 grup\u0101!<\/p>\n\n\n\n<p>11. posms<\/p>\n\n\n\n<p>AKSSC\/ Elite-U23-Junior<\/p>\n\n\n\n<p>5. vieta Adel\u012bna K\u0101rkli\u0146a Junior<\/p>\n\n\n\n<p>8. vieta M\u0101rti\u0146\u0161 Em\u012bls Treimanis U23<\/p>\n\n\n\n<p>20. vieta Gustavs Puri\u0146\u0161 Junior<\/p>\n\n\n\n<p>20. vieta D\u0101vis J\u0101nis Elbrets U23<\/p>\n\n\n\n<p>29. vieta Noa Rafaels Laake U23<\/p>\n\n\n\n<p>34. vieta Ri\u010dards \u0100bols U23<\/p>\n\n\n\n<p>36. vieta Rein\u0101rs Pavlovs Junior<\/p>\n\n\n\n<p><\/p>\n\n\n\n<p>2. vieta Emma \u0160valkovska G10<\/p>\n\n\n\n<p>4. vieta Oskars Turkins B12<\/p>\n\n\n\n<p>7. vieta Kri\u0161j\u0101nis Kalni\u0146\u0161 B10<\/p>\n\n\n\n<p>10. vieta Marks \u0160valkovskis B13<\/p>\n\n\n\n<p>15. vieta J\u0113kabs Zem\u012btis B13<\/p>\n\n\n\n<p>29. vieta Daniels Pecolo B12<\/p>\n\n\n\n<p>33. vieta Rihards Up\u012btis B10<\/p>\n\n\n\n<p>12. posms<\/p>\n\n\n\n<p>AKSSC\/ Elite-U23-Junior<\/p>\n\n\n\n<p>4. vieta M\u0101rti\u0146\u0161 Em\u012bls Treimnis U23<\/p>\n\n\n\n<p>5. vieta Adel\u012bna K\u0101rkli\u0146a Junior<\/p>\n\n\n\n<p>11. vieta Gustavs Puri\u0146\u0161 Junior<\/p>\n\n\n\n<p>12. vieta Noa Rafaels Laake Elite<\/p>\n\n\n\n<p>19. vieta D\u0101vis J\u0101nis Elbrets U23<\/p>\n\n\n\n<p>37. vieta Ri\u010dards \u0100bols U23<\/p>\n\n\n\n<p><\/p>\n\n\n\n<p>2. vieta Emma \u0160valkovska G10<\/p>\n\n\n\n<p>2. vieta Oskars Turkins B12<\/p>\n\n\n\n<p>6. vieta Kri\u0161j\u0101nis Kalni\u0146\u0161 B10<\/p>\n\n\n\n<p>13. vieta J\u0113kabs Zem\u012btis B13<\/p>\n\n\n\n<p>27. vieta Daniels Pecolo B12<\/p>\n\n\n\n<p>30. vieta Marks \u0160valkovskis B13<\/p>\n\n\n\n<p>32. vieta Rihards Up\u012btis B10<\/p>\n\n\n\n<p class=\"has-text-align-right\">Foto Nico van Dartel<\/p>\n\n\n\n<p><\/p>\n","protected":false},"excerpt":{"rendered":"<p>6. un 7. septembr\u012b, \u010cehijas pils\u0113tas Benatky BMX rite\u0146brauk\u0161anas tras\u0113 norisin\u0101j\u0101s UEC Eiropas kausa 11. un 12. posmi, kur ar [&hellip;]<\/p>\n","protected":false},"author":35,"featured_media":327,"comment_status":"closed","ping_status":"closed","sticky":false,"template":"","format":"standard","meta":{"_acf_changed":false,"site-sidebar-layout":"default","site-content-layout":"","ast-site-content-layout":"default","site-content-style":"default","site-sidebar-style":"default","ast-global-header-display":"","ast-banner-title-visibility":"","ast-main-header-display":"","ast-hfb-above-header-display":"","ast-hfb-below-header-display":"","ast-hfb-mobile-header-display":"","site-post-title":"","ast-breadcrumbs-content":"","ast-featured-img":"","footer-sml-layout":"","ast-disable-related-posts":"","theme-transparent-header-meta":"","adv-header-id-meta":"","stick-header-meta":"","header-above-stick-meta":"","header-main-stick-meta":"","header-below-stick-meta":"","astra-migrate-meta-layouts":"default","ast-page-background-enabled":"default","ast-page-background-meta":{"desktop":{"background-color":"var(--ast-global-color-5)","background-image":"","background-repeat":"repeat","background-position":"center center","background-size":"auto","background-attachment":"scroll","background-type":"","background-media":"","overlay-type":"","overlay-color":"","overlay-opacity":"","overlay-gradient":""},"tablet":{"background-color":"","background-image":"","background-repeat":"repeat","background-position":"center center","background-size":"auto","background-attachment":"scroll","background-type":"","background-media":"","overlay-type":"","overlay-color":"","overlay-opacity":"","overlay-gradient":""},"mobile":{"background-color":"","background-image":"","background-repeat":"repeat","background-position":"center center","background-size":"auto","background-attachment":"scroll","background-type":"","background-media":"","overlay-type":"","overlay-color":"","overlay-opacity":"","overlay-gradient":""}},"ast-content-background-meta":{"desktop":{"background-color":"var(--ast-global-color-4)","background-image":"","background-repeat":"repeat","background-position":"center center","background-size":"auto","background-attachment":"scroll","background-type":"","background-media":"","overlay-type":"","overlay-color":"","overlay-opacity":"","overlay-gradient":""},"tablet":{"background-color":"var(--ast-global-color-4)","background-image":"","background-repeat":"repeat","background-position":"center center","background-size":"auto","background-attachment":"scroll","background-type":"","background-media":"","overlay-type":"","overlay-color":"","overlay-opacity":"","overlay-gradient":""},"mobile":{"background-color":"var(--ast-global-color-4)","background-image":"","background-repeat":"repeat","background-position":"center center","background-size":"auto","background-attachment":"scroll","background-type":"","background-media":"","overlay-type":"","overlay-color":"","overlay-opacity":"","overlay-gradient":""}},"footnotes":""},"categories":[5],"tags":[],"class_list":["post-326","post","type-post","status-publish","format-standard","has-post-thumbnail","hentry","category-bmx"],"acf":[],"yoast_head":"<!-- This site is optimized with the Yoast SEO plugin v27.0 - https:\/\/yoast.com\/product\/yoast-seo-wordpress\/ -->\n<title>Treimanis izc\u012bna 2. vietu UEC Eiropas kausu kopv\u0113rt\u0113jum\u0101 - Valmieras Sporta skola<\/title>\n<meta name=\"robots\" content=\"index, follow, max-snippet:-1, max-image-preview:large, max-video-preview:-1\" \/>\n<link rel=\"canonical\" href=\"https:\/\/izglitiba.valmierasnovads.lv\/valmierassportaskola\/treimanis-izcina-2-vietu-uec-eiropas-kausu-kopvertejuma\/\" \/>\n<meta property=\"og:locale\" content=\"lv_LV\" \/>\n<meta property=\"og:type\" content=\"article\" \/>\n<meta property=\"og:title\" content=\"Treimanis izc\u012bna 2. vietu UEC Eiropas kausu kopv\u0113rt\u0113jum\u0101 - Valmieras Sporta skola\" \/>\n<meta property=\"og:description\" content=\"6. un 7. septembr\u012b, \u010cehijas pils\u0113tas Benatky BMX rite\u0146brauk\u0161anas tras\u0113 norisin\u0101j\u0101s UEC Eiropas kausa 11. un 12. posmi, kur ar [&hellip;]\" \/>\n<meta property=\"og:url\" content=\"https:\/\/izglitiba.valmierasnovads.lv\/valmierassportaskola\/treimanis-izcina-2-vietu-uec-eiropas-kausu-kopvertejuma\/\" \/>\n<meta property=\"og:site_name\" content=\"Valmieras Sporta skola\" \/>\n<meta property=\"article:published_time\" content=\"2025-09-08T11:49:22+00:00\" \/>\n<meta property=\"article:modified_time\" content=\"2026-04-21T06:35:24+00:00\" \/>\n<meta property=\"og:image\" content=\"https:\/\/izglitiba.valmierasnovads.lv\/valmierassportaskola\/wp-content\/uploads\/sites\/32\/2025\/09\/545544959_1250155746911530_6586483566842214785_n.jpg\" \/>\n\t<meta property=\"og:image:width\" content=\"2048\" \/>\n\t<meta property=\"og:image:height\" content=\"1365\" \/>\n\t<meta property=\"og:image:type\" content=\"image\/jpeg\" \/>\n<meta name=\"author\" content=\"elizapaulaberzina\" \/>\n<meta name=\"twitter:card\" content=\"summary_large_image\" \/>\n<meta name=\"twitter:label1\" content=\"Written by\" \/>\n\t<meta name=\"twitter:data1\" content=\"elizapaulaberzina\" \/>\n\t<meta name=\"twitter:label2\" content=\"Est. reading time\" \/>\n\t<meta name=\"twitter:data2\" content=\"2 min\u016btes\" \/>\n<script type=\"application\/ld+json\" class=\"yoast-schema-graph\">{\"@context\":\"https:\/\/schema.org\",\"@graph\":[{\"@type\":\"Article\",\"@id\":\"https:\/\/izglitiba.valmierasnovads.lv\/valmierassportaskola\/treimanis-izcina-2-vietu-uec-eiropas-kausu-kopvertejuma\/#article\",\"isPartOf\":{\"@id\":\"https:\/\/izglitiba.valmierasnovads.lv\/valmierassportaskola\/treimanis-izcina-2-vietu-uec-eiropas-kausu-kopvertejuma\/\"},\"author\":{\"name\":\"elizapaulaberzina\",\"@id\":\"https:\/\/izglitiba.valmierasnovads.lv\/valmierassportaskola\/#\/schema\/person\/4e13d7d7bc4bdf97ddcbe604aa40a49e\"},\"headline\":\"Treimanis izc\u012bna 2. vietu UEC Eiropas kausu kopv\u0113rt\u0113jum\u0101\",\"datePublished\":\"2025-09-08T11:49:22+00:00\",\"dateModified\":\"2026-04-21T06:35:24+00:00\",\"mainEntityOfPage\":{\"@id\":\"https:\/\/izglitiba.valmierasnovads.lv\/valmierassportaskola\/treimanis-izcina-2-vietu-uec-eiropas-kausu-kopvertejuma\/\"},\"wordCount\":254,\"publisher\":{\"@id\":\"https:\/\/izglitiba.valmierasnovads.lv\/valmierassportaskola\/#organization\"},\"image\":{\"@id\":\"https:\/\/izglitiba.valmierasnovads.lv\/valmierassportaskola\/treimanis-izcina-2-vietu-uec-eiropas-kausu-kopvertejuma\/#primaryimage\"},\"thumbnailUrl\":\"https:\/\/izglitiba.valmierasnovads.lv\/valmierassportaskola\/wp-content\/uploads\/sites\/32\/2025\/09\/545544959_1250155746911530_6586483566842214785_n.jpg\",\"articleSection\":[\"BMX\"],\"inLanguage\":\"lv-LV\"},{\"@type\":\"WebPage\",\"@id\":\"https:\/\/izglitiba.valmierasnovads.lv\/valmierassportaskola\/treimanis-izcina-2-vietu-uec-eiropas-kausu-kopvertejuma\/\",\"url\":\"https:\/\/izglitiba.valmierasnovads.lv\/valmierassportaskola\/treimanis-izcina-2-vietu-uec-eiropas-kausu-kopvertejuma\/\",\"name\":\"Treimanis izc\u012bna 2. vietu UEC Eiropas kausu kopv\u0113rt\u0113jum\u0101 - Valmieras Sporta skola\",\"isPartOf\":{\"@id\":\"https:\/\/izglitiba.valmierasnovads.lv\/valmierassportaskola\/#website\"},\"primaryImageOfPage\":{\"@id\":\"https:\/\/izglitiba.valmierasnovads.lv\/valmierassportaskola\/treimanis-izcina-2-vietu-uec-eiropas-kausu-kopvertejuma\/#primaryimage\"},\"image\":{\"@id\":\"https:\/\/izglitiba.valmierasnovads.lv\/valmierassportaskola\/treimanis-izcina-2-vietu-uec-eiropas-kausu-kopvertejuma\/#primaryimage\"},\"thumbnailUrl\":\"https:\/\/izglitiba.valmierasnovads.lv\/valmierassportaskola\/wp-content\/uploads\/sites\/32\/2025\/09\/545544959_1250155746911530_6586483566842214785_n.jpg\",\"datePublished\":\"2025-09-08T11:49:22+00:00\",\"dateModified\":\"2026-04-21T06:35:24+00:00\",\"breadcrumb\":{\"@id\":\"https:\/\/izglitiba.valmierasnovads.lv\/valmierassportaskola\/treimanis-izcina-2-vietu-uec-eiropas-kausu-kopvertejuma\/#breadcrumb\"},\"inLanguage\":\"lv-LV\",\"potentialAction\":[{\"@type\":\"ReadAction\",\"target\":[\"https:\/\/izglitiba.valmierasnovads.lv\/valmierassportaskola\/treimanis-izcina-2-vietu-uec-eiropas-kausu-kopvertejuma\/\"]}]},{\"@type\":\"ImageObject\",\"inLanguage\":\"lv-LV\",\"@id\":\"https:\/\/izglitiba.valmierasnovads.lv\/valmierassportaskola\/treimanis-izcina-2-vietu-uec-eiropas-kausu-kopvertejuma\/#primaryimage\",\"url\":\"https:\/\/izglitiba.valmierasnovads.lv\/valmierassportaskola\/wp-content\/uploads\/sites\/32\/2025\/09\/545544959_1250155746911530_6586483566842214785_n.jpg\",\"contentUrl\":\"https:\/\/izglitiba.valmierasnovads.lv\/valmierassportaskola\/wp-content\/uploads\/sites\/32\/2025\/09\/545544959_1250155746911530_6586483566842214785_n.jpg\",\"width\":2048,\"height\":1365,\"caption\":\"^mu#507 PIPERS, Casper (NED) * TEAM_NED ^mu#516 TREIMANIS, Emils Martins (LAT) * TEAM_LAT ^mu#505 LETH, Marcus (DEN) * TEAM_DEN\"},{\"@type\":\"BreadcrumbList\",\"@id\":\"https:\/\/izglitiba.valmierasnovads.lv\/valmierassportaskola\/treimanis-izcina-2-vietu-uec-eiropas-kausu-kopvertejuma\/#breadcrumb\",\"itemListElement\":[{\"@type\":\"ListItem\",\"position\":1,\"name\":\"Home\",\"item\":\"https:\/\/izglitiba.valmierasnovads.lv\/valmierassportaskola\/\"},{\"@type\":\"ListItem\",\"position\":2,\"name\":\"Treimanis izc\u012bna 2. vietu UEC Eiropas kausu kopv\u0113rt\u0113jum\u0101\"}]},{\"@type\":\"WebSite\",\"@id\":\"https:\/\/izglitiba.valmierasnovads.lv\/valmierassportaskola\/#website\",\"url\":\"https:\/\/izglitiba.valmierasnovads.lv\/valmierassportaskola\/\",\"name\":\"Valmieras Sporta skola\",\"description\":\"\",\"publisher\":{\"@id\":\"https:\/\/izglitiba.valmierasnovads.lv\/valmierassportaskola\/#organization\"},\"potentialAction\":[{\"@type\":\"SearchAction\",\"target\":{\"@type\":\"EntryPoint\",\"urlTemplate\":\"https:\/\/izglitiba.valmierasnovads.lv\/valmierassportaskola\/?s={search_term_string}\"},\"query-input\":{\"@type\":\"PropertyValueSpecification\",\"valueRequired\":true,\"valueName\":\"search_term_string\"}}],\"inLanguage\":\"lv-LV\"},{\"@type\":\"Organization\",\"@id\":\"https:\/\/izglitiba.valmierasnovads.lv\/valmierassportaskola\/#organization\",\"name\":\"Valmieras Sporta skola\",\"url\":\"https:\/\/izglitiba.valmierasnovads.lv\/valmierassportaskola\/\",\"logo\":{\"@type\":\"ImageObject\",\"inLanguage\":\"lv-LV\",\"@id\":\"https:\/\/izglitiba.valmierasnovads.lv\/valmierassportaskola\/#\/schema\/logo\/image\/\",\"url\":\"https:\/\/izglitiba.valmierasnovads.lv\/valmierassportaskola\/wp-content\/uploads\/sites\/32\/2025\/06\/cropped-Logo_Valmieras_sporta_skola_melns-1.png\",\"contentUrl\":\"https:\/\/izglitiba.valmierasnovads.lv\/valmierassportaskola\/wp-content\/uploads\/sites\/32\/2025\/06\/cropped-Logo_Valmieras_sporta_skola_melns-1.png\",\"width\":2354,\"height\":596,\"caption\":\"Valmieras Sporta skola\"},\"image\":{\"@id\":\"https:\/\/izglitiba.valmierasnovads.lv\/valmierassportaskola\/#\/schema\/logo\/image\/\"}},{\"@type\":\"Person\",\"@id\":\"https:\/\/izglitiba.valmierasnovads.lv\/valmierassportaskola\/#\/schema\/person\/4e13d7d7bc4bdf97ddcbe604aa40a49e\",\"name\":\"elizapaulaberzina\",\"image\":{\"@type\":\"ImageObject\",\"inLanguage\":\"lv-LV\",\"@id\":\"https:\/\/izglitiba.valmierasnovads.lv\/valmierassportaskola\/#\/schema\/person\/image\/\",\"url\":\"https:\/\/secure.gravatar.com\/avatar\/eee97abe3c677b8a6a728841cbeafc12cf7e82108e16507228a78617dfb0e663?s=96&d=mm&r=g\",\"contentUrl\":\"https:\/\/secure.gravatar.com\/avatar\/eee97abe3c677b8a6a728841cbeafc12cf7e82108e16507228a78617dfb0e663?s=96&d=mm&r=g\",\"caption\":\"elizapaulaberzina\"},\"url\":\"https:\/\/izglitiba.valmierasnovads.lv\/valmierassportaskola\/author\/elizapaulaberzina\/\"}]}<\/script>\n<!-- \/ Yoast SEO plugin. -->","yoast_head_json":{"title":"Treimanis izc\u012bna 2. vietu UEC Eiropas kausu kopv\u0113rt\u0113jum\u0101 - Valmieras Sporta skola","robots":{"index":"index","follow":"follow","max-snippet":"max-snippet:-1","max-image-preview":"max-image-preview:large","max-video-preview":"max-video-preview:-1"},"canonical":"https:\/\/izglitiba.valmierasnovads.lv\/valmierassportaskola\/treimanis-izcina-2-vietu-uec-eiropas-kausu-kopvertejuma\/","og_locale":"lv_LV","og_type":"article","og_title":"Treimanis izc\u012bna 2. vietu UEC Eiropas kausu kopv\u0113rt\u0113jum\u0101 - Valmieras Sporta skola","og_description":"6. un 7. septembr\u012b, \u010cehijas pils\u0113tas Benatky BMX rite\u0146brauk\u0161anas tras\u0113 norisin\u0101j\u0101s UEC Eiropas kausa 11. un 12. posmi, kur ar [&hellip;]","og_url":"https:\/\/izglitiba.valmierasnovads.lv\/valmierassportaskola\/treimanis-izcina-2-vietu-uec-eiropas-kausu-kopvertejuma\/","og_site_name":"Valmieras Sporta skola","article_published_time":"2025-09-08T11:49:22+00:00","article_modified_time":"2026-04-21T06:35:24+00:00","og_image":[{"width":2048,"height":1365,"url":"https:\/\/izglitiba.valmierasnovads.lv\/valmierassportaskola\/wp-content\/uploads\/sites\/32\/2025\/09\/545544959_1250155746911530_6586483566842214785_n.jpg","type":"image\/jpeg"}],"author":"elizapaulaberzina","twitter_card":"summary_large_image","twitter_misc":{"Written by":"elizapaulaberzina","Est. reading time":"2 min\u016btes"},"schema":{"@context":"https:\/\/schema.org","@graph":[{"@type":"Article","@id":"https:\/\/izglitiba.valmierasnovads.lv\/valmierassportaskola\/treimanis-izcina-2-vietu-uec-eiropas-kausu-kopvertejuma\/#article","isPartOf":{"@id":"https:\/\/izglitiba.valmierasnovads.lv\/valmierassportaskola\/treimanis-izcina-2-vietu-uec-eiropas-kausu-kopvertejuma\/"},"author":{"name":"elizapaulaberzina","@id":"https:\/\/izglitiba.valmierasnovads.lv\/valmierassportaskola\/#\/schema\/person\/4e13d7d7bc4bdf97ddcbe604aa40a49e"},"headline":"Treimanis izc\u012bna 2. vietu UEC Eiropas kausu kopv\u0113rt\u0113jum\u0101","datePublished":"2025-09-08T11:49:22+00:00","dateModified":"2026-04-21T06:35:24+00:00","mainEntityOfPage":{"@id":"https:\/\/izglitiba.valmierasnovads.lv\/valmierassportaskola\/treimanis-izcina-2-vietu-uec-eiropas-kausu-kopvertejuma\/"},"wordCount":254,"publisher":{"@id":"https:\/\/izglitiba.valmierasnovads.lv\/valmierassportaskola\/#organization"},"image":{"@id":"https:\/\/izglitiba.valmierasnovads.lv\/valmierassportaskola\/treimanis-izcina-2-vietu-uec-eiropas-kausu-kopvertejuma\/#primaryimage"},"thumbnailUrl":"https:\/\/izglitiba.valmierasnovads.lv\/valmierassportaskola\/wp-content\/uploads\/sites\/32\/2025\/09\/545544959_1250155746911530_6586483566842214785_n.jpg","articleSection":["BMX"],"inLanguage":"lv-LV"},{"@type":"WebPage","@id":"https:\/\/izglitiba.valmierasnovads.lv\/valmierassportaskola\/treimanis-izcina-2-vietu-uec-eiropas-kausu-kopvertejuma\/","url":"https:\/\/izglitiba.valmierasnovads.lv\/valmierassportaskola\/treimanis-izcina-2-vietu-uec-eiropas-kausu-kopvertejuma\/","name":"Treimanis izc\u012bna 2. vietu UEC Eiropas kausu kopv\u0113rt\u0113jum\u0101 - Valmieras Sporta skola","isPartOf":{"@id":"https:\/\/izglitiba.valmierasnovads.lv\/valmierassportaskola\/#website"},"primaryImageOfPage":{"@id":"https:\/\/izglitiba.valmierasnovads.lv\/valmierassportaskola\/treimanis-izcina-2-vietu-uec-eiropas-kausu-kopvertejuma\/#primaryimage"},"image":{"@id":"https:\/\/izglitiba.valmierasnovads.lv\/valmierassportaskola\/treimanis-izcina-2-vietu-uec-eiropas-kausu-kopvertejuma\/#primaryimage"},"thumbnailUrl":"https:\/\/izglitiba.valmierasnovads.lv\/valmierassportaskola\/wp-content\/uploads\/sites\/32\/2025\/09\/545544959_1250155746911530_6586483566842214785_n.jpg","datePublished":"2025-09-08T11:49:22+00:00","dateModified":"2026-04-21T06:35:24+00:00","breadcrumb":{"@id":"https:\/\/izglitiba.valmierasnovads.lv\/valmierassportaskola\/treimanis-izcina-2-vietu-uec-eiropas-kausu-kopvertejuma\/#breadcrumb"},"inLanguage":"lv-LV","potentialAction":[{"@type":"ReadAction","target":["https:\/\/izglitiba.valmierasnovads.lv\/valmierassportaskola\/treimanis-izcina-2-vietu-uec-eiropas-kausu-kopvertejuma\/"]}]},{"@type":"ImageObject","inLanguage":"lv-LV","@id":"https:\/\/izglitiba.valmierasnovads.lv\/valmierassportaskola\/treimanis-izcina-2-vietu-uec-eiropas-kausu-kopvertejuma\/#primaryimage","url":"https:\/\/izglitiba.valmierasnovads.lv\/valmierassportaskola\/wp-content\/uploads\/sites\/32\/2025\/09\/545544959_1250155746911530_6586483566842214785_n.jpg","contentUrl":"https:\/\/izglitiba.valmierasnovads.lv\/valmierassportaskola\/wp-content\/uploads\/sites\/32\/2025\/09\/545544959_1250155746911530_6586483566842214785_n.jpg","width":2048,"height":1365,"caption":"^mu#507 PIPERS, Casper (NED) * TEAM_NED ^mu#516 TREIMANIS, Emils Martins (LAT) * TEAM_LAT ^mu#505 LETH, Marcus (DEN) * TEAM_DEN"},{"@type":"BreadcrumbList","@id":"https:\/\/izglitiba.valmierasnovads.lv\/valmierassportaskola\/treimanis-izcina-2-vietu-uec-eiropas-kausu-kopvertejuma\/#breadcrumb","itemListElement":[{"@type":"ListItem","position":1,"name":"Home","item":"https:\/\/izglitiba.valmierasnovads.lv\/valmierassportaskola\/"},{"@type":"ListItem","position":2,"name":"Treimanis izc\u012bna 2. vietu UEC Eiropas kausu kopv\u0113rt\u0113jum\u0101"}]},{"@type":"WebSite","@id":"https:\/\/izglitiba.valmierasnovads.lv\/valmierassportaskola\/#website","url":"https:\/\/izglitiba.valmierasnovads.lv\/valmierassportaskola\/","name":"Valmieras Sporta skola","description":"","publisher":{"@id":"https:\/\/izglitiba.valmierasnovads.lv\/valmierassportaskola\/#organization"},"potentialAction":[{"@type":"SearchAction","target":{"@type":"EntryPoint","urlTemplate":"https:\/\/izglitiba.valmierasnovads.lv\/valmierassportaskola\/?s={search_term_string}"},"query-input":{"@type":"PropertyValueSpecification","valueRequired":true,"valueName":"search_term_string"}}],"inLanguage":"lv-LV"},{"@type":"Organization","@id":"https:\/\/izglitiba.valmierasnovads.lv\/valmierassportaskola\/#organization","name":"Valmieras Sporta skola","url":"https:\/\/izglitiba.valmierasnovads.lv\/valmierassportaskola\/","logo":{"@type":"ImageObject","inLanguage":"lv-LV","@id":"https:\/\/izglitiba.valmierasnovads.lv\/valmierassportaskola\/#\/schema\/logo\/image\/","url":"https:\/\/izglitiba.valmierasnovads.lv\/valmierassportaskola\/wp-content\/uploads\/sites\/32\/2025\/06\/cropped-Logo_Valmieras_sporta_skola_melns-1.png","contentUrl":"https:\/\/izglitiba.valmierasnovads.lv\/valmierassportaskola\/wp-content\/uploads\/sites\/32\/2025\/06\/cropped-Logo_Valmieras_sporta_skola_melns-1.png","width":2354,"height":596,"caption":"Valmieras Sporta skola"},"image":{"@id":"https:\/\/izglitiba.valmierasnovads.lv\/valmierassportaskola\/#\/schema\/logo\/image\/"}},{"@type":"Person","@id":"https:\/\/izglitiba.valmierasnovads.lv\/valmierassportaskola\/#\/schema\/person\/4e13d7d7bc4bdf97ddcbe604aa40a49e","name":"elizapaulaberzina","image":{"@type":"ImageObject","inLanguage":"lv-LV","@id":"https:\/\/izglitiba.valmierasnovads.lv\/valmierassportaskola\/#\/schema\/person\/image\/","url":"https:\/\/secure.gravatar.com\/avatar\/eee97abe3c677b8a6a728841cbeafc12cf7e82108e16507228a78617dfb0e663?s=96&d=mm&r=g","contentUrl":"https:\/\/secure.gravatar.com\/avatar\/eee97abe3c677b8a6a728841cbeafc12cf7e82108e16507228a78617dfb0e663?s=96&d=mm&r=g","caption":"elizapaulaberzina"},"url":"https:\/\/izglitiba.valmierasnovads.lv\/valmierassportaskola\/author\/elizapaulaberzina\/"}]}},"_links":{"self":[{"href":"https:\/\/izglitiba.valmierasnovads.lv\/valmierassportaskola\/wp-json\/wp\/v2\/posts\/326","targetHints":{"allow":["GET"]}}],"collection":[{"href":"https:\/\/izglitiba.valmierasnovads.lv\/valmierassportaskola\/wp-json\/wp\/v2\/posts"}],"about":[{"href":"https:\/\/izglitiba.valmierasnovads.lv\/valmierassportaskola\/wp-json\/wp\/v2\/types\/post"}],"author":[{"embeddable":true,"href":"https:\/\/izglitiba.valmierasnovads.lv\/valmierassportaskola\/wp-json\/wp\/v2\/users\/35"}],"replies":[{"embeddable":true,"href":"https:\/\/izglitiba.valmierasnovads.lv\/valmierassportaskola\/wp-json\/wp\/v2\/comments?post=326"}],"version-history":[{"count":2,"href":"https:\/\/izglitiba.valmierasnovads.lv\/valmierassportaskola\/wp-json\/wp\/v2\/posts\/326\/revisions"}],"predecessor-version":[{"id":2040,"href":"https:\/\/izglitiba.valmierasnovads.lv\/valmierassportaskola\/wp-json\/wp\/v2\/posts\/326\/revisions\/2040"}],"wp:featuredmedia":[{"embeddable":true,"href":"https:\/\/izglitiba.valmierasnovads.lv\/valmierassportaskola\/wp-json\/wp\/v2\/media\/327"}],"wp:attachment":[{"href":"https:\/\/izglitiba.valmierasnovads.lv\/valmierassportaskola\/wp-json\/wp\/v2\/media?parent=326"}],"wp:term":[{"taxonomy":"category","embeddable":true,"href":"https:\/\/izglitiba.valmierasnovads.lv\/valmierassportaskola\/wp-json\/wp\/v2\/categories?post=326"},{"taxonomy":"post_tag","embeddable":true,"href":"https:\/\/izglitiba.valmierasnovads.lv\/valmierassportaskola\/wp-json\/wp\/v2\/tags?post=326"}],"curies":[{"name":"wp","href":"https:\/\/api.w.org\/{rel}","templated":true}]}}