{"id":583,"date":"2025-09-29T10:08:50","date_gmt":"2025-09-29T07:08:50","guid":{"rendered":"https:\/\/izglitiba.valmierasnovads.lv\/valmierassportaskola\/?p=583"},"modified":"2025-09-29T10:08:50","modified_gmt":"2025-09-29T07:08:50","slug":"menesa-sportists-augusta-futbolists-lauris-lacis","status":"publish","type":"post","link":"https:\/\/izglitiba.valmierasnovads.lv\/valmierassportaskola\/menesa-sportists-augusta-futbolists-lauris-lacis\/","title":{"rendered":"M\u0113ne\u0161a sportists august\u0101 &#8211; futbolists Lauris L\u0101cis"},"content":{"rendered":"\n<p>M\u0113ne\u0161a sportists komandu sporta veidos august\u0101 \u2013 futbolists Lauris L\u0101cis. Augusta m\u0113nes\u012b jaunajam futbolistam pav\u0113r\u0101s \u012bpa\u0161a iesp\u0113ja \u2013 vi\u0146\u0161 tika izsaukts uz Latvijas Futbola feder\u0101cijas (LFF) akad\u0113mijas U14 valstsvien\u012bbu, lai start\u0113tu turn\u012br\u0101 Igaunij\u0101. \u0160o br\u012bdi vi\u0146\u0161 atceras ar lepnumu: \u201cTas man noz\u012bm\u0113 \u013coti daudz \u2013 t\u0101 ir iesp\u0113ja p\u0101rst\u0101v\u0113t savu valsti un par\u0101d\u012bt lab\u0101ko sniegumu. Kad uzzin\u0101ju, ka esmu izsaukts, jutos lepns, priec\u012bgs un ar\u012b mazliet satraukts, jo sapratu, ka t\u0101 ir liela atbild\u012bba.\u201d<\/p>\n\n\n\n<p>Svar\u012bg\u0101s sp\u0113l\u0113s emocijas m\u0113dz b\u016bt sp\u0113c\u012bgas, ta\u010du vi\u0146am ir savs veids, k\u0101 tikt ar t\u0101m gal\u0101: \u201cPirms sp\u0113l\u0113m cen\u0161os saglab\u0101t mieru, klausos m\u016bziku un koncentr\u0113jos uz saviem uzdevumiem. Kad izn\u0101ku laukum\u0101, emocijas p\u0101rv\u0113r\u0161u ener\u0123ij\u0101 un dodu visu no sevis.\u201d<\/p>\n\n\n\n<p>Pirmie so\u013ci futbol\u0101 tika sperti jau b\u0113rn\u012bb\u0101 \u2013 vec\u0101ki aizveda uz pirmajiem treni\u0146iem, un pavisam \u0101tri k\u013cuva skaidrs, ka \u0161is sporta veids ir \u012bstais. \u201cTren\u0113jos jau vair\u0101kus gadus, un uzreiz sajutu, ka futbols ir mans sporta veids. Esmu pam\u0113\u0123in\u0101jis ar\u012b citus sportus, bet futbols vienm\u0113r bijis vistuv\u0101kais sirdij,\u201d vi\u0146\u0161 st\u0101sta.<\/p>\n\n\n\n<p>Laura ikdiena ir cie\u0161i saist\u012bta ar futbolu \u2013 gandr\u012bz katru dienu ir treni\u0146i un tie aiz\u0146em lielu da\u013cu laika. Br\u012bvdien\u0101s bie\u017ei notiek sp\u0113les vai turn\u012bri, t\u0101p\u0113c futbols ir galven\u0101 mana br\u012bv\u0101 laika da\u013ca. Laukum\u0101 Lauris ir pussargs, stipr\u0101 puse ir sp\u0113le ar bumbu, bet v\u0113l vajadz\u0113tu piestr\u0101d\u0101t pie fizisk\u0101s iztur\u012bbas. Apvienot treni\u0146us ar skolu nav viegli, bet ar discipl\u012bnu tas ir iesp\u0113jams, jo visu m\u0113\u0123ina paveikt laik\u0101. Vislab\u0101k skol\u0101 Laurim padodas sports, bet liel\u0101ko izaicin\u0101jumu sag\u0101d\u0101 latvie\u0161u valodas m\u0101c\u012bba.<\/p>\n\n\n\n<p>No lielajiem sp\u0113l\u0113t\u0101jiem vi\u0146u visvair\u0101k iedvesmo braz\u012blietis Neimars: \u201cVi\u0146a darba \u0113tika, sp\u0113les stils un attieksme pret futbolu ir piem\u0113rs, kam grib\u0113tu l\u012bdzin\u0101ties.\u201d Ar\u012b Laura amb\u012bcijas ir augstas \u2013 turpin\u0101t pilnveidoties un nostiprin\u0101t vietu Latvijas izlas\u0113. \u201cKomandas l\u012bmen\u012b v\u0113los pal\u012bdz\u0113t savai valsts vien\u012bbai sasniegt uzvaras. P\u0113c 5\u201310 gadiem redzu sevi profesion\u0101l\u0101 klub\u0101 Eirop\u0101,\u201d vi\u0146\u0161 nosaka.<\/p>\n\n\n\n<p>L\u012bdz \u0161im sasniegtais neb\u016btu iesp\u0113jams bez atbalsta. \u201cVisliel\u0101kais paldies maniem vec\u0101kiem par atbalstu, treneriem par ieguld\u012bto darbu un tic\u012bbu, k\u0101 ar\u012b komandas biedriem, ar kuriem kop\u0101 augam un c\u012bn\u0101mies,\u201d vi\u0146\u0161 saka. Jaun\u0101kiem futbolistiem Lauris iesaka vienm\u0113r tic\u0113t sev, daudz str\u0101d\u0101t un nepadoties gr\u016bt\u012bb\u0101s. Futbol\u0101 \u013coti svar\u012bgs ir darbs, neatlaid\u012bba un m\u012blest\u012bba pret sp\u0113li, tad ar\u012b rezult\u0101ti neizpaliks.<\/p>\n\n\n\n<p>Sak\u0101m paldies biedr\u012bbai &#8220;Valmieras Uz\u0146\u0113m\u0113ju klubs&#8221; par sadarb\u012bbu un M\u0113ne\u0161a sportistiem sag\u0101d\u0101to d\u0101vanu karti un Balcia nelaimes gad\u012bjumu apdro\u0161in\u0101\u0161anu.<\/p>\n","protected":false},"excerpt":{"rendered":"<p>M\u0113ne\u0161a sportists komandu sporta veidos august\u0101 \u2013 futbolists Lauris L\u0101cis. Augusta m\u0113nes\u012b jaunajam futbolistam pav\u0113r\u0101s \u012bpa\u0161a iesp\u0113ja \u2013 vi\u0146\u0161 tika [&hellip;]<\/p>\n","protected":false},"author":35,"featured_media":584,"comment_status":"closed","ping_status":"closed","sticky":false,"template":"","format":"standard","meta":{"_acf_changed":false,"site-sidebar-layout":"default","site-content-layout":"","ast-site-content-layout":"default","site-content-style":"default","site-sidebar-style":"default","ast-global-header-display":"","ast-banner-title-visibility":"","ast-main-header-display":"","ast-hfb-above-header-display":"","ast-hfb-below-header-display":"","ast-hfb-mobile-header-display":"","site-post-title":"","ast-breadcrumbs-content":"","ast-featured-img":"","footer-sml-layout":"","ast-disable-related-posts":"","theme-transparent-header-meta":"","adv-header-id-meta":"","stick-header-meta":"","header-above-stick-meta":"","header-main-stick-meta":"","header-below-stick-meta":"","astra-migrate-meta-layouts":"default","ast-page-background-enabled":"default","ast-page-background-meta":{"desktop":{"background-color":"var(--ast-global-color-5)","background-image":"","background-repeat":"repeat","background-position":"center center","background-size":"auto","background-attachment":"scroll","background-type":"","background-media":"","overlay-type":"","overlay-color":"","overlay-opacity":"","overlay-gradient":""},"tablet":{"background-color":"","background-image":"","background-repeat":"repeat","background-position":"center center","background-size":"auto","background-attachment":"scroll","background-type":"","background-media":"","overlay-type":"","overlay-color":"","overlay-opacity":"","overlay-gradient":""},"mobile":{"background-color":"","background-image":"","background-repeat":"repeat","background-position":"center center","background-size":"auto","background-attachment":"scroll","background-type":"","background-media":"","overlay-type":"","overlay-color":"","overlay-opacity":"","overlay-gradient":""}},"ast-content-background-meta":{"desktop":{"background-color":"var(--ast-global-color-4)","background-image":"","background-repeat":"repeat","background-position":"center center","background-size":"auto","background-attachment":"scroll","background-type":"","background-media":"","overlay-type":"","overlay-color":"","overlay-opacity":"","overlay-gradient":""},"tablet":{"background-color":"var(--ast-global-color-4)","background-image":"","background-repeat":"repeat","background-position":"center center","background-size":"auto","background-attachment":"scroll","background-type":"","background-media":"","overlay-type":"","overlay-color":"","overlay-opacity":"","overlay-gradient":""},"mobile":{"background-color":"var(--ast-global-color-4)","background-image":"","background-repeat":"repeat","background-position":"center center","background-size":"auto","background-attachment":"scroll","background-type":"","background-media":"","overlay-type":"","overlay-color":"","overlay-opacity":"","overlay-gradient":""}},"footnotes":""},"categories":[10,42],"tags":[],"class_list":["post-583","post","type-post","status-publish","format-standard","has-post-thumbnail","hentry","category-futbols","category-menesa-sportists"],"acf":[],"yoast_head":"<!-- This site is optimized with the Yoast SEO plugin v27.0 - https:\/\/yoast.com\/product\/yoast-seo-wordpress\/ -->\n<title>M\u0113ne\u0161a sportists august\u0101 - futbolists Lauris L\u0101cis - Valmieras Sporta skola<\/title>\n<meta name=\"robots\" content=\"index, follow, max-snippet:-1, max-image-preview:large, max-video-preview:-1\" \/>\n<link rel=\"canonical\" href=\"https:\/\/izglitiba.valmierasnovads.lv\/valmierassportaskola\/menesa-sportists-augusta-futbolists-lauris-lacis\/\" \/>\n<meta property=\"og:locale\" content=\"lv_LV\" \/>\n<meta property=\"og:type\" content=\"article\" \/>\n<meta property=\"og:title\" content=\"M\u0113ne\u0161a sportists august\u0101 - futbolists Lauris L\u0101cis - Valmieras Sporta skola\" \/>\n<meta property=\"og:description\" content=\"M\u0113ne\u0161a sportists komandu sporta veidos august\u0101 \u2013 futbolists Lauris L\u0101cis. Augusta m\u0113nes\u012b jaunajam futbolistam pav\u0113r\u0101s \u012bpa\u0161a iesp\u0113ja \u2013 vi\u0146\u0161 tika [&hellip;]\" \/>\n<meta property=\"og:url\" content=\"https:\/\/izglitiba.valmierasnovads.lv\/valmierassportaskola\/menesa-sportists-augusta-futbolists-lauris-lacis\/\" \/>\n<meta property=\"og:site_name\" content=\"Valmieras Sporta skola\" \/>\n<meta property=\"article:published_time\" content=\"2025-09-29T07:08:50+00:00\" \/>\n<meta property=\"og:image\" content=\"https:\/\/izglitiba.valmierasnovads.lv\/valmierassportaskola\/wp-content\/uploads\/sites\/32\/2025\/09\/546469155_1252584036668701_2845097595336360887_n.jpg\" \/>\n\t<meta property=\"og:image:width\" content=\"2048\" \/>\n\t<meta property=\"og:image:height\" content=\"1365\" \/>\n\t<meta property=\"og:image:type\" content=\"image\/jpeg\" \/>\n<meta name=\"author\" content=\"elizapaulaberzina\" \/>\n<meta name=\"twitter:card\" content=\"summary_large_image\" \/>\n<meta name=\"twitter:label1\" content=\"Written by\" \/>\n\t<meta name=\"twitter:data1\" content=\"elizapaulaberzina\" \/>\n\t<meta name=\"twitter:label2\" content=\"Est. reading time\" \/>\n\t<meta name=\"twitter:data2\" content=\"3 min\u016btes\" \/>\n<script type=\"application\/ld+json\" class=\"yoast-schema-graph\">{\"@context\":\"https:\/\/schema.org\",\"@graph\":[{\"@type\":\"Article\",\"@id\":\"https:\/\/izglitiba.valmierasnovads.lv\/valmierassportaskola\/menesa-sportists-augusta-futbolists-lauris-lacis\/#article\",\"isPartOf\":{\"@id\":\"https:\/\/izglitiba.valmierasnovads.lv\/valmierassportaskola\/menesa-sportists-augusta-futbolists-lauris-lacis\/\"},\"author\":{\"name\":\"elizapaulaberzina\",\"@id\":\"https:\/\/izglitiba.valmierasnovads.lv\/valmierassportaskola\/#\/schema\/person\/4e13d7d7bc4bdf97ddcbe604aa40a49e\"},\"headline\":\"M\u0113ne\u0161a sportists august\u0101 &#8211; futbolists Lauris L\u0101cis\",\"datePublished\":\"2025-09-29T07:08:50+00:00\",\"mainEntityOfPage\":{\"@id\":\"https:\/\/izglitiba.valmierasnovads.lv\/valmierassportaskola\/menesa-sportists-augusta-futbolists-lauris-lacis\/\"},\"wordCount\":526,\"publisher\":{\"@id\":\"https:\/\/izglitiba.valmierasnovads.lv\/valmierassportaskola\/#organization\"},\"image\":{\"@id\":\"https:\/\/izglitiba.valmierasnovads.lv\/valmierassportaskola\/menesa-sportists-augusta-futbolists-lauris-lacis\/#primaryimage\"},\"thumbnailUrl\":\"https:\/\/izglitiba.valmierasnovads.lv\/valmierassportaskola\/wp-content\/uploads\/sites\/32\/2025\/09\/546469155_1252584036668701_2845097595336360887_n.jpg\",\"articleSection\":[\"Futbols\",\"M\u0113ne\u0161a sportists\"],\"inLanguage\":\"lv-LV\"},{\"@type\":\"WebPage\",\"@id\":\"https:\/\/izglitiba.valmierasnovads.lv\/valmierassportaskola\/menesa-sportists-augusta-futbolists-lauris-lacis\/\",\"url\":\"https:\/\/izglitiba.valmierasnovads.lv\/valmierassportaskola\/menesa-sportists-augusta-futbolists-lauris-lacis\/\",\"name\":\"M\u0113ne\u0161a sportists august\u0101 - futbolists Lauris L\u0101cis - Valmieras Sporta skola\",\"isPartOf\":{\"@id\":\"https:\/\/izglitiba.valmierasnovads.lv\/valmierassportaskola\/#website\"},\"primaryImageOfPage\":{\"@id\":\"https:\/\/izglitiba.valmierasnovads.lv\/valmierassportaskola\/menesa-sportists-augusta-futbolists-lauris-lacis\/#primaryimage\"},\"image\":{\"@id\":\"https:\/\/izglitiba.valmierasnovads.lv\/valmierassportaskola\/menesa-sportists-augusta-futbolists-lauris-lacis\/#primaryimage\"},\"thumbnailUrl\":\"https:\/\/izglitiba.valmierasnovads.lv\/valmierassportaskola\/wp-content\/uploads\/sites\/32\/2025\/09\/546469155_1252584036668701_2845097595336360887_n.jpg\",\"datePublished\":\"2025-09-29T07:08:50+00:00\",\"breadcrumb\":{\"@id\":\"https:\/\/izglitiba.valmierasnovads.lv\/valmierassportaskola\/menesa-sportists-augusta-futbolists-lauris-lacis\/#breadcrumb\"},\"inLanguage\":\"lv-LV\",\"potentialAction\":[{\"@type\":\"ReadAction\",\"target\":[\"https:\/\/izglitiba.valmierasnovads.lv\/valmierassportaskola\/menesa-sportists-augusta-futbolists-lauris-lacis\/\"]}]},{\"@type\":\"ImageObject\",\"inLanguage\":\"lv-LV\",\"@id\":\"https:\/\/izglitiba.valmierasnovads.lv\/valmierassportaskola\/menesa-sportists-augusta-futbolists-lauris-lacis\/#primaryimage\",\"url\":\"https:\/\/izglitiba.valmierasnovads.lv\/valmierassportaskola\/wp-content\/uploads\/sites\/32\/2025\/09\/546469155_1252584036668701_2845097595336360887_n.jpg\",\"contentUrl\":\"https:\/\/izglitiba.valmierasnovads.lv\/valmierassportaskola\/wp-content\/uploads\/sites\/32\/2025\/09\/546469155_1252584036668701_2845097595336360887_n.jpg\",\"width\":2048,\"height\":1365},{\"@type\":\"BreadcrumbList\",\"@id\":\"https:\/\/izglitiba.valmierasnovads.lv\/valmierassportaskola\/menesa-sportists-augusta-futbolists-lauris-lacis\/#breadcrumb\",\"itemListElement\":[{\"@type\":\"ListItem\",\"position\":1,\"name\":\"Home\",\"item\":\"https:\/\/izglitiba.valmierasnovads.lv\/valmierassportaskola\/\"},{\"@type\":\"ListItem\",\"position\":2,\"name\":\"M\u0113ne\u0161a sportists august\u0101 &#8211; futbolists Lauris L\u0101cis\"}]},{\"@type\":\"WebSite\",\"@id\":\"https:\/\/izglitiba.valmierasnovads.lv\/valmierassportaskola\/#website\",\"url\":\"https:\/\/izglitiba.valmierasnovads.lv\/valmierassportaskola\/\",\"name\":\"Valmieras Sporta skola\",\"description\":\"\",\"publisher\":{\"@id\":\"https:\/\/izglitiba.valmierasnovads.lv\/valmierassportaskola\/#organization\"},\"potentialAction\":[{\"@type\":\"SearchAction\",\"target\":{\"@type\":\"EntryPoint\",\"urlTemplate\":\"https:\/\/izglitiba.valmierasnovads.lv\/valmierassportaskola\/?s={search_term_string}\"},\"query-input\":{\"@type\":\"PropertyValueSpecification\",\"valueRequired\":true,\"valueName\":\"search_term_string\"}}],\"inLanguage\":\"lv-LV\"},{\"@type\":\"Organization\",\"@id\":\"https:\/\/izglitiba.valmierasnovads.lv\/valmierassportaskola\/#organization\",\"name\":\"Valmieras Sporta skola\",\"url\":\"https:\/\/izglitiba.valmierasnovads.lv\/valmierassportaskola\/\",\"logo\":{\"@type\":\"ImageObject\",\"inLanguage\":\"lv-LV\",\"@id\":\"https:\/\/izglitiba.valmierasnovads.lv\/valmierassportaskola\/#\/schema\/logo\/image\/\",\"url\":\"https:\/\/izglitiba.valmierasnovads.lv\/valmierassportaskola\/wp-content\/uploads\/sites\/32\/2025\/06\/cropped-Logo_Valmieras_sporta_skola_melns-1.png\",\"contentUrl\":\"https:\/\/izglitiba.valmierasnovads.lv\/valmierassportaskola\/wp-content\/uploads\/sites\/32\/2025\/06\/cropped-Logo_Valmieras_sporta_skola_melns-1.png\",\"width\":2354,\"height\":596,\"caption\":\"Valmieras Sporta skola\"},\"image\":{\"@id\":\"https:\/\/izglitiba.valmierasnovads.lv\/valmierassportaskola\/#\/schema\/logo\/image\/\"}},{\"@type\":\"Person\",\"@id\":\"https:\/\/izglitiba.valmierasnovads.lv\/valmierassportaskola\/#\/schema\/person\/4e13d7d7bc4bdf97ddcbe604aa40a49e\",\"name\":\"elizapaulaberzina\",\"image\":{\"@type\":\"ImageObject\",\"inLanguage\":\"lv-LV\",\"@id\":\"https:\/\/izglitiba.valmierasnovads.lv\/valmierassportaskola\/#\/schema\/person\/image\/\",\"url\":\"https:\/\/secure.gravatar.com\/avatar\/eee97abe3c677b8a6a728841cbeafc12cf7e82108e16507228a78617dfb0e663?s=96&d=mm&r=g\",\"contentUrl\":\"https:\/\/secure.gravatar.com\/avatar\/eee97abe3c677b8a6a728841cbeafc12cf7e82108e16507228a78617dfb0e663?s=96&d=mm&r=g\",\"caption\":\"elizapaulaberzina\"},\"url\":\"https:\/\/izglitiba.valmierasnovads.lv\/valmierassportaskola\/author\/elizapaulaberzina\/\"}]}<\/script>\n<!-- \/ Yoast SEO plugin. -->","yoast_head_json":{"title":"M\u0113ne\u0161a sportists august\u0101 - futbolists Lauris L\u0101cis - Valmieras Sporta skola","robots":{"index":"index","follow":"follow","max-snippet":"max-snippet:-1","max-image-preview":"max-image-preview:large","max-video-preview":"max-video-preview:-1"},"canonical":"https:\/\/izglitiba.valmierasnovads.lv\/valmierassportaskola\/menesa-sportists-augusta-futbolists-lauris-lacis\/","og_locale":"lv_LV","og_type":"article","og_title":"M\u0113ne\u0161a sportists august\u0101 - futbolists Lauris L\u0101cis - Valmieras Sporta skola","og_description":"M\u0113ne\u0161a sportists komandu sporta veidos august\u0101 \u2013 futbolists Lauris L\u0101cis. Augusta m\u0113nes\u012b jaunajam futbolistam pav\u0113r\u0101s \u012bpa\u0161a iesp\u0113ja \u2013 vi\u0146\u0161 tika [&hellip;]","og_url":"https:\/\/izglitiba.valmierasnovads.lv\/valmierassportaskola\/menesa-sportists-augusta-futbolists-lauris-lacis\/","og_site_name":"Valmieras Sporta skola","article_published_time":"2025-09-29T07:08:50+00:00","og_image":[{"width":2048,"height":1365,"url":"https:\/\/izglitiba.valmierasnovads.lv\/valmierassportaskola\/wp-content\/uploads\/sites\/32\/2025\/09\/546469155_1252584036668701_2845097595336360887_n.jpg","type":"image\/jpeg"}],"author":"elizapaulaberzina","twitter_card":"summary_large_image","twitter_misc":{"Written by":"elizapaulaberzina","Est. reading time":"3 min\u016btes"},"schema":{"@context":"https:\/\/schema.org","@graph":[{"@type":"Article","@id":"https:\/\/izglitiba.valmierasnovads.lv\/valmierassportaskola\/menesa-sportists-augusta-futbolists-lauris-lacis\/#article","isPartOf":{"@id":"https:\/\/izglitiba.valmierasnovads.lv\/valmierassportaskola\/menesa-sportists-augusta-futbolists-lauris-lacis\/"},"author":{"name":"elizapaulaberzina","@id":"https:\/\/izglitiba.valmierasnovads.lv\/valmierassportaskola\/#\/schema\/person\/4e13d7d7bc4bdf97ddcbe604aa40a49e"},"headline":"M\u0113ne\u0161a sportists august\u0101 &#8211; futbolists Lauris L\u0101cis","datePublished":"2025-09-29T07:08:50+00:00","mainEntityOfPage":{"@id":"https:\/\/izglitiba.valmierasnovads.lv\/valmierassportaskola\/menesa-sportists-augusta-futbolists-lauris-lacis\/"},"wordCount":526,"publisher":{"@id":"https:\/\/izglitiba.valmierasnovads.lv\/valmierassportaskola\/#organization"},"image":{"@id":"https:\/\/izglitiba.valmierasnovads.lv\/valmierassportaskola\/menesa-sportists-augusta-futbolists-lauris-lacis\/#primaryimage"},"thumbnailUrl":"https:\/\/izglitiba.valmierasnovads.lv\/valmierassportaskola\/wp-content\/uploads\/sites\/32\/2025\/09\/546469155_1252584036668701_2845097595336360887_n.jpg","articleSection":["Futbols","M\u0113ne\u0161a sportists"],"inLanguage":"lv-LV"},{"@type":"WebPage","@id":"https:\/\/izglitiba.valmierasnovads.lv\/valmierassportaskola\/menesa-sportists-augusta-futbolists-lauris-lacis\/","url":"https:\/\/izglitiba.valmierasnovads.lv\/valmierassportaskola\/menesa-sportists-augusta-futbolists-lauris-lacis\/","name":"M\u0113ne\u0161a sportists august\u0101 - futbolists Lauris L\u0101cis - Valmieras Sporta skola","isPartOf":{"@id":"https:\/\/izglitiba.valmierasnovads.lv\/valmierassportaskola\/#website"},"primaryImageOfPage":{"@id":"https:\/\/izglitiba.valmierasnovads.lv\/valmierassportaskola\/menesa-sportists-augusta-futbolists-lauris-lacis\/#primaryimage"},"image":{"@id":"https:\/\/izglitiba.valmierasnovads.lv\/valmierassportaskola\/menesa-sportists-augusta-futbolists-lauris-lacis\/#primaryimage"},"thumbnailUrl":"https:\/\/izglitiba.valmierasnovads.lv\/valmierassportaskola\/wp-content\/uploads\/sites\/32\/2025\/09\/546469155_1252584036668701_2845097595336360887_n.jpg","datePublished":"2025-09-29T07:08:50+00:00","breadcrumb":{"@id":"https:\/\/izglitiba.valmierasnovads.lv\/valmierassportaskola\/menesa-sportists-augusta-futbolists-lauris-lacis\/#breadcrumb"},"inLanguage":"lv-LV","potentialAction":[{"@type":"ReadAction","target":["https:\/\/izglitiba.valmierasnovads.lv\/valmierassportaskola\/menesa-sportists-augusta-futbolists-lauris-lacis\/"]}]},{"@type":"ImageObject","inLanguage":"lv-LV","@id":"https:\/\/izglitiba.valmierasnovads.lv\/valmierassportaskola\/menesa-sportists-augusta-futbolists-lauris-lacis\/#primaryimage","url":"https:\/\/izglitiba.valmierasnovads.lv\/valmierassportaskola\/wp-content\/uploads\/sites\/32\/2025\/09\/546469155_1252584036668701_2845097595336360887_n.jpg","contentUrl":"https:\/\/izglitiba.valmierasnovads.lv\/valmierassportaskola\/wp-content\/uploads\/sites\/32\/2025\/09\/546469155_1252584036668701_2845097595336360887_n.jpg","width":2048,"height":1365},{"@type":"BreadcrumbList","@id":"https:\/\/izglitiba.valmierasnovads.lv\/valmierassportaskola\/menesa-sportists-augusta-futbolists-lauris-lacis\/#breadcrumb","itemListElement":[{"@type":"ListItem","position":1,"name":"Home","item":"https:\/\/izglitiba.valmierasnovads.lv\/valmierassportaskola\/"},{"@type":"ListItem","position":2,"name":"M\u0113ne\u0161a sportists august\u0101 &#8211; futbolists Lauris L\u0101cis"}]},{"@type":"WebSite","@id":"https:\/\/izglitiba.valmierasnovads.lv\/valmierassportaskola\/#website","url":"https:\/\/izglitiba.valmierasnovads.lv\/valmierassportaskola\/","name":"Valmieras Sporta skola","description":"","publisher":{"@id":"https:\/\/izglitiba.valmierasnovads.lv\/valmierassportaskola\/#organization"},"potentialAction":[{"@type":"SearchAction","target":{"@type":"EntryPoint","urlTemplate":"https:\/\/izglitiba.valmierasnovads.lv\/valmierassportaskola\/?s={search_term_string}"},"query-input":{"@type":"PropertyValueSpecification","valueRequired":true,"valueName":"search_term_string"}}],"inLanguage":"lv-LV"},{"@type":"Organization","@id":"https:\/\/izglitiba.valmierasnovads.lv\/valmierassportaskola\/#organization","name":"Valmieras Sporta skola","url":"https:\/\/izglitiba.valmierasnovads.lv\/valmierassportaskola\/","logo":{"@type":"ImageObject","inLanguage":"lv-LV","@id":"https:\/\/izglitiba.valmierasnovads.lv\/valmierassportaskola\/#\/schema\/logo\/image\/","url":"https:\/\/izglitiba.valmierasnovads.lv\/valmierassportaskola\/wp-content\/uploads\/sites\/32\/2025\/06\/cropped-Logo_Valmieras_sporta_skola_melns-1.png","contentUrl":"https:\/\/izglitiba.valmierasnovads.lv\/valmierassportaskola\/wp-content\/uploads\/sites\/32\/2025\/06\/cropped-Logo_Valmieras_sporta_skola_melns-1.png","width":2354,"height":596,"caption":"Valmieras Sporta skola"},"image":{"@id":"https:\/\/izglitiba.valmierasnovads.lv\/valmierassportaskola\/#\/schema\/logo\/image\/"}},{"@type":"Person","@id":"https:\/\/izglitiba.valmierasnovads.lv\/valmierassportaskola\/#\/schema\/person\/4e13d7d7bc4bdf97ddcbe604aa40a49e","name":"elizapaulaberzina","image":{"@type":"ImageObject","inLanguage":"lv-LV","@id":"https:\/\/izglitiba.valmierasnovads.lv\/valmierassportaskola\/#\/schema\/person\/image\/","url":"https:\/\/secure.gravatar.com\/avatar\/eee97abe3c677b8a6a728841cbeafc12cf7e82108e16507228a78617dfb0e663?s=96&d=mm&r=g","contentUrl":"https:\/\/secure.gravatar.com\/avatar\/eee97abe3c677b8a6a728841cbeafc12cf7e82108e16507228a78617dfb0e663?s=96&d=mm&r=g","caption":"elizapaulaberzina"},"url":"https:\/\/izglitiba.valmierasnovads.lv\/valmierassportaskola\/author\/elizapaulaberzina\/"}]}},"_links":{"self":[{"href":"https:\/\/izglitiba.valmierasnovads.lv\/valmierassportaskola\/wp-json\/wp\/v2\/posts\/583","targetHints":{"allow":["GET"]}}],"collection":[{"href":"https:\/\/izglitiba.valmierasnovads.lv\/valmierassportaskola\/wp-json\/wp\/v2\/posts"}],"about":[{"href":"https:\/\/izglitiba.valmierasnovads.lv\/valmierassportaskola\/wp-json\/wp\/v2\/types\/post"}],"author":[{"embeddable":true,"href":"https:\/\/izglitiba.valmierasnovads.lv\/valmierassportaskola\/wp-json\/wp\/v2\/users\/35"}],"replies":[{"embeddable":true,"href":"https:\/\/izglitiba.valmierasnovads.lv\/valmierassportaskola\/wp-json\/wp\/v2\/comments?post=583"}],"version-history":[{"count":1,"href":"https:\/\/izglitiba.valmierasnovads.lv\/valmierassportaskola\/wp-json\/wp\/v2\/posts\/583\/revisions"}],"predecessor-version":[{"id":585,"href":"https:\/\/izglitiba.valmierasnovads.lv\/valmierassportaskola\/wp-json\/wp\/v2\/posts\/583\/revisions\/585"}],"wp:featuredmedia":[{"embeddable":true,"href":"https:\/\/izglitiba.valmierasnovads.lv\/valmierassportaskola\/wp-json\/wp\/v2\/media\/584"}],"wp:attachment":[{"href":"https:\/\/izglitiba.valmierasnovads.lv\/valmierassportaskola\/wp-json\/wp\/v2\/media?parent=583"}],"wp:term":[{"taxonomy":"category","embeddable":true,"href":"https:\/\/izglitiba.valmierasnovads.lv\/valmierassportaskola\/wp-json\/wp\/v2\/categories?post=583"},{"taxonomy":"post_tag","embeddable":true,"href":"https:\/\/izglitiba.valmierasnovads.lv\/valmierassportaskola\/wp-json\/wp\/v2\/tags?post=583"}],"curies":[{"name":"wp","href":"https:\/\/api.w.org\/{rel}","templated":true}]}}