{"id":593,"date":"2025-09-29T14:54:21","date_gmt":"2025-09-29T11:54:21","guid":{"rendered":"https:\/\/izglitiba.valmierasnovads.lv\/valmierassportaskola\/?p=593"},"modified":"2025-09-29T14:54:21","modified_gmt":"2025-09-29T11:54:21","slug":"valmieras-sporta-skolas-sezona-atklasanas-sacensibas-peldesana","status":"publish","type":"post","link":"https:\/\/izglitiba.valmierasnovads.lv\/valmierassportaskola\/valmieras-sporta-skolas-sezona-atklasanas-sacensibas-peldesana\/","title":{"rendered":"Valmieras Sporta skolas sezona atkl\u0101\u0161anas sacens\u012bbas peld\u0113\u0161an\u0101"},"content":{"rendered":"\n<p>26. septembr\u012b Valmieras peldbasein\u0101 norisin\u0101j\u0101s Valmieras Sporta skolas sezonas atkl\u0101\u0161anas sacens\u012bbas peld\u0113\u0161an\u0101. Sacens\u012bb\u0101s start\u0113ja VSS peld\u0113\u0161anas noda\u013cas sportisti, c\u012b\u0146ai par godalgotaj\u0101m viet\u0101m norisinoties div\u0101s vecuma grup\u0101s.<\/p>\n\n\n\n<p>2013. gad\u0101 dzimu\u0161ie un jaun\u0101ki<\/p>\n\n\n\n<p>50m br\u012bvaj\u0101 stil\u0101<\/p>\n\n\n\n<p>1. vieta L\u012bva Poulsena<\/p>\n\n\n\n<p>2. vieta Milana Smirnova<\/p>\n\n\n\n<p>3. vieta Paula Bukova<\/p>\n\n\n\n<p>1. vieta Andris Pru\u017einskis<\/p>\n\n\n\n<p>2. vieta Marts Avoti\u0146\u0161<\/p>\n\n\n\n<p>3. vieta Aurelijus Sinkevicius<\/p>\n\n\n\n<p>50m bras\u0101<\/p>\n\n\n\n<p>1. vieta Paula Bukova<\/p>\n\n\n\n<p>2. vieta Elza B\u0113rzi\u0146a<\/p>\n\n\n\n<p>3. vieta Amanda Riseva<\/p>\n\n\n\n<p>1. vieta Evans Rode<\/p>\n\n\n\n<p>2. vieta Marts Avoti\u0146\u0161<\/p>\n\n\n\n<p>3. vieta Zigm\u0101rs B\u0113rzi\u0146\u0161<\/p>\n\n\n\n<p>50m uz muguras<\/p>\n\n\n\n<p>1. vieta Let\u012bcija Alma V\u012bksna<\/p>\n\n\n\n<p>2. vieta Katr\u012bna Freimane<\/p>\n\n\n\n<p>3. vieta Katr\u012bne \u0145i\u010dipore<\/p>\n\n\n\n<p>1. vieta Gustavs Cilenbergs<\/p>\n\n\n\n<p>2. vieta M\u0101rcis J\u0113kabs K\u013cavi\u0146\u0161<\/p>\n\n\n\n<p>3. vieta Haralds Moisejs<\/p>\n\n\n\n<p>50m tauri\u0146stil\u0101<\/p>\n\n\n\n<p>1. vieta L\u012bva Poulsena<\/p>\n\n\n\n<p>2. vieta Milana Smirnova<\/p>\n\n\n\n<p>3. vieta Katr\u012bna Freimane<\/p>\n\n\n\n<p>1. vieta Aurelijus Sinkevicius<\/p>\n\n\n\n<p>100m kompleks\u0101<\/p>\n\n\n\n<p>1. vieta L\u012bva Poulsena<\/p>\n\n\n\n<p>2. vieta Let\u012bcija AlmaV\u012bksna<\/p>\n\n\n\n<p>3. vieta Paula Bukova<\/p>\n\n\n\n<p>1. vieta Andris Pru\u017einskis<\/p>\n\n\n\n<p>2. vieta M\u0101rcis J\u0113kabs K\u013cavi\u0146\u0161<\/p>\n\n\n\n<p>3. vieta Raimonds K\u0101rklis<\/p>\n\n\n\n<p>2012. gad\u0101 dzimu\u0161i un vec\u0101ki<\/p>\n\n\n\n<p>50m br\u012bvaj\u0101 stil\u0101<\/p>\n\n\n\n<p>1. vieta Nikola Ma\u010dul\u0101ne<\/p>\n\n\n\n<p>2. vieta Elizabete \u0145i\u010dipore<\/p>\n\n\n\n<p>3. vieta Liene Evel\u012bna Skrabe<\/p>\n\n\n\n<p>1. vieta Raivo Noviks<\/p>\n\n\n\n<p>2. vieta Alekss Bludens<\/p>\n\n\n\n<p>3. vieta Patriks Krievs<\/p>\n\n\n\n<p>50m bras\u0101<\/p>\n\n\n\n<p>1. vieta Am\u0113lija Nikola V\u012bksna<\/p>\n\n\n\n<p>2. vieta Katr\u012bna Keita Simsone<\/p>\n\n\n\n<p>3. vieta Nikola Ma\u010dul\u0101ne<\/p>\n\n\n\n<p>1. vieta Eduards Melng\u0101r\u0161s<\/p>\n\n\n\n<p>2. vieta Kristers Ozols<\/p>\n\n\n\n<p>3. vieta Martins B\u0113rzs<\/p>\n\n\n\n<p>50m uz muguras<\/p>\n\n\n\n<p>1. vieta Am\u0113lija Nikola V\u012bksna<\/p>\n\n\n\n<p>2. vieta Nikola Ma\u010dul\u0101ne<\/p>\n\n\n\n<p>3. vieta Katr\u012bne Caune<\/p>\n\n\n\n<p>1. vieta Em\u012bls Spol\u012btis<\/p>\n\n\n\n<p>2. vieta Gustavs Regn\u0101rs Fogels<\/p>\n\n\n\n<p>3. vieta Kristofers Belovs<\/p>\n\n\n\n<p>50m tauri\u0146stil\u0101<\/p>\n\n\n\n<p>1. vieta Karl\u012bna Me\u017eale<\/p>\n\n\n\n<p>2. vieta Nikola Ma\u010dul\u0101ne<\/p>\n\n\n\n<p>3. vieta Liene Evel\u012bna Skrabe<\/p>\n\n\n\n<p>1. vieta Raivo Noviks<\/p>\n\n\n\n<p>2. vieta Eduards Melng\u0101r\u0161s<\/p>\n\n\n\n<p>3. vieta Patriks Krievs<\/p>\n\n\n\n<p>100m kompleks\u0101<\/p>\n\n\n\n<p>1. vieta Karl\u012bna Me\u017eale<\/p>\n\n\n\n<p>2. vieta Elza Monika Kublicka<\/p>\n\n\n\n<p>3. vieta Estere Ma\u010dul\u0101ne<\/p>\n\n\n\n<p>1. vieta Em\u012bls Spol\u012btis<\/p>\n\n\n\n<p>2. vieta Alekss Bludens<\/p>\n\n\n\n<p>3. vieta Gustavs Regn\u0101rs Fogels<\/p>\n\n\n\n<p>Jau \u0161oned\u0113\u013c, 2. oktobr\u012b jaun\u0101k\u0101s grupas sp\u0113c\u012bg\u0101kie peld\u0113t\u0101ji dosies uz sacens\u012bb\u0101m \u0136ekav\u0101, lai piedal\u012btos U11 Latvijas \u010dempion\u0101t\u0101.<\/p>\n\n\n\n<p>Foto ilustrat\u012bvs, Arvis Ertmanis<\/p>\n","protected":false},"excerpt":{"rendered":"<p>26. septembr\u012b Valmieras peldbasein\u0101 norisin\u0101j\u0101s Valmieras Sporta skolas sezonas atkl\u0101\u0161anas sacens\u012bbas peld\u0113\u0161an\u0101. Sacens\u012bb\u0101s start\u0113ja VSS peld\u0113\u0161anas noda\u013cas sportisti, c\u012b\u0146ai par [&hellip;]<\/p>\n","protected":false},"author":35,"featured_media":594,"comment_status":"closed","ping_status":"closed","sticky":false,"template":"","format":"standard","meta":{"_acf_changed":false,"site-sidebar-layout":"default","site-content-layout":"","ast-site-content-layout":"default","site-content-style":"default","site-sidebar-style":"default","ast-global-header-display":"","ast-banner-title-visibility":"","ast-main-header-display":"","ast-hfb-above-header-display":"","ast-hfb-below-header-display":"","ast-hfb-mobile-header-display":"","site-post-title":"","ast-breadcrumbs-content":"","ast-featured-img":"","footer-sml-layout":"","ast-disable-related-posts":"","theme-transparent-header-meta":"","adv-header-id-meta":"","stick-header-meta":"","header-above-stick-meta":"","header-main-stick-meta":"","header-below-stick-meta":"","astra-migrate-meta-layouts":"default","ast-page-background-enabled":"default","ast-page-background-meta":{"desktop":{"background-color":"var(--ast-global-color-5)","background-image":"","background-repeat":"repeat","background-position":"center center","background-size":"auto","background-attachment":"scroll","background-type":"","background-media":"","overlay-type":"","overlay-color":"","overlay-opacity":"","overlay-gradient":""},"tablet":{"background-color":"","background-image":"","background-repeat":"repeat","background-position":"center center","background-size":"auto","background-attachment":"scroll","background-type":"","background-media":"","overlay-type":"","overlay-color":"","overlay-opacity":"","overlay-gradient":""},"mobile":{"background-color":"","background-image":"","background-repeat":"repeat","background-position":"center center","background-size":"auto","background-attachment":"scroll","background-type":"","background-media":"","overlay-type":"","overlay-color":"","overlay-opacity":"","overlay-gradient":""}},"ast-content-background-meta":{"desktop":{"background-color":"var(--ast-global-color-4)","background-image":"","background-repeat":"repeat","background-position":"center center","background-size":"auto","background-attachment":"scroll","background-type":"","background-media":"","overlay-type":"","overlay-color":"","overlay-opacity":"","overlay-gradient":""},"tablet":{"background-color":"var(--ast-global-color-4)","background-image":"","background-repeat":"repeat","background-position":"center center","background-size":"auto","background-attachment":"scroll","background-type":"","background-media":"","overlay-type":"","overlay-color":"","overlay-opacity":"","overlay-gradient":""},"mobile":{"background-color":"var(--ast-global-color-4)","background-image":"","background-repeat":"repeat","background-position":"center center","background-size":"auto","background-attachment":"scroll","background-type":"","background-media":"","overlay-type":"","overlay-color":"","overlay-opacity":"","overlay-gradient":""}},"footnotes":""},"categories":[13],"tags":[],"class_list":["post-593","post","type-post","status-publish","format-standard","has-post-thumbnail","hentry","category-peldesana"],"acf":[],"yoast_head":"<!-- This site is optimized with the Yoast SEO plugin v27.0 - https:\/\/yoast.com\/product\/yoast-seo-wordpress\/ -->\n<title>Valmieras Sporta skolas sezona atkl\u0101\u0161anas sacens\u012bbas peld\u0113\u0161an\u0101 - Valmieras Sporta skola<\/title>\n<meta name=\"robots\" content=\"index, follow, max-snippet:-1, max-image-preview:large, max-video-preview:-1\" \/>\n<link rel=\"canonical\" href=\"https:\/\/izglitiba.valmierasnovads.lv\/valmierassportaskola\/valmieras-sporta-skolas-sezona-atklasanas-sacensibas-peldesana\/\" \/>\n<meta property=\"og:locale\" content=\"lv_LV\" \/>\n<meta property=\"og:type\" content=\"article\" \/>\n<meta property=\"og:title\" content=\"Valmieras Sporta skolas sezona atkl\u0101\u0161anas sacens\u012bbas peld\u0113\u0161an\u0101 - Valmieras Sporta skola\" \/>\n<meta property=\"og:description\" content=\"26. septembr\u012b Valmieras peldbasein\u0101 norisin\u0101j\u0101s Valmieras Sporta skolas sezonas atkl\u0101\u0161anas sacens\u012bbas peld\u0113\u0161an\u0101. Sacens\u012bb\u0101s start\u0113ja VSS peld\u0113\u0161anas noda\u013cas sportisti, c\u012b\u0146ai par [&hellip;]\" \/>\n<meta property=\"og:url\" content=\"https:\/\/izglitiba.valmierasnovads.lv\/valmierassportaskola\/valmieras-sporta-skolas-sezona-atklasanas-sacensibas-peldesana\/\" \/>\n<meta property=\"og:site_name\" content=\"Valmieras Sporta skola\" \/>\n<meta property=\"article:published_time\" content=\"2025-09-29T11:54:21+00:00\" \/>\n<meta property=\"og:image\" content=\"https:\/\/izglitiba.valmierasnovads.lv\/valmierassportaskola\/wp-content\/uploads\/sites\/32\/2025\/09\/DSC_2234-scaled.jpg\" \/>\n\t<meta property=\"og:image:width\" content=\"2560\" \/>\n\t<meta property=\"og:image:height\" content=\"1707\" \/>\n\t<meta property=\"og:image:type\" content=\"image\/jpeg\" \/>\n<meta name=\"author\" content=\"elizapaulaberzina\" \/>\n<meta name=\"twitter:card\" content=\"summary_large_image\" \/>\n<meta name=\"twitter:label1\" content=\"Written by\" \/>\n\t<meta name=\"twitter:data1\" content=\"elizapaulaberzina\" \/>\n\t<meta name=\"twitter:label2\" content=\"Est. reading time\" \/>\n\t<meta name=\"twitter:data2\" content=\"2 min\u016btes\" \/>\n<script type=\"application\/ld+json\" class=\"yoast-schema-graph\">{\"@context\":\"https:\/\/schema.org\",\"@graph\":[{\"@type\":\"Article\",\"@id\":\"https:\/\/izglitiba.valmierasnovads.lv\/valmierassportaskola\/valmieras-sporta-skolas-sezona-atklasanas-sacensibas-peldesana\/#article\",\"isPartOf\":{\"@id\":\"https:\/\/izglitiba.valmierasnovads.lv\/valmierassportaskola\/valmieras-sporta-skolas-sezona-atklasanas-sacensibas-peldesana\/\"},\"author\":{\"name\":\"elizapaulaberzina\",\"@id\":\"https:\/\/izglitiba.valmierasnovads.lv\/valmierassportaskola\/#\/schema\/person\/4e13d7d7bc4bdf97ddcbe604aa40a49e\"},\"headline\":\"Valmieras Sporta skolas sezona atkl\u0101\u0161anas sacens\u012bbas peld\u0113\u0161an\u0101\",\"datePublished\":\"2025-09-29T11:54:21+00:00\",\"mainEntityOfPage\":{\"@id\":\"https:\/\/izglitiba.valmierasnovads.lv\/valmierassportaskola\/valmieras-sporta-skolas-sezona-atklasanas-sacensibas-peldesana\/\"},\"wordCount\":365,\"publisher\":{\"@id\":\"https:\/\/izglitiba.valmierasnovads.lv\/valmierassportaskola\/#organization\"},\"image\":{\"@id\":\"https:\/\/izglitiba.valmierasnovads.lv\/valmierassportaskola\/valmieras-sporta-skolas-sezona-atklasanas-sacensibas-peldesana\/#primaryimage\"},\"thumbnailUrl\":\"https:\/\/izglitiba.valmierasnovads.lv\/valmierassportaskola\/wp-content\/uploads\/sites\/32\/2025\/09\/DSC_2234-scaled.jpg\",\"articleSection\":[\"Peld\u0113\u0161ana\"],\"inLanguage\":\"lv-LV\"},{\"@type\":\"WebPage\",\"@id\":\"https:\/\/izglitiba.valmierasnovads.lv\/valmierassportaskola\/valmieras-sporta-skolas-sezona-atklasanas-sacensibas-peldesana\/\",\"url\":\"https:\/\/izglitiba.valmierasnovads.lv\/valmierassportaskola\/valmieras-sporta-skolas-sezona-atklasanas-sacensibas-peldesana\/\",\"name\":\"Valmieras Sporta skolas sezona atkl\u0101\u0161anas sacens\u012bbas peld\u0113\u0161an\u0101 - Valmieras Sporta skola\",\"isPartOf\":{\"@id\":\"https:\/\/izglitiba.valmierasnovads.lv\/valmierassportaskola\/#website\"},\"primaryImageOfPage\":{\"@id\":\"https:\/\/izglitiba.valmierasnovads.lv\/valmierassportaskola\/valmieras-sporta-skolas-sezona-atklasanas-sacensibas-peldesana\/#primaryimage\"},\"image\":{\"@id\":\"https:\/\/izglitiba.valmierasnovads.lv\/valmierassportaskola\/valmieras-sporta-skolas-sezona-atklasanas-sacensibas-peldesana\/#primaryimage\"},\"thumbnailUrl\":\"https:\/\/izglitiba.valmierasnovads.lv\/valmierassportaskola\/wp-content\/uploads\/sites\/32\/2025\/09\/DSC_2234-scaled.jpg\",\"datePublished\":\"2025-09-29T11:54:21+00:00\",\"breadcrumb\":{\"@id\":\"https:\/\/izglitiba.valmierasnovads.lv\/valmierassportaskola\/valmieras-sporta-skolas-sezona-atklasanas-sacensibas-peldesana\/#breadcrumb\"},\"inLanguage\":\"lv-LV\",\"potentialAction\":[{\"@type\":\"ReadAction\",\"target\":[\"https:\/\/izglitiba.valmierasnovads.lv\/valmierassportaskola\/valmieras-sporta-skolas-sezona-atklasanas-sacensibas-peldesana\/\"]}]},{\"@type\":\"ImageObject\",\"inLanguage\":\"lv-LV\",\"@id\":\"https:\/\/izglitiba.valmierasnovads.lv\/valmierassportaskola\/valmieras-sporta-skolas-sezona-atklasanas-sacensibas-peldesana\/#primaryimage\",\"url\":\"https:\/\/izglitiba.valmierasnovads.lv\/valmierassportaskola\/wp-content\/uploads\/sites\/32\/2025\/09\/DSC_2234-scaled.jpg\",\"contentUrl\":\"https:\/\/izglitiba.valmierasnovads.lv\/valmierassportaskola\/wp-content\/uploads\/sites\/32\/2025\/09\/DSC_2234-scaled.jpg\",\"width\":2560,\"height\":1707},{\"@type\":\"BreadcrumbList\",\"@id\":\"https:\/\/izglitiba.valmierasnovads.lv\/valmierassportaskola\/valmieras-sporta-skolas-sezona-atklasanas-sacensibas-peldesana\/#breadcrumb\",\"itemListElement\":[{\"@type\":\"ListItem\",\"position\":1,\"name\":\"Home\",\"item\":\"https:\/\/izglitiba.valmierasnovads.lv\/valmierassportaskola\/\"},{\"@type\":\"ListItem\",\"position\":2,\"name\":\"Valmieras Sporta skolas sezona atkl\u0101\u0161anas sacens\u012bbas peld\u0113\u0161an\u0101\"}]},{\"@type\":\"WebSite\",\"@id\":\"https:\/\/izglitiba.valmierasnovads.lv\/valmierassportaskola\/#website\",\"url\":\"https:\/\/izglitiba.valmierasnovads.lv\/valmierassportaskola\/\",\"name\":\"Valmieras Sporta skola\",\"description\":\"\",\"publisher\":{\"@id\":\"https:\/\/izglitiba.valmierasnovads.lv\/valmierassportaskola\/#organization\"},\"potentialAction\":[{\"@type\":\"SearchAction\",\"target\":{\"@type\":\"EntryPoint\",\"urlTemplate\":\"https:\/\/izglitiba.valmierasnovads.lv\/valmierassportaskola\/?s={search_term_string}\"},\"query-input\":{\"@type\":\"PropertyValueSpecification\",\"valueRequired\":true,\"valueName\":\"search_term_string\"}}],\"inLanguage\":\"lv-LV\"},{\"@type\":\"Organization\",\"@id\":\"https:\/\/izglitiba.valmierasnovads.lv\/valmierassportaskola\/#organization\",\"name\":\"Valmieras Sporta skola\",\"url\":\"https:\/\/izglitiba.valmierasnovads.lv\/valmierassportaskola\/\",\"logo\":{\"@type\":\"ImageObject\",\"inLanguage\":\"lv-LV\",\"@id\":\"https:\/\/izglitiba.valmierasnovads.lv\/valmierassportaskola\/#\/schema\/logo\/image\/\",\"url\":\"https:\/\/izglitiba.valmierasnovads.lv\/valmierassportaskola\/wp-content\/uploads\/sites\/32\/2025\/06\/cropped-Logo_Valmieras_sporta_skola_melns-1.png\",\"contentUrl\":\"https:\/\/izglitiba.valmierasnovads.lv\/valmierassportaskola\/wp-content\/uploads\/sites\/32\/2025\/06\/cropped-Logo_Valmieras_sporta_skola_melns-1.png\",\"width\":2354,\"height\":596,\"caption\":\"Valmieras Sporta skola\"},\"image\":{\"@id\":\"https:\/\/izglitiba.valmierasnovads.lv\/valmierassportaskola\/#\/schema\/logo\/image\/\"}},{\"@type\":\"Person\",\"@id\":\"https:\/\/izglitiba.valmierasnovads.lv\/valmierassportaskola\/#\/schema\/person\/4e13d7d7bc4bdf97ddcbe604aa40a49e\",\"name\":\"elizapaulaberzina\",\"image\":{\"@type\":\"ImageObject\",\"inLanguage\":\"lv-LV\",\"@id\":\"https:\/\/izglitiba.valmierasnovads.lv\/valmierassportaskola\/#\/schema\/person\/image\/\",\"url\":\"https:\/\/secure.gravatar.com\/avatar\/eee97abe3c677b8a6a728841cbeafc12cf7e82108e16507228a78617dfb0e663?s=96&d=mm&r=g\",\"contentUrl\":\"https:\/\/secure.gravatar.com\/avatar\/eee97abe3c677b8a6a728841cbeafc12cf7e82108e16507228a78617dfb0e663?s=96&d=mm&r=g\",\"caption\":\"elizapaulaberzina\"},\"url\":\"https:\/\/izglitiba.valmierasnovads.lv\/valmierassportaskola\/author\/elizapaulaberzina\/\"}]}<\/script>\n<!-- \/ Yoast SEO plugin. -->","yoast_head_json":{"title":"Valmieras Sporta skolas sezona atkl\u0101\u0161anas sacens\u012bbas peld\u0113\u0161an\u0101 - Valmieras Sporta skola","robots":{"index":"index","follow":"follow","max-snippet":"max-snippet:-1","max-image-preview":"max-image-preview:large","max-video-preview":"max-video-preview:-1"},"canonical":"https:\/\/izglitiba.valmierasnovads.lv\/valmierassportaskola\/valmieras-sporta-skolas-sezona-atklasanas-sacensibas-peldesana\/","og_locale":"lv_LV","og_type":"article","og_title":"Valmieras Sporta skolas sezona atkl\u0101\u0161anas sacens\u012bbas peld\u0113\u0161an\u0101 - Valmieras Sporta skola","og_description":"26. septembr\u012b Valmieras peldbasein\u0101 norisin\u0101j\u0101s Valmieras Sporta skolas sezonas atkl\u0101\u0161anas sacens\u012bbas peld\u0113\u0161an\u0101. Sacens\u012bb\u0101s start\u0113ja VSS peld\u0113\u0161anas noda\u013cas sportisti, c\u012b\u0146ai par [&hellip;]","og_url":"https:\/\/izglitiba.valmierasnovads.lv\/valmierassportaskola\/valmieras-sporta-skolas-sezona-atklasanas-sacensibas-peldesana\/","og_site_name":"Valmieras Sporta skola","article_published_time":"2025-09-29T11:54:21+00:00","og_image":[{"width":2560,"height":1707,"url":"https:\/\/izglitiba.valmierasnovads.lv\/valmierassportaskola\/wp-content\/uploads\/sites\/32\/2025\/09\/DSC_2234-scaled.jpg","type":"image\/jpeg"}],"author":"elizapaulaberzina","twitter_card":"summary_large_image","twitter_misc":{"Written by":"elizapaulaberzina","Est. reading time":"2 min\u016btes"},"schema":{"@context":"https:\/\/schema.org","@graph":[{"@type":"Article","@id":"https:\/\/izglitiba.valmierasnovads.lv\/valmierassportaskola\/valmieras-sporta-skolas-sezona-atklasanas-sacensibas-peldesana\/#article","isPartOf":{"@id":"https:\/\/izglitiba.valmierasnovads.lv\/valmierassportaskola\/valmieras-sporta-skolas-sezona-atklasanas-sacensibas-peldesana\/"},"author":{"name":"elizapaulaberzina","@id":"https:\/\/izglitiba.valmierasnovads.lv\/valmierassportaskola\/#\/schema\/person\/4e13d7d7bc4bdf97ddcbe604aa40a49e"},"headline":"Valmieras Sporta skolas sezona atkl\u0101\u0161anas sacens\u012bbas peld\u0113\u0161an\u0101","datePublished":"2025-09-29T11:54:21+00:00","mainEntityOfPage":{"@id":"https:\/\/izglitiba.valmierasnovads.lv\/valmierassportaskola\/valmieras-sporta-skolas-sezona-atklasanas-sacensibas-peldesana\/"},"wordCount":365,"publisher":{"@id":"https:\/\/izglitiba.valmierasnovads.lv\/valmierassportaskola\/#organization"},"image":{"@id":"https:\/\/izglitiba.valmierasnovads.lv\/valmierassportaskola\/valmieras-sporta-skolas-sezona-atklasanas-sacensibas-peldesana\/#primaryimage"},"thumbnailUrl":"https:\/\/izglitiba.valmierasnovads.lv\/valmierassportaskola\/wp-content\/uploads\/sites\/32\/2025\/09\/DSC_2234-scaled.jpg","articleSection":["Peld\u0113\u0161ana"],"inLanguage":"lv-LV"},{"@type":"WebPage","@id":"https:\/\/izglitiba.valmierasnovads.lv\/valmierassportaskola\/valmieras-sporta-skolas-sezona-atklasanas-sacensibas-peldesana\/","url":"https:\/\/izglitiba.valmierasnovads.lv\/valmierassportaskola\/valmieras-sporta-skolas-sezona-atklasanas-sacensibas-peldesana\/","name":"Valmieras Sporta skolas sezona atkl\u0101\u0161anas sacens\u012bbas peld\u0113\u0161an\u0101 - Valmieras Sporta skola","isPartOf":{"@id":"https:\/\/izglitiba.valmierasnovads.lv\/valmierassportaskola\/#website"},"primaryImageOfPage":{"@id":"https:\/\/izglitiba.valmierasnovads.lv\/valmierassportaskola\/valmieras-sporta-skolas-sezona-atklasanas-sacensibas-peldesana\/#primaryimage"},"image":{"@id":"https:\/\/izglitiba.valmierasnovads.lv\/valmierassportaskola\/valmieras-sporta-skolas-sezona-atklasanas-sacensibas-peldesana\/#primaryimage"},"thumbnailUrl":"https:\/\/izglitiba.valmierasnovads.lv\/valmierassportaskola\/wp-content\/uploads\/sites\/32\/2025\/09\/DSC_2234-scaled.jpg","datePublished":"2025-09-29T11:54:21+00:00","breadcrumb":{"@id":"https:\/\/izglitiba.valmierasnovads.lv\/valmierassportaskola\/valmieras-sporta-skolas-sezona-atklasanas-sacensibas-peldesana\/#breadcrumb"},"inLanguage":"lv-LV","potentialAction":[{"@type":"ReadAction","target":["https:\/\/izglitiba.valmierasnovads.lv\/valmierassportaskola\/valmieras-sporta-skolas-sezona-atklasanas-sacensibas-peldesana\/"]}]},{"@type":"ImageObject","inLanguage":"lv-LV","@id":"https:\/\/izglitiba.valmierasnovads.lv\/valmierassportaskola\/valmieras-sporta-skolas-sezona-atklasanas-sacensibas-peldesana\/#primaryimage","url":"https:\/\/izglitiba.valmierasnovads.lv\/valmierassportaskola\/wp-content\/uploads\/sites\/32\/2025\/09\/DSC_2234-scaled.jpg","contentUrl":"https:\/\/izglitiba.valmierasnovads.lv\/valmierassportaskola\/wp-content\/uploads\/sites\/32\/2025\/09\/DSC_2234-scaled.jpg","width":2560,"height":1707},{"@type":"BreadcrumbList","@id":"https:\/\/izglitiba.valmierasnovads.lv\/valmierassportaskola\/valmieras-sporta-skolas-sezona-atklasanas-sacensibas-peldesana\/#breadcrumb","itemListElement":[{"@type":"ListItem","position":1,"name":"Home","item":"https:\/\/izglitiba.valmierasnovads.lv\/valmierassportaskola\/"},{"@type":"ListItem","position":2,"name":"Valmieras Sporta skolas sezona atkl\u0101\u0161anas sacens\u012bbas peld\u0113\u0161an\u0101"}]},{"@type":"WebSite","@id":"https:\/\/izglitiba.valmierasnovads.lv\/valmierassportaskola\/#website","url":"https:\/\/izglitiba.valmierasnovads.lv\/valmierassportaskola\/","name":"Valmieras Sporta skola","description":"","publisher":{"@id":"https:\/\/izglitiba.valmierasnovads.lv\/valmierassportaskola\/#organization"},"potentialAction":[{"@type":"SearchAction","target":{"@type":"EntryPoint","urlTemplate":"https:\/\/izglitiba.valmierasnovads.lv\/valmierassportaskola\/?s={search_term_string}"},"query-input":{"@type":"PropertyValueSpecification","valueRequired":true,"valueName":"search_term_string"}}],"inLanguage":"lv-LV"},{"@type":"Organization","@id":"https:\/\/izglitiba.valmierasnovads.lv\/valmierassportaskola\/#organization","name":"Valmieras Sporta skola","url":"https:\/\/izglitiba.valmierasnovads.lv\/valmierassportaskola\/","logo":{"@type":"ImageObject","inLanguage":"lv-LV","@id":"https:\/\/izglitiba.valmierasnovads.lv\/valmierassportaskola\/#\/schema\/logo\/image\/","url":"https:\/\/izglitiba.valmierasnovads.lv\/valmierassportaskola\/wp-content\/uploads\/sites\/32\/2025\/06\/cropped-Logo_Valmieras_sporta_skola_melns-1.png","contentUrl":"https:\/\/izglitiba.valmierasnovads.lv\/valmierassportaskola\/wp-content\/uploads\/sites\/32\/2025\/06\/cropped-Logo_Valmieras_sporta_skola_melns-1.png","width":2354,"height":596,"caption":"Valmieras Sporta skola"},"image":{"@id":"https:\/\/izglitiba.valmierasnovads.lv\/valmierassportaskola\/#\/schema\/logo\/image\/"}},{"@type":"Person","@id":"https:\/\/izglitiba.valmierasnovads.lv\/valmierassportaskola\/#\/schema\/person\/4e13d7d7bc4bdf97ddcbe604aa40a49e","name":"elizapaulaberzina","image":{"@type":"ImageObject","inLanguage":"lv-LV","@id":"https:\/\/izglitiba.valmierasnovads.lv\/valmierassportaskola\/#\/schema\/person\/image\/","url":"https:\/\/secure.gravatar.com\/avatar\/eee97abe3c677b8a6a728841cbeafc12cf7e82108e16507228a78617dfb0e663?s=96&d=mm&r=g","contentUrl":"https:\/\/secure.gravatar.com\/avatar\/eee97abe3c677b8a6a728841cbeafc12cf7e82108e16507228a78617dfb0e663?s=96&d=mm&r=g","caption":"elizapaulaberzina"},"url":"https:\/\/izglitiba.valmierasnovads.lv\/valmierassportaskola\/author\/elizapaulaberzina\/"}]}},"_links":{"self":[{"href":"https:\/\/izglitiba.valmierasnovads.lv\/valmierassportaskola\/wp-json\/wp\/v2\/posts\/593","targetHints":{"allow":["GET"]}}],"collection":[{"href":"https:\/\/izglitiba.valmierasnovads.lv\/valmierassportaskola\/wp-json\/wp\/v2\/posts"}],"about":[{"href":"https:\/\/izglitiba.valmierasnovads.lv\/valmierassportaskola\/wp-json\/wp\/v2\/types\/post"}],"author":[{"embeddable":true,"href":"https:\/\/izglitiba.valmierasnovads.lv\/valmierassportaskola\/wp-json\/wp\/v2\/users\/35"}],"replies":[{"embeddable":true,"href":"https:\/\/izglitiba.valmierasnovads.lv\/valmierassportaskola\/wp-json\/wp\/v2\/comments?post=593"}],"version-history":[{"count":1,"href":"https:\/\/izglitiba.valmierasnovads.lv\/valmierassportaskola\/wp-json\/wp\/v2\/posts\/593\/revisions"}],"predecessor-version":[{"id":595,"href":"https:\/\/izglitiba.valmierasnovads.lv\/valmierassportaskola\/wp-json\/wp\/v2\/posts\/593\/revisions\/595"}],"wp:featuredmedia":[{"embeddable":true,"href":"https:\/\/izglitiba.valmierasnovads.lv\/valmierassportaskola\/wp-json\/wp\/v2\/media\/594"}],"wp:attachment":[{"href":"https:\/\/izglitiba.valmierasnovads.lv\/valmierassportaskola\/wp-json\/wp\/v2\/media?parent=593"}],"wp:term":[{"taxonomy":"category","embeddable":true,"href":"https:\/\/izglitiba.valmierasnovads.lv\/valmierassportaskola\/wp-json\/wp\/v2\/categories?post=593"},{"taxonomy":"post_tag","embeddable":true,"href":"https:\/\/izglitiba.valmierasnovads.lv\/valmierassportaskola\/wp-json\/wp\/v2\/tags?post=593"}],"curies":[{"name":"wp","href":"https:\/\/api.w.org\/{rel}","templated":true}]}}