{"id":937,"date":"2025-11-19T13:26:35","date_gmt":"2025-11-19T11:26:35","guid":{"rendered":"https:\/\/izglitiba.valmierasnovads.lv\/valmierassportaskola\/?p=937"},"modified":"2025-12-09T10:57:41","modified_gmt":"2025-12-09T08:57:41","slug":"sveikti-valmieras-novada-goda-un-gada-cilveki","status":"publish","type":"post","link":"https:\/\/izglitiba.valmierasnovads.lv\/valmierassportaskola\/sveikti-valmieras-novada-goda-un-gada-cilveki\/","title":{"rendered":"Sveikti Valmieras novada Goda un Gada cilv\u0113ki"},"content":{"rendered":"\n<p>Vi\u0146i dara pa \u012bstam, t\u0101p\u0113c vi\u0146u darbi pa \u012bstam dz\u012bvo, iedvesmo, aiz\u0137er k\u0101du sirds st\u016br\u012bti, iekustina kaut ko jaunu vai r\u016bp\u0113jas par turpin\u0101\u0161anos. Vi\u0146i dara pa \u012bstam, un n<a><\/a>av no svara, cik lieli vai mazi ir darbi, cik redzams vai neredzams ir pats dar\u012bt\u0101js, vi\u0146u darbi skait\u0101s, ja \u013cauj mums ieraudz\u012bt, kas patie\u0161\u0101m ir no svara un pa \u012bstam.<\/p>\n\n\n\n<p>Pateicoties par noz\u012bm\u012bgo devumu un sagaidot Latvijas Republikas proklam\u0113\u0161anas 107. gadadienu, 16. novembr\u012b svin\u012bg\u0101 ceremonij\u0101 laikmet\u012bg\u0101s m\u0101kslas telp\u0101 \u201cKurtuve\u201d sveikti Valmieras novada augst\u0101ko apbalvojumu \u201cValmieras novada Goda pilsonis\u201d un \u201cValmieras novada Gada cilv\u0113ks\u201d sa\u0146\u0113m\u0113ji.<\/p>\n\n\n\n<p>\u201cSagaidot Latvijas dzim\u0161anas dienu, \u012bpa\u0161s prieks un lepnums sveikt apbalvojumu \u201cValmieras novada Goda pilsonis\u201d un \u201cValmieras novada Gada cilv\u0113ks\u201d sa\u0146\u0113m\u0113jus. \u0160ie cilv\u0113ki ar saviem darbiem, attieksmi un skat\u012bjumu uz dz\u012bvi padara Valmieras novadu par lab\u0101ku vietu, kur mums b\u016bt, un t\u0101d\u0113j\u0101di dara sp\u0113c\u012bg\u0101ku ar\u012b Latviju. Ticu, ka vi\u0146iem zi\u0146a par apbalvojumu bija negaid\u012bta, bet tie\u0161i tas padara vi\u0146u veikumu \u012bpa\u0161u \u2013 vi\u0146i darbojas p\u0113c lab\u0101k\u0101s sirdsapzi\u0146as, nesagaidot par to apbalvojumu, vi\u0146i dara, jo redz tam j\u0113gu, nepiecie\u0161am\u012bbu un nemaz nevar cit\u0101d\u0101k. Paldies par noz\u012bm\u012bgo ieguld\u012bjumu! J\u016bsu paveiktais turpin\u0101s un aizs\u0101k atkal citus labus darbus. Lai darb\u012bgi ar\u012b turpm\u0101k! Lai Valmieras novads ar\u012b turpm\u0101k ir vieta, kur j\u016bsu darbam un sirdsdegsmei plaukt!\u201d pateic\u0101s Valmieras novada pa\u0161vald\u012bbas domes priek\u0161s\u0113d\u0113t\u0101js J\u0101nis Baiks.<\/p>\n\n\n\n<p>No sirds lepojamies ar m\u016bsu treneriem, kuri savu darbu dara ar patiesu degsmi. To nov\u0113rt\u0113jam ne tikai m\u0113s, bet ar\u012b Valmieras novads. No sirds lepojamies ar air\u0113\u0161anas slaloma treneri L\u012bgoni Be\u010deru un BMX rite\u0146brauk\u0161anas treneri Olafu Laku\u010du. Varam b\u016bt lepni j\u016bs saucot par m\u016bs\u0113jiem!<\/p>\n\n\n\n<p>Par neatsveramu ieguld\u012bjumu ne tikai air\u0113\u0161anas slaloma sporta att\u012bst\u012bb\u0101, bet ar\u012b Valmieras pils\u0113tvid\u0113, att\u012bstot un uzturot air\u0113\u0161anas slaloma trasi \u201cKr\u0101ces\u201d, kas ir unik\u0101ls objekts Latvij\u0101 \u2013 veidots ar nesavt\u012bgu darbu, neatlaid\u012bbu un sabiedr\u012bbas atbalstu, par krastmalas un promen\u0101des sak\u0101rto\u0161anu, kas k\u013cuvusi par iecien\u012btu pastaigu vietu un vienu no Valmieras viz\u012btkart\u0113m, par sp\u0113ju iesaist\u012bt kopienu vair\u0101k\u0101s paaudz\u0113s, kop\u012bgiem sp\u0113kiem uzlabojot pils\u0113tas da\u013cu, par ieguld\u012bjumu jaun\u0101s air\u0113\u0161anas paaudzes att\u012bst\u012bb\u0101, tren\u0113jot air\u0113\u0161anas slaloma sportistus, tostarp biju\u0161os un pa\u0161reiz\u0113jos Latvijas un Latvijas jaunatnes \u010dempionus, par darbu, Valmierai sp\u0113jot air\u0113\u0161anas slalom\u0101 uz\u0146emt Latvijas \u010dempion\u0101tus un starptautiskus turn\u012brus, apbalvojumu \u201cValmieras novada Goda pilsonis\u201d sa\u0146\u0113ma air\u0113\u0161anas slaloma treneris L\u012bgonis Be\u010ders.<\/p>\n\n\n\n<p>Par pa\u0161aizliedz\u012bgu darbu M\u0101ra \u0160tromberga BMX trases \u201cValmiera\u201d sagatavo\u0161an\u0101 2025. gada UEC BMX Eiropas \u010dempion\u0101ta norisei, par BMX sporta att\u012bst\u012bbas veicin\u0101\u0161anu Valmieras novad\u0101, gan esot trenerim, gan piedaloties sacens\u012bbu r\u012bko\u0161an\u0101, par profesionalit\u0101ti un pa\u0161aizliedz\u012bgu darbu, sagatavojot jaunos sportistus, tostarp audz\u0113kne Sandra Aleksejeva izc\u012bn\u012bja ties\u012bbas start\u0113t olimpiskaj\u0101s sp\u0113l\u0113s London\u0101, k\u0101 ar\u012b audz\u0113k\u0146i regul\u0101ri uzr\u0101d\u012bju\u0161i augstv\u0113rt\u012bgu sniegumu Eiropas \u010dempion\u0101tu un pasaules \u010dempion\u0101tu posmos, daudzk\u0101rt izc\u012bn\u012bti Latvijas \u010dempionu tituli, par BMX sporta att\u012bst\u012b\u0161anu Latvijas m\u0113rog\u0101, darbojoties Latvijas Rite\u0146brauk\u0161anas feder\u0101cijas valdes sast\u0101v\u0101, kop\u0161 2023. gada esot Valmieras Augstas klases sportistu sagatavo\u0161anas centra BMX noda\u013cas trenerim un \u0161obr\u012bd esot iek\u013cautam valsts izlases treneru korpusa sast\u0101v\u0101, apbalvojumu \u201cValmieras novada Gada cilv\u0113ks\u201d sa\u0146\u0113ma Valmieras Sporta skolas BMX noda\u013cas vec\u0101kais treneris Olafs Laku\u010ds.<\/p>\n\n\n\n<p>Apbalvojumu sa\u0146\u0113m\u0113jiem pasniedza \u012bpa\u0161u Valmieras novada Goda z\u012bmi. Taj\u0101 atainots Valmieras novada \u0123erbonis \u2013 ozols uz pakalna zelta lauk\u0101 un \u016bdens pak\u0101j\u0113, simboliz\u0113jot latviskumu, pamat\u012bgumu, stabilit\u0101ti, sp\u0113ku, dabas m\u012blest\u012bbu, p\u0113ctec\u012bbu un trad\u012bcijas, tiek\u0161anos uz izaugsmi un att\u012bst\u012bbu, dz\u012bv\u012bbu un dinamiku.<\/p>\n\n\n\n<p>Apbalvojumi \u201cValmieras novada Goda pilsonis\u201d un \u201cValmieras novada Gada cilv\u0113ks\u201d p\u0113c Valmieras novada izveides pasniegti ceturto reizi. Iedz\u012bvot\u0101ju iesniegtos pieteikumus apbalvojumiem v\u0113rt\u0113ja Valmieras novada pa\u0161vald\u012bbas domes apstiprin\u0101ta neatkar\u012bga komisija \u2013 Valmieras novada iedz\u012bvot\u0101ji, da\u017e\u0101du jomu p\u0101rst\u0101vji.<\/p>\n\n\n\n<p>Inform\u0101cija &#8211; <a href=\"http:\/\/www.valmierasnovads.lv\/?fbclid=IwZXh0bgNhZW0CMTAAYnJpZBExcnh1d1VvMktNUXM3V1NCNnNydGMGYXBwX2lkEDIyMjAzOTE3ODgyMDA4OTIAAR5jCrayzBbD9Zn2KO4EhdzrLZHI7I-DM3TWvtgWsSb9IeIjplFls9b8ISsTFQ_aem_dsCGpr13eAXyeFb_ad-bZQ\" rel=\"noreferrer noopener\" target=\"_blank\">www.valmierasnovads.lv<\/a><\/p>\n\n\n\n<p>Foto U\u0123is Br\u0101l\u0113ns<\/p>\n","protected":false},"excerpt":{"rendered":"<p>Vi\u0146i dara pa \u012bstam, t\u0101p\u0113c vi\u0146u darbi pa \u012bstam dz\u012bvo, iedvesmo, aiz\u0137er k\u0101du sirds st\u016br\u012bti, iekustina kaut ko jaunu vai [&hellip;]<\/p>\n","protected":false},"author":35,"featured_media":938,"comment_status":"closed","ping_status":"closed","sticky":false,"template":"","format":"standard","meta":{"_acf_changed":false,"site-sidebar-layout":"default","site-content-layout":"","ast-site-content-layout":"default","site-content-style":"default","site-sidebar-style":"default","ast-global-header-display":"","ast-banner-title-visibility":"","ast-main-header-display":"","ast-hfb-above-header-display":"","ast-hfb-below-header-display":"","ast-hfb-mobile-header-display":"","site-post-title":"","ast-breadcrumbs-content":"","ast-featured-img":"","footer-sml-layout":"","ast-disable-related-posts":"","theme-transparent-header-meta":"","adv-header-id-meta":"","stick-header-meta":"","header-above-stick-meta":"","header-main-stick-meta":"","header-below-stick-meta":"","astra-migrate-meta-layouts":"default","ast-page-background-enabled":"default","ast-page-background-meta":{"desktop":{"background-color":"var(--ast-global-color-5)","background-image":"","background-repeat":"repeat","background-position":"center center","background-size":"auto","background-attachment":"scroll","background-type":"","background-media":"","overlay-type":"","overlay-color":"","overlay-opacity":"","overlay-gradient":""},"tablet":{"background-color":"","background-image":"","background-repeat":"repeat","background-position":"center center","background-size":"auto","background-attachment":"scroll","background-type":"","background-media":"","overlay-type":"","overlay-color":"","overlay-opacity":"","overlay-gradient":""},"mobile":{"background-color":"","background-image":"","background-repeat":"repeat","background-position":"center center","background-size":"auto","background-attachment":"scroll","background-type":"","background-media":"","overlay-type":"","overlay-color":"","overlay-opacity":"","overlay-gradient":""}},"ast-content-background-meta":{"desktop":{"background-color":"var(--ast-global-color-4)","background-image":"","background-repeat":"repeat","background-position":"center center","background-size":"auto","background-attachment":"scroll","background-type":"","background-media":"","overlay-type":"","overlay-color":"","overlay-opacity":"","overlay-gradient":""},"tablet":{"background-color":"var(--ast-global-color-4)","background-image":"","background-repeat":"repeat","background-position":"center center","background-size":"auto","background-attachment":"scroll","background-type":"","background-media":"","overlay-type":"","overlay-color":"","overlay-opacity":"","overlay-gradient":""},"mobile":{"background-color":"var(--ast-global-color-4)","background-image":"","background-repeat":"repeat","background-position":"center center","background-size":"auto","background-attachment":"scroll","background-type":"","background-media":"","overlay-type":"","overlay-color":"","overlay-opacity":"","overlay-gradient":""}},"footnotes":""},"categories":[6,5,28],"tags":[],"class_list":["post-937","post","type-post","status-publish","format-standard","has-post-thumbnail","hentry","category-airesanas-slaloms","category-bmx","category-skola"],"acf":[],"yoast_head":"<!-- This site is optimized with the Yoast SEO plugin v27.0 - https:\/\/yoast.com\/product\/yoast-seo-wordpress\/ -->\n<title>Sveikti Valmieras novada Goda un Gada cilv\u0113ki - Valmieras Sporta skola<\/title>\n<meta name=\"robots\" content=\"index, follow, max-snippet:-1, max-image-preview:large, max-video-preview:-1\" \/>\n<link rel=\"canonical\" href=\"https:\/\/izglitiba.valmierasnovads.lv\/valmierassportaskola\/sveikti-valmieras-novada-goda-un-gada-cilveki\/\" \/>\n<meta property=\"og:locale\" content=\"lv_LV\" \/>\n<meta property=\"og:type\" content=\"article\" \/>\n<meta property=\"og:title\" content=\"Sveikti Valmieras novada Goda un Gada cilv\u0113ki - Valmieras Sporta skola\" \/>\n<meta property=\"og:description\" content=\"Vi\u0146i dara pa \u012bstam, t\u0101p\u0113c vi\u0146u darbi pa \u012bstam dz\u012bvo, iedvesmo, aiz\u0137er k\u0101du sirds st\u016br\u012bti, iekustina kaut ko jaunu vai [&hellip;]\" \/>\n<meta property=\"og:url\" content=\"https:\/\/izglitiba.valmierasnovads.lv\/valmierassportaskola\/sveikti-valmieras-novada-goda-un-gada-cilveki\/\" \/>\n<meta property=\"og:site_name\" content=\"Valmieras Sporta skola\" \/>\n<meta property=\"article:published_time\" content=\"2025-11-19T11:26:35+00:00\" \/>\n<meta property=\"article:modified_time\" content=\"2025-12-09T08:57:41+00:00\" \/>\n<meta property=\"og:image\" content=\"https:\/\/izglitiba.valmierasnovads.lv\/valmierassportaskola\/wp-content\/uploads\/sites\/32\/2025\/11\/Goda-Gada-Valmierietis-ceremonija-16_11_2025_144.jpg\" \/>\n\t<meta property=\"og:image:width\" content=\"1920\" \/>\n\t<meta property=\"og:image:height\" content=\"1280\" \/>\n\t<meta property=\"og:image:type\" content=\"image\/jpeg\" \/>\n<meta name=\"author\" content=\"elizapaulaberzina\" \/>\n<meta name=\"twitter:card\" content=\"summary_large_image\" \/>\n<meta name=\"twitter:label1\" content=\"Written by\" \/>\n\t<meta name=\"twitter:data1\" content=\"elizapaulaberzina\" \/>\n\t<meta name=\"twitter:label2\" content=\"Est. reading time\" \/>\n\t<meta name=\"twitter:data2\" content=\"4 min\u016btes\" \/>\n<script type=\"application\/ld+json\" class=\"yoast-schema-graph\">{\"@context\":\"https:\/\/schema.org\",\"@graph\":[{\"@type\":\"Article\",\"@id\":\"https:\/\/izglitiba.valmierasnovads.lv\/valmierassportaskola\/sveikti-valmieras-novada-goda-un-gada-cilveki\/#article\",\"isPartOf\":{\"@id\":\"https:\/\/izglitiba.valmierasnovads.lv\/valmierassportaskola\/sveikti-valmieras-novada-goda-un-gada-cilveki\/\"},\"author\":{\"name\":\"elizapaulaberzina\",\"@id\":\"https:\/\/izglitiba.valmierasnovads.lv\/valmierassportaskola\/#\/schema\/person\/4e13d7d7bc4bdf97ddcbe604aa40a49e\"},\"headline\":\"Sveikti Valmieras novada Goda un Gada cilv\u0113ki\",\"datePublished\":\"2025-11-19T11:26:35+00:00\",\"dateModified\":\"2025-12-09T08:57:41+00:00\",\"mainEntityOfPage\":{\"@id\":\"https:\/\/izglitiba.valmierasnovads.lv\/valmierassportaskola\/sveikti-valmieras-novada-goda-un-gada-cilveki\/\"},\"wordCount\":791,\"publisher\":{\"@id\":\"https:\/\/izglitiba.valmierasnovads.lv\/valmierassportaskola\/#organization\"},\"image\":{\"@id\":\"https:\/\/izglitiba.valmierasnovads.lv\/valmierassportaskola\/sveikti-valmieras-novada-goda-un-gada-cilveki\/#primaryimage\"},\"thumbnailUrl\":\"https:\/\/izglitiba.valmierasnovads.lv\/valmierassportaskola\/wp-content\/uploads\/sites\/32\/2025\/11\/Goda-Gada-Valmierietis-ceremonija-16_11_2025_144.jpg\",\"articleSection\":[\"Air\u0113\u0161anas slaloms\",\"BMX\",\"Skola\"],\"inLanguage\":\"lv-LV\"},{\"@type\":\"WebPage\",\"@id\":\"https:\/\/izglitiba.valmierasnovads.lv\/valmierassportaskola\/sveikti-valmieras-novada-goda-un-gada-cilveki\/\",\"url\":\"https:\/\/izglitiba.valmierasnovads.lv\/valmierassportaskola\/sveikti-valmieras-novada-goda-un-gada-cilveki\/\",\"name\":\"Sveikti Valmieras novada Goda un Gada cilv\u0113ki - Valmieras Sporta skola\",\"isPartOf\":{\"@id\":\"https:\/\/izglitiba.valmierasnovads.lv\/valmierassportaskola\/#website\"},\"primaryImageOfPage\":{\"@id\":\"https:\/\/izglitiba.valmierasnovads.lv\/valmierassportaskola\/sveikti-valmieras-novada-goda-un-gada-cilveki\/#primaryimage\"},\"image\":{\"@id\":\"https:\/\/izglitiba.valmierasnovads.lv\/valmierassportaskola\/sveikti-valmieras-novada-goda-un-gada-cilveki\/#primaryimage\"},\"thumbnailUrl\":\"https:\/\/izglitiba.valmierasnovads.lv\/valmierassportaskola\/wp-content\/uploads\/sites\/32\/2025\/11\/Goda-Gada-Valmierietis-ceremonija-16_11_2025_144.jpg\",\"datePublished\":\"2025-11-19T11:26:35+00:00\",\"dateModified\":\"2025-12-09T08:57:41+00:00\",\"breadcrumb\":{\"@id\":\"https:\/\/izglitiba.valmierasnovads.lv\/valmierassportaskola\/sveikti-valmieras-novada-goda-un-gada-cilveki\/#breadcrumb\"},\"inLanguage\":\"lv-LV\",\"potentialAction\":[{\"@type\":\"ReadAction\",\"target\":[\"https:\/\/izglitiba.valmierasnovads.lv\/valmierassportaskola\/sveikti-valmieras-novada-goda-un-gada-cilveki\/\"]}]},{\"@type\":\"ImageObject\",\"inLanguage\":\"lv-LV\",\"@id\":\"https:\/\/izglitiba.valmierasnovads.lv\/valmierassportaskola\/sveikti-valmieras-novada-goda-un-gada-cilveki\/#primaryimage\",\"url\":\"https:\/\/izglitiba.valmierasnovads.lv\/valmierassportaskola\/wp-content\/uploads\/sites\/32\/2025\/11\/Goda-Gada-Valmierietis-ceremonija-16_11_2025_144.jpg\",\"contentUrl\":\"https:\/\/izglitiba.valmierasnovads.lv\/valmierassportaskola\/wp-content\/uploads\/sites\/32\/2025\/11\/Goda-Gada-Valmierietis-ceremonija-16_11_2025_144.jpg\",\"width\":1920,\"height\":1280},{\"@type\":\"BreadcrumbList\",\"@id\":\"https:\/\/izglitiba.valmierasnovads.lv\/valmierassportaskola\/sveikti-valmieras-novada-goda-un-gada-cilveki\/#breadcrumb\",\"itemListElement\":[{\"@type\":\"ListItem\",\"position\":1,\"name\":\"Home\",\"item\":\"https:\/\/izglitiba.valmierasnovads.lv\/valmierassportaskola\/\"},{\"@type\":\"ListItem\",\"position\":2,\"name\":\"Sveikti Valmieras novada Goda un Gada cilv\u0113ki\"}]},{\"@type\":\"WebSite\",\"@id\":\"https:\/\/izglitiba.valmierasnovads.lv\/valmierassportaskola\/#website\",\"url\":\"https:\/\/izglitiba.valmierasnovads.lv\/valmierassportaskola\/\",\"name\":\"Valmieras Sporta skola\",\"description\":\"\",\"publisher\":{\"@id\":\"https:\/\/izglitiba.valmierasnovads.lv\/valmierassportaskola\/#organization\"},\"potentialAction\":[{\"@type\":\"SearchAction\",\"target\":{\"@type\":\"EntryPoint\",\"urlTemplate\":\"https:\/\/izglitiba.valmierasnovads.lv\/valmierassportaskola\/?s={search_term_string}\"},\"query-input\":{\"@type\":\"PropertyValueSpecification\",\"valueRequired\":true,\"valueName\":\"search_term_string\"}}],\"inLanguage\":\"lv-LV\"},{\"@type\":\"Organization\",\"@id\":\"https:\/\/izglitiba.valmierasnovads.lv\/valmierassportaskola\/#organization\",\"name\":\"Valmieras Sporta skola\",\"url\":\"https:\/\/izglitiba.valmierasnovads.lv\/valmierassportaskola\/\",\"logo\":{\"@type\":\"ImageObject\",\"inLanguage\":\"lv-LV\",\"@id\":\"https:\/\/izglitiba.valmierasnovads.lv\/valmierassportaskola\/#\/schema\/logo\/image\/\",\"url\":\"https:\/\/izglitiba.valmierasnovads.lv\/valmierassportaskola\/wp-content\/uploads\/sites\/32\/2025\/06\/cropped-Logo_Valmieras_sporta_skola_melns-1.png\",\"contentUrl\":\"https:\/\/izglitiba.valmierasnovads.lv\/valmierassportaskola\/wp-content\/uploads\/sites\/32\/2025\/06\/cropped-Logo_Valmieras_sporta_skola_melns-1.png\",\"width\":2354,\"height\":596,\"caption\":\"Valmieras Sporta skola\"},\"image\":{\"@id\":\"https:\/\/izglitiba.valmierasnovads.lv\/valmierassportaskola\/#\/schema\/logo\/image\/\"}},{\"@type\":\"Person\",\"@id\":\"https:\/\/izglitiba.valmierasnovads.lv\/valmierassportaskola\/#\/schema\/person\/4e13d7d7bc4bdf97ddcbe604aa40a49e\",\"name\":\"elizapaulaberzina\",\"image\":{\"@type\":\"ImageObject\",\"inLanguage\":\"lv-LV\",\"@id\":\"https:\/\/izglitiba.valmierasnovads.lv\/valmierassportaskola\/#\/schema\/person\/image\/\",\"url\":\"https:\/\/secure.gravatar.com\/avatar\/eee97abe3c677b8a6a728841cbeafc12cf7e82108e16507228a78617dfb0e663?s=96&d=mm&r=g\",\"contentUrl\":\"https:\/\/secure.gravatar.com\/avatar\/eee97abe3c677b8a6a728841cbeafc12cf7e82108e16507228a78617dfb0e663?s=96&d=mm&r=g\",\"caption\":\"elizapaulaberzina\"},\"url\":\"https:\/\/izglitiba.valmierasnovads.lv\/valmierassportaskola\/author\/elizapaulaberzina\/\"}]}<\/script>\n<!-- \/ Yoast SEO plugin. -->","yoast_head_json":{"title":"Sveikti Valmieras novada Goda un Gada cilv\u0113ki - Valmieras Sporta skola","robots":{"index":"index","follow":"follow","max-snippet":"max-snippet:-1","max-image-preview":"max-image-preview:large","max-video-preview":"max-video-preview:-1"},"canonical":"https:\/\/izglitiba.valmierasnovads.lv\/valmierassportaskola\/sveikti-valmieras-novada-goda-un-gada-cilveki\/","og_locale":"lv_LV","og_type":"article","og_title":"Sveikti Valmieras novada Goda un Gada cilv\u0113ki - Valmieras Sporta skola","og_description":"Vi\u0146i dara pa \u012bstam, t\u0101p\u0113c vi\u0146u darbi pa \u012bstam dz\u012bvo, iedvesmo, aiz\u0137er k\u0101du sirds st\u016br\u012bti, iekustina kaut ko jaunu vai [&hellip;]","og_url":"https:\/\/izglitiba.valmierasnovads.lv\/valmierassportaskola\/sveikti-valmieras-novada-goda-un-gada-cilveki\/","og_site_name":"Valmieras Sporta skola","article_published_time":"2025-11-19T11:26:35+00:00","article_modified_time":"2025-12-09T08:57:41+00:00","og_image":[{"width":1920,"height":1280,"url":"https:\/\/izglitiba.valmierasnovads.lv\/valmierassportaskola\/wp-content\/uploads\/sites\/32\/2025\/11\/Goda-Gada-Valmierietis-ceremonija-16_11_2025_144.jpg","type":"image\/jpeg"}],"author":"elizapaulaberzina","twitter_card":"summary_large_image","twitter_misc":{"Written by":"elizapaulaberzina","Est. reading time":"4 min\u016btes"},"schema":{"@context":"https:\/\/schema.org","@graph":[{"@type":"Article","@id":"https:\/\/izglitiba.valmierasnovads.lv\/valmierassportaskola\/sveikti-valmieras-novada-goda-un-gada-cilveki\/#article","isPartOf":{"@id":"https:\/\/izglitiba.valmierasnovads.lv\/valmierassportaskola\/sveikti-valmieras-novada-goda-un-gada-cilveki\/"},"author":{"name":"elizapaulaberzina","@id":"https:\/\/izglitiba.valmierasnovads.lv\/valmierassportaskola\/#\/schema\/person\/4e13d7d7bc4bdf97ddcbe604aa40a49e"},"headline":"Sveikti Valmieras novada Goda un Gada cilv\u0113ki","datePublished":"2025-11-19T11:26:35+00:00","dateModified":"2025-12-09T08:57:41+00:00","mainEntityOfPage":{"@id":"https:\/\/izglitiba.valmierasnovads.lv\/valmierassportaskola\/sveikti-valmieras-novada-goda-un-gada-cilveki\/"},"wordCount":791,"publisher":{"@id":"https:\/\/izglitiba.valmierasnovads.lv\/valmierassportaskola\/#organization"},"image":{"@id":"https:\/\/izglitiba.valmierasnovads.lv\/valmierassportaskola\/sveikti-valmieras-novada-goda-un-gada-cilveki\/#primaryimage"},"thumbnailUrl":"https:\/\/izglitiba.valmierasnovads.lv\/valmierassportaskola\/wp-content\/uploads\/sites\/32\/2025\/11\/Goda-Gada-Valmierietis-ceremonija-16_11_2025_144.jpg","articleSection":["Air\u0113\u0161anas slaloms","BMX","Skola"],"inLanguage":"lv-LV"},{"@type":"WebPage","@id":"https:\/\/izglitiba.valmierasnovads.lv\/valmierassportaskola\/sveikti-valmieras-novada-goda-un-gada-cilveki\/","url":"https:\/\/izglitiba.valmierasnovads.lv\/valmierassportaskola\/sveikti-valmieras-novada-goda-un-gada-cilveki\/","name":"Sveikti Valmieras novada Goda un Gada cilv\u0113ki - Valmieras Sporta skola","isPartOf":{"@id":"https:\/\/izglitiba.valmierasnovads.lv\/valmierassportaskola\/#website"},"primaryImageOfPage":{"@id":"https:\/\/izglitiba.valmierasnovads.lv\/valmierassportaskola\/sveikti-valmieras-novada-goda-un-gada-cilveki\/#primaryimage"},"image":{"@id":"https:\/\/izglitiba.valmierasnovads.lv\/valmierassportaskola\/sveikti-valmieras-novada-goda-un-gada-cilveki\/#primaryimage"},"thumbnailUrl":"https:\/\/izglitiba.valmierasnovads.lv\/valmierassportaskola\/wp-content\/uploads\/sites\/32\/2025\/11\/Goda-Gada-Valmierietis-ceremonija-16_11_2025_144.jpg","datePublished":"2025-11-19T11:26:35+00:00","dateModified":"2025-12-09T08:57:41+00:00","breadcrumb":{"@id":"https:\/\/izglitiba.valmierasnovads.lv\/valmierassportaskola\/sveikti-valmieras-novada-goda-un-gada-cilveki\/#breadcrumb"},"inLanguage":"lv-LV","potentialAction":[{"@type":"ReadAction","target":["https:\/\/izglitiba.valmierasnovads.lv\/valmierassportaskola\/sveikti-valmieras-novada-goda-un-gada-cilveki\/"]}]},{"@type":"ImageObject","inLanguage":"lv-LV","@id":"https:\/\/izglitiba.valmierasnovads.lv\/valmierassportaskola\/sveikti-valmieras-novada-goda-un-gada-cilveki\/#primaryimage","url":"https:\/\/izglitiba.valmierasnovads.lv\/valmierassportaskola\/wp-content\/uploads\/sites\/32\/2025\/11\/Goda-Gada-Valmierietis-ceremonija-16_11_2025_144.jpg","contentUrl":"https:\/\/izglitiba.valmierasnovads.lv\/valmierassportaskola\/wp-content\/uploads\/sites\/32\/2025\/11\/Goda-Gada-Valmierietis-ceremonija-16_11_2025_144.jpg","width":1920,"height":1280},{"@type":"BreadcrumbList","@id":"https:\/\/izglitiba.valmierasnovads.lv\/valmierassportaskola\/sveikti-valmieras-novada-goda-un-gada-cilveki\/#breadcrumb","itemListElement":[{"@type":"ListItem","position":1,"name":"Home","item":"https:\/\/izglitiba.valmierasnovads.lv\/valmierassportaskola\/"},{"@type":"ListItem","position":2,"name":"Sveikti Valmieras novada Goda un Gada cilv\u0113ki"}]},{"@type":"WebSite","@id":"https:\/\/izglitiba.valmierasnovads.lv\/valmierassportaskola\/#website","url":"https:\/\/izglitiba.valmierasnovads.lv\/valmierassportaskola\/","name":"Valmieras Sporta skola","description":"","publisher":{"@id":"https:\/\/izglitiba.valmierasnovads.lv\/valmierassportaskola\/#organization"},"potentialAction":[{"@type":"SearchAction","target":{"@type":"EntryPoint","urlTemplate":"https:\/\/izglitiba.valmierasnovads.lv\/valmierassportaskola\/?s={search_term_string}"},"query-input":{"@type":"PropertyValueSpecification","valueRequired":true,"valueName":"search_term_string"}}],"inLanguage":"lv-LV"},{"@type":"Organization","@id":"https:\/\/izglitiba.valmierasnovads.lv\/valmierassportaskola\/#organization","name":"Valmieras Sporta skola","url":"https:\/\/izglitiba.valmierasnovads.lv\/valmierassportaskola\/","logo":{"@type":"ImageObject","inLanguage":"lv-LV","@id":"https:\/\/izglitiba.valmierasnovads.lv\/valmierassportaskola\/#\/schema\/logo\/image\/","url":"https:\/\/izglitiba.valmierasnovads.lv\/valmierassportaskola\/wp-content\/uploads\/sites\/32\/2025\/06\/cropped-Logo_Valmieras_sporta_skola_melns-1.png","contentUrl":"https:\/\/izglitiba.valmierasnovads.lv\/valmierassportaskola\/wp-content\/uploads\/sites\/32\/2025\/06\/cropped-Logo_Valmieras_sporta_skola_melns-1.png","width":2354,"height":596,"caption":"Valmieras Sporta skola"},"image":{"@id":"https:\/\/izglitiba.valmierasnovads.lv\/valmierassportaskola\/#\/schema\/logo\/image\/"}},{"@type":"Person","@id":"https:\/\/izglitiba.valmierasnovads.lv\/valmierassportaskola\/#\/schema\/person\/4e13d7d7bc4bdf97ddcbe604aa40a49e","name":"elizapaulaberzina","image":{"@type":"ImageObject","inLanguage":"lv-LV","@id":"https:\/\/izglitiba.valmierasnovads.lv\/valmierassportaskola\/#\/schema\/person\/image\/","url":"https:\/\/secure.gravatar.com\/avatar\/eee97abe3c677b8a6a728841cbeafc12cf7e82108e16507228a78617dfb0e663?s=96&d=mm&r=g","contentUrl":"https:\/\/secure.gravatar.com\/avatar\/eee97abe3c677b8a6a728841cbeafc12cf7e82108e16507228a78617dfb0e663?s=96&d=mm&r=g","caption":"elizapaulaberzina"},"url":"https:\/\/izglitiba.valmierasnovads.lv\/valmierassportaskola\/author\/elizapaulaberzina\/"}]}},"_links":{"self":[{"href":"https:\/\/izglitiba.valmierasnovads.lv\/valmierassportaskola\/wp-json\/wp\/v2\/posts\/937","targetHints":{"allow":["GET"]}}],"collection":[{"href":"https:\/\/izglitiba.valmierasnovads.lv\/valmierassportaskola\/wp-json\/wp\/v2\/posts"}],"about":[{"href":"https:\/\/izglitiba.valmierasnovads.lv\/valmierassportaskola\/wp-json\/wp\/v2\/types\/post"}],"author":[{"embeddable":true,"href":"https:\/\/izglitiba.valmierasnovads.lv\/valmierassportaskola\/wp-json\/wp\/v2\/users\/35"}],"replies":[{"embeddable":true,"href":"https:\/\/izglitiba.valmierasnovads.lv\/valmierassportaskola\/wp-json\/wp\/v2\/comments?post=937"}],"version-history":[{"count":1,"href":"https:\/\/izglitiba.valmierasnovads.lv\/valmierassportaskola\/wp-json\/wp\/v2\/posts\/937\/revisions"}],"predecessor-version":[{"id":939,"href":"https:\/\/izglitiba.valmierasnovads.lv\/valmierassportaskola\/wp-json\/wp\/v2\/posts\/937\/revisions\/939"}],"wp:featuredmedia":[{"embeddable":true,"href":"https:\/\/izglitiba.valmierasnovads.lv\/valmierassportaskola\/wp-json\/wp\/v2\/media\/938"}],"wp:attachment":[{"href":"https:\/\/izglitiba.valmierasnovads.lv\/valmierassportaskola\/wp-json\/wp\/v2\/media?parent=937"}],"wp:term":[{"taxonomy":"category","embeddable":true,"href":"https:\/\/izglitiba.valmierasnovads.lv\/valmierassportaskola\/wp-json\/wp\/v2\/categories?post=937"},{"taxonomy":"post_tag","embeddable":true,"href":"https:\/\/izglitiba.valmierasnovads.lv\/valmierassportaskola\/wp-json\/wp\/v2\/tags?post=937"}],"curies":[{"name":"wp","href":"https:\/\/api.w.org\/{rel}","templated":true}]}}