{"id":3404,"date":"2026-04-28T08:22:27","date_gmt":"2026-04-28T05:22:27","guid":{"rendered":"https:\/\/izglitiba.valmierasnovads.lv\/vps\/?p=3404"},"modified":"2026-04-28T08:26:15","modified_gmt":"2026-04-28T05:26:15","slug":"deju-koncerts-ar-deju-soliem-pavasari","status":"publish","type":"post","link":"https:\/\/izglitiba.valmierasnovads.lv\/vps\/deju-koncerts-ar-deju-soliem-pavasari\/","title":{"rendered":"Deju koncerts \u201cAr deju so\u013ciem pavasar\u012b\u201d"},"content":{"rendered":"\n<p>22. apr\u012b\u013ca vakar\u0101 Valmieras Kult\u016bras centr\u0101 vald\u012bja \u012bpa\u0161a noska\u0146a &#8211; skatuvi piepild\u012bja b\u0113rnu smaidi, deju so\u013ci un pavasar\u012bga ener\u0123ija. Koncerts \u201cAr deju so\u013ciem pavasar\u012b\u201d k\u013cuva par skaistu satik\u0161an\u0101s br\u012bdi, kur\u0101 deja apvienoja b\u0113rnus, pedagogus un skat\u012bt\u0101jus vien\u0101 kop\u012bg\u0101 saj\u016bt\u0101.<\/p>\n\n\n\n<p>\u012apa\u0161s prieks un lepnums par m\u016bsu skolas deju kolekt\u012bvu \u201cSien\u0101z\u012btis\u201d, kas ar savu aizraut\u012bbu, sirsn\u012bbu un raito dejas soli bag\u0101tin\u0101ja \u0161o koncertu.<\/p>\n\n\n\n<p>Deja ir daudz vair\u0101k nek\u0101 kust\u012bba &#8211; t\u0101 m\u0101ca discipl\u012bnu, sadarb\u012bbu, iztur\u012bbu un sp\u0113ju sajust vienam otru. T\u0101 pal\u012bdz b\u0113rniem augt ne tikai k\u0101 dejot\u0101jiem, bet ar\u012b k\u0101 person\u012bb\u0101m. Un tie\u0161i t\u0101p\u0113c ir tik skaisti redz\u0113t, cik noz\u012bm\u012bgu vietu deja ie\u0146em vi\u0146u dz\u012bv\u0113s.<\/p>\n\n\n\n<p>Sirsn\u012bgs paldies deju skolot\u0101j\u0101m Baivai Laukmanei un Ilzei Skrasti\u0146ai par ieguld\u012bto darbu, iedvesmu un r\u016bp\u0113m, kas pal\u012bdz b\u0113rniem atkl\u0101t dejas burv\u012bbu un ar p\u0101rliec\u012bbu doties uz skatuves.<\/p>\n\n\n\n<p>Paldies ikvienam, kur\u0161 bija kl\u0101t, atbalst\u012bja un rad\u012bja \u0161o skaisto sv\u0113tku saj\u016btu! Lai dejas prieks turpina m\u016bs vienot un iedvesmot ar\u012b turpm\u0101k.<\/p>\n\n\n\n<p><strong>Foto galerija skat\u0101ma <a href=\"https:\/\/izglitiba.valmierasnovads.lv\/vps\/galery\/ar-deju-soliem-pavasari\/\">\u0161eit<\/a>.<\/strong><\/p>\n\n\n\n<p>Foto: <a href=\"https:\/\/www.facebook.com\/ugisbralensphoto?__cft__[0]=AZbKQQonLTQ6zoyVGp70j_ptPhrBBhcwPNdi2X38O9OAtYFiattzS0pRgIiJZHdnaVP6IJHSJjNkPwVtk0TRsx1Wh9aVeMpTU-osjZN43tlNujL2o6YE18AqllzyplYE3i4SC--gOXGimicu_j6t7wPLMwnpNaxA1t8-GrFA5iWsPTzSzkd9tVsZhjDC9skTZbE&amp;__tn__=-]K-R\">Ugis Bralens Photography<\/a><\/p>\n","protected":false},"excerpt":{"rendered":"<p>22. apr\u012b\u013ca vakar\u0101 Valmieras Kult\u016bras centr\u0101 vald\u012bja \u012bpa\u0161a noska\u0146a &#8211; skatuvi piepild\u012bja b\u0113rnu smaidi, deju so\u013ci un pavasar\u012bga ener\u0123ija. Koncerts [&hellip;]<\/p>\n","protected":false},"author":4,"featured_media":3409,"comment_status":"closed","ping_status":"closed","sticky":false,"template":"","format":"standard","meta":{"_acf_changed":false,"site-sidebar-layout":"default","site-content-layout":"","ast-site-content-layout":"default","site-content-style":"default","site-sidebar-style":"default","ast-global-header-display":"","ast-banner-title-visibility":"","ast-main-header-display":"","ast-hfb-above-header-display":"","ast-hfb-below-header-display":"","ast-hfb-mobile-header-display":"","site-post-title":"","ast-breadcrumbs-content":"","ast-featured-img":"","footer-sml-layout":"","ast-disable-related-posts":"","theme-transparent-header-meta":"","adv-header-id-meta":"","stick-header-meta":"","header-above-stick-meta":"","header-main-stick-meta":"","header-below-stick-meta":"","astra-migrate-meta-layouts":"default","ast-page-background-enabled":"default","ast-page-background-meta":{"desktop":{"background-color":"var(--ast-global-color-4)","background-image":"","background-repeat":"repeat","background-position":"center center","background-size":"auto","background-attachment":"scroll","background-type":"","background-media":"","overlay-type":"","overlay-color":"","overlay-opacity":"","overlay-gradient":""},"tablet":{"background-color":"","background-image":"","background-repeat":"repeat","background-position":"center center","background-size":"auto","background-attachment":"scroll","background-type":"","background-media":"","overlay-type":"","overlay-color":"","overlay-opacity":"","overlay-gradient":""},"mobile":{"background-color":"","background-image":"","background-repeat":"repeat","background-position":"center center","background-size":"auto","background-attachment":"scroll","background-type":"","background-media":"","overlay-type":"","overlay-color":"","overlay-opacity":"","overlay-gradient":""}},"ast-content-background-meta":{"desktop":{"background-color":"var(--ast-global-color-5)","background-image":"","background-repeat":"repeat","background-position":"center center","background-size":"auto","background-attachment":"scroll","background-type":"","background-media":"","overlay-type":"","overlay-color":"","overlay-opacity":"","overlay-gradient":""},"tablet":{"background-color":"var(--ast-global-color-5)","background-image":"","background-repeat":"repeat","background-position":"center center","background-size":"auto","background-attachment":"scroll","background-type":"","background-media":"","overlay-type":"","overlay-color":"","overlay-opacity":"","overlay-gradient":""},"mobile":{"background-color":"var(--ast-global-color-5)","background-image":"","background-repeat":"repeat","background-position":"center center","background-size":"auto","background-attachment":"scroll","background-type":"","background-media":"","overlay-type":"","overlay-color":"","overlay-opacity":"","overlay-gradient":""}},"footnotes":""},"categories":[47],"tags":[],"class_list":["post-3404","post","type-post","status-publish","format-standard","has-post-thumbnail","hentry","category-pasakumi-2"],"acf":[],"yoast_head":"<!-- This site is optimized with the Yoast SEO plugin v27.0 - https:\/\/yoast.com\/product\/yoast-seo-wordpress\/ -->\n<title>Deju koncerts \u201cAr deju so\u013ciem pavasar\u012b\u201d - Valmieras P\u0101rgaujas s\u0101kumskola<\/title>\n<meta name=\"robots\" content=\"index, follow, max-snippet:-1, max-image-preview:large, max-video-preview:-1\" \/>\n<link rel=\"canonical\" href=\"https:\/\/izglitiba.valmierasnovads.lv\/vps\/deju-koncerts-ar-deju-soliem-pavasari\/\" \/>\n<meta property=\"og:locale\" content=\"lv_LV\" \/>\n<meta property=\"og:type\" content=\"article\" \/>\n<meta property=\"og:title\" content=\"Deju koncerts \u201cAr deju so\u013ciem pavasar\u012b\u201d - Valmieras P\u0101rgaujas s\u0101kumskola\" \/>\n<meta property=\"og:description\" content=\"22. apr\u012b\u013ca vakar\u0101 Valmieras Kult\u016bras centr\u0101 vald\u012bja \u012bpa\u0161a noska\u0146a &#8211; skatuvi piepild\u012bja b\u0113rnu smaidi, deju so\u013ci un pavasar\u012bga ener\u0123ija. Koncerts [&hellip;]\" \/>\n<meta property=\"og:url\" content=\"https:\/\/izglitiba.valmierasnovads.lv\/vps\/deju-koncerts-ar-deju-soliem-pavasari\/\" \/>\n<meta property=\"og:site_name\" content=\"Valmieras P\u0101rgaujas s\u0101kumskola\" \/>\n<meta property=\"article:published_time\" content=\"2026-04-28T05:22:27+00:00\" \/>\n<meta property=\"article:modified_time\" content=\"2026-04-28T05:26:15+00:00\" \/>\n<meta property=\"og:image\" content=\"https:\/\/izglitiba.valmierasnovads.lv\/vps\/wp-content\/uploads\/sites\/2\/2026\/04\/Deju_Koncerts_2026_apr.jpg\" \/>\n\t<meta property=\"og:image:width\" content=\"2048\" \/>\n\t<meta property=\"og:image:height\" content=\"1152\" \/>\n\t<meta property=\"og:image:type\" content=\"image\/jpeg\" \/>\n<meta name=\"author\" content=\"kasparszogots\" \/>\n<meta name=\"twitter:card\" content=\"summary_large_image\" \/>\n<meta name=\"twitter:label1\" content=\"Written by\" \/>\n\t<meta name=\"twitter:data1\" content=\"kasparszogots\" \/>\n\t<meta name=\"twitter:label2\" content=\"Est. reading time\" \/>\n\t<meta name=\"twitter:data2\" content=\"2 min\u016btes\" \/>\n<script type=\"application\/ld+json\" class=\"yoast-schema-graph\">{\"@context\":\"https:\/\/schema.org\",\"@graph\":[{\"@type\":\"Article\",\"@id\":\"https:\/\/izglitiba.valmierasnovads.lv\/vps\/deju-koncerts-ar-deju-soliem-pavasari\/#article\",\"isPartOf\":{\"@id\":\"https:\/\/izglitiba.valmierasnovads.lv\/vps\/deju-koncerts-ar-deju-soliem-pavasari\/\"},\"author\":{\"name\":\"kasparszogots\",\"@id\":\"https:\/\/izglitiba.valmierasnovads.lv\/vps\/#\/schema\/person\/b8ba1197557fb0fe13574b1511e2c2a5\"},\"headline\":\"Deju koncerts \u201cAr deju so\u013ciem pavasar\u012b\u201d\",\"datePublished\":\"2026-04-28T05:22:27+00:00\",\"dateModified\":\"2026-04-28T05:26:15+00:00\",\"mainEntityOfPage\":{\"@id\":\"https:\/\/izglitiba.valmierasnovads.lv\/vps\/deju-koncerts-ar-deju-soliem-pavasari\/\"},\"wordCount\":239,\"publisher\":{\"@id\":\"https:\/\/izglitiba.valmierasnovads.lv\/vps\/#organization\"},\"image\":{\"@id\":\"https:\/\/izglitiba.valmierasnovads.lv\/vps\/deju-koncerts-ar-deju-soliem-pavasari\/#primaryimage\"},\"thumbnailUrl\":\"https:\/\/izglitiba.valmierasnovads.lv\/vps\/wp-content\/uploads\/sites\/2\/2026\/04\/Deju_Koncerts_2026_apr.jpg\",\"articleSection\":[\"Pas\u0101kumi\"],\"inLanguage\":\"lv-LV\"},{\"@type\":\"WebPage\",\"@id\":\"https:\/\/izglitiba.valmierasnovads.lv\/vps\/deju-koncerts-ar-deju-soliem-pavasari\/\",\"url\":\"https:\/\/izglitiba.valmierasnovads.lv\/vps\/deju-koncerts-ar-deju-soliem-pavasari\/\",\"name\":\"Deju koncerts \u201cAr deju so\u013ciem pavasar\u012b\u201d - Valmieras P\u0101rgaujas s\u0101kumskola\",\"isPartOf\":{\"@id\":\"https:\/\/izglitiba.valmierasnovads.lv\/vps\/#website\"},\"primaryImageOfPage\":{\"@id\":\"https:\/\/izglitiba.valmierasnovads.lv\/vps\/deju-koncerts-ar-deju-soliem-pavasari\/#primaryimage\"},\"image\":{\"@id\":\"https:\/\/izglitiba.valmierasnovads.lv\/vps\/deju-koncerts-ar-deju-soliem-pavasari\/#primaryimage\"},\"thumbnailUrl\":\"https:\/\/izglitiba.valmierasnovads.lv\/vps\/wp-content\/uploads\/sites\/2\/2026\/04\/Deju_Koncerts_2026_apr.jpg\",\"datePublished\":\"2026-04-28T05:22:27+00:00\",\"dateModified\":\"2026-04-28T05:26:15+00:00\",\"breadcrumb\":{\"@id\":\"https:\/\/izglitiba.valmierasnovads.lv\/vps\/deju-koncerts-ar-deju-soliem-pavasari\/#breadcrumb\"},\"inLanguage\":\"lv-LV\",\"potentialAction\":[{\"@type\":\"ReadAction\",\"target\":[\"https:\/\/izglitiba.valmierasnovads.lv\/vps\/deju-koncerts-ar-deju-soliem-pavasari\/\"]}]},{\"@type\":\"ImageObject\",\"inLanguage\":\"lv-LV\",\"@id\":\"https:\/\/izglitiba.valmierasnovads.lv\/vps\/deju-koncerts-ar-deju-soliem-pavasari\/#primaryimage\",\"url\":\"https:\/\/izglitiba.valmierasnovads.lv\/vps\/wp-content\/uploads\/sites\/2\/2026\/04\/Deju_Koncerts_2026_apr.jpg\",\"contentUrl\":\"https:\/\/izglitiba.valmierasnovads.lv\/vps\/wp-content\/uploads\/sites\/2\/2026\/04\/Deju_Koncerts_2026_apr.jpg\",\"width\":2048,\"height\":1152},{\"@type\":\"BreadcrumbList\",\"@id\":\"https:\/\/izglitiba.valmierasnovads.lv\/vps\/deju-koncerts-ar-deju-soliem-pavasari\/#breadcrumb\",\"itemListElement\":[{\"@type\":\"ListItem\",\"position\":1,\"name\":\"Home\",\"item\":\"https:\/\/izglitiba.valmierasnovads.lv\/vps\/\"},{\"@type\":\"ListItem\",\"position\":2,\"name\":\"Deju koncerts \u201cAr deju so\u013ciem pavasar\u012b\u201d\"}]},{\"@type\":\"WebSite\",\"@id\":\"https:\/\/izglitiba.valmierasnovads.lv\/vps\/#website\",\"url\":\"https:\/\/izglitiba.valmierasnovads.lv\/vps\/\",\"name\":\"Valmieras P\u0101rgaujas s\u0101kumskola\",\"description\":\"\",\"publisher\":{\"@id\":\"https:\/\/izglitiba.valmierasnovads.lv\/vps\/#organization\"},\"potentialAction\":[{\"@type\":\"SearchAction\",\"target\":{\"@type\":\"EntryPoint\",\"urlTemplate\":\"https:\/\/izglitiba.valmierasnovads.lv\/vps\/?s={search_term_string}\"},\"query-input\":{\"@type\":\"PropertyValueSpecification\",\"valueRequired\":true,\"valueName\":\"search_term_string\"}}],\"inLanguage\":\"lv-LV\"},{\"@type\":\"Organization\",\"@id\":\"https:\/\/izglitiba.valmierasnovads.lv\/vps\/#organization\",\"name\":\"Valmieras P\u0101rgaujas s\u0101kumskola\",\"url\":\"https:\/\/izglitiba.valmierasnovads.lv\/vps\/\",\"logo\":{\"@type\":\"ImageObject\",\"inLanguage\":\"lv-LV\",\"@id\":\"https:\/\/izglitiba.valmierasnovads.lv\/vps\/#\/schema\/logo\/image\/\",\"url\":\"https:\/\/izglitiba.valmierasnovads.lv\/vps\/wp-content\/uploads\/sites\/2\/2025\/05\/VPS_logo-un-teksts-10-1-1.png\",\"contentUrl\":\"https:\/\/izglitiba.valmierasnovads.lv\/vps\/wp-content\/uploads\/sites\/2\/2025\/05\/VPS_logo-un-teksts-10-1-1.png\",\"width\":1080,\"height\":171,\"caption\":\"Valmieras P\u0101rgaujas s\u0101kumskola\"},\"image\":{\"@id\":\"https:\/\/izglitiba.valmierasnovads.lv\/vps\/#\/schema\/logo\/image\/\"}},{\"@type\":\"Person\",\"@id\":\"https:\/\/izglitiba.valmierasnovads.lv\/vps\/#\/schema\/person\/b8ba1197557fb0fe13574b1511e2c2a5\",\"name\":\"kasparszogots\",\"image\":{\"@type\":\"ImageObject\",\"inLanguage\":\"lv-LV\",\"@id\":\"https:\/\/izglitiba.valmierasnovads.lv\/vps\/#\/schema\/person\/image\/\",\"url\":\"https:\/\/secure.gravatar.com\/avatar\/5bbd9d3c2189eb5de846675f834d9c1e0576507443da8f78af2e5eb32f524d66?s=96&d=mm&r=g\",\"contentUrl\":\"https:\/\/secure.gravatar.com\/avatar\/5bbd9d3c2189eb5de846675f834d9c1e0576507443da8f78af2e5eb32f524d66?s=96&d=mm&r=g\",\"caption\":\"kasparszogots\"},\"url\":\"https:\/\/izglitiba.valmierasnovads.lv\/vps\/author\/kasparszogots\/\"}]}<\/script>\n<!-- \/ Yoast SEO plugin. -->","yoast_head_json":{"title":"Deju koncerts \u201cAr deju so\u013ciem pavasar\u012b\u201d - Valmieras P\u0101rgaujas s\u0101kumskola","robots":{"index":"index","follow":"follow","max-snippet":"max-snippet:-1","max-image-preview":"max-image-preview:large","max-video-preview":"max-video-preview:-1"},"canonical":"https:\/\/izglitiba.valmierasnovads.lv\/vps\/deju-koncerts-ar-deju-soliem-pavasari\/","og_locale":"lv_LV","og_type":"article","og_title":"Deju koncerts \u201cAr deju so\u013ciem pavasar\u012b\u201d - Valmieras P\u0101rgaujas s\u0101kumskola","og_description":"22. apr\u012b\u013ca vakar\u0101 Valmieras Kult\u016bras centr\u0101 vald\u012bja \u012bpa\u0161a noska\u0146a &#8211; skatuvi piepild\u012bja b\u0113rnu smaidi, deju so\u013ci un pavasar\u012bga ener\u0123ija. Koncerts [&hellip;]","og_url":"https:\/\/izglitiba.valmierasnovads.lv\/vps\/deju-koncerts-ar-deju-soliem-pavasari\/","og_site_name":"Valmieras P\u0101rgaujas s\u0101kumskola","article_published_time":"2026-04-28T05:22:27+00:00","article_modified_time":"2026-04-28T05:26:15+00:00","og_image":[{"width":2048,"height":1152,"url":"https:\/\/izglitiba.valmierasnovads.lv\/vps\/wp-content\/uploads\/sites\/2\/2026\/04\/Deju_Koncerts_2026_apr.jpg","type":"image\/jpeg"}],"author":"kasparszogots","twitter_card":"summary_large_image","twitter_misc":{"Written by":"kasparszogots","Est. reading time":"2 min\u016btes"},"schema":{"@context":"https:\/\/schema.org","@graph":[{"@type":"Article","@id":"https:\/\/izglitiba.valmierasnovads.lv\/vps\/deju-koncerts-ar-deju-soliem-pavasari\/#article","isPartOf":{"@id":"https:\/\/izglitiba.valmierasnovads.lv\/vps\/deju-koncerts-ar-deju-soliem-pavasari\/"},"author":{"name":"kasparszogots","@id":"https:\/\/izglitiba.valmierasnovads.lv\/vps\/#\/schema\/person\/b8ba1197557fb0fe13574b1511e2c2a5"},"headline":"Deju koncerts \u201cAr deju so\u013ciem pavasar\u012b\u201d","datePublished":"2026-04-28T05:22:27+00:00","dateModified":"2026-04-28T05:26:15+00:00","mainEntityOfPage":{"@id":"https:\/\/izglitiba.valmierasnovads.lv\/vps\/deju-koncerts-ar-deju-soliem-pavasari\/"},"wordCount":239,"publisher":{"@id":"https:\/\/izglitiba.valmierasnovads.lv\/vps\/#organization"},"image":{"@id":"https:\/\/izglitiba.valmierasnovads.lv\/vps\/deju-koncerts-ar-deju-soliem-pavasari\/#primaryimage"},"thumbnailUrl":"https:\/\/izglitiba.valmierasnovads.lv\/vps\/wp-content\/uploads\/sites\/2\/2026\/04\/Deju_Koncerts_2026_apr.jpg","articleSection":["Pas\u0101kumi"],"inLanguage":"lv-LV"},{"@type":"WebPage","@id":"https:\/\/izglitiba.valmierasnovads.lv\/vps\/deju-koncerts-ar-deju-soliem-pavasari\/","url":"https:\/\/izglitiba.valmierasnovads.lv\/vps\/deju-koncerts-ar-deju-soliem-pavasari\/","name":"Deju koncerts \u201cAr deju so\u013ciem pavasar\u012b\u201d - Valmieras P\u0101rgaujas s\u0101kumskola","isPartOf":{"@id":"https:\/\/izglitiba.valmierasnovads.lv\/vps\/#website"},"primaryImageOfPage":{"@id":"https:\/\/izglitiba.valmierasnovads.lv\/vps\/deju-koncerts-ar-deju-soliem-pavasari\/#primaryimage"},"image":{"@id":"https:\/\/izglitiba.valmierasnovads.lv\/vps\/deju-koncerts-ar-deju-soliem-pavasari\/#primaryimage"},"thumbnailUrl":"https:\/\/izglitiba.valmierasnovads.lv\/vps\/wp-content\/uploads\/sites\/2\/2026\/04\/Deju_Koncerts_2026_apr.jpg","datePublished":"2026-04-28T05:22:27+00:00","dateModified":"2026-04-28T05:26:15+00:00","breadcrumb":{"@id":"https:\/\/izglitiba.valmierasnovads.lv\/vps\/deju-koncerts-ar-deju-soliem-pavasari\/#breadcrumb"},"inLanguage":"lv-LV","potentialAction":[{"@type":"ReadAction","target":["https:\/\/izglitiba.valmierasnovads.lv\/vps\/deju-koncerts-ar-deju-soliem-pavasari\/"]}]},{"@type":"ImageObject","inLanguage":"lv-LV","@id":"https:\/\/izglitiba.valmierasnovads.lv\/vps\/deju-koncerts-ar-deju-soliem-pavasari\/#primaryimage","url":"https:\/\/izglitiba.valmierasnovads.lv\/vps\/wp-content\/uploads\/sites\/2\/2026\/04\/Deju_Koncerts_2026_apr.jpg","contentUrl":"https:\/\/izglitiba.valmierasnovads.lv\/vps\/wp-content\/uploads\/sites\/2\/2026\/04\/Deju_Koncerts_2026_apr.jpg","width":2048,"height":1152},{"@type":"BreadcrumbList","@id":"https:\/\/izglitiba.valmierasnovads.lv\/vps\/deju-koncerts-ar-deju-soliem-pavasari\/#breadcrumb","itemListElement":[{"@type":"ListItem","position":1,"name":"Home","item":"https:\/\/izglitiba.valmierasnovads.lv\/vps\/"},{"@type":"ListItem","position":2,"name":"Deju koncerts \u201cAr deju so\u013ciem pavasar\u012b\u201d"}]},{"@type":"WebSite","@id":"https:\/\/izglitiba.valmierasnovads.lv\/vps\/#website","url":"https:\/\/izglitiba.valmierasnovads.lv\/vps\/","name":"Valmieras P\u0101rgaujas s\u0101kumskola","description":"","publisher":{"@id":"https:\/\/izglitiba.valmierasnovads.lv\/vps\/#organization"},"potentialAction":[{"@type":"SearchAction","target":{"@type":"EntryPoint","urlTemplate":"https:\/\/izglitiba.valmierasnovads.lv\/vps\/?s={search_term_string}"},"query-input":{"@type":"PropertyValueSpecification","valueRequired":true,"valueName":"search_term_string"}}],"inLanguage":"lv-LV"},{"@type":"Organization","@id":"https:\/\/izglitiba.valmierasnovads.lv\/vps\/#organization","name":"Valmieras P\u0101rgaujas s\u0101kumskola","url":"https:\/\/izglitiba.valmierasnovads.lv\/vps\/","logo":{"@type":"ImageObject","inLanguage":"lv-LV","@id":"https:\/\/izglitiba.valmierasnovads.lv\/vps\/#\/schema\/logo\/image\/","url":"https:\/\/izglitiba.valmierasnovads.lv\/vps\/wp-content\/uploads\/sites\/2\/2025\/05\/VPS_logo-un-teksts-10-1-1.png","contentUrl":"https:\/\/izglitiba.valmierasnovads.lv\/vps\/wp-content\/uploads\/sites\/2\/2025\/05\/VPS_logo-un-teksts-10-1-1.png","width":1080,"height":171,"caption":"Valmieras P\u0101rgaujas s\u0101kumskola"},"image":{"@id":"https:\/\/izglitiba.valmierasnovads.lv\/vps\/#\/schema\/logo\/image\/"}},{"@type":"Person","@id":"https:\/\/izglitiba.valmierasnovads.lv\/vps\/#\/schema\/person\/b8ba1197557fb0fe13574b1511e2c2a5","name":"kasparszogots","image":{"@type":"ImageObject","inLanguage":"lv-LV","@id":"https:\/\/izglitiba.valmierasnovads.lv\/vps\/#\/schema\/person\/image\/","url":"https:\/\/secure.gravatar.com\/avatar\/5bbd9d3c2189eb5de846675f834d9c1e0576507443da8f78af2e5eb32f524d66?s=96&d=mm&r=g","contentUrl":"https:\/\/secure.gravatar.com\/avatar\/5bbd9d3c2189eb5de846675f834d9c1e0576507443da8f78af2e5eb32f524d66?s=96&d=mm&r=g","caption":"kasparszogots"},"url":"https:\/\/izglitiba.valmierasnovads.lv\/vps\/author\/kasparszogots\/"}]}},"_links":{"self":[{"href":"https:\/\/izglitiba.valmierasnovads.lv\/vps\/wp-json\/wp\/v2\/posts\/3404","targetHints":{"allow":["GET"]}}],"collection":[{"href":"https:\/\/izglitiba.valmierasnovads.lv\/vps\/wp-json\/wp\/v2\/posts"}],"about":[{"href":"https:\/\/izglitiba.valmierasnovads.lv\/vps\/wp-json\/wp\/v2\/types\/post"}],"author":[{"embeddable":true,"href":"https:\/\/izglitiba.valmierasnovads.lv\/vps\/wp-json\/wp\/v2\/users\/4"}],"replies":[{"embeddable":true,"href":"https:\/\/izglitiba.valmierasnovads.lv\/vps\/wp-json\/wp\/v2\/comments?post=3404"}],"version-history":[{"count":2,"href":"https:\/\/izglitiba.valmierasnovads.lv\/vps\/wp-json\/wp\/v2\/posts\/3404\/revisions"}],"predecessor-version":[{"id":3408,"href":"https:\/\/izglitiba.valmierasnovads.lv\/vps\/wp-json\/wp\/v2\/posts\/3404\/revisions\/3408"}],"wp:featuredmedia":[{"embeddable":true,"href":"https:\/\/izglitiba.valmierasnovads.lv\/vps\/wp-json\/wp\/v2\/media\/3409"}],"wp:attachment":[{"href":"https:\/\/izglitiba.valmierasnovads.lv\/vps\/wp-json\/wp\/v2\/media?parent=3404"}],"wp:term":[{"taxonomy":"category","embeddable":true,"href":"https:\/\/izglitiba.valmierasnovads.lv\/vps\/wp-json\/wp\/v2\/categories?post=3404"},{"taxonomy":"post_tag","embeddable":true,"href":"https:\/\/izglitiba.valmierasnovads.lv\/vps\/wp-json\/wp\/v2\/tags?post=3404"}],"curies":[{"name":"wp","href":"https:\/\/api.w.org\/{rel}","templated":true}]}}