{"id":3777,"date":"2026-08-27T20:47:05","date_gmt":"2026-08-27T17:47:05","guid":{"rendered":"https:\/\/izglitiba.valmierasnovads.lv\/vps\/?p=3777"},"modified":"2026-08-30T21:26:26","modified_gmt":"2026-08-30T18:26:26","slug":"simtjudzu-meza-akademija-toposo-pirmklasnieku-nometne-2026","status":"publish","type":"post","link":"https:\/\/izglitiba.valmierasnovads.lv\/vps\/simtjudzu-meza-akademija-toposo-pirmklasnieku-nometne-2026\/","title":{"rendered":"&#8220;Simtj\u016bd\u017eu me\u017ea akad\u0113mija!&#8221; &#8211; topo\u0161o pirmklasnieku nometne 2026"},"content":{"rendered":"\n<p class=\"wp-block-paragraph\">Pag\u0101ju\u0161aj\u0101 ned\u0113\u013c\u0101 skolu pieskandin\u0101ja sirsn\u012bgas \u010dalas, smiekli un rado\u0161a darbo\u0161an\u0101s &#8211; vasaras dienas nometn\u0113 \u201cSimtj\u016bd\u017eu me\u017ea akad\u0113mija\u201d satik\u0101s m\u016bsu pa\u0161i maz\u0101kie topo\u0161ie skol\u0113ni! <img loading=\"lazy\" decoding=\"async\" height=\"16\" width=\"16\" src=\"https:\/\/static.xx.fbcdn.net\/images\/emoji.php\/v9\/tb4\/2\/16\/1f49b.png\" alt=\"\ud83d\udc9b\"> T\u0101 bija lieliska iesp\u0113ja pirms liel\u0101 1.septembra notikuma iepaz\u012bt savu n\u0101kamo skolu, t\u0101s vidi un telpas, satikt topo\u0161os klasesbiedrus un skolot\u0101jus, k\u0101 ar\u012b kop\u0101 piedz\u012bvot daudz priec\u012bga un aizraujo\u0161a.<\/p>\n\n\n\n<p class=\"wp-block-paragraph\">\u0160aj\u0101s dien\u0101s netr\u016bka izzi\u0146as un rado\u0161u aktivit\u0101\u0161u, sportisku un jautru izaicin\u0101jumu, interakt\u012bvu nodarb\u012bbu, komandu uzdevumu un pusdienu piedz\u012bvojumu. B\u0113rni iepazina skolas telpas un teritoriju, m\u016bsu skolas ikdienu un k\u0101rt\u012bbu, satika savus topo\u0161os klasesbiedrus un skolot\u0101jus, m\u0101c\u012bj\u0101s sadarboties un, pats svar\u012bg\u0101kais, pamaz\u0101m sajuta &#8211; \u0161\u012b b\u016bs mana skola. <img loading=\"lazy\" decoding=\"async\" height=\"16\" width=\"16\" alt=\"\ud83c\udfeb\" src=\"https:\/\/static.xx.fbcdn.net\/images\/emoji.php\/v9\/tc7\/2\/16\/1f3eb.png\"><img loading=\"lazy\" decoding=\"async\" height=\"16\" width=\"16\" alt=\"\u2728\" src=\"https:\/\/static.xx.fbcdn.net\/images\/emoji.php\/v9\/t75\/2\/16\/2728.png\"><\/p>\n\n\n\n<p class=\"wp-block-paragraph\">Jo m\u0113s zin\u0101m &#8211; jaun\u0101 skola k\u013c\u016bst daudz dro\u0161\u0101ka, ja taj\u0101 jau ir paz\u012bstamas sejas, zin\u0101mas telpas un piedz\u012bvoti pirmie kop\u012bgie prieki. <img loading=\"lazy\" decoding=\"async\" height=\"16\" width=\"16\" alt=\"\u2764\ufe0f\" src=\"https:\/\/static.xx.fbcdn.net\/images\/emoji.php\/v9\/ted\/2\/16\/2764.png\"><\/p>\n\n\n\n<p class=\"wp-block-paragraph\">Paldies m\u016bsu mazajiem pirmklasniekiem par zin\u0101tk\u0101ri, drosmi, smaidiem un prieku, ko vi\u0146i ienesa skol\u0101! Un paldies visiem lielajiem, kuri \u0161o ned\u0113\u013cu piepild\u012bja ar r\u016bp\u0113m, idej\u0101m un sirsn\u012bbu. <img loading=\"lazy\" decoding=\"async\" height=\"16\" width=\"16\" alt=\"\ud83c\udf38\" src=\"https:\/\/static.xx.fbcdn.net\/images\/emoji.php\/v9\/t8f\/2\/16\/1f338.png\"><\/p>\n\n\n\n<p class=\"wp-block-paragraph\">Un nu\u2026 lielais starts pavisam tuvu!<\/p>\n\n\n\n<p class=\"wp-block-paragraph\">Tiekamies m\u016bsu skol\u0101 jau 1. septembr\u012b!<\/p>\n\n\n\n<p class=\"wp-block-paragraph\">Lai tev, m\u016bsu topo\u0161ais pirmklasniek, pietiek drosmes jaut\u0101t, drosmes m\u0113\u0123in\u0101t, drosmes k\u013c\u016bd\u012bties un drosmes b\u016bt pa\u0161am!<\/p>\n\n\n\n<p class=\"wp-block-paragraph\">Lai skol\u0101 ir daudz draugu, priec\u012bgu piedz\u012bvojumu un dienu, kur\u0101s gribas teikt \u2013 \u0161odiena ir mana m\u012b\u013c\u0101k\u0101 diena! <img loading=\"lazy\" decoding=\"async\" height=\"16\" width=\"16\" alt=\"\ud83d\udc9b\" src=\"https:\/\/static.xx.fbcdn.net\/images\/emoji.php\/v9\/tb4\/2\/16\/1f49b.png\"><\/p>\n\n\n\n<p class=\"wp-block-paragraph\">Uz tik\u0161anos, pirmklasniek! M\u0113s tevi gaid\u0101m! <img loading=\"lazy\" decoding=\"async\" height=\"16\" width=\"16\" alt=\"\ud83d\udc9b\" src=\"https:\/\/static.xx.fbcdn.net\/images\/emoji.php\/v9\/tb4\/2\/16\/1f49b.png\"><\/p>\n\n\n\n<p class=\"wp-block-paragraph\"><strong>Foto galerija skat\u0101ma <a href=\"https:\/\/izglitiba.valmierasnovads.lv\/vps\/galery\/toposo-pirmklasnieku-nometne-2026\/\">\u0161eit<\/a><\/strong><\/p>\n","protected":false},"excerpt":{"rendered":"<p>Pag\u0101ju\u0161aj\u0101 ned\u0113\u013c\u0101 skolu pieskandin\u0101ja sirsn\u012bgas \u010dalas, smiekli un rado\u0161a darbo\u0161an\u0101s &#8211; vasaras dienas nometn\u0113 \u201cSimtj\u016bd\u017eu me\u017ea akad\u0113mija\u201d satik\u0101s m\u016bsu pa\u0161i [&hellip;]<\/p>\n","protected":false},"author":4,"featured_media":3779,"comment_status":"closed","ping_status":"closed","sticky":false,"template":"","format":"standard","meta":{"_acf_changed":false,"site-sidebar-layout":"default","site-content-layout":"","ast-site-content-layout":"default","site-content-style":"default","site-sidebar-style":"default","ast-global-header-display":"","ast-banner-title-visibility":"","ast-main-header-display":"","ast-hfb-above-header-display":"","ast-hfb-below-header-display":"","ast-hfb-mobile-header-display":"","site-post-title":"","ast-breadcrumbs-content":"","ast-featured-img":"","footer-sml-layout":"","ast-disable-related-posts":"","theme-transparent-header-meta":"","adv-header-id-meta":"","stick-header-meta":"","header-above-stick-meta":"","header-main-stick-meta":"","header-below-stick-meta":"","astra-migrate-meta-layouts":"default","ast-page-background-enabled":"default","ast-page-background-meta":{"desktop":{"background-color":"var(--ast-global-color-4)","background-image":"","background-repeat":"repeat","background-position":"center center","background-size":"auto","background-attachment":"scroll","background-type":"","background-media":"","overlay-type":"","overlay-color":"","overlay-opacity":"","overlay-gradient":""},"tablet":{"background-color":"","background-image":"","background-repeat":"repeat","background-position":"center center","background-size":"auto","background-attachment":"scroll","background-type":"","background-media":"","overlay-type":"","overlay-color":"","overlay-opacity":"","overlay-gradient":""},"mobile":{"background-color":"","background-image":"","background-repeat":"repeat","background-position":"center center","background-size":"auto","background-attachment":"scroll","background-type":"","background-media":"","overlay-type":"","overlay-color":"","overlay-opacity":"","overlay-gradient":""}},"ast-content-background-meta":{"desktop":{"background-color":"var(--ast-global-color-5)","background-image":"","background-repeat":"repeat","background-position":"center center","background-size":"auto","background-attachment":"scroll","background-type":"","background-media":"","overlay-type":"","overlay-color":"","overlay-opacity":"","overlay-gradient":""},"tablet":{"background-color":"var(--ast-global-color-5)","background-image":"","background-repeat":"repeat","background-position":"center center","background-size":"auto","background-attachment":"scroll","background-type":"","background-media":"","overlay-type":"","overlay-color":"","overlay-opacity":"","overlay-gradient":""},"mobile":{"background-color":"var(--ast-global-color-5)","background-image":"","background-repeat":"repeat","background-position":"center center","background-size":"auto","background-attachment":"scroll","background-type":"","background-media":"","overlay-type":"","overlay-color":"","overlay-opacity":"","overlay-gradient":""}},"footnotes":""},"categories":[16],"tags":[],"class_list":["post-3777","post","type-post","status-publish","format-standard","has-post-thumbnail","hentry","category-nometnes"],"acf":[],"yoast_head":"<!-- This site is optimized with the Yoast SEO plugin v28.4 - https:\/\/yoast.com\/product\/yoast-seo-wordpress\/ -->\n<title>&quot;Simtj\u016bd\u017eu me\u017ea akad\u0113mija!&quot; - topo\u0161o pirmklasnieku nometne 2026 - Valmieras P\u0101rgaujas s\u0101kumskola<\/title>\n<meta name=\"robots\" content=\"index, follow, max-snippet:-1, max-image-preview:large, max-video-preview:-1\" \/>\n<link rel=\"canonical\" href=\"https:\/\/izglitiba.valmierasnovads.lv\/vps\/simtjudzu-meza-akademija-toposo-pirmklasnieku-nometne-2026\/\" \/>\n<meta property=\"og:locale\" content=\"lv_LV\" \/>\n<meta property=\"og:type\" content=\"article\" \/>\n<meta property=\"og:title\" content=\"&quot;Simtj\u016bd\u017eu me\u017ea akad\u0113mija!&quot; - topo\u0161o pirmklasnieku nometne 2026 - Valmieras P\u0101rgaujas s\u0101kumskola\" \/>\n<meta property=\"og:description\" content=\"Pag\u0101ju\u0161aj\u0101 ned\u0113\u013c\u0101 skolu pieskandin\u0101ja sirsn\u012bgas \u010dalas, smiekli un rado\u0161a darbo\u0161an\u0101s &#8211; vasaras dienas nometn\u0113 \u201cSimtj\u016bd\u017eu me\u017ea akad\u0113mija\u201d satik\u0101s m\u016bsu pa\u0161i [&hellip;]\" \/>\n<meta property=\"og:url\" content=\"https:\/\/izglitiba.valmierasnovads.lv\/vps\/simtjudzu-meza-akademija-toposo-pirmklasnieku-nometne-2026\/\" \/>\n<meta property=\"og:site_name\" content=\"Valmieras P\u0101rgaujas s\u0101kumskola\" \/>\n<meta property=\"article:published_time\" content=\"2026-08-27T17:47:05+00:00\" \/>\n<meta property=\"article:modified_time\" content=\"2026-08-30T18:26:26+00:00\" \/>\n<meta property=\"og:image\" content=\"https:\/\/izglitiba.valmierasnovads.lv\/vps\/wp-content\/uploads\/sites\/2\/2026\/08\/nometene_1kl_2026.jpg\" \/>\n\t<meta property=\"og:image:width\" content=\"2400\" \/>\n\t<meta property=\"og:image:height\" content=\"1350\" \/>\n\t<meta property=\"og:image:type\" content=\"image\/jpeg\" \/>\n<meta name=\"author\" content=\"kasparszogots\" \/>\n<meta name=\"twitter:card\" content=\"summary_large_image\" \/>\n<meta name=\"twitter:label1\" content=\"Written by\" \/>\n\t<meta name=\"twitter:data1\" content=\"kasparszogots\" \/>\n\t<meta name=\"twitter:label2\" content=\"Est. reading time\" \/>\n\t<meta name=\"twitter:data2\" content=\"3 min\u016btes\" \/>\n<script type=\"application\/ld+json\" class=\"yoast-schema-graph\">{\"@context\":\"https:\\\/\\\/schema.org\",\"@graph\":[{\"@type\":\"Article\",\"@id\":\"https:\\\/\\\/izglitiba.valmierasnovads.lv\\\/vps\\\/simtjudzu-meza-akademija-toposo-pirmklasnieku-nometne-2026\\\/#article\",\"isPartOf\":{\"@id\":\"https:\\\/\\\/izglitiba.valmierasnovads.lv\\\/vps\\\/simtjudzu-meza-akademija-toposo-pirmklasnieku-nometne-2026\\\/\"},\"author\":{\"name\":\"kasparszogots\",\"@id\":\"https:\\\/\\\/izglitiba.valmierasnovads.lv\\\/vps\\\/#\\\/schema\\\/person\\\/b8ba1197557fb0fe13574b1511e2c2a5\"},\"headline\":\"&#8220;Simtj\u016bd\u017eu me\u017ea akad\u0113mija!&#8221; &#8211; topo\u0161o pirmklasnieku nometne 2026\",\"datePublished\":\"2026-08-27T17:47:05+00:00\",\"dateModified\":\"2026-08-30T18:26:26+00:00\",\"mainEntityOfPage\":{\"@id\":\"https:\\\/\\\/izglitiba.valmierasnovads.lv\\\/vps\\\/simtjudzu-meza-akademija-toposo-pirmklasnieku-nometne-2026\\\/\"},\"wordCount\":298,\"publisher\":{\"@id\":\"https:\\\/\\\/izglitiba.valmierasnovads.lv\\\/vps\\\/#organization\"},\"image\":{\"@id\":\"https:\\\/\\\/izglitiba.valmierasnovads.lv\\\/vps\\\/simtjudzu-meza-akademija-toposo-pirmklasnieku-nometne-2026\\\/#primaryimage\"},\"thumbnailUrl\":\"https:\\\/\\\/izglitiba.valmierasnovads.lv\\\/vps\\\/wp-content\\\/uploads\\\/sites\\\/2\\\/2026\\\/08\\\/nometene_1kl_2026.jpg\",\"articleSection\":[\"Nometnes\"],\"inLanguage\":\"lv-LV\"},{\"@type\":\"WebPage\",\"@id\":\"https:\\\/\\\/izglitiba.valmierasnovads.lv\\\/vps\\\/simtjudzu-meza-akademija-toposo-pirmklasnieku-nometne-2026\\\/\",\"url\":\"https:\\\/\\\/izglitiba.valmierasnovads.lv\\\/vps\\\/simtjudzu-meza-akademija-toposo-pirmklasnieku-nometne-2026\\\/\",\"name\":\"\\\"Simtj\u016bd\u017eu me\u017ea akad\u0113mija!\\\" - topo\u0161o pirmklasnieku nometne 2026 - Valmieras P\u0101rgaujas s\u0101kumskola\",\"isPartOf\":{\"@id\":\"https:\\\/\\\/izglitiba.valmierasnovads.lv\\\/vps\\\/#website\"},\"primaryImageOfPage\":{\"@id\":\"https:\\\/\\\/izglitiba.valmierasnovads.lv\\\/vps\\\/simtjudzu-meza-akademija-toposo-pirmklasnieku-nometne-2026\\\/#primaryimage\"},\"image\":{\"@id\":\"https:\\\/\\\/izglitiba.valmierasnovads.lv\\\/vps\\\/simtjudzu-meza-akademija-toposo-pirmklasnieku-nometne-2026\\\/#primaryimage\"},\"thumbnailUrl\":\"https:\\\/\\\/izglitiba.valmierasnovads.lv\\\/vps\\\/wp-content\\\/uploads\\\/sites\\\/2\\\/2026\\\/08\\\/nometene_1kl_2026.jpg\",\"datePublished\":\"2026-08-27T17:47:05+00:00\",\"dateModified\":\"2026-08-30T18:26:26+00:00\",\"breadcrumb\":{\"@id\":\"https:\\\/\\\/izglitiba.valmierasnovads.lv\\\/vps\\\/simtjudzu-meza-akademija-toposo-pirmklasnieku-nometne-2026\\\/#breadcrumb\"},\"inLanguage\":\"lv-LV\",\"potentialAction\":[{\"@type\":\"ReadAction\",\"target\":[\"https:\\\/\\\/izglitiba.valmierasnovads.lv\\\/vps\\\/simtjudzu-meza-akademija-toposo-pirmklasnieku-nometne-2026\\\/\"]}]},{\"@type\":\"ImageObject\",\"inLanguage\":\"lv-LV\",\"@id\":\"https:\\\/\\\/izglitiba.valmierasnovads.lv\\\/vps\\\/simtjudzu-meza-akademija-toposo-pirmklasnieku-nometne-2026\\\/#primaryimage\",\"url\":\"https:\\\/\\\/izglitiba.valmierasnovads.lv\\\/vps\\\/wp-content\\\/uploads\\\/sites\\\/2\\\/2026\\\/08\\\/nometene_1kl_2026.jpg\",\"contentUrl\":\"https:\\\/\\\/izglitiba.valmierasnovads.lv\\\/vps\\\/wp-content\\\/uploads\\\/sites\\\/2\\\/2026\\\/08\\\/nometene_1kl_2026.jpg\",\"width\":2400,\"height\":1350},{\"@type\":\"BreadcrumbList\",\"@id\":\"https:\\\/\\\/izglitiba.valmierasnovads.lv\\\/vps\\\/simtjudzu-meza-akademija-toposo-pirmklasnieku-nometne-2026\\\/#breadcrumb\",\"itemListElement\":[{\"@type\":\"ListItem\",\"position\":1,\"name\":\"Home\",\"item\":\"https:\\\/\\\/izglitiba.valmierasnovads.lv\\\/vps\\\/\"},{\"@type\":\"ListItem\",\"position\":2,\"name\":\"&#8220;Simtj\u016bd\u017eu me\u017ea akad\u0113mija!&#8221; &#8211; topo\u0161o pirmklasnieku nometne 2026\"}]},{\"@type\":\"WebSite\",\"@id\":\"https:\\\/\\\/izglitiba.valmierasnovads.lv\\\/vps\\\/#website\",\"url\":\"https:\\\/\\\/izglitiba.valmierasnovads.lv\\\/vps\\\/\",\"name\":\"Valmieras P\u0101rgaujas s\u0101kumskola\",\"description\":\"\",\"publisher\":{\"@id\":\"https:\\\/\\\/izglitiba.valmierasnovads.lv\\\/vps\\\/#organization\"},\"potentialAction\":[{\"@type\":\"SearchAction\",\"target\":{\"@type\":\"EntryPoint\",\"urlTemplate\":\"https:\\\/\\\/izglitiba.valmierasnovads.lv\\\/vps\\\/?s={search_term_string}\"},\"query-input\":{\"@type\":\"PropertyValueSpecification\",\"valueRequired\":true,\"valueName\":\"search_term_string\"}}],\"inLanguage\":\"lv-LV\"},{\"@type\":\"Organization\",\"@id\":\"https:\\\/\\\/izglitiba.valmierasnovads.lv\\\/vps\\\/#organization\",\"name\":\"Valmieras P\u0101rgaujas s\u0101kumskola\",\"url\":\"https:\\\/\\\/izglitiba.valmierasnovads.lv\\\/vps\\\/\",\"logo\":{\"@type\":\"ImageObject\",\"inLanguage\":\"lv-LV\",\"@id\":\"https:\\\/\\\/izglitiba.valmierasnovads.lv\\\/vps\\\/#\\\/schema\\\/logo\\\/image\\\/\",\"url\":\"https:\\\/\\\/izglitiba.valmierasnovads.lv\\\/vps\\\/wp-content\\\/uploads\\\/sites\\\/2\\\/2025\\\/05\\\/VPS_logo-un-teksts-10-1-1.png\",\"contentUrl\":\"https:\\\/\\\/izglitiba.valmierasnovads.lv\\\/vps\\\/wp-content\\\/uploads\\\/sites\\\/2\\\/2025\\\/05\\\/VPS_logo-un-teksts-10-1-1.png\",\"width\":1080,\"height\":171,\"caption\":\"Valmieras P\u0101rgaujas s\u0101kumskola\"},\"image\":{\"@id\":\"https:\\\/\\\/izglitiba.valmierasnovads.lv\\\/vps\\\/#\\\/schema\\\/logo\\\/image\\\/\"}},{\"@type\":\"Person\",\"@id\":\"https:\\\/\\\/izglitiba.valmierasnovads.lv\\\/vps\\\/#\\\/schema\\\/person\\\/b8ba1197557fb0fe13574b1511e2c2a5\",\"name\":\"kasparszogots\",\"image\":{\"@type\":\"ImageObject\",\"inLanguage\":\"lv-LV\",\"@id\":\"https:\\\/\\\/secure.gravatar.com\\\/avatar\\\/5bbd9d3c2189eb5de846675f834d9c1e0576507443da8f78af2e5eb32f524d66?s=96&d=mm&r=g\",\"url\":\"https:\\\/\\\/secure.gravatar.com\\\/avatar\\\/5bbd9d3c2189eb5de846675f834d9c1e0576507443da8f78af2e5eb32f524d66?s=96&d=mm&r=g\",\"contentUrl\":\"https:\\\/\\\/secure.gravatar.com\\\/avatar\\\/5bbd9d3c2189eb5de846675f834d9c1e0576507443da8f78af2e5eb32f524d66?s=96&d=mm&r=g\",\"caption\":\"kasparszogots\"},\"url\":\"https:\\\/\\\/izglitiba.valmierasnovads.lv\\\/vps\\\/author\\\/kasparszogots\\\/\"}]}<\/script>\n<!-- \/ Yoast SEO plugin. -->","yoast_head_json":{"title":"\"Simtj\u016bd\u017eu me\u017ea akad\u0113mija!\" - topo\u0161o pirmklasnieku nometne 2026 - Valmieras P\u0101rgaujas s\u0101kumskola","robots":{"index":"index","follow":"follow","max-snippet":"max-snippet:-1","max-image-preview":"max-image-preview:large","max-video-preview":"max-video-preview:-1"},"canonical":"https:\/\/izglitiba.valmierasnovads.lv\/vps\/simtjudzu-meza-akademija-toposo-pirmklasnieku-nometne-2026\/","og_locale":"lv_LV","og_type":"article","og_title":"\"Simtj\u016bd\u017eu me\u017ea akad\u0113mija!\" - topo\u0161o pirmklasnieku nometne 2026 - Valmieras P\u0101rgaujas s\u0101kumskola","og_description":"Pag\u0101ju\u0161aj\u0101 ned\u0113\u013c\u0101 skolu pieskandin\u0101ja sirsn\u012bgas \u010dalas, smiekli un rado\u0161a darbo\u0161an\u0101s &#8211; vasaras dienas nometn\u0113 \u201cSimtj\u016bd\u017eu me\u017ea akad\u0113mija\u201d satik\u0101s m\u016bsu pa\u0161i [&hellip;]","og_url":"https:\/\/izglitiba.valmierasnovads.lv\/vps\/simtjudzu-meza-akademija-toposo-pirmklasnieku-nometne-2026\/","og_site_name":"Valmieras P\u0101rgaujas s\u0101kumskola","article_published_time":"2026-08-27T17:47:05+00:00","article_modified_time":"2026-08-30T18:26:26+00:00","og_image":[{"width":2400,"height":1350,"url":"https:\/\/izglitiba.valmierasnovads.lv\/vps\/wp-content\/uploads\/sites\/2\/2026\/08\/nometene_1kl_2026.jpg","type":"image\/jpeg"}],"author":"kasparszogots","twitter_card":"summary_large_image","twitter_misc":{"Written by":"kasparszogots","Est. reading time":"3 min\u016btes"},"schema":{"@context":"https:\/\/schema.org","@graph":[{"@type":"Article","@id":"https:\/\/izglitiba.valmierasnovads.lv\/vps\/simtjudzu-meza-akademija-toposo-pirmklasnieku-nometne-2026\/#article","isPartOf":{"@id":"https:\/\/izglitiba.valmierasnovads.lv\/vps\/simtjudzu-meza-akademija-toposo-pirmklasnieku-nometne-2026\/"},"author":{"name":"kasparszogots","@id":"https:\/\/izglitiba.valmierasnovads.lv\/vps\/#\/schema\/person\/b8ba1197557fb0fe13574b1511e2c2a5"},"headline":"&#8220;Simtj\u016bd\u017eu me\u017ea akad\u0113mija!&#8221; &#8211; topo\u0161o pirmklasnieku nometne 2026","datePublished":"2026-08-27T17:47:05+00:00","dateModified":"2026-08-30T18:26:26+00:00","mainEntityOfPage":{"@id":"https:\/\/izglitiba.valmierasnovads.lv\/vps\/simtjudzu-meza-akademija-toposo-pirmklasnieku-nometne-2026\/"},"wordCount":298,"publisher":{"@id":"https:\/\/izglitiba.valmierasnovads.lv\/vps\/#organization"},"image":{"@id":"https:\/\/izglitiba.valmierasnovads.lv\/vps\/simtjudzu-meza-akademija-toposo-pirmklasnieku-nometne-2026\/#primaryimage"},"thumbnailUrl":"https:\/\/izglitiba.valmierasnovads.lv\/vps\/wp-content\/uploads\/sites\/2\/2026\/08\/nometene_1kl_2026.jpg","articleSection":["Nometnes"],"inLanguage":"lv-LV"},{"@type":"WebPage","@id":"https:\/\/izglitiba.valmierasnovads.lv\/vps\/simtjudzu-meza-akademija-toposo-pirmklasnieku-nometne-2026\/","url":"https:\/\/izglitiba.valmierasnovads.lv\/vps\/simtjudzu-meza-akademija-toposo-pirmklasnieku-nometne-2026\/","name":"\"Simtj\u016bd\u017eu me\u017ea akad\u0113mija!\" - topo\u0161o pirmklasnieku nometne 2026 - Valmieras P\u0101rgaujas s\u0101kumskola","isPartOf":{"@id":"https:\/\/izglitiba.valmierasnovads.lv\/vps\/#website"},"primaryImageOfPage":{"@id":"https:\/\/izglitiba.valmierasnovads.lv\/vps\/simtjudzu-meza-akademija-toposo-pirmklasnieku-nometne-2026\/#primaryimage"},"image":{"@id":"https:\/\/izglitiba.valmierasnovads.lv\/vps\/simtjudzu-meza-akademija-toposo-pirmklasnieku-nometne-2026\/#primaryimage"},"thumbnailUrl":"https:\/\/izglitiba.valmierasnovads.lv\/vps\/wp-content\/uploads\/sites\/2\/2026\/08\/nometene_1kl_2026.jpg","datePublished":"2026-08-27T17:47:05+00:00","dateModified":"2026-08-30T18:26:26+00:00","breadcrumb":{"@id":"https:\/\/izglitiba.valmierasnovads.lv\/vps\/simtjudzu-meza-akademija-toposo-pirmklasnieku-nometne-2026\/#breadcrumb"},"inLanguage":"lv-LV","potentialAction":[{"@type":"ReadAction","target":["https:\/\/izglitiba.valmierasnovads.lv\/vps\/simtjudzu-meza-akademija-toposo-pirmklasnieku-nometne-2026\/"]}]},{"@type":"ImageObject","inLanguage":"lv-LV","@id":"https:\/\/izglitiba.valmierasnovads.lv\/vps\/simtjudzu-meza-akademija-toposo-pirmklasnieku-nometne-2026\/#primaryimage","url":"https:\/\/izglitiba.valmierasnovads.lv\/vps\/wp-content\/uploads\/sites\/2\/2026\/08\/nometene_1kl_2026.jpg","contentUrl":"https:\/\/izglitiba.valmierasnovads.lv\/vps\/wp-content\/uploads\/sites\/2\/2026\/08\/nometene_1kl_2026.jpg","width":2400,"height":1350},{"@type":"BreadcrumbList","@id":"https:\/\/izglitiba.valmierasnovads.lv\/vps\/simtjudzu-meza-akademija-toposo-pirmklasnieku-nometne-2026\/#breadcrumb","itemListElement":[{"@type":"ListItem","position":1,"name":"Home","item":"https:\/\/izglitiba.valmierasnovads.lv\/vps\/"},{"@type":"ListItem","position":2,"name":"&#8220;Simtj\u016bd\u017eu me\u017ea akad\u0113mija!&#8221; &#8211; topo\u0161o pirmklasnieku nometne 2026"}]},{"@type":"WebSite","@id":"https:\/\/izglitiba.valmierasnovads.lv\/vps\/#website","url":"https:\/\/izglitiba.valmierasnovads.lv\/vps\/","name":"Valmieras P\u0101rgaujas s\u0101kumskola","description":"","publisher":{"@id":"https:\/\/izglitiba.valmierasnovads.lv\/vps\/#organization"},"potentialAction":[{"@type":"SearchAction","target":{"@type":"EntryPoint","urlTemplate":"https:\/\/izglitiba.valmierasnovads.lv\/vps\/?s={search_term_string}"},"query-input":{"@type":"PropertyValueSpecification","valueRequired":true,"valueName":"search_term_string"}}],"inLanguage":"lv-LV"},{"@type":"Organization","@id":"https:\/\/izglitiba.valmierasnovads.lv\/vps\/#organization","name":"Valmieras P\u0101rgaujas s\u0101kumskola","url":"https:\/\/izglitiba.valmierasnovads.lv\/vps\/","logo":{"@type":"ImageObject","inLanguage":"lv-LV","@id":"https:\/\/izglitiba.valmierasnovads.lv\/vps\/#\/schema\/logo\/image\/","url":"https:\/\/izglitiba.valmierasnovads.lv\/vps\/wp-content\/uploads\/sites\/2\/2025\/05\/VPS_logo-un-teksts-10-1-1.png","contentUrl":"https:\/\/izglitiba.valmierasnovads.lv\/vps\/wp-content\/uploads\/sites\/2\/2025\/05\/VPS_logo-un-teksts-10-1-1.png","width":1080,"height":171,"caption":"Valmieras P\u0101rgaujas s\u0101kumskola"},"image":{"@id":"https:\/\/izglitiba.valmierasnovads.lv\/vps\/#\/schema\/logo\/image\/"}},{"@type":"Person","@id":"https:\/\/izglitiba.valmierasnovads.lv\/vps\/#\/schema\/person\/b8ba1197557fb0fe13574b1511e2c2a5","name":"kasparszogots","image":{"@type":"ImageObject","inLanguage":"lv-LV","@id":"https:\/\/secure.gravatar.com\/avatar\/5bbd9d3c2189eb5de846675f834d9c1e0576507443da8f78af2e5eb32f524d66?s=96&d=mm&r=g","url":"https:\/\/secure.gravatar.com\/avatar\/5bbd9d3c2189eb5de846675f834d9c1e0576507443da8f78af2e5eb32f524d66?s=96&d=mm&r=g","contentUrl":"https:\/\/secure.gravatar.com\/avatar\/5bbd9d3c2189eb5de846675f834d9c1e0576507443da8f78af2e5eb32f524d66?s=96&d=mm&r=g","caption":"kasparszogots"},"url":"https:\/\/izglitiba.valmierasnovads.lv\/vps\/author\/kasparszogots\/"}]}},"_links":{"self":[{"href":"https:\/\/izglitiba.valmierasnovads.lv\/vps\/wp-json\/wp\/v2\/posts\/3777","targetHints":{"allow":["GET"]}}],"collection":[{"href":"https:\/\/izglitiba.valmierasnovads.lv\/vps\/wp-json\/wp\/v2\/posts"}],"about":[{"href":"https:\/\/izglitiba.valmierasnovads.lv\/vps\/wp-json\/wp\/v2\/types\/post"}],"author":[{"embeddable":true,"href":"https:\/\/izglitiba.valmierasnovads.lv\/vps\/wp-json\/wp\/v2\/users\/4"}],"replies":[{"embeddable":true,"href":"https:\/\/izglitiba.valmierasnovads.lv\/vps\/wp-json\/wp\/v2\/comments?post=3777"}],"version-history":[{"count":6,"href":"https:\/\/izglitiba.valmierasnovads.lv\/vps\/wp-json\/wp\/v2\/posts\/3777\/revisions"}],"predecessor-version":[{"id":3788,"href":"https:\/\/izglitiba.valmierasnovads.lv\/vps\/wp-json\/wp\/v2\/posts\/3777\/revisions\/3788"}],"wp:featuredmedia":[{"embeddable":true,"href":"https:\/\/izglitiba.valmierasnovads.lv\/vps\/wp-json\/wp\/v2\/media\/3779"}],"wp:attachment":[{"href":"https:\/\/izglitiba.valmierasnovads.lv\/vps\/wp-json\/wp\/v2\/media?parent=3777"}],"wp:term":[{"taxonomy":"category","embeddable":true,"href":"https:\/\/izglitiba.valmierasnovads.lv\/vps\/wp-json\/wp\/v2\/categories?post=3777"},{"taxonomy":"post_tag","embeddable":true,"href":"https:\/\/izglitiba.valmierasnovads.lv\/vps\/wp-json\/wp\/v2\/tags?post=3777"}],"curies":[{"name":"wp","href":"https:\/\/api.w.org\/{rel}","templated":true}]}}