{"id":3784,"date":"2026-08-28T15:06:42","date_gmt":"2026-08-28T12:06:42","guid":{"rendered":"https:\/\/izglitiba.valmierasnovads.lv\/vps\/?p=3784"},"modified":"2026-08-28T15:06:42","modified_gmt":"2026-08-28T12:06:42","slug":"pievienojies-musu-komandai","status":"publish","type":"post","link":"https:\/\/izglitiba.valmierasnovads.lv\/vps\/pievienojies-musu-komandai\/","title":{"rendered":"Pievienojies m\u016bsu komandai!"},"content":{"rendered":"\n<p class=\"wp-block-paragraph\"><strong>Valmieras P\u0101rgaujas s\u0101kumskola<\/strong>&nbsp;(turpm\u0101k \u2013 Iest\u0101de) aicina darb\u0101&nbsp;<strong>direktora vietnieku\/-ci izgl\u012bt\u012bbas jom\u0101 (iek\u013caujo\u0161\u0101s izgl\u012bt\u012bbas darb\u0101 un darb\u0101 ar talant\u012bgiem skol\u0113niem)&nbsp;<\/strong>uz nenoteiktu laiku.<\/p>\n\n\n\n<p class=\"wp-block-paragraph\"><strong>Ja J\u016bs v\u0113laties:<\/strong><\/p>\n\n\n\n<ul class=\"wp-block-list\">\n<li>organiz\u0113t, koordin\u0113t un p\u0101rraudz\u012bt atbalsta komandas (izgl\u012bt\u012bbas psihologa, speci\u0101l\u0101 pedagoga, logop\u0113da, soci\u0101l\u0101 pedagoga u.c.) darbu;<\/li>\n\n\n\n<li>pl\u0101not un vad\u012bt iek\u013caujo\u0161\u0101s izgl\u012bt\u012bbas un speci\u0101l\u0101s izgl\u012bt\u012bbas programmu \u012bsteno\u0161anu Iest\u0101d\u0113;<\/li>\n\n\n\n<li>koordin\u0113t un l\u012bdzdarboties individu\u0101lo izgl\u012bt\u012bbas programmu apguves un atbalsta pl\u0101nu izstr\u0101d\u0113 un pilnveid\u0113 skol\u0113niem ar speci\u0101l\u0101m vajadz\u012bb\u0101m vai m\u0101c\u012b\u0161an\u0101s gr\u016bt\u012bb\u0101m;<\/li>\n\n\n\n<li>p\u0101rraudz\u012bt un koordin\u0113t sist\u0113mu talant\u012bgo izgl\u012btojamo agr\u012bnai identific\u0113\u0161anai un izaugsmei;<\/li>\n\n\n\n<li>nodro\u0161in\u0101t metodisko un informat\u012bvo atbalstu pedagogiem m\u0101c\u012bbu satura diferenc\u0113\u0161anai, iek\u013caujo\u0161as m\u0101c\u012bbu vides piel\u0101go\u0161anai un talantu att\u012bst\u012bbai;<\/li>\n\n\n\n<li>veidot un uztur\u0113t regul\u0101ru, profesion\u0101lu sadarb\u012bbu ar izgl\u012btojamo vec\u0101kiem, valsts un pa\u0161vald\u012bbas instit\u016bcij\u0101m (tostarp pedago\u0123iski medic\u012bnisko komisiju);<\/li>\n\n\n\n<li>p\u0101rraudz\u012bt ar atbalsta pas\u0101kumiem un talantu att\u012bst\u012bbu saist\u012bt\u0101s dokument\u0101cijas un e-klases datu prec\u012bzu un savlaic\u012bgu aizpild\u012b\u0161anu;<\/li>\n<\/ul>\n\n\n\n<p class=\"wp-block-paragraph\"><strong>un Jums ir:<\/strong><\/p>\n\n\n\n<ul class=\"wp-block-list\">\n<li>augst\u0101k\u0101 izgl\u012bt\u012bba saska\u0146\u0101 ar Ministru kabineta noteikumu Nr.569 \u201cNoteikumi par pedagogiem nepiecie\u0161amo izgl\u012bt\u012bbu un profesion\u0101lo kvalifik\u0101ciju un pedagogu profesion\u0101l\u0101s kompetences pilnveides k\u0101rt\u012bbu\u201d pras\u012bb\u0101m;<\/li>\n\n\n\n<li>atbilst\u012bba B\u0113rnu ties\u012bbu aizsardz\u012bbas likuma 72. panta piektaj\u0101 da\u013c\u0101 un Izgl\u012bt\u012bbas likuma 50. pant\u0101 noteiktaj\u0101m pras\u012bb\u0101m;<\/li>\n\n\n\n<li>valsts valodas prasmes atbilsto\u0161i Valsts valodas likuma pras\u012bb\u0101m;<\/li>\n\n\n\n<li>darba pieredze l\u012bdz\u012bg\u0101 amat\u0101 un izgl\u012bt\u012bbas vad\u012bbas darb\u0101 tiks uzskat\u012bta par priek\u0161roc\u012bbu;<\/li>\n\n\n\n<li>pieredze iek\u013caujo\u0161\u0101s izgl\u012bt\u012bbas jaut\u0101jumos vai atbalsta person\u0101la darb\u0101;<\/li>\n\n\n\n<li>izgl\u012bt\u012bbas jomu reglament\u0113jo\u0161o ties\u012bbu aktu p\u0101rzin\u0101\u0161ana;<\/li>\n\n\n\n<li>jaun\u0101ko izgl\u012bt\u012bbas un pedago\u0123ijas jomu aktualit\u0101\u0161u p\u0101rzin\u0101\u0161ana un prasme pielietot darb\u0101;<\/li>\n\n\n\n<li>kompetences: sp\u0113ja str\u0101d\u0101t komand\u0101 pie\u0146emt l\u0113mumus un prasme r\u012bkoties nestandarta situ\u0101cij\u0101s; labas komunik\u0101cijas, sadarb\u012bbas un motiv\u0113\u0161anas prasmes; precizit\u0101te un atbild\u012bba darb\u0101, augsta digit\u0101l\u0101 prat\u012bba;<\/li>\n<\/ul>\n\n\n\n<p class=\"wp-block-paragraph\"><strong>m\u0113s pied\u0101v\u0101jam:<\/strong><\/p>\n\n\n\n<ul class=\"wp-block-list\">\n<li>darba slodzi: 0,5 amata likme direktora vietnieka amatam;<\/li>\n\n\n\n<li>iesp\u0113ju str\u0101d\u0101t pilnu darba slodzi (1,0 likmi), apvienojot vietnieka pien\u0101kumus ar pedagoga (m\u0101c\u012bbu priek\u0161meta skolot\u0101ja) vai cita atbalsta person\u0101la amata (piem\u0113ram, speci\u0101l\u0101 pedagoga, psihologa, logop\u0113da, soci\u0101l\u0101 pedagoga u.c.) pien\u0101kumu veik\u0161anu, atbilsto\u0161i kvalifik\u0101cijai.<\/li>\n\n\n\n<li>atalgojumu EUR 1851 m\u0113nes\u012b pirms nodok\u013cu nomaksas (par slodzi);<\/li>\n\n\n\n<li>darba dev\u0113ja l\u012bdzfinans\u0113tu vesel\u012bbas apdro\u0161in\u0101\u0161anu p\u0113c p\u0101rbaudes laika beig\u0101m;<\/li>\n\n\n\n<li>darbu rado\u0161\u0101, draudz\u012bg\u0101 kolekt\u012bv\u0101.<\/li>\n<\/ul>\n\n\n\n<p class=\"wp-block-paragraph\">Pretendentus aicin\u0101m pieteikties, iesniedzot motiv\u0113tu pieteikuma v\u0113stuli un savu profesion\u0101l\u0101s darb\u012bbas aprakstu (CV) ar nor\u0101di \u201eDirektora vietnieka\/-ces vakancei\u201d l\u012bdz&nbsp;<strong>2026. gada 10. septembrim<\/strong>&nbsp;uz e-pastu&nbsp;<a href=\";\">vps@valmiera.edu.lv<\/a>&nbsp;vai person\u012bgi Valmieras P\u0101rgaujas s\u0101kumskolas lietved\u012bb\u0101 (Me\u017ea iela 12a, Valmiera, Valmieras novads).<\/p>\n\n\n\n<p class=\"wp-block-paragraph\">T\u0101lrunis inform\u0101cijai: 26417378.<\/p>\n\n\n\n<p class=\"wp-block-paragraph\">Inform\u0113jam, ka pieteikuma dokument\u0101 nor\u0101d\u012btie personas dati tiks apstr\u0101d\u0101ti, lai nodro\u0161in\u0101tu \u0161\u012b atlases konkursa norisi atbilsto\u0161i fizisko personu datu aizsardz\u012bbas regul\u0113juma pras\u012bb\u0101m.<\/p>\n","protected":false},"excerpt":{"rendered":"<p>Valmieras P\u0101rgaujas s\u0101kumskola&nbsp;(turpm\u0101k \u2013 Iest\u0101de) aicina darb\u0101&nbsp;direktora vietnieku\/-ci izgl\u012bt\u012bbas jom\u0101 (iek\u013caujo\u0161\u0101s izgl\u012bt\u012bbas darb\u0101 un darb\u0101 ar talant\u012bgiem skol\u0113niem)&nbsp;uz nenoteiktu laiku. [&hellip;]<\/p>\n","protected":false},"author":4,"featured_media":3785,"comment_status":"closed","ping_status":"closed","sticky":false,"template":"","format":"standard","meta":{"_acf_changed":false,"site-sidebar-layout":"default","site-content-layout":"","ast-site-content-layout":"default","site-content-style":"default","site-sidebar-style":"default","ast-global-header-display":"","ast-banner-title-visibility":"","ast-main-header-display":"","ast-hfb-above-header-display":"","ast-hfb-below-header-display":"","ast-hfb-mobile-header-display":"","site-post-title":"","ast-breadcrumbs-content":"","ast-featured-img":"","footer-sml-layout":"","ast-disable-related-posts":"","theme-transparent-header-meta":"","adv-header-id-meta":"","stick-header-meta":"","header-above-stick-meta":"","header-main-stick-meta":"","header-below-stick-meta":"","astra-migrate-meta-layouts":"default","ast-page-background-enabled":"default","ast-page-background-meta":{"desktop":{"background-color":"var(--ast-global-color-4)","background-image":"","background-repeat":"repeat","background-position":"center center","background-size":"auto","background-attachment":"scroll","background-type":"","background-media":"","overlay-type":"","overlay-color":"","overlay-opacity":"","overlay-gradient":""},"tablet":{"background-color":"","background-image":"","background-repeat":"repeat","background-position":"center center","background-size":"auto","background-attachment":"scroll","background-type":"","background-media":"","overlay-type":"","overlay-color":"","overlay-opacity":"","overlay-gradient":""},"mobile":{"background-color":"","background-image":"","background-repeat":"repeat","background-position":"center center","background-size":"auto","background-attachment":"scroll","background-type":"","background-media":"","overlay-type":"","overlay-color":"","overlay-opacity":"","overlay-gradient":""}},"ast-content-background-meta":{"desktop":{"background-color":"var(--ast-global-color-5)","background-image":"","background-repeat":"repeat","background-position":"center center","background-size":"auto","background-attachment":"scroll","background-type":"","background-media":"","overlay-type":"","overlay-color":"","overlay-opacity":"","overlay-gradient":""},"tablet":{"background-color":"var(--ast-global-color-5)","background-image":"","background-repeat":"repeat","background-position":"center center","background-size":"auto","background-attachment":"scroll","background-type":"","background-media":"","overlay-type":"","overlay-color":"","overlay-opacity":"","overlay-gradient":""},"mobile":{"background-color":"var(--ast-global-color-5)","background-image":"","background-repeat":"repeat","background-position":"center center","background-size":"auto","background-attachment":"scroll","background-type":"","background-media":"","overlay-type":"","overlay-color":"","overlay-opacity":"","overlay-gradient":""}},"footnotes":""},"categories":[5],"tags":[],"class_list":["post-3784","post","type-post","status-publish","format-standard","has-post-thumbnail","hentry","category-jaunumi"],"acf":[],"yoast_head":"<!-- This site is optimized with the Yoast SEO plugin v28.4 - https:\/\/yoast.com\/product\/yoast-seo-wordpress\/ -->\n<title>Pievienojies m\u016bsu komandai! - Valmieras P\u0101rgaujas s\u0101kumskola<\/title>\n<meta name=\"robots\" content=\"index, follow, max-snippet:-1, max-image-preview:large, max-video-preview:-1\" \/>\n<link rel=\"canonical\" href=\"https:\/\/izglitiba.valmierasnovads.lv\/vps\/pievienojies-musu-komandai\/\" \/>\n<meta property=\"og:locale\" content=\"lv_LV\" \/>\n<meta property=\"og:type\" content=\"article\" \/>\n<meta property=\"og:title\" content=\"Pievienojies m\u016bsu komandai! - Valmieras P\u0101rgaujas s\u0101kumskola\" \/>\n<meta property=\"og:description\" content=\"Valmieras P\u0101rgaujas s\u0101kumskola&nbsp;(turpm\u0101k \u2013 Iest\u0101de) aicina darb\u0101&nbsp;direktora vietnieku\/-ci izgl\u012bt\u012bbas jom\u0101 (iek\u013caujo\u0161\u0101s izgl\u012bt\u012bbas darb\u0101 un darb\u0101 ar talant\u012bgiem skol\u0113niem)&nbsp;uz nenoteiktu laiku. [&hellip;]\" \/>\n<meta property=\"og:url\" content=\"https:\/\/izglitiba.valmierasnovads.lv\/vps\/pievienojies-musu-komandai\/\" \/>\n<meta property=\"og:site_name\" content=\"Valmieras P\u0101rgaujas s\u0101kumskola\" \/>\n<meta property=\"article:published_time\" content=\"2026-08-28T12:06:42+00:00\" \/>\n<meta property=\"og:image\" content=\"https:\/\/izglitiba.valmierasnovads.lv\/vps\/wp-content\/uploads\/sites\/2\/2026\/08\/Vakance.jpg\" \/>\n\t<meta property=\"og:image:width\" content=\"2160\" \/>\n\t<meta property=\"og:image:height\" content=\"1215\" \/>\n\t<meta property=\"og:image:type\" content=\"image\/jpeg\" \/>\n<meta name=\"author\" content=\"kasparszogots\" \/>\n<meta name=\"twitter:card\" content=\"summary_large_image\" \/>\n<meta name=\"twitter:label1\" content=\"Written by\" \/>\n\t<meta name=\"twitter:data1\" content=\"kasparszogots\" \/>\n\t<meta name=\"twitter:label2\" content=\"Est. reading time\" \/>\n\t<meta name=\"twitter:data2\" content=\"3 min\u016btes\" \/>\n<script type=\"application\/ld+json\" class=\"yoast-schema-graph\">{\"@context\":\"https:\\\/\\\/schema.org\",\"@graph\":[{\"@type\":\"Article\",\"@id\":\"https:\\\/\\\/izglitiba.valmierasnovads.lv\\\/vps\\\/pievienojies-musu-komandai\\\/#article\",\"isPartOf\":{\"@id\":\"https:\\\/\\\/izglitiba.valmierasnovads.lv\\\/vps\\\/pievienojies-musu-komandai\\\/\"},\"author\":{\"name\":\"kasparszogots\",\"@id\":\"https:\\\/\\\/izglitiba.valmierasnovads.lv\\\/vps\\\/#\\\/schema\\\/person\\\/b8ba1197557fb0fe13574b1511e2c2a5\"},\"headline\":\"Pievienojies m\u016bsu komandai!\",\"datePublished\":\"2026-08-28T12:06:42+00:00\",\"mainEntityOfPage\":{\"@id\":\"https:\\\/\\\/izglitiba.valmierasnovads.lv\\\/vps\\\/pievienojies-musu-komandai\\\/\"},\"wordCount\":604,\"publisher\":{\"@id\":\"https:\\\/\\\/izglitiba.valmierasnovads.lv\\\/vps\\\/#organization\"},\"image\":{\"@id\":\"https:\\\/\\\/izglitiba.valmierasnovads.lv\\\/vps\\\/pievienojies-musu-komandai\\\/#primaryimage\"},\"thumbnailUrl\":\"https:\\\/\\\/izglitiba.valmierasnovads.lv\\\/vps\\\/wp-content\\\/uploads\\\/sites\\\/2\\\/2026\\\/08\\\/Vakance.jpg\",\"articleSection\":[\"Jaunumi\"],\"inLanguage\":\"lv-LV\"},{\"@type\":\"WebPage\",\"@id\":\"https:\\\/\\\/izglitiba.valmierasnovads.lv\\\/vps\\\/pievienojies-musu-komandai\\\/\",\"url\":\"https:\\\/\\\/izglitiba.valmierasnovads.lv\\\/vps\\\/pievienojies-musu-komandai\\\/\",\"name\":\"Pievienojies m\u016bsu komandai! - Valmieras P\u0101rgaujas s\u0101kumskola\",\"isPartOf\":{\"@id\":\"https:\\\/\\\/izglitiba.valmierasnovads.lv\\\/vps\\\/#website\"},\"primaryImageOfPage\":{\"@id\":\"https:\\\/\\\/izglitiba.valmierasnovads.lv\\\/vps\\\/pievienojies-musu-komandai\\\/#primaryimage\"},\"image\":{\"@id\":\"https:\\\/\\\/izglitiba.valmierasnovads.lv\\\/vps\\\/pievienojies-musu-komandai\\\/#primaryimage\"},\"thumbnailUrl\":\"https:\\\/\\\/izglitiba.valmierasnovads.lv\\\/vps\\\/wp-content\\\/uploads\\\/sites\\\/2\\\/2026\\\/08\\\/Vakance.jpg\",\"datePublished\":\"2026-08-28T12:06:42+00:00\",\"breadcrumb\":{\"@id\":\"https:\\\/\\\/izglitiba.valmierasnovads.lv\\\/vps\\\/pievienojies-musu-komandai\\\/#breadcrumb\"},\"inLanguage\":\"lv-LV\",\"potentialAction\":[{\"@type\":\"ReadAction\",\"target\":[\"https:\\\/\\\/izglitiba.valmierasnovads.lv\\\/vps\\\/pievienojies-musu-komandai\\\/\"]}]},{\"@type\":\"ImageObject\",\"inLanguage\":\"lv-LV\",\"@id\":\"https:\\\/\\\/izglitiba.valmierasnovads.lv\\\/vps\\\/pievienojies-musu-komandai\\\/#primaryimage\",\"url\":\"https:\\\/\\\/izglitiba.valmierasnovads.lv\\\/vps\\\/wp-content\\\/uploads\\\/sites\\\/2\\\/2026\\\/08\\\/Vakance.jpg\",\"contentUrl\":\"https:\\\/\\\/izglitiba.valmierasnovads.lv\\\/vps\\\/wp-content\\\/uploads\\\/sites\\\/2\\\/2026\\\/08\\\/Vakance.jpg\",\"width\":2160,\"height\":1215},{\"@type\":\"BreadcrumbList\",\"@id\":\"https:\\\/\\\/izglitiba.valmierasnovads.lv\\\/vps\\\/pievienojies-musu-komandai\\\/#breadcrumb\",\"itemListElement\":[{\"@type\":\"ListItem\",\"position\":1,\"name\":\"Home\",\"item\":\"https:\\\/\\\/izglitiba.valmierasnovads.lv\\\/vps\\\/\"},{\"@type\":\"ListItem\",\"position\":2,\"name\":\"Pievienojies m\u016bsu komandai!\"}]},{\"@type\":\"WebSite\",\"@id\":\"https:\\\/\\\/izglitiba.valmierasnovads.lv\\\/vps\\\/#website\",\"url\":\"https:\\\/\\\/izglitiba.valmierasnovads.lv\\\/vps\\\/\",\"name\":\"Valmieras P\u0101rgaujas s\u0101kumskola\",\"description\":\"\",\"publisher\":{\"@id\":\"https:\\\/\\\/izglitiba.valmierasnovads.lv\\\/vps\\\/#organization\"},\"potentialAction\":[{\"@type\":\"SearchAction\",\"target\":{\"@type\":\"EntryPoint\",\"urlTemplate\":\"https:\\\/\\\/izglitiba.valmierasnovads.lv\\\/vps\\\/?s={search_term_string}\"},\"query-input\":{\"@type\":\"PropertyValueSpecification\",\"valueRequired\":true,\"valueName\":\"search_term_string\"}}],\"inLanguage\":\"lv-LV\"},{\"@type\":\"Organization\",\"@id\":\"https:\\\/\\\/izglitiba.valmierasnovads.lv\\\/vps\\\/#organization\",\"name\":\"Valmieras P\u0101rgaujas s\u0101kumskola\",\"url\":\"https:\\\/\\\/izglitiba.valmierasnovads.lv\\\/vps\\\/\",\"logo\":{\"@type\":\"ImageObject\",\"inLanguage\":\"lv-LV\",\"@id\":\"https:\\\/\\\/izglitiba.valmierasnovads.lv\\\/vps\\\/#\\\/schema\\\/logo\\\/image\\\/\",\"url\":\"https:\\\/\\\/izglitiba.valmierasnovads.lv\\\/vps\\\/wp-content\\\/uploads\\\/sites\\\/2\\\/2025\\\/05\\\/VPS_logo-un-teksts-10-1-1.png\",\"contentUrl\":\"https:\\\/\\\/izglitiba.valmierasnovads.lv\\\/vps\\\/wp-content\\\/uploads\\\/sites\\\/2\\\/2025\\\/05\\\/VPS_logo-un-teksts-10-1-1.png\",\"width\":1080,\"height\":171,\"caption\":\"Valmieras P\u0101rgaujas s\u0101kumskola\"},\"image\":{\"@id\":\"https:\\\/\\\/izglitiba.valmierasnovads.lv\\\/vps\\\/#\\\/schema\\\/logo\\\/image\\\/\"}},{\"@type\":\"Person\",\"@id\":\"https:\\\/\\\/izglitiba.valmierasnovads.lv\\\/vps\\\/#\\\/schema\\\/person\\\/b8ba1197557fb0fe13574b1511e2c2a5\",\"name\":\"kasparszogots\",\"image\":{\"@type\":\"ImageObject\",\"inLanguage\":\"lv-LV\",\"@id\":\"https:\\\/\\\/secure.gravatar.com\\\/avatar\\\/5bbd9d3c2189eb5de846675f834d9c1e0576507443da8f78af2e5eb32f524d66?s=96&d=mm&r=g\",\"url\":\"https:\\\/\\\/secure.gravatar.com\\\/avatar\\\/5bbd9d3c2189eb5de846675f834d9c1e0576507443da8f78af2e5eb32f524d66?s=96&d=mm&r=g\",\"contentUrl\":\"https:\\\/\\\/secure.gravatar.com\\\/avatar\\\/5bbd9d3c2189eb5de846675f834d9c1e0576507443da8f78af2e5eb32f524d66?s=96&d=mm&r=g\",\"caption\":\"kasparszogots\"},\"url\":\"https:\\\/\\\/izglitiba.valmierasnovads.lv\\\/vps\\\/author\\\/kasparszogots\\\/\"}]}<\/script>\n<!-- \/ Yoast SEO plugin. -->","yoast_head_json":{"title":"Pievienojies m\u016bsu komandai! - Valmieras P\u0101rgaujas s\u0101kumskola","robots":{"index":"index","follow":"follow","max-snippet":"max-snippet:-1","max-image-preview":"max-image-preview:large","max-video-preview":"max-video-preview:-1"},"canonical":"https:\/\/izglitiba.valmierasnovads.lv\/vps\/pievienojies-musu-komandai\/","og_locale":"lv_LV","og_type":"article","og_title":"Pievienojies m\u016bsu komandai! - Valmieras P\u0101rgaujas s\u0101kumskola","og_description":"Valmieras P\u0101rgaujas s\u0101kumskola&nbsp;(turpm\u0101k \u2013 Iest\u0101de) aicina darb\u0101&nbsp;direktora vietnieku\/-ci izgl\u012bt\u012bbas jom\u0101 (iek\u013caujo\u0161\u0101s izgl\u012bt\u012bbas darb\u0101 un darb\u0101 ar talant\u012bgiem skol\u0113niem)&nbsp;uz nenoteiktu laiku. [&hellip;]","og_url":"https:\/\/izglitiba.valmierasnovads.lv\/vps\/pievienojies-musu-komandai\/","og_site_name":"Valmieras P\u0101rgaujas s\u0101kumskola","article_published_time":"2026-08-28T12:06:42+00:00","og_image":[{"width":2160,"height":1215,"url":"https:\/\/izglitiba.valmierasnovads.lv\/vps\/wp-content\/uploads\/sites\/2\/2026\/08\/Vakance.jpg","type":"image\/jpeg"}],"author":"kasparszogots","twitter_card":"summary_large_image","twitter_misc":{"Written by":"kasparszogots","Est. reading time":"3 min\u016btes"},"schema":{"@context":"https:\/\/schema.org","@graph":[{"@type":"Article","@id":"https:\/\/izglitiba.valmierasnovads.lv\/vps\/pievienojies-musu-komandai\/#article","isPartOf":{"@id":"https:\/\/izglitiba.valmierasnovads.lv\/vps\/pievienojies-musu-komandai\/"},"author":{"name":"kasparszogots","@id":"https:\/\/izglitiba.valmierasnovads.lv\/vps\/#\/schema\/person\/b8ba1197557fb0fe13574b1511e2c2a5"},"headline":"Pievienojies m\u016bsu komandai!","datePublished":"2026-08-28T12:06:42+00:00","mainEntityOfPage":{"@id":"https:\/\/izglitiba.valmierasnovads.lv\/vps\/pievienojies-musu-komandai\/"},"wordCount":604,"publisher":{"@id":"https:\/\/izglitiba.valmierasnovads.lv\/vps\/#organization"},"image":{"@id":"https:\/\/izglitiba.valmierasnovads.lv\/vps\/pievienojies-musu-komandai\/#primaryimage"},"thumbnailUrl":"https:\/\/izglitiba.valmierasnovads.lv\/vps\/wp-content\/uploads\/sites\/2\/2026\/08\/Vakance.jpg","articleSection":["Jaunumi"],"inLanguage":"lv-LV"},{"@type":"WebPage","@id":"https:\/\/izglitiba.valmierasnovads.lv\/vps\/pievienojies-musu-komandai\/","url":"https:\/\/izglitiba.valmierasnovads.lv\/vps\/pievienojies-musu-komandai\/","name":"Pievienojies m\u016bsu komandai! - Valmieras P\u0101rgaujas s\u0101kumskola","isPartOf":{"@id":"https:\/\/izglitiba.valmierasnovads.lv\/vps\/#website"},"primaryImageOfPage":{"@id":"https:\/\/izglitiba.valmierasnovads.lv\/vps\/pievienojies-musu-komandai\/#primaryimage"},"image":{"@id":"https:\/\/izglitiba.valmierasnovads.lv\/vps\/pievienojies-musu-komandai\/#primaryimage"},"thumbnailUrl":"https:\/\/izglitiba.valmierasnovads.lv\/vps\/wp-content\/uploads\/sites\/2\/2026\/08\/Vakance.jpg","datePublished":"2026-08-28T12:06:42+00:00","breadcrumb":{"@id":"https:\/\/izglitiba.valmierasnovads.lv\/vps\/pievienojies-musu-komandai\/#breadcrumb"},"inLanguage":"lv-LV","potentialAction":[{"@type":"ReadAction","target":["https:\/\/izglitiba.valmierasnovads.lv\/vps\/pievienojies-musu-komandai\/"]}]},{"@type":"ImageObject","inLanguage":"lv-LV","@id":"https:\/\/izglitiba.valmierasnovads.lv\/vps\/pievienojies-musu-komandai\/#primaryimage","url":"https:\/\/izglitiba.valmierasnovads.lv\/vps\/wp-content\/uploads\/sites\/2\/2026\/08\/Vakance.jpg","contentUrl":"https:\/\/izglitiba.valmierasnovads.lv\/vps\/wp-content\/uploads\/sites\/2\/2026\/08\/Vakance.jpg","width":2160,"height":1215},{"@type":"BreadcrumbList","@id":"https:\/\/izglitiba.valmierasnovads.lv\/vps\/pievienojies-musu-komandai\/#breadcrumb","itemListElement":[{"@type":"ListItem","position":1,"name":"Home","item":"https:\/\/izglitiba.valmierasnovads.lv\/vps\/"},{"@type":"ListItem","position":2,"name":"Pievienojies m\u016bsu komandai!"}]},{"@type":"WebSite","@id":"https:\/\/izglitiba.valmierasnovads.lv\/vps\/#website","url":"https:\/\/izglitiba.valmierasnovads.lv\/vps\/","name":"Valmieras P\u0101rgaujas s\u0101kumskola","description":"","publisher":{"@id":"https:\/\/izglitiba.valmierasnovads.lv\/vps\/#organization"},"potentialAction":[{"@type":"SearchAction","target":{"@type":"EntryPoint","urlTemplate":"https:\/\/izglitiba.valmierasnovads.lv\/vps\/?s={search_term_string}"},"query-input":{"@type":"PropertyValueSpecification","valueRequired":true,"valueName":"search_term_string"}}],"inLanguage":"lv-LV"},{"@type":"Organization","@id":"https:\/\/izglitiba.valmierasnovads.lv\/vps\/#organization","name":"Valmieras P\u0101rgaujas s\u0101kumskola","url":"https:\/\/izglitiba.valmierasnovads.lv\/vps\/","logo":{"@type":"ImageObject","inLanguage":"lv-LV","@id":"https:\/\/izglitiba.valmierasnovads.lv\/vps\/#\/schema\/logo\/image\/","url":"https:\/\/izglitiba.valmierasnovads.lv\/vps\/wp-content\/uploads\/sites\/2\/2025\/05\/VPS_logo-un-teksts-10-1-1.png","contentUrl":"https:\/\/izglitiba.valmierasnovads.lv\/vps\/wp-content\/uploads\/sites\/2\/2025\/05\/VPS_logo-un-teksts-10-1-1.png","width":1080,"height":171,"caption":"Valmieras P\u0101rgaujas s\u0101kumskola"},"image":{"@id":"https:\/\/izglitiba.valmierasnovads.lv\/vps\/#\/schema\/logo\/image\/"}},{"@type":"Person","@id":"https:\/\/izglitiba.valmierasnovads.lv\/vps\/#\/schema\/person\/b8ba1197557fb0fe13574b1511e2c2a5","name":"kasparszogots","image":{"@type":"ImageObject","inLanguage":"lv-LV","@id":"https:\/\/secure.gravatar.com\/avatar\/5bbd9d3c2189eb5de846675f834d9c1e0576507443da8f78af2e5eb32f524d66?s=96&d=mm&r=g","url":"https:\/\/secure.gravatar.com\/avatar\/5bbd9d3c2189eb5de846675f834d9c1e0576507443da8f78af2e5eb32f524d66?s=96&d=mm&r=g","contentUrl":"https:\/\/secure.gravatar.com\/avatar\/5bbd9d3c2189eb5de846675f834d9c1e0576507443da8f78af2e5eb32f524d66?s=96&d=mm&r=g","caption":"kasparszogots"},"url":"https:\/\/izglitiba.valmierasnovads.lv\/vps\/author\/kasparszogots\/"}]}},"_links":{"self":[{"href":"https:\/\/izglitiba.valmierasnovads.lv\/vps\/wp-json\/wp\/v2\/posts\/3784","targetHints":{"allow":["GET"]}}],"collection":[{"href":"https:\/\/izglitiba.valmierasnovads.lv\/vps\/wp-json\/wp\/v2\/posts"}],"about":[{"href":"https:\/\/izglitiba.valmierasnovads.lv\/vps\/wp-json\/wp\/v2\/types\/post"}],"author":[{"embeddable":true,"href":"https:\/\/izglitiba.valmierasnovads.lv\/vps\/wp-json\/wp\/v2\/users\/4"}],"replies":[{"embeddable":true,"href":"https:\/\/izglitiba.valmierasnovads.lv\/vps\/wp-json\/wp\/v2\/comments?post=3784"}],"version-history":[{"count":1,"href":"https:\/\/izglitiba.valmierasnovads.lv\/vps\/wp-json\/wp\/v2\/posts\/3784\/revisions"}],"predecessor-version":[{"id":3786,"href":"https:\/\/izglitiba.valmierasnovads.lv\/vps\/wp-json\/wp\/v2\/posts\/3784\/revisions\/3786"}],"wp:featuredmedia":[{"embeddable":true,"href":"https:\/\/izglitiba.valmierasnovads.lv\/vps\/wp-json\/wp\/v2\/media\/3785"}],"wp:attachment":[{"href":"https:\/\/izglitiba.valmierasnovads.lv\/vps\/wp-json\/wp\/v2\/media?parent=3784"}],"wp:term":[{"taxonomy":"category","embeddable":true,"href":"https:\/\/izglitiba.valmierasnovads.lv\/vps\/wp-json\/wp\/v2\/categories?post=3784"},{"taxonomy":"post_tag","embeddable":true,"href":"https:\/\/izglitiba.valmierasnovads.lv\/vps\/wp-json\/wp\/v2\/tags?post=3784"}],"curies":[{"name":"wp","href":"https:\/\/api.w.org\/{rel}","templated":true}]}}