{"id":1309,"date":"2026-04-30T15:30:22","date_gmt":"2026-04-30T12:30:22","guid":{"rendered":"https:\/\/izglitiba.valmierasnovads.lv\/vss\/?p=1309"},"modified":"2026-04-30T15:30:22","modified_gmt":"2026-04-30T12:30:22","slug":"bernu-zurija-2025","status":"publish","type":"post","link":"https:\/\/izglitiba.valmierasnovads.lv\/vss\/2026\/04\/30\/bernu-zurija-2025\/","title":{"rendered":"B\u0113rnu \u017e\u016brija \u2013 2025"},"content":{"rendered":"\n<p>Jau tradicion\u0101li Valmieras s\u0101kumskolas skol\u0113ni ik gadus piedal\u0101s LNB las\u012b\u0161anas veicin\u0101\u0161anas programm\u0101 \u201cB\u0113rnu, jaunie\u0161u un vec\u0101ku \u017e\u016brija\u201d. M\u016bsu skolas skol\u0113ni bija to 23300 las\u012bt\u0101ju skait\u0101, kas \u0161ogad v\u0113rt\u0113ja kolekcijas gr\u0101matas da\u017e\u0101d\u0101s vecuma grup\u0101s (7+, 9+, 11+). Katr\u0101 vecuma grup\u0101 bija j\u0101v\u0113rt\u0113 5 gr\u0101matas. \u0160\u0137iet, pavisam neliels skaits gr\u0101matu, kas j\u0101izlasa pusgada garum\u0101, ta\u010du daudziem entuziastiem nepietika paciet\u012bbas, laika vai gribassp\u0113ka iztur\u0113t \u0161o gr\u0101matu las\u012b\u0161anas maratonu. Septembr\u012b krietni vair\u0101k bija to, kas pieteic\u0101s las\u012bt, bet l\u012bdz v\u0113rt\u0113\u0161anai un anketas aizpild\u012b\u0161anai tika&nbsp; vien 41 individu\u0101lais las\u012bt\u0101js un 1.d klase. T\u0101pat k\u0101 citus gadus, ar\u012b \u0161ogad programm\u0101 tika pied\u0101v\u0101tas gan latvie\u0161u autoru gr\u0101matas , gan tulkot\u0101 literat\u016bra, pavisam kolekcij\u0101 kopum\u0101 bija las\u0101mas 29 gr\u0101matas.<\/p>\n\n\n\n<p>BJV\u017d balvi\u0146as par c\u012bt\u012bgu gr\u0101matu las\u012b\u0161anu un v\u0113rt\u0113\u0161anu \u0161ogad nopeln\u012bju\u0161i:<\/p>\n\n\n\n<p>Kate Gr\u012bnberga, Estere D\u017eila P\u0113tersone (1.a), Adrija Aps\u012bte, Am\u0113lija Indrika, Anna Kauce, Anna V\u0113ji\u0146a \u2013 (1.b), Eleonora Everte, Matilde Em\u012blija \u0100dmine, Paul\u012bne Pumpuri\u0146a (1.c), Elizabete Sij\u0101te (2.a), Lauma Kr\u016bzenberga, R\u016bta Rubene, Kar\u012bna Semjonova (2.d), Madara Cinate (3.b), Una Meir\u0101ne, Em\u012blija Aps\u012bte (3.c), Keitija Fr\u0113liha, Loreta R\u016bta Miru\u0161kina (3.d), Alma Kate V\u012ble, Merilina Bela\u0161ova, Estere Es\u012bte, El\u012bna \u0100boli\u0146a (4.a), Patr\u012bcija Asar\u012bte, Karl\u012bna Marta N\u012bgale , Maija P\u0101rupe (4.c), Nora Dzvinko, Be\u0101te Rode, Irbe Katana (4.d), Mia Alaia \u0160\u013civka, Sofija \u017denti\u0146a (5.b), Kl\u0101vs D\u016bnis, Rodrigo Maksimus Karols, Ter\u0113ze prilule, Hanna Sevele (5.c), Let\u012bcija Alma V\u012bksna, Daina Dzvinko, Ronalds Bebr\u012btis, Rebeka Broka (6.a), Rota \u0136ibere, D\u0101rta Ludriksone( 6.b), Roberts Birks (6.c) un visa 1.d klase (sk. Helga Mez\u012bte).<\/p>\n\n\n\n<p>21.mart\u0101 uz Lielo Las\u012b\u0161anas sv\u0113tku svin\u012bgo nosl\u0113guma pas\u0101kumu LNB Ziedo\u0146a z\u0101l\u0113 no m\u016bsu kupl\u0101 las\u012bt\u0101ju pulka \u0161oreiz dev\u0101s Maija P\u0101rupe un Rodrigo Maksimus Karols, kas iepazin\u0101s gan ar pa\u0161u bibliot\u0113ku, t\u0101s z\u0101l\u0113m un kr\u0101jumu, gan izbaud\u012bja nosl\u0113guma pas\u0101kuma koncertu.<\/p>\n\n\n\n<p><a href=\"https:\/\/izglitiba.valmierasnovads.lv\/vss\/galery\/bernu-zurija\/\" id=\"1244\">Galerija<\/a><\/p>\n","protected":false},"excerpt":{"rendered":"<p>Jau tradicion\u0101li Valmieras s\u0101kumskolas skol\u0113ni ik gadus piedal\u0101s LNB las\u012b\u0161anas veicin\u0101\u0161anas programm\u0101 \u201cB\u0113rnu, jaunie\u0161u un vec\u0101ku \u017e\u016brija\u201d. M\u016bsu skolas skol\u0113ni [&hellip;]<\/p>\n","protected":false},"author":27,"featured_media":1312,"comment_status":"closed","ping_status":"closed","sticky":false,"template":"","format":"standard","meta":{"_acf_changed":false,"site-sidebar-layout":"default","site-content-layout":"","ast-site-content-layout":"default","site-content-style":"default","site-sidebar-style":"default","ast-global-header-display":"","ast-banner-title-visibility":"","ast-main-header-display":"","ast-hfb-above-header-display":"","ast-hfb-below-header-display":"","ast-hfb-mobile-header-display":"","site-post-title":"","ast-breadcrumbs-content":"","ast-featured-img":"","footer-sml-layout":"","ast-disable-related-posts":"","theme-transparent-header-meta":"","adv-header-id-meta":"","stick-header-meta":"","header-above-stick-meta":"","header-main-stick-meta":"","header-below-stick-meta":"","astra-migrate-meta-layouts":"default","ast-page-background-enabled":"default","ast-page-background-meta":{"desktop":{"background-color":"var(--ast-global-color-5)","background-image":"","background-repeat":"repeat","background-position":"center center","background-size":"auto","background-attachment":"scroll","background-type":"","background-media":"","overlay-type":"","overlay-color":"","overlay-opacity":"","overlay-gradient":""},"tablet":{"background-color":"","background-image":"","background-repeat":"repeat","background-position":"center center","background-size":"auto","background-attachment":"scroll","background-type":"","background-media":"","overlay-type":"","overlay-color":"","overlay-opacity":"","overlay-gradient":""},"mobile":{"background-color":"","background-image":"","background-repeat":"repeat","background-position":"center center","background-size":"auto","background-attachment":"scroll","background-type":"","background-media":"","overlay-type":"","overlay-color":"","overlay-opacity":"","overlay-gradient":""}},"ast-content-background-meta":{"desktop":{"background-color":"var(--ast-global-color-4)","background-image":"","background-repeat":"repeat","background-position":"center center","background-size":"auto","background-attachment":"scroll","background-type":"","background-media":"","overlay-type":"","overlay-color":"","overlay-opacity":"","overlay-gradient":""},"tablet":{"background-color":"var(--ast-global-color-4)","background-image":"","background-repeat":"repeat","background-position":"center center","background-size":"auto","background-attachment":"scroll","background-type":"","background-media":"","overlay-type":"","overlay-color":"","overlay-opacity":"","overlay-gradient":""},"mobile":{"background-color":"var(--ast-global-color-4)","background-image":"","background-repeat":"repeat","background-position":"center center","background-size":"auto","background-attachment":"scroll","background-type":"","background-media":"","overlay-type":"","overlay-color":"","overlay-opacity":"","overlay-gradient":""}},"footnotes":""},"categories":[21,43],"tags":[],"class_list":["post-1309","post","type-post","status-publish","format-standard","has-post-thumbnail","hentry","category-biblioteka","category-lasisanas-veicinasana"],"acf":[],"yoast_head":"<!-- This site is optimized with the Yoast SEO plugin v27.0 - https:\/\/yoast.com\/product\/yoast-seo-wordpress\/ -->\n<title>B\u0113rnu \u017e\u016brija \u2013 2025 - Valmieras s\u0101kumskola<\/title>\n<meta name=\"robots\" content=\"index, follow, max-snippet:-1, max-image-preview:large, max-video-preview:-1\" \/>\n<link rel=\"canonical\" href=\"https:\/\/izglitiba.valmierasnovads.lv\/vss\/2026\/04\/30\/bernu-zurija-2025\/\" \/>\n<meta property=\"og:locale\" content=\"lv_LV\" \/>\n<meta property=\"og:type\" content=\"article\" \/>\n<meta property=\"og:title\" content=\"B\u0113rnu \u017e\u016brija \u2013 2025 - Valmieras s\u0101kumskola\" \/>\n<meta property=\"og:description\" content=\"Jau tradicion\u0101li Valmieras s\u0101kumskolas skol\u0113ni ik gadus piedal\u0101s LNB las\u012b\u0161anas veicin\u0101\u0161anas programm\u0101 \u201cB\u0113rnu, jaunie\u0161u un vec\u0101ku \u017e\u016brija\u201d. M\u016bsu skolas skol\u0113ni [&hellip;]\" \/>\n<meta property=\"og:url\" content=\"https:\/\/izglitiba.valmierasnovads.lv\/vss\/2026\/04\/30\/bernu-zurija-2025\/\" \/>\n<meta property=\"og:site_name\" content=\"Valmieras s\u0101kumskola\" \/>\n<meta property=\"article:published_time\" content=\"2026-04-30T12:30:22+00:00\" \/>\n<meta property=\"og:image\" content=\"https:\/\/izglitiba.valmierasnovads.lv\/vss\/wp-content\/uploads\/sites\/25\/2026\/04\/WhatsApp-Image-2026-04-07-e1777552149997.jpeg\" \/>\n\t<meta property=\"og:image:width\" content=\"1600\" \/>\n\t<meta property=\"og:image:height\" content=\"1125\" \/>\n\t<meta property=\"og:image:type\" content=\"image\/jpeg\" \/>\n<meta name=\"author\" content=\"signejanelsina\" \/>\n<meta name=\"twitter:card\" content=\"summary_large_image\" \/>\n<meta name=\"twitter:label1\" content=\"Written by\" \/>\n\t<meta name=\"twitter:data1\" content=\"signejanelsina\" \/>\n\t<meta name=\"twitter:label2\" content=\"Est. reading time\" \/>\n\t<meta name=\"twitter:data2\" content=\"2 min\u016btes\" \/>\n<script type=\"application\/ld+json\" class=\"yoast-schema-graph\">{\"@context\":\"https:\/\/schema.org\",\"@graph\":[{\"@type\":\"Article\",\"@id\":\"https:\/\/izglitiba.valmierasnovads.lv\/vss\/2026\/04\/30\/bernu-zurija-2025\/#article\",\"isPartOf\":{\"@id\":\"https:\/\/izglitiba.valmierasnovads.lv\/vss\/2026\/04\/30\/bernu-zurija-2025\/\"},\"author\":{\"name\":\"signejanelsina\",\"@id\":\"https:\/\/izglitiba.valmierasnovads.lv\/vss\/#\/schema\/person\/7db3ab1cd52a74912ec3af1b4a809e70\"},\"headline\":\"B\u0113rnu \u017e\u016brija \u2013 2025\",\"datePublished\":\"2026-04-30T12:30:22+00:00\",\"mainEntityOfPage\":{\"@id\":\"https:\/\/izglitiba.valmierasnovads.lv\/vss\/2026\/04\/30\/bernu-zurija-2025\/\"},\"wordCount\":389,\"publisher\":{\"@id\":\"https:\/\/izglitiba.valmierasnovads.lv\/vss\/#organization\"},\"image\":{\"@id\":\"https:\/\/izglitiba.valmierasnovads.lv\/vss\/2026\/04\/30\/bernu-zurija-2025\/#primaryimage\"},\"thumbnailUrl\":\"https:\/\/izglitiba.valmierasnovads.lv\/vss\/wp-content\/uploads\/sites\/25\/2026\/04\/WhatsApp-Image-2026-04-07-e1777552149997.jpeg\",\"articleSection\":[\"Bibliot\u0113ka\",\"Las\u012b\u0161anas veicin\u0101\u0161ana\"],\"inLanguage\":\"lv-LV\"},{\"@type\":\"WebPage\",\"@id\":\"https:\/\/izglitiba.valmierasnovads.lv\/vss\/2026\/04\/30\/bernu-zurija-2025\/\",\"url\":\"https:\/\/izglitiba.valmierasnovads.lv\/vss\/2026\/04\/30\/bernu-zurija-2025\/\",\"name\":\"B\u0113rnu \u017e\u016brija \u2013 2025 - Valmieras s\u0101kumskola\",\"isPartOf\":{\"@id\":\"https:\/\/izglitiba.valmierasnovads.lv\/vss\/#website\"},\"primaryImageOfPage\":{\"@id\":\"https:\/\/izglitiba.valmierasnovads.lv\/vss\/2026\/04\/30\/bernu-zurija-2025\/#primaryimage\"},\"image\":{\"@id\":\"https:\/\/izglitiba.valmierasnovads.lv\/vss\/2026\/04\/30\/bernu-zurija-2025\/#primaryimage\"},\"thumbnailUrl\":\"https:\/\/izglitiba.valmierasnovads.lv\/vss\/wp-content\/uploads\/sites\/25\/2026\/04\/WhatsApp-Image-2026-04-07-e1777552149997.jpeg\",\"datePublished\":\"2026-04-30T12:30:22+00:00\",\"breadcrumb\":{\"@id\":\"https:\/\/izglitiba.valmierasnovads.lv\/vss\/2026\/04\/30\/bernu-zurija-2025\/#breadcrumb\"},\"inLanguage\":\"lv-LV\",\"potentialAction\":[{\"@type\":\"ReadAction\",\"target\":[\"https:\/\/izglitiba.valmierasnovads.lv\/vss\/2026\/04\/30\/bernu-zurija-2025\/\"]}]},{\"@type\":\"ImageObject\",\"inLanguage\":\"lv-LV\",\"@id\":\"https:\/\/izglitiba.valmierasnovads.lv\/vss\/2026\/04\/30\/bernu-zurija-2025\/#primaryimage\",\"url\":\"https:\/\/izglitiba.valmierasnovads.lv\/vss\/wp-content\/uploads\/sites\/25\/2026\/04\/WhatsApp-Image-2026-04-07-e1777552149997.jpeg\",\"contentUrl\":\"https:\/\/izglitiba.valmierasnovads.lv\/vss\/wp-content\/uploads\/sites\/25\/2026\/04\/WhatsApp-Image-2026-04-07-e1777552149997.jpeg\",\"width\":1600,\"height\":1125},{\"@type\":\"BreadcrumbList\",\"@id\":\"https:\/\/izglitiba.valmierasnovads.lv\/vss\/2026\/04\/30\/bernu-zurija-2025\/#breadcrumb\",\"itemListElement\":[{\"@type\":\"ListItem\",\"position\":1,\"name\":\"Home\",\"item\":\"https:\/\/izglitiba.valmierasnovads.lv\/vss\/\"},{\"@type\":\"ListItem\",\"position\":2,\"name\":\"B\u0113rnu \u017e\u016brija \u2013 2025\"}]},{\"@type\":\"WebSite\",\"@id\":\"https:\/\/izglitiba.valmierasnovads.lv\/vss\/#website\",\"url\":\"https:\/\/izglitiba.valmierasnovads.lv\/vss\/\",\"name\":\"Valmieras s\u0101kumskola\",\"description\":\"M\u0101c\u0101mies darot\",\"publisher\":{\"@id\":\"https:\/\/izglitiba.valmierasnovads.lv\/vss\/#organization\"},\"potentialAction\":[{\"@type\":\"SearchAction\",\"target\":{\"@type\":\"EntryPoint\",\"urlTemplate\":\"https:\/\/izglitiba.valmierasnovads.lv\/vss\/?s={search_term_string}\"},\"query-input\":{\"@type\":\"PropertyValueSpecification\",\"valueRequired\":true,\"valueName\":\"search_term_string\"}}],\"inLanguage\":\"lv-LV\"},{\"@type\":\"Organization\",\"@id\":\"https:\/\/izglitiba.valmierasnovads.lv\/vss\/#organization\",\"name\":\"Valmieras s\u0101kumskola\",\"url\":\"https:\/\/izglitiba.valmierasnovads.lv\/vss\/\",\"logo\":{\"@type\":\"ImageObject\",\"inLanguage\":\"lv-LV\",\"@id\":\"https:\/\/izglitiba.valmierasnovads.lv\/vss\/#\/schema\/logo\/image\/\",\"url\":\"https:\/\/izglitiba.valmierasnovads.lv\/vss\/wp-content\/uploads\/sites\/25\/2026\/03\/cropped-Komplekta-ar-pasu-logo-scaled-1.png\",\"contentUrl\":\"https:\/\/izglitiba.valmierasnovads.lv\/vss\/wp-content\/uploads\/sites\/25\/2026\/03\/cropped-Komplekta-ar-pasu-logo-scaled-1.png\",\"width\":1480,\"height\":405,\"caption\":\"Valmieras s\u0101kumskola\"},\"image\":{\"@id\":\"https:\/\/izglitiba.valmierasnovads.lv\/vss\/#\/schema\/logo\/image\/\"}},{\"@type\":\"Person\",\"@id\":\"https:\/\/izglitiba.valmierasnovads.lv\/vss\/#\/schema\/person\/7db3ab1cd52a74912ec3af1b4a809e70\",\"name\":\"signejanelsina\",\"image\":{\"@type\":\"ImageObject\",\"inLanguage\":\"lv-LV\",\"@id\":\"https:\/\/izglitiba.valmierasnovads.lv\/vss\/#\/schema\/person\/image\/\",\"url\":\"https:\/\/secure.gravatar.com\/avatar\/c7668b65160dc3cbb7fcdeb000e5a2618038ecc75cddb640e0ce8931593ba9e7?s=96&d=mm&r=g\",\"contentUrl\":\"https:\/\/secure.gravatar.com\/avatar\/c7668b65160dc3cbb7fcdeb000e5a2618038ecc75cddb640e0ce8931593ba9e7?s=96&d=mm&r=g\",\"caption\":\"signejanelsina\"},\"url\":\"https:\/\/izglitiba.valmierasnovads.lv\/vss\/author\/signejanelsina\/\"}]}<\/script>\n<!-- \/ Yoast SEO plugin. -->","yoast_head_json":{"title":"B\u0113rnu \u017e\u016brija \u2013 2025 - Valmieras s\u0101kumskola","robots":{"index":"index","follow":"follow","max-snippet":"max-snippet:-1","max-image-preview":"max-image-preview:large","max-video-preview":"max-video-preview:-1"},"canonical":"https:\/\/izglitiba.valmierasnovads.lv\/vss\/2026\/04\/30\/bernu-zurija-2025\/","og_locale":"lv_LV","og_type":"article","og_title":"B\u0113rnu \u017e\u016brija \u2013 2025 - Valmieras s\u0101kumskola","og_description":"Jau tradicion\u0101li Valmieras s\u0101kumskolas skol\u0113ni ik gadus piedal\u0101s LNB las\u012b\u0161anas veicin\u0101\u0161anas programm\u0101 \u201cB\u0113rnu, jaunie\u0161u un vec\u0101ku \u017e\u016brija\u201d. M\u016bsu skolas skol\u0113ni [&hellip;]","og_url":"https:\/\/izglitiba.valmierasnovads.lv\/vss\/2026\/04\/30\/bernu-zurija-2025\/","og_site_name":"Valmieras s\u0101kumskola","article_published_time":"2026-04-30T12:30:22+00:00","og_image":[{"width":1600,"height":1125,"url":"https:\/\/izglitiba.valmierasnovads.lv\/vss\/wp-content\/uploads\/sites\/25\/2026\/04\/WhatsApp-Image-2026-04-07-e1777552149997.jpeg","type":"image\/jpeg"}],"author":"signejanelsina","twitter_card":"summary_large_image","twitter_misc":{"Written by":"signejanelsina","Est. reading time":"2 min\u016btes"},"schema":{"@context":"https:\/\/schema.org","@graph":[{"@type":"Article","@id":"https:\/\/izglitiba.valmierasnovads.lv\/vss\/2026\/04\/30\/bernu-zurija-2025\/#article","isPartOf":{"@id":"https:\/\/izglitiba.valmierasnovads.lv\/vss\/2026\/04\/30\/bernu-zurija-2025\/"},"author":{"name":"signejanelsina","@id":"https:\/\/izglitiba.valmierasnovads.lv\/vss\/#\/schema\/person\/7db3ab1cd52a74912ec3af1b4a809e70"},"headline":"B\u0113rnu \u017e\u016brija \u2013 2025","datePublished":"2026-04-30T12:30:22+00:00","mainEntityOfPage":{"@id":"https:\/\/izglitiba.valmierasnovads.lv\/vss\/2026\/04\/30\/bernu-zurija-2025\/"},"wordCount":389,"publisher":{"@id":"https:\/\/izglitiba.valmierasnovads.lv\/vss\/#organization"},"image":{"@id":"https:\/\/izglitiba.valmierasnovads.lv\/vss\/2026\/04\/30\/bernu-zurija-2025\/#primaryimage"},"thumbnailUrl":"https:\/\/izglitiba.valmierasnovads.lv\/vss\/wp-content\/uploads\/sites\/25\/2026\/04\/WhatsApp-Image-2026-04-07-e1777552149997.jpeg","articleSection":["Bibliot\u0113ka","Las\u012b\u0161anas veicin\u0101\u0161ana"],"inLanguage":"lv-LV"},{"@type":"WebPage","@id":"https:\/\/izglitiba.valmierasnovads.lv\/vss\/2026\/04\/30\/bernu-zurija-2025\/","url":"https:\/\/izglitiba.valmierasnovads.lv\/vss\/2026\/04\/30\/bernu-zurija-2025\/","name":"B\u0113rnu \u017e\u016brija \u2013 2025 - Valmieras s\u0101kumskola","isPartOf":{"@id":"https:\/\/izglitiba.valmierasnovads.lv\/vss\/#website"},"primaryImageOfPage":{"@id":"https:\/\/izglitiba.valmierasnovads.lv\/vss\/2026\/04\/30\/bernu-zurija-2025\/#primaryimage"},"image":{"@id":"https:\/\/izglitiba.valmierasnovads.lv\/vss\/2026\/04\/30\/bernu-zurija-2025\/#primaryimage"},"thumbnailUrl":"https:\/\/izglitiba.valmierasnovads.lv\/vss\/wp-content\/uploads\/sites\/25\/2026\/04\/WhatsApp-Image-2026-04-07-e1777552149997.jpeg","datePublished":"2026-04-30T12:30:22+00:00","breadcrumb":{"@id":"https:\/\/izglitiba.valmierasnovads.lv\/vss\/2026\/04\/30\/bernu-zurija-2025\/#breadcrumb"},"inLanguage":"lv-LV","potentialAction":[{"@type":"ReadAction","target":["https:\/\/izglitiba.valmierasnovads.lv\/vss\/2026\/04\/30\/bernu-zurija-2025\/"]}]},{"@type":"ImageObject","inLanguage":"lv-LV","@id":"https:\/\/izglitiba.valmierasnovads.lv\/vss\/2026\/04\/30\/bernu-zurija-2025\/#primaryimage","url":"https:\/\/izglitiba.valmierasnovads.lv\/vss\/wp-content\/uploads\/sites\/25\/2026\/04\/WhatsApp-Image-2026-04-07-e1777552149997.jpeg","contentUrl":"https:\/\/izglitiba.valmierasnovads.lv\/vss\/wp-content\/uploads\/sites\/25\/2026\/04\/WhatsApp-Image-2026-04-07-e1777552149997.jpeg","width":1600,"height":1125},{"@type":"BreadcrumbList","@id":"https:\/\/izglitiba.valmierasnovads.lv\/vss\/2026\/04\/30\/bernu-zurija-2025\/#breadcrumb","itemListElement":[{"@type":"ListItem","position":1,"name":"Home","item":"https:\/\/izglitiba.valmierasnovads.lv\/vss\/"},{"@type":"ListItem","position":2,"name":"B\u0113rnu \u017e\u016brija \u2013 2025"}]},{"@type":"WebSite","@id":"https:\/\/izglitiba.valmierasnovads.lv\/vss\/#website","url":"https:\/\/izglitiba.valmierasnovads.lv\/vss\/","name":"Valmieras s\u0101kumskola","description":"M\u0101c\u0101mies darot","publisher":{"@id":"https:\/\/izglitiba.valmierasnovads.lv\/vss\/#organization"},"potentialAction":[{"@type":"SearchAction","target":{"@type":"EntryPoint","urlTemplate":"https:\/\/izglitiba.valmierasnovads.lv\/vss\/?s={search_term_string}"},"query-input":{"@type":"PropertyValueSpecification","valueRequired":true,"valueName":"search_term_string"}}],"inLanguage":"lv-LV"},{"@type":"Organization","@id":"https:\/\/izglitiba.valmierasnovads.lv\/vss\/#organization","name":"Valmieras s\u0101kumskola","url":"https:\/\/izglitiba.valmierasnovads.lv\/vss\/","logo":{"@type":"ImageObject","inLanguage":"lv-LV","@id":"https:\/\/izglitiba.valmierasnovads.lv\/vss\/#\/schema\/logo\/image\/","url":"https:\/\/izglitiba.valmierasnovads.lv\/vss\/wp-content\/uploads\/sites\/25\/2026\/03\/cropped-Komplekta-ar-pasu-logo-scaled-1.png","contentUrl":"https:\/\/izglitiba.valmierasnovads.lv\/vss\/wp-content\/uploads\/sites\/25\/2026\/03\/cropped-Komplekta-ar-pasu-logo-scaled-1.png","width":1480,"height":405,"caption":"Valmieras s\u0101kumskola"},"image":{"@id":"https:\/\/izglitiba.valmierasnovads.lv\/vss\/#\/schema\/logo\/image\/"}},{"@type":"Person","@id":"https:\/\/izglitiba.valmierasnovads.lv\/vss\/#\/schema\/person\/7db3ab1cd52a74912ec3af1b4a809e70","name":"signejanelsina","image":{"@type":"ImageObject","inLanguage":"lv-LV","@id":"https:\/\/izglitiba.valmierasnovads.lv\/vss\/#\/schema\/person\/image\/","url":"https:\/\/secure.gravatar.com\/avatar\/c7668b65160dc3cbb7fcdeb000e5a2618038ecc75cddb640e0ce8931593ba9e7?s=96&d=mm&r=g","contentUrl":"https:\/\/secure.gravatar.com\/avatar\/c7668b65160dc3cbb7fcdeb000e5a2618038ecc75cddb640e0ce8931593ba9e7?s=96&d=mm&r=g","caption":"signejanelsina"},"url":"https:\/\/izglitiba.valmierasnovads.lv\/vss\/author\/signejanelsina\/"}]}},"_links":{"self":[{"href":"https:\/\/izglitiba.valmierasnovads.lv\/vss\/wp-json\/wp\/v2\/posts\/1309","targetHints":{"allow":["GET"]}}],"collection":[{"href":"https:\/\/izglitiba.valmierasnovads.lv\/vss\/wp-json\/wp\/v2\/posts"}],"about":[{"href":"https:\/\/izglitiba.valmierasnovads.lv\/vss\/wp-json\/wp\/v2\/types\/post"}],"author":[{"embeddable":true,"href":"https:\/\/izglitiba.valmierasnovads.lv\/vss\/wp-json\/wp\/v2\/users\/27"}],"replies":[{"embeddable":true,"href":"https:\/\/izglitiba.valmierasnovads.lv\/vss\/wp-json\/wp\/v2\/comments?post=1309"}],"version-history":[{"count":1,"href":"https:\/\/izglitiba.valmierasnovads.lv\/vss\/wp-json\/wp\/v2\/posts\/1309\/revisions"}],"predecessor-version":[{"id":1313,"href":"https:\/\/izglitiba.valmierasnovads.lv\/vss\/wp-json\/wp\/v2\/posts\/1309\/revisions\/1313"}],"wp:featuredmedia":[{"embeddable":true,"href":"https:\/\/izglitiba.valmierasnovads.lv\/vss\/wp-json\/wp\/v2\/media\/1312"}],"wp:attachment":[{"href":"https:\/\/izglitiba.valmierasnovads.lv\/vss\/wp-json\/wp\/v2\/media?parent=1309"}],"wp:term":[{"taxonomy":"category","embeddable":true,"href":"https:\/\/izglitiba.valmierasnovads.lv\/vss\/wp-json\/wp\/v2\/categories?post=1309"},{"taxonomy":"post_tag","embeddable":true,"href":"https:\/\/izglitiba.valmierasnovads.lv\/vss\/wp-json\/wp\/v2\/tags?post=1309"}],"curies":[{"name":"wp","href":"https:\/\/api.w.org\/{rel}","templated":true}]}}