{"id":1314,"date":"2026-04-30T15:34:18","date_gmt":"2026-04-30T12:34:18","guid":{"rendered":"https:\/\/izglitiba.valmierasnovads.lv\/vss\/?p=1314"},"modified":"2026-04-30T15:34:18","modified_gmt":"2026-04-30T12:34:18","slug":"lasisanas-fotokonkurss-finisejis","status":"publish","type":"post","link":"https:\/\/izglitiba.valmierasnovads.lv\/vss\/2026\/04\/30\/lasisanas-fotokonkurss-finisejis\/","title":{"rendered":"Las\u012b\u0161anas fotokonkurss fini\u0161\u0113jis"},"content":{"rendered":"\n<p>Visu janv\u0101ra un febru\u0101ra m\u0113nesi skolas bibliot\u0113k\u0101 1.-6.kla\u0161u skol\u0113ni tika aicin\u0101ti iesniegt savas fotokol\u0101\u017eas las\u012b\u0161anas fotokonkursam. J\u0101saka gan, ka \u0161o iesp\u0113ju- padal\u012bties ar saviem interesant\u0101kajiem foto mirk\u013ciem kop\u0101 ar gr\u0101matu -izmantoja tikai 17 skol\u0113ni. T\u0101p\u0113c tie\u0161\u0101m liels paldies atsauc\u012bgajiem las\u012bt\u0101jiem un ar\u012b vi\u0146u fotogr\u0101fiem, kuru fotokadri ir fiks\u0113ju\u0161i interesantus, atjaut\u012bgus, patie\u0161\u0101m jaukus las\u012b\u0161anas mirk\u013cus gan m\u0101j\u0101s, gan \u0101rpus t\u0101s, gan kop\u0101 ar k\u0101du \u0123imenes locekli, gan kop\u0101 ar saviem m\u012b\u013cdz\u012bvniekiem vai m\u012b\u013c\u0101ko rota\u013clietu.&nbsp; Patiess prieks par rado\u0161o pieeju konkursa idejai visu 17 autoru izpild\u012bjum\u0101!<\/p>\n\n\n\n<p>Un, l\u016bk, visi bil\u017eu autori, kuru darbi nu ir apskat\u0101mi skolas bibliot\u0113k\u0101 un kuri, protams, nopeln\u012bju\u0161i balvas par dal\u012bbu konkurs\u0101:<\/p>\n\n\n\n<p>Toms Leoke -3.c ( fotokol\u0101\u017eu ies\u016bt\u012bja jau 1. dien\u0101), Francis Blumbergs- 4.c, Teodors Blumbergs -2.b, Lauma Kr\u016bzenberga- 2.d, Loreta R\u016bta Miru\u0161kina- 3.d, Lote Nille 2.b, Kate Pi\u013cipoveca -2.a, Reinis Keziks -2.b (ies\u016bt\u012bja visvair\u0101k fotomirk\u013cu), Estere Es\u012bte -4.a,Tailers Rainers H\u016bbers -1.d, K\u0101rlis \u0100bele- 3.a, Leonora Varga- 2.b, Paula \u0160aic\u0101ne- 2.c, Paul\u012bne Pumpuri\u0146a -1.c, Be\u0101te Rode- 4.d, Alekss Dreimanis- 3.d, Ter\u0113ze Prikule -5.c.<\/p>\n\n\n\n<p>\u017d\u0113l, protams, ka daudzu ieinteres\u0113to s\u0101kotn\u0113jais entuziasms pamaz\u0101m aps\u012bka, bet, cerams, ka n\u0101ko\u0161aj\u0101 m\u0101c\u012bbu gad\u0101 jau k\u0101d\u0101 cit\u0101, ar gr\u0101mat\u0101m saist\u012bt\u0101, konkurs\u0101 aktivit\u0101te b\u016bs liel\u0101ka. Jo gr\u0101mata ta\u010du ir lielisks draugs vis\u0101s dz\u012bves situ\u0101cij\u0101s, ko nep\u0101rprotami apliecina ar\u012b \u0161\u012b konkursa dal\u012bbnieki.<\/p>\n","protected":false},"excerpt":{"rendered":"<p>Visu janv\u0101ra un febru\u0101ra m\u0113nesi skolas bibliot\u0113k\u0101 1.-6.kla\u0161u skol\u0113ni tika aicin\u0101ti iesniegt savas fotokol\u0101\u017eas las\u012b\u0161anas fotokonkursam. J\u0101saka gan, ka \u0161o [&hellip;]<\/p>\n","protected":false},"author":27,"featured_media":1315,"comment_status":"closed","ping_status":"closed","sticky":false,"template":"","format":"standard","meta":{"_acf_changed":false,"site-sidebar-layout":"default","site-content-layout":"","ast-site-content-layout":"default","site-content-style":"default","site-sidebar-style":"default","ast-global-header-display":"","ast-banner-title-visibility":"","ast-main-header-display":"","ast-hfb-above-header-display":"","ast-hfb-below-header-display":"","ast-hfb-mobile-header-display":"","site-post-title":"","ast-breadcrumbs-content":"","ast-featured-img":"","footer-sml-layout":"","ast-disable-related-posts":"","theme-transparent-header-meta":"","adv-header-id-meta":"","stick-header-meta":"","header-above-stick-meta":"","header-main-stick-meta":"","header-below-stick-meta":"","astra-migrate-meta-layouts":"default","ast-page-background-enabled":"default","ast-page-background-meta":{"desktop":{"background-color":"var(--ast-global-color-5)","background-image":"","background-repeat":"repeat","background-position":"center center","background-size":"auto","background-attachment":"scroll","background-type":"","background-media":"","overlay-type":"","overlay-color":"","overlay-opacity":"","overlay-gradient":""},"tablet":{"background-color":"","background-image":"","background-repeat":"repeat","background-position":"center center","background-size":"auto","background-attachment":"scroll","background-type":"","background-media":"","overlay-type":"","overlay-color":"","overlay-opacity":"","overlay-gradient":""},"mobile":{"background-color":"","background-image":"","background-repeat":"repeat","background-position":"center center","background-size":"auto","background-attachment":"scroll","background-type":"","background-media":"","overlay-type":"","overlay-color":"","overlay-opacity":"","overlay-gradient":""}},"ast-content-background-meta":{"desktop":{"background-color":"var(--ast-global-color-4)","background-image":"","background-repeat":"repeat","background-position":"center center","background-size":"auto","background-attachment":"scroll","background-type":"","background-media":"","overlay-type":"","overlay-color":"","overlay-opacity":"","overlay-gradient":""},"tablet":{"background-color":"var(--ast-global-color-4)","background-image":"","background-repeat":"repeat","background-position":"center center","background-size":"auto","background-attachment":"scroll","background-type":"","background-media":"","overlay-type":"","overlay-color":"","overlay-opacity":"","overlay-gradient":""},"mobile":{"background-color":"var(--ast-global-color-4)","background-image":"","background-repeat":"repeat","background-position":"center center","background-size":"auto","background-attachment":"scroll","background-type":"","background-media":"","overlay-type":"","overlay-color":"","overlay-opacity":"","overlay-gradient":""}},"footnotes":""},"categories":[21,43],"tags":[],"class_list":["post-1314","post","type-post","status-publish","format-standard","has-post-thumbnail","hentry","category-biblioteka","category-lasisanas-veicinasana"],"acf":[],"yoast_head":"<!-- This site is optimized with the Yoast SEO plugin v27.0 - https:\/\/yoast.com\/product\/yoast-seo-wordpress\/ -->\n<title>Las\u012b\u0161anas fotokonkurss fini\u0161\u0113jis - Valmieras s\u0101kumskola<\/title>\n<meta name=\"robots\" content=\"index, follow, max-snippet:-1, max-image-preview:large, max-video-preview:-1\" \/>\n<link rel=\"canonical\" href=\"https:\/\/izglitiba.valmierasnovads.lv\/vss\/2026\/04\/30\/lasisanas-fotokonkurss-finisejis\/\" \/>\n<meta property=\"og:locale\" content=\"lv_LV\" \/>\n<meta property=\"og:type\" content=\"article\" \/>\n<meta property=\"og:title\" content=\"Las\u012b\u0161anas fotokonkurss fini\u0161\u0113jis - Valmieras s\u0101kumskola\" \/>\n<meta property=\"og:description\" content=\"Visu janv\u0101ra un febru\u0101ra m\u0113nesi skolas bibliot\u0113k\u0101 1.-6.kla\u0161u skol\u0113ni tika aicin\u0101ti iesniegt savas fotokol\u0101\u017eas las\u012b\u0161anas fotokonkursam. J\u0101saka gan, ka \u0161o [&hellip;]\" \/>\n<meta property=\"og:url\" content=\"https:\/\/izglitiba.valmierasnovads.lv\/vss\/2026\/04\/30\/lasisanas-fotokonkurss-finisejis\/\" \/>\n<meta property=\"og:site_name\" content=\"Valmieras s\u0101kumskola\" \/>\n<meta property=\"article:published_time\" content=\"2026-04-30T12:34:18+00:00\" \/>\n<meta property=\"og:image\" content=\"https:\/\/izglitiba.valmierasnovads.lv\/vss\/wp-content\/uploads\/sites\/25\/2026\/04\/WhatsApp-Image-2026-04-07-1-e1777552432491.jpeg\" \/>\n\t<meta property=\"og:image:width\" content=\"1600\" \/>\n\t<meta property=\"og:image:height\" content=\"1125\" \/>\n\t<meta property=\"og:image:type\" content=\"image\/jpeg\" \/>\n<meta name=\"author\" content=\"signejanelsina\" \/>\n<meta name=\"twitter:card\" content=\"summary_large_image\" \/>\n<meta name=\"twitter:label1\" content=\"Written by\" \/>\n\t<meta name=\"twitter:data1\" content=\"signejanelsina\" \/>\n\t<meta name=\"twitter:label2\" content=\"Est. reading time\" \/>\n\t<meta name=\"twitter:data2\" content=\"2 min\u016btes\" \/>\n<script type=\"application\/ld+json\" class=\"yoast-schema-graph\">{\"@context\":\"https:\/\/schema.org\",\"@graph\":[{\"@type\":\"Article\",\"@id\":\"https:\/\/izglitiba.valmierasnovads.lv\/vss\/2026\/04\/30\/lasisanas-fotokonkurss-finisejis\/#article\",\"isPartOf\":{\"@id\":\"https:\/\/izglitiba.valmierasnovads.lv\/vss\/2026\/04\/30\/lasisanas-fotokonkurss-finisejis\/\"},\"author\":{\"name\":\"signejanelsina\",\"@id\":\"https:\/\/izglitiba.valmierasnovads.lv\/vss\/#\/schema\/person\/7db3ab1cd52a74912ec3af1b4a809e70\"},\"headline\":\"Las\u012b\u0161anas fotokonkurss fini\u0161\u0113jis\",\"datePublished\":\"2026-04-30T12:34:18+00:00\",\"mainEntityOfPage\":{\"@id\":\"https:\/\/izglitiba.valmierasnovads.lv\/vss\/2026\/04\/30\/lasisanas-fotokonkurss-finisejis\/\"},\"wordCount\":307,\"publisher\":{\"@id\":\"https:\/\/izglitiba.valmierasnovads.lv\/vss\/#organization\"},\"image\":{\"@id\":\"https:\/\/izglitiba.valmierasnovads.lv\/vss\/2026\/04\/30\/lasisanas-fotokonkurss-finisejis\/#primaryimage\"},\"thumbnailUrl\":\"https:\/\/izglitiba.valmierasnovads.lv\/vss\/wp-content\/uploads\/sites\/25\/2026\/04\/WhatsApp-Image-2026-04-07-1-e1777552432491.jpeg\",\"articleSection\":[\"Bibliot\u0113ka\",\"Las\u012b\u0161anas veicin\u0101\u0161ana\"],\"inLanguage\":\"lv-LV\"},{\"@type\":\"WebPage\",\"@id\":\"https:\/\/izglitiba.valmierasnovads.lv\/vss\/2026\/04\/30\/lasisanas-fotokonkurss-finisejis\/\",\"url\":\"https:\/\/izglitiba.valmierasnovads.lv\/vss\/2026\/04\/30\/lasisanas-fotokonkurss-finisejis\/\",\"name\":\"Las\u012b\u0161anas fotokonkurss fini\u0161\u0113jis - Valmieras s\u0101kumskola\",\"isPartOf\":{\"@id\":\"https:\/\/izglitiba.valmierasnovads.lv\/vss\/#website\"},\"primaryImageOfPage\":{\"@id\":\"https:\/\/izglitiba.valmierasnovads.lv\/vss\/2026\/04\/30\/lasisanas-fotokonkurss-finisejis\/#primaryimage\"},\"image\":{\"@id\":\"https:\/\/izglitiba.valmierasnovads.lv\/vss\/2026\/04\/30\/lasisanas-fotokonkurss-finisejis\/#primaryimage\"},\"thumbnailUrl\":\"https:\/\/izglitiba.valmierasnovads.lv\/vss\/wp-content\/uploads\/sites\/25\/2026\/04\/WhatsApp-Image-2026-04-07-1-e1777552432491.jpeg\",\"datePublished\":\"2026-04-30T12:34:18+00:00\",\"breadcrumb\":{\"@id\":\"https:\/\/izglitiba.valmierasnovads.lv\/vss\/2026\/04\/30\/lasisanas-fotokonkurss-finisejis\/#breadcrumb\"},\"inLanguage\":\"lv-LV\",\"potentialAction\":[{\"@type\":\"ReadAction\",\"target\":[\"https:\/\/izglitiba.valmierasnovads.lv\/vss\/2026\/04\/30\/lasisanas-fotokonkurss-finisejis\/\"]}]},{\"@type\":\"ImageObject\",\"inLanguage\":\"lv-LV\",\"@id\":\"https:\/\/izglitiba.valmierasnovads.lv\/vss\/2026\/04\/30\/lasisanas-fotokonkurss-finisejis\/#primaryimage\",\"url\":\"https:\/\/izglitiba.valmierasnovads.lv\/vss\/wp-content\/uploads\/sites\/25\/2026\/04\/WhatsApp-Image-2026-04-07-1-e1777552432491.jpeg\",\"contentUrl\":\"https:\/\/izglitiba.valmierasnovads.lv\/vss\/wp-content\/uploads\/sites\/25\/2026\/04\/WhatsApp-Image-2026-04-07-1-e1777552432491.jpeg\",\"width\":1600,\"height\":1125},{\"@type\":\"BreadcrumbList\",\"@id\":\"https:\/\/izglitiba.valmierasnovads.lv\/vss\/2026\/04\/30\/lasisanas-fotokonkurss-finisejis\/#breadcrumb\",\"itemListElement\":[{\"@type\":\"ListItem\",\"position\":1,\"name\":\"Home\",\"item\":\"https:\/\/izglitiba.valmierasnovads.lv\/vss\/\"},{\"@type\":\"ListItem\",\"position\":2,\"name\":\"Las\u012b\u0161anas fotokonkurss fini\u0161\u0113jis\"}]},{\"@type\":\"WebSite\",\"@id\":\"https:\/\/izglitiba.valmierasnovads.lv\/vss\/#website\",\"url\":\"https:\/\/izglitiba.valmierasnovads.lv\/vss\/\",\"name\":\"Valmieras s\u0101kumskola\",\"description\":\"M\u0101c\u0101mies darot\",\"publisher\":{\"@id\":\"https:\/\/izglitiba.valmierasnovads.lv\/vss\/#organization\"},\"potentialAction\":[{\"@type\":\"SearchAction\",\"target\":{\"@type\":\"EntryPoint\",\"urlTemplate\":\"https:\/\/izglitiba.valmierasnovads.lv\/vss\/?s={search_term_string}\"},\"query-input\":{\"@type\":\"PropertyValueSpecification\",\"valueRequired\":true,\"valueName\":\"search_term_string\"}}],\"inLanguage\":\"lv-LV\"},{\"@type\":\"Organization\",\"@id\":\"https:\/\/izglitiba.valmierasnovads.lv\/vss\/#organization\",\"name\":\"Valmieras s\u0101kumskola\",\"url\":\"https:\/\/izglitiba.valmierasnovads.lv\/vss\/\",\"logo\":{\"@type\":\"ImageObject\",\"inLanguage\":\"lv-LV\",\"@id\":\"https:\/\/izglitiba.valmierasnovads.lv\/vss\/#\/schema\/logo\/image\/\",\"url\":\"https:\/\/izglitiba.valmierasnovads.lv\/vss\/wp-content\/uploads\/sites\/25\/2026\/03\/cropped-Komplekta-ar-pasu-logo-scaled-1.png\",\"contentUrl\":\"https:\/\/izglitiba.valmierasnovads.lv\/vss\/wp-content\/uploads\/sites\/25\/2026\/03\/cropped-Komplekta-ar-pasu-logo-scaled-1.png\",\"width\":1480,\"height\":405,\"caption\":\"Valmieras s\u0101kumskola\"},\"image\":{\"@id\":\"https:\/\/izglitiba.valmierasnovads.lv\/vss\/#\/schema\/logo\/image\/\"}},{\"@type\":\"Person\",\"@id\":\"https:\/\/izglitiba.valmierasnovads.lv\/vss\/#\/schema\/person\/7db3ab1cd52a74912ec3af1b4a809e70\",\"name\":\"signejanelsina\",\"image\":{\"@type\":\"ImageObject\",\"inLanguage\":\"lv-LV\",\"@id\":\"https:\/\/izglitiba.valmierasnovads.lv\/vss\/#\/schema\/person\/image\/\",\"url\":\"https:\/\/secure.gravatar.com\/avatar\/c7668b65160dc3cbb7fcdeb000e5a2618038ecc75cddb640e0ce8931593ba9e7?s=96&d=mm&r=g\",\"contentUrl\":\"https:\/\/secure.gravatar.com\/avatar\/c7668b65160dc3cbb7fcdeb000e5a2618038ecc75cddb640e0ce8931593ba9e7?s=96&d=mm&r=g\",\"caption\":\"signejanelsina\"},\"url\":\"https:\/\/izglitiba.valmierasnovads.lv\/vss\/author\/signejanelsina\/\"}]}<\/script>\n<!-- \/ Yoast SEO plugin. -->","yoast_head_json":{"title":"Las\u012b\u0161anas fotokonkurss fini\u0161\u0113jis - Valmieras s\u0101kumskola","robots":{"index":"index","follow":"follow","max-snippet":"max-snippet:-1","max-image-preview":"max-image-preview:large","max-video-preview":"max-video-preview:-1"},"canonical":"https:\/\/izglitiba.valmierasnovads.lv\/vss\/2026\/04\/30\/lasisanas-fotokonkurss-finisejis\/","og_locale":"lv_LV","og_type":"article","og_title":"Las\u012b\u0161anas fotokonkurss fini\u0161\u0113jis - Valmieras s\u0101kumskola","og_description":"Visu janv\u0101ra un febru\u0101ra m\u0113nesi skolas bibliot\u0113k\u0101 1.-6.kla\u0161u skol\u0113ni tika aicin\u0101ti iesniegt savas fotokol\u0101\u017eas las\u012b\u0161anas fotokonkursam. J\u0101saka gan, ka \u0161o [&hellip;]","og_url":"https:\/\/izglitiba.valmierasnovads.lv\/vss\/2026\/04\/30\/lasisanas-fotokonkurss-finisejis\/","og_site_name":"Valmieras s\u0101kumskola","article_published_time":"2026-04-30T12:34:18+00:00","og_image":[{"width":1600,"height":1125,"url":"https:\/\/izglitiba.valmierasnovads.lv\/vss\/wp-content\/uploads\/sites\/25\/2026\/04\/WhatsApp-Image-2026-04-07-1-e1777552432491.jpeg","type":"image\/jpeg"}],"author":"signejanelsina","twitter_card":"summary_large_image","twitter_misc":{"Written by":"signejanelsina","Est. reading time":"2 min\u016btes"},"schema":{"@context":"https:\/\/schema.org","@graph":[{"@type":"Article","@id":"https:\/\/izglitiba.valmierasnovads.lv\/vss\/2026\/04\/30\/lasisanas-fotokonkurss-finisejis\/#article","isPartOf":{"@id":"https:\/\/izglitiba.valmierasnovads.lv\/vss\/2026\/04\/30\/lasisanas-fotokonkurss-finisejis\/"},"author":{"name":"signejanelsina","@id":"https:\/\/izglitiba.valmierasnovads.lv\/vss\/#\/schema\/person\/7db3ab1cd52a74912ec3af1b4a809e70"},"headline":"Las\u012b\u0161anas fotokonkurss fini\u0161\u0113jis","datePublished":"2026-04-30T12:34:18+00:00","mainEntityOfPage":{"@id":"https:\/\/izglitiba.valmierasnovads.lv\/vss\/2026\/04\/30\/lasisanas-fotokonkurss-finisejis\/"},"wordCount":307,"publisher":{"@id":"https:\/\/izglitiba.valmierasnovads.lv\/vss\/#organization"},"image":{"@id":"https:\/\/izglitiba.valmierasnovads.lv\/vss\/2026\/04\/30\/lasisanas-fotokonkurss-finisejis\/#primaryimage"},"thumbnailUrl":"https:\/\/izglitiba.valmierasnovads.lv\/vss\/wp-content\/uploads\/sites\/25\/2026\/04\/WhatsApp-Image-2026-04-07-1-e1777552432491.jpeg","articleSection":["Bibliot\u0113ka","Las\u012b\u0161anas veicin\u0101\u0161ana"],"inLanguage":"lv-LV"},{"@type":"WebPage","@id":"https:\/\/izglitiba.valmierasnovads.lv\/vss\/2026\/04\/30\/lasisanas-fotokonkurss-finisejis\/","url":"https:\/\/izglitiba.valmierasnovads.lv\/vss\/2026\/04\/30\/lasisanas-fotokonkurss-finisejis\/","name":"Las\u012b\u0161anas fotokonkurss fini\u0161\u0113jis - Valmieras s\u0101kumskola","isPartOf":{"@id":"https:\/\/izglitiba.valmierasnovads.lv\/vss\/#website"},"primaryImageOfPage":{"@id":"https:\/\/izglitiba.valmierasnovads.lv\/vss\/2026\/04\/30\/lasisanas-fotokonkurss-finisejis\/#primaryimage"},"image":{"@id":"https:\/\/izglitiba.valmierasnovads.lv\/vss\/2026\/04\/30\/lasisanas-fotokonkurss-finisejis\/#primaryimage"},"thumbnailUrl":"https:\/\/izglitiba.valmierasnovads.lv\/vss\/wp-content\/uploads\/sites\/25\/2026\/04\/WhatsApp-Image-2026-04-07-1-e1777552432491.jpeg","datePublished":"2026-04-30T12:34:18+00:00","breadcrumb":{"@id":"https:\/\/izglitiba.valmierasnovads.lv\/vss\/2026\/04\/30\/lasisanas-fotokonkurss-finisejis\/#breadcrumb"},"inLanguage":"lv-LV","potentialAction":[{"@type":"ReadAction","target":["https:\/\/izglitiba.valmierasnovads.lv\/vss\/2026\/04\/30\/lasisanas-fotokonkurss-finisejis\/"]}]},{"@type":"ImageObject","inLanguage":"lv-LV","@id":"https:\/\/izglitiba.valmierasnovads.lv\/vss\/2026\/04\/30\/lasisanas-fotokonkurss-finisejis\/#primaryimage","url":"https:\/\/izglitiba.valmierasnovads.lv\/vss\/wp-content\/uploads\/sites\/25\/2026\/04\/WhatsApp-Image-2026-04-07-1-e1777552432491.jpeg","contentUrl":"https:\/\/izglitiba.valmierasnovads.lv\/vss\/wp-content\/uploads\/sites\/25\/2026\/04\/WhatsApp-Image-2026-04-07-1-e1777552432491.jpeg","width":1600,"height":1125},{"@type":"BreadcrumbList","@id":"https:\/\/izglitiba.valmierasnovads.lv\/vss\/2026\/04\/30\/lasisanas-fotokonkurss-finisejis\/#breadcrumb","itemListElement":[{"@type":"ListItem","position":1,"name":"Home","item":"https:\/\/izglitiba.valmierasnovads.lv\/vss\/"},{"@type":"ListItem","position":2,"name":"Las\u012b\u0161anas fotokonkurss fini\u0161\u0113jis"}]},{"@type":"WebSite","@id":"https:\/\/izglitiba.valmierasnovads.lv\/vss\/#website","url":"https:\/\/izglitiba.valmierasnovads.lv\/vss\/","name":"Valmieras s\u0101kumskola","description":"M\u0101c\u0101mies darot","publisher":{"@id":"https:\/\/izglitiba.valmierasnovads.lv\/vss\/#organization"},"potentialAction":[{"@type":"SearchAction","target":{"@type":"EntryPoint","urlTemplate":"https:\/\/izglitiba.valmierasnovads.lv\/vss\/?s={search_term_string}"},"query-input":{"@type":"PropertyValueSpecification","valueRequired":true,"valueName":"search_term_string"}}],"inLanguage":"lv-LV"},{"@type":"Organization","@id":"https:\/\/izglitiba.valmierasnovads.lv\/vss\/#organization","name":"Valmieras s\u0101kumskola","url":"https:\/\/izglitiba.valmierasnovads.lv\/vss\/","logo":{"@type":"ImageObject","inLanguage":"lv-LV","@id":"https:\/\/izglitiba.valmierasnovads.lv\/vss\/#\/schema\/logo\/image\/","url":"https:\/\/izglitiba.valmierasnovads.lv\/vss\/wp-content\/uploads\/sites\/25\/2026\/03\/cropped-Komplekta-ar-pasu-logo-scaled-1.png","contentUrl":"https:\/\/izglitiba.valmierasnovads.lv\/vss\/wp-content\/uploads\/sites\/25\/2026\/03\/cropped-Komplekta-ar-pasu-logo-scaled-1.png","width":1480,"height":405,"caption":"Valmieras s\u0101kumskola"},"image":{"@id":"https:\/\/izglitiba.valmierasnovads.lv\/vss\/#\/schema\/logo\/image\/"}},{"@type":"Person","@id":"https:\/\/izglitiba.valmierasnovads.lv\/vss\/#\/schema\/person\/7db3ab1cd52a74912ec3af1b4a809e70","name":"signejanelsina","image":{"@type":"ImageObject","inLanguage":"lv-LV","@id":"https:\/\/izglitiba.valmierasnovads.lv\/vss\/#\/schema\/person\/image\/","url":"https:\/\/secure.gravatar.com\/avatar\/c7668b65160dc3cbb7fcdeb000e5a2618038ecc75cddb640e0ce8931593ba9e7?s=96&d=mm&r=g","contentUrl":"https:\/\/secure.gravatar.com\/avatar\/c7668b65160dc3cbb7fcdeb000e5a2618038ecc75cddb640e0ce8931593ba9e7?s=96&d=mm&r=g","caption":"signejanelsina"},"url":"https:\/\/izglitiba.valmierasnovads.lv\/vss\/author\/signejanelsina\/"}]}},"_links":{"self":[{"href":"https:\/\/izglitiba.valmierasnovads.lv\/vss\/wp-json\/wp\/v2\/posts\/1314","targetHints":{"allow":["GET"]}}],"collection":[{"href":"https:\/\/izglitiba.valmierasnovads.lv\/vss\/wp-json\/wp\/v2\/posts"}],"about":[{"href":"https:\/\/izglitiba.valmierasnovads.lv\/vss\/wp-json\/wp\/v2\/types\/post"}],"author":[{"embeddable":true,"href":"https:\/\/izglitiba.valmierasnovads.lv\/vss\/wp-json\/wp\/v2\/users\/27"}],"replies":[{"embeddable":true,"href":"https:\/\/izglitiba.valmierasnovads.lv\/vss\/wp-json\/wp\/v2\/comments?post=1314"}],"version-history":[{"count":1,"href":"https:\/\/izglitiba.valmierasnovads.lv\/vss\/wp-json\/wp\/v2\/posts\/1314\/revisions"}],"predecessor-version":[{"id":1316,"href":"https:\/\/izglitiba.valmierasnovads.lv\/vss\/wp-json\/wp\/v2\/posts\/1314\/revisions\/1316"}],"wp:featuredmedia":[{"embeddable":true,"href":"https:\/\/izglitiba.valmierasnovads.lv\/vss\/wp-json\/wp\/v2\/media\/1315"}],"wp:attachment":[{"href":"https:\/\/izglitiba.valmierasnovads.lv\/vss\/wp-json\/wp\/v2\/media?parent=1314"}],"wp:term":[{"taxonomy":"category","embeddable":true,"href":"https:\/\/izglitiba.valmierasnovads.lv\/vss\/wp-json\/wp\/v2\/categories?post=1314"},{"taxonomy":"post_tag","embeddable":true,"href":"https:\/\/izglitiba.valmierasnovads.lv\/vss\/wp-json\/wp\/v2\/tags?post=1314"}],"curies":[{"name":"wp","href":"https:\/\/api.w.org\/{rel}","templated":true}]}}