{"id":1327,"date":"2026-04-30T15:41:39","date_gmt":"2026-04-30T12:41:39","guid":{"rendered":"https:\/\/izglitiba.valmierasnovads.lv\/vss\/?p=1327"},"modified":"2026-04-30T15:41:39","modified_gmt":"2026-04-30T12:41:39","slug":"enu-diena","status":"publish","type":"post","link":"https:\/\/izglitiba.valmierasnovads.lv\/vss\/2026\/04\/30\/enu-diena\/","title":{"rendered":"\u0112nu diena"},"content":{"rendered":"\n<p>1.apr\u012bl\u012b \u0112nu dienas ietvaros 6.d klase dev\u0101s uz Valmieras tehnikumu, lai \u0113notu tehnikuma studentus. Sadal\u012bj\u0101mies grup\u0101s un dev\u0101mies uz klas\u0113m, lai v\u0113rotu m\u0101c\u012bbu procesu tr\u012bs da\u017e\u0101d\u0101s m\u0101c\u012bbu programm\u0101s. Mums bija iesp\u0113ja v\u0113rot mehatronikas nodarb\u012bbu gan m\u0101c\u012bbu klas\u0113, gan ar\u012b praktisku darbo\u0161anos laboratorij\u0101. Redz\u0113j\u0101m, k\u0101 no programmas dator\u0101 non\u0101k l\u012bdz re\u0101li izvirpotam \u0161aha kauli\u0146am. N\u0101kamaj\u0101 nodarb\u012bb\u0101 bij\u0101m m\u0101c\u012bbu virtuv\u0113, kur gan degust\u0113j\u0101m tehnikuma studentu veidotu sal\u0101tu e\u013c\u013cu ar rukolas gar\u0161u, gan pa\u0161i pl\u0101noj\u0101m pusdienu \u0113dienu draugam. Tre\u0161aj\u0101 nodarb\u012bb\u0101 n\u0101c\u0101s pa\u0161iem sasl\u0113gt virknes sl\u0113gumu, lai iedegtu spuldz\u012bti. K\u0101 \u0137irs\u012btis uz k\u016bkas- darbo\u0161an\u0101s ar metin\u0101m\u0101s iek\u0101rtas simulatoru. Ikviens var\u0113ja iem\u0113\u0123in\u0101t roku metin\u0101t\u0101ja amat\u0101. Pirms do\u0161an\u0101s m\u0101jup v\u0113l izveidoj\u0101m sev gar\u0161vielu mais\u012bjumu vakari\u0146u \u0113dienam.<\/p>\n\n\n\n<p>Diena iespaidiem bag\u0101ta un piln\u012bb\u0101 izdevusies. Paldies Valmieras tehnikumam par doto iesp\u0113ju. Iesp\u0113jams, k\u0101ds no mums \u0161odien viesoj\u0101s sav\u0101 n\u0101kotnes izgl\u012bt\u012bbas iest\u0101d\u0113.<\/p>\n\n\n\n<p><a href=\"https:\/\/izglitiba.valmierasnovads.lv\/vss\/galery\/enu-diena-2026\/\" id=\"1248\">Galerija<\/a><\/p>\n","protected":false},"excerpt":{"rendered":"<p>1.apr\u012bl\u012b \u0112nu dienas ietvaros 6.d klase dev\u0101s uz Valmieras tehnikumu, lai \u0113notu tehnikuma studentus. Sadal\u012bj\u0101mies grup\u0101s un dev\u0101mies uz klas\u0113m, [&hellip;]<\/p>\n","protected":false},"author":27,"featured_media":1328,"comment_status":"closed","ping_status":"closed","sticky":false,"template":"","format":"standard","meta":{"_acf_changed":false,"site-sidebar-layout":"default","site-content-layout":"","ast-site-content-layout":"default","site-content-style":"default","site-sidebar-style":"default","ast-global-header-display":"","ast-banner-title-visibility":"","ast-main-header-display":"","ast-hfb-above-header-display":"","ast-hfb-below-header-display":"","ast-hfb-mobile-header-display":"","site-post-title":"","ast-breadcrumbs-content":"","ast-featured-img":"","footer-sml-layout":"","ast-disable-related-posts":"","theme-transparent-header-meta":"","adv-header-id-meta":"","stick-header-meta":"","header-above-stick-meta":"","header-main-stick-meta":"","header-below-stick-meta":"","astra-migrate-meta-layouts":"default","ast-page-background-enabled":"default","ast-page-background-meta":{"desktop":{"background-color":"var(--ast-global-color-5)","background-image":"","background-repeat":"repeat","background-position":"center center","background-size":"auto","background-attachment":"scroll","background-type":"","background-media":"","overlay-type":"","overlay-color":"","overlay-opacity":"","overlay-gradient":""},"tablet":{"background-color":"","background-image":"","background-repeat":"repeat","background-position":"center center","background-size":"auto","background-attachment":"scroll","background-type":"","background-media":"","overlay-type":"","overlay-color":"","overlay-opacity":"","overlay-gradient":""},"mobile":{"background-color":"","background-image":"","background-repeat":"repeat","background-position":"center center","background-size":"auto","background-attachment":"scroll","background-type":"","background-media":"","overlay-type":"","overlay-color":"","overlay-opacity":"","overlay-gradient":""}},"ast-content-background-meta":{"desktop":{"background-color":"var(--ast-global-color-4)","background-image":"","background-repeat":"repeat","background-position":"center center","background-size":"auto","background-attachment":"scroll","background-type":"","background-media":"","overlay-type":"","overlay-color":"","overlay-opacity":"","overlay-gradient":""},"tablet":{"background-color":"var(--ast-global-color-4)","background-image":"","background-repeat":"repeat","background-position":"center center","background-size":"auto","background-attachment":"scroll","background-type":"","background-media":"","overlay-type":"","overlay-color":"","overlay-opacity":"","overlay-gradient":""},"mobile":{"background-color":"var(--ast-global-color-4)","background-image":"","background-repeat":"repeat","background-position":"center center","background-size":"auto","background-attachment":"scroll","background-type":"","background-media":"","overlay-type":"","overlay-color":"","overlay-opacity":"","overlay-gradient":""}},"footnotes":""},"categories":[45],"tags":[],"class_list":["post-1327","post","type-post","status-publish","format-standard","has-post-thumbnail","hentry","category-karjera"],"acf":[],"yoast_head":"<!-- This site is optimized with the Yoast SEO plugin v27.0 - https:\/\/yoast.com\/product\/yoast-seo-wordpress\/ -->\n<title>\u0112nu diena - Valmieras s\u0101kumskola<\/title>\n<meta name=\"robots\" content=\"index, follow, max-snippet:-1, max-image-preview:large, max-video-preview:-1\" \/>\n<link rel=\"canonical\" href=\"https:\/\/izglitiba.valmierasnovads.lv\/vss\/2026\/04\/30\/enu-diena\/\" \/>\n<meta property=\"og:locale\" content=\"lv_LV\" \/>\n<meta property=\"og:type\" content=\"article\" \/>\n<meta property=\"og:title\" content=\"\u0112nu diena - Valmieras s\u0101kumskola\" \/>\n<meta property=\"og:description\" content=\"1.apr\u012bl\u012b \u0112nu dienas ietvaros 6.d klase dev\u0101s uz Valmieras tehnikumu, lai \u0113notu tehnikuma studentus. Sadal\u012bj\u0101mies grup\u0101s un dev\u0101mies uz klas\u0113m, [&hellip;]\" \/>\n<meta property=\"og:url\" content=\"https:\/\/izglitiba.valmierasnovads.lv\/vss\/2026\/04\/30\/enu-diena\/\" \/>\n<meta property=\"og:site_name\" content=\"Valmieras s\u0101kumskola\" \/>\n<meta property=\"article:published_time\" content=\"2026-04-30T12:41:39+00:00\" \/>\n<meta property=\"og:image\" content=\"https:\/\/izglitiba.valmierasnovads.lv\/vss\/wp-content\/uploads\/sites\/25\/2026\/04\/20260401_113240-1-scaled-e1777552863128.jpg\" \/>\n\t<meta property=\"og:image:width\" content=\"2560\" \/>\n\t<meta property=\"og:image:height\" content=\"1800\" \/>\n\t<meta property=\"og:image:type\" content=\"image\/jpeg\" \/>\n<meta name=\"author\" content=\"signejanelsina\" \/>\n<meta name=\"twitter:card\" content=\"summary_large_image\" \/>\n<meta name=\"twitter:label1\" content=\"Written by\" \/>\n\t<meta name=\"twitter:data1\" content=\"signejanelsina\" \/>\n\t<meta name=\"twitter:label2\" content=\"Est. reading time\" \/>\n\t<meta name=\"twitter:data2\" content=\"1 min\u016bte\" \/>\n<script type=\"application\/ld+json\" class=\"yoast-schema-graph\">{\"@context\":\"https:\/\/schema.org\",\"@graph\":[{\"@type\":\"Article\",\"@id\":\"https:\/\/izglitiba.valmierasnovads.lv\/vss\/2026\/04\/30\/enu-diena\/#article\",\"isPartOf\":{\"@id\":\"https:\/\/izglitiba.valmierasnovads.lv\/vss\/2026\/04\/30\/enu-diena\/\"},\"author\":{\"name\":\"signejanelsina\",\"@id\":\"https:\/\/izglitiba.valmierasnovads.lv\/vss\/#\/schema\/person\/7db3ab1cd52a74912ec3af1b4a809e70\"},\"headline\":\"\u0112nu diena\",\"datePublished\":\"2026-04-30T12:41:39+00:00\",\"mainEntityOfPage\":{\"@id\":\"https:\/\/izglitiba.valmierasnovads.lv\/vss\/2026\/04\/30\/enu-diena\/\"},\"wordCount\":214,\"publisher\":{\"@id\":\"https:\/\/izglitiba.valmierasnovads.lv\/vss\/#organization\"},\"image\":{\"@id\":\"https:\/\/izglitiba.valmierasnovads.lv\/vss\/2026\/04\/30\/enu-diena\/#primaryimage\"},\"thumbnailUrl\":\"https:\/\/izglitiba.valmierasnovads.lv\/vss\/wp-content\/uploads\/sites\/25\/2026\/04\/20260401_113240-1-scaled-e1777552863128.jpg\",\"articleSection\":[\"Karjera\"],\"inLanguage\":\"lv-LV\"},{\"@type\":\"WebPage\",\"@id\":\"https:\/\/izglitiba.valmierasnovads.lv\/vss\/2026\/04\/30\/enu-diena\/\",\"url\":\"https:\/\/izglitiba.valmierasnovads.lv\/vss\/2026\/04\/30\/enu-diena\/\",\"name\":\"\u0112nu diena - Valmieras s\u0101kumskola\",\"isPartOf\":{\"@id\":\"https:\/\/izglitiba.valmierasnovads.lv\/vss\/#website\"},\"primaryImageOfPage\":{\"@id\":\"https:\/\/izglitiba.valmierasnovads.lv\/vss\/2026\/04\/30\/enu-diena\/#primaryimage\"},\"image\":{\"@id\":\"https:\/\/izglitiba.valmierasnovads.lv\/vss\/2026\/04\/30\/enu-diena\/#primaryimage\"},\"thumbnailUrl\":\"https:\/\/izglitiba.valmierasnovads.lv\/vss\/wp-content\/uploads\/sites\/25\/2026\/04\/20260401_113240-1-scaled-e1777552863128.jpg\",\"datePublished\":\"2026-04-30T12:41:39+00:00\",\"breadcrumb\":{\"@id\":\"https:\/\/izglitiba.valmierasnovads.lv\/vss\/2026\/04\/30\/enu-diena\/#breadcrumb\"},\"inLanguage\":\"lv-LV\",\"potentialAction\":[{\"@type\":\"ReadAction\",\"target\":[\"https:\/\/izglitiba.valmierasnovads.lv\/vss\/2026\/04\/30\/enu-diena\/\"]}]},{\"@type\":\"ImageObject\",\"inLanguage\":\"lv-LV\",\"@id\":\"https:\/\/izglitiba.valmierasnovads.lv\/vss\/2026\/04\/30\/enu-diena\/#primaryimage\",\"url\":\"https:\/\/izglitiba.valmierasnovads.lv\/vss\/wp-content\/uploads\/sites\/25\/2026\/04\/20260401_113240-1-scaled-e1777552863128.jpg\",\"contentUrl\":\"https:\/\/izglitiba.valmierasnovads.lv\/vss\/wp-content\/uploads\/sites\/25\/2026\/04\/20260401_113240-1-scaled-e1777552863128.jpg\",\"width\":2560,\"height\":1800},{\"@type\":\"BreadcrumbList\",\"@id\":\"https:\/\/izglitiba.valmierasnovads.lv\/vss\/2026\/04\/30\/enu-diena\/#breadcrumb\",\"itemListElement\":[{\"@type\":\"ListItem\",\"position\":1,\"name\":\"Home\",\"item\":\"https:\/\/izglitiba.valmierasnovads.lv\/vss\/\"},{\"@type\":\"ListItem\",\"position\":2,\"name\":\"\u0112nu diena\"}]},{\"@type\":\"WebSite\",\"@id\":\"https:\/\/izglitiba.valmierasnovads.lv\/vss\/#website\",\"url\":\"https:\/\/izglitiba.valmierasnovads.lv\/vss\/\",\"name\":\"Valmieras s\u0101kumskola\",\"description\":\"M\u0101c\u0101mies darot\",\"publisher\":{\"@id\":\"https:\/\/izglitiba.valmierasnovads.lv\/vss\/#organization\"},\"potentialAction\":[{\"@type\":\"SearchAction\",\"target\":{\"@type\":\"EntryPoint\",\"urlTemplate\":\"https:\/\/izglitiba.valmierasnovads.lv\/vss\/?s={search_term_string}\"},\"query-input\":{\"@type\":\"PropertyValueSpecification\",\"valueRequired\":true,\"valueName\":\"search_term_string\"}}],\"inLanguage\":\"lv-LV\"},{\"@type\":\"Organization\",\"@id\":\"https:\/\/izglitiba.valmierasnovads.lv\/vss\/#organization\",\"name\":\"Valmieras s\u0101kumskola\",\"url\":\"https:\/\/izglitiba.valmierasnovads.lv\/vss\/\",\"logo\":{\"@type\":\"ImageObject\",\"inLanguage\":\"lv-LV\",\"@id\":\"https:\/\/izglitiba.valmierasnovads.lv\/vss\/#\/schema\/logo\/image\/\",\"url\":\"https:\/\/izglitiba.valmierasnovads.lv\/vss\/wp-content\/uploads\/sites\/25\/2026\/03\/cropped-Komplekta-ar-pasu-logo-scaled-1.png\",\"contentUrl\":\"https:\/\/izglitiba.valmierasnovads.lv\/vss\/wp-content\/uploads\/sites\/25\/2026\/03\/cropped-Komplekta-ar-pasu-logo-scaled-1.png\",\"width\":1480,\"height\":405,\"caption\":\"Valmieras s\u0101kumskola\"},\"image\":{\"@id\":\"https:\/\/izglitiba.valmierasnovads.lv\/vss\/#\/schema\/logo\/image\/\"}},{\"@type\":\"Person\",\"@id\":\"https:\/\/izglitiba.valmierasnovads.lv\/vss\/#\/schema\/person\/7db3ab1cd52a74912ec3af1b4a809e70\",\"name\":\"signejanelsina\",\"image\":{\"@type\":\"ImageObject\",\"inLanguage\":\"lv-LV\",\"@id\":\"https:\/\/izglitiba.valmierasnovads.lv\/vss\/#\/schema\/person\/image\/\",\"url\":\"https:\/\/secure.gravatar.com\/avatar\/c7668b65160dc3cbb7fcdeb000e5a2618038ecc75cddb640e0ce8931593ba9e7?s=96&d=mm&r=g\",\"contentUrl\":\"https:\/\/secure.gravatar.com\/avatar\/c7668b65160dc3cbb7fcdeb000e5a2618038ecc75cddb640e0ce8931593ba9e7?s=96&d=mm&r=g\",\"caption\":\"signejanelsina\"},\"url\":\"https:\/\/izglitiba.valmierasnovads.lv\/vss\/author\/signejanelsina\/\"}]}<\/script>\n<!-- \/ Yoast SEO plugin. -->","yoast_head_json":{"title":"\u0112nu diena - Valmieras s\u0101kumskola","robots":{"index":"index","follow":"follow","max-snippet":"max-snippet:-1","max-image-preview":"max-image-preview:large","max-video-preview":"max-video-preview:-1"},"canonical":"https:\/\/izglitiba.valmierasnovads.lv\/vss\/2026\/04\/30\/enu-diena\/","og_locale":"lv_LV","og_type":"article","og_title":"\u0112nu diena - Valmieras s\u0101kumskola","og_description":"1.apr\u012bl\u012b \u0112nu dienas ietvaros 6.d klase dev\u0101s uz Valmieras tehnikumu, lai \u0113notu tehnikuma studentus. Sadal\u012bj\u0101mies grup\u0101s un dev\u0101mies uz klas\u0113m, [&hellip;]","og_url":"https:\/\/izglitiba.valmierasnovads.lv\/vss\/2026\/04\/30\/enu-diena\/","og_site_name":"Valmieras s\u0101kumskola","article_published_time":"2026-04-30T12:41:39+00:00","og_image":[{"width":2560,"height":1800,"url":"https:\/\/izglitiba.valmierasnovads.lv\/vss\/wp-content\/uploads\/sites\/25\/2026\/04\/20260401_113240-1-scaled-e1777552863128.jpg","type":"image\/jpeg"}],"author":"signejanelsina","twitter_card":"summary_large_image","twitter_misc":{"Written by":"signejanelsina","Est. reading time":"1 min\u016bte"},"schema":{"@context":"https:\/\/schema.org","@graph":[{"@type":"Article","@id":"https:\/\/izglitiba.valmierasnovads.lv\/vss\/2026\/04\/30\/enu-diena\/#article","isPartOf":{"@id":"https:\/\/izglitiba.valmierasnovads.lv\/vss\/2026\/04\/30\/enu-diena\/"},"author":{"name":"signejanelsina","@id":"https:\/\/izglitiba.valmierasnovads.lv\/vss\/#\/schema\/person\/7db3ab1cd52a74912ec3af1b4a809e70"},"headline":"\u0112nu diena","datePublished":"2026-04-30T12:41:39+00:00","mainEntityOfPage":{"@id":"https:\/\/izglitiba.valmierasnovads.lv\/vss\/2026\/04\/30\/enu-diena\/"},"wordCount":214,"publisher":{"@id":"https:\/\/izglitiba.valmierasnovads.lv\/vss\/#organization"},"image":{"@id":"https:\/\/izglitiba.valmierasnovads.lv\/vss\/2026\/04\/30\/enu-diena\/#primaryimage"},"thumbnailUrl":"https:\/\/izglitiba.valmierasnovads.lv\/vss\/wp-content\/uploads\/sites\/25\/2026\/04\/20260401_113240-1-scaled-e1777552863128.jpg","articleSection":["Karjera"],"inLanguage":"lv-LV"},{"@type":"WebPage","@id":"https:\/\/izglitiba.valmierasnovads.lv\/vss\/2026\/04\/30\/enu-diena\/","url":"https:\/\/izglitiba.valmierasnovads.lv\/vss\/2026\/04\/30\/enu-diena\/","name":"\u0112nu diena - Valmieras s\u0101kumskola","isPartOf":{"@id":"https:\/\/izglitiba.valmierasnovads.lv\/vss\/#website"},"primaryImageOfPage":{"@id":"https:\/\/izglitiba.valmierasnovads.lv\/vss\/2026\/04\/30\/enu-diena\/#primaryimage"},"image":{"@id":"https:\/\/izglitiba.valmierasnovads.lv\/vss\/2026\/04\/30\/enu-diena\/#primaryimage"},"thumbnailUrl":"https:\/\/izglitiba.valmierasnovads.lv\/vss\/wp-content\/uploads\/sites\/25\/2026\/04\/20260401_113240-1-scaled-e1777552863128.jpg","datePublished":"2026-04-30T12:41:39+00:00","breadcrumb":{"@id":"https:\/\/izglitiba.valmierasnovads.lv\/vss\/2026\/04\/30\/enu-diena\/#breadcrumb"},"inLanguage":"lv-LV","potentialAction":[{"@type":"ReadAction","target":["https:\/\/izglitiba.valmierasnovads.lv\/vss\/2026\/04\/30\/enu-diena\/"]}]},{"@type":"ImageObject","inLanguage":"lv-LV","@id":"https:\/\/izglitiba.valmierasnovads.lv\/vss\/2026\/04\/30\/enu-diena\/#primaryimage","url":"https:\/\/izglitiba.valmierasnovads.lv\/vss\/wp-content\/uploads\/sites\/25\/2026\/04\/20260401_113240-1-scaled-e1777552863128.jpg","contentUrl":"https:\/\/izglitiba.valmierasnovads.lv\/vss\/wp-content\/uploads\/sites\/25\/2026\/04\/20260401_113240-1-scaled-e1777552863128.jpg","width":2560,"height":1800},{"@type":"BreadcrumbList","@id":"https:\/\/izglitiba.valmierasnovads.lv\/vss\/2026\/04\/30\/enu-diena\/#breadcrumb","itemListElement":[{"@type":"ListItem","position":1,"name":"Home","item":"https:\/\/izglitiba.valmierasnovads.lv\/vss\/"},{"@type":"ListItem","position":2,"name":"\u0112nu diena"}]},{"@type":"WebSite","@id":"https:\/\/izglitiba.valmierasnovads.lv\/vss\/#website","url":"https:\/\/izglitiba.valmierasnovads.lv\/vss\/","name":"Valmieras s\u0101kumskola","description":"M\u0101c\u0101mies darot","publisher":{"@id":"https:\/\/izglitiba.valmierasnovads.lv\/vss\/#organization"},"potentialAction":[{"@type":"SearchAction","target":{"@type":"EntryPoint","urlTemplate":"https:\/\/izglitiba.valmierasnovads.lv\/vss\/?s={search_term_string}"},"query-input":{"@type":"PropertyValueSpecification","valueRequired":true,"valueName":"search_term_string"}}],"inLanguage":"lv-LV"},{"@type":"Organization","@id":"https:\/\/izglitiba.valmierasnovads.lv\/vss\/#organization","name":"Valmieras s\u0101kumskola","url":"https:\/\/izglitiba.valmierasnovads.lv\/vss\/","logo":{"@type":"ImageObject","inLanguage":"lv-LV","@id":"https:\/\/izglitiba.valmierasnovads.lv\/vss\/#\/schema\/logo\/image\/","url":"https:\/\/izglitiba.valmierasnovads.lv\/vss\/wp-content\/uploads\/sites\/25\/2026\/03\/cropped-Komplekta-ar-pasu-logo-scaled-1.png","contentUrl":"https:\/\/izglitiba.valmierasnovads.lv\/vss\/wp-content\/uploads\/sites\/25\/2026\/03\/cropped-Komplekta-ar-pasu-logo-scaled-1.png","width":1480,"height":405,"caption":"Valmieras s\u0101kumskola"},"image":{"@id":"https:\/\/izglitiba.valmierasnovads.lv\/vss\/#\/schema\/logo\/image\/"}},{"@type":"Person","@id":"https:\/\/izglitiba.valmierasnovads.lv\/vss\/#\/schema\/person\/7db3ab1cd52a74912ec3af1b4a809e70","name":"signejanelsina","image":{"@type":"ImageObject","inLanguage":"lv-LV","@id":"https:\/\/izglitiba.valmierasnovads.lv\/vss\/#\/schema\/person\/image\/","url":"https:\/\/secure.gravatar.com\/avatar\/c7668b65160dc3cbb7fcdeb000e5a2618038ecc75cddb640e0ce8931593ba9e7?s=96&d=mm&r=g","contentUrl":"https:\/\/secure.gravatar.com\/avatar\/c7668b65160dc3cbb7fcdeb000e5a2618038ecc75cddb640e0ce8931593ba9e7?s=96&d=mm&r=g","caption":"signejanelsina"},"url":"https:\/\/izglitiba.valmierasnovads.lv\/vss\/author\/signejanelsina\/"}]}},"_links":{"self":[{"href":"https:\/\/izglitiba.valmierasnovads.lv\/vss\/wp-json\/wp\/v2\/posts\/1327","targetHints":{"allow":["GET"]}}],"collection":[{"href":"https:\/\/izglitiba.valmierasnovads.lv\/vss\/wp-json\/wp\/v2\/posts"}],"about":[{"href":"https:\/\/izglitiba.valmierasnovads.lv\/vss\/wp-json\/wp\/v2\/types\/post"}],"author":[{"embeddable":true,"href":"https:\/\/izglitiba.valmierasnovads.lv\/vss\/wp-json\/wp\/v2\/users\/27"}],"replies":[{"embeddable":true,"href":"https:\/\/izglitiba.valmierasnovads.lv\/vss\/wp-json\/wp\/v2\/comments?post=1327"}],"version-history":[{"count":1,"href":"https:\/\/izglitiba.valmierasnovads.lv\/vss\/wp-json\/wp\/v2\/posts\/1327\/revisions"}],"predecessor-version":[{"id":1330,"href":"https:\/\/izglitiba.valmierasnovads.lv\/vss\/wp-json\/wp\/v2\/posts\/1327\/revisions\/1330"}],"wp:featuredmedia":[{"embeddable":true,"href":"https:\/\/izglitiba.valmierasnovads.lv\/vss\/wp-json\/wp\/v2\/media\/1328"}],"wp:attachment":[{"href":"https:\/\/izglitiba.valmierasnovads.lv\/vss\/wp-json\/wp\/v2\/media?parent=1327"}],"wp:term":[{"taxonomy":"category","embeddable":true,"href":"https:\/\/izglitiba.valmierasnovads.lv\/vss\/wp-json\/wp\/v2\/categories?post=1327"},{"taxonomy":"post_tag","embeddable":true,"href":"https:\/\/izglitiba.valmierasnovads.lv\/vss\/wp-json\/wp\/v2\/tags?post=1327"}],"curies":[{"name":"wp","href":"https:\/\/api.w.org\/{rel}","templated":true}]}}