{"id":1343,"date":"2026-04-30T15:55:30","date_gmt":"2026-04-30T12:55:30","guid":{"rendered":"https:\/\/izglitiba.valmierasnovads.lv\/vss\/?p=1343"},"modified":"2026-04-30T15:55:30","modified_gmt":"2026-04-30T12:55:30","slug":"karjeras-izglitiba-prakse-tiksanas-ar-neatliekamas-palidzibas-mediki","status":"publish","type":"post","link":"https:\/\/izglitiba.valmierasnovads.lv\/vss\/2026\/04\/30\/karjeras-izglitiba-prakse-tiksanas-ar-neatliekamas-palidzibas-mediki\/","title":{"rendered":"Karjeras izgl\u012bt\u012bba praks\u0113: tik\u0161an\u0101s ar neatliekam\u0101s pal\u012bdz\u012bbas medi\u0137i\u00a0"},"content":{"rendered":"\n<p>&nbsp;Karjeras izgl\u012bt\u012bbas ietvaros pie 4. d klases viesoj\u0101s medm\u0101sa, NMPD p\u0101rst\u0101ve Sandra Ivanova, kura skol\u0113niem past\u0101st\u012bja par savu profesiju. Tik\u0161an\u0101s laik\u0101 skol\u0113ni uzzin\u0101ja, k\u0101 norit darbs neatliekamaj\u0101 medic\u012bniskaj\u0101 pal\u012bdz\u012bb\u0101, ar k\u0101d\u0101m situ\u0101cij\u0101m ikdien\u0101 saskaras medi\u0137i un cik svar\u012bga ir \u0101tra un prec\u012bza r\u012bc\u012bba \u0101rk\u0101rtas situ\u0101cij\u0101s.&nbsp;<\/p>\n\n\n\n<p>&nbsp;&nbsp;&nbsp;S.Ivanova dal\u012bj\u0101s ar\u012b ar person\u012bgo pieredzi, st\u0101stot par izaicin\u0101jumiem un atbild\u012bbu sav\u0101 darb\u0101, k\u0101 ar\u012b par to, cik svar\u012bgi ir izv\u0113l\u0113ties profesiju, kas sniedz gandar\u012bjumu.&nbsp;<\/p>\n\n\n\n<p>&nbsp;&nbsp;&nbsp;Skol\u0113niem bija iesp\u0113ja uzdot jaut\u0101jumus par medm\u0101sas profesijai nepiecie\u0161amo izgl\u012bt\u012bbu, darba apst\u0101k\u013ciem un to, k\u0101 r\u012bkoties, ja k\u0101dam nepiecie\u0161ama neatliekam\u0101 pal\u012bdz\u012bba.&nbsp;<\/p>\n\n\n\n<p>&nbsp;&nbsp;&nbsp;Tik\u0161an\u0101s bija izgl\u012btojo\u0161a un interesanta, k\u0101 ar\u012b pal\u012bdz\u0113ja skol\u0113niem lab\u0101k izprast medi\u0137u darbu un, iesp\u0113jams, iedvesmoja k\u0101du n\u0101kotn\u0113 izv\u0113l\u0113ties medic\u012bnas jomu.&nbsp;<\/p>\n\n\n\n<p><a href=\"https:\/\/izglitiba.valmierasnovads.lv\/vss\/galery\/tiksanas-ar-neatliekamas-palidzibas-mediki\/\" id=\"1345\">Galerija<\/a><\/p>\n","protected":false},"excerpt":{"rendered":"<p>&nbsp;Karjeras izgl\u012bt\u012bbas ietvaros pie 4. d klases viesoj\u0101s medm\u0101sa, NMPD p\u0101rst\u0101ve Sandra Ivanova, kura skol\u0113niem past\u0101st\u012bja par savu profesiju. Tik\u0161an\u0101s [&hellip;]<\/p>\n","protected":false},"author":27,"featured_media":1347,"comment_status":"closed","ping_status":"closed","sticky":false,"template":"","format":"standard","meta":{"_acf_changed":false,"site-sidebar-layout":"default","site-content-layout":"","ast-site-content-layout":"default","site-content-style":"default","site-sidebar-style":"default","ast-global-header-display":"","ast-banner-title-visibility":"","ast-main-header-display":"","ast-hfb-above-header-display":"","ast-hfb-below-header-display":"","ast-hfb-mobile-header-display":"","site-post-title":"","ast-breadcrumbs-content":"","ast-featured-img":"","footer-sml-layout":"","ast-disable-related-posts":"","theme-transparent-header-meta":"","adv-header-id-meta":"","stick-header-meta":"","header-above-stick-meta":"","header-main-stick-meta":"","header-below-stick-meta":"","astra-migrate-meta-layouts":"default","ast-page-background-enabled":"default","ast-page-background-meta":{"desktop":{"background-color":"var(--ast-global-color-5)","background-image":"","background-repeat":"repeat","background-position":"center center","background-size":"auto","background-attachment":"scroll","background-type":"","background-media":"","overlay-type":"","overlay-color":"","overlay-opacity":"","overlay-gradient":""},"tablet":{"background-color":"","background-image":"","background-repeat":"repeat","background-position":"center center","background-size":"auto","background-attachment":"scroll","background-type":"","background-media":"","overlay-type":"","overlay-color":"","overlay-opacity":"","overlay-gradient":""},"mobile":{"background-color":"","background-image":"","background-repeat":"repeat","background-position":"center center","background-size":"auto","background-attachment":"scroll","background-type":"","background-media":"","overlay-type":"","overlay-color":"","overlay-opacity":"","overlay-gradient":""}},"ast-content-background-meta":{"desktop":{"background-color":"var(--ast-global-color-4)","background-image":"","background-repeat":"repeat","background-position":"center center","background-size":"auto","background-attachment":"scroll","background-type":"","background-media":"","overlay-type":"","overlay-color":"","overlay-opacity":"","overlay-gradient":""},"tablet":{"background-color":"var(--ast-global-color-4)","background-image":"","background-repeat":"repeat","background-position":"center center","background-size":"auto","background-attachment":"scroll","background-type":"","background-media":"","overlay-type":"","overlay-color":"","overlay-opacity":"","overlay-gradient":""},"mobile":{"background-color":"var(--ast-global-color-4)","background-image":"","background-repeat":"repeat","background-position":"center center","background-size":"auto","background-attachment":"scroll","background-type":"","background-media":"","overlay-type":"","overlay-color":"","overlay-opacity":"","overlay-gradient":""}},"footnotes":""},"categories":[45,40,5],"tags":[],"class_list":["post-1343","post","type-post","status-publish","format-standard","has-post-thumbnail","hentry","category-karjera","category-mana-klase","category-veselibu-veicinosa-skola"],"acf":[],"yoast_head":"<!-- This site is optimized with the Yoast SEO plugin v27.0 - https:\/\/yoast.com\/product\/yoast-seo-wordpress\/ -->\n<title>Karjeras izgl\u012bt\u012bba praks\u0113: tik\u0161an\u0101s ar neatliekam\u0101s pal\u012bdz\u012bbas medi\u0137i\u00a0 - Valmieras s\u0101kumskola<\/title>\n<meta name=\"robots\" content=\"index, follow, max-snippet:-1, max-image-preview:large, max-video-preview:-1\" \/>\n<link rel=\"canonical\" href=\"https:\/\/izglitiba.valmierasnovads.lv\/vss\/2026\/04\/30\/karjeras-izglitiba-prakse-tiksanas-ar-neatliekamas-palidzibas-mediki\/\" \/>\n<meta property=\"og:locale\" content=\"lv_LV\" \/>\n<meta property=\"og:type\" content=\"article\" \/>\n<meta property=\"og:title\" content=\"Karjeras izgl\u012bt\u012bba praks\u0113: tik\u0161an\u0101s ar neatliekam\u0101s pal\u012bdz\u012bbas medi\u0137i\u00a0 - Valmieras s\u0101kumskola\" \/>\n<meta property=\"og:description\" content=\"&nbsp;Karjeras izgl\u012bt\u012bbas ietvaros pie 4. d klases viesoj\u0101s medm\u0101sa, NMPD p\u0101rst\u0101ve Sandra Ivanova, kura skol\u0113niem past\u0101st\u012bja par savu profesiju. Tik\u0161an\u0101s [&hellip;]\" \/>\n<meta property=\"og:url\" content=\"https:\/\/izglitiba.valmierasnovads.lv\/vss\/2026\/04\/30\/karjeras-izglitiba-prakse-tiksanas-ar-neatliekamas-palidzibas-mediki\/\" \/>\n<meta property=\"og:site_name\" content=\"Valmieras s\u0101kumskola\" \/>\n<meta property=\"article:published_time\" content=\"2026-04-30T12:55:30+00:00\" \/>\n<meta property=\"og:image\" content=\"https:\/\/izglitiba.valmierasnovads.lv\/vss\/wp-content\/uploads\/sites\/25\/2026\/04\/PXL_20260409_075214456.MP_-1-scaled-e1777553704323.jpg\" \/>\n\t<meta property=\"og:image:width\" content=\"2560\" \/>\n\t<meta property=\"og:image:height\" content=\"1800\" \/>\n\t<meta property=\"og:image:type\" content=\"image\/jpeg\" \/>\n<meta name=\"author\" content=\"signejanelsina\" \/>\n<meta name=\"twitter:card\" content=\"summary_large_image\" \/>\n<meta name=\"twitter:label1\" content=\"Written by\" \/>\n\t<meta name=\"twitter:data1\" content=\"signejanelsina\" \/>\n\t<meta name=\"twitter:label2\" content=\"Est. reading time\" \/>\n\t<meta name=\"twitter:data2\" content=\"1 min\u016bte\" \/>\n<script type=\"application\/ld+json\" class=\"yoast-schema-graph\">{\"@context\":\"https:\/\/schema.org\",\"@graph\":[{\"@type\":\"Article\",\"@id\":\"https:\/\/izglitiba.valmierasnovads.lv\/vss\/2026\/04\/30\/karjeras-izglitiba-prakse-tiksanas-ar-neatliekamas-palidzibas-mediki\/#article\",\"isPartOf\":{\"@id\":\"https:\/\/izglitiba.valmierasnovads.lv\/vss\/2026\/04\/30\/karjeras-izglitiba-prakse-tiksanas-ar-neatliekamas-palidzibas-mediki\/\"},\"author\":{\"name\":\"signejanelsina\",\"@id\":\"https:\/\/izglitiba.valmierasnovads.lv\/vss\/#\/schema\/person\/7db3ab1cd52a74912ec3af1b4a809e70\"},\"headline\":\"Karjeras izgl\u012bt\u012bba praks\u0113: tik\u0161an\u0101s ar neatliekam\u0101s pal\u012bdz\u012bbas medi\u0137i\u00a0\",\"datePublished\":\"2026-04-30T12:55:30+00:00\",\"mainEntityOfPage\":{\"@id\":\"https:\/\/izglitiba.valmierasnovads.lv\/vss\/2026\/04\/30\/karjeras-izglitiba-prakse-tiksanas-ar-neatliekamas-palidzibas-mediki\/\"},\"wordCount\":210,\"publisher\":{\"@id\":\"https:\/\/izglitiba.valmierasnovads.lv\/vss\/#organization\"},\"image\":{\"@id\":\"https:\/\/izglitiba.valmierasnovads.lv\/vss\/2026\/04\/30\/karjeras-izglitiba-prakse-tiksanas-ar-neatliekamas-palidzibas-mediki\/#primaryimage\"},\"thumbnailUrl\":\"https:\/\/izglitiba.valmierasnovads.lv\/vss\/wp-content\/uploads\/sites\/25\/2026\/04\/PXL_20260409_075214456.MP_-1-scaled-e1777553704323.jpg\",\"articleSection\":[\"Karjera\",\"Mana klase\",\"Vesel\u012bbu veicino\u0161a skola\"],\"inLanguage\":\"lv-LV\"},{\"@type\":\"WebPage\",\"@id\":\"https:\/\/izglitiba.valmierasnovads.lv\/vss\/2026\/04\/30\/karjeras-izglitiba-prakse-tiksanas-ar-neatliekamas-palidzibas-mediki\/\",\"url\":\"https:\/\/izglitiba.valmierasnovads.lv\/vss\/2026\/04\/30\/karjeras-izglitiba-prakse-tiksanas-ar-neatliekamas-palidzibas-mediki\/\",\"name\":\"Karjeras izgl\u012bt\u012bba praks\u0113: tik\u0161an\u0101s ar neatliekam\u0101s pal\u012bdz\u012bbas medi\u0137i\u00a0 - Valmieras s\u0101kumskola\",\"isPartOf\":{\"@id\":\"https:\/\/izglitiba.valmierasnovads.lv\/vss\/#website\"},\"primaryImageOfPage\":{\"@id\":\"https:\/\/izglitiba.valmierasnovads.lv\/vss\/2026\/04\/30\/karjeras-izglitiba-prakse-tiksanas-ar-neatliekamas-palidzibas-mediki\/#primaryimage\"},\"image\":{\"@id\":\"https:\/\/izglitiba.valmierasnovads.lv\/vss\/2026\/04\/30\/karjeras-izglitiba-prakse-tiksanas-ar-neatliekamas-palidzibas-mediki\/#primaryimage\"},\"thumbnailUrl\":\"https:\/\/izglitiba.valmierasnovads.lv\/vss\/wp-content\/uploads\/sites\/25\/2026\/04\/PXL_20260409_075214456.MP_-1-scaled-e1777553704323.jpg\",\"datePublished\":\"2026-04-30T12:55:30+00:00\",\"breadcrumb\":{\"@id\":\"https:\/\/izglitiba.valmierasnovads.lv\/vss\/2026\/04\/30\/karjeras-izglitiba-prakse-tiksanas-ar-neatliekamas-palidzibas-mediki\/#breadcrumb\"},\"inLanguage\":\"lv-LV\",\"potentialAction\":[{\"@type\":\"ReadAction\",\"target\":[\"https:\/\/izglitiba.valmierasnovads.lv\/vss\/2026\/04\/30\/karjeras-izglitiba-prakse-tiksanas-ar-neatliekamas-palidzibas-mediki\/\"]}]},{\"@type\":\"ImageObject\",\"inLanguage\":\"lv-LV\",\"@id\":\"https:\/\/izglitiba.valmierasnovads.lv\/vss\/2026\/04\/30\/karjeras-izglitiba-prakse-tiksanas-ar-neatliekamas-palidzibas-mediki\/#primaryimage\",\"url\":\"https:\/\/izglitiba.valmierasnovads.lv\/vss\/wp-content\/uploads\/sites\/25\/2026\/04\/PXL_20260409_075214456.MP_-1-scaled-e1777553704323.jpg\",\"contentUrl\":\"https:\/\/izglitiba.valmierasnovads.lv\/vss\/wp-content\/uploads\/sites\/25\/2026\/04\/PXL_20260409_075214456.MP_-1-scaled-e1777553704323.jpg\",\"width\":2560,\"height\":1800},{\"@type\":\"BreadcrumbList\",\"@id\":\"https:\/\/izglitiba.valmierasnovads.lv\/vss\/2026\/04\/30\/karjeras-izglitiba-prakse-tiksanas-ar-neatliekamas-palidzibas-mediki\/#breadcrumb\",\"itemListElement\":[{\"@type\":\"ListItem\",\"position\":1,\"name\":\"Home\",\"item\":\"https:\/\/izglitiba.valmierasnovads.lv\/vss\/\"},{\"@type\":\"ListItem\",\"position\":2,\"name\":\"Karjeras izgl\u012bt\u012bba praks\u0113: tik\u0161an\u0101s ar neatliekam\u0101s pal\u012bdz\u012bbas medi\u0137i\u00a0\"}]},{\"@type\":\"WebSite\",\"@id\":\"https:\/\/izglitiba.valmierasnovads.lv\/vss\/#website\",\"url\":\"https:\/\/izglitiba.valmierasnovads.lv\/vss\/\",\"name\":\"Valmieras s\u0101kumskola\",\"description\":\"M\u0101c\u0101mies darot\",\"publisher\":{\"@id\":\"https:\/\/izglitiba.valmierasnovads.lv\/vss\/#organization\"},\"potentialAction\":[{\"@type\":\"SearchAction\",\"target\":{\"@type\":\"EntryPoint\",\"urlTemplate\":\"https:\/\/izglitiba.valmierasnovads.lv\/vss\/?s={search_term_string}\"},\"query-input\":{\"@type\":\"PropertyValueSpecification\",\"valueRequired\":true,\"valueName\":\"search_term_string\"}}],\"inLanguage\":\"lv-LV\"},{\"@type\":\"Organization\",\"@id\":\"https:\/\/izglitiba.valmierasnovads.lv\/vss\/#organization\",\"name\":\"Valmieras s\u0101kumskola\",\"url\":\"https:\/\/izglitiba.valmierasnovads.lv\/vss\/\",\"logo\":{\"@type\":\"ImageObject\",\"inLanguage\":\"lv-LV\",\"@id\":\"https:\/\/izglitiba.valmierasnovads.lv\/vss\/#\/schema\/logo\/image\/\",\"url\":\"https:\/\/izglitiba.valmierasnovads.lv\/vss\/wp-content\/uploads\/sites\/25\/2026\/03\/cropped-Komplekta-ar-pasu-logo-scaled-1.png\",\"contentUrl\":\"https:\/\/izglitiba.valmierasnovads.lv\/vss\/wp-content\/uploads\/sites\/25\/2026\/03\/cropped-Komplekta-ar-pasu-logo-scaled-1.png\",\"width\":1480,\"height\":405,\"caption\":\"Valmieras s\u0101kumskola\"},\"image\":{\"@id\":\"https:\/\/izglitiba.valmierasnovads.lv\/vss\/#\/schema\/logo\/image\/\"}},{\"@type\":\"Person\",\"@id\":\"https:\/\/izglitiba.valmierasnovads.lv\/vss\/#\/schema\/person\/7db3ab1cd52a74912ec3af1b4a809e70\",\"name\":\"signejanelsina\",\"image\":{\"@type\":\"ImageObject\",\"inLanguage\":\"lv-LV\",\"@id\":\"https:\/\/izglitiba.valmierasnovads.lv\/vss\/#\/schema\/person\/image\/\",\"url\":\"https:\/\/secure.gravatar.com\/avatar\/c7668b65160dc3cbb7fcdeb000e5a2618038ecc75cddb640e0ce8931593ba9e7?s=96&d=mm&r=g\",\"contentUrl\":\"https:\/\/secure.gravatar.com\/avatar\/c7668b65160dc3cbb7fcdeb000e5a2618038ecc75cddb640e0ce8931593ba9e7?s=96&d=mm&r=g\",\"caption\":\"signejanelsina\"},\"url\":\"https:\/\/izglitiba.valmierasnovads.lv\/vss\/author\/signejanelsina\/\"}]}<\/script>\n<!-- \/ Yoast SEO plugin. -->","yoast_head_json":{"title":"Karjeras izgl\u012bt\u012bba praks\u0113: tik\u0161an\u0101s ar neatliekam\u0101s pal\u012bdz\u012bbas medi\u0137i\u00a0 - Valmieras s\u0101kumskola","robots":{"index":"index","follow":"follow","max-snippet":"max-snippet:-1","max-image-preview":"max-image-preview:large","max-video-preview":"max-video-preview:-1"},"canonical":"https:\/\/izglitiba.valmierasnovads.lv\/vss\/2026\/04\/30\/karjeras-izglitiba-prakse-tiksanas-ar-neatliekamas-palidzibas-mediki\/","og_locale":"lv_LV","og_type":"article","og_title":"Karjeras izgl\u012bt\u012bba praks\u0113: tik\u0161an\u0101s ar neatliekam\u0101s pal\u012bdz\u012bbas medi\u0137i\u00a0 - Valmieras s\u0101kumskola","og_description":"&nbsp;Karjeras izgl\u012bt\u012bbas ietvaros pie 4. d klases viesoj\u0101s medm\u0101sa, NMPD p\u0101rst\u0101ve Sandra Ivanova, kura skol\u0113niem past\u0101st\u012bja par savu profesiju. Tik\u0161an\u0101s [&hellip;]","og_url":"https:\/\/izglitiba.valmierasnovads.lv\/vss\/2026\/04\/30\/karjeras-izglitiba-prakse-tiksanas-ar-neatliekamas-palidzibas-mediki\/","og_site_name":"Valmieras s\u0101kumskola","article_published_time":"2026-04-30T12:55:30+00:00","og_image":[{"width":2560,"height":1800,"url":"https:\/\/izglitiba.valmierasnovads.lv\/vss\/wp-content\/uploads\/sites\/25\/2026\/04\/PXL_20260409_075214456.MP_-1-scaled-e1777553704323.jpg","type":"image\/jpeg"}],"author":"signejanelsina","twitter_card":"summary_large_image","twitter_misc":{"Written by":"signejanelsina","Est. reading time":"1 min\u016bte"},"schema":{"@context":"https:\/\/schema.org","@graph":[{"@type":"Article","@id":"https:\/\/izglitiba.valmierasnovads.lv\/vss\/2026\/04\/30\/karjeras-izglitiba-prakse-tiksanas-ar-neatliekamas-palidzibas-mediki\/#article","isPartOf":{"@id":"https:\/\/izglitiba.valmierasnovads.lv\/vss\/2026\/04\/30\/karjeras-izglitiba-prakse-tiksanas-ar-neatliekamas-palidzibas-mediki\/"},"author":{"name":"signejanelsina","@id":"https:\/\/izglitiba.valmierasnovads.lv\/vss\/#\/schema\/person\/7db3ab1cd52a74912ec3af1b4a809e70"},"headline":"Karjeras izgl\u012bt\u012bba praks\u0113: tik\u0161an\u0101s ar neatliekam\u0101s pal\u012bdz\u012bbas medi\u0137i\u00a0","datePublished":"2026-04-30T12:55:30+00:00","mainEntityOfPage":{"@id":"https:\/\/izglitiba.valmierasnovads.lv\/vss\/2026\/04\/30\/karjeras-izglitiba-prakse-tiksanas-ar-neatliekamas-palidzibas-mediki\/"},"wordCount":210,"publisher":{"@id":"https:\/\/izglitiba.valmierasnovads.lv\/vss\/#organization"},"image":{"@id":"https:\/\/izglitiba.valmierasnovads.lv\/vss\/2026\/04\/30\/karjeras-izglitiba-prakse-tiksanas-ar-neatliekamas-palidzibas-mediki\/#primaryimage"},"thumbnailUrl":"https:\/\/izglitiba.valmierasnovads.lv\/vss\/wp-content\/uploads\/sites\/25\/2026\/04\/PXL_20260409_075214456.MP_-1-scaled-e1777553704323.jpg","articleSection":["Karjera","Mana klase","Vesel\u012bbu veicino\u0161a skola"],"inLanguage":"lv-LV"},{"@type":"WebPage","@id":"https:\/\/izglitiba.valmierasnovads.lv\/vss\/2026\/04\/30\/karjeras-izglitiba-prakse-tiksanas-ar-neatliekamas-palidzibas-mediki\/","url":"https:\/\/izglitiba.valmierasnovads.lv\/vss\/2026\/04\/30\/karjeras-izglitiba-prakse-tiksanas-ar-neatliekamas-palidzibas-mediki\/","name":"Karjeras izgl\u012bt\u012bba praks\u0113: tik\u0161an\u0101s ar neatliekam\u0101s pal\u012bdz\u012bbas medi\u0137i\u00a0 - Valmieras s\u0101kumskola","isPartOf":{"@id":"https:\/\/izglitiba.valmierasnovads.lv\/vss\/#website"},"primaryImageOfPage":{"@id":"https:\/\/izglitiba.valmierasnovads.lv\/vss\/2026\/04\/30\/karjeras-izglitiba-prakse-tiksanas-ar-neatliekamas-palidzibas-mediki\/#primaryimage"},"image":{"@id":"https:\/\/izglitiba.valmierasnovads.lv\/vss\/2026\/04\/30\/karjeras-izglitiba-prakse-tiksanas-ar-neatliekamas-palidzibas-mediki\/#primaryimage"},"thumbnailUrl":"https:\/\/izglitiba.valmierasnovads.lv\/vss\/wp-content\/uploads\/sites\/25\/2026\/04\/PXL_20260409_075214456.MP_-1-scaled-e1777553704323.jpg","datePublished":"2026-04-30T12:55:30+00:00","breadcrumb":{"@id":"https:\/\/izglitiba.valmierasnovads.lv\/vss\/2026\/04\/30\/karjeras-izglitiba-prakse-tiksanas-ar-neatliekamas-palidzibas-mediki\/#breadcrumb"},"inLanguage":"lv-LV","potentialAction":[{"@type":"ReadAction","target":["https:\/\/izglitiba.valmierasnovads.lv\/vss\/2026\/04\/30\/karjeras-izglitiba-prakse-tiksanas-ar-neatliekamas-palidzibas-mediki\/"]}]},{"@type":"ImageObject","inLanguage":"lv-LV","@id":"https:\/\/izglitiba.valmierasnovads.lv\/vss\/2026\/04\/30\/karjeras-izglitiba-prakse-tiksanas-ar-neatliekamas-palidzibas-mediki\/#primaryimage","url":"https:\/\/izglitiba.valmierasnovads.lv\/vss\/wp-content\/uploads\/sites\/25\/2026\/04\/PXL_20260409_075214456.MP_-1-scaled-e1777553704323.jpg","contentUrl":"https:\/\/izglitiba.valmierasnovads.lv\/vss\/wp-content\/uploads\/sites\/25\/2026\/04\/PXL_20260409_075214456.MP_-1-scaled-e1777553704323.jpg","width":2560,"height":1800},{"@type":"BreadcrumbList","@id":"https:\/\/izglitiba.valmierasnovads.lv\/vss\/2026\/04\/30\/karjeras-izglitiba-prakse-tiksanas-ar-neatliekamas-palidzibas-mediki\/#breadcrumb","itemListElement":[{"@type":"ListItem","position":1,"name":"Home","item":"https:\/\/izglitiba.valmierasnovads.lv\/vss\/"},{"@type":"ListItem","position":2,"name":"Karjeras izgl\u012bt\u012bba praks\u0113: tik\u0161an\u0101s ar neatliekam\u0101s pal\u012bdz\u012bbas medi\u0137i\u00a0"}]},{"@type":"WebSite","@id":"https:\/\/izglitiba.valmierasnovads.lv\/vss\/#website","url":"https:\/\/izglitiba.valmierasnovads.lv\/vss\/","name":"Valmieras s\u0101kumskola","description":"M\u0101c\u0101mies darot","publisher":{"@id":"https:\/\/izglitiba.valmierasnovads.lv\/vss\/#organization"},"potentialAction":[{"@type":"SearchAction","target":{"@type":"EntryPoint","urlTemplate":"https:\/\/izglitiba.valmierasnovads.lv\/vss\/?s={search_term_string}"},"query-input":{"@type":"PropertyValueSpecification","valueRequired":true,"valueName":"search_term_string"}}],"inLanguage":"lv-LV"},{"@type":"Organization","@id":"https:\/\/izglitiba.valmierasnovads.lv\/vss\/#organization","name":"Valmieras s\u0101kumskola","url":"https:\/\/izglitiba.valmierasnovads.lv\/vss\/","logo":{"@type":"ImageObject","inLanguage":"lv-LV","@id":"https:\/\/izglitiba.valmierasnovads.lv\/vss\/#\/schema\/logo\/image\/","url":"https:\/\/izglitiba.valmierasnovads.lv\/vss\/wp-content\/uploads\/sites\/25\/2026\/03\/cropped-Komplekta-ar-pasu-logo-scaled-1.png","contentUrl":"https:\/\/izglitiba.valmierasnovads.lv\/vss\/wp-content\/uploads\/sites\/25\/2026\/03\/cropped-Komplekta-ar-pasu-logo-scaled-1.png","width":1480,"height":405,"caption":"Valmieras s\u0101kumskola"},"image":{"@id":"https:\/\/izglitiba.valmierasnovads.lv\/vss\/#\/schema\/logo\/image\/"}},{"@type":"Person","@id":"https:\/\/izglitiba.valmierasnovads.lv\/vss\/#\/schema\/person\/7db3ab1cd52a74912ec3af1b4a809e70","name":"signejanelsina","image":{"@type":"ImageObject","inLanguage":"lv-LV","@id":"https:\/\/izglitiba.valmierasnovads.lv\/vss\/#\/schema\/person\/image\/","url":"https:\/\/secure.gravatar.com\/avatar\/c7668b65160dc3cbb7fcdeb000e5a2618038ecc75cddb640e0ce8931593ba9e7?s=96&d=mm&r=g","contentUrl":"https:\/\/secure.gravatar.com\/avatar\/c7668b65160dc3cbb7fcdeb000e5a2618038ecc75cddb640e0ce8931593ba9e7?s=96&d=mm&r=g","caption":"signejanelsina"},"url":"https:\/\/izglitiba.valmierasnovads.lv\/vss\/author\/signejanelsina\/"}]}},"_links":{"self":[{"href":"https:\/\/izglitiba.valmierasnovads.lv\/vss\/wp-json\/wp\/v2\/posts\/1343","targetHints":{"allow":["GET"]}}],"collection":[{"href":"https:\/\/izglitiba.valmierasnovads.lv\/vss\/wp-json\/wp\/v2\/posts"}],"about":[{"href":"https:\/\/izglitiba.valmierasnovads.lv\/vss\/wp-json\/wp\/v2\/types\/post"}],"author":[{"embeddable":true,"href":"https:\/\/izglitiba.valmierasnovads.lv\/vss\/wp-json\/wp\/v2\/users\/27"}],"replies":[{"embeddable":true,"href":"https:\/\/izglitiba.valmierasnovads.lv\/vss\/wp-json\/wp\/v2\/comments?post=1343"}],"version-history":[{"count":1,"href":"https:\/\/izglitiba.valmierasnovads.lv\/vss\/wp-json\/wp\/v2\/posts\/1343\/revisions"}],"predecessor-version":[{"id":1348,"href":"https:\/\/izglitiba.valmierasnovads.lv\/vss\/wp-json\/wp\/v2\/posts\/1343\/revisions\/1348"}],"wp:featuredmedia":[{"embeddable":true,"href":"https:\/\/izglitiba.valmierasnovads.lv\/vss\/wp-json\/wp\/v2\/media\/1347"}],"wp:attachment":[{"href":"https:\/\/izglitiba.valmierasnovads.lv\/vss\/wp-json\/wp\/v2\/media?parent=1343"}],"wp:term":[{"taxonomy":"category","embeddable":true,"href":"https:\/\/izglitiba.valmierasnovads.lv\/vss\/wp-json\/wp\/v2\/categories?post=1343"},{"taxonomy":"post_tag","embeddable":true,"href":"https:\/\/izglitiba.valmierasnovads.lv\/vss\/wp-json\/wp\/v2\/tags?post=1343"}],"curies":[{"name":"wp","href":"https:\/\/api.w.org\/{rel}","templated":true}]}}