{"id":1730,"date":"2026-09-03T16:44:10","date_gmt":"2026-09-03T13:44:10","guid":{"rendered":"https:\/\/izglitiba.valmierasnovads.lv\/vss\/?p=1730"},"modified":"2026-09-03T16:44:10","modified_gmt":"2026-09-03T13:44:10","slug":"laimes-koku-stadisana-skolas-pagalma-ieaudzejam-nakotni-un-zalaku-ritdienu","status":"publish","type":"post","link":"https:\/\/izglitiba.valmierasnovads.lv\/vss\/2026\/09\/03\/laimes-koku-stadisana-skolas-pagalma-ieaudzejam-nakotni-un-zalaku-ritdienu\/","title":{"rendered":"Laimes koku st\u0101d\u012b\u0161ana skolas pagalm\u0101: Ieaudz\u0113jam n\u0101kotni un za\u013c\u0101ku r\u012btdienu!"},"content":{"rendered":"\n<p class=\"wp-block-paragraph\">Ar\u012b m\u016bsu skolas saime 2025. gada ruden\u012b akt\u012bvi piedal\u012bj\u0101s Pasaules talkas akcij\u0101 &#8220;Laimes koki&#8221;. Pas\u0101kuma m\u0113r\u0137is bija ne tikai padar\u012bt m\u016bsu skolas apk\u0101rtni za\u013c\u0101ku un m\u0101j\u012bg\u0101ku, bet ar\u012b veicin\u0101t izpratni par dabas aizsardz\u012bbu, ilgtsp\u0113ju un kopienas sp\u0113ku. M\u0113s ta\u010du esam akt\u012bva EKOskola, kurai r\u016bp daba, vide un cilv\u0113ku labsaj\u016bta.<\/p>\n\n\n\n<p class=\"wp-block-paragraph\">Klases kop\u0101 ar skolot\u0101jiem un vec\u0101kiem piedal\u012bj\u0101s hortenziju st\u0101du sag\u0101d\u0101\u0161an\u0101, lai tas p\u0113c tam iegultu skolas dob\u0113s. Katrs iest\u0101d\u012btais st\u0101ds ir k\u0101 simbols m\u016bsu skol\u0113nu izaugsmei, sp\u0113kam un n\u0101kotnes cer\u012bb\u0101m.<\/p>\n\n\n\n<p class=\"wp-block-paragraph\">\u0160aj\u0101 ruden\u012b baud\u0101m kr\u0101\u0161\u0146as ziedu kupenas, kas pa gadu varen ieaugu\u0161\u0101s. Par paveikto izsak\u0101m lielu pateic\u012bbu ikvienam \u201cLaimes koku\u201d dal\u012bbniekam par sar\u016bp\u0113tajiem st\u0101diem un rad\u012bto skaistumu! Hortenzijas augs l\u012bdz ar m\u016bsu skol\u0113niem, atg\u0101dinot, ka katrs mazais darbs sp\u0113j rad\u012bt lielas un za\u013cas p\u0101rmai\u0146as. <a href=\"https:\/\/drive.google.com\/file\/d\/1hw_17oqBKEck2E6z4Mgh6mx4G-UlOpEO\/view?usp=sharing\" data-type=\"link\" data-id=\"https:\/\/drive.google.com\/file\/d\/1hw_17oqBKEck2E6z4Mgh6mx4G-UlOpEO\/view?usp=sharing\">Priec\u0101jies par kr\u0101\u0161\u0146umu \u0161eit<\/a>!<\/p>\n\n\n\n<p class=\"wp-block-paragraph\"><\/p>\n","protected":false},"excerpt":{"rendered":"<p>Ar\u012b m\u016bsu skolas saime 2025. gada ruden\u012b akt\u012bvi piedal\u012bj\u0101s Pasaules talkas akcij\u0101 &#8220;Laimes koki&#8221;. Pas\u0101kuma m\u0113r\u0137is bija ne tikai padar\u012bt [&hellip;]<\/p>\n","protected":false},"author":27,"featured_media":1732,"comment_status":"closed","ping_status":"closed","sticky":false,"template":"","format":"standard","meta":{"_acf_changed":false,"site-sidebar-layout":"default","site-content-layout":"","ast-site-content-layout":"default","site-content-style":"default","site-sidebar-style":"default","ast-global-header-display":"","ast-banner-title-visibility":"","ast-main-header-display":"","ast-hfb-above-header-display":"","ast-hfb-below-header-display":"","ast-hfb-mobile-header-display":"","site-post-title":"","ast-breadcrumbs-content":"","ast-featured-img":"","footer-sml-layout":"","ast-disable-related-posts":"","theme-transparent-header-meta":"","adv-header-id-meta":"","stick-header-meta":"","header-above-stick-meta":"","header-main-stick-meta":"","header-below-stick-meta":"","astra-migrate-meta-layouts":"default","ast-page-background-enabled":"default","ast-page-background-meta":{"desktop":{"background-color":"var(--ast-global-color-5)","background-image":"","background-repeat":"repeat","background-position":"center center","background-size":"auto","background-attachment":"scroll","background-type":"","background-media":"","overlay-type":"","overlay-color":"","overlay-opacity":"","overlay-gradient":""},"tablet":{"background-color":"","background-image":"","background-repeat":"repeat","background-position":"center center","background-size":"auto","background-attachment":"scroll","background-type":"","background-media":"","overlay-type":"","overlay-color":"","overlay-opacity":"","overlay-gradient":""},"mobile":{"background-color":"","background-image":"","background-repeat":"repeat","background-position":"center center","background-size":"auto","background-attachment":"scroll","background-type":"","background-media":"","overlay-type":"","overlay-color":"","overlay-opacity":"","overlay-gradient":""}},"ast-content-background-meta":{"desktop":{"background-color":"var(--ast-global-color-4)","background-image":"","background-repeat":"repeat","background-position":"center center","background-size":"auto","background-attachment":"scroll","background-type":"","background-media":"","overlay-type":"","overlay-color":"","overlay-opacity":"","overlay-gradient":""},"tablet":{"background-color":"var(--ast-global-color-4)","background-image":"","background-repeat":"repeat","background-position":"center center","background-size":"auto","background-attachment":"scroll","background-type":"","background-media":"","overlay-type":"","overlay-color":"","overlay-opacity":"","overlay-gradient":""},"mobile":{"background-color":"var(--ast-global-color-4)","background-image":"","background-repeat":"repeat","background-position":"center center","background-size":"auto","background-attachment":"scroll","background-type":"","background-media":"","overlay-type":"","overlay-color":"","overlay-opacity":"","overlay-gradient":""}},"footnotes":""},"categories":[14,12],"tags":[],"class_list":["post-1730","post","type-post","status-publish","format-standard","has-post-thumbnail","hentry","category-eko-skola","category-projekti"],"acf":[],"yoast_head":"<!-- This site is optimized with the Yoast SEO plugin v28.4 - https:\/\/yoast.com\/product\/yoast-seo-wordpress\/ -->\n<title>Laimes koku st\u0101d\u012b\u0161ana skolas pagalm\u0101: Ieaudz\u0113jam n\u0101kotni un za\u013c\u0101ku r\u012btdienu! - Valmieras s\u0101kumskola<\/title>\n<meta name=\"robots\" content=\"index, follow, max-snippet:-1, max-image-preview:large, max-video-preview:-1\" \/>\n<link rel=\"canonical\" href=\"https:\/\/izglitiba.valmierasnovads.lv\/vss\/2026\/09\/03\/laimes-koku-stadisana-skolas-pagalma-ieaudzejam-nakotni-un-zalaku-ritdienu\/\" \/>\n<meta property=\"og:locale\" content=\"lv_LV\" \/>\n<meta property=\"og:type\" content=\"article\" \/>\n<meta property=\"og:title\" content=\"Laimes koku st\u0101d\u012b\u0161ana skolas pagalm\u0101: Ieaudz\u0113jam n\u0101kotni un za\u013c\u0101ku r\u012btdienu! - Valmieras s\u0101kumskola\" \/>\n<meta property=\"og:description\" content=\"Ar\u012b m\u016bsu skolas saime 2025. gada ruden\u012b akt\u012bvi piedal\u012bj\u0101s Pasaules talkas akcij\u0101 &#8220;Laimes koki&#8221;. Pas\u0101kuma m\u0113r\u0137is bija ne tikai padar\u012bt [&hellip;]\" \/>\n<meta property=\"og:url\" content=\"https:\/\/izglitiba.valmierasnovads.lv\/vss\/2026\/09\/03\/laimes-koku-stadisana-skolas-pagalma-ieaudzejam-nakotni-un-zalaku-ritdienu\/\" \/>\n<meta property=\"og:site_name\" content=\"Valmieras s\u0101kumskola\" \/>\n<meta property=\"article:published_time\" content=\"2026-09-03T13:44:10+00:00\" \/>\n<meta property=\"og:image\" content=\"https:\/\/izglitiba.valmierasnovads.lv\/vss\/wp-content\/uploads\/sites\/25\/2026\/09\/laimes-koki_VS-1024x719.png\" \/>\n\t<meta property=\"og:image:width\" content=\"1024\" \/>\n\t<meta property=\"og:image:height\" content=\"719\" \/>\n\t<meta property=\"og:image:type\" content=\"image\/png\" \/>\n<meta name=\"author\" content=\"signejanelsina\" \/>\n<meta name=\"twitter:card\" content=\"summary_large_image\" \/>\n<meta name=\"twitter:label1\" content=\"Written by\" \/>\n\t<meta name=\"twitter:data1\" content=\"signejanelsina\" \/>\n\t<meta name=\"twitter:label2\" content=\"Est. reading time\" \/>\n\t<meta name=\"twitter:data2\" content=\"1 min\u016bte\" \/>\n<script type=\"application\/ld+json\" class=\"yoast-schema-graph\">{\"@context\":\"https:\\\/\\\/schema.org\",\"@graph\":[{\"@type\":\"Article\",\"@id\":\"https:\\\/\\\/izglitiba.valmierasnovads.lv\\\/vss\\\/2026\\\/09\\\/03\\\/laimes-koku-stadisana-skolas-pagalma-ieaudzejam-nakotni-un-zalaku-ritdienu\\\/#article\",\"isPartOf\":{\"@id\":\"https:\\\/\\\/izglitiba.valmierasnovads.lv\\\/vss\\\/2026\\\/09\\\/03\\\/laimes-koku-stadisana-skolas-pagalma-ieaudzejam-nakotni-un-zalaku-ritdienu\\\/\"},\"author\":{\"name\":\"signejanelsina\",\"@id\":\"https:\\\/\\\/izglitiba.valmierasnovads.lv\\\/vss\\\/#\\\/schema\\\/person\\\/7db3ab1cd52a74912ec3af1b4a809e70\"},\"headline\":\"Laimes koku st\u0101d\u012b\u0161ana skolas pagalm\u0101: Ieaudz\u0113jam n\u0101kotni un za\u013c\u0101ku r\u012btdienu!\",\"datePublished\":\"2026-09-03T13:44:10+00:00\",\"mainEntityOfPage\":{\"@id\":\"https:\\\/\\\/izglitiba.valmierasnovads.lv\\\/vss\\\/2026\\\/09\\\/03\\\/laimes-koku-stadisana-skolas-pagalma-ieaudzejam-nakotni-un-zalaku-ritdienu\\\/\"},\"wordCount\":204,\"publisher\":{\"@id\":\"https:\\\/\\\/izglitiba.valmierasnovads.lv\\\/vss\\\/#organization\"},\"image\":{\"@id\":\"https:\\\/\\\/izglitiba.valmierasnovads.lv\\\/vss\\\/2026\\\/09\\\/03\\\/laimes-koku-stadisana-skolas-pagalma-ieaudzejam-nakotni-un-zalaku-ritdienu\\\/#primaryimage\"},\"thumbnailUrl\":\"https:\\\/\\\/izglitiba.valmierasnovads.lv\\\/vss\\\/wp-content\\\/uploads\\\/sites\\\/25\\\/2026\\\/09\\\/laimes-koki_VS.png\",\"articleSection\":[\"Eko skola\",\"Projekti\"],\"inLanguage\":\"lv-LV\"},{\"@type\":\"WebPage\",\"@id\":\"https:\\\/\\\/izglitiba.valmierasnovads.lv\\\/vss\\\/2026\\\/09\\\/03\\\/laimes-koku-stadisana-skolas-pagalma-ieaudzejam-nakotni-un-zalaku-ritdienu\\\/\",\"url\":\"https:\\\/\\\/izglitiba.valmierasnovads.lv\\\/vss\\\/2026\\\/09\\\/03\\\/laimes-koku-stadisana-skolas-pagalma-ieaudzejam-nakotni-un-zalaku-ritdienu\\\/\",\"name\":\"Laimes koku st\u0101d\u012b\u0161ana skolas pagalm\u0101: Ieaudz\u0113jam n\u0101kotni un za\u013c\u0101ku r\u012btdienu! - Valmieras s\u0101kumskola\",\"isPartOf\":{\"@id\":\"https:\\\/\\\/izglitiba.valmierasnovads.lv\\\/vss\\\/#website\"},\"primaryImageOfPage\":{\"@id\":\"https:\\\/\\\/izglitiba.valmierasnovads.lv\\\/vss\\\/2026\\\/09\\\/03\\\/laimes-koku-stadisana-skolas-pagalma-ieaudzejam-nakotni-un-zalaku-ritdienu\\\/#primaryimage\"},\"image\":{\"@id\":\"https:\\\/\\\/izglitiba.valmierasnovads.lv\\\/vss\\\/2026\\\/09\\\/03\\\/laimes-koku-stadisana-skolas-pagalma-ieaudzejam-nakotni-un-zalaku-ritdienu\\\/#primaryimage\"},\"thumbnailUrl\":\"https:\\\/\\\/izglitiba.valmierasnovads.lv\\\/vss\\\/wp-content\\\/uploads\\\/sites\\\/25\\\/2026\\\/09\\\/laimes-koki_VS.png\",\"datePublished\":\"2026-09-03T13:44:10+00:00\",\"breadcrumb\":{\"@id\":\"https:\\\/\\\/izglitiba.valmierasnovads.lv\\\/vss\\\/2026\\\/09\\\/03\\\/laimes-koku-stadisana-skolas-pagalma-ieaudzejam-nakotni-un-zalaku-ritdienu\\\/#breadcrumb\"},\"inLanguage\":\"lv-LV\",\"potentialAction\":[{\"@type\":\"ReadAction\",\"target\":[\"https:\\\/\\\/izglitiba.valmierasnovads.lv\\\/vss\\\/2026\\\/09\\\/03\\\/laimes-koku-stadisana-skolas-pagalma-ieaudzejam-nakotni-un-zalaku-ritdienu\\\/\"]}]},{\"@type\":\"ImageObject\",\"inLanguage\":\"lv-LV\",\"@id\":\"https:\\\/\\\/izglitiba.valmierasnovads.lv\\\/vss\\\/2026\\\/09\\\/03\\\/laimes-koku-stadisana-skolas-pagalma-ieaudzejam-nakotni-un-zalaku-ritdienu\\\/#primaryimage\",\"url\":\"https:\\\/\\\/izglitiba.valmierasnovads.lv\\\/vss\\\/wp-content\\\/uploads\\\/sites\\\/25\\\/2026\\\/09\\\/laimes-koki_VS.png\",\"contentUrl\":\"https:\\\/\\\/izglitiba.valmierasnovads.lv\\\/vss\\\/wp-content\\\/uploads\\\/sites\\\/25\\\/2026\\\/09\\\/laimes-koki_VS.png\",\"width\":1496,\"height\":1051,\"caption\":\"Att\u0113l\u0101 redzami tum\u0161i roz\u0101 hortenziju ziedi. Vid\u016b uzraksts-Pasaules talkas akcija \\\"laimes koki\\\"\"},{\"@type\":\"BreadcrumbList\",\"@id\":\"https:\\\/\\\/izglitiba.valmierasnovads.lv\\\/vss\\\/2026\\\/09\\\/03\\\/laimes-koku-stadisana-skolas-pagalma-ieaudzejam-nakotni-un-zalaku-ritdienu\\\/#breadcrumb\",\"itemListElement\":[{\"@type\":\"ListItem\",\"position\":1,\"name\":\"Home\",\"item\":\"https:\\\/\\\/izglitiba.valmierasnovads.lv\\\/vss\\\/\"},{\"@type\":\"ListItem\",\"position\":2,\"name\":\"Laimes koku st\u0101d\u012b\u0161ana skolas pagalm\u0101: Ieaudz\u0113jam n\u0101kotni un za\u013c\u0101ku r\u012btdienu!\"}]},{\"@type\":\"WebSite\",\"@id\":\"https:\\\/\\\/izglitiba.valmierasnovads.lv\\\/vss\\\/#website\",\"url\":\"https:\\\/\\\/izglitiba.valmierasnovads.lv\\\/vss\\\/\",\"name\":\"Valmieras s\u0101kumskola\",\"description\":\"M\u0101c\u0101mies darot\",\"publisher\":{\"@id\":\"https:\\\/\\\/izglitiba.valmierasnovads.lv\\\/vss\\\/#organization\"},\"potentialAction\":[{\"@type\":\"SearchAction\",\"target\":{\"@type\":\"EntryPoint\",\"urlTemplate\":\"https:\\\/\\\/izglitiba.valmierasnovads.lv\\\/vss\\\/?s={search_term_string}\"},\"query-input\":{\"@type\":\"PropertyValueSpecification\",\"valueRequired\":true,\"valueName\":\"search_term_string\"}}],\"inLanguage\":\"lv-LV\"},{\"@type\":\"Organization\",\"@id\":\"https:\\\/\\\/izglitiba.valmierasnovads.lv\\\/vss\\\/#organization\",\"name\":\"Valmieras s\u0101kumskola\",\"url\":\"https:\\\/\\\/izglitiba.valmierasnovads.lv\\\/vss\\\/\",\"logo\":{\"@type\":\"ImageObject\",\"inLanguage\":\"lv-LV\",\"@id\":\"https:\\\/\\\/izglitiba.valmierasnovads.lv\\\/vss\\\/#\\\/schema\\\/logo\\\/image\\\/\",\"url\":\"https:\\\/\\\/izglitiba.valmierasnovads.lv\\\/vss\\\/wp-content\\\/uploads\\\/sites\\\/25\\\/2026\\\/03\\\/cropped-Komplekta-ar-pasu-logo-scaled-1.png\",\"contentUrl\":\"https:\\\/\\\/izglitiba.valmierasnovads.lv\\\/vss\\\/wp-content\\\/uploads\\\/sites\\\/25\\\/2026\\\/03\\\/cropped-Komplekta-ar-pasu-logo-scaled-1.png\",\"width\":1480,\"height\":405,\"caption\":\"Valmieras s\u0101kumskola\"},\"image\":{\"@id\":\"https:\\\/\\\/izglitiba.valmierasnovads.lv\\\/vss\\\/#\\\/schema\\\/logo\\\/image\\\/\"}},{\"@type\":\"Person\",\"@id\":\"https:\\\/\\\/izglitiba.valmierasnovads.lv\\\/vss\\\/#\\\/schema\\\/person\\\/7db3ab1cd52a74912ec3af1b4a809e70\",\"name\":\"signejanelsina\",\"image\":{\"@type\":\"ImageObject\",\"inLanguage\":\"lv-LV\",\"@id\":\"https:\\\/\\\/secure.gravatar.com\\\/avatar\\\/c7668b65160dc3cbb7fcdeb000e5a2618038ecc75cddb640e0ce8931593ba9e7?s=96&d=mm&r=g\",\"url\":\"https:\\\/\\\/secure.gravatar.com\\\/avatar\\\/c7668b65160dc3cbb7fcdeb000e5a2618038ecc75cddb640e0ce8931593ba9e7?s=96&d=mm&r=g\",\"contentUrl\":\"https:\\\/\\\/secure.gravatar.com\\\/avatar\\\/c7668b65160dc3cbb7fcdeb000e5a2618038ecc75cddb640e0ce8931593ba9e7?s=96&d=mm&r=g\",\"caption\":\"signejanelsina\"},\"url\":\"https:\\\/\\\/izglitiba.valmierasnovads.lv\\\/vss\\\/author\\\/signejanelsina\\\/\"}]}<\/script>\n<!-- \/ Yoast SEO plugin. -->","yoast_head_json":{"title":"Laimes koku st\u0101d\u012b\u0161ana skolas pagalm\u0101: Ieaudz\u0113jam n\u0101kotni un za\u013c\u0101ku r\u012btdienu! - Valmieras s\u0101kumskola","robots":{"index":"index","follow":"follow","max-snippet":"max-snippet:-1","max-image-preview":"max-image-preview:large","max-video-preview":"max-video-preview:-1"},"canonical":"https:\/\/izglitiba.valmierasnovads.lv\/vss\/2026\/09\/03\/laimes-koku-stadisana-skolas-pagalma-ieaudzejam-nakotni-un-zalaku-ritdienu\/","og_locale":"lv_LV","og_type":"article","og_title":"Laimes koku st\u0101d\u012b\u0161ana skolas pagalm\u0101: Ieaudz\u0113jam n\u0101kotni un za\u013c\u0101ku r\u012btdienu! - Valmieras s\u0101kumskola","og_description":"Ar\u012b m\u016bsu skolas saime 2025. gada ruden\u012b akt\u012bvi piedal\u012bj\u0101s Pasaules talkas akcij\u0101 &#8220;Laimes koki&#8221;. Pas\u0101kuma m\u0113r\u0137is bija ne tikai padar\u012bt [&hellip;]","og_url":"https:\/\/izglitiba.valmierasnovads.lv\/vss\/2026\/09\/03\/laimes-koku-stadisana-skolas-pagalma-ieaudzejam-nakotni-un-zalaku-ritdienu\/","og_site_name":"Valmieras s\u0101kumskola","article_published_time":"2026-09-03T13:44:10+00:00","og_image":[{"width":1024,"height":719,"url":"https:\/\/izglitiba.valmierasnovads.lv\/vss\/wp-content\/uploads\/sites\/25\/2026\/09\/laimes-koki_VS-1024x719.png","type":"image\/png"}],"author":"signejanelsina","twitter_card":"summary_large_image","twitter_misc":{"Written by":"signejanelsina","Est. reading time":"1 min\u016bte"},"schema":{"@context":"https:\/\/schema.org","@graph":[{"@type":"Article","@id":"https:\/\/izglitiba.valmierasnovads.lv\/vss\/2026\/09\/03\/laimes-koku-stadisana-skolas-pagalma-ieaudzejam-nakotni-un-zalaku-ritdienu\/#article","isPartOf":{"@id":"https:\/\/izglitiba.valmierasnovads.lv\/vss\/2026\/09\/03\/laimes-koku-stadisana-skolas-pagalma-ieaudzejam-nakotni-un-zalaku-ritdienu\/"},"author":{"name":"signejanelsina","@id":"https:\/\/izglitiba.valmierasnovads.lv\/vss\/#\/schema\/person\/7db3ab1cd52a74912ec3af1b4a809e70"},"headline":"Laimes koku st\u0101d\u012b\u0161ana skolas pagalm\u0101: Ieaudz\u0113jam n\u0101kotni un za\u013c\u0101ku r\u012btdienu!","datePublished":"2026-09-03T13:44:10+00:00","mainEntityOfPage":{"@id":"https:\/\/izglitiba.valmierasnovads.lv\/vss\/2026\/09\/03\/laimes-koku-stadisana-skolas-pagalma-ieaudzejam-nakotni-un-zalaku-ritdienu\/"},"wordCount":204,"publisher":{"@id":"https:\/\/izglitiba.valmierasnovads.lv\/vss\/#organization"},"image":{"@id":"https:\/\/izglitiba.valmierasnovads.lv\/vss\/2026\/09\/03\/laimes-koku-stadisana-skolas-pagalma-ieaudzejam-nakotni-un-zalaku-ritdienu\/#primaryimage"},"thumbnailUrl":"https:\/\/izglitiba.valmierasnovads.lv\/vss\/wp-content\/uploads\/sites\/25\/2026\/09\/laimes-koki_VS.png","articleSection":["Eko skola","Projekti"],"inLanguage":"lv-LV"},{"@type":"WebPage","@id":"https:\/\/izglitiba.valmierasnovads.lv\/vss\/2026\/09\/03\/laimes-koku-stadisana-skolas-pagalma-ieaudzejam-nakotni-un-zalaku-ritdienu\/","url":"https:\/\/izglitiba.valmierasnovads.lv\/vss\/2026\/09\/03\/laimes-koku-stadisana-skolas-pagalma-ieaudzejam-nakotni-un-zalaku-ritdienu\/","name":"Laimes koku st\u0101d\u012b\u0161ana skolas pagalm\u0101: Ieaudz\u0113jam n\u0101kotni un za\u013c\u0101ku r\u012btdienu! - Valmieras s\u0101kumskola","isPartOf":{"@id":"https:\/\/izglitiba.valmierasnovads.lv\/vss\/#website"},"primaryImageOfPage":{"@id":"https:\/\/izglitiba.valmierasnovads.lv\/vss\/2026\/09\/03\/laimes-koku-stadisana-skolas-pagalma-ieaudzejam-nakotni-un-zalaku-ritdienu\/#primaryimage"},"image":{"@id":"https:\/\/izglitiba.valmierasnovads.lv\/vss\/2026\/09\/03\/laimes-koku-stadisana-skolas-pagalma-ieaudzejam-nakotni-un-zalaku-ritdienu\/#primaryimage"},"thumbnailUrl":"https:\/\/izglitiba.valmierasnovads.lv\/vss\/wp-content\/uploads\/sites\/25\/2026\/09\/laimes-koki_VS.png","datePublished":"2026-09-03T13:44:10+00:00","breadcrumb":{"@id":"https:\/\/izglitiba.valmierasnovads.lv\/vss\/2026\/09\/03\/laimes-koku-stadisana-skolas-pagalma-ieaudzejam-nakotni-un-zalaku-ritdienu\/#breadcrumb"},"inLanguage":"lv-LV","potentialAction":[{"@type":"ReadAction","target":["https:\/\/izglitiba.valmierasnovads.lv\/vss\/2026\/09\/03\/laimes-koku-stadisana-skolas-pagalma-ieaudzejam-nakotni-un-zalaku-ritdienu\/"]}]},{"@type":"ImageObject","inLanguage":"lv-LV","@id":"https:\/\/izglitiba.valmierasnovads.lv\/vss\/2026\/09\/03\/laimes-koku-stadisana-skolas-pagalma-ieaudzejam-nakotni-un-zalaku-ritdienu\/#primaryimage","url":"https:\/\/izglitiba.valmierasnovads.lv\/vss\/wp-content\/uploads\/sites\/25\/2026\/09\/laimes-koki_VS.png","contentUrl":"https:\/\/izglitiba.valmierasnovads.lv\/vss\/wp-content\/uploads\/sites\/25\/2026\/09\/laimes-koki_VS.png","width":1496,"height":1051,"caption":"Att\u0113l\u0101 redzami tum\u0161i roz\u0101 hortenziju ziedi. Vid\u016b uzraksts-Pasaules talkas akcija \"laimes koki\""},{"@type":"BreadcrumbList","@id":"https:\/\/izglitiba.valmierasnovads.lv\/vss\/2026\/09\/03\/laimes-koku-stadisana-skolas-pagalma-ieaudzejam-nakotni-un-zalaku-ritdienu\/#breadcrumb","itemListElement":[{"@type":"ListItem","position":1,"name":"Home","item":"https:\/\/izglitiba.valmierasnovads.lv\/vss\/"},{"@type":"ListItem","position":2,"name":"Laimes koku st\u0101d\u012b\u0161ana skolas pagalm\u0101: Ieaudz\u0113jam n\u0101kotni un za\u013c\u0101ku r\u012btdienu!"}]},{"@type":"WebSite","@id":"https:\/\/izglitiba.valmierasnovads.lv\/vss\/#website","url":"https:\/\/izglitiba.valmierasnovads.lv\/vss\/","name":"Valmieras s\u0101kumskola","description":"M\u0101c\u0101mies darot","publisher":{"@id":"https:\/\/izglitiba.valmierasnovads.lv\/vss\/#organization"},"potentialAction":[{"@type":"SearchAction","target":{"@type":"EntryPoint","urlTemplate":"https:\/\/izglitiba.valmierasnovads.lv\/vss\/?s={search_term_string}"},"query-input":{"@type":"PropertyValueSpecification","valueRequired":true,"valueName":"search_term_string"}}],"inLanguage":"lv-LV"},{"@type":"Organization","@id":"https:\/\/izglitiba.valmierasnovads.lv\/vss\/#organization","name":"Valmieras s\u0101kumskola","url":"https:\/\/izglitiba.valmierasnovads.lv\/vss\/","logo":{"@type":"ImageObject","inLanguage":"lv-LV","@id":"https:\/\/izglitiba.valmierasnovads.lv\/vss\/#\/schema\/logo\/image\/","url":"https:\/\/izglitiba.valmierasnovads.lv\/vss\/wp-content\/uploads\/sites\/25\/2026\/03\/cropped-Komplekta-ar-pasu-logo-scaled-1.png","contentUrl":"https:\/\/izglitiba.valmierasnovads.lv\/vss\/wp-content\/uploads\/sites\/25\/2026\/03\/cropped-Komplekta-ar-pasu-logo-scaled-1.png","width":1480,"height":405,"caption":"Valmieras s\u0101kumskola"},"image":{"@id":"https:\/\/izglitiba.valmierasnovads.lv\/vss\/#\/schema\/logo\/image\/"}},{"@type":"Person","@id":"https:\/\/izglitiba.valmierasnovads.lv\/vss\/#\/schema\/person\/7db3ab1cd52a74912ec3af1b4a809e70","name":"signejanelsina","image":{"@type":"ImageObject","inLanguage":"lv-LV","@id":"https:\/\/secure.gravatar.com\/avatar\/c7668b65160dc3cbb7fcdeb000e5a2618038ecc75cddb640e0ce8931593ba9e7?s=96&d=mm&r=g","url":"https:\/\/secure.gravatar.com\/avatar\/c7668b65160dc3cbb7fcdeb000e5a2618038ecc75cddb640e0ce8931593ba9e7?s=96&d=mm&r=g","contentUrl":"https:\/\/secure.gravatar.com\/avatar\/c7668b65160dc3cbb7fcdeb000e5a2618038ecc75cddb640e0ce8931593ba9e7?s=96&d=mm&r=g","caption":"signejanelsina"},"url":"https:\/\/izglitiba.valmierasnovads.lv\/vss\/author\/signejanelsina\/"}]}},"_links":{"self":[{"href":"https:\/\/izglitiba.valmierasnovads.lv\/vss\/wp-json\/wp\/v2\/posts\/1730","targetHints":{"allow":["GET"]}}],"collection":[{"href":"https:\/\/izglitiba.valmierasnovads.lv\/vss\/wp-json\/wp\/v2\/posts"}],"about":[{"href":"https:\/\/izglitiba.valmierasnovads.lv\/vss\/wp-json\/wp\/v2\/types\/post"}],"author":[{"embeddable":true,"href":"https:\/\/izglitiba.valmierasnovads.lv\/vss\/wp-json\/wp\/v2\/users\/27"}],"replies":[{"embeddable":true,"href":"https:\/\/izglitiba.valmierasnovads.lv\/vss\/wp-json\/wp\/v2\/comments?post=1730"}],"version-history":[{"count":1,"href":"https:\/\/izglitiba.valmierasnovads.lv\/vss\/wp-json\/wp\/v2\/posts\/1730\/revisions"}],"predecessor-version":[{"id":1733,"href":"https:\/\/izglitiba.valmierasnovads.lv\/vss\/wp-json\/wp\/v2\/posts\/1730\/revisions\/1733"}],"wp:featuredmedia":[{"embeddable":true,"href":"https:\/\/izglitiba.valmierasnovads.lv\/vss\/wp-json\/wp\/v2\/media\/1732"}],"wp:attachment":[{"href":"https:\/\/izglitiba.valmierasnovads.lv\/vss\/wp-json\/wp\/v2\/media?parent=1730"}],"wp:term":[{"taxonomy":"category","embeddable":true,"href":"https:\/\/izglitiba.valmierasnovads.lv\/vss\/wp-json\/wp\/v2\/categories?post=1730"},{"taxonomy":"post_tag","embeddable":true,"href":"https:\/\/izglitiba.valmierasnovads.lv\/vss\/wp-json\/wp\/v2\/tags?post=1730"}],"curies":[{"name":"wp","href":"https:\/\/api.w.org\/{rel}","templated":true}]}}